{"id":109439,"date":"2019-11-10T09:37:02","date_gmt":"2019-11-10T08:37:02","guid":{"rendered":"http:\/\/www.bellunopress.it\/?p=109439"},"modified":"2019-11-10T14:55:31","modified_gmt":"2019-11-10T13:55:31","slug":"la-scelta-di-danilo-pagliaro-20-anni-con-la-legione-straniera-successo-a-farra-dalpago-alla-serata-organizzata-dai-para-della-folgore","status":"publish","type":"post","link":"https:\/\/www.bellunopress.it\/fr\/2019\/11\/10\/la-scelta-di-danilo-pagliaro-20-anni-con-la-legione-straniera-successo-a-farra-dalpago-alla-serata-organizzata-dai-para-della-folgore\/","title":{"rendered":"La scelta di Danilo Pagliaro, 20 anni con la Legione Straniera. Successo a Farra d&#8217;Alpago alla serata organizzata dai Par\u00e0 della Folgore"},"content":{"rendered":"<p><a href=\"http:\/\/www.bellunopress.it\/fr\/2019\/11\/10\/la-scelta-di-danilo-pagliaro-20-anni-con-la-legione-straniera-successo-a-farra-dalpago-alla-serata-organizzata-dai-para-della-folgore\/danilo-pagliaro-2\/\" rel=\"attachment wp-att-109440\"><img loading=\"lazy\" decoding=\"async\" class=\"alignleft size-full wp-image-109440\" src=\"http:\/\/www.bellunopress.it\/wp-content\/uploads\/2019\/11\/Danilo-Pagliaro-2.jpg\" alt=\"\" width=\"300\" height=\"195\" \/><\/a>E&#8217; in servizio da oltre 20 anni con la Legione Straniera, il leggendario Corpo di \u00e9lite dell&#8217;Esercito francese che ha la sua sede a Aubagne. Danilo Pagliaro, classe 1957, veneziano di nascita, padre finanziere, madre insegnante, ha vissuto la sua giovinezza a Trieste dove ha fatto il servizio militare come radiotelescriventista per 18 mesi in Marina. In Polizia non l&#8217;hanno voluto perch\u00e9 secondo il medico che lo visit\u00f2 aveva le &#8220;vene varicose&#8221;. Cos\u00ec a 36 anni si arruola nella Legione Straniera, superando tutti gli esami e le prove fisiche di idoneit\u00e0 e gli viene dato il nome di Pedro Perrini.<\/p>\n<p>&#8220;Ho qualche cicatrice, qualche buco, ma posso assicurarvi che le mie vene non sono varicose nemmeno oggi, a 62 anni&#8221; dichiara il brigadier-chef Pagliaro (corrispondente al grado di caporalmaggiore), a un pubblico di un&#8217;ottantina di persone che sabato 9 novembre lo hanno applaudito nella palestra comunale di Farra d\u2019Alpago, nell&#8217;incontro moderato dal giornalista Nicola Maccagnan, organizzato dalla Sezione paracadutisti dell&#8217;Alpago con il patrocinio del Comune dell&#8217;Alpago. Durante la serata Pagliaro, autore di due libri autobiografici (\u201cMai avere paura\u201d e \u201cLa scelta, la mia vita nella Legione Straniera\u201d), ha pi\u00f9 volte messo in risalto il forte spirito di Corpo che lega i legionari, il senso di appartenenza e di uguaglianza. Che tu sia bianco, nero, giallo, cristiano o musulmano, poco importa &#8211; ha sottolineato Pagliaro &#8211; la &#8216;tariffa&#8217; ossia la regola, la punizione in caso di violazione al regolamento, \u00e8 uguale per tutti. A questo proposito Pagliaro racconta alcuni aneddoti bizzarri. Come le due settimane di punizione comminate a Kalinka, il labrador equiparato a un legionario, che si era sdraiato senza completare l&#8217;addestramento quotidiano. Stessa cosa a un mulo e a un pesce dell&#8217;acquario che si era mangiato gli altri coinquilini. \u201cNon c&#8217;\u00e8 discriminazione di razza umana o canina tra legionari &#8211; scherza Pagliaro -.<\/p>\n<p><a href=\"http:\/\/www.bellunopress.it\/fr\/2019\/11\/10\/la-scelta-di-danilo-pagliaro-20-anni-con-la-legione-straniera-successo-a-farra-dalpago-alla-serata-organizzata-dai-para-della-folgore\/danilo-pagliaro-1\/\" rel=\"attachment wp-att-109441\"><img loading=\"lazy\" decoding=\"async\" class=\"alignleft size-full wp-image-109441\" src=\"http:\/\/www.bellunopress.it\/wp-content\/uploads\/2019\/11\/Danilo-Pagliaro-1.jpg\" alt=\"\" width=\"230\" height=\"290\" \/><\/a>C&#8217;\u00e8 un altra curiosit\u00e0 che caratterizza e differenzia la Legione sul regolamento rispetto a quello dell&#8217;Esercito francese. Due clausole. \u201cE&#8217; vietato portare il muso. Fai un bel sorriso e vai! Anche perch\u00e9 ci sono 6 milioni di disoccupati in Francia &#8211; racconta Pagliaro &#8211; e noi siamo immigrati regolari con uno stipendio e una futura pensione e dunque non \u00e8 ammesso che un legionario porti il muso perch\u00e9 non gradisce un ordine! L&#8217;altra clausola del regolamento \u00e8 la punizione accessoria perch\u00e9 uno \u00e8 &#8216;troppo coglione&#8217;. Faccio un esempio. Una sera durante una missione all&#8217;estero, con due miei commilitoni siamo usciti dalla base senza autorizzazioni siamo andati nel centro pi\u00f9 vicino e ci siamo ubriacati. Al rientro uno dei tre non \u00e8 pi\u00f9 riuscito a scavalcare la recinzione, tanto era sbronzo ed \u00e8 entrato per la porta principale barcollando. Ebbene, oltre alla punizione di rito ha dovuto scontare una settimana in pi\u00f9, appunto per essere stato &#8216;troppo coglione&#8217;. Due clausole che ritengo bellissime\u201d.<\/p>\n<p>In Legione il Natale si passa insieme, indipendentemente dalla religione. La sera della vigilia il capitano chiama per nome i suoi uomini e consegna loro un regalo suo e un altro da parte del colonnello. Oggi, la mia famiglia \u00e8 ancora la Legione\u201d. Tutti i legionari parlano francese. Tutti devono essere in grado marciare per 80 km. La formula di giuramento del legionario infatti, prescrive: \u201cavrai la costante preoccupazione della tua forma fisica\u201d. Soldati, insomma, ai quali vengono richieste preparazione e capacit\u00e0 fisiche fuori del comune, ed \u00e8 questa la ragione per la quale le donne nemmeno oggi sono ammesse nella Legione Straniera. Non \u00e8 discriminazione, ma solo selezione, \u201cun legionario in assetto di guerra deve essere in grado di portare con s\u00e9 un carico medio che va dai 60 agli 80 chili, il 18enne come il 60enne, e nella Legione non vi sono reparti di servizi o sussistenza, tutti sono operativi con disponibilit\u00e0 24 ore su 24. \u201cDa noi non esiste politica o sindacato &#8211; precisa Pagliaro &#8211; l&#8217;ordine viene sempre eseguito\u201d.<\/p>\n<p>Nel raccontare episodi della sua vita militare, Pagliaro non scende mai nei dettagli di sangue, salvo dichiarare di aver visto scene terrificanti che nemmeno Dario Argento nei suoi horror avrebbe mai immaginato. \u201cQuando dovevamo entrare in un orfanotrofio a mettere in salvo i bimbi tenuti in ostaggio &#8211; racconta &#8211; abbiamo dovuto &#8216;pulire&#8217; tutto\u201d ossia eliminare senza esitazioni i terroristi. \u201cE vi assicuro che non ho mai avuto incubi per azioni come queste\u201d.<\/p>\n<p>Sui vari sentito dire che avvolge ancor oggi la Legione Pagliaro mette ordine. Non \u00e8 vero, almeno oggi, che un delinquente pu\u00f2 arruolarsi senza che gli sia chiesto nulla. A chi si presenta viene chiesto un passaporto per essere identificato, se ha commesso crimini di sangue, sesso o droga non pu\u00f2 diventare legionario. Sono tollerate pendenze di carattere amministrativo, tasse non pagate, alimenti all&#8217;ex coniuge ecc. Anche sul trattamento economico del legionario Pagliaro chiarisce ogni dubbio. \u201cNel mio caso, un brigadier-chef anziano percepisce uno stipendio di 1.670 euro mensili che diventano poco meno di 3.100 in zona di guerra. A 55 anni sei in pensione, ma il generale comandante pu\u00f2 chiedere al legionario di restare. Nel mio caso, essendo subacqueo con esperienza, specialit\u00e0 richiesta mi \u00e8 stato chiesto di restare, ma ogni anno devo superare le prove di idoneit\u00e0. In Legione non si \u00e8 mai in servizio permanente, chi non \u00e8 idoneo deve andarsene\u201d.<\/p>\n<p>Sollecitato dalle domande del moderatore, Pagliaro svela anche di aver conseguito due lauree negli atenei francesi, una in lettere e l&#8217;altra in lingue con un master in corso in storia medievale che concluder\u00e0 nella prossima primavera. Non basta. Pagliaro ha fondato anche una scuola di immersione in Francia dove organizza corsi per subacquei. Pagliaro ha molta stima di alcuni Corpi militari italiani, come i paracadutisti e gli alpini, a dimostrazione del suo legame indissolubile con la Patria. Infatti, quando a seguito di una ferita in combattimento rifiuta la cittadinanza francese, prevista per il \u201csangue versato\u201d, viene convocato dal ministro della difesa francese in persona dinanzi al quale si giustifica con le seguenti parole: \u201cIl culo l&#8217;ho dato alla Legione, ma il mio cuore ce l&#8217;ho in Italia\u201d. \u201cSe allora avessi accettato &#8211; conclude Pagliaro &#8211; avrei dovuto rinunciare alla cittadinanza italiana\u201d.<\/p>\n<p>Roberto De Nart<\/p>","protected":false},"excerpt":{"rendered":"<p>E&#8217; in servizio da oltre 20 anni con la Legione Straniera, il leggendario Corpo di \u00e9lite dell&#8217;Esercito francese che ha la sua sede a Aubagne. Danilo Pagliaro, classe 1957, veneziano di nascita, padre finanziere, madre insegnante, ha vissuto la sua giovinezza a Trieste dove ha fatto il servizio militare come radiotelescriventista per 18 mesi in [&hellip;]<\/p>\n","protected":false},"author":2,"featured_media":0,"comment_status":"closed","ping_status":"open","sticky":false,"template":"","format":"standard","meta":{"footnotes":""},"categories":[3,26],"tags":[3445,2374],"class_list":["post-109439","post","type-post","status-publish","format-standard","category-arte-cultura-spettacoli-scienza-archivi","category-prima-pagina","tag-danilo-pagliaro","tag-legione-straniera"],"yoast_head":"<!-- This site is optimized with the Yoast SEO plugin v28.4 - https:\/\/yoast.com\/product\/yoast-seo-wordpress\/ -->\n<title>La scelta di Danilo Pagliaro, 20 anni con la Legione Straniera. Successo a Farra d&#039;Alpago alla serata organizzata dai Par\u00e0 della Folgore - Bellunopress - Dolomiti<\/title>\n<meta name=\"robots\" content=\"index, follow, max-snippet:-1, max-image-preview:large, max-video-preview:-1\" \/>\n<link rel=\"canonical\" href=\"https:\/\/www.bellunopress.it\/fr\/2019\/11\/10\/la-scelta-di-danilo-pagliaro-20-anni-con-la-legione-straniera-successo-a-farra-dalpago-alla-serata-organizzata-dai-para-della-folgore\/\" \/>\n<meta property=\"og:locale\" content=\"fr_FR\" \/>\n<meta property=\"og:type\" content=\"article\" \/>\n<meta property=\"og:title\" content=\"La scelta di Danilo Pagliaro, 20 anni con la Legione Straniera. Successo a Farra d&#039;Alpago alla serata organizzata dai Par\u00e0 della Folgore - Bellunopress - Dolomiti\" \/>\n<meta property=\"og:description\" content=\"E&#8217; in servizio da oltre 20 anni con la Legione Straniera, il leggendario Corpo di \u00e9lite dell&#8217;Esercito francese che ha la sua sede a Aubagne. Danilo Pagliaro, classe 1957, veneziano di nascita, padre finanziere, madre insegnante, ha vissuto la sua giovinezza a Trieste dove ha fatto il servizio militare come radiotelescriventista per 18 mesi in [&hellip;]\" \/>\n<meta property=\"og:url\" content=\"https:\/\/www.bellunopress.it\/fr\/2019\/11\/10\/la-scelta-di-danilo-pagliaro-20-anni-con-la-legione-straniera-successo-a-farra-dalpago-alla-serata-organizzata-dai-para-della-folgore\/\" \/>\n<meta property=\"og:site_name\" content=\"Bellunopress - Dolomiti\" \/>\n<meta property=\"article:publisher\" content=\"https:\/\/www.facebook.com\/profile.php?id=100008943462799\" \/>\n<meta property=\"article:published_time\" content=\"2019-11-10T08:37:02+00:00\" \/>\n<meta property=\"article:modified_time\" content=\"2019-11-10T13:55:31+00:00\" \/>\n<meta property=\"og:image\" content=\"http:\/\/www.bellunopress.it\/wp-content\/uploads\/2019\/11\/Danilo-Pagliaro-2.jpg\" \/>\n<meta name=\"author\" content=\"redazione\" \/>\n<meta name=\"twitter:card\" content=\"summary_large_image\" \/>\n<meta name=\"twitter:creator\" content=\"@bellunopress\" \/>\n<meta name=\"twitter:site\" content=\"@bellunopress\" \/>\n<meta name=\"twitter:label1\" content=\"\u00c9crit par\" \/>\n\t<meta name=\"twitter:data1\" content=\"redazione\" \/>\n\t<meta name=\"twitter:label2\" content=\"Dur\u00e9e de lecture estim\u00e9e\" \/>\n\t<meta name=\"twitter:data2\" content=\"5 minutes\" \/>\n<script type=\"application\/ld+json\" class=\"yoast-schema-graph\">{\"@context\":\"https:\\\/\\\/schema.org\",\"@graph\":[{\"@type\":\"Article\",\"@id\":\"https:\\\/\\\/www.bellunopress.it\\\/2019\\\/11\\\/10\\\/la-scelta-di-danilo-pagliaro-20-anni-con-la-legione-straniera-successo-a-farra-dalpago-alla-serata-organizzata-dai-para-della-folgore\\\/#article\",\"isPartOf\":{\"@id\":\"https:\\\/\\\/www.bellunopress.it\\\/2019\\\/11\\\/10\\\/la-scelta-di-danilo-pagliaro-20-anni-con-la-legione-straniera-successo-a-farra-dalpago-alla-serata-organizzata-dai-para-della-folgore\\\/\"},\"author\":{\"name\":\"redazione\",\"@id\":\"https:\\\/\\\/www.bellunopress.it\\\/#\\\/schema\\\/person\\\/79bb06722b37ece1c03d3e94beb30d73\"},\"headline\":\"La scelta di Danilo Pagliaro, 20 anni con la Legione Straniera. Successo a Farra d&#8217;Alpago alla serata organizzata dai Par\u00e0 della Folgore\",\"datePublished\":\"2019-11-10T08:37:02+00:00\",\"dateModified\":\"2019-11-10T13:55:31+00:00\",\"mainEntityOfPage\":{\"@id\":\"https:\\\/\\\/www.bellunopress.it\\\/2019\\\/11\\\/10\\\/la-scelta-di-danilo-pagliaro-20-anni-con-la-legione-straniera-successo-a-farra-dalpago-alla-serata-organizzata-dai-para-della-folgore\\\/\"},\"wordCount\":1021,\"publisher\":{\"@id\":\"https:\\\/\\\/www.bellunopress.it\\\/#organization\"},\"image\":{\"@id\":\"https:\\\/\\\/www.bellunopress.it\\\/2019\\\/11\\\/10\\\/la-scelta-di-danilo-pagliaro-20-anni-con-la-legione-straniera-successo-a-farra-dalpago-alla-serata-organizzata-dai-para-della-folgore\\\/#primaryimage\"},\"thumbnailUrl\":\"http:\\\/\\\/www.bellunopress.it\\\/wp-content\\\/uploads\\\/2019\\\/11\\\/Danilo-Pagliaro-2.jpg\",\"keywords\":[\"Danilo Pagliaro\",\"Legione Straniera\"],\"articleSection\":[\"Arte, Cultura, Spettacoli, Scienza\",\"Prima Pagina\"],\"inLanguage\":\"fr-FR\"},{\"@type\":\"WebPage\",\"@id\":\"https:\\\/\\\/www.bellunopress.it\\\/2019\\\/11\\\/10\\\/la-scelta-di-danilo-pagliaro-20-anni-con-la-legione-straniera-successo-a-farra-dalpago-alla-serata-organizzata-dai-para-della-folgore\\\/\",\"url\":\"https:\\\/\\\/www.bellunopress.it\\\/2019\\\/11\\\/10\\\/la-scelta-di-danilo-pagliaro-20-anni-con-la-legione-straniera-successo-a-farra-dalpago-alla-serata-organizzata-dai-para-della-folgore\\\/\",\"name\":\"La scelta di Danilo Pagliaro, 20 anni con la Legione Straniera. Successo a Farra d'Alpago alla serata organizzata dai Par\u00e0 della Folgore - Bellunopress - Dolomiti\",\"isPartOf\":{\"@id\":\"https:\\\/\\\/www.bellunopress.it\\\/#website\"},\"primaryImageOfPage\":{\"@id\":\"https:\\\/\\\/www.bellunopress.it\\\/2019\\\/11\\\/10\\\/la-scelta-di-danilo-pagliaro-20-anni-con-la-legione-straniera-successo-a-farra-dalpago-alla-serata-organizzata-dai-para-della-folgore\\\/#primaryimage\"},\"image\":{\"@id\":\"https:\\\/\\\/www.bellunopress.it\\\/2019\\\/11\\\/10\\\/la-scelta-di-danilo-pagliaro-20-anni-con-la-legione-straniera-successo-a-farra-dalpago-alla-serata-organizzata-dai-para-della-folgore\\\/#primaryimage\"},\"thumbnailUrl\":\"http:\\\/\\\/www.bellunopress.it\\\/wp-content\\\/uploads\\\/2019\\\/11\\\/Danilo-Pagliaro-2.jpg\",\"datePublished\":\"2019-11-10T08:37:02+00:00\",\"dateModified\":\"2019-11-10T13:55:31+00:00\",\"breadcrumb\":{\"@id\":\"https:\\\/\\\/www.bellunopress.it\\\/2019\\\/11\\\/10\\\/la-scelta-di-danilo-pagliaro-20-anni-con-la-legione-straniera-successo-a-farra-dalpago-alla-serata-organizzata-dai-para-della-folgore\\\/#breadcrumb\"},\"inLanguage\":\"fr-FR\",\"potentialAction\":[{\"@type\":\"ReadAction\",\"target\":[\"https:\\\/\\\/www.bellunopress.it\\\/2019\\\/11\\\/10\\\/la-scelta-di-danilo-pagliaro-20-anni-con-la-legione-straniera-successo-a-farra-dalpago-alla-serata-organizzata-dai-para-della-folgore\\\/\"]}]},{\"@type\":\"ImageObject\",\"inLanguage\":\"fr-FR\",\"@id\":\"https:\\\/\\\/www.bellunopress.it\\\/2019\\\/11\\\/10\\\/la-scelta-di-danilo-pagliaro-20-anni-con-la-legione-straniera-successo-a-farra-dalpago-alla-serata-organizzata-dai-para-della-folgore\\\/#primaryimage\",\"url\":\"http:\\\/\\\/www.bellunopress.it\\\/wp-content\\\/uploads\\\/2019\\\/11\\\/Danilo-Pagliaro-2.jpg\",\"contentUrl\":\"http:\\\/\\\/www.bellunopress.it\\\/wp-content\\\/uploads\\\/2019\\\/11\\\/Danilo-Pagliaro-2.jpg\"},{\"@type\":\"BreadcrumbList\",\"@id\":\"https:\\\/\\\/www.bellunopress.it\\\/2019\\\/11\\\/10\\\/la-scelta-di-danilo-pagliaro-20-anni-con-la-legione-straniera-successo-a-farra-dalpago-alla-serata-organizzata-dai-para-della-folgore\\\/#breadcrumb\",\"itemListElement\":[{\"@type\":\"ListItem\",\"position\":1,\"name\":\"Home\",\"item\":\"https:\\\/\\\/www.bellunopress.it\\\/\"},{\"@type\":\"ListItem\",\"position\":2,\"name\":\"La scelta di Danilo Pagliaro, 20 anni con la Legione Straniera. Successo a Farra d&#8217;Alpago alla serata organizzata dai Par\u00e0 della Folgore\"}]},{\"@type\":\"WebSite\",\"@id\":\"https:\\\/\\\/www.bellunopress.it\\\/#website\",\"url\":\"https:\\\/\\\/www.bellunopress.it\\\/\",\"name\":\"Bellunopress - Dolomiti\",\"description\":\"e-mail: redazione@bellunopress.it\",\"publisher\":{\"@id\":\"https:\\\/\\\/www.bellunopress.it\\\/#organization\"},\"potentialAction\":[{\"@type\":\"SearchAction\",\"target\":{\"@type\":\"EntryPoint\",\"urlTemplate\":\"https:\\\/\\\/www.bellunopress.it\\\/?s={search_term_string}\"},\"query-input\":{\"@type\":\"PropertyValueSpecification\",\"valueRequired\":true,\"valueName\":\"search_term_string\"}}],\"inLanguage\":\"fr-FR\"},{\"@type\":\"Organization\",\"@id\":\"https:\\\/\\\/www.bellunopress.it\\\/#organization\",\"name\":\"Bellunopress\",\"url\":\"https:\\\/\\\/www.bellunopress.it\\\/\",\"logo\":{\"@type\":\"ImageObject\",\"inLanguage\":\"fr-FR\",\"@id\":\"https:\\\/\\\/www.bellunopress.it\\\/#\\\/schema\\\/logo\\\/image\\\/\",\"url\":\"https:\\\/\\\/www.bellunopress.it\\\/wp-content\\\/uploads\\\/2011\\\/05\\\/cropped-logo-bellunopress-.jpg\",\"contentUrl\":\"https:\\\/\\\/www.bellunopress.it\\\/wp-content\\\/uploads\\\/2011\\\/05\\\/cropped-logo-bellunopress-.jpg\",\"width\":512,\"height\":512,\"caption\":\"Bellunopress\"},\"image\":{\"@id\":\"https:\\\/\\\/www.bellunopress.it\\\/#\\\/schema\\\/logo\\\/image\\\/\"},\"sameAs\":[\"https:\\\/\\\/www.facebook.com\\\/profile.php?id=100008943462799\",\"https:\\\/\\\/x.com\\\/bellunopress\",\"https:\\\/\\\/www.linkedin.com\\\/hp\\\/?dnr=JBzUWaJfMUw8vbXJJ2tVW5-I3jZKvC4wsoxE&amp;amp;amp;amp;amp;amp;trk=nav_responsive_tab_home\",\"https:\\\/\\\/www.youtube.com\\\/channel\\\/UCxL0wu1uN0_3_7hGG0306cw\"]},{\"@type\":\"Person\",\"@id\":\"https:\\\/\\\/www.bellunopress.it\\\/#\\\/schema\\\/person\\\/79bb06722b37ece1c03d3e94beb30d73\",\"name\":\"redazione\",\"image\":{\"@type\":\"ImageObject\",\"inLanguage\":\"fr-FR\",\"@id\":\"https:\\\/\\\/secure.gravatar.com\\\/avatar\\\/37d968a2e67a6fd04c169c4bdef102d0bc5d31b2546345219e348575eb80e9a0?s=96&d=mm&r=g\",\"url\":\"https:\\\/\\\/secure.gravatar.com\\\/avatar\\\/37d968a2e67a6fd04c169c4bdef102d0bc5d31b2546345219e348575eb80e9a0?s=96&d=mm&r=g\",\"contentUrl\":\"https:\\\/\\\/secure.gravatar.com\\\/avatar\\\/37d968a2e67a6fd04c169c4bdef102d0bc5d31b2546345219e348575eb80e9a0?s=96&d=mm&r=g\",\"caption\":\"redazione\"},\"sameAs\":[\"http:\\\/\\\/www.bellunopress.it\",\"https:\\\/\\\/x.com\\\/bellunopress\"],\"url\":\"https:\\\/\\\/www.bellunopress.it\\\/fr\\\/author\\\/redazione\\\/\"}]}<\/script>\n<!-- \/ Yoast SEO plugin. -->","yoast_head_json":{"title":"La scelta di Danilo Pagliaro, 20 anni con la Legione Straniera. Successo a Farra d'Alpago alla serata organizzata dai Par\u00e0 della Folgore - Bellunopress - Dolomiti","robots":{"index":"index","follow":"follow","max-snippet":"max-snippet:-1","max-image-preview":"max-image-preview:large","max-video-preview":"max-video-preview:-1"},"canonical":"https:\/\/www.bellunopress.it\/fr\/2019\/11\/10\/la-scelta-di-danilo-pagliaro-20-anni-con-la-legione-straniera-successo-a-farra-dalpago-alla-serata-organizzata-dai-para-della-folgore\/","og_locale":"fr_FR","og_type":"article","og_title":"La scelta di Danilo Pagliaro, 20 anni con la Legione Straniera. Successo a Farra d'Alpago alla serata organizzata dai Par\u00e0 della Folgore - Bellunopress - Dolomiti","og_description":"E&#8217; in servizio da oltre 20 anni con la Legione Straniera, il leggendario Corpo di \u00e9lite dell&#8217;Esercito francese che ha la sua sede a Aubagne. Danilo Pagliaro, classe 1957, veneziano di nascita, padre finanziere, madre insegnante, ha vissuto la sua giovinezza a Trieste dove ha fatto il servizio militare come radiotelescriventista per 18 mesi in [&hellip;]","og_url":"https:\/\/www.bellunopress.it\/fr\/2019\/11\/10\/la-scelta-di-danilo-pagliaro-20-anni-con-la-legione-straniera-successo-a-farra-dalpago-alla-serata-organizzata-dai-para-della-folgore\/","og_site_name":"Bellunopress - Dolomiti","article_publisher":"https:\/\/www.facebook.com\/profile.php?id=100008943462799","article_published_time":"2019-11-10T08:37:02+00:00","article_modified_time":"2019-11-10T13:55:31+00:00","og_image":[{"url":"http:\/\/www.bellunopress.it\/wp-content\/uploads\/2019\/11\/Danilo-Pagliaro-2.jpg","type":"","width":"","height":""}],"author":"redazione","twitter_card":"summary_large_image","twitter_creator":"@bellunopress","twitter_site":"@bellunopress","twitter_misc":{"\u00c9crit par":"redazione","Dur\u00e9e de lecture estim\u00e9e":"5 minutes"},"schema":{"@context":"https:\/\/schema.org","@graph":[{"@type":"Article","@id":"https:\/\/www.bellunopress.it\/2019\/11\/10\/la-scelta-di-danilo-pagliaro-20-anni-con-la-legione-straniera-successo-a-farra-dalpago-alla-serata-organizzata-dai-para-della-folgore\/#article","isPartOf":{"@id":"https:\/\/www.bellunopress.it\/2019\/11\/10\/la-scelta-di-danilo-pagliaro-20-anni-con-la-legione-straniera-successo-a-farra-dalpago-alla-serata-organizzata-dai-para-della-folgore\/"},"author":{"name":"redazione","@id":"https:\/\/www.bellunopress.it\/#\/schema\/person\/79bb06722b37ece1c03d3e94beb30d73"},"headline":"La scelta di Danilo Pagliaro, 20 anni con la Legione Straniera. Successo a Farra d&#8217;Alpago alla serata organizzata dai Par\u00e0 della Folgore","datePublished":"2019-11-10T08:37:02+00:00","dateModified":"2019-11-10T13:55:31+00:00","mainEntityOfPage":{"@id":"https:\/\/www.bellunopress.it\/2019\/11\/10\/la-scelta-di-danilo-pagliaro-20-anni-con-la-legione-straniera-successo-a-farra-dalpago-alla-serata-organizzata-dai-para-della-folgore\/"},"wordCount":1021,"publisher":{"@id":"https:\/\/www.bellunopress.it\/#organization"},"image":{"@id":"https:\/\/www.bellunopress.it\/2019\/11\/10\/la-scelta-di-danilo-pagliaro-20-anni-con-la-legione-straniera-successo-a-farra-dalpago-alla-serata-organizzata-dai-para-della-folgore\/#primaryimage"},"thumbnailUrl":"http:\/\/www.bellunopress.it\/wp-content\/uploads\/2019\/11\/Danilo-Pagliaro-2.jpg","keywords":["Danilo Pagliaro","Legione Straniera"],"articleSection":["Arte, Cultura, Spettacoli, Scienza","Prima Pagina"],"inLanguage":"fr-FR"},{"@type":"WebPage","@id":"https:\/\/www.bellunopress.it\/2019\/11\/10\/la-scelta-di-danilo-pagliaro-20-anni-con-la-legione-straniera-successo-a-farra-dalpago-alla-serata-organizzata-dai-para-della-folgore\/","url":"https:\/\/www.bellunopress.it\/2019\/11\/10\/la-scelta-di-danilo-pagliaro-20-anni-con-la-legione-straniera-successo-a-farra-dalpago-alla-serata-organizzata-dai-para-della-folgore\/","name":"La scelta di Danilo Pagliaro, 20 anni con la Legione Straniera. Successo a Farra d'Alpago alla serata organizzata dai Par\u00e0 della Folgore - Bellunopress - Dolomiti","isPartOf":{"@id":"https:\/\/www.bellunopress.it\/#website"},"primaryImageOfPage":{"@id":"https:\/\/www.bellunopress.it\/2019\/11\/10\/la-scelta-di-danilo-pagliaro-20-anni-con-la-legione-straniera-successo-a-farra-dalpago-alla-serata-organizzata-dai-para-della-folgore\/#primaryimage"},"image":{"@id":"https:\/\/www.bellunopress.it\/2019\/11\/10\/la-scelta-di-danilo-pagliaro-20-anni-con-la-legione-straniera-successo-a-farra-dalpago-alla-serata-organizzata-dai-para-della-folgore\/#primaryimage"},"thumbnailUrl":"http:\/\/www.bellunopress.it\/wp-content\/uploads\/2019\/11\/Danilo-Pagliaro-2.jpg","datePublished":"2019-11-10T08:37:02+00:00","dateModified":"2019-11-10T13:55:31+00:00","breadcrumb":{"@id":"https:\/\/www.bellunopress.it\/2019\/11\/10\/la-scelta-di-danilo-pagliaro-20-anni-con-la-legione-straniera-successo-a-farra-dalpago-alla-serata-organizzata-dai-para-della-folgore\/#breadcrumb"},"inLanguage":"fr-FR","potentialAction":[{"@type":"ReadAction","target":["https:\/\/www.bellunopress.it\/2019\/11\/10\/la-scelta-di-danilo-pagliaro-20-anni-con-la-legione-straniera-successo-a-farra-dalpago-alla-serata-organizzata-dai-para-della-folgore\/"]}]},{"@type":"ImageObject","inLanguage":"fr-FR","@id":"https:\/\/www.bellunopress.it\/2019\/11\/10\/la-scelta-di-danilo-pagliaro-20-anni-con-la-legione-straniera-successo-a-farra-dalpago-alla-serata-organizzata-dai-para-della-folgore\/#primaryimage","url":"http:\/\/www.bellunopress.it\/wp-content\/uploads\/2019\/11\/Danilo-Pagliaro-2.jpg","contentUrl":"http:\/\/www.bellunopress.it\/wp-content\/uploads\/2019\/11\/Danilo-Pagliaro-2.jpg"},{"@type":"BreadcrumbList","@id":"https:\/\/www.bellunopress.it\/2019\/11\/10\/la-scelta-di-danilo-pagliaro-20-anni-con-la-legione-straniera-successo-a-farra-dalpago-alla-serata-organizzata-dai-para-della-folgore\/#breadcrumb","itemListElement":[{"@type":"ListItem","position":1,"name":"Home","item":"https:\/\/www.bellunopress.it\/"},{"@type":"ListItem","position":2,"name":"La scelta di Danilo Pagliaro, 20 anni con la Legione Straniera. Successo a Farra d&#8217;Alpago alla serata organizzata dai Par\u00e0 della Folgore"}]},{"@type":"WebSite","@id":"https:\/\/www.bellunopress.it\/#website","url":"https:\/\/www.bellunopress.it\/","name":"Bellunopress - Dolomiti","description":"e-mail: redazione@bellunopress.it","publisher":{"@id":"https:\/\/www.bellunopress.it\/#organization"},"potentialAction":[{"@type":"SearchAction","target":{"@type":"EntryPoint","urlTemplate":"https:\/\/www.bellunopress.it\/?s={search_term_string}"},"query-input":{"@type":"PropertyValueSpecification","valueRequired":true,"valueName":"search_term_string"}}],"inLanguage":"fr-FR"},{"@type":"Organization","@id":"https:\/\/www.bellunopress.it\/#organization","name":"Bellunopress","url":"https:\/\/www.bellunopress.it\/","logo":{"@type":"ImageObject","inLanguage":"fr-FR","@id":"https:\/\/www.bellunopress.it\/#\/schema\/logo\/image\/","url":"https:\/\/www.bellunopress.it\/wp-content\/uploads\/2011\/05\/cropped-logo-bellunopress-.jpg","contentUrl":"https:\/\/www.bellunopress.it\/wp-content\/uploads\/2011\/05\/cropped-logo-bellunopress-.jpg","width":512,"height":512,"caption":"Bellunopress"},"image":{"@id":"https:\/\/www.bellunopress.it\/#\/schema\/logo\/image\/"},"sameAs":["https:\/\/www.facebook.com\/profile.php?id=100008943462799","https:\/\/x.com\/bellunopress","https:\/\/www.linkedin.com\/hp\/?dnr=JBzUWaJfMUw8vbXJJ2tVW5-I3jZKvC4wsoxE&amp;amp;amp;amp;amp;amp;trk=nav_responsive_tab_home","https:\/\/www.youtube.com\/channel\/UCxL0wu1uN0_3_7hGG0306cw"]},{"@type":"Person","@id":"https:\/\/www.bellunopress.it\/#\/schema\/person\/79bb06722b37ece1c03d3e94beb30d73","name":"r\u00e9daction","image":{"@type":"ImageObject","inLanguage":"fr-FR","@id":"https:\/\/secure.gravatar.com\/avatar\/37d968a2e67a6fd04c169c4bdef102d0bc5d31b2546345219e348575eb80e9a0?s=96&d=mm&r=g","url":"https:\/\/secure.gravatar.com\/avatar\/37d968a2e67a6fd04c169c4bdef102d0bc5d31b2546345219e348575eb80e9a0?s=96&d=mm&r=g","contentUrl":"https:\/\/secure.gravatar.com\/avatar\/37d968a2e67a6fd04c169c4bdef102d0bc5d31b2546345219e348575eb80e9a0?s=96&d=mm&r=g","caption":"redazione"},"sameAs":["http:\/\/www.bellunopress.it","https:\/\/x.com\/bellunopress"],"url":"https:\/\/www.bellunopress.it\/fr\/author\/redazione\/"}]}},"_links":{"self":[{"href":"https:\/\/www.bellunopress.it\/fr\/wp-json\/wp\/v2\/posts\/109439","targetHints":{"allow":["GET"]}}],"collection":[{"href":"https:\/\/www.bellunopress.it\/fr\/wp-json\/wp\/v2\/posts"}],"about":[{"href":"https:\/\/www.bellunopress.it\/fr\/wp-json\/wp\/v2\/types\/post"}],"author":[{"embeddable":true,"href":"https:\/\/www.bellunopress.it\/fr\/wp-json\/wp\/v2\/users\/2"}],"replies":[{"embeddable":true,"href":"https:\/\/www.bellunopress.it\/fr\/wp-json\/wp\/v2\/comments?post=109439"}],"version-history":[{"count":3,"href":"https:\/\/www.bellunopress.it\/fr\/wp-json\/wp\/v2\/posts\/109439\/revisions"}],"predecessor-version":[{"id":109444,"href":"https:\/\/www.bellunopress.it\/fr\/wp-json\/wp\/v2\/posts\/109439\/revisions\/109444"}],"wp:attachment":[{"href":"https:\/\/www.bellunopress.it\/fr\/wp-json\/wp\/v2\/media?parent=109439"}],"wp:term":[{"taxonomy":"category","embeddable":true,"href":"https:\/\/www.bellunopress.it\/fr\/wp-json\/wp\/v2\/categories?post=109439"},{"taxonomy":"post_tag","embeddable":true,"href":"https:\/\/www.bellunopress.it\/fr\/wp-json\/wp\/v2\/tags?post=109439"}],"curies":[{"name":"wp","href":"https:\/\/api.w.org\/{rel}","templated":true}]}}