{"id":109417,"date":"2019-11-08T14:30:06","date_gmt":"2019-11-08T13:30:06","guid":{"rendered":"http:\/\/www.bellunopress.it\/?p=109417"},"modified":"2019-11-08T14:30:06","modified_gmt":"2019-11-08T13:30:06","slug":"emissioni-fonderia-hydro-di-feltre-convocato-il-20-novembre-il-tavolo-tecnico-in-provincia","status":"publish","type":"post","link":"https:\/\/www.bellunopress.it\/fr\/2019\/11\/08\/emissioni-fonderia-hydro-di-feltre-convocato-il-20-novembre-il-tavolo-tecnico-in-provincia\/","title":{"rendered":"Emissioni fonderia Hydro di Feltre. Convocato il 20 novembre il Tavolo tecnico in Provincia"},"content":{"rendered":"<figure id=\"attachment_1866\" aria-describedby=\"caption-attachment-1866\" style=\"width: 270px\" class=\"wp-caption alignleft\"><a href=\"http:\/\/www.bellunopress.it\/fr\/2011\/01\/11\/palazzo-piloni-vota-a-favore-del-passaggio-della-provincia-di-belluno-nel-trentino-alto-adige-bottacin-%c2%abnon-confondete-i-cittadini-sara-un-iter-molto-lungo-e-difficile%c2%bb\/palazzo-piloni-sede-provincia\/\" rel=\"attachment wp-att-1866\"><img loading=\"lazy\" decoding=\"async\" class=\"size-full wp-image-1866\" src=\"http:\/\/www.bellunopress.it\/wp-content\/uploads\/2009\/03\/palazzo-piloni-sede-provincia.jpg\" alt=\"\" width=\"270\" height=\"180\" \/><\/a><figcaption id=\"caption-attachment-1866\" class=\"wp-caption-text\">Palazzo Piloni sede della Provincia<\/figcaption><\/figure>\n<p>\u00c8 convocato per mercoled\u00ec 20 novembre, alle 11 in Sala Piloni della Provincia, il tavolo tecnico di confronto con la societ\u00e0 Hydro Extrusion Italy srl di Feltre.<\/p>\n<p>Lo strumento era stato richiesto per valutare le possibili alternative alla prescrizione relativa al<br \/>\ncampionamento \u201cin continuo\u201d delle emissioni in atmosfera; e servir\u00e0 per analizzare tutte le considerazioni tecniche utili a individuare il sistema di campionamento e monitoraggio delle emissioni pi\u00f9 idoneo e applicabile alla fonderia feltrina.<br \/>\nAlla prima riunione del tavolo sono stati convocati i rappresentanti dell\u2019azienda, il Comune di Feltre, l\u2019Arpav (di Belluno, oltre alla direzione regionale del Veneto), l\u2019Ulss 1 Dolomiti e Ispra (Istituto Superiore per la Protezione e Ricerca Ambientale), che rappresenta il massimo istituto pubblico in tema di ricerca e protezione ambientale.<br \/>\nLa riunione servir\u00e0 a delineare una roadmap dettagliata, in modo da consentire al tavolo tecnico di predisporre tutte le considerazioni atte a individuare il sistema di monitoraggio delle emissioni di<br \/>\nmaggior garanzia.<br \/>\nInfatti, nell\u2019iter autorizzativo del progetto di efficientamento del comparto fusorio dello stabilimento Hydro di Feltre, \u00e8 emersa la richiesta di aggiungere ulteriori prescrizioni per la compatibilit\u00e0 ambientale del progetto; nel dettaglio, \u00e8 stata richiesta l\u2019installazione di un sistema di campionamento \u201cin continuo\u201d delle emissioni per diossine e benzo(a)pirene. Proprio questa prescrizione \u00e8 stata impugnata dalla societ\u00e0 Hydro nell\u2019aprile 2019. L\u2019obiettivo del tavolo tecnico, adesso, \u00e8 quello di approfondire se il monitoraggio prescritto \u00e8 il pi\u00f9 idoneo a garantire il controllo delle emissioni.<br \/>\nLe ulteriori riunioni del tavolo tecnico saranno calendarizzate dopo l\u2019incontro del 20 novembre.<\/p>","protected":false},"excerpt":{"rendered":"<p>\u00c8 convocato per mercoled\u00ec 20 novembre, alle 11 in Sala Piloni della Provincia, il tavolo tecnico di confronto con la societ\u00e0 Hydro Extrusion Italy srl di Feltre. Lo strumento era stato richiesto per valutare le possibili alternative alla prescrizione relativa al campionamento \u201cin continuo\u201d delle emissioni in atmosfera; e servir\u00e0 per analizzare tutte le considerazioni [&hellip;]<\/p>\n","protected":false},"author":2,"featured_media":0,"comment_status":"closed","ping_status":"open","sticky":false,"template":"","format":"standard","meta":{"footnotes":""},"categories":[5,36,26],"tags":[],"class_list":["post-109417","post","type-post","status-publish","format-standard","category-cronaca","category-lavoro-economia","category-prima-pagina"],"yoast_head":"<!-- This site is optimized with the Yoast SEO plugin v28.4 - https:\/\/yoast.com\/product\/yoast-seo-wordpress\/ -->\n<title>Emissioni fonderia Hydro di Feltre. Convocato il 20 novembre il Tavolo tecnico in Provincia - Bellunopress - Dolomiti<\/title>\n<meta name=\"robots\" content=\"index, follow, max-snippet:-1, max-image-preview:large, max-video-preview:-1\" \/>\n<link rel=\"canonical\" href=\"https:\/\/www.bellunopress.it\/fr\/2019\/11\/08\/emissioni-fonderia-hydro-di-feltre-convocato-il-20-novembre-il-tavolo-tecnico-in-provincia\/\" \/>\n<meta property=\"og:locale\" content=\"fr_FR\" \/>\n<meta property=\"og:type\" content=\"article\" \/>\n<meta property=\"og:title\" content=\"Emissioni fonderia Hydro di Feltre. Convocato il 20 novembre il Tavolo tecnico in Provincia - Bellunopress - Dolomiti\" \/>\n<meta property=\"og:description\" content=\"\u00c8 convocato per mercoled\u00ec 20 novembre, alle 11 in Sala Piloni della Provincia, il tavolo tecnico di confronto con la societ\u00e0 Hydro Extrusion Italy srl di Feltre. Lo strumento era stato richiesto per valutare le possibili alternative alla prescrizione relativa al campionamento \u201cin continuo\u201d delle emissioni in atmosfera; e servir\u00e0 per analizzare tutte le considerazioni [&hellip;]\" \/>\n<meta property=\"og:url\" content=\"https:\/\/www.bellunopress.it\/fr\/2019\/11\/08\/emissioni-fonderia-hydro-di-feltre-convocato-il-20-novembre-il-tavolo-tecnico-in-provincia\/\" \/>\n<meta property=\"og:site_name\" content=\"Bellunopress - Dolomiti\" \/>\n<meta property=\"article:publisher\" content=\"https:\/\/www.facebook.com\/profile.php?id=100008943462799\" \/>\n<meta property=\"article:published_time\" content=\"2019-11-08T13:30:06+00:00\" \/>\n<meta property=\"og:image\" content=\"http:\/\/www.bellunopress.it\/wp-content\/uploads\/2009\/03\/palazzo-piloni-sede-provincia.jpg\" \/>\n<meta name=\"author\" content=\"redazione\" \/>\n<meta name=\"twitter:card\" content=\"summary_large_image\" \/>\n<meta name=\"twitter:creator\" content=\"@bellunopress\" \/>\n<meta name=\"twitter:site\" content=\"@bellunopress\" \/>\n<meta name=\"twitter:label1\" content=\"\u00c9crit par\" \/>\n\t<meta name=\"twitter:data1\" content=\"redazione\" \/>\n\t<meta name=\"twitter:label2\" content=\"Dur\u00e9e de lecture estim\u00e9e\" \/>\n\t<meta name=\"twitter:data2\" content=\"1 minute\" \/>\n<script type=\"application\/ld+json\" class=\"yoast-schema-graph\">{\"@context\":\"https:\\\/\\\/schema.org\",\"@graph\":[{\"@type\":\"Article\",\"@id\":\"https:\\\/\\\/www.bellunopress.it\\\/2019\\\/11\\\/08\\\/emissioni-fonderia-hydro-di-feltre-convocato-il-20-novembre-il-tavolo-tecnico-in-provincia\\\/#article\",\"isPartOf\":{\"@id\":\"https:\\\/\\\/www.bellunopress.it\\\/2019\\\/11\\\/08\\\/emissioni-fonderia-hydro-di-feltre-convocato-il-20-novembre-il-tavolo-tecnico-in-provincia\\\/\"},\"author\":{\"name\":\"redazione\",\"@id\":\"https:\\\/\\\/www.bellunopress.it\\\/#\\\/schema\\\/person\\\/79bb06722b37ece1c03d3e94beb30d73\"},\"headline\":\"Emissioni fonderia Hydro di Feltre. Convocato il 20 novembre il Tavolo tecnico in Provincia\",\"datePublished\":\"2019-11-08T13:30:06+00:00\",\"mainEntityOfPage\":{\"@id\":\"https:\\\/\\\/www.bellunopress.it\\\/2019\\\/11\\\/08\\\/emissioni-fonderia-hydro-di-feltre-convocato-il-20-novembre-il-tavolo-tecnico-in-provincia\\\/\"},\"wordCount\":275,\"publisher\":{\"@id\":\"https:\\\/\\\/www.bellunopress.it\\\/#organization\"},\"image\":{\"@id\":\"https:\\\/\\\/www.bellunopress.it\\\/2019\\\/11\\\/08\\\/emissioni-fonderia-hydro-di-feltre-convocato-il-20-novembre-il-tavolo-tecnico-in-provincia\\\/#primaryimage\"},\"thumbnailUrl\":\"http:\\\/\\\/www.bellunopress.it\\\/wp-content\\\/uploads\\\/2009\\\/03\\\/palazzo-piloni-sede-provincia.jpg\",\"articleSection\":[\"Cronaca\\\/Politica\",\"Lavoro, Economia, Turismo\",\"Prima Pagina\"],\"inLanguage\":\"fr-FR\"},{\"@type\":\"WebPage\",\"@id\":\"https:\\\/\\\/www.bellunopress.it\\\/2019\\\/11\\\/08\\\/emissioni-fonderia-hydro-di-feltre-convocato-il-20-novembre-il-tavolo-tecnico-in-provincia\\\/\",\"url\":\"https:\\\/\\\/www.bellunopress.it\\\/2019\\\/11\\\/08\\\/emissioni-fonderia-hydro-di-feltre-convocato-il-20-novembre-il-tavolo-tecnico-in-provincia\\\/\",\"name\":\"Emissioni fonderia Hydro di Feltre. Convocato il 20 novembre il Tavolo tecnico in Provincia - Bellunopress - Dolomiti\",\"isPartOf\":{\"@id\":\"https:\\\/\\\/www.bellunopress.it\\\/#website\"},\"primaryImageOfPage\":{\"@id\":\"https:\\\/\\\/www.bellunopress.it\\\/2019\\\/11\\\/08\\\/emissioni-fonderia-hydro-di-feltre-convocato-il-20-novembre-il-tavolo-tecnico-in-provincia\\\/#primaryimage\"},\"image\":{\"@id\":\"https:\\\/\\\/www.bellunopress.it\\\/2019\\\/11\\\/08\\\/emissioni-fonderia-hydro-di-feltre-convocato-il-20-novembre-il-tavolo-tecnico-in-provincia\\\/#primaryimage\"},\"thumbnailUrl\":\"http:\\\/\\\/www.bellunopress.it\\\/wp-content\\\/uploads\\\/2009\\\/03\\\/palazzo-piloni-sede-provincia.jpg\",\"datePublished\":\"2019-11-08T13:30:06+00:00\",\"breadcrumb\":{\"@id\":\"https:\\\/\\\/www.bellunopress.it\\\/2019\\\/11\\\/08\\\/emissioni-fonderia-hydro-di-feltre-convocato-il-20-novembre-il-tavolo-tecnico-in-provincia\\\/#breadcrumb\"},\"inLanguage\":\"fr-FR\",\"potentialAction\":[{\"@type\":\"ReadAction\",\"target\":[\"https:\\\/\\\/www.bellunopress.it\\\/2019\\\/11\\\/08\\\/emissioni-fonderia-hydro-di-feltre-convocato-il-20-novembre-il-tavolo-tecnico-in-provincia\\\/\"]}]},{\"@type\":\"ImageObject\",\"inLanguage\":\"fr-FR\",\"@id\":\"https:\\\/\\\/www.bellunopress.it\\\/2019\\\/11\\\/08\\\/emissioni-fonderia-hydro-di-feltre-convocato-il-20-novembre-il-tavolo-tecnico-in-provincia\\\/#primaryimage\",\"url\":\"http:\\\/\\\/www.bellunopress.it\\\/wp-content\\\/uploads\\\/2009\\\/03\\\/palazzo-piloni-sede-provincia.jpg\",\"contentUrl\":\"http:\\\/\\\/www.bellunopress.it\\\/wp-content\\\/uploads\\\/2009\\\/03\\\/palazzo-piloni-sede-provincia.jpg\"},{\"@type\":\"BreadcrumbList\",\"@id\":\"https:\\\/\\\/www.bellunopress.it\\\/2019\\\/11\\\/08\\\/emissioni-fonderia-hydro-di-feltre-convocato-il-20-novembre-il-tavolo-tecnico-in-provincia\\\/#breadcrumb\",\"itemListElement\":[{\"@type\":\"ListItem\",\"position\":1,\"name\":\"Home\",\"item\":\"https:\\\/\\\/www.bellunopress.it\\\/\"},{\"@type\":\"ListItem\",\"position\":2,\"name\":\"Emissioni fonderia Hydro di Feltre. Convocato il 20 novembre il Tavolo tecnico in Provincia\"}]},{\"@type\":\"WebSite\",\"@id\":\"https:\\\/\\\/www.bellunopress.it\\\/#website\",\"url\":\"https:\\\/\\\/www.bellunopress.it\\\/\",\"name\":\"Bellunopress - Dolomiti\",\"description\":\"e-mail: redazione@bellunopress.it\",\"publisher\":{\"@id\":\"https:\\\/\\\/www.bellunopress.it\\\/#organization\"},\"potentialAction\":[{\"@type\":\"SearchAction\",\"target\":{\"@type\":\"EntryPoint\",\"urlTemplate\":\"https:\\\/\\\/www.bellunopress.it\\\/?s={search_term_string}\"},\"query-input\":{\"@type\":\"PropertyValueSpecification\",\"valueRequired\":true,\"valueName\":\"search_term_string\"}}],\"inLanguage\":\"fr-FR\"},{\"@type\":\"Organization\",\"@id\":\"https:\\\/\\\/www.bellunopress.it\\\/#organization\",\"name\":\"Bellunopress\",\"url\":\"https:\\\/\\\/www.bellunopress.it\\\/\",\"logo\":{\"@type\":\"ImageObject\",\"inLanguage\":\"fr-FR\",\"@id\":\"https:\\\/\\\/www.bellunopress.it\\\/#\\\/schema\\\/logo\\\/image\\\/\",\"url\":\"https:\\\/\\\/www.bellunopress.it\\\/wp-content\\\/uploads\\\/2011\\\/05\\\/cropped-logo-bellunopress-.jpg\",\"contentUrl\":\"https:\\\/\\\/www.bellunopress.it\\\/wp-content\\\/uploads\\\/2011\\\/05\\\/cropped-logo-bellunopress-.jpg\",\"width\":512,\"height\":512,\"caption\":\"Bellunopress\"},\"image\":{\"@id\":\"https:\\\/\\\/www.bellunopress.it\\\/#\\\/schema\\\/logo\\\/image\\\/\"},\"sameAs\":[\"https:\\\/\\\/www.facebook.com\\\/profile.php?id=100008943462799\",\"https:\\\/\\\/x.com\\\/bellunopress\",\"https:\\\/\\\/www.linkedin.com\\\/hp\\\/?dnr=JBzUWaJfMUw8vbXJJ2tVW5-I3jZKvC4wsoxE&amp;amp;amp;amp;amp;amp;trk=nav_responsive_tab_home\",\"https:\\\/\\\/www.youtube.com\\\/channel\\\/UCxL0wu1uN0_3_7hGG0306cw\"]},{\"@type\":\"Person\",\"@id\":\"https:\\\/\\\/www.bellunopress.it\\\/#\\\/schema\\\/person\\\/79bb06722b37ece1c03d3e94beb30d73\",\"name\":\"redazione\",\"image\":{\"@type\":\"ImageObject\",\"inLanguage\":\"fr-FR\",\"@id\":\"https:\\\/\\\/secure.gravatar.com\\\/avatar\\\/37d968a2e67a6fd04c169c4bdef102d0bc5d31b2546345219e348575eb80e9a0?s=96&d=mm&r=g\",\"url\":\"https:\\\/\\\/secure.gravatar.com\\\/avatar\\\/37d968a2e67a6fd04c169c4bdef102d0bc5d31b2546345219e348575eb80e9a0?s=96&d=mm&r=g\",\"contentUrl\":\"https:\\\/\\\/secure.gravatar.com\\\/avatar\\\/37d968a2e67a6fd04c169c4bdef102d0bc5d31b2546345219e348575eb80e9a0?s=96&d=mm&r=g\",\"caption\":\"redazione\"},\"sameAs\":[\"http:\\\/\\\/www.bellunopress.it\",\"https:\\\/\\\/x.com\\\/bellunopress\"],\"url\":\"https:\\\/\\\/www.bellunopress.it\\\/fr\\\/author\\\/redazione\\\/\"}]}<\/script>\n<!-- \/ Yoast SEO plugin. -->","yoast_head_json":{"title":"Emissioni fonderia Hydro di Feltre. Convocato il 20 novembre il Tavolo tecnico in Provincia - Bellunopress - Dolomiti","robots":{"index":"index","follow":"follow","max-snippet":"max-snippet:-1","max-image-preview":"max-image-preview:large","max-video-preview":"max-video-preview:-1"},"canonical":"https:\/\/www.bellunopress.it\/fr\/2019\/11\/08\/emissioni-fonderia-hydro-di-feltre-convocato-il-20-novembre-il-tavolo-tecnico-in-provincia\/","og_locale":"fr_FR","og_type":"article","og_title":"Emissioni fonderia Hydro di Feltre. Convocato il 20 novembre il Tavolo tecnico in Provincia - Bellunopress - Dolomiti","og_description":"\u00c8 convocato per mercoled\u00ec 20 novembre, alle 11 in Sala Piloni della Provincia, il tavolo tecnico di confronto con la societ\u00e0 Hydro Extrusion Italy srl di Feltre. Lo strumento era stato richiesto per valutare le possibili alternative alla prescrizione relativa al campionamento \u201cin continuo\u201d delle emissioni in atmosfera; e servir\u00e0 per analizzare tutte le considerazioni [&hellip;]","og_url":"https:\/\/www.bellunopress.it\/fr\/2019\/11\/08\/emissioni-fonderia-hydro-di-feltre-convocato-il-20-novembre-il-tavolo-tecnico-in-provincia\/","og_site_name":"Bellunopress - Dolomiti","article_publisher":"https:\/\/www.facebook.com\/profile.php?id=100008943462799","article_published_time":"2019-11-08T13:30:06+00:00","og_image":[{"url":"http:\/\/www.bellunopress.it\/wp-content\/uploads\/2009\/03\/palazzo-piloni-sede-provincia.jpg","type":"","width":"","height":""}],"author":"redazione","twitter_card":"summary_large_image","twitter_creator":"@bellunopress","twitter_site":"@bellunopress","twitter_misc":{"\u00c9crit par":"redazione","Dur\u00e9e de lecture estim\u00e9e":"1 minute"},"schema":{"@context":"https:\/\/schema.org","@graph":[{"@type":"Article","@id":"https:\/\/www.bellunopress.it\/2019\/11\/08\/emissioni-fonderia-hydro-di-feltre-convocato-il-20-novembre-il-tavolo-tecnico-in-provincia\/#article","isPartOf":{"@id":"https:\/\/www.bellunopress.it\/2019\/11\/08\/emissioni-fonderia-hydro-di-feltre-convocato-il-20-novembre-il-tavolo-tecnico-in-provincia\/"},"author":{"name":"redazione","@id":"https:\/\/www.bellunopress.it\/#\/schema\/person\/79bb06722b37ece1c03d3e94beb30d73"},"headline":"Emissioni fonderia Hydro di Feltre. Convocato il 20 novembre il Tavolo tecnico in Provincia","datePublished":"2019-11-08T13:30:06+00:00","mainEntityOfPage":{"@id":"https:\/\/www.bellunopress.it\/2019\/11\/08\/emissioni-fonderia-hydro-di-feltre-convocato-il-20-novembre-il-tavolo-tecnico-in-provincia\/"},"wordCount":275,"publisher":{"@id":"https:\/\/www.bellunopress.it\/#organization"},"image":{"@id":"https:\/\/www.bellunopress.it\/2019\/11\/08\/emissioni-fonderia-hydro-di-feltre-convocato-il-20-novembre-il-tavolo-tecnico-in-provincia\/#primaryimage"},"thumbnailUrl":"http:\/\/www.bellunopress.it\/wp-content\/uploads\/2009\/03\/palazzo-piloni-sede-provincia.jpg","articleSection":["Cronaca\/Politica","Lavoro, Economia, Turismo","Prima Pagina"],"inLanguage":"fr-FR"},{"@type":"WebPage","@id":"https:\/\/www.bellunopress.it\/2019\/11\/08\/emissioni-fonderia-hydro-di-feltre-convocato-il-20-novembre-il-tavolo-tecnico-in-provincia\/","url":"https:\/\/www.bellunopress.it\/2019\/11\/08\/emissioni-fonderia-hydro-di-feltre-convocato-il-20-novembre-il-tavolo-tecnico-in-provincia\/","name":"Emissioni fonderia Hydro di Feltre. Convocato il 20 novembre il Tavolo tecnico in Provincia - Bellunopress - Dolomiti","isPartOf":{"@id":"https:\/\/www.bellunopress.it\/#website"},"primaryImageOfPage":{"@id":"https:\/\/www.bellunopress.it\/2019\/11\/08\/emissioni-fonderia-hydro-di-feltre-convocato-il-20-novembre-il-tavolo-tecnico-in-provincia\/#primaryimage"},"image":{"@id":"https:\/\/www.bellunopress.it\/2019\/11\/08\/emissioni-fonderia-hydro-di-feltre-convocato-il-20-novembre-il-tavolo-tecnico-in-provincia\/#primaryimage"},"thumbnailUrl":"http:\/\/www.bellunopress.it\/wp-content\/uploads\/2009\/03\/palazzo-piloni-sede-provincia.jpg","datePublished":"2019-11-08T13:30:06+00:00","breadcrumb":{"@id":"https:\/\/www.bellunopress.it\/2019\/11\/08\/emissioni-fonderia-hydro-di-feltre-convocato-il-20-novembre-il-tavolo-tecnico-in-provincia\/#breadcrumb"},"inLanguage":"fr-FR","potentialAction":[{"@type":"ReadAction","target":["https:\/\/www.bellunopress.it\/2019\/11\/08\/emissioni-fonderia-hydro-di-feltre-convocato-il-20-novembre-il-tavolo-tecnico-in-provincia\/"]}]},{"@type":"ImageObject","inLanguage":"fr-FR","@id":"https:\/\/www.bellunopress.it\/2019\/11\/08\/emissioni-fonderia-hydro-di-feltre-convocato-il-20-novembre-il-tavolo-tecnico-in-provincia\/#primaryimage","url":"http:\/\/www.bellunopress.it\/wp-content\/uploads\/2009\/03\/palazzo-piloni-sede-provincia.jpg","contentUrl":"http:\/\/www.bellunopress.it\/wp-content\/uploads\/2009\/03\/palazzo-piloni-sede-provincia.jpg"},{"@type":"BreadcrumbList","@id":"https:\/\/www.bellunopress.it\/2019\/11\/08\/emissioni-fonderia-hydro-di-feltre-convocato-il-20-novembre-il-tavolo-tecnico-in-provincia\/#breadcrumb","itemListElement":[{"@type":"ListItem","position":1,"name":"Home","item":"https:\/\/www.bellunopress.it\/"},{"@type":"ListItem","position":2,"name":"Emissioni fonderia Hydro di Feltre. Convocato il 20 novembre il Tavolo tecnico in Provincia"}]},{"@type":"WebSite","@id":"https:\/\/www.bellunopress.it\/#website","url":"https:\/\/www.bellunopress.it\/","name":"Bellunopress - Dolomiti","description":"e-mail: redazione@bellunopress.it","publisher":{"@id":"https:\/\/www.bellunopress.it\/#organization"},"potentialAction":[{"@type":"SearchAction","target":{"@type":"EntryPoint","urlTemplate":"https:\/\/www.bellunopress.it\/?s={search_term_string}"},"query-input":{"@type":"PropertyValueSpecification","valueRequired":true,"valueName":"search_term_string"}}],"inLanguage":"fr-FR"},{"@type":"Organization","@id":"https:\/\/www.bellunopress.it\/#organization","name":"Bellunopress","url":"https:\/\/www.bellunopress.it\/","logo":{"@type":"ImageObject","inLanguage":"fr-FR","@id":"https:\/\/www.bellunopress.it\/#\/schema\/logo\/image\/","url":"https:\/\/www.bellunopress.it\/wp-content\/uploads\/2011\/05\/cropped-logo-bellunopress-.jpg","contentUrl":"https:\/\/www.bellunopress.it\/wp-content\/uploads\/2011\/05\/cropped-logo-bellunopress-.jpg","width":512,"height":512,"caption":"Bellunopress"},"image":{"@id":"https:\/\/www.bellunopress.it\/#\/schema\/logo\/image\/"},"sameAs":["https:\/\/www.facebook.com\/profile.php?id=100008943462799","https:\/\/x.com\/bellunopress","https:\/\/www.linkedin.com\/hp\/?dnr=JBzUWaJfMUw8vbXJJ2tVW5-I3jZKvC4wsoxE&amp;amp;amp;amp;amp;amp;trk=nav_responsive_tab_home","https:\/\/www.youtube.com\/channel\/UCxL0wu1uN0_3_7hGG0306cw"]},{"@type":"Person","@id":"https:\/\/www.bellunopress.it\/#\/schema\/person\/79bb06722b37ece1c03d3e94beb30d73","name":"r\u00e9daction","image":{"@type":"ImageObject","inLanguage":"fr-FR","@id":"https:\/\/secure.gravatar.com\/avatar\/37d968a2e67a6fd04c169c4bdef102d0bc5d31b2546345219e348575eb80e9a0?s=96&d=mm&r=g","url":"https:\/\/secure.gravatar.com\/avatar\/37d968a2e67a6fd04c169c4bdef102d0bc5d31b2546345219e348575eb80e9a0?s=96&d=mm&r=g","contentUrl":"https:\/\/secure.gravatar.com\/avatar\/37d968a2e67a6fd04c169c4bdef102d0bc5d31b2546345219e348575eb80e9a0?s=96&d=mm&r=g","caption":"redazione"},"sameAs":["http:\/\/www.bellunopress.it","https:\/\/x.com\/bellunopress"],"url":"https:\/\/www.bellunopress.it\/fr\/author\/redazione\/"}]}},"_links":{"self":[{"href":"https:\/\/www.bellunopress.it\/fr\/wp-json\/wp\/v2\/posts\/109417","targetHints":{"allow":["GET"]}}],"collection":[{"href":"https:\/\/www.bellunopress.it\/fr\/wp-json\/wp\/v2\/posts"}],"about":[{"href":"https:\/\/www.bellunopress.it\/fr\/wp-json\/wp\/v2\/types\/post"}],"author":[{"embeddable":true,"href":"https:\/\/www.bellunopress.it\/fr\/wp-json\/wp\/v2\/users\/2"}],"replies":[{"embeddable":true,"href":"https:\/\/www.bellunopress.it\/fr\/wp-json\/wp\/v2\/comments?post=109417"}],"version-history":[{"count":1,"href":"https:\/\/www.bellunopress.it\/fr\/wp-json\/wp\/v2\/posts\/109417\/revisions"}],"predecessor-version":[{"id":109418,"href":"https:\/\/www.bellunopress.it\/fr\/wp-json\/wp\/v2\/posts\/109417\/revisions\/109418"}],"wp:attachment":[{"href":"https:\/\/www.bellunopress.it\/fr\/wp-json\/wp\/v2\/media?parent=109417"}],"wp:term":[{"taxonomy":"category","embeddable":true,"href":"https:\/\/www.bellunopress.it\/fr\/wp-json\/wp\/v2\/categories?post=109417"},{"taxonomy":"post_tag","embeddable":true,"href":"https:\/\/www.bellunopress.it\/fr\/wp-json\/wp\/v2\/tags?post=109417"}],"curies":[{"name":"wp","href":"https:\/\/api.w.org\/{rel}","templated":true}]}}