{"id":109415,"date":"2019-11-08T14:18:36","date_gmt":"2019-11-08T13:18:36","guid":{"rendered":"http:\/\/www.bellunopress.it\/?p=109415"},"modified":"2019-11-08T14:18:36","modified_gmt":"2019-11-08T13:18:36","slug":"reddito-di-cittadinanza-de-carlo-legge-fatta-da-chi-non-ha-mai-amministrato-ai-comuni-serve-gente-che-spali-neve-non-progetti-innovativi","status":"publish","type":"post","link":"https:\/\/www.bellunopress.it\/fr\/2019\/11\/08\/reddito-di-cittadinanza-de-carlo-legge-fatta-da-chi-non-ha-mai-amministrato-ai-comuni-serve-gente-che-spali-neve-non-progetti-innovativi\/","title":{"rendered":"Reddito di cittadinanza. De Carlo: \u201cLegge fatta da chi non ha mai amministrato. Ai comuni serve gente che spali neve, non progetti innovativi\u201d"},"content":{"rendered":"<p><a href=\"http:\/\/www.bellunopress.it\/fr\/2019\/10\/10\/sabato-laperitivo-agordino-con-lonorevole-luca-de-carlo\/luca-de-carlo-4\/\" rel=\"attachment wp-att-108654\"><img loading=\"lazy\" decoding=\"async\" class=\"alignleft size-full wp-image-108654\" src=\"http:\/\/www.bellunopress.it\/wp-content\/uploads\/2019\/10\/Luca-De-Carlo.jpg\" alt=\"\" width=\"239\" height=\"303\" \/><\/a>\u201cPer poter occupare in lavori per la comunit\u00e0 i percettori del reddito di cittadinanza, i comuni non possono impegnare queste persone nelle attivit\u00e0 pi\u00f9 urgenti, ma devono realizzare progetti specifici. \u00c8 chiaro che chi ha promosso questa misura non ha mai amministrato in vita sua\u201d!<\/p>\n<p>La denuncia arriva dal deputato di Fratelli d&#8217;Italia e sindaco di Calalzo di Cadore, Luca De Carlo.<\/p>\n<p>\u201cSiamo a novembre, l&#8217;inverno e la neve sono ormai alle porte: ai nostri comuni sarebbero pi\u00f9 che utili delle braccia in pi\u00f9 per spalare strade e marciapiedi, gettare il sale, fare lavori di manutenzione; se pensiamo che, dati di due mesi fa, i percettori del reddito erano 722 in provincia di Belluno e 4.036 in quella di Treviso, quindi 10mila ore di lavoro a settimana per il Bellunese e oltre 65mila nel Trevigiano, facendoli lavorare per i comuni avremmo risolto una buona parte dei problemi\u201d, spiega De Carlo.<\/p>\n<p>\u201cInvece, per loro siamo costretti a creare progetti innovativi ad hoc: le emergenze dei territori sono la cura e le manutenzioni, non i voli pindarici ai quali questo governo vuole costringere tutti i comuni, pure quelli pi\u00f9 piccoli, dove anche il sindaco scende in strada a tagliare l&#8217;erba, come a Calalzo, o a guidare lo scuolabus, come a Danta di Cadore\u201d.<\/p>\n<p>\u201cIn passato, a Calalzo abbiamo occupato diversi operai impiegati in lavori socialmente utili: uno di questi ha poi superato anche un concorso pubblico, ottenendo il posto di lavoro. Quello \u00e8 un sistema vincente, che funziona, che crea lavoro ed \u00e8 utile al territorio; il reddito di cittadinanza paga la gente per non lavorare, a causa delle inefficienze burocratiche e delle storture della norma\u201d<\/p>\n<p>\u201c\u00c8 evidente\u201d conclude De Carlo \u201cche questa misura, fortemente voluta e imposta dal Movimento 5 Stelle, \u00e8 stata realizzata da chi non ha mai amministrato. Non mi stupisce quindi che non abbiano sindaci a rappresentarli: quelli che hanno, vedi Roma, non sono all&#8217;altezza della gestione di una citt\u00e0, mentre quelli che ce l&#8217;hanno fatta dopo poco hanno abbandonato il movimento, transumando verso altre realt\u00e0\u201d.<\/p>","protected":false},"excerpt":{"rendered":"<p>\u201cPer poter occupare in lavori per la comunit\u00e0 i percettori del reddito di cittadinanza, i comuni non possono impegnare queste persone nelle attivit\u00e0 pi\u00f9 urgenti, ma devono realizzare progetti specifici. \u00c8 chiaro che chi ha promosso questa misura non ha mai amministrato in vita sua\u201d! La denuncia arriva dal deputato di Fratelli d&#8217;Italia e sindaco [&hellip;]<\/p>\n","protected":false},"author":2,"featured_media":0,"comment_status":"closed","ping_status":"open","sticky":false,"template":"","format":"standard","meta":{"footnotes":""},"categories":[5,26],"tags":[],"class_list":["post-109415","post","type-post","status-publish","format-standard","category-cronaca","category-prima-pagina"],"yoast_head":"<!-- This site is optimized with the Yoast SEO plugin v28.4 - https:\/\/yoast.com\/product\/yoast-seo-wordpress\/ -->\n<title>Reddito di cittadinanza. De Carlo: \u201cLegge fatta da chi non ha mai amministrato. Ai comuni serve gente che spali neve, non progetti innovativi\u201d - Bellunopress - Dolomiti<\/title>\n<meta name=\"robots\" content=\"index, follow, max-snippet:-1, max-image-preview:large, max-video-preview:-1\" \/>\n<link rel=\"canonical\" href=\"https:\/\/www.bellunopress.it\/fr\/2019\/11\/08\/reddito-di-cittadinanza-de-carlo-legge-fatta-da-chi-non-ha-mai-amministrato-ai-comuni-serve-gente-che-spali-neve-non-progetti-innovativi\/\" \/>\n<meta property=\"og:locale\" content=\"fr_FR\" \/>\n<meta property=\"og:type\" content=\"article\" \/>\n<meta property=\"og:title\" content=\"Reddito di cittadinanza. De Carlo: \u201cLegge fatta da chi non ha mai amministrato. Ai comuni serve gente che spali neve, non progetti innovativi\u201d - Bellunopress - Dolomiti\" \/>\n<meta property=\"og:description\" content=\"\u201cPer poter occupare in lavori per la comunit\u00e0 i percettori del reddito di cittadinanza, i comuni non possono impegnare queste persone nelle attivit\u00e0 pi\u00f9 urgenti, ma devono realizzare progetti specifici. \u00c8 chiaro che chi ha promosso questa misura non ha mai amministrato in vita sua\u201d! La denuncia arriva dal deputato di Fratelli d&#8217;Italia e sindaco [&hellip;]\" \/>\n<meta property=\"og:url\" content=\"https:\/\/www.bellunopress.it\/fr\/2019\/11\/08\/reddito-di-cittadinanza-de-carlo-legge-fatta-da-chi-non-ha-mai-amministrato-ai-comuni-serve-gente-che-spali-neve-non-progetti-innovativi\/\" \/>\n<meta property=\"og:site_name\" content=\"Bellunopress - Dolomiti\" \/>\n<meta property=\"article:publisher\" content=\"https:\/\/www.facebook.com\/profile.php?id=100008943462799\" \/>\n<meta property=\"article:published_time\" content=\"2019-11-08T13:18:36+00:00\" \/>\n<meta property=\"og:image\" content=\"http:\/\/www.bellunopress.it\/wp-content\/uploads\/2019\/10\/Luca-De-Carlo.jpg\" \/>\n<meta name=\"author\" content=\"redazione\" \/>\n<meta name=\"twitter:card\" content=\"summary_large_image\" \/>\n<meta name=\"twitter:creator\" content=\"@bellunopress\" \/>\n<meta name=\"twitter:site\" content=\"@bellunopress\" \/>\n<meta name=\"twitter:label1\" content=\"Written by\" \/>\n\t<meta name=\"twitter:data1\" content=\"redazione\" \/>\n\t<meta name=\"twitter:label2\" content=\"Est. reading time\" \/>\n\t<meta name=\"twitter:data2\" content=\"2 minutes\" \/>\n<script type=\"application\/ld+json\" class=\"yoast-schema-graph\">{\"@context\":\"https:\\\/\\\/schema.org\",\"@graph\":[{\"@type\":\"Article\",\"@id\":\"https:\\\/\\\/www.bellunopress.it\\\/2019\\\/11\\\/08\\\/reddito-di-cittadinanza-de-carlo-legge-fatta-da-chi-non-ha-mai-amministrato-ai-comuni-serve-gente-che-spali-neve-non-progetti-innovativi\\\/#article\",\"isPartOf\":{\"@id\":\"https:\\\/\\\/www.bellunopress.it\\\/2019\\\/11\\\/08\\\/reddito-di-cittadinanza-de-carlo-legge-fatta-da-chi-non-ha-mai-amministrato-ai-comuni-serve-gente-che-spali-neve-non-progetti-innovativi\\\/\"},\"author\":{\"name\":\"redazione\",\"@id\":\"https:\\\/\\\/www.bellunopress.it\\\/#\\\/schema\\\/person\\\/79bb06722b37ece1c03d3e94beb30d73\"},\"headline\":\"Reddito di cittadinanza. De Carlo: \u201cLegge fatta da chi non ha mai amministrato. Ai comuni serve gente che spali neve, non progetti innovativi\u201d\",\"datePublished\":\"2019-11-08T13:18:36+00:00\",\"mainEntityOfPage\":{\"@id\":\"https:\\\/\\\/www.bellunopress.it\\\/2019\\\/11\\\/08\\\/reddito-di-cittadinanza-de-carlo-legge-fatta-da-chi-non-ha-mai-amministrato-ai-comuni-serve-gente-che-spali-neve-non-progetti-innovativi\\\/\"},\"wordCount\":358,\"publisher\":{\"@id\":\"https:\\\/\\\/www.bellunopress.it\\\/#organization\"},\"image\":{\"@id\":\"https:\\\/\\\/www.bellunopress.it\\\/2019\\\/11\\\/08\\\/reddito-di-cittadinanza-de-carlo-legge-fatta-da-chi-non-ha-mai-amministrato-ai-comuni-serve-gente-che-spali-neve-non-progetti-innovativi\\\/#primaryimage\"},\"thumbnailUrl\":\"http:\\\/\\\/www.bellunopress.it\\\/wp-content\\\/uploads\\\/2019\\\/10\\\/Luca-De-Carlo.jpg\",\"articleSection\":[\"Cronaca\\\/Politica\",\"Prima Pagina\"],\"inLanguage\":\"fr-FR\"},{\"@type\":\"WebPage\",\"@id\":\"https:\\\/\\\/www.bellunopress.it\\\/2019\\\/11\\\/08\\\/reddito-di-cittadinanza-de-carlo-legge-fatta-da-chi-non-ha-mai-amministrato-ai-comuni-serve-gente-che-spali-neve-non-progetti-innovativi\\\/\",\"url\":\"https:\\\/\\\/www.bellunopress.it\\\/2019\\\/11\\\/08\\\/reddito-di-cittadinanza-de-carlo-legge-fatta-da-chi-non-ha-mai-amministrato-ai-comuni-serve-gente-che-spali-neve-non-progetti-innovativi\\\/\",\"name\":\"Reddito di cittadinanza. De Carlo: \u201cLegge fatta da chi non ha mai amministrato. Ai comuni serve gente che spali neve, non progetti innovativi\u201d - Bellunopress - Dolomiti\",\"isPartOf\":{\"@id\":\"https:\\\/\\\/www.bellunopress.it\\\/#website\"},\"primaryImageOfPage\":{\"@id\":\"https:\\\/\\\/www.bellunopress.it\\\/2019\\\/11\\\/08\\\/reddito-di-cittadinanza-de-carlo-legge-fatta-da-chi-non-ha-mai-amministrato-ai-comuni-serve-gente-che-spali-neve-non-progetti-innovativi\\\/#primaryimage\"},\"image\":{\"@id\":\"https:\\\/\\\/www.bellunopress.it\\\/2019\\\/11\\\/08\\\/reddito-di-cittadinanza-de-carlo-legge-fatta-da-chi-non-ha-mai-amministrato-ai-comuni-serve-gente-che-spali-neve-non-progetti-innovativi\\\/#primaryimage\"},\"thumbnailUrl\":\"http:\\\/\\\/www.bellunopress.it\\\/wp-content\\\/uploads\\\/2019\\\/10\\\/Luca-De-Carlo.jpg\",\"datePublished\":\"2019-11-08T13:18:36+00:00\",\"breadcrumb\":{\"@id\":\"https:\\\/\\\/www.bellunopress.it\\\/2019\\\/11\\\/08\\\/reddito-di-cittadinanza-de-carlo-legge-fatta-da-chi-non-ha-mai-amministrato-ai-comuni-serve-gente-che-spali-neve-non-progetti-innovativi\\\/#breadcrumb\"},\"inLanguage\":\"fr-FR\",\"potentialAction\":[{\"@type\":\"ReadAction\",\"target\":[\"https:\\\/\\\/www.bellunopress.it\\\/2019\\\/11\\\/08\\\/reddito-di-cittadinanza-de-carlo-legge-fatta-da-chi-non-ha-mai-amministrato-ai-comuni-serve-gente-che-spali-neve-non-progetti-innovativi\\\/\"]}]},{\"@type\":\"ImageObject\",\"inLanguage\":\"fr-FR\",\"@id\":\"https:\\\/\\\/www.bellunopress.it\\\/2019\\\/11\\\/08\\\/reddito-di-cittadinanza-de-carlo-legge-fatta-da-chi-non-ha-mai-amministrato-ai-comuni-serve-gente-che-spali-neve-non-progetti-innovativi\\\/#primaryimage\",\"url\":\"http:\\\/\\\/www.bellunopress.it\\\/wp-content\\\/uploads\\\/2019\\\/10\\\/Luca-De-Carlo.jpg\",\"contentUrl\":\"http:\\\/\\\/www.bellunopress.it\\\/wp-content\\\/uploads\\\/2019\\\/10\\\/Luca-De-Carlo.jpg\"},{\"@type\":\"BreadcrumbList\",\"@id\":\"https:\\\/\\\/www.bellunopress.it\\\/2019\\\/11\\\/08\\\/reddito-di-cittadinanza-de-carlo-legge-fatta-da-chi-non-ha-mai-amministrato-ai-comuni-serve-gente-che-spali-neve-non-progetti-innovativi\\\/#breadcrumb\",\"itemListElement\":[{\"@type\":\"ListItem\",\"position\":1,\"name\":\"Home\",\"item\":\"https:\\\/\\\/www.bellunopress.it\\\/\"},{\"@type\":\"ListItem\",\"position\":2,\"name\":\"Reddito di cittadinanza. De Carlo: \u201cLegge fatta da chi non ha mai amministrato. Ai comuni serve gente che spali neve, non progetti innovativi\u201d\"}]},{\"@type\":\"WebSite\",\"@id\":\"https:\\\/\\\/www.bellunopress.it\\\/#website\",\"url\":\"https:\\\/\\\/www.bellunopress.it\\\/\",\"name\":\"Bellunopress - Dolomiti\",\"description\":\"e-mail: redazione@bellunopress.it\",\"publisher\":{\"@id\":\"https:\\\/\\\/www.bellunopress.it\\\/#organization\"},\"potentialAction\":[{\"@type\":\"SearchAction\",\"target\":{\"@type\":\"EntryPoint\",\"urlTemplate\":\"https:\\\/\\\/www.bellunopress.it\\\/?s={search_term_string}\"},\"query-input\":{\"@type\":\"PropertyValueSpecification\",\"valueRequired\":true,\"valueName\":\"search_term_string\"}}],\"inLanguage\":\"fr-FR\"},{\"@type\":\"Organization\",\"@id\":\"https:\\\/\\\/www.bellunopress.it\\\/#organization\",\"name\":\"Bellunopress\",\"url\":\"https:\\\/\\\/www.bellunopress.it\\\/\",\"logo\":{\"@type\":\"ImageObject\",\"inLanguage\":\"fr-FR\",\"@id\":\"https:\\\/\\\/www.bellunopress.it\\\/#\\\/schema\\\/logo\\\/image\\\/\",\"url\":\"https:\\\/\\\/www.bellunopress.it\\\/wp-content\\\/uploads\\\/2011\\\/05\\\/cropped-logo-bellunopress-.jpg\",\"contentUrl\":\"https:\\\/\\\/www.bellunopress.it\\\/wp-content\\\/uploads\\\/2011\\\/05\\\/cropped-logo-bellunopress-.jpg\",\"width\":512,\"height\":512,\"caption\":\"Bellunopress\"},\"image\":{\"@id\":\"https:\\\/\\\/www.bellunopress.it\\\/#\\\/schema\\\/logo\\\/image\\\/\"},\"sameAs\":[\"https:\\\/\\\/www.facebook.com\\\/profile.php?id=100008943462799\",\"https:\\\/\\\/x.com\\\/bellunopress\",\"https:\\\/\\\/www.linkedin.com\\\/hp\\\/?dnr=JBzUWaJfMUw8vbXJJ2tVW5-I3jZKvC4wsoxE&amp;amp;amp;amp;amp;amp;trk=nav_responsive_tab_home\",\"https:\\\/\\\/www.youtube.com\\\/channel\\\/UCxL0wu1uN0_3_7hGG0306cw\"]},{\"@type\":\"Person\",\"@id\":\"https:\\\/\\\/www.bellunopress.it\\\/#\\\/schema\\\/person\\\/79bb06722b37ece1c03d3e94beb30d73\",\"name\":\"redazione\",\"image\":{\"@type\":\"ImageObject\",\"inLanguage\":\"fr-FR\",\"@id\":\"https:\\\/\\\/secure.gravatar.com\\\/avatar\\\/37d968a2e67a6fd04c169c4bdef102d0bc5d31b2546345219e348575eb80e9a0?s=96&d=mm&r=g\",\"url\":\"https:\\\/\\\/secure.gravatar.com\\\/avatar\\\/37d968a2e67a6fd04c169c4bdef102d0bc5d31b2546345219e348575eb80e9a0?s=96&d=mm&r=g\",\"contentUrl\":\"https:\\\/\\\/secure.gravatar.com\\\/avatar\\\/37d968a2e67a6fd04c169c4bdef102d0bc5d31b2546345219e348575eb80e9a0?s=96&d=mm&r=g\",\"caption\":\"redazione\"},\"sameAs\":[\"http:\\\/\\\/www.bellunopress.it\",\"https:\\\/\\\/x.com\\\/bellunopress\"],\"url\":\"https:\\\/\\\/www.bellunopress.it\\\/fr\\\/author\\\/redazione\\\/\"}]}<\/script>\n<!-- \/ Yoast SEO plugin. -->","yoast_head_json":{"title":"Reddito di cittadinanza. De Carlo: \u201cLegge fatta da chi non ha mai amministrato. Ai comuni serve gente che spali neve, non progetti innovativi\u201d - Bellunopress - Dolomiti","robots":{"index":"index","follow":"follow","max-snippet":"max-snippet:-1","max-image-preview":"max-image-preview:large","max-video-preview":"max-video-preview:-1"},"canonical":"https:\/\/www.bellunopress.it\/fr\/2019\/11\/08\/reddito-di-cittadinanza-de-carlo-legge-fatta-da-chi-non-ha-mai-amministrato-ai-comuni-serve-gente-che-spali-neve-non-progetti-innovativi\/","og_locale":"fr_FR","og_type":"article","og_title":"Reddito di cittadinanza. De Carlo: \u201cLegge fatta da chi non ha mai amministrato. Ai comuni serve gente che spali neve, non progetti innovativi\u201d - Bellunopress - Dolomiti","og_description":"\u201cPer poter occupare in lavori per la comunit\u00e0 i percettori del reddito di cittadinanza, i comuni non possono impegnare queste persone nelle attivit\u00e0 pi\u00f9 urgenti, ma devono realizzare progetti specifici. \u00c8 chiaro che chi ha promosso questa misura non ha mai amministrato in vita sua\u201d! La denuncia arriva dal deputato di Fratelli d&#8217;Italia e sindaco [&hellip;]","og_url":"https:\/\/www.bellunopress.it\/fr\/2019\/11\/08\/reddito-di-cittadinanza-de-carlo-legge-fatta-da-chi-non-ha-mai-amministrato-ai-comuni-serve-gente-che-spali-neve-non-progetti-innovativi\/","og_site_name":"Bellunopress - Dolomiti","article_publisher":"https:\/\/www.facebook.com\/profile.php?id=100008943462799","article_published_time":"2019-11-08T13:18:36+00:00","og_image":[{"url":"http:\/\/www.bellunopress.it\/wp-content\/uploads\/2019\/10\/Luca-De-Carlo.jpg","type":"","width":"","height":""}],"author":"redazione","twitter_card":"summary_large_image","twitter_creator":"@bellunopress","twitter_site":"@bellunopress","twitter_misc":{"Written by":"redazione","Est. reading time":"2 minutes"},"schema":{"@context":"https:\/\/schema.org","@graph":[{"@type":"Article","@id":"https:\/\/www.bellunopress.it\/2019\/11\/08\/reddito-di-cittadinanza-de-carlo-legge-fatta-da-chi-non-ha-mai-amministrato-ai-comuni-serve-gente-che-spali-neve-non-progetti-innovativi\/#article","isPartOf":{"@id":"https:\/\/www.bellunopress.it\/2019\/11\/08\/reddito-di-cittadinanza-de-carlo-legge-fatta-da-chi-non-ha-mai-amministrato-ai-comuni-serve-gente-che-spali-neve-non-progetti-innovativi\/"},"author":{"name":"redazione","@id":"https:\/\/www.bellunopress.it\/#\/schema\/person\/79bb06722b37ece1c03d3e94beb30d73"},"headline":"Reddito di cittadinanza. De Carlo: \u201cLegge fatta da chi non ha mai amministrato. Ai comuni serve gente che spali neve, non progetti innovativi\u201d","datePublished":"2019-11-08T13:18:36+00:00","mainEntityOfPage":{"@id":"https:\/\/www.bellunopress.it\/2019\/11\/08\/reddito-di-cittadinanza-de-carlo-legge-fatta-da-chi-non-ha-mai-amministrato-ai-comuni-serve-gente-che-spali-neve-non-progetti-innovativi\/"},"wordCount":358,"publisher":{"@id":"https:\/\/www.bellunopress.it\/#organization"},"image":{"@id":"https:\/\/www.bellunopress.it\/2019\/11\/08\/reddito-di-cittadinanza-de-carlo-legge-fatta-da-chi-non-ha-mai-amministrato-ai-comuni-serve-gente-che-spali-neve-non-progetti-innovativi\/#primaryimage"},"thumbnailUrl":"http:\/\/www.bellunopress.it\/wp-content\/uploads\/2019\/10\/Luca-De-Carlo.jpg","articleSection":["Cronaca\/Politica","Prima Pagina"],"inLanguage":"fr-FR"},{"@type":"WebPage","@id":"https:\/\/www.bellunopress.it\/2019\/11\/08\/reddito-di-cittadinanza-de-carlo-legge-fatta-da-chi-non-ha-mai-amministrato-ai-comuni-serve-gente-che-spali-neve-non-progetti-innovativi\/","url":"https:\/\/www.bellunopress.it\/2019\/11\/08\/reddito-di-cittadinanza-de-carlo-legge-fatta-da-chi-non-ha-mai-amministrato-ai-comuni-serve-gente-che-spali-neve-non-progetti-innovativi\/","name":"Reddito di cittadinanza. De Carlo: \u201cLegge fatta da chi non ha mai amministrato. Ai comuni serve gente che spali neve, non progetti innovativi\u201d - Bellunopress - Dolomiti","isPartOf":{"@id":"https:\/\/www.bellunopress.it\/#website"},"primaryImageOfPage":{"@id":"https:\/\/www.bellunopress.it\/2019\/11\/08\/reddito-di-cittadinanza-de-carlo-legge-fatta-da-chi-non-ha-mai-amministrato-ai-comuni-serve-gente-che-spali-neve-non-progetti-innovativi\/#primaryimage"},"image":{"@id":"https:\/\/www.bellunopress.it\/2019\/11\/08\/reddito-di-cittadinanza-de-carlo-legge-fatta-da-chi-non-ha-mai-amministrato-ai-comuni-serve-gente-che-spali-neve-non-progetti-innovativi\/#primaryimage"},"thumbnailUrl":"http:\/\/www.bellunopress.it\/wp-content\/uploads\/2019\/10\/Luca-De-Carlo.jpg","datePublished":"2019-11-08T13:18:36+00:00","breadcrumb":{"@id":"https:\/\/www.bellunopress.it\/2019\/11\/08\/reddito-di-cittadinanza-de-carlo-legge-fatta-da-chi-non-ha-mai-amministrato-ai-comuni-serve-gente-che-spali-neve-non-progetti-innovativi\/#breadcrumb"},"inLanguage":"fr-FR","potentialAction":[{"@type":"ReadAction","target":["https:\/\/www.bellunopress.it\/2019\/11\/08\/reddito-di-cittadinanza-de-carlo-legge-fatta-da-chi-non-ha-mai-amministrato-ai-comuni-serve-gente-che-spali-neve-non-progetti-innovativi\/"]}]},{"@type":"ImageObject","inLanguage":"fr-FR","@id":"https:\/\/www.bellunopress.it\/2019\/11\/08\/reddito-di-cittadinanza-de-carlo-legge-fatta-da-chi-non-ha-mai-amministrato-ai-comuni-serve-gente-che-spali-neve-non-progetti-innovativi\/#primaryimage","url":"http:\/\/www.bellunopress.it\/wp-content\/uploads\/2019\/10\/Luca-De-Carlo.jpg","contentUrl":"http:\/\/www.bellunopress.it\/wp-content\/uploads\/2019\/10\/Luca-De-Carlo.jpg"},{"@type":"BreadcrumbList","@id":"https:\/\/www.bellunopress.it\/2019\/11\/08\/reddito-di-cittadinanza-de-carlo-legge-fatta-da-chi-non-ha-mai-amministrato-ai-comuni-serve-gente-che-spali-neve-non-progetti-innovativi\/#breadcrumb","itemListElement":[{"@type":"ListItem","position":1,"name":"Home","item":"https:\/\/www.bellunopress.it\/"},{"@type":"ListItem","position":2,"name":"Reddito di cittadinanza. De Carlo: \u201cLegge fatta da chi non ha mai amministrato. Ai comuni serve gente che spali neve, non progetti innovativi\u201d"}]},{"@type":"WebSite","@id":"https:\/\/www.bellunopress.it\/#website","url":"https:\/\/www.bellunopress.it\/","name":"Bellunopress - Dolomiti","description":"e-mail: redazione@bellunopress.it","publisher":{"@id":"https:\/\/www.bellunopress.it\/#organization"},"potentialAction":[{"@type":"SearchAction","target":{"@type":"EntryPoint","urlTemplate":"https:\/\/www.bellunopress.it\/?s={search_term_string}"},"query-input":{"@type":"PropertyValueSpecification","valueRequired":true,"valueName":"search_term_string"}}],"inLanguage":"fr-FR"},{"@type":"Organization","@id":"https:\/\/www.bellunopress.it\/#organization","name":"Bellunopress","url":"https:\/\/www.bellunopress.it\/","logo":{"@type":"ImageObject","inLanguage":"fr-FR","@id":"https:\/\/www.bellunopress.it\/#\/schema\/logo\/image\/","url":"https:\/\/www.bellunopress.it\/wp-content\/uploads\/2011\/05\/cropped-logo-bellunopress-.jpg","contentUrl":"https:\/\/www.bellunopress.it\/wp-content\/uploads\/2011\/05\/cropped-logo-bellunopress-.jpg","width":512,"height":512,"caption":"Bellunopress"},"image":{"@id":"https:\/\/www.bellunopress.it\/#\/schema\/logo\/image\/"},"sameAs":["https:\/\/www.facebook.com\/profile.php?id=100008943462799","https:\/\/x.com\/bellunopress","https:\/\/www.linkedin.com\/hp\/?dnr=JBzUWaJfMUw8vbXJJ2tVW5-I3jZKvC4wsoxE&amp;amp;amp;amp;amp;amp;trk=nav_responsive_tab_home","https:\/\/www.youtube.com\/channel\/UCxL0wu1uN0_3_7hGG0306cw"]},{"@type":"Person","@id":"https:\/\/www.bellunopress.it\/#\/schema\/person\/79bb06722b37ece1c03d3e94beb30d73","name":"r\u00e9daction","image":{"@type":"ImageObject","inLanguage":"fr-FR","@id":"https:\/\/secure.gravatar.com\/avatar\/37d968a2e67a6fd04c169c4bdef102d0bc5d31b2546345219e348575eb80e9a0?s=96&d=mm&r=g","url":"https:\/\/secure.gravatar.com\/avatar\/37d968a2e67a6fd04c169c4bdef102d0bc5d31b2546345219e348575eb80e9a0?s=96&d=mm&r=g","contentUrl":"https:\/\/secure.gravatar.com\/avatar\/37d968a2e67a6fd04c169c4bdef102d0bc5d31b2546345219e348575eb80e9a0?s=96&d=mm&r=g","caption":"redazione"},"sameAs":["http:\/\/www.bellunopress.it","https:\/\/x.com\/bellunopress"],"url":"https:\/\/www.bellunopress.it\/fr\/author\/redazione\/"}]}},"_links":{"self":[{"href":"https:\/\/www.bellunopress.it\/fr\/wp-json\/wp\/v2\/posts\/109415","targetHints":{"allow":["GET"]}}],"collection":[{"href":"https:\/\/www.bellunopress.it\/fr\/wp-json\/wp\/v2\/posts"}],"about":[{"href":"https:\/\/www.bellunopress.it\/fr\/wp-json\/wp\/v2\/types\/post"}],"author":[{"embeddable":true,"href":"https:\/\/www.bellunopress.it\/fr\/wp-json\/wp\/v2\/users\/2"}],"replies":[{"embeddable":true,"href":"https:\/\/www.bellunopress.it\/fr\/wp-json\/wp\/v2\/comments?post=109415"}],"version-history":[{"count":1,"href":"https:\/\/www.bellunopress.it\/fr\/wp-json\/wp\/v2\/posts\/109415\/revisions"}],"predecessor-version":[{"id":109416,"href":"https:\/\/www.bellunopress.it\/fr\/wp-json\/wp\/v2\/posts\/109415\/revisions\/109416"}],"wp:attachment":[{"href":"https:\/\/www.bellunopress.it\/fr\/wp-json\/wp\/v2\/media?parent=109415"}],"wp:term":[{"taxonomy":"category","embeddable":true,"href":"https:\/\/www.bellunopress.it\/fr\/wp-json\/wp\/v2\/categories?post=109415"},{"taxonomy":"post_tag","embeddable":true,"href":"https:\/\/www.bellunopress.it\/fr\/wp-json\/wp\/v2\/tags?post=109415"}],"curies":[{"name":"wp","href":"https:\/\/api.w.org\/{rel}","templated":true}]}}