{"id":109411,"date":"2019-11-08T13:50:46","date_gmt":"2019-11-08T12:50:46","guid":{"rendered":"http:\/\/www.bellunopress.it\/?p=109411"},"modified":"2019-11-08T13:50:47","modified_gmt":"2019-11-08T12:50:47","slug":"insaponate-le-strade-tra-il-mas-e-ponte-nelle-alpi-per-perdita-di-carico-di-un-veicolo","status":"publish","type":"post","link":"https:\/\/www.bellunopress.it\/fr\/2019\/11\/08\/insaponate-le-strade-tra-il-mas-e-ponte-nelle-alpi-per-perdita-di-carico-di-un-veicolo\/","title":{"rendered":"&#8220;Insaponate&#8221; le strade tra il Mas e Ponte nelle Alpi per perdita di carico di un veicolo."},"content":{"rendered":"<p><a href=\"http:\/\/www.bellunopress.it\/fr\/2019\/11\/08\/insaponate-le-strade-tra-il-mas-e-ponte-nelle-alpi-per-perdita-di-carico-di-un-veicolo\/schiuma-sulla-strada-tensioattivi\/\" rel=\"attachment wp-att-109412\"><img loading=\"lazy\" decoding=\"async\" class=\"alignleft size-full wp-image-109412\" src=\"http:\/\/www.bellunopress.it\/wp-content\/uploads\/2019\/11\/schiuma-sulla-strada-tensioattivi.jpg\" alt=\"\" width=\"300\" height=\"225\" \/><\/a>Belluno, 8 novembre 2019 &#8211; Questa mattina la strada dal Mas di Sedico a Ponte nelle Alpi sembrava innevata, o &#8220;insaponata&#8221; con della schiuma. A chiarire il curioso fenomeno \u00e8 il sindaco di Belluno Jacopo Massaro dalla sua pagina Facebook.<\/p>\n<p>&#8220;Quella che vedete nella foto -scrive Massaro &#8211;\u00a0 non \u00e8 neve. In molti stamattina ci hanno chiesto di sapere cosa fosse successo alle nostre nostre strade.\u00a0Un automezzo ha perso dei tensioattivi per strada (pare tra Mas di Sedico e Ponte nelle Alpi passando per la Cerva e via Vittorio Veneto) e le ha quindi &#8220;insaponate&#8221;.<\/p>\n<p>Nonostante non risultino particolarmente pericolose, &#8211; prosegue Massaro &#8211; anche grazie all&#8217;azione della pioggia e agli interventi effettuati, \u00e8 opportuno percorrere le strade con un po&#8217; di attenzione perch\u00e9 potrebbero essere pi\u00f9 scivolose del solito.<\/p>\n<p>Arpav e Vigili del Fuoco sono gi\u00e0 al lavoro. Il nostro comando di Polizia Locale ha provveduto, grazie alla nostra videosorveglianza e ai &#8220;leggitarga intelligenti&#8221;, ad individuare e rintracciare l&#8217;automezzo, appartenente ad una ditta di Ponte nelle Alpi, che ha effettuato lo sversamento&#8221;.<\/p>","protected":false},"excerpt":{"rendered":"<p>Belluno, 8 novembre 2019 &#8211; Questa mattina la strada dal Mas di Sedico a Ponte nelle Alpi sembrava innevata, o &#8220;insaponata&#8221; con della schiuma. A chiarire il curioso fenomeno \u00e8 il sindaco di Belluno Jacopo Massaro dalla sua pagina Facebook. &#8220;Quella che vedete nella foto -scrive Massaro &#8211;\u00a0 non \u00e8 neve. In molti stamattina ci [&hellip;]<\/p>\n","protected":false},"author":2,"featured_media":0,"comment_status":"closed","ping_status":"open","sticky":false,"template":"","format":"standard","meta":{"footnotes":""},"categories":[5,26],"tags":[],"class_list":["post-109411","post","type-post","status-publish","format-standard","category-cronaca","category-prima-pagina"],"yoast_head":"<!-- This site is optimized with the Yoast SEO plugin v28.4 - https:\/\/yoast.com\/product\/yoast-seo-wordpress\/ -->\n<title>&quot;Insaponate&quot; le strade tra il Mas e Ponte nelle Alpi per perdita di carico di un veicolo. - Bellunopress - Dolomiti<\/title>\n<meta name=\"robots\" content=\"index, follow, max-snippet:-1, max-image-preview:large, max-video-preview:-1\" \/>\n<link rel=\"canonical\" href=\"https:\/\/www.bellunopress.it\/fr\/2019\/11\/08\/insaponate-le-strade-tra-il-mas-e-ponte-nelle-alpi-per-perdita-di-carico-di-un-veicolo\/\" \/>\n<meta property=\"og:locale\" content=\"fr_FR\" \/>\n<meta property=\"og:type\" content=\"article\" \/>\n<meta property=\"og:title\" content=\"&quot;Insaponate&quot; le strade tra il Mas e Ponte nelle Alpi per perdita di carico di un veicolo. - Bellunopress - Dolomiti\" \/>\n<meta property=\"og:description\" content=\"Belluno, 8 novembre 2019 &#8211; Questa mattina la strada dal Mas di Sedico a Ponte nelle Alpi sembrava innevata, o &#8220;insaponata&#8221; con della schiuma. A chiarire il curioso fenomeno \u00e8 il sindaco di Belluno Jacopo Massaro dalla sua pagina Facebook. &#8220;Quella che vedete nella foto -scrive Massaro &#8211;\u00a0 non \u00e8 neve. In molti stamattina ci [&hellip;]\" \/>\n<meta property=\"og:url\" content=\"https:\/\/www.bellunopress.it\/fr\/2019\/11\/08\/insaponate-le-strade-tra-il-mas-e-ponte-nelle-alpi-per-perdita-di-carico-di-un-veicolo\/\" \/>\n<meta property=\"og:site_name\" content=\"Bellunopress - Dolomiti\" \/>\n<meta property=\"article:publisher\" content=\"https:\/\/www.facebook.com\/profile.php?id=100008943462799\" \/>\n<meta property=\"article:published_time\" content=\"2019-11-08T12:50:46+00:00\" \/>\n<meta property=\"article:modified_time\" content=\"2019-11-08T12:50:47+00:00\" \/>\n<meta property=\"og:image\" content=\"http:\/\/www.bellunopress.it\/wp-content\/uploads\/2019\/11\/schiuma-sulla-strada-tensioattivi.jpg\" \/>\n<meta name=\"author\" content=\"redazione\" \/>\n<meta name=\"twitter:card\" content=\"summary_large_image\" \/>\n<meta name=\"twitter:creator\" content=\"@bellunopress\" \/>\n<meta name=\"twitter:site\" content=\"@bellunopress\" \/>\n<meta name=\"twitter:label1\" content=\"\u00c9crit par\" \/>\n\t<meta name=\"twitter:data1\" content=\"redazione\" \/>\n\t<meta name=\"twitter:label2\" content=\"Dur\u00e9e de lecture estim\u00e9e\" \/>\n\t<meta name=\"twitter:data2\" content=\"1 minute\" \/>\n<script type=\"application\/ld+json\" class=\"yoast-schema-graph\">{\"@context\":\"https:\\\/\\\/schema.org\",\"@graph\":[{\"@type\":\"Article\",\"@id\":\"https:\\\/\\\/www.bellunopress.it\\\/2019\\\/11\\\/08\\\/insaponate-le-strade-tra-il-mas-e-ponte-nelle-alpi-per-perdita-di-carico-di-un-veicolo\\\/#article\",\"isPartOf\":{\"@id\":\"https:\\\/\\\/www.bellunopress.it\\\/2019\\\/11\\\/08\\\/insaponate-le-strade-tra-il-mas-e-ponte-nelle-alpi-per-perdita-di-carico-di-un-veicolo\\\/\"},\"author\":{\"name\":\"redazione\",\"@id\":\"https:\\\/\\\/www.bellunopress.it\\\/#\\\/schema\\\/person\\\/79bb06722b37ece1c03d3e94beb30d73\"},\"headline\":\"&#8220;Insaponate&#8221; le strade tra il Mas e Ponte nelle Alpi per perdita di carico di un veicolo.\",\"datePublished\":\"2019-11-08T12:50:46+00:00\",\"dateModified\":\"2019-11-08T12:50:47+00:00\",\"mainEntityOfPage\":{\"@id\":\"https:\\\/\\\/www.bellunopress.it\\\/2019\\\/11\\\/08\\\/insaponate-le-strade-tra-il-mas-e-ponte-nelle-alpi-per-perdita-di-carico-di-un-veicolo\\\/\"},\"wordCount\":188,\"publisher\":{\"@id\":\"https:\\\/\\\/www.bellunopress.it\\\/#organization\"},\"image\":{\"@id\":\"https:\\\/\\\/www.bellunopress.it\\\/2019\\\/11\\\/08\\\/insaponate-le-strade-tra-il-mas-e-ponte-nelle-alpi-per-perdita-di-carico-di-un-veicolo\\\/#primaryimage\"},\"thumbnailUrl\":\"http:\\\/\\\/www.bellunopress.it\\\/wp-content\\\/uploads\\\/2019\\\/11\\\/schiuma-sulla-strada-tensioattivi.jpg\",\"articleSection\":[\"Cronaca\\\/Politica\",\"Prima Pagina\"],\"inLanguage\":\"fr-FR\"},{\"@type\":\"WebPage\",\"@id\":\"https:\\\/\\\/www.bellunopress.it\\\/2019\\\/11\\\/08\\\/insaponate-le-strade-tra-il-mas-e-ponte-nelle-alpi-per-perdita-di-carico-di-un-veicolo\\\/\",\"url\":\"https:\\\/\\\/www.bellunopress.it\\\/2019\\\/11\\\/08\\\/insaponate-le-strade-tra-il-mas-e-ponte-nelle-alpi-per-perdita-di-carico-di-un-veicolo\\\/\",\"name\":\"\\\"Insaponate\\\" le strade tra il Mas e Ponte nelle Alpi per perdita di carico di un veicolo. - Bellunopress - Dolomiti\",\"isPartOf\":{\"@id\":\"https:\\\/\\\/www.bellunopress.it\\\/#website\"},\"primaryImageOfPage\":{\"@id\":\"https:\\\/\\\/www.bellunopress.it\\\/2019\\\/11\\\/08\\\/insaponate-le-strade-tra-il-mas-e-ponte-nelle-alpi-per-perdita-di-carico-di-un-veicolo\\\/#primaryimage\"},\"image\":{\"@id\":\"https:\\\/\\\/www.bellunopress.it\\\/2019\\\/11\\\/08\\\/insaponate-le-strade-tra-il-mas-e-ponte-nelle-alpi-per-perdita-di-carico-di-un-veicolo\\\/#primaryimage\"},\"thumbnailUrl\":\"http:\\\/\\\/www.bellunopress.it\\\/wp-content\\\/uploads\\\/2019\\\/11\\\/schiuma-sulla-strada-tensioattivi.jpg\",\"datePublished\":\"2019-11-08T12:50:46+00:00\",\"dateModified\":\"2019-11-08T12:50:47+00:00\",\"breadcrumb\":{\"@id\":\"https:\\\/\\\/www.bellunopress.it\\\/2019\\\/11\\\/08\\\/insaponate-le-strade-tra-il-mas-e-ponte-nelle-alpi-per-perdita-di-carico-di-un-veicolo\\\/#breadcrumb\"},\"inLanguage\":\"fr-FR\",\"potentialAction\":[{\"@type\":\"ReadAction\",\"target\":[\"https:\\\/\\\/www.bellunopress.it\\\/2019\\\/11\\\/08\\\/insaponate-le-strade-tra-il-mas-e-ponte-nelle-alpi-per-perdita-di-carico-di-un-veicolo\\\/\"]}]},{\"@type\":\"ImageObject\",\"inLanguage\":\"fr-FR\",\"@id\":\"https:\\\/\\\/www.bellunopress.it\\\/2019\\\/11\\\/08\\\/insaponate-le-strade-tra-il-mas-e-ponte-nelle-alpi-per-perdita-di-carico-di-un-veicolo\\\/#primaryimage\",\"url\":\"http:\\\/\\\/www.bellunopress.it\\\/wp-content\\\/uploads\\\/2019\\\/11\\\/schiuma-sulla-strada-tensioattivi.jpg\",\"contentUrl\":\"http:\\\/\\\/www.bellunopress.it\\\/wp-content\\\/uploads\\\/2019\\\/11\\\/schiuma-sulla-strada-tensioattivi.jpg\"},{\"@type\":\"BreadcrumbList\",\"@id\":\"https:\\\/\\\/www.bellunopress.it\\\/2019\\\/11\\\/08\\\/insaponate-le-strade-tra-il-mas-e-ponte-nelle-alpi-per-perdita-di-carico-di-un-veicolo\\\/#breadcrumb\",\"itemListElement\":[{\"@type\":\"ListItem\",\"position\":1,\"name\":\"Home\",\"item\":\"https:\\\/\\\/www.bellunopress.it\\\/\"},{\"@type\":\"ListItem\",\"position\":2,\"name\":\"&#8220;Insaponate&#8221; le strade tra il Mas e Ponte nelle Alpi per perdita di carico di un veicolo.\"}]},{\"@type\":\"WebSite\",\"@id\":\"https:\\\/\\\/www.bellunopress.it\\\/#website\",\"url\":\"https:\\\/\\\/www.bellunopress.it\\\/\",\"name\":\"Bellunopress - Dolomiti\",\"description\":\"e-mail: redazione@bellunopress.it\",\"publisher\":{\"@id\":\"https:\\\/\\\/www.bellunopress.it\\\/#organization\"},\"potentialAction\":[{\"@type\":\"SearchAction\",\"target\":{\"@type\":\"EntryPoint\",\"urlTemplate\":\"https:\\\/\\\/www.bellunopress.it\\\/?s={search_term_string}\"},\"query-input\":{\"@type\":\"PropertyValueSpecification\",\"valueRequired\":true,\"valueName\":\"search_term_string\"}}],\"inLanguage\":\"fr-FR\"},{\"@type\":\"Organization\",\"@id\":\"https:\\\/\\\/www.bellunopress.it\\\/#organization\",\"name\":\"Bellunopress\",\"url\":\"https:\\\/\\\/www.bellunopress.it\\\/\",\"logo\":{\"@type\":\"ImageObject\",\"inLanguage\":\"fr-FR\",\"@id\":\"https:\\\/\\\/www.bellunopress.it\\\/#\\\/schema\\\/logo\\\/image\\\/\",\"url\":\"https:\\\/\\\/www.bellunopress.it\\\/wp-content\\\/uploads\\\/2011\\\/05\\\/cropped-logo-bellunopress-.jpg\",\"contentUrl\":\"https:\\\/\\\/www.bellunopress.it\\\/wp-content\\\/uploads\\\/2011\\\/05\\\/cropped-logo-bellunopress-.jpg\",\"width\":512,\"height\":512,\"caption\":\"Bellunopress\"},\"image\":{\"@id\":\"https:\\\/\\\/www.bellunopress.it\\\/#\\\/schema\\\/logo\\\/image\\\/\"},\"sameAs\":[\"https:\\\/\\\/www.facebook.com\\\/profile.php?id=100008943462799\",\"https:\\\/\\\/x.com\\\/bellunopress\",\"https:\\\/\\\/www.linkedin.com\\\/hp\\\/?dnr=JBzUWaJfMUw8vbXJJ2tVW5-I3jZKvC4wsoxE&amp;amp;amp;amp;amp;amp;trk=nav_responsive_tab_home\",\"https:\\\/\\\/www.youtube.com\\\/channel\\\/UCxL0wu1uN0_3_7hGG0306cw\"]},{\"@type\":\"Person\",\"@id\":\"https:\\\/\\\/www.bellunopress.it\\\/#\\\/schema\\\/person\\\/79bb06722b37ece1c03d3e94beb30d73\",\"name\":\"redazione\",\"image\":{\"@type\":\"ImageObject\",\"inLanguage\":\"fr-FR\",\"@id\":\"https:\\\/\\\/secure.gravatar.com\\\/avatar\\\/37d968a2e67a6fd04c169c4bdef102d0bc5d31b2546345219e348575eb80e9a0?s=96&d=mm&r=g\",\"url\":\"https:\\\/\\\/secure.gravatar.com\\\/avatar\\\/37d968a2e67a6fd04c169c4bdef102d0bc5d31b2546345219e348575eb80e9a0?s=96&d=mm&r=g\",\"contentUrl\":\"https:\\\/\\\/secure.gravatar.com\\\/avatar\\\/37d968a2e67a6fd04c169c4bdef102d0bc5d31b2546345219e348575eb80e9a0?s=96&d=mm&r=g\",\"caption\":\"redazione\"},\"sameAs\":[\"http:\\\/\\\/www.bellunopress.it\",\"https:\\\/\\\/x.com\\\/bellunopress\"],\"url\":\"https:\\\/\\\/www.bellunopress.it\\\/fr\\\/author\\\/redazione\\\/\"}]}<\/script>\n<!-- \/ Yoast SEO plugin. -->","yoast_head_json":{"title":"\"Insaponate\" le strade tra il Mas e Ponte nelle Alpi per perdita di carico di un veicolo. - Bellunopress - Dolomiti","robots":{"index":"index","follow":"follow","max-snippet":"max-snippet:-1","max-image-preview":"max-image-preview:large","max-video-preview":"max-video-preview:-1"},"canonical":"https:\/\/www.bellunopress.it\/fr\/2019\/11\/08\/insaponate-le-strade-tra-il-mas-e-ponte-nelle-alpi-per-perdita-di-carico-di-un-veicolo\/","og_locale":"fr_FR","og_type":"article","og_title":"\"Insaponate\" le strade tra il Mas e Ponte nelle Alpi per perdita di carico di un veicolo. - Bellunopress - Dolomiti","og_description":"Belluno, 8 novembre 2019 &#8211; Questa mattina la strada dal Mas di Sedico a Ponte nelle Alpi sembrava innevata, o &#8220;insaponata&#8221; con della schiuma. A chiarire il curioso fenomeno \u00e8 il sindaco di Belluno Jacopo Massaro dalla sua pagina Facebook. &#8220;Quella che vedete nella foto -scrive Massaro &#8211;\u00a0 non \u00e8 neve. In molti stamattina ci [&hellip;]","og_url":"https:\/\/www.bellunopress.it\/fr\/2019\/11\/08\/insaponate-le-strade-tra-il-mas-e-ponte-nelle-alpi-per-perdita-di-carico-di-un-veicolo\/","og_site_name":"Bellunopress - Dolomiti","article_publisher":"https:\/\/www.facebook.com\/profile.php?id=100008943462799","article_published_time":"2019-11-08T12:50:46+00:00","article_modified_time":"2019-11-08T12:50:47+00:00","og_image":[{"url":"http:\/\/www.bellunopress.it\/wp-content\/uploads\/2019\/11\/schiuma-sulla-strada-tensioattivi.jpg","type":"","width":"","height":""}],"author":"redazione","twitter_card":"summary_large_image","twitter_creator":"@bellunopress","twitter_site":"@bellunopress","twitter_misc":{"\u00c9crit par":"redazione","Dur\u00e9e de lecture estim\u00e9e":"1 minute"},"schema":{"@context":"https:\/\/schema.org","@graph":[{"@type":"Article","@id":"https:\/\/www.bellunopress.it\/2019\/11\/08\/insaponate-le-strade-tra-il-mas-e-ponte-nelle-alpi-per-perdita-di-carico-di-un-veicolo\/#article","isPartOf":{"@id":"https:\/\/www.bellunopress.it\/2019\/11\/08\/insaponate-le-strade-tra-il-mas-e-ponte-nelle-alpi-per-perdita-di-carico-di-un-veicolo\/"},"author":{"name":"redazione","@id":"https:\/\/www.bellunopress.it\/#\/schema\/person\/79bb06722b37ece1c03d3e94beb30d73"},"headline":"&#8220;Insaponate&#8221; le strade tra il Mas e Ponte nelle Alpi per perdita di carico di un veicolo.","datePublished":"2019-11-08T12:50:46+00:00","dateModified":"2019-11-08T12:50:47+00:00","mainEntityOfPage":{"@id":"https:\/\/www.bellunopress.it\/2019\/11\/08\/insaponate-le-strade-tra-il-mas-e-ponte-nelle-alpi-per-perdita-di-carico-di-un-veicolo\/"},"wordCount":188,"publisher":{"@id":"https:\/\/www.bellunopress.it\/#organization"},"image":{"@id":"https:\/\/www.bellunopress.it\/2019\/11\/08\/insaponate-le-strade-tra-il-mas-e-ponte-nelle-alpi-per-perdita-di-carico-di-un-veicolo\/#primaryimage"},"thumbnailUrl":"http:\/\/www.bellunopress.it\/wp-content\/uploads\/2019\/11\/schiuma-sulla-strada-tensioattivi.jpg","articleSection":["Cronaca\/Politica","Prima Pagina"],"inLanguage":"fr-FR"},{"@type":"WebPage","@id":"https:\/\/www.bellunopress.it\/2019\/11\/08\/insaponate-le-strade-tra-il-mas-e-ponte-nelle-alpi-per-perdita-di-carico-di-un-veicolo\/","url":"https:\/\/www.bellunopress.it\/2019\/11\/08\/insaponate-le-strade-tra-il-mas-e-ponte-nelle-alpi-per-perdita-di-carico-di-un-veicolo\/","name":"\"Insaponate\" le strade tra il Mas e Ponte nelle Alpi per perdita di carico di un veicolo. - Bellunopress - Dolomiti","isPartOf":{"@id":"https:\/\/www.bellunopress.it\/#website"},"primaryImageOfPage":{"@id":"https:\/\/www.bellunopress.it\/2019\/11\/08\/insaponate-le-strade-tra-il-mas-e-ponte-nelle-alpi-per-perdita-di-carico-di-un-veicolo\/#primaryimage"},"image":{"@id":"https:\/\/www.bellunopress.it\/2019\/11\/08\/insaponate-le-strade-tra-il-mas-e-ponte-nelle-alpi-per-perdita-di-carico-di-un-veicolo\/#primaryimage"},"thumbnailUrl":"http:\/\/www.bellunopress.it\/wp-content\/uploads\/2019\/11\/schiuma-sulla-strada-tensioattivi.jpg","datePublished":"2019-11-08T12:50:46+00:00","dateModified":"2019-11-08T12:50:47+00:00","breadcrumb":{"@id":"https:\/\/www.bellunopress.it\/2019\/11\/08\/insaponate-le-strade-tra-il-mas-e-ponte-nelle-alpi-per-perdita-di-carico-di-un-veicolo\/#breadcrumb"},"inLanguage":"fr-FR","potentialAction":[{"@type":"ReadAction","target":["https:\/\/www.bellunopress.it\/2019\/11\/08\/insaponate-le-strade-tra-il-mas-e-ponte-nelle-alpi-per-perdita-di-carico-di-un-veicolo\/"]}]},{"@type":"ImageObject","inLanguage":"fr-FR","@id":"https:\/\/www.bellunopress.it\/2019\/11\/08\/insaponate-le-strade-tra-il-mas-e-ponte-nelle-alpi-per-perdita-di-carico-di-un-veicolo\/#primaryimage","url":"http:\/\/www.bellunopress.it\/wp-content\/uploads\/2019\/11\/schiuma-sulla-strada-tensioattivi.jpg","contentUrl":"http:\/\/www.bellunopress.it\/wp-content\/uploads\/2019\/11\/schiuma-sulla-strada-tensioattivi.jpg"},{"@type":"BreadcrumbList","@id":"https:\/\/www.bellunopress.it\/2019\/11\/08\/insaponate-le-strade-tra-il-mas-e-ponte-nelle-alpi-per-perdita-di-carico-di-un-veicolo\/#breadcrumb","itemListElement":[{"@type":"ListItem","position":1,"name":"Home","item":"https:\/\/www.bellunopress.it\/"},{"@type":"ListItem","position":2,"name":"&#8220;Insaponate&#8221; le strade tra il Mas e Ponte nelle Alpi per perdita di carico di un veicolo."}]},{"@type":"WebSite","@id":"https:\/\/www.bellunopress.it\/#website","url":"https:\/\/www.bellunopress.it\/","name":"Bellunopress - Dolomiti","description":"e-mail: redazione@bellunopress.it","publisher":{"@id":"https:\/\/www.bellunopress.it\/#organization"},"potentialAction":[{"@type":"SearchAction","target":{"@type":"EntryPoint","urlTemplate":"https:\/\/www.bellunopress.it\/?s={search_term_string}"},"query-input":{"@type":"PropertyValueSpecification","valueRequired":true,"valueName":"search_term_string"}}],"inLanguage":"fr-FR"},{"@type":"Organization","@id":"https:\/\/www.bellunopress.it\/#organization","name":"Bellunopress","url":"https:\/\/www.bellunopress.it\/","logo":{"@type":"ImageObject","inLanguage":"fr-FR","@id":"https:\/\/www.bellunopress.it\/#\/schema\/logo\/image\/","url":"https:\/\/www.bellunopress.it\/wp-content\/uploads\/2011\/05\/cropped-logo-bellunopress-.jpg","contentUrl":"https:\/\/www.bellunopress.it\/wp-content\/uploads\/2011\/05\/cropped-logo-bellunopress-.jpg","width":512,"height":512,"caption":"Bellunopress"},"image":{"@id":"https:\/\/www.bellunopress.it\/#\/schema\/logo\/image\/"},"sameAs":["https:\/\/www.facebook.com\/profile.php?id=100008943462799","https:\/\/x.com\/bellunopress","https:\/\/www.linkedin.com\/hp\/?dnr=JBzUWaJfMUw8vbXJJ2tVW5-I3jZKvC4wsoxE&amp;amp;amp;amp;amp;amp;trk=nav_responsive_tab_home","https:\/\/www.youtube.com\/channel\/UCxL0wu1uN0_3_7hGG0306cw"]},{"@type":"Person","@id":"https:\/\/www.bellunopress.it\/#\/schema\/person\/79bb06722b37ece1c03d3e94beb30d73","name":"r\u00e9daction","image":{"@type":"ImageObject","inLanguage":"fr-FR","@id":"https:\/\/secure.gravatar.com\/avatar\/37d968a2e67a6fd04c169c4bdef102d0bc5d31b2546345219e348575eb80e9a0?s=96&d=mm&r=g","url":"https:\/\/secure.gravatar.com\/avatar\/37d968a2e67a6fd04c169c4bdef102d0bc5d31b2546345219e348575eb80e9a0?s=96&d=mm&r=g","contentUrl":"https:\/\/secure.gravatar.com\/avatar\/37d968a2e67a6fd04c169c4bdef102d0bc5d31b2546345219e348575eb80e9a0?s=96&d=mm&r=g","caption":"redazione"},"sameAs":["http:\/\/www.bellunopress.it","https:\/\/x.com\/bellunopress"],"url":"https:\/\/www.bellunopress.it\/fr\/author\/redazione\/"}]}},"_links":{"self":[{"href":"https:\/\/www.bellunopress.it\/fr\/wp-json\/wp\/v2\/posts\/109411","targetHints":{"allow":["GET"]}}],"collection":[{"href":"https:\/\/www.bellunopress.it\/fr\/wp-json\/wp\/v2\/posts"}],"about":[{"href":"https:\/\/www.bellunopress.it\/fr\/wp-json\/wp\/v2\/types\/post"}],"author":[{"embeddable":true,"href":"https:\/\/www.bellunopress.it\/fr\/wp-json\/wp\/v2\/users\/2"}],"replies":[{"embeddable":true,"href":"https:\/\/www.bellunopress.it\/fr\/wp-json\/wp\/v2\/comments?post=109411"}],"version-history":[{"count":2,"href":"https:\/\/www.bellunopress.it\/fr\/wp-json\/wp\/v2\/posts\/109411\/revisions"}],"predecessor-version":[{"id":109414,"href":"https:\/\/www.bellunopress.it\/fr\/wp-json\/wp\/v2\/posts\/109411\/revisions\/109414"}],"wp:attachment":[{"href":"https:\/\/www.bellunopress.it\/fr\/wp-json\/wp\/v2\/media?parent=109411"}],"wp:term":[{"taxonomy":"category","embeddable":true,"href":"https:\/\/www.bellunopress.it\/fr\/wp-json\/wp\/v2\/categories?post=109411"},{"taxonomy":"post_tag","embeddable":true,"href":"https:\/\/www.bellunopress.it\/fr\/wp-json\/wp\/v2\/tags?post=109411"}],"curies":[{"name":"wp","href":"https:\/\/api.w.org\/{rel}","templated":true}]}}