{"id":109409,"date":"2019-11-08T12:00:43","date_gmt":"2019-11-08T11:00:43","guid":{"rendered":"http:\/\/www.bellunopress.it\/?p=109409"},"modified":"2019-11-08T12:00:43","modified_gmt":"2019-11-08T11:00:43","slug":"secondo-appuntamento-al-cinema-italia-di-belluno-con-i-martedi-al-cinema-a-tre-euro","status":"publish","type":"post","link":"https:\/\/www.bellunopress.it\/fr\/2019\/11\/08\/secondo-appuntamento-al-cinema-italia-di-belluno-con-i-martedi-al-cinema-a-tre-euro\/","title":{"rendered":"Secondo appuntamento al Cinema Italia di Belluno con i marted\u00ec al cinema a tre euro"},"content":{"rendered":"<p>Proseguono, marted\u00ec 12 novembre al Cinema Italia di Belluno, le proiezioni a tre euro della rassegna \u201cLa Regione del Veneto per il cinema di qualit\u00e0 &#8211; La Regione ti porta al cinema con tre euro &#8211; I marted\u00ec al cinema\u201d, progetto pluriennale organizzato dalla Federazione Italiana Cinema d\u2019Essai (FICE) delle Tre Venezie, l\u2019Associazione Generale Italiana dello Spettacolo (AGIS) delle Tre Venezie, Regione del Veneto.<\/p>\n<figure id=\"attachment_78079\" aria-describedby=\"caption-attachment-78079\" style=\"width: 181px\" class=\"wp-caption alignleft\"><a href=\"http:\/\/www.bellunopress.it\/fr\/2016\/06\/05\/riccardo-alfare-conferenza-cena-visita-guidata-belluno\/cinema-italia-2\/\" rel=\"attachment wp-att-78079\"><img loading=\"lazy\" decoding=\"async\" class=\"size-full wp-image-78079\" src=\"http:\/\/www.bellunopress.it\/wp-content\/uploads\/2016\/06\/cinema-Italia.jpg\" alt=\"\" width=\"181\" height=\"300\" \/><\/a><figcaption id=\"caption-attachment-78079\" class=\"wp-caption-text\">Cinema Italia<\/figcaption><\/figure>\n<p>In questo secondo marted\u00ec di programmazione, il Cinema Italia propone agli appassionati del \u201cCinema di qualit\u00e0\u201d la visione, alle 17.30, 19.30 e 21.30, del film \u201cEffetto Domino\u201d (Drammatico, Italia 2019, 104\u2019) di Alessandro Rossetto.<\/p>\n<p>Entro il 2030, nei paesi ricchi, gli abitanti di pi\u00f9 di 65 anni supereranno il 30% del totale della popolazione. Nel 2050, per la prima volta nella storia del genere umano, la popolazione anziana sar\u00e0 pi\u00f9 numerosa di quella giovane. In una cittadina termale che resiste al turismo di massa, un impresario edile e il suo sodale geometra, avviano un progetto ambizioso: convertire venti alberghi abbandonati in residenze di lusso per pensionati facoltosi. Il venire meno del sostegno finanziario di banche e investitori scatena un effetto domino nel destino dei protagonisti che sovverte per sempre la realt\u00e0.<\/p>\n<p>Tutti i marted\u00ec del mese di novembre, la rassegna a consentir\u00e0 agli appassionati di cinema di godere della visione di opere d\u2019autore, spesso alternative ai grandi circuiti commerciali, che verranno proiettate al costo ridotto di tre euro. Ogni settimana sar\u00e0 possibile verificare quali opere sono in programmazione sul sito www.agistriveneto.it, sulla pagina facebook @agis.trevenezie e attraverso l\u2019applicazione per smartphone e tablet APP al Cinema.<\/p>\n<p>Il costo del biglietto \u00e8 di 3 euro. Nel caso di Multisala verificare preventivamente quali proiezioni sono a 3 euro. La prenotazione dei posti \u00e8 facolt\u00e0 riservata alla gestione della sala.<\/p>","protected":false},"excerpt":{"rendered":"<p>Proseguono, marted\u00ec 12 novembre al Cinema Italia di Belluno, le proiezioni a tre euro della rassegna \u201cLa Regione del Veneto per il cinema di qualit\u00e0 &#8211; La Regione ti porta al cinema con tre euro &#8211; I marted\u00ec al cinema\u201d, progetto pluriennale organizzato dalla Federazione Italiana Cinema d\u2019Essai (FICE) delle Tre Venezie, l\u2019Associazione Generale Italiana [&hellip;]<\/p>\n","protected":false},"author":2,"featured_media":0,"comment_status":"closed","ping_status":"open","sticky":false,"template":"","format":"standard","meta":{"footnotes":""},"categories":[27,3,25],"tags":[],"class_list":["post-109409","post","type-post","status-publish","format-standard","category-appuntamenti","category-arte-cultura-spettacoli-scienza-archivi","category-pausa-caffe"],"yoast_head":"<!-- This site is optimized with the Yoast SEO plugin v28.4 - https:\/\/yoast.com\/product\/yoast-seo-wordpress\/ -->\n<title>Secondo appuntamento al Cinema Italia di Belluno con i marted\u00ec al cinema a tre euro - Bellunopress - Dolomiti<\/title>\n<meta name=\"robots\" content=\"index, follow, max-snippet:-1, max-image-preview:large, max-video-preview:-1\" \/>\n<link rel=\"canonical\" href=\"https:\/\/www.bellunopress.it\/fr\/2019\/11\/08\/secondo-appuntamento-al-cinema-italia-di-belluno-con-i-martedi-al-cinema-a-tre-euro\/\" \/>\n<meta property=\"og:locale\" content=\"fr_FR\" \/>\n<meta property=\"og:type\" content=\"article\" \/>\n<meta property=\"og:title\" content=\"Secondo appuntamento al Cinema Italia di Belluno con i marted\u00ec al cinema a tre euro - Bellunopress - Dolomiti\" \/>\n<meta property=\"og:description\" content=\"Proseguono, marted\u00ec 12 novembre al Cinema Italia di Belluno, le proiezioni a tre euro della rassegna \u201cLa Regione del Veneto per il cinema di qualit\u00e0 &#8211; La Regione ti porta al cinema con tre euro &#8211; I marted\u00ec al cinema\u201d, progetto pluriennale organizzato dalla Federazione Italiana Cinema d\u2019Essai (FICE) delle Tre Venezie, l\u2019Associazione Generale Italiana [&hellip;]\" \/>\n<meta property=\"og:url\" content=\"https:\/\/www.bellunopress.it\/fr\/2019\/11\/08\/secondo-appuntamento-al-cinema-italia-di-belluno-con-i-martedi-al-cinema-a-tre-euro\/\" \/>\n<meta property=\"og:site_name\" content=\"Bellunopress - Dolomiti\" \/>\n<meta property=\"article:publisher\" content=\"https:\/\/www.facebook.com\/profile.php?id=100008943462799\" \/>\n<meta property=\"article:published_time\" content=\"2019-11-08T11:00:43+00:00\" \/>\n<meta property=\"og:image\" content=\"http:\/\/www.bellunopress.it\/wp-content\/uploads\/2016\/06\/cinema-Italia.jpg\" \/>\n<meta name=\"author\" content=\"redazione\" \/>\n<meta name=\"twitter:card\" content=\"summary_large_image\" \/>\n<meta name=\"twitter:creator\" content=\"@bellunopress\" \/>\n<meta name=\"twitter:site\" content=\"@bellunopress\" \/>\n<meta name=\"twitter:label1\" content=\"\u00c9crit par\" \/>\n\t<meta name=\"twitter:data1\" content=\"redazione\" \/>\n\t<meta name=\"twitter:label2\" content=\"Dur\u00e9e de lecture estim\u00e9e\" \/>\n\t<meta name=\"twitter:data2\" content=\"1 minute\" \/>\n<script type=\"application\/ld+json\" class=\"yoast-schema-graph\">{\"@context\":\"https:\\\/\\\/schema.org\",\"@graph\":[{\"@type\":\"Article\",\"@id\":\"https:\\\/\\\/www.bellunopress.it\\\/2019\\\/11\\\/08\\\/secondo-appuntamento-al-cinema-italia-di-belluno-con-i-martedi-al-cinema-a-tre-euro\\\/#article\",\"isPartOf\":{\"@id\":\"https:\\\/\\\/www.bellunopress.it\\\/2019\\\/11\\\/08\\\/secondo-appuntamento-al-cinema-italia-di-belluno-con-i-martedi-al-cinema-a-tre-euro\\\/\"},\"author\":{\"name\":\"redazione\",\"@id\":\"https:\\\/\\\/www.bellunopress.it\\\/#\\\/schema\\\/person\\\/79bb06722b37ece1c03d3e94beb30d73\"},\"headline\":\"Secondo appuntamento al Cinema Italia di Belluno con i marted\u00ec al cinema a tre euro\",\"datePublished\":\"2019-11-08T11:00:43+00:00\",\"mainEntityOfPage\":{\"@id\":\"https:\\\/\\\/www.bellunopress.it\\\/2019\\\/11\\\/08\\\/secondo-appuntamento-al-cinema-italia-di-belluno-con-i-martedi-al-cinema-a-tre-euro\\\/\"},\"wordCount\":307,\"publisher\":{\"@id\":\"https:\\\/\\\/www.bellunopress.it\\\/#organization\"},\"image\":{\"@id\":\"https:\\\/\\\/www.bellunopress.it\\\/2019\\\/11\\\/08\\\/secondo-appuntamento-al-cinema-italia-di-belluno-con-i-martedi-al-cinema-a-tre-euro\\\/#primaryimage\"},\"thumbnailUrl\":\"http:\\\/\\\/www.bellunopress.it\\\/wp-content\\\/uploads\\\/2016\\\/06\\\/cinema-Italia.jpg\",\"articleSection\":[\"Appuntamenti, Eventi\",\"Arte, Cultura, Spettacoli, Scienza\",\"Pausa Caff\u00e8\"],\"inLanguage\":\"fr-FR\"},{\"@type\":\"WebPage\",\"@id\":\"https:\\\/\\\/www.bellunopress.it\\\/2019\\\/11\\\/08\\\/secondo-appuntamento-al-cinema-italia-di-belluno-con-i-martedi-al-cinema-a-tre-euro\\\/\",\"url\":\"https:\\\/\\\/www.bellunopress.it\\\/2019\\\/11\\\/08\\\/secondo-appuntamento-al-cinema-italia-di-belluno-con-i-martedi-al-cinema-a-tre-euro\\\/\",\"name\":\"Secondo appuntamento al Cinema Italia di Belluno con i marted\u00ec al cinema a tre euro - Bellunopress - Dolomiti\",\"isPartOf\":{\"@id\":\"https:\\\/\\\/www.bellunopress.it\\\/#website\"},\"primaryImageOfPage\":{\"@id\":\"https:\\\/\\\/www.bellunopress.it\\\/2019\\\/11\\\/08\\\/secondo-appuntamento-al-cinema-italia-di-belluno-con-i-martedi-al-cinema-a-tre-euro\\\/#primaryimage\"},\"image\":{\"@id\":\"https:\\\/\\\/www.bellunopress.it\\\/2019\\\/11\\\/08\\\/secondo-appuntamento-al-cinema-italia-di-belluno-con-i-martedi-al-cinema-a-tre-euro\\\/#primaryimage\"},\"thumbnailUrl\":\"http:\\\/\\\/www.bellunopress.it\\\/wp-content\\\/uploads\\\/2016\\\/06\\\/cinema-Italia.jpg\",\"datePublished\":\"2019-11-08T11:00:43+00:00\",\"breadcrumb\":{\"@id\":\"https:\\\/\\\/www.bellunopress.it\\\/2019\\\/11\\\/08\\\/secondo-appuntamento-al-cinema-italia-di-belluno-con-i-martedi-al-cinema-a-tre-euro\\\/#breadcrumb\"},\"inLanguage\":\"fr-FR\",\"potentialAction\":[{\"@type\":\"ReadAction\",\"target\":[\"https:\\\/\\\/www.bellunopress.it\\\/2019\\\/11\\\/08\\\/secondo-appuntamento-al-cinema-italia-di-belluno-con-i-martedi-al-cinema-a-tre-euro\\\/\"]}]},{\"@type\":\"ImageObject\",\"inLanguage\":\"fr-FR\",\"@id\":\"https:\\\/\\\/www.bellunopress.it\\\/2019\\\/11\\\/08\\\/secondo-appuntamento-al-cinema-italia-di-belluno-con-i-martedi-al-cinema-a-tre-euro\\\/#primaryimage\",\"url\":\"http:\\\/\\\/www.bellunopress.it\\\/wp-content\\\/uploads\\\/2016\\\/06\\\/cinema-Italia.jpg\",\"contentUrl\":\"http:\\\/\\\/www.bellunopress.it\\\/wp-content\\\/uploads\\\/2016\\\/06\\\/cinema-Italia.jpg\"},{\"@type\":\"BreadcrumbList\",\"@id\":\"https:\\\/\\\/www.bellunopress.it\\\/2019\\\/11\\\/08\\\/secondo-appuntamento-al-cinema-italia-di-belluno-con-i-martedi-al-cinema-a-tre-euro\\\/#breadcrumb\",\"itemListElement\":[{\"@type\":\"ListItem\",\"position\":1,\"name\":\"Home\",\"item\":\"https:\\\/\\\/www.bellunopress.it\\\/\"},{\"@type\":\"ListItem\",\"position\":2,\"name\":\"Secondo appuntamento al Cinema Italia di Belluno con i marted\u00ec al cinema a tre euro\"}]},{\"@type\":\"WebSite\",\"@id\":\"https:\\\/\\\/www.bellunopress.it\\\/#website\",\"url\":\"https:\\\/\\\/www.bellunopress.it\\\/\",\"name\":\"Bellunopress - Dolomiti\",\"description\":\"e-mail: redazione@bellunopress.it\",\"publisher\":{\"@id\":\"https:\\\/\\\/www.bellunopress.it\\\/#organization\"},\"potentialAction\":[{\"@type\":\"SearchAction\",\"target\":{\"@type\":\"EntryPoint\",\"urlTemplate\":\"https:\\\/\\\/www.bellunopress.it\\\/?s={search_term_string}\"},\"query-input\":{\"@type\":\"PropertyValueSpecification\",\"valueRequired\":true,\"valueName\":\"search_term_string\"}}],\"inLanguage\":\"fr-FR\"},{\"@type\":\"Organization\",\"@id\":\"https:\\\/\\\/www.bellunopress.it\\\/#organization\",\"name\":\"Bellunopress\",\"url\":\"https:\\\/\\\/www.bellunopress.it\\\/\",\"logo\":{\"@type\":\"ImageObject\",\"inLanguage\":\"fr-FR\",\"@id\":\"https:\\\/\\\/www.bellunopress.it\\\/#\\\/schema\\\/logo\\\/image\\\/\",\"url\":\"https:\\\/\\\/www.bellunopress.it\\\/wp-content\\\/uploads\\\/2011\\\/05\\\/cropped-logo-bellunopress-.jpg\",\"contentUrl\":\"https:\\\/\\\/www.bellunopress.it\\\/wp-content\\\/uploads\\\/2011\\\/05\\\/cropped-logo-bellunopress-.jpg\",\"width\":512,\"height\":512,\"caption\":\"Bellunopress\"},\"image\":{\"@id\":\"https:\\\/\\\/www.bellunopress.it\\\/#\\\/schema\\\/logo\\\/image\\\/\"},\"sameAs\":[\"https:\\\/\\\/www.facebook.com\\\/profile.php?id=100008943462799\",\"https:\\\/\\\/x.com\\\/bellunopress\",\"https:\\\/\\\/www.linkedin.com\\\/hp\\\/?dnr=JBzUWaJfMUw8vbXJJ2tVW5-I3jZKvC4wsoxE&amp;amp;amp;amp;amp;amp;trk=nav_responsive_tab_home\",\"https:\\\/\\\/www.youtube.com\\\/channel\\\/UCxL0wu1uN0_3_7hGG0306cw\"]},{\"@type\":\"Person\",\"@id\":\"https:\\\/\\\/www.bellunopress.it\\\/#\\\/schema\\\/person\\\/79bb06722b37ece1c03d3e94beb30d73\",\"name\":\"redazione\",\"image\":{\"@type\":\"ImageObject\",\"inLanguage\":\"fr-FR\",\"@id\":\"https:\\\/\\\/secure.gravatar.com\\\/avatar\\\/37d968a2e67a6fd04c169c4bdef102d0bc5d31b2546345219e348575eb80e9a0?s=96&d=mm&r=g\",\"url\":\"https:\\\/\\\/secure.gravatar.com\\\/avatar\\\/37d968a2e67a6fd04c169c4bdef102d0bc5d31b2546345219e348575eb80e9a0?s=96&d=mm&r=g\",\"contentUrl\":\"https:\\\/\\\/secure.gravatar.com\\\/avatar\\\/37d968a2e67a6fd04c169c4bdef102d0bc5d31b2546345219e348575eb80e9a0?s=96&d=mm&r=g\",\"caption\":\"redazione\"},\"sameAs\":[\"http:\\\/\\\/www.bellunopress.it\",\"https:\\\/\\\/x.com\\\/bellunopress\"],\"url\":\"https:\\\/\\\/www.bellunopress.it\\\/fr\\\/author\\\/redazione\\\/\"}]}<\/script>\n<!-- \/ Yoast SEO plugin. -->","yoast_head_json":{"title":"Secondo appuntamento al Cinema Italia di Belluno con i marted\u00ec al cinema a tre euro - Bellunopress - Dolomiti","robots":{"index":"index","follow":"follow","max-snippet":"max-snippet:-1","max-image-preview":"max-image-preview:large","max-video-preview":"max-video-preview:-1"},"canonical":"https:\/\/www.bellunopress.it\/fr\/2019\/11\/08\/secondo-appuntamento-al-cinema-italia-di-belluno-con-i-martedi-al-cinema-a-tre-euro\/","og_locale":"fr_FR","og_type":"article","og_title":"Secondo appuntamento al Cinema Italia di Belluno con i marted\u00ec al cinema a tre euro - Bellunopress - Dolomiti","og_description":"Proseguono, marted\u00ec 12 novembre al Cinema Italia di Belluno, le proiezioni a tre euro della rassegna \u201cLa Regione del Veneto per il cinema di qualit\u00e0 &#8211; La Regione ti porta al cinema con tre euro &#8211; I marted\u00ec al cinema\u201d, progetto pluriennale organizzato dalla Federazione Italiana Cinema d\u2019Essai (FICE) delle Tre Venezie, l\u2019Associazione Generale Italiana [&hellip;]","og_url":"https:\/\/www.bellunopress.it\/fr\/2019\/11\/08\/secondo-appuntamento-al-cinema-italia-di-belluno-con-i-martedi-al-cinema-a-tre-euro\/","og_site_name":"Bellunopress - Dolomiti","article_publisher":"https:\/\/www.facebook.com\/profile.php?id=100008943462799","article_published_time":"2019-11-08T11:00:43+00:00","og_image":[{"url":"http:\/\/www.bellunopress.it\/wp-content\/uploads\/2016\/06\/cinema-Italia.jpg","type":"","width":"","height":""}],"author":"redazione","twitter_card":"summary_large_image","twitter_creator":"@bellunopress","twitter_site":"@bellunopress","twitter_misc":{"\u00c9crit par":"redazione","Dur\u00e9e de lecture estim\u00e9e":"1 minute"},"schema":{"@context":"https:\/\/schema.org","@graph":[{"@type":"Article","@id":"https:\/\/www.bellunopress.it\/2019\/11\/08\/secondo-appuntamento-al-cinema-italia-di-belluno-con-i-martedi-al-cinema-a-tre-euro\/#article","isPartOf":{"@id":"https:\/\/www.bellunopress.it\/2019\/11\/08\/secondo-appuntamento-al-cinema-italia-di-belluno-con-i-martedi-al-cinema-a-tre-euro\/"},"author":{"name":"redazione","@id":"https:\/\/www.bellunopress.it\/#\/schema\/person\/79bb06722b37ece1c03d3e94beb30d73"},"headline":"Secondo appuntamento al Cinema Italia di Belluno con i marted\u00ec al cinema a tre euro","datePublished":"2019-11-08T11:00:43+00:00","mainEntityOfPage":{"@id":"https:\/\/www.bellunopress.it\/2019\/11\/08\/secondo-appuntamento-al-cinema-italia-di-belluno-con-i-martedi-al-cinema-a-tre-euro\/"},"wordCount":307,"publisher":{"@id":"https:\/\/www.bellunopress.it\/#organization"},"image":{"@id":"https:\/\/www.bellunopress.it\/2019\/11\/08\/secondo-appuntamento-al-cinema-italia-di-belluno-con-i-martedi-al-cinema-a-tre-euro\/#primaryimage"},"thumbnailUrl":"http:\/\/www.bellunopress.it\/wp-content\/uploads\/2016\/06\/cinema-Italia.jpg","articleSection":["Appuntamenti, Eventi","Arte, Cultura, Spettacoli, Scienza","Pausa Caff\u00e8"],"inLanguage":"fr-FR"},{"@type":"WebPage","@id":"https:\/\/www.bellunopress.it\/2019\/11\/08\/secondo-appuntamento-al-cinema-italia-di-belluno-con-i-martedi-al-cinema-a-tre-euro\/","url":"https:\/\/www.bellunopress.it\/2019\/11\/08\/secondo-appuntamento-al-cinema-italia-di-belluno-con-i-martedi-al-cinema-a-tre-euro\/","name":"Secondo appuntamento al Cinema Italia di Belluno con i marted\u00ec al cinema a tre euro - Bellunopress - Dolomiti","isPartOf":{"@id":"https:\/\/www.bellunopress.it\/#website"},"primaryImageOfPage":{"@id":"https:\/\/www.bellunopress.it\/2019\/11\/08\/secondo-appuntamento-al-cinema-italia-di-belluno-con-i-martedi-al-cinema-a-tre-euro\/#primaryimage"},"image":{"@id":"https:\/\/www.bellunopress.it\/2019\/11\/08\/secondo-appuntamento-al-cinema-italia-di-belluno-con-i-martedi-al-cinema-a-tre-euro\/#primaryimage"},"thumbnailUrl":"http:\/\/www.bellunopress.it\/wp-content\/uploads\/2016\/06\/cinema-Italia.jpg","datePublished":"2019-11-08T11:00:43+00:00","breadcrumb":{"@id":"https:\/\/www.bellunopress.it\/2019\/11\/08\/secondo-appuntamento-al-cinema-italia-di-belluno-con-i-martedi-al-cinema-a-tre-euro\/#breadcrumb"},"inLanguage":"fr-FR","potentialAction":[{"@type":"ReadAction","target":["https:\/\/www.bellunopress.it\/2019\/11\/08\/secondo-appuntamento-al-cinema-italia-di-belluno-con-i-martedi-al-cinema-a-tre-euro\/"]}]},{"@type":"ImageObject","inLanguage":"fr-FR","@id":"https:\/\/www.bellunopress.it\/2019\/11\/08\/secondo-appuntamento-al-cinema-italia-di-belluno-con-i-martedi-al-cinema-a-tre-euro\/#primaryimage","url":"http:\/\/www.bellunopress.it\/wp-content\/uploads\/2016\/06\/cinema-Italia.jpg","contentUrl":"http:\/\/www.bellunopress.it\/wp-content\/uploads\/2016\/06\/cinema-Italia.jpg"},{"@type":"BreadcrumbList","@id":"https:\/\/www.bellunopress.it\/2019\/11\/08\/secondo-appuntamento-al-cinema-italia-di-belluno-con-i-martedi-al-cinema-a-tre-euro\/#breadcrumb","itemListElement":[{"@type":"ListItem","position":1,"name":"Home","item":"https:\/\/www.bellunopress.it\/"},{"@type":"ListItem","position":2,"name":"Secondo appuntamento al Cinema Italia di Belluno con i marted\u00ec al cinema a tre euro"}]},{"@type":"WebSite","@id":"https:\/\/www.bellunopress.it\/#website","url":"https:\/\/www.bellunopress.it\/","name":"Bellunopress - Dolomiti","description":"e-mail: redazione@bellunopress.it","publisher":{"@id":"https:\/\/www.bellunopress.it\/#organization"},"potentialAction":[{"@type":"SearchAction","target":{"@type":"EntryPoint","urlTemplate":"https:\/\/www.bellunopress.it\/?s={search_term_string}"},"query-input":{"@type":"PropertyValueSpecification","valueRequired":true,"valueName":"search_term_string"}}],"inLanguage":"fr-FR"},{"@type":"Organization","@id":"https:\/\/www.bellunopress.it\/#organization","name":"Bellunopress","url":"https:\/\/www.bellunopress.it\/","logo":{"@type":"ImageObject","inLanguage":"fr-FR","@id":"https:\/\/www.bellunopress.it\/#\/schema\/logo\/image\/","url":"https:\/\/www.bellunopress.it\/wp-content\/uploads\/2011\/05\/cropped-logo-bellunopress-.jpg","contentUrl":"https:\/\/www.bellunopress.it\/wp-content\/uploads\/2011\/05\/cropped-logo-bellunopress-.jpg","width":512,"height":512,"caption":"Bellunopress"},"image":{"@id":"https:\/\/www.bellunopress.it\/#\/schema\/logo\/image\/"},"sameAs":["https:\/\/www.facebook.com\/profile.php?id=100008943462799","https:\/\/x.com\/bellunopress","https:\/\/www.linkedin.com\/hp\/?dnr=JBzUWaJfMUw8vbXJJ2tVW5-I3jZKvC4wsoxE&amp;amp;amp;amp;amp;amp;trk=nav_responsive_tab_home","https:\/\/www.youtube.com\/channel\/UCxL0wu1uN0_3_7hGG0306cw"]},{"@type":"Person","@id":"https:\/\/www.bellunopress.it\/#\/schema\/person\/79bb06722b37ece1c03d3e94beb30d73","name":"r\u00e9daction","image":{"@type":"ImageObject","inLanguage":"fr-FR","@id":"https:\/\/secure.gravatar.com\/avatar\/37d968a2e67a6fd04c169c4bdef102d0bc5d31b2546345219e348575eb80e9a0?s=96&d=mm&r=g","url":"https:\/\/secure.gravatar.com\/avatar\/37d968a2e67a6fd04c169c4bdef102d0bc5d31b2546345219e348575eb80e9a0?s=96&d=mm&r=g","contentUrl":"https:\/\/secure.gravatar.com\/avatar\/37d968a2e67a6fd04c169c4bdef102d0bc5d31b2546345219e348575eb80e9a0?s=96&d=mm&r=g","caption":"redazione"},"sameAs":["http:\/\/www.bellunopress.it","https:\/\/x.com\/bellunopress"],"url":"https:\/\/www.bellunopress.it\/fr\/author\/redazione\/"}]}},"_links":{"self":[{"href":"https:\/\/www.bellunopress.it\/fr\/wp-json\/wp\/v2\/posts\/109409","targetHints":{"allow":["GET"]}}],"collection":[{"href":"https:\/\/www.bellunopress.it\/fr\/wp-json\/wp\/v2\/posts"}],"about":[{"href":"https:\/\/www.bellunopress.it\/fr\/wp-json\/wp\/v2\/types\/post"}],"author":[{"embeddable":true,"href":"https:\/\/www.bellunopress.it\/fr\/wp-json\/wp\/v2\/users\/2"}],"replies":[{"embeddable":true,"href":"https:\/\/www.bellunopress.it\/fr\/wp-json\/wp\/v2\/comments?post=109409"}],"version-history":[{"count":1,"href":"https:\/\/www.bellunopress.it\/fr\/wp-json\/wp\/v2\/posts\/109409\/revisions"}],"predecessor-version":[{"id":109410,"href":"https:\/\/www.bellunopress.it\/fr\/wp-json\/wp\/v2\/posts\/109409\/revisions\/109410"}],"wp:attachment":[{"href":"https:\/\/www.bellunopress.it\/fr\/wp-json\/wp\/v2\/media?parent=109409"}],"wp:term":[{"taxonomy":"category","embeddable":true,"href":"https:\/\/www.bellunopress.it\/fr\/wp-json\/wp\/v2\/categories?post=109409"},{"taxonomy":"post_tag","embeddable":true,"href":"https:\/\/www.bellunopress.it\/fr\/wp-json\/wp\/v2\/tags?post=109409"}],"curies":[{"name":"wp","href":"https:\/\/api.w.org\/{rel}","templated":true}]}}