{"id":109403,"date":"2019-11-08T11:10:10","date_gmt":"2019-11-08T10:10:10","guid":{"rendered":"http:\/\/www.bellunopress.it\/?p=109403"},"modified":"2019-11-08T11:10:10","modified_gmt":"2019-11-08T10:10:10","slug":"maltrattamenti-alla-moglie-davanti-ai-tre-figli-minori-allontanato-58enne-marocchino-residente-nel-basso-feltrino","status":"publish","type":"post","link":"https:\/\/www.bellunopress.it\/fr\/2019\/11\/08\/maltrattamenti-alla-moglie-davanti-ai-tre-figli-minori-allontanato-58enne-marocchino-residente-nel-basso-feltrino\/","title":{"rendered":"Maltrattamenti alla moglie davanti ai tre figli minori. Allontanato 58enne marocchino residente nel basso feltrino"},"content":{"rendered":"<p><a href=\"http:\/\/www.bellunopress.it\/fr\/2018\/11\/23\/tempestivo-intervento-dei-carabinieri-arrestato-stanotte-e-processato-stamattina-50enne-di-cosenza-sorpreso-a-forzare-la-porta-dellaci-di-feltre\/carabinieri-feltre-2\/\" rel=\"attachment wp-att-99869\"><img loading=\"lazy\" decoding=\"async\" class=\"alignleft size-full wp-image-99869\" src=\"http:\/\/www.bellunopress.it\/wp-content\/uploads\/2018\/11\/carabinieri-feltre.jpg\" alt=\"\" width=\"300\" height=\"285\" \/><\/a>I militari del Nucleo investigativo dei carabinieri sono intervenuti questa mattina nel basso feltrino per dare esecuzione alla misura cautelare dell allontanamento dalla casa familiare e divieto di avvicinamento emessa dal gip di Belluno nei confronti di un cittadino marocchino 58enne per il reato di maltrattamenti in famiglia.<\/p>\n<p>L&#8217;uomo, gi\u00e0 dal 2017 e fino alla fine del mese di settembre 2019 avrebbe sottoposto la moglie convivente marocchina di 41 anni a continue aggressioni, minacce di morte e sfregio con un coltello e insulti di tutti i generi. La vicenda viene alla luce quando la donna richiede l&#8217;intervento dei carabinieri di Feltre perch\u00e9 il marito le aveva versato sul volto una bevanda calda procurandole lesioni guaribili in qualche giorno.<\/p>\n<p>L&#8217;attivazione del personale specializzato del Nucleo investigativo dei carabinieri\u00a0 consentiva di ricostruire il lungo periodo di angherie patite dalla moglie, fatti che avvenivano quasi sempre alla presenza dei tre figli minori di anni 16, che determinava il provvedimento cautelare del gip.<br \/>\nUna delle minacce pi\u00f9 frequenti \u00e8 stata la seguente: dio vi faccia una maledizione cos\u00ec mi libero di voi&#8221;.<\/p>","protected":false},"excerpt":{"rendered":"<p>I militari del Nucleo investigativo dei carabinieri sono intervenuti questa mattina nel basso feltrino per dare esecuzione alla misura cautelare dell allontanamento dalla casa familiare e divieto di avvicinamento emessa dal gip di Belluno nei confronti di un cittadino marocchino 58enne per il reato di maltrattamenti in famiglia. L&#8217;uomo, gi\u00e0 dal 2017 e fino alla [&hellip;]<\/p>\n","protected":false},"author":2,"featured_media":0,"comment_status":"closed","ping_status":"open","sticky":false,"template":"","format":"standard","meta":{"footnotes":""},"categories":[1],"tags":[],"class_list":["post-109403","post","type-post","status-publish","format-standard","category-leo"],"yoast_head":"<!-- This site is optimized with the Yoast SEO plugin v28.4 - https:\/\/yoast.com\/product\/yoast-seo-wordpress\/ -->\n<title>Maltrattamenti alla moglie davanti ai tre figli minori. Allontanato 58enne marocchino residente nel basso feltrino - Bellunopress - Dolomiti<\/title>\n<meta name=\"robots\" content=\"index, follow, max-snippet:-1, max-image-preview:large, max-video-preview:-1\" \/>\n<link rel=\"canonical\" href=\"https:\/\/www.bellunopress.it\/fr\/2019\/11\/08\/maltrattamenti-alla-moglie-davanti-ai-tre-figli-minori-allontanato-58enne-marocchino-residente-nel-basso-feltrino\/\" \/>\n<meta property=\"og:locale\" content=\"fr_FR\" \/>\n<meta property=\"og:type\" content=\"article\" \/>\n<meta property=\"og:title\" content=\"Maltrattamenti alla moglie davanti ai tre figli minori. Allontanato 58enne marocchino residente nel basso feltrino - Bellunopress - Dolomiti\" \/>\n<meta property=\"og:description\" content=\"I militari del Nucleo investigativo dei carabinieri sono intervenuti questa mattina nel basso feltrino per dare esecuzione alla misura cautelare dell allontanamento dalla casa familiare e divieto di avvicinamento emessa dal gip di Belluno nei confronti di un cittadino marocchino 58enne per il reato di maltrattamenti in famiglia. L&#8217;uomo, gi\u00e0 dal 2017 e fino alla [&hellip;]\" \/>\n<meta property=\"og:url\" content=\"https:\/\/www.bellunopress.it\/fr\/2019\/11\/08\/maltrattamenti-alla-moglie-davanti-ai-tre-figli-minori-allontanato-58enne-marocchino-residente-nel-basso-feltrino\/\" \/>\n<meta property=\"og:site_name\" content=\"Bellunopress - Dolomiti\" \/>\n<meta property=\"article:publisher\" content=\"https:\/\/www.facebook.com\/profile.php?id=100008943462799\" \/>\n<meta property=\"article:published_time\" content=\"2019-11-08T10:10:10+00:00\" \/>\n<meta property=\"og:image\" content=\"http:\/\/www.bellunopress.it\/wp-content\/uploads\/2018\/11\/carabinieri-feltre.jpg\" \/>\n<meta name=\"author\" content=\"redazione\" \/>\n<meta name=\"twitter:card\" content=\"summary_large_image\" \/>\n<meta name=\"twitter:creator\" content=\"@bellunopress\" \/>\n<meta name=\"twitter:site\" content=\"@bellunopress\" \/>\n<meta name=\"twitter:label1\" content=\"\u00c9crit par\" \/>\n\t<meta name=\"twitter:data1\" content=\"redazione\" \/>\n\t<meta name=\"twitter:label2\" content=\"Dur\u00e9e de lecture estim\u00e9e\" \/>\n\t<meta name=\"twitter:data2\" content=\"1 minute\" \/>\n<script type=\"application\/ld+json\" class=\"yoast-schema-graph\">{\"@context\":\"https:\\\/\\\/schema.org\",\"@graph\":[{\"@type\":\"Article\",\"@id\":\"https:\\\/\\\/www.bellunopress.it\\\/2019\\\/11\\\/08\\\/maltrattamenti-alla-moglie-davanti-ai-tre-figli-minori-allontanato-58enne-marocchino-residente-nel-basso-feltrino\\\/#article\",\"isPartOf\":{\"@id\":\"https:\\\/\\\/www.bellunopress.it\\\/2019\\\/11\\\/08\\\/maltrattamenti-alla-moglie-davanti-ai-tre-figli-minori-allontanato-58enne-marocchino-residente-nel-basso-feltrino\\\/\"},\"author\":{\"name\":\"redazione\",\"@id\":\"https:\\\/\\\/www.bellunopress.it\\\/#\\\/schema\\\/person\\\/79bb06722b37ece1c03d3e94beb30d73\"},\"headline\":\"Maltrattamenti alla moglie davanti ai tre figli minori. Allontanato 58enne marocchino residente nel basso feltrino\",\"datePublished\":\"2019-11-08T10:10:10+00:00\",\"mainEntityOfPage\":{\"@id\":\"https:\\\/\\\/www.bellunopress.it\\\/2019\\\/11\\\/08\\\/maltrattamenti-alla-moglie-davanti-ai-tre-figli-minori-allontanato-58enne-marocchino-residente-nel-basso-feltrino\\\/\"},\"wordCount\":191,\"publisher\":{\"@id\":\"https:\\\/\\\/www.bellunopress.it\\\/#organization\"},\"image\":{\"@id\":\"https:\\\/\\\/www.bellunopress.it\\\/2019\\\/11\\\/08\\\/maltrattamenti-alla-moglie-davanti-ai-tre-figli-minori-allontanato-58enne-marocchino-residente-nel-basso-feltrino\\\/#primaryimage\"},\"thumbnailUrl\":\"http:\\\/\\\/www.bellunopress.it\\\/wp-content\\\/uploads\\\/2018\\\/11\\\/carabinieri-feltre.jpg\",\"articleSection\":[\"Lettere Opinioni\"],\"inLanguage\":\"fr-FR\"},{\"@type\":\"WebPage\",\"@id\":\"https:\\\/\\\/www.bellunopress.it\\\/2019\\\/11\\\/08\\\/maltrattamenti-alla-moglie-davanti-ai-tre-figli-minori-allontanato-58enne-marocchino-residente-nel-basso-feltrino\\\/\",\"url\":\"https:\\\/\\\/www.bellunopress.it\\\/2019\\\/11\\\/08\\\/maltrattamenti-alla-moglie-davanti-ai-tre-figli-minori-allontanato-58enne-marocchino-residente-nel-basso-feltrino\\\/\",\"name\":\"Maltrattamenti alla moglie davanti ai tre figli minori. Allontanato 58enne marocchino residente nel basso feltrino - Bellunopress - Dolomiti\",\"isPartOf\":{\"@id\":\"https:\\\/\\\/www.bellunopress.it\\\/#website\"},\"primaryImageOfPage\":{\"@id\":\"https:\\\/\\\/www.bellunopress.it\\\/2019\\\/11\\\/08\\\/maltrattamenti-alla-moglie-davanti-ai-tre-figli-minori-allontanato-58enne-marocchino-residente-nel-basso-feltrino\\\/#primaryimage\"},\"image\":{\"@id\":\"https:\\\/\\\/www.bellunopress.it\\\/2019\\\/11\\\/08\\\/maltrattamenti-alla-moglie-davanti-ai-tre-figli-minori-allontanato-58enne-marocchino-residente-nel-basso-feltrino\\\/#primaryimage\"},\"thumbnailUrl\":\"http:\\\/\\\/www.bellunopress.it\\\/wp-content\\\/uploads\\\/2018\\\/11\\\/carabinieri-feltre.jpg\",\"datePublished\":\"2019-11-08T10:10:10+00:00\",\"breadcrumb\":{\"@id\":\"https:\\\/\\\/www.bellunopress.it\\\/2019\\\/11\\\/08\\\/maltrattamenti-alla-moglie-davanti-ai-tre-figli-minori-allontanato-58enne-marocchino-residente-nel-basso-feltrino\\\/#breadcrumb\"},\"inLanguage\":\"fr-FR\",\"potentialAction\":[{\"@type\":\"ReadAction\",\"target\":[\"https:\\\/\\\/www.bellunopress.it\\\/2019\\\/11\\\/08\\\/maltrattamenti-alla-moglie-davanti-ai-tre-figli-minori-allontanato-58enne-marocchino-residente-nel-basso-feltrino\\\/\"]}]},{\"@type\":\"ImageObject\",\"inLanguage\":\"fr-FR\",\"@id\":\"https:\\\/\\\/www.bellunopress.it\\\/2019\\\/11\\\/08\\\/maltrattamenti-alla-moglie-davanti-ai-tre-figli-minori-allontanato-58enne-marocchino-residente-nel-basso-feltrino\\\/#primaryimage\",\"url\":\"http:\\\/\\\/www.bellunopress.it\\\/wp-content\\\/uploads\\\/2018\\\/11\\\/carabinieri-feltre.jpg\",\"contentUrl\":\"http:\\\/\\\/www.bellunopress.it\\\/wp-content\\\/uploads\\\/2018\\\/11\\\/carabinieri-feltre.jpg\"},{\"@type\":\"BreadcrumbList\",\"@id\":\"https:\\\/\\\/www.bellunopress.it\\\/2019\\\/11\\\/08\\\/maltrattamenti-alla-moglie-davanti-ai-tre-figli-minori-allontanato-58enne-marocchino-residente-nel-basso-feltrino\\\/#breadcrumb\",\"itemListElement\":[{\"@type\":\"ListItem\",\"position\":1,\"name\":\"Home\",\"item\":\"https:\\\/\\\/www.bellunopress.it\\\/\"},{\"@type\":\"ListItem\",\"position\":2,\"name\":\"Maltrattamenti alla moglie davanti ai tre figli minori. Allontanato 58enne marocchino residente nel basso feltrino\"}]},{\"@type\":\"WebSite\",\"@id\":\"https:\\\/\\\/www.bellunopress.it\\\/#website\",\"url\":\"https:\\\/\\\/www.bellunopress.it\\\/\",\"name\":\"Bellunopress - Dolomiti\",\"description\":\"e-mail: redazione@bellunopress.it\",\"publisher\":{\"@id\":\"https:\\\/\\\/www.bellunopress.it\\\/#organization\"},\"potentialAction\":[{\"@type\":\"SearchAction\",\"target\":{\"@type\":\"EntryPoint\",\"urlTemplate\":\"https:\\\/\\\/www.bellunopress.it\\\/?s={search_term_string}\"},\"query-input\":{\"@type\":\"PropertyValueSpecification\",\"valueRequired\":true,\"valueName\":\"search_term_string\"}}],\"inLanguage\":\"fr-FR\"},{\"@type\":\"Organization\",\"@id\":\"https:\\\/\\\/www.bellunopress.it\\\/#organization\",\"name\":\"Bellunopress\",\"url\":\"https:\\\/\\\/www.bellunopress.it\\\/\",\"logo\":{\"@type\":\"ImageObject\",\"inLanguage\":\"fr-FR\",\"@id\":\"https:\\\/\\\/www.bellunopress.it\\\/#\\\/schema\\\/logo\\\/image\\\/\",\"url\":\"https:\\\/\\\/www.bellunopress.it\\\/wp-content\\\/uploads\\\/2011\\\/05\\\/cropped-logo-bellunopress-.jpg\",\"contentUrl\":\"https:\\\/\\\/www.bellunopress.it\\\/wp-content\\\/uploads\\\/2011\\\/05\\\/cropped-logo-bellunopress-.jpg\",\"width\":512,\"height\":512,\"caption\":\"Bellunopress\"},\"image\":{\"@id\":\"https:\\\/\\\/www.bellunopress.it\\\/#\\\/schema\\\/logo\\\/image\\\/\"},\"sameAs\":[\"https:\\\/\\\/www.facebook.com\\\/profile.php?id=100008943462799\",\"https:\\\/\\\/x.com\\\/bellunopress\",\"https:\\\/\\\/www.linkedin.com\\\/hp\\\/?dnr=JBzUWaJfMUw8vbXJJ2tVW5-I3jZKvC4wsoxE&amp;amp;amp;amp;amp;amp;trk=nav_responsive_tab_home\",\"https:\\\/\\\/www.youtube.com\\\/channel\\\/UCxL0wu1uN0_3_7hGG0306cw\"]},{\"@type\":\"Person\",\"@id\":\"https:\\\/\\\/www.bellunopress.it\\\/#\\\/schema\\\/person\\\/79bb06722b37ece1c03d3e94beb30d73\",\"name\":\"redazione\",\"image\":{\"@type\":\"ImageObject\",\"inLanguage\":\"fr-FR\",\"@id\":\"https:\\\/\\\/secure.gravatar.com\\\/avatar\\\/37d968a2e67a6fd04c169c4bdef102d0bc5d31b2546345219e348575eb80e9a0?s=96&d=mm&r=g\",\"url\":\"https:\\\/\\\/secure.gravatar.com\\\/avatar\\\/37d968a2e67a6fd04c169c4bdef102d0bc5d31b2546345219e348575eb80e9a0?s=96&d=mm&r=g\",\"contentUrl\":\"https:\\\/\\\/secure.gravatar.com\\\/avatar\\\/37d968a2e67a6fd04c169c4bdef102d0bc5d31b2546345219e348575eb80e9a0?s=96&d=mm&r=g\",\"caption\":\"redazione\"},\"sameAs\":[\"http:\\\/\\\/www.bellunopress.it\",\"https:\\\/\\\/x.com\\\/bellunopress\"],\"url\":\"https:\\\/\\\/www.bellunopress.it\\\/fr\\\/author\\\/redazione\\\/\"}]}<\/script>\n<!-- \/ Yoast SEO plugin. -->","yoast_head_json":{"title":"Maltrattamenti alla moglie davanti ai tre figli minori. Allontanato 58enne marocchino residente nel basso feltrino - Bellunopress - Dolomiti","robots":{"index":"index","follow":"follow","max-snippet":"max-snippet:-1","max-image-preview":"max-image-preview:large","max-video-preview":"max-video-preview:-1"},"canonical":"https:\/\/www.bellunopress.it\/fr\/2019\/11\/08\/maltrattamenti-alla-moglie-davanti-ai-tre-figli-minori-allontanato-58enne-marocchino-residente-nel-basso-feltrino\/","og_locale":"fr_FR","og_type":"article","og_title":"Maltrattamenti alla moglie davanti ai tre figli minori. Allontanato 58enne marocchino residente nel basso feltrino - Bellunopress - Dolomiti","og_description":"I militari del Nucleo investigativo dei carabinieri sono intervenuti questa mattina nel basso feltrino per dare esecuzione alla misura cautelare dell allontanamento dalla casa familiare e divieto di avvicinamento emessa dal gip di Belluno nei confronti di un cittadino marocchino 58enne per il reato di maltrattamenti in famiglia. L&#8217;uomo, gi\u00e0 dal 2017 e fino alla [&hellip;]","og_url":"https:\/\/www.bellunopress.it\/fr\/2019\/11\/08\/maltrattamenti-alla-moglie-davanti-ai-tre-figli-minori-allontanato-58enne-marocchino-residente-nel-basso-feltrino\/","og_site_name":"Bellunopress - Dolomiti","article_publisher":"https:\/\/www.facebook.com\/profile.php?id=100008943462799","article_published_time":"2019-11-08T10:10:10+00:00","og_image":[{"url":"http:\/\/www.bellunopress.it\/wp-content\/uploads\/2018\/11\/carabinieri-feltre.jpg","type":"","width":"","height":""}],"author":"redazione","twitter_card":"summary_large_image","twitter_creator":"@bellunopress","twitter_site":"@bellunopress","twitter_misc":{"\u00c9crit par":"redazione","Dur\u00e9e de lecture estim\u00e9e":"1 minute"},"schema":{"@context":"https:\/\/schema.org","@graph":[{"@type":"Article","@id":"https:\/\/www.bellunopress.it\/2019\/11\/08\/maltrattamenti-alla-moglie-davanti-ai-tre-figli-minori-allontanato-58enne-marocchino-residente-nel-basso-feltrino\/#article","isPartOf":{"@id":"https:\/\/www.bellunopress.it\/2019\/11\/08\/maltrattamenti-alla-moglie-davanti-ai-tre-figli-minori-allontanato-58enne-marocchino-residente-nel-basso-feltrino\/"},"author":{"name":"redazione","@id":"https:\/\/www.bellunopress.it\/#\/schema\/person\/79bb06722b37ece1c03d3e94beb30d73"},"headline":"Maltrattamenti alla moglie davanti ai tre figli minori. Allontanato 58enne marocchino residente nel basso feltrino","datePublished":"2019-11-08T10:10:10+00:00","mainEntityOfPage":{"@id":"https:\/\/www.bellunopress.it\/2019\/11\/08\/maltrattamenti-alla-moglie-davanti-ai-tre-figli-minori-allontanato-58enne-marocchino-residente-nel-basso-feltrino\/"},"wordCount":191,"publisher":{"@id":"https:\/\/www.bellunopress.it\/#organization"},"image":{"@id":"https:\/\/www.bellunopress.it\/2019\/11\/08\/maltrattamenti-alla-moglie-davanti-ai-tre-figli-minori-allontanato-58enne-marocchino-residente-nel-basso-feltrino\/#primaryimage"},"thumbnailUrl":"http:\/\/www.bellunopress.it\/wp-content\/uploads\/2018\/11\/carabinieri-feltre.jpg","articleSection":["Lettere Opinioni"],"inLanguage":"fr-FR"},{"@type":"WebPage","@id":"https:\/\/www.bellunopress.it\/2019\/11\/08\/maltrattamenti-alla-moglie-davanti-ai-tre-figli-minori-allontanato-58enne-marocchino-residente-nel-basso-feltrino\/","url":"https:\/\/www.bellunopress.it\/2019\/11\/08\/maltrattamenti-alla-moglie-davanti-ai-tre-figli-minori-allontanato-58enne-marocchino-residente-nel-basso-feltrino\/","name":"Maltrattamenti alla moglie davanti ai tre figli minori. Allontanato 58enne marocchino residente nel basso feltrino - Bellunopress - Dolomiti","isPartOf":{"@id":"https:\/\/www.bellunopress.it\/#website"},"primaryImageOfPage":{"@id":"https:\/\/www.bellunopress.it\/2019\/11\/08\/maltrattamenti-alla-moglie-davanti-ai-tre-figli-minori-allontanato-58enne-marocchino-residente-nel-basso-feltrino\/#primaryimage"},"image":{"@id":"https:\/\/www.bellunopress.it\/2019\/11\/08\/maltrattamenti-alla-moglie-davanti-ai-tre-figli-minori-allontanato-58enne-marocchino-residente-nel-basso-feltrino\/#primaryimage"},"thumbnailUrl":"http:\/\/www.bellunopress.it\/wp-content\/uploads\/2018\/11\/carabinieri-feltre.jpg","datePublished":"2019-11-08T10:10:10+00:00","breadcrumb":{"@id":"https:\/\/www.bellunopress.it\/2019\/11\/08\/maltrattamenti-alla-moglie-davanti-ai-tre-figli-minori-allontanato-58enne-marocchino-residente-nel-basso-feltrino\/#breadcrumb"},"inLanguage":"fr-FR","potentialAction":[{"@type":"ReadAction","target":["https:\/\/www.bellunopress.it\/2019\/11\/08\/maltrattamenti-alla-moglie-davanti-ai-tre-figli-minori-allontanato-58enne-marocchino-residente-nel-basso-feltrino\/"]}]},{"@type":"ImageObject","inLanguage":"fr-FR","@id":"https:\/\/www.bellunopress.it\/2019\/11\/08\/maltrattamenti-alla-moglie-davanti-ai-tre-figli-minori-allontanato-58enne-marocchino-residente-nel-basso-feltrino\/#primaryimage","url":"http:\/\/www.bellunopress.it\/wp-content\/uploads\/2018\/11\/carabinieri-feltre.jpg","contentUrl":"http:\/\/www.bellunopress.it\/wp-content\/uploads\/2018\/11\/carabinieri-feltre.jpg"},{"@type":"BreadcrumbList","@id":"https:\/\/www.bellunopress.it\/2019\/11\/08\/maltrattamenti-alla-moglie-davanti-ai-tre-figli-minori-allontanato-58enne-marocchino-residente-nel-basso-feltrino\/#breadcrumb","itemListElement":[{"@type":"ListItem","position":1,"name":"Home","item":"https:\/\/www.bellunopress.it\/"},{"@type":"ListItem","position":2,"name":"Maltrattamenti alla moglie davanti ai tre figli minori. Allontanato 58enne marocchino residente nel basso feltrino"}]},{"@type":"WebSite","@id":"https:\/\/www.bellunopress.it\/#website","url":"https:\/\/www.bellunopress.it\/","name":"Bellunopress - Dolomiti","description":"e-mail: redazione@bellunopress.it","publisher":{"@id":"https:\/\/www.bellunopress.it\/#organization"},"potentialAction":[{"@type":"SearchAction","target":{"@type":"EntryPoint","urlTemplate":"https:\/\/www.bellunopress.it\/?s={search_term_string}"},"query-input":{"@type":"PropertyValueSpecification","valueRequired":true,"valueName":"search_term_string"}}],"inLanguage":"fr-FR"},{"@type":"Organization","@id":"https:\/\/www.bellunopress.it\/#organization","name":"Bellunopress","url":"https:\/\/www.bellunopress.it\/","logo":{"@type":"ImageObject","inLanguage":"fr-FR","@id":"https:\/\/www.bellunopress.it\/#\/schema\/logo\/image\/","url":"https:\/\/www.bellunopress.it\/wp-content\/uploads\/2011\/05\/cropped-logo-bellunopress-.jpg","contentUrl":"https:\/\/www.bellunopress.it\/wp-content\/uploads\/2011\/05\/cropped-logo-bellunopress-.jpg","width":512,"height":512,"caption":"Bellunopress"},"image":{"@id":"https:\/\/www.bellunopress.it\/#\/schema\/logo\/image\/"},"sameAs":["https:\/\/www.facebook.com\/profile.php?id=100008943462799","https:\/\/x.com\/bellunopress","https:\/\/www.linkedin.com\/hp\/?dnr=JBzUWaJfMUw8vbXJJ2tVW5-I3jZKvC4wsoxE&amp;amp;amp;amp;amp;amp;trk=nav_responsive_tab_home","https:\/\/www.youtube.com\/channel\/UCxL0wu1uN0_3_7hGG0306cw"]},{"@type":"Person","@id":"https:\/\/www.bellunopress.it\/#\/schema\/person\/79bb06722b37ece1c03d3e94beb30d73","name":"r\u00e9daction","image":{"@type":"ImageObject","inLanguage":"fr-FR","@id":"https:\/\/secure.gravatar.com\/avatar\/37d968a2e67a6fd04c169c4bdef102d0bc5d31b2546345219e348575eb80e9a0?s=96&d=mm&r=g","url":"https:\/\/secure.gravatar.com\/avatar\/37d968a2e67a6fd04c169c4bdef102d0bc5d31b2546345219e348575eb80e9a0?s=96&d=mm&r=g","contentUrl":"https:\/\/secure.gravatar.com\/avatar\/37d968a2e67a6fd04c169c4bdef102d0bc5d31b2546345219e348575eb80e9a0?s=96&d=mm&r=g","caption":"redazione"},"sameAs":["http:\/\/www.bellunopress.it","https:\/\/x.com\/bellunopress"],"url":"https:\/\/www.bellunopress.it\/fr\/author\/redazione\/"}]}},"_links":{"self":[{"href":"https:\/\/www.bellunopress.it\/fr\/wp-json\/wp\/v2\/posts\/109403","targetHints":{"allow":["GET"]}}],"collection":[{"href":"https:\/\/www.bellunopress.it\/fr\/wp-json\/wp\/v2\/posts"}],"about":[{"href":"https:\/\/www.bellunopress.it\/fr\/wp-json\/wp\/v2\/types\/post"}],"author":[{"embeddable":true,"href":"https:\/\/www.bellunopress.it\/fr\/wp-json\/wp\/v2\/users\/2"}],"replies":[{"embeddable":true,"href":"https:\/\/www.bellunopress.it\/fr\/wp-json\/wp\/v2\/comments?post=109403"}],"version-history":[{"count":1,"href":"https:\/\/www.bellunopress.it\/fr\/wp-json\/wp\/v2\/posts\/109403\/revisions"}],"predecessor-version":[{"id":109404,"href":"https:\/\/www.bellunopress.it\/fr\/wp-json\/wp\/v2\/posts\/109403\/revisions\/109404"}],"wp:attachment":[{"href":"https:\/\/www.bellunopress.it\/fr\/wp-json\/wp\/v2\/media?parent=109403"}],"wp:term":[{"taxonomy":"category","embeddable":true,"href":"https:\/\/www.bellunopress.it\/fr\/wp-json\/wp\/v2\/categories?post=109403"},{"taxonomy":"post_tag","embeddable":true,"href":"https:\/\/www.bellunopress.it\/fr\/wp-json\/wp\/v2\/tags?post=109403"}],"curies":[{"name":"wp","href":"https:\/\/api.w.org\/{rel}","templated":true}]}}