{"id":109399,"date":"2019-11-07T21:37:26","date_gmt":"2019-11-07T20:37:26","guid":{"rendered":"http:\/\/www.bellunopress.it\/?p=109399"},"modified":"2019-11-07T21:37:26","modified_gmt":"2019-11-07T20:37:26","slug":"obbligo-pneumatici-da-neve-o-catene-a-bordo-su-tutti-i-passi-da-venerdi","status":"publish","type":"post","link":"https:\/\/www.bellunopress.it\/fr\/2019\/11\/07\/obbligo-pneumatici-da-neve-o-catene-a-bordo-su-tutti-i-passi-da-venerdi\/","title":{"rendered":"Obbligo pneumatici da neve o catene a bordo su tutti i passi da venerd\u00ec"},"content":{"rendered":"<figure id=\"attachment_94869\" aria-describedby=\"caption-attachment-94869\" style=\"width: 280px\" class=\"wp-caption alignleft\"><a href=\"http:\/\/www.bellunopress.it\/fr\/2018\/05\/08\/il-prefetto-intervistato-dagli-studenti-legalita-contrasto-alle-mafie-bullismo-immigrazione-dipendenze-questi-i-temi-scelti-dagli-studenti\/francesco-esposito-prefetto-4\/\" rel=\"attachment wp-att-94869\"><img loading=\"lazy\" decoding=\"async\" class=\"size-full wp-image-94869\" src=\"http:\/\/www.bellunopress.it\/wp-content\/uploads\/2018\/05\/Francesco-Esposito-prefetto.jpg\" alt=\"\" width=\"280\" height=\"300\" \/><\/a><figcaption id=\"caption-attachment-94869\" class=\"wp-caption-text\">Francesco Esposito &#8211; Prefetto<\/figcaption><\/figure>\n<p>Belluno, 7 novembre 2019 &#8211; Il Centro Funzionale Decentrato della Regione Veneto ha emesso un avviso con il quale segnala, tra l&#8217;altro, che, nella giornata di domani, venerd\u00ec 8 novembre 2019, saranno possibili precipitazioni estese, a tratti intense, con quantitativi abbondanti sulle zone montane e pedemontane, localmente molto abbondanti. Nevicate in montagna, copiose sopra i 1.500 \u2013 1.700 metri e localmente significative anche a quote un po\u2019inferiori sulle Dolomiti.<\/p>\n<p>Alla luce dello scenario previsionale, il Prefetto di Belluno, Francesco Esposito, ha disposto, a tutela della sicurezza stradale, l&#8217;obbligo di circolazione dei veicoli solo se muniti di pneumatici invernali o catene a bordo, lungo i seguenti tratti di strada:<\/p>\n<p>\u00b7 SP 347 del Passo Cereda e del Passo Duran, da Frassen\u00e9 a confine provincia;<\/p>\n<p>\u00b7 SP 346 del Passo di San Pellegrino, da Falcade a confine provincia;<\/p>\n<p>\u00b7 SP 641 del Passo Fedaia, da Sottoguda a confine provincia;<\/p>\n<p>\u00b7 SR 203 Agordina, da Caprile a bivio Cernadoi;<\/p>\n<p>\u00b7 SR 48 delle Dolomiti, da Auronzo a confine provincia passi Tre Croci, Falzarego, Pordoi;<\/p>\n<p>\u00b7 SP 619 di Vigo di Cadore, da Lorenzago a confine provincia;<\/p>\n<p>\u00b7 SP 30 Panoramica del Comelico, da Costalissoio a Costalta;<\/p>\n<p>\u00b7 SP 6 Danta, da Campitello fino ad incrocio con SP 532;<\/p>\n<p>\u00b7 SP 532 del Passo di Sant\u2019Antonio, da Auronzo a Padola;<\/p>\n<p>\u00b7 SP 251 della Val di Zoldo e Val Cellina, da Zoldo Alto a Forcella Staulanza-Selva di Cadore-Colle Santa Lucia;<\/p>\n<p>\u00b7 SP 148 Cadorna, da Forcelletta a confine provincia;<\/p>\n<p>\u00b7 SP 244 della Val Badia, da Arabba a confine provincia;<\/p>\n<p>\u00b7 SS 51 di Alemagna, da Dogana Vecchia (Cortina d\u2019Ampezzo) a confine provincia;<\/p>\n<p>\u00b7 SS 52 Carnica, da Padola a confine provincia e da Lorenzago a Passo Mauria;<\/p>\n<p>\u00b7 SP 24 Passo di Val Parola, dal confine provincia a Passo Falzarego<\/p>\n<p>L&#8217;ordinanza sar\u00e0 in vigore a partire dalle ore 06.00 di venerd\u00ec 8 novembre e fino alle 00.00 di sabato 9 novembre.<\/p>\n<p>Gli enti proprietari e\/o gestori delle strade e le Forze di Polizia cureranno il monitoraggio delle arterie stradali di competenza, interessate dal provvedimento prefettizio e potranno adottare autonomamente eventuali, ulteriori, dispositivi di interdizione al transito ovvero, anche in via estemporanea, apposite deroghe all\u2019obbligo di circolazione solo se muniti di dotazioni invernali, qualora le condizioni della viabilit\u00e0 o altre circostanze lo richiedano.<\/p>","protected":false},"excerpt":{"rendered":"<p>Belluno, 7 novembre 2019 &#8211; Il Centro Funzionale Decentrato della Regione Veneto ha emesso un avviso con il quale segnala, tra l&#8217;altro, che, nella giornata di domani, venerd\u00ec 8 novembre 2019, saranno possibili precipitazioni estese, a tratti intense, con quantitativi abbondanti sulle zone montane e pedemontane, localmente molto abbondanti. Nevicate in montagna, copiose sopra i [&hellip;]<\/p>\n","protected":false},"author":2,"featured_media":0,"comment_status":"closed","ping_status":"open","sticky":false,"template":"","format":"standard","meta":{"footnotes":""},"categories":[26,8],"tags":[],"class_list":["post-109399","post","type-post","status-publish","format-standard","category-prima-pagina","category-societa-istituzioni"],"yoast_head":"<!-- This site is optimized with the Yoast SEO plugin v28.4 - https:\/\/yoast.com\/product\/yoast-seo-wordpress\/ -->\n<title>Obbligo pneumatici da neve o catene a bordo su tutti i passi da venerd\u00ec - Bellunopress - Dolomiti<\/title>\n<meta name=\"robots\" content=\"index, follow, max-snippet:-1, max-image-preview:large, max-video-preview:-1\" \/>\n<link rel=\"canonical\" href=\"https:\/\/www.bellunopress.it\/fr\/2019\/11\/07\/obbligo-pneumatici-da-neve-o-catene-a-bordo-su-tutti-i-passi-da-venerdi\/\" \/>\n<meta property=\"og:locale\" content=\"fr_FR\" \/>\n<meta property=\"og:type\" content=\"article\" \/>\n<meta property=\"og:title\" content=\"Obbligo pneumatici da neve o catene a bordo su tutti i passi da venerd\u00ec - Bellunopress - Dolomiti\" \/>\n<meta property=\"og:description\" content=\"Belluno, 7 novembre 2019 &#8211; Il Centro Funzionale Decentrato della Regione Veneto ha emesso un avviso con il quale segnala, tra l&#8217;altro, che, nella giornata di domani, venerd\u00ec 8 novembre 2019, saranno possibili precipitazioni estese, a tratti intense, con quantitativi abbondanti sulle zone montane e pedemontane, localmente molto abbondanti. Nevicate in montagna, copiose sopra i [&hellip;]\" \/>\n<meta property=\"og:url\" content=\"https:\/\/www.bellunopress.it\/fr\/2019\/11\/07\/obbligo-pneumatici-da-neve-o-catene-a-bordo-su-tutti-i-passi-da-venerdi\/\" \/>\n<meta property=\"og:site_name\" content=\"Bellunopress - Dolomiti\" \/>\n<meta property=\"article:publisher\" content=\"https:\/\/www.facebook.com\/profile.php?id=100008943462799\" \/>\n<meta property=\"article:published_time\" content=\"2019-11-07T20:37:26+00:00\" \/>\n<meta property=\"og:image\" content=\"http:\/\/www.bellunopress.it\/wp-content\/uploads\/2018\/05\/Francesco-Esposito-prefetto.jpg\" \/>\n<meta name=\"author\" content=\"redazione\" \/>\n<meta name=\"twitter:card\" content=\"summary_large_image\" \/>\n<meta name=\"twitter:creator\" content=\"@bellunopress\" \/>\n<meta name=\"twitter:site\" content=\"@bellunopress\" \/>\n<meta name=\"twitter:label1\" content=\"\u00c9crit par\" \/>\n\t<meta name=\"twitter:data1\" content=\"redazione\" \/>\n\t<meta name=\"twitter:label2\" content=\"Dur\u00e9e de lecture estim\u00e9e\" \/>\n\t<meta name=\"twitter:data2\" content=\"2 minutes\" \/>\n<script type=\"application\/ld+json\" class=\"yoast-schema-graph\">{\"@context\":\"https:\\\/\\\/schema.org\",\"@graph\":[{\"@type\":\"Article\",\"@id\":\"https:\\\/\\\/www.bellunopress.it\\\/2019\\\/11\\\/07\\\/obbligo-pneumatici-da-neve-o-catene-a-bordo-su-tutti-i-passi-da-venerdi\\\/#article\",\"isPartOf\":{\"@id\":\"https:\\\/\\\/www.bellunopress.it\\\/2019\\\/11\\\/07\\\/obbligo-pneumatici-da-neve-o-catene-a-bordo-su-tutti-i-passi-da-venerdi\\\/\"},\"author\":{\"name\":\"redazione\",\"@id\":\"https:\\\/\\\/www.bellunopress.it\\\/#\\\/schema\\\/person\\\/79bb06722b37ece1c03d3e94beb30d73\"},\"headline\":\"Obbligo pneumatici da neve o catene a bordo su tutti i passi da venerd\u00ec\",\"datePublished\":\"2019-11-07T20:37:26+00:00\",\"mainEntityOfPage\":{\"@id\":\"https:\\\/\\\/www.bellunopress.it\\\/2019\\\/11\\\/07\\\/obbligo-pneumatici-da-neve-o-catene-a-bordo-su-tutti-i-passi-da-venerdi\\\/\"},\"wordCount\":370,\"publisher\":{\"@id\":\"https:\\\/\\\/www.bellunopress.it\\\/#organization\"},\"image\":{\"@id\":\"https:\\\/\\\/www.bellunopress.it\\\/2019\\\/11\\\/07\\\/obbligo-pneumatici-da-neve-o-catene-a-bordo-su-tutti-i-passi-da-venerdi\\\/#primaryimage\"},\"thumbnailUrl\":\"http:\\\/\\\/www.bellunopress.it\\\/wp-content\\\/uploads\\\/2018\\\/05\\\/Francesco-Esposito-prefetto.jpg\",\"articleSection\":[\"Prima Pagina\",\"Societ\u00e0, Associazioni, Istituzioni\"],\"inLanguage\":\"fr-FR\"},{\"@type\":\"WebPage\",\"@id\":\"https:\\\/\\\/www.bellunopress.it\\\/2019\\\/11\\\/07\\\/obbligo-pneumatici-da-neve-o-catene-a-bordo-su-tutti-i-passi-da-venerdi\\\/\",\"url\":\"https:\\\/\\\/www.bellunopress.it\\\/2019\\\/11\\\/07\\\/obbligo-pneumatici-da-neve-o-catene-a-bordo-su-tutti-i-passi-da-venerdi\\\/\",\"name\":\"Obbligo pneumatici da neve o catene a bordo su tutti i passi da venerd\u00ec - Bellunopress - Dolomiti\",\"isPartOf\":{\"@id\":\"https:\\\/\\\/www.bellunopress.it\\\/#website\"},\"primaryImageOfPage\":{\"@id\":\"https:\\\/\\\/www.bellunopress.it\\\/2019\\\/11\\\/07\\\/obbligo-pneumatici-da-neve-o-catene-a-bordo-su-tutti-i-passi-da-venerdi\\\/#primaryimage\"},\"image\":{\"@id\":\"https:\\\/\\\/www.bellunopress.it\\\/2019\\\/11\\\/07\\\/obbligo-pneumatici-da-neve-o-catene-a-bordo-su-tutti-i-passi-da-venerdi\\\/#primaryimage\"},\"thumbnailUrl\":\"http:\\\/\\\/www.bellunopress.it\\\/wp-content\\\/uploads\\\/2018\\\/05\\\/Francesco-Esposito-prefetto.jpg\",\"datePublished\":\"2019-11-07T20:37:26+00:00\",\"breadcrumb\":{\"@id\":\"https:\\\/\\\/www.bellunopress.it\\\/2019\\\/11\\\/07\\\/obbligo-pneumatici-da-neve-o-catene-a-bordo-su-tutti-i-passi-da-venerdi\\\/#breadcrumb\"},\"inLanguage\":\"fr-FR\",\"potentialAction\":[{\"@type\":\"ReadAction\",\"target\":[\"https:\\\/\\\/www.bellunopress.it\\\/2019\\\/11\\\/07\\\/obbligo-pneumatici-da-neve-o-catene-a-bordo-su-tutti-i-passi-da-venerdi\\\/\"]}]},{\"@type\":\"ImageObject\",\"inLanguage\":\"fr-FR\",\"@id\":\"https:\\\/\\\/www.bellunopress.it\\\/2019\\\/11\\\/07\\\/obbligo-pneumatici-da-neve-o-catene-a-bordo-su-tutti-i-passi-da-venerdi\\\/#primaryimage\",\"url\":\"http:\\\/\\\/www.bellunopress.it\\\/wp-content\\\/uploads\\\/2018\\\/05\\\/Francesco-Esposito-prefetto.jpg\",\"contentUrl\":\"http:\\\/\\\/www.bellunopress.it\\\/wp-content\\\/uploads\\\/2018\\\/05\\\/Francesco-Esposito-prefetto.jpg\"},{\"@type\":\"BreadcrumbList\",\"@id\":\"https:\\\/\\\/www.bellunopress.it\\\/2019\\\/11\\\/07\\\/obbligo-pneumatici-da-neve-o-catene-a-bordo-su-tutti-i-passi-da-venerdi\\\/#breadcrumb\",\"itemListElement\":[{\"@type\":\"ListItem\",\"position\":1,\"name\":\"Home\",\"item\":\"https:\\\/\\\/www.bellunopress.it\\\/\"},{\"@type\":\"ListItem\",\"position\":2,\"name\":\"Obbligo pneumatici da neve o catene a bordo su tutti i passi da venerd\u00ec\"}]},{\"@type\":\"WebSite\",\"@id\":\"https:\\\/\\\/www.bellunopress.it\\\/#website\",\"url\":\"https:\\\/\\\/www.bellunopress.it\\\/\",\"name\":\"Bellunopress - Dolomiti\",\"description\":\"e-mail: redazione@bellunopress.it\",\"publisher\":{\"@id\":\"https:\\\/\\\/www.bellunopress.it\\\/#organization\"},\"potentialAction\":[{\"@type\":\"SearchAction\",\"target\":{\"@type\":\"EntryPoint\",\"urlTemplate\":\"https:\\\/\\\/www.bellunopress.it\\\/?s={search_term_string}\"},\"query-input\":{\"@type\":\"PropertyValueSpecification\",\"valueRequired\":true,\"valueName\":\"search_term_string\"}}],\"inLanguage\":\"fr-FR\"},{\"@type\":\"Organization\",\"@id\":\"https:\\\/\\\/www.bellunopress.it\\\/#organization\",\"name\":\"Bellunopress\",\"url\":\"https:\\\/\\\/www.bellunopress.it\\\/\",\"logo\":{\"@type\":\"ImageObject\",\"inLanguage\":\"fr-FR\",\"@id\":\"https:\\\/\\\/www.bellunopress.it\\\/#\\\/schema\\\/logo\\\/image\\\/\",\"url\":\"https:\\\/\\\/www.bellunopress.it\\\/wp-content\\\/uploads\\\/2011\\\/05\\\/cropped-logo-bellunopress-.jpg\",\"contentUrl\":\"https:\\\/\\\/www.bellunopress.it\\\/wp-content\\\/uploads\\\/2011\\\/05\\\/cropped-logo-bellunopress-.jpg\",\"width\":512,\"height\":512,\"caption\":\"Bellunopress\"},\"image\":{\"@id\":\"https:\\\/\\\/www.bellunopress.it\\\/#\\\/schema\\\/logo\\\/image\\\/\"},\"sameAs\":[\"https:\\\/\\\/www.facebook.com\\\/profile.php?id=100008943462799\",\"https:\\\/\\\/x.com\\\/bellunopress\",\"https:\\\/\\\/www.linkedin.com\\\/hp\\\/?dnr=JBzUWaJfMUw8vbXJJ2tVW5-I3jZKvC4wsoxE&amp;amp;amp;amp;amp;amp;trk=nav_responsive_tab_home\",\"https:\\\/\\\/www.youtube.com\\\/channel\\\/UCxL0wu1uN0_3_7hGG0306cw\"]},{\"@type\":\"Person\",\"@id\":\"https:\\\/\\\/www.bellunopress.it\\\/#\\\/schema\\\/person\\\/79bb06722b37ece1c03d3e94beb30d73\",\"name\":\"redazione\",\"image\":{\"@type\":\"ImageObject\",\"inLanguage\":\"fr-FR\",\"@id\":\"https:\\\/\\\/secure.gravatar.com\\\/avatar\\\/37d968a2e67a6fd04c169c4bdef102d0bc5d31b2546345219e348575eb80e9a0?s=96&d=mm&r=g\",\"url\":\"https:\\\/\\\/secure.gravatar.com\\\/avatar\\\/37d968a2e67a6fd04c169c4bdef102d0bc5d31b2546345219e348575eb80e9a0?s=96&d=mm&r=g\",\"contentUrl\":\"https:\\\/\\\/secure.gravatar.com\\\/avatar\\\/37d968a2e67a6fd04c169c4bdef102d0bc5d31b2546345219e348575eb80e9a0?s=96&d=mm&r=g\",\"caption\":\"redazione\"},\"sameAs\":[\"http:\\\/\\\/www.bellunopress.it\",\"https:\\\/\\\/x.com\\\/bellunopress\"],\"url\":\"https:\\\/\\\/www.bellunopress.it\\\/fr\\\/author\\\/redazione\\\/\"}]}<\/script>\n<!-- \/ Yoast SEO plugin. -->","yoast_head_json":{"title":"Obbligo pneumatici da neve o catene a bordo su tutti i passi da venerd\u00ec - Bellunopress - Dolomiti","robots":{"index":"index","follow":"follow","max-snippet":"max-snippet:-1","max-image-preview":"max-image-preview:large","max-video-preview":"max-video-preview:-1"},"canonical":"https:\/\/www.bellunopress.it\/fr\/2019\/11\/07\/obbligo-pneumatici-da-neve-o-catene-a-bordo-su-tutti-i-passi-da-venerdi\/","og_locale":"fr_FR","og_type":"article","og_title":"Obbligo pneumatici da neve o catene a bordo su tutti i passi da venerd\u00ec - Bellunopress - Dolomiti","og_description":"Belluno, 7 novembre 2019 &#8211; Il Centro Funzionale Decentrato della Regione Veneto ha emesso un avviso con il quale segnala, tra l&#8217;altro, che, nella giornata di domani, venerd\u00ec 8 novembre 2019, saranno possibili precipitazioni estese, a tratti intense, con quantitativi abbondanti sulle zone montane e pedemontane, localmente molto abbondanti. Nevicate in montagna, copiose sopra i [&hellip;]","og_url":"https:\/\/www.bellunopress.it\/fr\/2019\/11\/07\/obbligo-pneumatici-da-neve-o-catene-a-bordo-su-tutti-i-passi-da-venerdi\/","og_site_name":"Bellunopress - Dolomiti","article_publisher":"https:\/\/www.facebook.com\/profile.php?id=100008943462799","article_published_time":"2019-11-07T20:37:26+00:00","og_image":[{"url":"http:\/\/www.bellunopress.it\/wp-content\/uploads\/2018\/05\/Francesco-Esposito-prefetto.jpg","type":"","width":"","height":""}],"author":"redazione","twitter_card":"summary_large_image","twitter_creator":"@bellunopress","twitter_site":"@bellunopress","twitter_misc":{"\u00c9crit par":"redazione","Dur\u00e9e de lecture estim\u00e9e":"2 minutes"},"schema":{"@context":"https:\/\/schema.org","@graph":[{"@type":"Article","@id":"https:\/\/www.bellunopress.it\/2019\/11\/07\/obbligo-pneumatici-da-neve-o-catene-a-bordo-su-tutti-i-passi-da-venerdi\/#article","isPartOf":{"@id":"https:\/\/www.bellunopress.it\/2019\/11\/07\/obbligo-pneumatici-da-neve-o-catene-a-bordo-su-tutti-i-passi-da-venerdi\/"},"author":{"name":"redazione","@id":"https:\/\/www.bellunopress.it\/#\/schema\/person\/79bb06722b37ece1c03d3e94beb30d73"},"headline":"Obbligo pneumatici da neve o catene a bordo su tutti i passi da venerd\u00ec","datePublished":"2019-11-07T20:37:26+00:00","mainEntityOfPage":{"@id":"https:\/\/www.bellunopress.it\/2019\/11\/07\/obbligo-pneumatici-da-neve-o-catene-a-bordo-su-tutti-i-passi-da-venerdi\/"},"wordCount":370,"publisher":{"@id":"https:\/\/www.bellunopress.it\/#organization"},"image":{"@id":"https:\/\/www.bellunopress.it\/2019\/11\/07\/obbligo-pneumatici-da-neve-o-catene-a-bordo-su-tutti-i-passi-da-venerdi\/#primaryimage"},"thumbnailUrl":"http:\/\/www.bellunopress.it\/wp-content\/uploads\/2018\/05\/Francesco-Esposito-prefetto.jpg","articleSection":["Prima Pagina","Societ\u00e0, Associazioni, Istituzioni"],"inLanguage":"fr-FR"},{"@type":"WebPage","@id":"https:\/\/www.bellunopress.it\/2019\/11\/07\/obbligo-pneumatici-da-neve-o-catene-a-bordo-su-tutti-i-passi-da-venerdi\/","url":"https:\/\/www.bellunopress.it\/2019\/11\/07\/obbligo-pneumatici-da-neve-o-catene-a-bordo-su-tutti-i-passi-da-venerdi\/","name":"Obbligo pneumatici da neve o catene a bordo su tutti i passi da venerd\u00ec - Bellunopress - Dolomiti","isPartOf":{"@id":"https:\/\/www.bellunopress.it\/#website"},"primaryImageOfPage":{"@id":"https:\/\/www.bellunopress.it\/2019\/11\/07\/obbligo-pneumatici-da-neve-o-catene-a-bordo-su-tutti-i-passi-da-venerdi\/#primaryimage"},"image":{"@id":"https:\/\/www.bellunopress.it\/2019\/11\/07\/obbligo-pneumatici-da-neve-o-catene-a-bordo-su-tutti-i-passi-da-venerdi\/#primaryimage"},"thumbnailUrl":"http:\/\/www.bellunopress.it\/wp-content\/uploads\/2018\/05\/Francesco-Esposito-prefetto.jpg","datePublished":"2019-11-07T20:37:26+00:00","breadcrumb":{"@id":"https:\/\/www.bellunopress.it\/2019\/11\/07\/obbligo-pneumatici-da-neve-o-catene-a-bordo-su-tutti-i-passi-da-venerdi\/#breadcrumb"},"inLanguage":"fr-FR","potentialAction":[{"@type":"ReadAction","target":["https:\/\/www.bellunopress.it\/2019\/11\/07\/obbligo-pneumatici-da-neve-o-catene-a-bordo-su-tutti-i-passi-da-venerdi\/"]}]},{"@type":"ImageObject","inLanguage":"fr-FR","@id":"https:\/\/www.bellunopress.it\/2019\/11\/07\/obbligo-pneumatici-da-neve-o-catene-a-bordo-su-tutti-i-passi-da-venerdi\/#primaryimage","url":"http:\/\/www.bellunopress.it\/wp-content\/uploads\/2018\/05\/Francesco-Esposito-prefetto.jpg","contentUrl":"http:\/\/www.bellunopress.it\/wp-content\/uploads\/2018\/05\/Francesco-Esposito-prefetto.jpg"},{"@type":"BreadcrumbList","@id":"https:\/\/www.bellunopress.it\/2019\/11\/07\/obbligo-pneumatici-da-neve-o-catene-a-bordo-su-tutti-i-passi-da-venerdi\/#breadcrumb","itemListElement":[{"@type":"ListItem","position":1,"name":"Home","item":"https:\/\/www.bellunopress.it\/"},{"@type":"ListItem","position":2,"name":"Obbligo pneumatici da neve o catene a bordo su tutti i passi da venerd\u00ec"}]},{"@type":"WebSite","@id":"https:\/\/www.bellunopress.it\/#website","url":"https:\/\/www.bellunopress.it\/","name":"Bellunopress - Dolomiti","description":"e-mail: redazione@bellunopress.it","publisher":{"@id":"https:\/\/www.bellunopress.it\/#organization"},"potentialAction":[{"@type":"SearchAction","target":{"@type":"EntryPoint","urlTemplate":"https:\/\/www.bellunopress.it\/?s={search_term_string}"},"query-input":{"@type":"PropertyValueSpecification","valueRequired":true,"valueName":"search_term_string"}}],"inLanguage":"fr-FR"},{"@type":"Organization","@id":"https:\/\/www.bellunopress.it\/#organization","name":"Bellunopress","url":"https:\/\/www.bellunopress.it\/","logo":{"@type":"ImageObject","inLanguage":"fr-FR","@id":"https:\/\/www.bellunopress.it\/#\/schema\/logo\/image\/","url":"https:\/\/www.bellunopress.it\/wp-content\/uploads\/2011\/05\/cropped-logo-bellunopress-.jpg","contentUrl":"https:\/\/www.bellunopress.it\/wp-content\/uploads\/2011\/05\/cropped-logo-bellunopress-.jpg","width":512,"height":512,"caption":"Bellunopress"},"image":{"@id":"https:\/\/www.bellunopress.it\/#\/schema\/logo\/image\/"},"sameAs":["https:\/\/www.facebook.com\/profile.php?id=100008943462799","https:\/\/x.com\/bellunopress","https:\/\/www.linkedin.com\/hp\/?dnr=JBzUWaJfMUw8vbXJJ2tVW5-I3jZKvC4wsoxE&amp;amp;amp;amp;amp;amp;trk=nav_responsive_tab_home","https:\/\/www.youtube.com\/channel\/UCxL0wu1uN0_3_7hGG0306cw"]},{"@type":"Person","@id":"https:\/\/www.bellunopress.it\/#\/schema\/person\/79bb06722b37ece1c03d3e94beb30d73","name":"r\u00e9daction","image":{"@type":"ImageObject","inLanguage":"fr-FR","@id":"https:\/\/secure.gravatar.com\/avatar\/37d968a2e67a6fd04c169c4bdef102d0bc5d31b2546345219e348575eb80e9a0?s=96&d=mm&r=g","url":"https:\/\/secure.gravatar.com\/avatar\/37d968a2e67a6fd04c169c4bdef102d0bc5d31b2546345219e348575eb80e9a0?s=96&d=mm&r=g","contentUrl":"https:\/\/secure.gravatar.com\/avatar\/37d968a2e67a6fd04c169c4bdef102d0bc5d31b2546345219e348575eb80e9a0?s=96&d=mm&r=g","caption":"redazione"},"sameAs":["http:\/\/www.bellunopress.it","https:\/\/x.com\/bellunopress"],"url":"https:\/\/www.bellunopress.it\/fr\/author\/redazione\/"}]}},"_links":{"self":[{"href":"https:\/\/www.bellunopress.it\/fr\/wp-json\/wp\/v2\/posts\/109399","targetHints":{"allow":["GET"]}}],"collection":[{"href":"https:\/\/www.bellunopress.it\/fr\/wp-json\/wp\/v2\/posts"}],"about":[{"href":"https:\/\/www.bellunopress.it\/fr\/wp-json\/wp\/v2\/types\/post"}],"author":[{"embeddable":true,"href":"https:\/\/www.bellunopress.it\/fr\/wp-json\/wp\/v2\/users\/2"}],"replies":[{"embeddable":true,"href":"https:\/\/www.bellunopress.it\/fr\/wp-json\/wp\/v2\/comments?post=109399"}],"version-history":[{"count":1,"href":"https:\/\/www.bellunopress.it\/fr\/wp-json\/wp\/v2\/posts\/109399\/revisions"}],"predecessor-version":[{"id":109400,"href":"https:\/\/www.bellunopress.it\/fr\/wp-json\/wp\/v2\/posts\/109399\/revisions\/109400"}],"wp:attachment":[{"href":"https:\/\/www.bellunopress.it\/fr\/wp-json\/wp\/v2\/media?parent=109399"}],"wp:term":[{"taxonomy":"category","embeddable":true,"href":"https:\/\/www.bellunopress.it\/fr\/wp-json\/wp\/v2\/categories?post=109399"},{"taxonomy":"post_tag","embeddable":true,"href":"https:\/\/www.bellunopress.it\/fr\/wp-json\/wp\/v2\/tags?post=109399"}],"curies":[{"name":"wp","href":"https:\/\/api.w.org\/{rel}","templated":true}]}}