{"id":109395,"date":"2019-11-07T21:29:50","date_gmt":"2019-11-07T20:29:50","guid":{"rendered":"http:\/\/www.bellunopress.it\/?p=109395"},"modified":"2019-11-07T21:29:52","modified_gmt":"2019-11-07T20:29:52","slug":"belluno-sosta-in-piazza-duomo-e-piazza-delle-erbe-addamiano-o-si-tolgono-i-divieti-o-si-fanno-rispettare","status":"publish","type":"post","link":"https:\/\/www.bellunopress.it\/fr\/2019\/11\/07\/belluno-sosta-in-piazza-duomo-e-piazza-delle-erbe-addamiano-o-si-tolgono-i-divieti-o-si-fanno-rispettare\/","title":{"rendered":"Belluno, sosta in piazza Duomo e piazza delle Erbe. Addamiano: &#8220;O si tolgono i divieti o si fanno rispettare&#8221;"},"content":{"rendered":"<p><a href=\"http:\/\/www.bellunopress.it\/fr\/2019\/11\/07\/belluno-sosta-in-piazza-duomo-e-piazza-delle-erbe-addamiano-o-si-tolgono-i-divieti-o-si-fanno-rispettare\/piazza-duomo-parcheggi\/\" rel=\"attachment wp-att-109396\"><img loading=\"lazy\" decoding=\"async\" class=\"alignleft size-full wp-image-109396\" src=\"http:\/\/www.bellunopress.it\/wp-content\/uploads\/2019\/11\/piazza-duomo-parcheggi.jpg\" alt=\"\" width=\"287\" height=\"300\" \/><\/a>&#8220;Alla richiesta di oltre 130 residenti di far rispettare i divieti di sosta nella Piazza del Duomo e in Piazza delle Erbe, va detto che lo strumento democratico adottato per la prima volta in oltre 7 anni dalla popolazione e, cio\u00e8, la petizione prevista dall\u2019art. 63 dello Statuto Comunale, \u00e8 palesemente l\u2019indice della negligenza assoluta della politica dell\u2019attuale Giunta.<\/p>\n<p>E&#8217; quanto sostiene Raffaele Addamiano, consigliere comunale di opposizione in Comune di Belluno (Obiettivo Belluno), in relazione alla questione che in questi giorni arroventa i social oltre che le istituzioni.<\/p>\n<p>&#8220;In altri termini &#8211; prosegue Addamiano &#8211; se \u00e8 stato necessario far attivare i bellunesi mediante una ampia e libera raccolta di firme, questo significa che la misura era colma e che non vi era pi\u00f9 altro strumento per richiamare l\u2019attuale compagine di governo del Capoluogo ai suoi pi\u00f9 elementari doveri e, cio\u00e8, \u201csemplicemente\u201d di dare seguito con le appropriate sanzioni a comportamenti incivili troppo a lungo tollerati con grave lassismo dall\u2019Amministrazione cittadina. Delle due, infatti, l\u2019una: o si tolgono i divieti di sosta, da anni apposti e mai fatti rispettare, oppure, pi\u00f9 coerentemente e correttamente, li si lasciano e si comincia finalmente a punire chi li viola deturpando l\u2019immagine di due delle pi\u00f9 belle piazze della nostra Citt\u00e0.<\/p>\n<p>Sia consentito, allora, dire, da ultimo, sul punto che \u00e8 risultato paradossale e schizofrenico l\u2019atteggiamento tenuto la sera del Consiglio dalle forze della maggioranza di sinistra che hanno proposto, votato e fatto approvare un ordine del giorno che invita testualmente il Sindaco e la Giunta \u201ca porre in essere ogni azione utile a rendere effettivo il divieto di sosta in piazza Duomo e in Piazza delle Erbe, cos\u00ec come indicato nella segnaletica stradale\u201d. Come a dire: urgente mozione d\u2019ordine al Sindaco che noi sosteniamo per fargli fare una cosa che lui sa che andava fatta dal 2012 e che, per\u00f2, per colpa grave, non ha mai inteso attuare.<\/p>\n<p>E questo\u00a0 &#8211; conclude Addamiano &#8211; a cominciare da quell\u2019automobilista maleducatissimo che proprio la sera dell\u2019Assemblea ha parcheggiato la sua autovettura esattamente di fronte all\u2019ingresso di Palazzo Rosso, fidando, al riguardo, nella pluriennale, intollerabile tolleranza degli amministratori progressisti&#8221;.<\/p>\n<p>&nbsp;<\/p>","protected":false},"excerpt":{"rendered":"<p>&#8220;Alla richiesta di oltre 130 residenti di far rispettare i divieti di sosta nella Piazza del Duomo e in Piazza delle Erbe, va detto che lo strumento democratico adottato per la prima volta in oltre 7 anni dalla popolazione e, cio\u00e8, la petizione prevista dall\u2019art. 63 dello Statuto Comunale, \u00e8 palesemente l\u2019indice della negligenza assoluta [&hellip;]<\/p>\n","protected":false},"author":2,"featured_media":0,"comment_status":"closed","ping_status":"open","sticky":false,"template":"","format":"standard","meta":{"footnotes":""},"categories":[5,26],"tags":[],"class_list":["post-109395","post","type-post","status-publish","format-standard","category-cronaca","category-prima-pagina"],"yoast_head":"<!-- This site is optimized with the Yoast SEO plugin v28.4 - https:\/\/yoast.com\/product\/yoast-seo-wordpress\/ -->\n<title>Belluno, sosta in piazza Duomo e piazza delle Erbe. Addamiano: &quot;O si tolgono i divieti o si fanno rispettare&quot; - Bellunopress - Dolomiti<\/title>\n<meta name=\"robots\" content=\"index, follow, max-snippet:-1, max-image-preview:large, max-video-preview:-1\" \/>\n<link rel=\"canonical\" href=\"https:\/\/www.bellunopress.it\/fr\/2019\/11\/07\/belluno-sosta-in-piazza-duomo-e-piazza-delle-erbe-addamiano-o-si-tolgono-i-divieti-o-si-fanno-rispettare\/\" \/>\n<meta property=\"og:locale\" content=\"fr_FR\" \/>\n<meta property=\"og:type\" content=\"article\" \/>\n<meta property=\"og:title\" content=\"Belluno, sosta in piazza Duomo e piazza delle Erbe. Addamiano: &quot;O si tolgono i divieti o si fanno rispettare&quot; - Bellunopress - Dolomiti\" \/>\n<meta property=\"og:description\" content=\"&#8220;Alla richiesta di oltre 130 residenti di far rispettare i divieti di sosta nella Piazza del Duomo e in Piazza delle Erbe, va detto che lo strumento democratico adottato per la prima volta in oltre 7 anni dalla popolazione e, cio\u00e8, la petizione prevista dall\u2019art. 63 dello Statuto Comunale, \u00e8 palesemente l\u2019indice della negligenza assoluta [&hellip;]\" \/>\n<meta property=\"og:url\" content=\"https:\/\/www.bellunopress.it\/fr\/2019\/11\/07\/belluno-sosta-in-piazza-duomo-e-piazza-delle-erbe-addamiano-o-si-tolgono-i-divieti-o-si-fanno-rispettare\/\" \/>\n<meta property=\"og:site_name\" content=\"Bellunopress - Dolomiti\" \/>\n<meta property=\"article:publisher\" content=\"https:\/\/www.facebook.com\/profile.php?id=100008943462799\" \/>\n<meta property=\"article:published_time\" content=\"2019-11-07T20:29:50+00:00\" \/>\n<meta property=\"article:modified_time\" content=\"2019-11-07T20:29:52+00:00\" \/>\n<meta property=\"og:image\" content=\"http:\/\/www.bellunopress.it\/wp-content\/uploads\/2019\/11\/piazza-duomo-parcheggi.jpg\" \/>\n<meta name=\"author\" content=\"redazione\" \/>\n<meta name=\"twitter:card\" content=\"summary_large_image\" \/>\n<meta name=\"twitter:creator\" content=\"@bellunopress\" \/>\n<meta name=\"twitter:site\" content=\"@bellunopress\" \/>\n<meta name=\"twitter:label1\" content=\"\u00c9crit par\" \/>\n\t<meta name=\"twitter:data1\" content=\"redazione\" \/>\n\t<meta name=\"twitter:label2\" content=\"Dur\u00e9e de lecture estim\u00e9e\" \/>\n\t<meta name=\"twitter:data2\" content=\"2 minutes\" \/>\n<script type=\"application\/ld+json\" class=\"yoast-schema-graph\">{\"@context\":\"https:\\\/\\\/schema.org\",\"@graph\":[{\"@type\":\"Article\",\"@id\":\"https:\\\/\\\/www.bellunopress.it\\\/2019\\\/11\\\/07\\\/belluno-sosta-in-piazza-duomo-e-piazza-delle-erbe-addamiano-o-si-tolgono-i-divieti-o-si-fanno-rispettare\\\/#article\",\"isPartOf\":{\"@id\":\"https:\\\/\\\/www.bellunopress.it\\\/2019\\\/11\\\/07\\\/belluno-sosta-in-piazza-duomo-e-piazza-delle-erbe-addamiano-o-si-tolgono-i-divieti-o-si-fanno-rispettare\\\/\"},\"author\":{\"name\":\"redazione\",\"@id\":\"https:\\\/\\\/www.bellunopress.it\\\/#\\\/schema\\\/person\\\/79bb06722b37ece1c03d3e94beb30d73\"},\"headline\":\"Belluno, sosta in piazza Duomo e piazza delle Erbe. Addamiano: &#8220;O si tolgono i divieti o si fanno rispettare&#8221;\",\"datePublished\":\"2019-11-07T20:29:50+00:00\",\"dateModified\":\"2019-11-07T20:29:52+00:00\",\"mainEntityOfPage\":{\"@id\":\"https:\\\/\\\/www.bellunopress.it\\\/2019\\\/11\\\/07\\\/belluno-sosta-in-piazza-duomo-e-piazza-delle-erbe-addamiano-o-si-tolgono-i-divieti-o-si-fanno-rispettare\\\/\"},\"wordCount\":379,\"publisher\":{\"@id\":\"https:\\\/\\\/www.bellunopress.it\\\/#organization\"},\"image\":{\"@id\":\"https:\\\/\\\/www.bellunopress.it\\\/2019\\\/11\\\/07\\\/belluno-sosta-in-piazza-duomo-e-piazza-delle-erbe-addamiano-o-si-tolgono-i-divieti-o-si-fanno-rispettare\\\/#primaryimage\"},\"thumbnailUrl\":\"http:\\\/\\\/www.bellunopress.it\\\/wp-content\\\/uploads\\\/2019\\\/11\\\/piazza-duomo-parcheggi.jpg\",\"articleSection\":[\"Cronaca\\\/Politica\",\"Prima Pagina\"],\"inLanguage\":\"fr-FR\"},{\"@type\":\"WebPage\",\"@id\":\"https:\\\/\\\/www.bellunopress.it\\\/2019\\\/11\\\/07\\\/belluno-sosta-in-piazza-duomo-e-piazza-delle-erbe-addamiano-o-si-tolgono-i-divieti-o-si-fanno-rispettare\\\/\",\"url\":\"https:\\\/\\\/www.bellunopress.it\\\/2019\\\/11\\\/07\\\/belluno-sosta-in-piazza-duomo-e-piazza-delle-erbe-addamiano-o-si-tolgono-i-divieti-o-si-fanno-rispettare\\\/\",\"name\":\"Belluno, sosta in piazza Duomo e piazza delle Erbe. Addamiano: \\\"O si tolgono i divieti o si fanno rispettare\\\" - Bellunopress - Dolomiti\",\"isPartOf\":{\"@id\":\"https:\\\/\\\/www.bellunopress.it\\\/#website\"},\"primaryImageOfPage\":{\"@id\":\"https:\\\/\\\/www.bellunopress.it\\\/2019\\\/11\\\/07\\\/belluno-sosta-in-piazza-duomo-e-piazza-delle-erbe-addamiano-o-si-tolgono-i-divieti-o-si-fanno-rispettare\\\/#primaryimage\"},\"image\":{\"@id\":\"https:\\\/\\\/www.bellunopress.it\\\/2019\\\/11\\\/07\\\/belluno-sosta-in-piazza-duomo-e-piazza-delle-erbe-addamiano-o-si-tolgono-i-divieti-o-si-fanno-rispettare\\\/#primaryimage\"},\"thumbnailUrl\":\"http:\\\/\\\/www.bellunopress.it\\\/wp-content\\\/uploads\\\/2019\\\/11\\\/piazza-duomo-parcheggi.jpg\",\"datePublished\":\"2019-11-07T20:29:50+00:00\",\"dateModified\":\"2019-11-07T20:29:52+00:00\",\"breadcrumb\":{\"@id\":\"https:\\\/\\\/www.bellunopress.it\\\/2019\\\/11\\\/07\\\/belluno-sosta-in-piazza-duomo-e-piazza-delle-erbe-addamiano-o-si-tolgono-i-divieti-o-si-fanno-rispettare\\\/#breadcrumb\"},\"inLanguage\":\"fr-FR\",\"potentialAction\":[{\"@type\":\"ReadAction\",\"target\":[\"https:\\\/\\\/www.bellunopress.it\\\/2019\\\/11\\\/07\\\/belluno-sosta-in-piazza-duomo-e-piazza-delle-erbe-addamiano-o-si-tolgono-i-divieti-o-si-fanno-rispettare\\\/\"]}]},{\"@type\":\"ImageObject\",\"inLanguage\":\"fr-FR\",\"@id\":\"https:\\\/\\\/www.bellunopress.it\\\/2019\\\/11\\\/07\\\/belluno-sosta-in-piazza-duomo-e-piazza-delle-erbe-addamiano-o-si-tolgono-i-divieti-o-si-fanno-rispettare\\\/#primaryimage\",\"url\":\"http:\\\/\\\/www.bellunopress.it\\\/wp-content\\\/uploads\\\/2019\\\/11\\\/piazza-duomo-parcheggi.jpg\",\"contentUrl\":\"http:\\\/\\\/www.bellunopress.it\\\/wp-content\\\/uploads\\\/2019\\\/11\\\/piazza-duomo-parcheggi.jpg\"},{\"@type\":\"BreadcrumbList\",\"@id\":\"https:\\\/\\\/www.bellunopress.it\\\/2019\\\/11\\\/07\\\/belluno-sosta-in-piazza-duomo-e-piazza-delle-erbe-addamiano-o-si-tolgono-i-divieti-o-si-fanno-rispettare\\\/#breadcrumb\",\"itemListElement\":[{\"@type\":\"ListItem\",\"position\":1,\"name\":\"Home\",\"item\":\"https:\\\/\\\/www.bellunopress.it\\\/\"},{\"@type\":\"ListItem\",\"position\":2,\"name\":\"Belluno, sosta in piazza Duomo e piazza delle Erbe. Addamiano: &#8220;O si tolgono i divieti o si fanno rispettare&#8221;\"}]},{\"@type\":\"WebSite\",\"@id\":\"https:\\\/\\\/www.bellunopress.it\\\/#website\",\"url\":\"https:\\\/\\\/www.bellunopress.it\\\/\",\"name\":\"Bellunopress - Dolomiti\",\"description\":\"e-mail: redazione@bellunopress.it\",\"publisher\":{\"@id\":\"https:\\\/\\\/www.bellunopress.it\\\/#organization\"},\"potentialAction\":[{\"@type\":\"SearchAction\",\"target\":{\"@type\":\"EntryPoint\",\"urlTemplate\":\"https:\\\/\\\/www.bellunopress.it\\\/?s={search_term_string}\"},\"query-input\":{\"@type\":\"PropertyValueSpecification\",\"valueRequired\":true,\"valueName\":\"search_term_string\"}}],\"inLanguage\":\"fr-FR\"},{\"@type\":\"Organization\",\"@id\":\"https:\\\/\\\/www.bellunopress.it\\\/#organization\",\"name\":\"Bellunopress\",\"url\":\"https:\\\/\\\/www.bellunopress.it\\\/\",\"logo\":{\"@type\":\"ImageObject\",\"inLanguage\":\"fr-FR\",\"@id\":\"https:\\\/\\\/www.bellunopress.it\\\/#\\\/schema\\\/logo\\\/image\\\/\",\"url\":\"https:\\\/\\\/www.bellunopress.it\\\/wp-content\\\/uploads\\\/2011\\\/05\\\/cropped-logo-bellunopress-.jpg\",\"contentUrl\":\"https:\\\/\\\/www.bellunopress.it\\\/wp-content\\\/uploads\\\/2011\\\/05\\\/cropped-logo-bellunopress-.jpg\",\"width\":512,\"height\":512,\"caption\":\"Bellunopress\"},\"image\":{\"@id\":\"https:\\\/\\\/www.bellunopress.it\\\/#\\\/schema\\\/logo\\\/image\\\/\"},\"sameAs\":[\"https:\\\/\\\/www.facebook.com\\\/profile.php?id=100008943462799\",\"https:\\\/\\\/x.com\\\/bellunopress\",\"https:\\\/\\\/www.linkedin.com\\\/hp\\\/?dnr=JBzUWaJfMUw8vbXJJ2tVW5-I3jZKvC4wsoxE&amp;amp;amp;amp;amp;amp;trk=nav_responsive_tab_home\",\"https:\\\/\\\/www.youtube.com\\\/channel\\\/UCxL0wu1uN0_3_7hGG0306cw\"]},{\"@type\":\"Person\",\"@id\":\"https:\\\/\\\/www.bellunopress.it\\\/#\\\/schema\\\/person\\\/79bb06722b37ece1c03d3e94beb30d73\",\"name\":\"redazione\",\"image\":{\"@type\":\"ImageObject\",\"inLanguage\":\"fr-FR\",\"@id\":\"https:\\\/\\\/secure.gravatar.com\\\/avatar\\\/37d968a2e67a6fd04c169c4bdef102d0bc5d31b2546345219e348575eb80e9a0?s=96&d=mm&r=g\",\"url\":\"https:\\\/\\\/secure.gravatar.com\\\/avatar\\\/37d968a2e67a6fd04c169c4bdef102d0bc5d31b2546345219e348575eb80e9a0?s=96&d=mm&r=g\",\"contentUrl\":\"https:\\\/\\\/secure.gravatar.com\\\/avatar\\\/37d968a2e67a6fd04c169c4bdef102d0bc5d31b2546345219e348575eb80e9a0?s=96&d=mm&r=g\",\"caption\":\"redazione\"},\"sameAs\":[\"http:\\\/\\\/www.bellunopress.it\",\"https:\\\/\\\/x.com\\\/bellunopress\"],\"url\":\"https:\\\/\\\/www.bellunopress.it\\\/fr\\\/author\\\/redazione\\\/\"}]}<\/script>\n<!-- \/ Yoast SEO plugin. -->","yoast_head_json":{"title":"Belluno, sosta in piazza Duomo e piazza delle Erbe. Addamiano: \"O si tolgono i divieti o si fanno rispettare\" - Bellunopress - Dolomiti","robots":{"index":"index","follow":"follow","max-snippet":"max-snippet:-1","max-image-preview":"max-image-preview:large","max-video-preview":"max-video-preview:-1"},"canonical":"https:\/\/www.bellunopress.it\/fr\/2019\/11\/07\/belluno-sosta-in-piazza-duomo-e-piazza-delle-erbe-addamiano-o-si-tolgono-i-divieti-o-si-fanno-rispettare\/","og_locale":"fr_FR","og_type":"article","og_title":"Belluno, sosta in piazza Duomo e piazza delle Erbe. Addamiano: \"O si tolgono i divieti o si fanno rispettare\" - Bellunopress - Dolomiti","og_description":"&#8220;Alla richiesta di oltre 130 residenti di far rispettare i divieti di sosta nella Piazza del Duomo e in Piazza delle Erbe, va detto che lo strumento democratico adottato per la prima volta in oltre 7 anni dalla popolazione e, cio\u00e8, la petizione prevista dall\u2019art. 63 dello Statuto Comunale, \u00e8 palesemente l\u2019indice della negligenza assoluta [&hellip;]","og_url":"https:\/\/www.bellunopress.it\/fr\/2019\/11\/07\/belluno-sosta-in-piazza-duomo-e-piazza-delle-erbe-addamiano-o-si-tolgono-i-divieti-o-si-fanno-rispettare\/","og_site_name":"Bellunopress - Dolomiti","article_publisher":"https:\/\/www.facebook.com\/profile.php?id=100008943462799","article_published_time":"2019-11-07T20:29:50+00:00","article_modified_time":"2019-11-07T20:29:52+00:00","og_image":[{"url":"http:\/\/www.bellunopress.it\/wp-content\/uploads\/2019\/11\/piazza-duomo-parcheggi.jpg","type":"","width":"","height":""}],"author":"redazione","twitter_card":"summary_large_image","twitter_creator":"@bellunopress","twitter_site":"@bellunopress","twitter_misc":{"\u00c9crit par":"redazione","Dur\u00e9e de lecture estim\u00e9e":"2 minutes"},"schema":{"@context":"https:\/\/schema.org","@graph":[{"@type":"Article","@id":"https:\/\/www.bellunopress.it\/2019\/11\/07\/belluno-sosta-in-piazza-duomo-e-piazza-delle-erbe-addamiano-o-si-tolgono-i-divieti-o-si-fanno-rispettare\/#article","isPartOf":{"@id":"https:\/\/www.bellunopress.it\/2019\/11\/07\/belluno-sosta-in-piazza-duomo-e-piazza-delle-erbe-addamiano-o-si-tolgono-i-divieti-o-si-fanno-rispettare\/"},"author":{"name":"redazione","@id":"https:\/\/www.bellunopress.it\/#\/schema\/person\/79bb06722b37ece1c03d3e94beb30d73"},"headline":"Belluno, sosta in piazza Duomo e piazza delle Erbe. Addamiano: &#8220;O si tolgono i divieti o si fanno rispettare&#8221;","datePublished":"2019-11-07T20:29:50+00:00","dateModified":"2019-11-07T20:29:52+00:00","mainEntityOfPage":{"@id":"https:\/\/www.bellunopress.it\/2019\/11\/07\/belluno-sosta-in-piazza-duomo-e-piazza-delle-erbe-addamiano-o-si-tolgono-i-divieti-o-si-fanno-rispettare\/"},"wordCount":379,"publisher":{"@id":"https:\/\/www.bellunopress.it\/#organization"},"image":{"@id":"https:\/\/www.bellunopress.it\/2019\/11\/07\/belluno-sosta-in-piazza-duomo-e-piazza-delle-erbe-addamiano-o-si-tolgono-i-divieti-o-si-fanno-rispettare\/#primaryimage"},"thumbnailUrl":"http:\/\/www.bellunopress.it\/wp-content\/uploads\/2019\/11\/piazza-duomo-parcheggi.jpg","articleSection":["Cronaca\/Politica","Prima Pagina"],"inLanguage":"fr-FR"},{"@type":"WebPage","@id":"https:\/\/www.bellunopress.it\/2019\/11\/07\/belluno-sosta-in-piazza-duomo-e-piazza-delle-erbe-addamiano-o-si-tolgono-i-divieti-o-si-fanno-rispettare\/","url":"https:\/\/www.bellunopress.it\/2019\/11\/07\/belluno-sosta-in-piazza-duomo-e-piazza-delle-erbe-addamiano-o-si-tolgono-i-divieti-o-si-fanno-rispettare\/","name":"Belluno, sosta in piazza Duomo e piazza delle Erbe. Addamiano: \"O si tolgono i divieti o si fanno rispettare\" - Bellunopress - Dolomiti","isPartOf":{"@id":"https:\/\/www.bellunopress.it\/#website"},"primaryImageOfPage":{"@id":"https:\/\/www.bellunopress.it\/2019\/11\/07\/belluno-sosta-in-piazza-duomo-e-piazza-delle-erbe-addamiano-o-si-tolgono-i-divieti-o-si-fanno-rispettare\/#primaryimage"},"image":{"@id":"https:\/\/www.bellunopress.it\/2019\/11\/07\/belluno-sosta-in-piazza-duomo-e-piazza-delle-erbe-addamiano-o-si-tolgono-i-divieti-o-si-fanno-rispettare\/#primaryimage"},"thumbnailUrl":"http:\/\/www.bellunopress.it\/wp-content\/uploads\/2019\/11\/piazza-duomo-parcheggi.jpg","datePublished":"2019-11-07T20:29:50+00:00","dateModified":"2019-11-07T20:29:52+00:00","breadcrumb":{"@id":"https:\/\/www.bellunopress.it\/2019\/11\/07\/belluno-sosta-in-piazza-duomo-e-piazza-delle-erbe-addamiano-o-si-tolgono-i-divieti-o-si-fanno-rispettare\/#breadcrumb"},"inLanguage":"fr-FR","potentialAction":[{"@type":"ReadAction","target":["https:\/\/www.bellunopress.it\/2019\/11\/07\/belluno-sosta-in-piazza-duomo-e-piazza-delle-erbe-addamiano-o-si-tolgono-i-divieti-o-si-fanno-rispettare\/"]}]},{"@type":"ImageObject","inLanguage":"fr-FR","@id":"https:\/\/www.bellunopress.it\/2019\/11\/07\/belluno-sosta-in-piazza-duomo-e-piazza-delle-erbe-addamiano-o-si-tolgono-i-divieti-o-si-fanno-rispettare\/#primaryimage","url":"http:\/\/www.bellunopress.it\/wp-content\/uploads\/2019\/11\/piazza-duomo-parcheggi.jpg","contentUrl":"http:\/\/www.bellunopress.it\/wp-content\/uploads\/2019\/11\/piazza-duomo-parcheggi.jpg"},{"@type":"BreadcrumbList","@id":"https:\/\/www.bellunopress.it\/2019\/11\/07\/belluno-sosta-in-piazza-duomo-e-piazza-delle-erbe-addamiano-o-si-tolgono-i-divieti-o-si-fanno-rispettare\/#breadcrumb","itemListElement":[{"@type":"ListItem","position":1,"name":"Home","item":"https:\/\/www.bellunopress.it\/"},{"@type":"ListItem","position":2,"name":"Belluno, sosta in piazza Duomo e piazza delle Erbe. Addamiano: &#8220;O si tolgono i divieti o si fanno rispettare&#8221;"}]},{"@type":"WebSite","@id":"https:\/\/www.bellunopress.it\/#website","url":"https:\/\/www.bellunopress.it\/","name":"Bellunopress - Dolomiti","description":"e-mail: redazione@bellunopress.it","publisher":{"@id":"https:\/\/www.bellunopress.it\/#organization"},"potentialAction":[{"@type":"SearchAction","target":{"@type":"EntryPoint","urlTemplate":"https:\/\/www.bellunopress.it\/?s={search_term_string}"},"query-input":{"@type":"PropertyValueSpecification","valueRequired":true,"valueName":"search_term_string"}}],"inLanguage":"fr-FR"},{"@type":"Organization","@id":"https:\/\/www.bellunopress.it\/#organization","name":"Bellunopress","url":"https:\/\/www.bellunopress.it\/","logo":{"@type":"ImageObject","inLanguage":"fr-FR","@id":"https:\/\/www.bellunopress.it\/#\/schema\/logo\/image\/","url":"https:\/\/www.bellunopress.it\/wp-content\/uploads\/2011\/05\/cropped-logo-bellunopress-.jpg","contentUrl":"https:\/\/www.bellunopress.it\/wp-content\/uploads\/2011\/05\/cropped-logo-bellunopress-.jpg","width":512,"height":512,"caption":"Bellunopress"},"image":{"@id":"https:\/\/www.bellunopress.it\/#\/schema\/logo\/image\/"},"sameAs":["https:\/\/www.facebook.com\/profile.php?id=100008943462799","https:\/\/x.com\/bellunopress","https:\/\/www.linkedin.com\/hp\/?dnr=JBzUWaJfMUw8vbXJJ2tVW5-I3jZKvC4wsoxE&amp;amp;amp;amp;amp;amp;trk=nav_responsive_tab_home","https:\/\/www.youtube.com\/channel\/UCxL0wu1uN0_3_7hGG0306cw"]},{"@type":"Person","@id":"https:\/\/www.bellunopress.it\/#\/schema\/person\/79bb06722b37ece1c03d3e94beb30d73","name":"r\u00e9daction","image":{"@type":"ImageObject","inLanguage":"fr-FR","@id":"https:\/\/secure.gravatar.com\/avatar\/37d968a2e67a6fd04c169c4bdef102d0bc5d31b2546345219e348575eb80e9a0?s=96&d=mm&r=g","url":"https:\/\/secure.gravatar.com\/avatar\/37d968a2e67a6fd04c169c4bdef102d0bc5d31b2546345219e348575eb80e9a0?s=96&d=mm&r=g","contentUrl":"https:\/\/secure.gravatar.com\/avatar\/37d968a2e67a6fd04c169c4bdef102d0bc5d31b2546345219e348575eb80e9a0?s=96&d=mm&r=g","caption":"redazione"},"sameAs":["http:\/\/www.bellunopress.it","https:\/\/x.com\/bellunopress"],"url":"https:\/\/www.bellunopress.it\/fr\/author\/redazione\/"}]}},"_links":{"self":[{"href":"https:\/\/www.bellunopress.it\/fr\/wp-json\/wp\/v2\/posts\/109395","targetHints":{"allow":["GET"]}}],"collection":[{"href":"https:\/\/www.bellunopress.it\/fr\/wp-json\/wp\/v2\/posts"}],"about":[{"href":"https:\/\/www.bellunopress.it\/fr\/wp-json\/wp\/v2\/types\/post"}],"author":[{"embeddable":true,"href":"https:\/\/www.bellunopress.it\/fr\/wp-json\/wp\/v2\/users\/2"}],"replies":[{"embeddable":true,"href":"https:\/\/www.bellunopress.it\/fr\/wp-json\/wp\/v2\/comments?post=109395"}],"version-history":[{"count":2,"href":"https:\/\/www.bellunopress.it\/fr\/wp-json\/wp\/v2\/posts\/109395\/revisions"}],"predecessor-version":[{"id":109398,"href":"https:\/\/www.bellunopress.it\/fr\/wp-json\/wp\/v2\/posts\/109395\/revisions\/109398"}],"wp:attachment":[{"href":"https:\/\/www.bellunopress.it\/fr\/wp-json\/wp\/v2\/media?parent=109395"}],"wp:term":[{"taxonomy":"category","embeddable":true,"href":"https:\/\/www.bellunopress.it\/fr\/wp-json\/wp\/v2\/categories?post=109395"},{"taxonomy":"post_tag","embeddable":true,"href":"https:\/\/www.bellunopress.it\/fr\/wp-json\/wp\/v2\/tags?post=109395"}],"curies":[{"name":"wp","href":"https:\/\/api.w.org\/{rel}","templated":true}]}}