{"id":109379,"date":"2019-11-07T09:33:24","date_gmt":"2019-11-07T08:33:24","guid":{"rendered":"http:\/\/www.bellunopress.it\/?p=109379"},"modified":"2019-11-07T09:33:25","modified_gmt":"2019-11-07T08:33:25","slug":"osservazione-del-transito-di-mercurio-sul-sole-lunedi-al-centro-astronomico-di-feltre","status":"publish","type":"post","link":"https:\/\/www.bellunopress.it\/fr\/2019\/11\/07\/osservazione-del-transito-di-mercurio-sul-sole-lunedi-al-centro-astronomico-di-feltre\/","title":{"rendered":"Osservazione del transito di Mercurio sul Sole. Luned\u00ec al Centro Astronomico di Feltre"},"content":{"rendered":"<p>Luned\u00ec 11 novembre ore 13,30 al Centro Astronomico di Feltre si osserva il transito di Mercurio sul Sole.<\/p>\n<p><a href=\"http:\/\/www.bellunopress.it\/fr\/2019\/11\/07\/osservazione-del-transito-di-mercurio-sul-sole-lunedi-al-centro-astronomico-di-feltre\/associazione-astronomica-feltrina-rheticus\/\" rel=\"attachment wp-att-109380\"><img loading=\"lazy\" decoding=\"async\" class=\"alignleft size-full wp-image-109380\" src=\"http:\/\/www.bellunopress.it\/wp-content\/uploads\/2019\/11\/Associazione-astronomica-feltrina-Rheticus.jpg\" alt=\"\" width=\"300\" height=\"95\" \/><\/a>Appuntamento con un fenomeno raro il prossimo 11 novembre al Centro Astronomico di Arson. I transiti di Mercurio sul Sole avvengono in media ogni 13 anni ma, a causa del fatto che non tutti sono visibili in Italia, e delle possibili avverse condizioni meteorologiche, la probabilit\u00e0 di vederne effettivamente uno \u00e8 molto minore. Di fatto, l&#8217;ultimo che \u00e8 stato possibile osservare a Feltre \u00e8 avvenuto nel lontano 1973, quando il Gruppo Astrofili Feltrini, antesignano della Rheticus, muoveva i primi passi.<\/p>\n<p>Questo sar\u00e0 visibile nella prima parte, dalle 13:35, quando il dischetto del pianeta comincer\u00e0 a intaccare la superficie solare, fino al tramonto del Sole, che avverr\u00e0 intorno alle 16:30.<\/p>\n<p>Oltre a osservare il transito, sar\u00e0 possibile osservare le macchie e le facole solari in luce bianca, la cromosfera, i brillamenti e le protuberanze solari in luce di idrogeno.<\/p>\n<p>Sar\u00e0 anche possibile servirsi dell&#8217;ombra prodotta dal proprio corpo per conoscere l&#8217;ora, attraverso la meridiana analemmatica ricavata sul piazzale del Grande Telescopio Dobsoniano.<\/p>\n<p>In caso di brutto tempo avr\u00e0 luogo una conferenza al planetario nella quale verr\u00e0 spiegato il fenomeno dei transiti dei pianeti interni, Mercurio e Venere, la spiegazione e la dimostrazione del cielo autunnale, con il riferimento alle stelle, alle costellazioni e ai loro miti, e la proiezione di filmati spettacolari a tutta cupola.<\/p>\n<p>Per saperne di pi\u00f9:\u00a0 <a href=\"http:\/\/www.rheticus.it\">www.rheticus.it<\/a><\/p>","protected":false},"excerpt":{"rendered":"<p>Luned\u00ec 11 novembre ore 13,30 al Centro Astronomico di Feltre si osserva il transito di Mercurio sul Sole. Appuntamento con un fenomeno raro il prossimo 11 novembre al Centro Astronomico di Arson. I transiti di Mercurio sul Sole avvengono in media ogni 13 anni ma, a causa del fatto che non tutti sono visibili in [&hellip;]<\/p>\n","protected":false},"author":2,"featured_media":0,"comment_status":"closed","ping_status":"open","sticky":false,"template":"","format":"standard","meta":{"footnotes":""},"categories":[27,5,25],"tags":[],"class_list":["post-109379","post","type-post","status-publish","format-standard","category-appuntamenti","category-cronaca","category-pausa-caffe"],"yoast_head":"<!-- This site is optimized with the Yoast SEO plugin v28.4 - https:\/\/yoast.com\/product\/yoast-seo-wordpress\/ -->\n<title>Osservazione del transito di Mercurio sul Sole. Luned\u00ec al Centro Astronomico di Feltre - Bellunopress - Dolomiti<\/title>\n<meta name=\"robots\" content=\"index, follow, max-snippet:-1, max-image-preview:large, max-video-preview:-1\" \/>\n<link rel=\"canonical\" href=\"https:\/\/www.bellunopress.it\/fr\/2019\/11\/07\/osservazione-del-transito-di-mercurio-sul-sole-lunedi-al-centro-astronomico-di-feltre\/\" \/>\n<meta property=\"og:locale\" content=\"fr_FR\" \/>\n<meta property=\"og:type\" content=\"article\" \/>\n<meta property=\"og:title\" content=\"Osservazione del transito di Mercurio sul Sole. Luned\u00ec al Centro Astronomico di Feltre - Bellunopress - Dolomiti\" \/>\n<meta property=\"og:description\" content=\"Luned\u00ec 11 novembre ore 13,30 al Centro Astronomico di Feltre si osserva il transito di Mercurio sul Sole. Appuntamento con un fenomeno raro il prossimo 11 novembre al Centro Astronomico di Arson. I transiti di Mercurio sul Sole avvengono in media ogni 13 anni ma, a causa del fatto che non tutti sono visibili in [&hellip;]\" \/>\n<meta property=\"og:url\" content=\"https:\/\/www.bellunopress.it\/fr\/2019\/11\/07\/osservazione-del-transito-di-mercurio-sul-sole-lunedi-al-centro-astronomico-di-feltre\/\" \/>\n<meta property=\"og:site_name\" content=\"Bellunopress - Dolomiti\" \/>\n<meta property=\"article:publisher\" content=\"https:\/\/www.facebook.com\/profile.php?id=100008943462799\" \/>\n<meta property=\"article:published_time\" content=\"2019-11-07T08:33:24+00:00\" \/>\n<meta property=\"article:modified_time\" content=\"2019-11-07T08:33:25+00:00\" \/>\n<meta property=\"og:image\" content=\"http:\/\/www.bellunopress.it\/wp-content\/uploads\/2019\/11\/Associazione-astronomica-feltrina-Rheticus.jpg\" \/>\n<meta name=\"author\" content=\"redazione\" \/>\n<meta name=\"twitter:card\" content=\"summary_large_image\" \/>\n<meta name=\"twitter:creator\" content=\"@bellunopress\" \/>\n<meta name=\"twitter:site\" content=\"@bellunopress\" \/>\n<meta name=\"twitter:label1\" content=\"Written by\" \/>\n\t<meta name=\"twitter:data1\" content=\"redazione\" \/>\n\t<meta name=\"twitter:label2\" content=\"Est. reading time\" \/>\n\t<meta name=\"twitter:data2\" content=\"1 minute\" \/>\n<script type=\"application\/ld+json\" class=\"yoast-schema-graph\">{\"@context\":\"https:\\\/\\\/schema.org\",\"@graph\":[{\"@type\":\"Article\",\"@id\":\"https:\\\/\\\/www.bellunopress.it\\\/2019\\\/11\\\/07\\\/osservazione-del-transito-di-mercurio-sul-sole-lunedi-al-centro-astronomico-di-feltre\\\/#article\",\"isPartOf\":{\"@id\":\"https:\\\/\\\/www.bellunopress.it\\\/2019\\\/11\\\/07\\\/osservazione-del-transito-di-mercurio-sul-sole-lunedi-al-centro-astronomico-di-feltre\\\/\"},\"author\":{\"name\":\"redazione\",\"@id\":\"https:\\\/\\\/www.bellunopress.it\\\/#\\\/schema\\\/person\\\/79bb06722b37ece1c03d3e94beb30d73\"},\"headline\":\"Osservazione del transito di Mercurio sul Sole. Luned\u00ec al Centro Astronomico di Feltre\",\"datePublished\":\"2019-11-07T08:33:24+00:00\",\"dateModified\":\"2019-11-07T08:33:25+00:00\",\"mainEntityOfPage\":{\"@id\":\"https:\\\/\\\/www.bellunopress.it\\\/2019\\\/11\\\/07\\\/osservazione-del-transito-di-mercurio-sul-sole-lunedi-al-centro-astronomico-di-feltre\\\/\"},\"wordCount\":245,\"publisher\":{\"@id\":\"https:\\\/\\\/www.bellunopress.it\\\/#organization\"},\"image\":{\"@id\":\"https:\\\/\\\/www.bellunopress.it\\\/2019\\\/11\\\/07\\\/osservazione-del-transito-di-mercurio-sul-sole-lunedi-al-centro-astronomico-di-feltre\\\/#primaryimage\"},\"thumbnailUrl\":\"http:\\\/\\\/www.bellunopress.it\\\/wp-content\\\/uploads\\\/2019\\\/11\\\/Associazione-astronomica-feltrina-Rheticus.jpg\",\"articleSection\":[\"Appuntamenti, Eventi\",\"Cronaca\\\/Politica\",\"Pausa Caff\u00e8\"],\"inLanguage\":\"fr-FR\"},{\"@type\":\"WebPage\",\"@id\":\"https:\\\/\\\/www.bellunopress.it\\\/2019\\\/11\\\/07\\\/osservazione-del-transito-di-mercurio-sul-sole-lunedi-al-centro-astronomico-di-feltre\\\/\",\"url\":\"https:\\\/\\\/www.bellunopress.it\\\/2019\\\/11\\\/07\\\/osservazione-del-transito-di-mercurio-sul-sole-lunedi-al-centro-astronomico-di-feltre\\\/\",\"name\":\"Osservazione del transito di Mercurio sul Sole. Luned\u00ec al Centro Astronomico di Feltre - Bellunopress - Dolomiti\",\"isPartOf\":{\"@id\":\"https:\\\/\\\/www.bellunopress.it\\\/#website\"},\"primaryImageOfPage\":{\"@id\":\"https:\\\/\\\/www.bellunopress.it\\\/2019\\\/11\\\/07\\\/osservazione-del-transito-di-mercurio-sul-sole-lunedi-al-centro-astronomico-di-feltre\\\/#primaryimage\"},\"image\":{\"@id\":\"https:\\\/\\\/www.bellunopress.it\\\/2019\\\/11\\\/07\\\/osservazione-del-transito-di-mercurio-sul-sole-lunedi-al-centro-astronomico-di-feltre\\\/#primaryimage\"},\"thumbnailUrl\":\"http:\\\/\\\/www.bellunopress.it\\\/wp-content\\\/uploads\\\/2019\\\/11\\\/Associazione-astronomica-feltrina-Rheticus.jpg\",\"datePublished\":\"2019-11-07T08:33:24+00:00\",\"dateModified\":\"2019-11-07T08:33:25+00:00\",\"breadcrumb\":{\"@id\":\"https:\\\/\\\/www.bellunopress.it\\\/2019\\\/11\\\/07\\\/osservazione-del-transito-di-mercurio-sul-sole-lunedi-al-centro-astronomico-di-feltre\\\/#breadcrumb\"},\"inLanguage\":\"fr-FR\",\"potentialAction\":[{\"@type\":\"ReadAction\",\"target\":[\"https:\\\/\\\/www.bellunopress.it\\\/2019\\\/11\\\/07\\\/osservazione-del-transito-di-mercurio-sul-sole-lunedi-al-centro-astronomico-di-feltre\\\/\"]}]},{\"@type\":\"ImageObject\",\"inLanguage\":\"fr-FR\",\"@id\":\"https:\\\/\\\/www.bellunopress.it\\\/2019\\\/11\\\/07\\\/osservazione-del-transito-di-mercurio-sul-sole-lunedi-al-centro-astronomico-di-feltre\\\/#primaryimage\",\"url\":\"http:\\\/\\\/www.bellunopress.it\\\/wp-content\\\/uploads\\\/2019\\\/11\\\/Associazione-astronomica-feltrina-Rheticus.jpg\",\"contentUrl\":\"http:\\\/\\\/www.bellunopress.it\\\/wp-content\\\/uploads\\\/2019\\\/11\\\/Associazione-astronomica-feltrina-Rheticus.jpg\"},{\"@type\":\"BreadcrumbList\",\"@id\":\"https:\\\/\\\/www.bellunopress.it\\\/2019\\\/11\\\/07\\\/osservazione-del-transito-di-mercurio-sul-sole-lunedi-al-centro-astronomico-di-feltre\\\/#breadcrumb\",\"itemListElement\":[{\"@type\":\"ListItem\",\"position\":1,\"name\":\"Home\",\"item\":\"https:\\\/\\\/www.bellunopress.it\\\/\"},{\"@type\":\"ListItem\",\"position\":2,\"name\":\"Osservazione del transito di Mercurio sul Sole. Luned\u00ec al Centro Astronomico di Feltre\"}]},{\"@type\":\"WebSite\",\"@id\":\"https:\\\/\\\/www.bellunopress.it\\\/#website\",\"url\":\"https:\\\/\\\/www.bellunopress.it\\\/\",\"name\":\"Bellunopress - Dolomiti\",\"description\":\"e-mail: redazione@bellunopress.it\",\"publisher\":{\"@id\":\"https:\\\/\\\/www.bellunopress.it\\\/#organization\"},\"potentialAction\":[{\"@type\":\"SearchAction\",\"target\":{\"@type\":\"EntryPoint\",\"urlTemplate\":\"https:\\\/\\\/www.bellunopress.it\\\/?s={search_term_string}\"},\"query-input\":{\"@type\":\"PropertyValueSpecification\",\"valueRequired\":true,\"valueName\":\"search_term_string\"}}],\"inLanguage\":\"fr-FR\"},{\"@type\":\"Organization\",\"@id\":\"https:\\\/\\\/www.bellunopress.it\\\/#organization\",\"name\":\"Bellunopress\",\"url\":\"https:\\\/\\\/www.bellunopress.it\\\/\",\"logo\":{\"@type\":\"ImageObject\",\"inLanguage\":\"fr-FR\",\"@id\":\"https:\\\/\\\/www.bellunopress.it\\\/#\\\/schema\\\/logo\\\/image\\\/\",\"url\":\"https:\\\/\\\/www.bellunopress.it\\\/wp-content\\\/uploads\\\/2011\\\/05\\\/cropped-logo-bellunopress-.jpg\",\"contentUrl\":\"https:\\\/\\\/www.bellunopress.it\\\/wp-content\\\/uploads\\\/2011\\\/05\\\/cropped-logo-bellunopress-.jpg\",\"width\":512,\"height\":512,\"caption\":\"Bellunopress\"},\"image\":{\"@id\":\"https:\\\/\\\/www.bellunopress.it\\\/#\\\/schema\\\/logo\\\/image\\\/\"},\"sameAs\":[\"https:\\\/\\\/www.facebook.com\\\/profile.php?id=100008943462799\",\"https:\\\/\\\/x.com\\\/bellunopress\",\"https:\\\/\\\/www.linkedin.com\\\/hp\\\/?dnr=JBzUWaJfMUw8vbXJJ2tVW5-I3jZKvC4wsoxE&amp;amp;amp;amp;amp;amp;trk=nav_responsive_tab_home\",\"https:\\\/\\\/www.youtube.com\\\/channel\\\/UCxL0wu1uN0_3_7hGG0306cw\"]},{\"@type\":\"Person\",\"@id\":\"https:\\\/\\\/www.bellunopress.it\\\/#\\\/schema\\\/person\\\/79bb06722b37ece1c03d3e94beb30d73\",\"name\":\"redazione\",\"image\":{\"@type\":\"ImageObject\",\"inLanguage\":\"fr-FR\",\"@id\":\"https:\\\/\\\/secure.gravatar.com\\\/avatar\\\/37d968a2e67a6fd04c169c4bdef102d0bc5d31b2546345219e348575eb80e9a0?s=96&d=mm&r=g\",\"url\":\"https:\\\/\\\/secure.gravatar.com\\\/avatar\\\/37d968a2e67a6fd04c169c4bdef102d0bc5d31b2546345219e348575eb80e9a0?s=96&d=mm&r=g\",\"contentUrl\":\"https:\\\/\\\/secure.gravatar.com\\\/avatar\\\/37d968a2e67a6fd04c169c4bdef102d0bc5d31b2546345219e348575eb80e9a0?s=96&d=mm&r=g\",\"caption\":\"redazione\"},\"sameAs\":[\"http:\\\/\\\/www.bellunopress.it\",\"https:\\\/\\\/x.com\\\/bellunopress\"],\"url\":\"https:\\\/\\\/www.bellunopress.it\\\/fr\\\/author\\\/redazione\\\/\"}]}<\/script>\n<!-- \/ Yoast SEO plugin. -->","yoast_head_json":{"title":"Osservazione del transito di Mercurio sul Sole. Luned\u00ec al Centro Astronomico di Feltre - Bellunopress - Dolomiti","robots":{"index":"index","follow":"follow","max-snippet":"max-snippet:-1","max-image-preview":"max-image-preview:large","max-video-preview":"max-video-preview:-1"},"canonical":"https:\/\/www.bellunopress.it\/fr\/2019\/11\/07\/osservazione-del-transito-di-mercurio-sul-sole-lunedi-al-centro-astronomico-di-feltre\/","og_locale":"fr_FR","og_type":"article","og_title":"Osservazione del transito di Mercurio sul Sole. Luned\u00ec al Centro Astronomico di Feltre - Bellunopress - Dolomiti","og_description":"Luned\u00ec 11 novembre ore 13,30 al Centro Astronomico di Feltre si osserva il transito di Mercurio sul Sole. Appuntamento con un fenomeno raro il prossimo 11 novembre al Centro Astronomico di Arson. I transiti di Mercurio sul Sole avvengono in media ogni 13 anni ma, a causa del fatto che non tutti sono visibili in [&hellip;]","og_url":"https:\/\/www.bellunopress.it\/fr\/2019\/11\/07\/osservazione-del-transito-di-mercurio-sul-sole-lunedi-al-centro-astronomico-di-feltre\/","og_site_name":"Bellunopress - Dolomiti","article_publisher":"https:\/\/www.facebook.com\/profile.php?id=100008943462799","article_published_time":"2019-11-07T08:33:24+00:00","article_modified_time":"2019-11-07T08:33:25+00:00","og_image":[{"url":"http:\/\/www.bellunopress.it\/wp-content\/uploads\/2019\/11\/Associazione-astronomica-feltrina-Rheticus.jpg","type":"","width":"","height":""}],"author":"redazione","twitter_card":"summary_large_image","twitter_creator":"@bellunopress","twitter_site":"@bellunopress","twitter_misc":{"Written by":"redazione","Est. reading time":"1 minute"},"schema":{"@context":"https:\/\/schema.org","@graph":[{"@type":"Article","@id":"https:\/\/www.bellunopress.it\/2019\/11\/07\/osservazione-del-transito-di-mercurio-sul-sole-lunedi-al-centro-astronomico-di-feltre\/#article","isPartOf":{"@id":"https:\/\/www.bellunopress.it\/2019\/11\/07\/osservazione-del-transito-di-mercurio-sul-sole-lunedi-al-centro-astronomico-di-feltre\/"},"author":{"name":"redazione","@id":"https:\/\/www.bellunopress.it\/#\/schema\/person\/79bb06722b37ece1c03d3e94beb30d73"},"headline":"Osservazione del transito di Mercurio sul Sole. Luned\u00ec al Centro Astronomico di Feltre","datePublished":"2019-11-07T08:33:24+00:00","dateModified":"2019-11-07T08:33:25+00:00","mainEntityOfPage":{"@id":"https:\/\/www.bellunopress.it\/2019\/11\/07\/osservazione-del-transito-di-mercurio-sul-sole-lunedi-al-centro-astronomico-di-feltre\/"},"wordCount":245,"publisher":{"@id":"https:\/\/www.bellunopress.it\/#organization"},"image":{"@id":"https:\/\/www.bellunopress.it\/2019\/11\/07\/osservazione-del-transito-di-mercurio-sul-sole-lunedi-al-centro-astronomico-di-feltre\/#primaryimage"},"thumbnailUrl":"http:\/\/www.bellunopress.it\/wp-content\/uploads\/2019\/11\/Associazione-astronomica-feltrina-Rheticus.jpg","articleSection":["Appuntamenti, Eventi","Cronaca\/Politica","Pausa Caff\u00e8"],"inLanguage":"fr-FR"},{"@type":"WebPage","@id":"https:\/\/www.bellunopress.it\/2019\/11\/07\/osservazione-del-transito-di-mercurio-sul-sole-lunedi-al-centro-astronomico-di-feltre\/","url":"https:\/\/www.bellunopress.it\/2019\/11\/07\/osservazione-del-transito-di-mercurio-sul-sole-lunedi-al-centro-astronomico-di-feltre\/","name":"Osservazione del transito di Mercurio sul Sole. Luned\u00ec al Centro Astronomico di Feltre - Bellunopress - Dolomiti","isPartOf":{"@id":"https:\/\/www.bellunopress.it\/#website"},"primaryImageOfPage":{"@id":"https:\/\/www.bellunopress.it\/2019\/11\/07\/osservazione-del-transito-di-mercurio-sul-sole-lunedi-al-centro-astronomico-di-feltre\/#primaryimage"},"image":{"@id":"https:\/\/www.bellunopress.it\/2019\/11\/07\/osservazione-del-transito-di-mercurio-sul-sole-lunedi-al-centro-astronomico-di-feltre\/#primaryimage"},"thumbnailUrl":"http:\/\/www.bellunopress.it\/wp-content\/uploads\/2019\/11\/Associazione-astronomica-feltrina-Rheticus.jpg","datePublished":"2019-11-07T08:33:24+00:00","dateModified":"2019-11-07T08:33:25+00:00","breadcrumb":{"@id":"https:\/\/www.bellunopress.it\/2019\/11\/07\/osservazione-del-transito-di-mercurio-sul-sole-lunedi-al-centro-astronomico-di-feltre\/#breadcrumb"},"inLanguage":"fr-FR","potentialAction":[{"@type":"ReadAction","target":["https:\/\/www.bellunopress.it\/2019\/11\/07\/osservazione-del-transito-di-mercurio-sul-sole-lunedi-al-centro-astronomico-di-feltre\/"]}]},{"@type":"ImageObject","inLanguage":"fr-FR","@id":"https:\/\/www.bellunopress.it\/2019\/11\/07\/osservazione-del-transito-di-mercurio-sul-sole-lunedi-al-centro-astronomico-di-feltre\/#primaryimage","url":"http:\/\/www.bellunopress.it\/wp-content\/uploads\/2019\/11\/Associazione-astronomica-feltrina-Rheticus.jpg","contentUrl":"http:\/\/www.bellunopress.it\/wp-content\/uploads\/2019\/11\/Associazione-astronomica-feltrina-Rheticus.jpg"},{"@type":"BreadcrumbList","@id":"https:\/\/www.bellunopress.it\/2019\/11\/07\/osservazione-del-transito-di-mercurio-sul-sole-lunedi-al-centro-astronomico-di-feltre\/#breadcrumb","itemListElement":[{"@type":"ListItem","position":1,"name":"Home","item":"https:\/\/www.bellunopress.it\/"},{"@type":"ListItem","position":2,"name":"Osservazione del transito di Mercurio sul Sole. Luned\u00ec al Centro Astronomico di Feltre"}]},{"@type":"WebSite","@id":"https:\/\/www.bellunopress.it\/#website","url":"https:\/\/www.bellunopress.it\/","name":"Bellunopress - Dolomiti","description":"e-mail: redazione@bellunopress.it","publisher":{"@id":"https:\/\/www.bellunopress.it\/#organization"},"potentialAction":[{"@type":"SearchAction","target":{"@type":"EntryPoint","urlTemplate":"https:\/\/www.bellunopress.it\/?s={search_term_string}"},"query-input":{"@type":"PropertyValueSpecification","valueRequired":true,"valueName":"search_term_string"}}],"inLanguage":"fr-FR"},{"@type":"Organization","@id":"https:\/\/www.bellunopress.it\/#organization","name":"Bellunopress","url":"https:\/\/www.bellunopress.it\/","logo":{"@type":"ImageObject","inLanguage":"fr-FR","@id":"https:\/\/www.bellunopress.it\/#\/schema\/logo\/image\/","url":"https:\/\/www.bellunopress.it\/wp-content\/uploads\/2011\/05\/cropped-logo-bellunopress-.jpg","contentUrl":"https:\/\/www.bellunopress.it\/wp-content\/uploads\/2011\/05\/cropped-logo-bellunopress-.jpg","width":512,"height":512,"caption":"Bellunopress"},"image":{"@id":"https:\/\/www.bellunopress.it\/#\/schema\/logo\/image\/"},"sameAs":["https:\/\/www.facebook.com\/profile.php?id=100008943462799","https:\/\/x.com\/bellunopress","https:\/\/www.linkedin.com\/hp\/?dnr=JBzUWaJfMUw8vbXJJ2tVW5-I3jZKvC4wsoxE&amp;amp;amp;amp;amp;amp;trk=nav_responsive_tab_home","https:\/\/www.youtube.com\/channel\/UCxL0wu1uN0_3_7hGG0306cw"]},{"@type":"Person","@id":"https:\/\/www.bellunopress.it\/#\/schema\/person\/79bb06722b37ece1c03d3e94beb30d73","name":"r\u00e9daction","image":{"@type":"ImageObject","inLanguage":"fr-FR","@id":"https:\/\/secure.gravatar.com\/avatar\/37d968a2e67a6fd04c169c4bdef102d0bc5d31b2546345219e348575eb80e9a0?s=96&d=mm&r=g","url":"https:\/\/secure.gravatar.com\/avatar\/37d968a2e67a6fd04c169c4bdef102d0bc5d31b2546345219e348575eb80e9a0?s=96&d=mm&r=g","contentUrl":"https:\/\/secure.gravatar.com\/avatar\/37d968a2e67a6fd04c169c4bdef102d0bc5d31b2546345219e348575eb80e9a0?s=96&d=mm&r=g","caption":"redazione"},"sameAs":["http:\/\/www.bellunopress.it","https:\/\/x.com\/bellunopress"],"url":"https:\/\/www.bellunopress.it\/fr\/author\/redazione\/"}]}},"_links":{"self":[{"href":"https:\/\/www.bellunopress.it\/fr\/wp-json\/wp\/v2\/posts\/109379","targetHints":{"allow":["GET"]}}],"collection":[{"href":"https:\/\/www.bellunopress.it\/fr\/wp-json\/wp\/v2\/posts"}],"about":[{"href":"https:\/\/www.bellunopress.it\/fr\/wp-json\/wp\/v2\/types\/post"}],"author":[{"embeddable":true,"href":"https:\/\/www.bellunopress.it\/fr\/wp-json\/wp\/v2\/users\/2"}],"replies":[{"embeddable":true,"href":"https:\/\/www.bellunopress.it\/fr\/wp-json\/wp\/v2\/comments?post=109379"}],"version-history":[{"count":2,"href":"https:\/\/www.bellunopress.it\/fr\/wp-json\/wp\/v2\/posts\/109379\/revisions"}],"predecessor-version":[{"id":109382,"href":"https:\/\/www.bellunopress.it\/fr\/wp-json\/wp\/v2\/posts\/109379\/revisions\/109382"}],"wp:attachment":[{"href":"https:\/\/www.bellunopress.it\/fr\/wp-json\/wp\/v2\/media?parent=109379"}],"wp:term":[{"taxonomy":"category","embeddable":true,"href":"https:\/\/www.bellunopress.it\/fr\/wp-json\/wp\/v2\/categories?post=109379"},{"taxonomy":"post_tag","embeddable":true,"href":"https:\/\/www.bellunopress.it\/fr\/wp-json\/wp\/v2\/tags?post=109379"}],"curies":[{"name":"wp","href":"https:\/\/api.w.org\/{rel}","templated":true}]}}