{"id":109377,"date":"2019-11-06T17:12:22","date_gmt":"2019-11-06T16:12:22","guid":{"rendered":"http:\/\/www.bellunopress.it\/?p=109377"},"modified":"2019-11-06T17:12:22","modified_gmt":"2019-11-06T16:12:22","slug":"recupero-della-scuola-gabelli-lettera-aperta-dellassociazione","status":"publish","type":"post","link":"https:\/\/www.bellunopress.it\/fr\/2019\/11\/06\/recupero-della-scuola-gabelli-lettera-aperta-dellassociazione\/","title":{"rendered":"Recupero della Scuola Gabelli. Lettera aperta dell&#8217;Associazione"},"content":{"rendered":"<p><a href=\"http:\/\/www.bellunopress.it\/fr\/2019\/10\/21\/consegnati-i-lavori-alla-scuola-gabelli-massaro-data-storica-parte-il-recupero-riapertura-prevista-nel-2021\/gabelli-3\/\" rel=\"attachment wp-att-108939\"><img loading=\"lazy\" decoding=\"async\" class=\"alignleft size-full wp-image-108939\" src=\"http:\/\/www.bellunopress.it\/wp-content\/uploads\/2019\/10\/gabelli-3.jpg\" alt=\"\" width=\"300\" height=\"214\" \/><\/a>L&#8217;Associazione &#8220;Cittadini per il recupero della Gabelli&#8221; accoglie con soddisfazione la notizia dell&#8217;avvio dei lavori per il ripristino della storica scuola nel centro di Belluno fondata dall&#8217;ispettrice Pierina Boranga. Ma vi sono alcune perplessit\u00e0 e osservazioni che nella lettera aperta che segue, indirizzata al sindaco di Belluno Jacopo Massaro e all&#8217;assessore competente Franco Frison, rendono note.<\/p>\n<p>***<\/p>\n<p>&nbsp;<\/p>\n<p>Questa Associazione \u00e8 soddisfatta della consegna dei lavori per il recupero dell\u2019edificio della scuola elementare \u201cA. Gabelli\u201d.<br \/>\nTale scopo \u00e8 la nostra ragione statutaria, in tal senso ci siamo impegnati e lo saremo ancora, unitamente alla comunit\u00e0 civile, da noi sollecitata, vedasi l&#8217; \u201dImpresa\u201d del FAI di qualche anno fa.<br \/>\nPermanendo nella nostra azione di sollecitazione e per contribuire al migliore recupero possibile della scuola, coerenti con la linea educativa tracciata a suo tempo e tuttora valida dell&#8217;Ispettrice Boranga, poniamo all&#8217;attenzione dell&#8217;Amministrazione, in questa fase determinante e cruciale, alcune criticit\u00e0.<br \/>\nEsse sono ricapitolabili nei seguenti punti: fruibilit\u00e0 del tetto, ubicazione degli uffici, smantellamento dell\u2019aula magna, accesso ai disabili, restituzione del giardino alla sua funzione didattica, arredi didattici.<\/p>\n<figure id=\"attachment_72370\" aria-describedby=\"caption-attachment-72370\" style=\"width: 290px\" class=\"wp-caption alignleft\"><a href=\"http:\/\/www.bellunopress.it\/fr\/2015\/10\/12\/la-scuola-piu-bella-ditalia-apre-sabato-la-mostra-sulla-scuola-aristide-gabelli-di-belluno\/scuole-gabelli\/\" rel=\"attachment wp-att-72370\"><img loading=\"lazy\" decoding=\"async\" class=\"size-full wp-image-72370\" src=\"http:\/\/www.bellunopress.it\/wp-content\/uploads\/2015\/10\/Scuole-Gabelli.jpg\" alt=\"\" width=\"290\" height=\"283\" \/><\/a><figcaption id=\"caption-attachment-72370\" class=\"wp-caption-text\">Scuole Gabelli- Belluno anni &#8217;50<\/figcaption><\/figure>\n<p><strong>Fruibilit\u00e0 del tetto<\/strong><br \/>\nGiunge voce che il tetto pur restituito alla sua originale forma in piano non sar\u00e0 accessibile agli alunni per ragioni di sicurezza.<br \/>\nCi permettiamo di ricordare ancora che il tetto \u00e8 stato considerato dalla Boranga e voluto in piano per ragioni didattiche. Per tale esigenza \u00e8 da considerarsi vera area didattica di lavoro.<br \/>\nDa tale punto di vista gli alunni \u201ctoccano\u201d la loro citt\u00e0: nella parte civile, religiosa, imprenditoriale,<br \/>\ncommerciale, ecc.. Da lass\u00f9 si avvicinano alle loro montagne a 360\u00b0: il Nevegal, le vette Feltrine, lo Schiara, le vette Dolomitiche pi\u00f9 lontane. E da lass\u00f9 ancora allargano gli orizzonti della conoscenza geografica; basti considerare l&#8217;uso didattico della grande pietra circolare posizionata sul tetto e con, direzionati, il nome dei luoghi vicini e lontani dalla scuola.<br \/>\nProponiamo allora che siano superati i vincoli di sicurezza. Costruiamo itinerari protetti e rendiamo utilizzabile il tetto come lo \u00e8 stato negli anni gloriosi della storia della scuola. Regaliamo piuttosto agli alunni un piccolo osservatorio astronomico che ampli la loro conoscenza verso l&#8217;infinito.<\/p>\n<p><strong>Ubicazione degli uffici<\/strong><br \/>\nDall\u2019esame delle tavole progettuali abbiamo preso atto che gli attuali uffici di presidenza e amministrativi verranno spostati dalla loro posizione in un altro luogo della scuola.<br \/>\nSe la Boranga ha individuato tale posizione degli uffici \u00e8 per ragioni ben precise del tutto condivisibili.<br \/>\nSono posti sullo snodo fra l&#8217;ala corta e l&#8217;ala lunga dell&#8217;edificio, in zona, sopra l&#8217;ingresso principale,<br \/>\nsopraelevata rispetto al resto dell&#8217;edificio.<br \/>\nCosa significa ci\u00f2?<br \/>\nLa direzione di una scuola negli aspetti giuridici \u00e8 in una posizione di ruolo privilegiata. E` in posizione, perch\u00e9 no, di \u201ccontrollo\u201d ed \u00e8 lo snodo fra l&#8217;attivit\u00e0 direttiva e quelle educativa e didattica; in tale posizione \u00e8 simbolicamente e concretamente visibile l&#8217;attivit\u00e0 di regia della direzione nelle aree didattica, organizzativa e amministrativa.<br \/>\nPer tali ragioni Pierina Boranga ha voluto posizionato in tale sede l&#8217;ufficio e disconoscerlo \u00e8 negare il suo credo.\u00a0Fra l&#8217;altro smantellare quegli uffici significa sostituire integralmente finiture e arredi che, in quel contesto, erano di particolare pregio.<\/p>\n<p><strong>Smantellamento dell\u2019aula magna<\/strong><br \/>\nCi sembra di aver capito che il progetto non preveda, come nel caso degli uffici, lo spostamento dell&#8217;aula magna dall&#8217;attuale sede a un&#8217;altra ma, addirittura, il suo smantellamento.<br \/>\nL&#8217;aula magna verrebbe trasformata in refettorio!<br \/>\nVorremmo sottoporvi tre considerazioni:<br \/>\nA) Un\u2019 aula magna qualifica in maniera determinante l&#8217;attivit\u00e0 di una scuola.<br \/>\nE` il luogo dell&#8217;elaborazione del pensiero pedagogico e dell&#8217;individuazione dell&#8217;azione organizzativa,<br \/>\neducativa e didattica. E` il luogo del dialogo e delle scelte \u201cpolitiche\u201d della scuola. E` sede della<br \/>\nformazione professionale e degli organi collegiali.<br \/>\nB) Non prevedere un&#8217;aula magna alla Gabelli significa posizionare la scuola a rango di un plesso scolastico qualsiasi e non nella funzione strategica di scelte politico-amministrative, che a breve periodo, riteniamo si dovranno considerare nella riorganizzazione della rete scolastica comunale e provinciale;<br \/>\nfunzione che la Gabelli, se vogliamo attestare la sua grande valenza storica, dovr\u00e0 rivestire.<br \/>\nDove si collocher\u00e0 la scuola di alta formazione, auspicata da noi e dall&#8217;Amministrazione comunale sul metodo didattico Pizzigoni\/Boranga, se non nella scuola a ci\u00f2 deputata?<br \/>\nC) C&#8217;\u00e8 anche una ragione artistico-educativa e ci scusiamo se banalizziamo un po&#8217;: che ci faranno in un refettorio il mosaico di Zalea (che rappresenta il mito del pellicano che sfama i suoi piccoli, fino alla morte di s\u00e9) apposto sulla parete est dell&#8217;aula magna e il busto della Giuseppina Pizzigoni? Le due opere, senza contare i murali storici dipinti sulla parete nord, \u201cosserveranno \u201c i bambini che mangiano?<br \/>\nNon sviliamo l&#8217;ambiente e lasciamo l&#8217;aula magna cos\u00ec com&#8217;\u00e8 e cos\u00ec dov&#8217;\u00e8 e troviamo piuttosto un&#8217;altra sede per il refettorio. Non c&#8217;\u00e8 alcun dubbio che, anche in questo caso, alla base della permanenza dell&#8217;aula magna nella sede propria sta il rispetto delle scelte della Boranga e il riconoscimento della dignit\u00e0 della Gabelli-scuola cittadina.<\/p>\n<p><strong>Accesso ai disabili<\/strong><br \/>\nSiamo alla scelta pi\u00f9 stridente, se si confermer\u00e0 quella che l&#8217;accesso facilitato per le persone con difficolt\u00e0 motoria sar\u00e0 dal retro della scuola.<br \/>\nE` dal 1977, L.n\u00b0517, confluita poi nel 1992 nella L. n\u00b0104 che si discute sull&#8217;integrazione degli alunni disabili nella scuola e come \u00e8 noto, una volta tanto, il nostro Paese \u00e8 considerato faro a livello europeo e mondiale nell&#8217;integrazione degli alunni con disabilit\u00e0.<br \/>\nAnzi le parole integrazione e inclusione stanno scomparendo dal vocabolario scolastico, a testimoniare che non ci devono essere differenze fra gli alunni, men che meno con quelli in difficolt\u00e0: quando una scuola si attrezza debitamente per seguire un alunno in difficolt\u00e0, si attrezza per tutti.<br \/>\nE che si fa nel recupero della Gabelli, dopo pi\u00f9 di 40 anni di percorso d&#8217;integrazione?<br \/>\nI disabili accederanno all&#8217;edificio dal retro e non come tutti gli altri dall&#8217;ingresso principale!<br \/>\nE dell&#8217;ingresso dal retro si dovranno servire anche i disabili temporanei, gli adulti con difficolt\u00e0 motorie, ecc..<br \/>\nEppure, per non alterare la linea architettonica della facciata e per superare l&#8217;altezza della scalinata<br \/>\nd&#8217;ingresso principale, potrebbe bastare un piccolo elevatore.<br \/>\nPierina Boranga, ovviamente, essendo andata in pensione nel 1958, non ha vissuto la stagione<br \/>\ndell&#8217;integrazione scolastica. Ma, conoscendo la sua mitica autorevolezza, non c&#8217;\u00e8 dubbio alcuno che non avrebbe mai accettato un intervento edilizio cos\u00ec discriminante. Avrebbe certamente imposto un ravvedimento.<\/p>\n<p><strong>Restituzione del giardino alla sua funzione didattica<\/strong><br \/>\nLa Gabelli \u00e8 costituita da un edificio verticale, la costruzione, e uno orizzontale, il giardino. Cos\u00ec \u00e8 stato concepito dalla Boranga per ragioni eminentemente didattiche.\u00a0\u201cTempio, la natura&#8230;\u201d \u00e8 la prima parte della trilogia dettata da Giuseppina Pizzigoni alla sua discepola Pierina Boranga ed \u00e8 scolpita sulla parete dell&#8217;ingresso dell&#8217;edificio.<br \/>\nIl giardino \u00e8 il luogo dove concretizzare tale principio.<br \/>\nQuindi riprogettare l&#8217;edificio esige contestualmente riprogettare anche il giardino, restituendolo alla sua funzione.<br \/>\nQuello che noi chiamiamo sbrigativamente \u201cil giardino\u201d \u00e8 in realt\u00e0 sia nel pensiero pedagogico sia nella pratica educativa della Scuola di differenziazione didattica una vera e propria grande aula verde, un piano di lavoro didattico indispensabile, di cui avere prima di tutto rispetto come fosse un luogo sacrale e avere gratitudine per le tantissime opportunit\u00e0 d&#8217;apprendimento che offre.<br \/>\nNel giardino gli alunni imparano facendo, sperimentando, come in nessun altro luogo: operano, osservano e pensano. In esso, sotto la guida degli insegnanti, si applicano con tutta la loro persona (testa, cuore e mano) nelle pi\u00f9 varie educazioni: scientifico-biologica, geometrico-matematica, letteraria, estetica, affettiva, civile, religiosa.<br \/>\nL\u2019area esterna va quindi attentamente riprogettata e riorganizzata, a maggior ragione, oltre che per i motivi elencati sopra, anche nel suo utilizzo diversificato, dal momento che sar\u00e0 frequentato da bambini di pi\u00f9 ordini di scuola. Va anzi ampliata considerando anche la parte di esso fronte palestra, dove potrebbe essere costruita una serra, il cui utilizzo completerebbe al meglio l&#8217;applicazione del metodo Pizzigoni\/Boranga.<br \/>\nRelegare quel luogo a semplice giardino, magari invocando la tutela di piante pur vive e maestose, \u00e8<br \/>\nun\u2019operazione che sottrae ai \u201cfanciulli\u201d (cos\u00ec li chiamava Pierina Boranga) di oggi e di domani l\u2019occasione di crescere imparando.<\/p>\n<p><strong>Arredi didattici<\/strong><br \/>\nPierina Boranga ha voluto un edificio scolastico a misura del metodo Pizzigoni e ci sono infinite dimostrazioni di ci\u00f2: tuttavia, non sembri paradossale, tale suo auspicio non ha imposizione alcuna, quasi anticipasse il dettato costituzionale sulla libert\u00e0 d&#8217;insegnamento.<br \/>\nChi insegna alla Gabelli pu\u00f2 beneficiare del tutto (ed \u00e8, ovviamente, auspicabile), ma anche del meno che l&#8217;edificio in quanto tale didatticamente offre: non ha strutture impositive.<br \/>\nA noi sembra invece che, cos\u00ec come appaiono nel rendering di progetto, gli arredi didattici a forma di onde posizionati lungo il corridoio dell&#8217;ala lunga del piano rialzato siano troppo vincolanti sul piano didattico. La Boranga ha voluto i corridoi ampi, alti, lunghi, luminosi, soprattutto \u201cliberi\u201c didatticamente.<\/p>\n<p>Concludendo, siamo consapevoli che le criticit\u00e0 esposte chiamino l&#8217;Amministrazione comunale a compiere un ulteriore sforzo di comprensione di criticit\u00e0 e problemi.<br \/>\nSe abbiamo formalizzato solo ora tanto i principi quanto la loro coniugazione in osservazioni al progetto approvato, per quanto a noi noto, \u00e8 perch\u00e9, al di l\u00e0 delle nostre richieste, degli auspici e dei suggerimenti propostivi sia pubblicamente sia privatamente, durante l\u2019intera fase progettuale \u00e8 mancata qualunque occasione concreta di confronto nel merito tra la nostra Associazione, la vostra spettabile Amministrazione e i progettisti incaricati.<\/p>\n<p>Siamo fiduciosi che, pur in corso d&#8217;opera, le criticit\u00e0 esposte possano essere affrontate e superate.<br \/>\nCi\u00f2 nel rispetto, anche da voi in pi\u00f9 occasioni pubblicamente conclamato, del pensiero dell&#8217;Ispettrice Pierina Boranga e per il perseguimento del bene di una comunit\u00e0 scolastica che nel giro di pochi anni potr\u00e0 ri-abitare la \u201cScuola pi\u00f9 bella d&#8217;Italia\u201d.<br \/>\nRestiamo a disposizione per ogni utile approfondimento, vi ringraziamo dell\u2019attenzione che ci vorrete dare e inviamo i pi\u00f9 cordiali saluti.<br \/>\nBelluno 31 ottobre 2019<\/p>\n<p><strong>ASSOCIAZIONE CITTADINI PER IL RECUPERO DELLA GABELLI<\/strong><\/p>","protected":false},"excerpt":{"rendered":"<p>L&#8217;Associazione &#8220;Cittadini per il recupero della Gabelli&#8221; accoglie con soddisfazione la notizia dell&#8217;avvio dei lavori per il ripristino della storica scuola nel centro di Belluno fondata dall&#8217;ispettrice Pierina Boranga. Ma vi sono alcune perplessit\u00e0 e osservazioni che nella lettera aperta che segue, indirizzata al sindaco di Belluno Jacopo Massaro e all&#8217;assessore competente Franco Frison, rendono [&hellip;]<\/p>\n","protected":false},"author":2,"featured_media":0,"comment_status":"closed","ping_status":"open","sticky":false,"template":"","format":"standard","meta":{"footnotes":""},"categories":[5,26,15,8],"tags":[],"class_list":["post-109377","post","type-post","status-publish","format-standard","category-cronaca","category-prima-pagina","category-scuola","category-societa-istituzioni"],"yoast_head":"<!-- This site is optimized with the Yoast SEO plugin v28.4 - https:\/\/yoast.com\/product\/yoast-seo-wordpress\/ -->\n<title>Recupero della Scuola Gabelli. Lettera aperta dell&#039;Associazione - Bellunopress - Dolomiti<\/title>\n<meta name=\"robots\" content=\"index, follow, max-snippet:-1, max-image-preview:large, max-video-preview:-1\" \/>\n<link rel=\"canonical\" href=\"https:\/\/www.bellunopress.it\/fr\/2019\/11\/06\/recupero-della-scuola-gabelli-lettera-aperta-dellassociazione\/\" \/>\n<meta property=\"og:locale\" content=\"fr_FR\" \/>\n<meta property=\"og:type\" content=\"article\" \/>\n<meta property=\"og:title\" content=\"Recupero della Scuola Gabelli. Lettera aperta dell&#039;Associazione - Bellunopress - Dolomiti\" \/>\n<meta property=\"og:description\" content=\"L&#8217;Associazione &#8220;Cittadini per il recupero della Gabelli&#8221; accoglie con soddisfazione la notizia dell&#8217;avvio dei lavori per il ripristino della storica scuola nel centro di Belluno fondata dall&#8217;ispettrice Pierina Boranga. Ma vi sono alcune perplessit\u00e0 e osservazioni che nella lettera aperta che segue, indirizzata al sindaco di Belluno Jacopo Massaro e all&#8217;assessore competente Franco Frison, rendono [&hellip;]\" \/>\n<meta property=\"og:url\" content=\"https:\/\/www.bellunopress.it\/fr\/2019\/11\/06\/recupero-della-scuola-gabelli-lettera-aperta-dellassociazione\/\" \/>\n<meta property=\"og:site_name\" content=\"Bellunopress - Dolomiti\" \/>\n<meta property=\"article:publisher\" content=\"https:\/\/www.facebook.com\/profile.php?id=100008943462799\" \/>\n<meta property=\"article:published_time\" content=\"2019-11-06T16:12:22+00:00\" \/>\n<meta property=\"og:image\" content=\"http:\/\/www.bellunopress.it\/wp-content\/uploads\/2019\/10\/gabelli-3.jpg\" \/>\n<meta name=\"author\" content=\"redazione\" \/>\n<meta name=\"twitter:card\" content=\"summary_large_image\" \/>\n<meta name=\"twitter:creator\" content=\"@bellunopress\" \/>\n<meta name=\"twitter:site\" content=\"@bellunopress\" \/>\n<meta name=\"twitter:label1\" content=\"\u00c9crit par\" \/>\n\t<meta name=\"twitter:data1\" content=\"redazione\" \/>\n\t<meta name=\"twitter:label2\" content=\"Dur\u00e9e de lecture estim\u00e9e\" \/>\n\t<meta name=\"twitter:data2\" content=\"8 minutes\" \/>\n<script type=\"application\/ld+json\" class=\"yoast-schema-graph\">{\"@context\":\"https:\\\/\\\/schema.org\",\"@graph\":[{\"@type\":\"Article\",\"@id\":\"https:\\\/\\\/www.bellunopress.it\\\/2019\\\/11\\\/06\\\/recupero-della-scuola-gabelli-lettera-aperta-dellassociazione\\\/#article\",\"isPartOf\":{\"@id\":\"https:\\\/\\\/www.bellunopress.it\\\/2019\\\/11\\\/06\\\/recupero-della-scuola-gabelli-lettera-aperta-dellassociazione\\\/\"},\"author\":{\"name\":\"redazione\",\"@id\":\"https:\\\/\\\/www.bellunopress.it\\\/#\\\/schema\\\/person\\\/79bb06722b37ece1c03d3e94beb30d73\"},\"headline\":\"Recupero della Scuola Gabelli. Lettera aperta dell&#8217;Associazione\",\"datePublished\":\"2019-11-06T16:12:22+00:00\",\"mainEntityOfPage\":{\"@id\":\"https:\\\/\\\/www.bellunopress.it\\\/2019\\\/11\\\/06\\\/recupero-della-scuola-gabelli-lettera-aperta-dellassociazione\\\/\"},\"wordCount\":1641,\"publisher\":{\"@id\":\"https:\\\/\\\/www.bellunopress.it\\\/#organization\"},\"image\":{\"@id\":\"https:\\\/\\\/www.bellunopress.it\\\/2019\\\/11\\\/06\\\/recupero-della-scuola-gabelli-lettera-aperta-dellassociazione\\\/#primaryimage\"},\"thumbnailUrl\":\"http:\\\/\\\/www.bellunopress.it\\\/wp-content\\\/uploads\\\/2019\\\/10\\\/gabelli-3.jpg\",\"articleSection\":[\"Cronaca\\\/Politica\",\"Prima Pagina\",\"Scuola\",\"Societ\u00e0, Associazioni, Istituzioni\"],\"inLanguage\":\"fr-FR\"},{\"@type\":\"WebPage\",\"@id\":\"https:\\\/\\\/www.bellunopress.it\\\/2019\\\/11\\\/06\\\/recupero-della-scuola-gabelli-lettera-aperta-dellassociazione\\\/\",\"url\":\"https:\\\/\\\/www.bellunopress.it\\\/2019\\\/11\\\/06\\\/recupero-della-scuola-gabelli-lettera-aperta-dellassociazione\\\/\",\"name\":\"Recupero della Scuola Gabelli. Lettera aperta dell'Associazione - Bellunopress - Dolomiti\",\"isPartOf\":{\"@id\":\"https:\\\/\\\/www.bellunopress.it\\\/#website\"},\"primaryImageOfPage\":{\"@id\":\"https:\\\/\\\/www.bellunopress.it\\\/2019\\\/11\\\/06\\\/recupero-della-scuola-gabelli-lettera-aperta-dellassociazione\\\/#primaryimage\"},\"image\":{\"@id\":\"https:\\\/\\\/www.bellunopress.it\\\/2019\\\/11\\\/06\\\/recupero-della-scuola-gabelli-lettera-aperta-dellassociazione\\\/#primaryimage\"},\"thumbnailUrl\":\"http:\\\/\\\/www.bellunopress.it\\\/wp-content\\\/uploads\\\/2019\\\/10\\\/gabelli-3.jpg\",\"datePublished\":\"2019-11-06T16:12:22+00:00\",\"breadcrumb\":{\"@id\":\"https:\\\/\\\/www.bellunopress.it\\\/2019\\\/11\\\/06\\\/recupero-della-scuola-gabelli-lettera-aperta-dellassociazione\\\/#breadcrumb\"},\"inLanguage\":\"fr-FR\",\"potentialAction\":[{\"@type\":\"ReadAction\",\"target\":[\"https:\\\/\\\/www.bellunopress.it\\\/2019\\\/11\\\/06\\\/recupero-della-scuola-gabelli-lettera-aperta-dellassociazione\\\/\"]}]},{\"@type\":\"ImageObject\",\"inLanguage\":\"fr-FR\",\"@id\":\"https:\\\/\\\/www.bellunopress.it\\\/2019\\\/11\\\/06\\\/recupero-della-scuola-gabelli-lettera-aperta-dellassociazione\\\/#primaryimage\",\"url\":\"http:\\\/\\\/www.bellunopress.it\\\/wp-content\\\/uploads\\\/2019\\\/10\\\/gabelli-3.jpg\",\"contentUrl\":\"http:\\\/\\\/www.bellunopress.it\\\/wp-content\\\/uploads\\\/2019\\\/10\\\/gabelli-3.jpg\"},{\"@type\":\"BreadcrumbList\",\"@id\":\"https:\\\/\\\/www.bellunopress.it\\\/2019\\\/11\\\/06\\\/recupero-della-scuola-gabelli-lettera-aperta-dellassociazione\\\/#breadcrumb\",\"itemListElement\":[{\"@type\":\"ListItem\",\"position\":1,\"name\":\"Home\",\"item\":\"https:\\\/\\\/www.bellunopress.it\\\/\"},{\"@type\":\"ListItem\",\"position\":2,\"name\":\"Recupero della Scuola Gabelli. Lettera aperta dell&#8217;Associazione\"}]},{\"@type\":\"WebSite\",\"@id\":\"https:\\\/\\\/www.bellunopress.it\\\/#website\",\"url\":\"https:\\\/\\\/www.bellunopress.it\\\/\",\"name\":\"Bellunopress - Dolomiti\",\"description\":\"e-mail: redazione@bellunopress.it\",\"publisher\":{\"@id\":\"https:\\\/\\\/www.bellunopress.it\\\/#organization\"},\"potentialAction\":[{\"@type\":\"SearchAction\",\"target\":{\"@type\":\"EntryPoint\",\"urlTemplate\":\"https:\\\/\\\/www.bellunopress.it\\\/?s={search_term_string}\"},\"query-input\":{\"@type\":\"PropertyValueSpecification\",\"valueRequired\":true,\"valueName\":\"search_term_string\"}}],\"inLanguage\":\"fr-FR\"},{\"@type\":\"Organization\",\"@id\":\"https:\\\/\\\/www.bellunopress.it\\\/#organization\",\"name\":\"Bellunopress\",\"url\":\"https:\\\/\\\/www.bellunopress.it\\\/\",\"logo\":{\"@type\":\"ImageObject\",\"inLanguage\":\"fr-FR\",\"@id\":\"https:\\\/\\\/www.bellunopress.it\\\/#\\\/schema\\\/logo\\\/image\\\/\",\"url\":\"https:\\\/\\\/www.bellunopress.it\\\/wp-content\\\/uploads\\\/2011\\\/05\\\/cropped-logo-bellunopress-.jpg\",\"contentUrl\":\"https:\\\/\\\/www.bellunopress.it\\\/wp-content\\\/uploads\\\/2011\\\/05\\\/cropped-logo-bellunopress-.jpg\",\"width\":512,\"height\":512,\"caption\":\"Bellunopress\"},\"image\":{\"@id\":\"https:\\\/\\\/www.bellunopress.it\\\/#\\\/schema\\\/logo\\\/image\\\/\"},\"sameAs\":[\"https:\\\/\\\/www.facebook.com\\\/profile.php?id=100008943462799\",\"https:\\\/\\\/x.com\\\/bellunopress\",\"https:\\\/\\\/www.linkedin.com\\\/hp\\\/?dnr=JBzUWaJfMUw8vbXJJ2tVW5-I3jZKvC4wsoxE&amp;amp;amp;amp;amp;amp;trk=nav_responsive_tab_home\",\"https:\\\/\\\/www.youtube.com\\\/channel\\\/UCxL0wu1uN0_3_7hGG0306cw\"]},{\"@type\":\"Person\",\"@id\":\"https:\\\/\\\/www.bellunopress.it\\\/#\\\/schema\\\/person\\\/79bb06722b37ece1c03d3e94beb30d73\",\"name\":\"redazione\",\"image\":{\"@type\":\"ImageObject\",\"inLanguage\":\"fr-FR\",\"@id\":\"https:\\\/\\\/secure.gravatar.com\\\/avatar\\\/37d968a2e67a6fd04c169c4bdef102d0bc5d31b2546345219e348575eb80e9a0?s=96&d=mm&r=g\",\"url\":\"https:\\\/\\\/secure.gravatar.com\\\/avatar\\\/37d968a2e67a6fd04c169c4bdef102d0bc5d31b2546345219e348575eb80e9a0?s=96&d=mm&r=g\",\"contentUrl\":\"https:\\\/\\\/secure.gravatar.com\\\/avatar\\\/37d968a2e67a6fd04c169c4bdef102d0bc5d31b2546345219e348575eb80e9a0?s=96&d=mm&r=g\",\"caption\":\"redazione\"},\"sameAs\":[\"http:\\\/\\\/www.bellunopress.it\",\"https:\\\/\\\/x.com\\\/bellunopress\"],\"url\":\"https:\\\/\\\/www.bellunopress.it\\\/fr\\\/author\\\/redazione\\\/\"}]}<\/script>\n<!-- \/ Yoast SEO plugin. -->","yoast_head_json":{"title":"Recupero della Scuola Gabelli. Lettera aperta dell'Associazione - Bellunopress - Dolomiti","robots":{"index":"index","follow":"follow","max-snippet":"max-snippet:-1","max-image-preview":"max-image-preview:large","max-video-preview":"max-video-preview:-1"},"canonical":"https:\/\/www.bellunopress.it\/fr\/2019\/11\/06\/recupero-della-scuola-gabelli-lettera-aperta-dellassociazione\/","og_locale":"fr_FR","og_type":"article","og_title":"Recupero della Scuola Gabelli. Lettera aperta dell'Associazione - Bellunopress - Dolomiti","og_description":"L&#8217;Associazione &#8220;Cittadini per il recupero della Gabelli&#8221; accoglie con soddisfazione la notizia dell&#8217;avvio dei lavori per il ripristino della storica scuola nel centro di Belluno fondata dall&#8217;ispettrice Pierina Boranga. Ma vi sono alcune perplessit\u00e0 e osservazioni che nella lettera aperta che segue, indirizzata al sindaco di Belluno Jacopo Massaro e all&#8217;assessore competente Franco Frison, rendono [&hellip;]","og_url":"https:\/\/www.bellunopress.it\/fr\/2019\/11\/06\/recupero-della-scuola-gabelli-lettera-aperta-dellassociazione\/","og_site_name":"Bellunopress - Dolomiti","article_publisher":"https:\/\/www.facebook.com\/profile.php?id=100008943462799","article_published_time":"2019-11-06T16:12:22+00:00","og_image":[{"url":"http:\/\/www.bellunopress.it\/wp-content\/uploads\/2019\/10\/gabelli-3.jpg","type":"","width":"","height":""}],"author":"redazione","twitter_card":"summary_large_image","twitter_creator":"@bellunopress","twitter_site":"@bellunopress","twitter_misc":{"\u00c9crit par":"redazione","Dur\u00e9e de lecture estim\u00e9e":"8 minutes"},"schema":{"@context":"https:\/\/schema.org","@graph":[{"@type":"Article","@id":"https:\/\/www.bellunopress.it\/2019\/11\/06\/recupero-della-scuola-gabelli-lettera-aperta-dellassociazione\/#article","isPartOf":{"@id":"https:\/\/www.bellunopress.it\/2019\/11\/06\/recupero-della-scuola-gabelli-lettera-aperta-dellassociazione\/"},"author":{"name":"redazione","@id":"https:\/\/www.bellunopress.it\/#\/schema\/person\/79bb06722b37ece1c03d3e94beb30d73"},"headline":"Recupero della Scuola Gabelli. Lettera aperta dell&#8217;Associazione","datePublished":"2019-11-06T16:12:22+00:00","mainEntityOfPage":{"@id":"https:\/\/www.bellunopress.it\/2019\/11\/06\/recupero-della-scuola-gabelli-lettera-aperta-dellassociazione\/"},"wordCount":1641,"publisher":{"@id":"https:\/\/www.bellunopress.it\/#organization"},"image":{"@id":"https:\/\/www.bellunopress.it\/2019\/11\/06\/recupero-della-scuola-gabelli-lettera-aperta-dellassociazione\/#primaryimage"},"thumbnailUrl":"http:\/\/www.bellunopress.it\/wp-content\/uploads\/2019\/10\/gabelli-3.jpg","articleSection":["Cronaca\/Politica","Prima Pagina","Scuola","Societ\u00e0, Associazioni, Istituzioni"],"inLanguage":"fr-FR"},{"@type":"WebPage","@id":"https:\/\/www.bellunopress.it\/2019\/11\/06\/recupero-della-scuola-gabelli-lettera-aperta-dellassociazione\/","url":"https:\/\/www.bellunopress.it\/2019\/11\/06\/recupero-della-scuola-gabelli-lettera-aperta-dellassociazione\/","name":"Recupero della Scuola Gabelli. Lettera aperta dell'Associazione - Bellunopress - Dolomiti","isPartOf":{"@id":"https:\/\/www.bellunopress.it\/#website"},"primaryImageOfPage":{"@id":"https:\/\/www.bellunopress.it\/2019\/11\/06\/recupero-della-scuola-gabelli-lettera-aperta-dellassociazione\/#primaryimage"},"image":{"@id":"https:\/\/www.bellunopress.it\/2019\/11\/06\/recupero-della-scuola-gabelli-lettera-aperta-dellassociazione\/#primaryimage"},"thumbnailUrl":"http:\/\/www.bellunopress.it\/wp-content\/uploads\/2019\/10\/gabelli-3.jpg","datePublished":"2019-11-06T16:12:22+00:00","breadcrumb":{"@id":"https:\/\/www.bellunopress.it\/2019\/11\/06\/recupero-della-scuola-gabelli-lettera-aperta-dellassociazione\/#breadcrumb"},"inLanguage":"fr-FR","potentialAction":[{"@type":"ReadAction","target":["https:\/\/www.bellunopress.it\/2019\/11\/06\/recupero-della-scuola-gabelli-lettera-aperta-dellassociazione\/"]}]},{"@type":"ImageObject","inLanguage":"fr-FR","@id":"https:\/\/www.bellunopress.it\/2019\/11\/06\/recupero-della-scuola-gabelli-lettera-aperta-dellassociazione\/#primaryimage","url":"http:\/\/www.bellunopress.it\/wp-content\/uploads\/2019\/10\/gabelli-3.jpg","contentUrl":"http:\/\/www.bellunopress.it\/wp-content\/uploads\/2019\/10\/gabelli-3.jpg"},{"@type":"BreadcrumbList","@id":"https:\/\/www.bellunopress.it\/2019\/11\/06\/recupero-della-scuola-gabelli-lettera-aperta-dellassociazione\/#breadcrumb","itemListElement":[{"@type":"ListItem","position":1,"name":"Home","item":"https:\/\/www.bellunopress.it\/"},{"@type":"ListItem","position":2,"name":"Recupero della Scuola Gabelli. Lettera aperta dell&#8217;Associazione"}]},{"@type":"WebSite","@id":"https:\/\/www.bellunopress.it\/#website","url":"https:\/\/www.bellunopress.it\/","name":"Bellunopress - Dolomiti","description":"e-mail: redazione@bellunopress.it","publisher":{"@id":"https:\/\/www.bellunopress.it\/#organization"},"potentialAction":[{"@type":"SearchAction","target":{"@type":"EntryPoint","urlTemplate":"https:\/\/www.bellunopress.it\/?s={search_term_string}"},"query-input":{"@type":"PropertyValueSpecification","valueRequired":true,"valueName":"search_term_string"}}],"inLanguage":"fr-FR"},{"@type":"Organization","@id":"https:\/\/www.bellunopress.it\/#organization","name":"Bellunopress","url":"https:\/\/www.bellunopress.it\/","logo":{"@type":"ImageObject","inLanguage":"fr-FR","@id":"https:\/\/www.bellunopress.it\/#\/schema\/logo\/image\/","url":"https:\/\/www.bellunopress.it\/wp-content\/uploads\/2011\/05\/cropped-logo-bellunopress-.jpg","contentUrl":"https:\/\/www.bellunopress.it\/wp-content\/uploads\/2011\/05\/cropped-logo-bellunopress-.jpg","width":512,"height":512,"caption":"Bellunopress"},"image":{"@id":"https:\/\/www.bellunopress.it\/#\/schema\/logo\/image\/"},"sameAs":["https:\/\/www.facebook.com\/profile.php?id=100008943462799","https:\/\/x.com\/bellunopress","https:\/\/www.linkedin.com\/hp\/?dnr=JBzUWaJfMUw8vbXJJ2tVW5-I3jZKvC4wsoxE&amp;amp;amp;amp;amp;amp;trk=nav_responsive_tab_home","https:\/\/www.youtube.com\/channel\/UCxL0wu1uN0_3_7hGG0306cw"]},{"@type":"Person","@id":"https:\/\/www.bellunopress.it\/#\/schema\/person\/79bb06722b37ece1c03d3e94beb30d73","name":"r\u00e9daction","image":{"@type":"ImageObject","inLanguage":"fr-FR","@id":"https:\/\/secure.gravatar.com\/avatar\/37d968a2e67a6fd04c169c4bdef102d0bc5d31b2546345219e348575eb80e9a0?s=96&d=mm&r=g","url":"https:\/\/secure.gravatar.com\/avatar\/37d968a2e67a6fd04c169c4bdef102d0bc5d31b2546345219e348575eb80e9a0?s=96&d=mm&r=g","contentUrl":"https:\/\/secure.gravatar.com\/avatar\/37d968a2e67a6fd04c169c4bdef102d0bc5d31b2546345219e348575eb80e9a0?s=96&d=mm&r=g","caption":"redazione"},"sameAs":["http:\/\/www.bellunopress.it","https:\/\/x.com\/bellunopress"],"url":"https:\/\/www.bellunopress.it\/fr\/author\/redazione\/"}]}},"_links":{"self":[{"href":"https:\/\/www.bellunopress.it\/fr\/wp-json\/wp\/v2\/posts\/109377","targetHints":{"allow":["GET"]}}],"collection":[{"href":"https:\/\/www.bellunopress.it\/fr\/wp-json\/wp\/v2\/posts"}],"about":[{"href":"https:\/\/www.bellunopress.it\/fr\/wp-json\/wp\/v2\/types\/post"}],"author":[{"embeddable":true,"href":"https:\/\/www.bellunopress.it\/fr\/wp-json\/wp\/v2\/users\/2"}],"replies":[{"embeddable":true,"href":"https:\/\/www.bellunopress.it\/fr\/wp-json\/wp\/v2\/comments?post=109377"}],"version-history":[{"count":1,"href":"https:\/\/www.bellunopress.it\/fr\/wp-json\/wp\/v2\/posts\/109377\/revisions"}],"predecessor-version":[{"id":109378,"href":"https:\/\/www.bellunopress.it\/fr\/wp-json\/wp\/v2\/posts\/109377\/revisions\/109378"}],"wp:attachment":[{"href":"https:\/\/www.bellunopress.it\/fr\/wp-json\/wp\/v2\/media?parent=109377"}],"wp:term":[{"taxonomy":"category","embeddable":true,"href":"https:\/\/www.bellunopress.it\/fr\/wp-json\/wp\/v2\/categories?post=109377"},{"taxonomy":"post_tag","embeddable":true,"href":"https:\/\/www.bellunopress.it\/fr\/wp-json\/wp\/v2\/tags?post=109377"}],"curies":[{"name":"wp","href":"https:\/\/api.w.org\/{rel}","templated":true}]}}