{"id":109375,"date":"2019-11-06T16:51:46","date_gmt":"2019-11-06T15:51:46","guid":{"rendered":"http:\/\/www.bellunopress.it\/?p=109375"},"modified":"2019-11-06T16:51:46","modified_gmt":"2019-11-06T15:51:46","slug":"nevegal-la-replica-di-gidoni-nessuna-miopia-della-regione","status":"publish","type":"post","link":"https:\/\/www.bellunopress.it\/fr\/2019\/11\/06\/nevegal-la-replica-di-gidoni-nessuna-miopia-della-regione\/","title":{"rendered":"Nevegal. La replica di Gidoni: &#8220;Nessuna miopia della Regione&#8221;"},"content":{"rendered":"<figure id=\"attachment_87029\" aria-describedby=\"caption-attachment-87029\" style=\"width: 163px\" class=\"wp-caption alignleft\"><a href=\"http:\/\/www.bellunopress.it\/fr\/2017\/06\/15\/gidoni-smentisce-gamba-fantasioso-affermare-che-la-regione-chiudera-il-reparto-di-neurochirurgia-di-belluno\/gidoni\/\" rel=\"attachment wp-att-87029\"><img loading=\"lazy\" decoding=\"async\" class=\"size-full wp-image-87029\" src=\"http:\/\/www.bellunopress.it\/wp-content\/uploads\/2017\/06\/gidoni.jpg\" alt=\"\" width=\"163\" height=\"200\" \/><\/a><figcaption id=\"caption-attachment-87029\" class=\"wp-caption-text\">Franco Gidoni, consigliere regionale<\/figcaption><\/figure>\n<p>&#8220;Spiace che i colleghi del PD in consiglio regionale accusino la regione di essere miope nei confronti del Nevegal&#8221; commenta il consigliere regionale bellunese della Lega Franco Gidoni all&#8217;indomani della bocciatura del loro ordine del giorno presentato a margine dell&#8217;approvazione del DEFR.<\/p>\n<p>&#8220;La Regione da mesi si sta interessando alla questione approfondendone il tema, promuovendo incontri tra gli attori di un possibile rilancio del Nevegal e non ultimo concretamente impegnandosi per garantire la riapertura degli impianti per l&#8217;entrante stagione invernale&#8221;<br \/>\n&#8220;Non c&#8217;\u00e8 dunque alcuna miopia, ma la consapevolezza che in questo delicato momento di tutto c&#8217;\u00e8 bisogno tranne di mettere sul tavolo proposte difficilmente percorribili. Come infatti ben noto ai colleghi del PD il citato art 42 della legge 11\/2013 non prevede che la regione possa attivare accordi di programma al pi\u00f9 pu\u00f2 sostenere le imprese turistiche che vogliano impegnarsi nel rilancio del colle bellunese.<\/p>\n<p>E&#8217; questo un obbiettivo chiaro della programmazione regionale quando alla missione 7 Turismo del DEFR tra i risultati attesi dalle politiche regionali vi \u00e8 proprio il rilancio delle destinazioni turistiche sia quelle a maggior rischio stagnazione\/declino, sia quella necessitanti di interventi di differenziazione\/innovazione di prodotto, favorendo una gestione coordinata ed organizzata.<\/p>\n<p>E dunque non appena sar\u00e0 costituita la NewCo, che vedr\u00e0 impegnato in prima persona anche il comune di Belluno, non mancher\u00e0 la fattiva collaborazione della Regione per ridare al colle dei bellunesi una nuova vita turistica&#8221;<\/p>","protected":false},"excerpt":{"rendered":"<p>&#8220;Spiace che i colleghi del PD in consiglio regionale accusino la regione di essere miope nei confronti del Nevegal&#8221; commenta il consigliere regionale bellunese della Lega Franco Gidoni all&#8217;indomani della bocciatura del loro ordine del giorno presentato a margine dell&#8217;approvazione del DEFR. &#8220;La Regione da mesi si sta interessando alla questione approfondendone il tema, promuovendo [&hellip;]<\/p>\n","protected":false},"author":2,"featured_media":0,"comment_status":"closed","ping_status":"open","sticky":false,"template":"","format":"standard","meta":{"footnotes":""},"categories":[5,26],"tags":[],"class_list":["post-109375","post","type-post","status-publish","format-standard","category-cronaca","category-prima-pagina"],"yoast_head":"<!-- This site is optimized with the Yoast SEO plugin v28.4 - https:\/\/yoast.com\/product\/yoast-seo-wordpress\/ -->\n<title>Nevegal. La replica di Gidoni: &quot;Nessuna miopia della Regione&quot; - Bellunopress - Dolomiti<\/title>\n<meta name=\"robots\" content=\"index, follow, max-snippet:-1, max-image-preview:large, max-video-preview:-1\" \/>\n<link rel=\"canonical\" href=\"https:\/\/www.bellunopress.it\/fr\/2019\/11\/06\/nevegal-la-replica-di-gidoni-nessuna-miopia-della-regione\/\" \/>\n<meta property=\"og:locale\" content=\"fr_FR\" \/>\n<meta property=\"og:type\" content=\"article\" \/>\n<meta property=\"og:title\" content=\"Nevegal. La replica di Gidoni: &quot;Nessuna miopia della Regione&quot; - Bellunopress - Dolomiti\" \/>\n<meta property=\"og:description\" content=\"&#8220;Spiace che i colleghi del PD in consiglio regionale accusino la regione di essere miope nei confronti del Nevegal&#8221; commenta il consigliere regionale bellunese della Lega Franco Gidoni all&#8217;indomani della bocciatura del loro ordine del giorno presentato a margine dell&#8217;approvazione del DEFR. &#8220;La Regione da mesi si sta interessando alla questione approfondendone il tema, promuovendo [&hellip;]\" \/>\n<meta property=\"og:url\" content=\"https:\/\/www.bellunopress.it\/fr\/2019\/11\/06\/nevegal-la-replica-di-gidoni-nessuna-miopia-della-regione\/\" \/>\n<meta property=\"og:site_name\" content=\"Bellunopress - Dolomiti\" \/>\n<meta property=\"article:publisher\" content=\"https:\/\/www.facebook.com\/profile.php?id=100008943462799\" \/>\n<meta property=\"article:published_time\" content=\"2019-11-06T15:51:46+00:00\" \/>\n<meta property=\"og:image\" content=\"http:\/\/www.bellunopress.it\/wp-content\/uploads\/2017\/06\/gidoni.jpg\" \/>\n<meta name=\"author\" content=\"redazione\" \/>\n<meta name=\"twitter:card\" content=\"summary_large_image\" \/>\n<meta name=\"twitter:creator\" content=\"@bellunopress\" \/>\n<meta name=\"twitter:site\" content=\"@bellunopress\" \/>\n<meta name=\"twitter:label1\" content=\"\u00c9crit par\" \/>\n\t<meta name=\"twitter:data1\" content=\"redazione\" \/>\n\t<meta name=\"twitter:label2\" content=\"Dur\u00e9e de lecture estim\u00e9e\" \/>\n\t<meta name=\"twitter:data2\" content=\"1 minute\" \/>\n<script type=\"application\/ld+json\" class=\"yoast-schema-graph\">{\"@context\":\"https:\\\/\\\/schema.org\",\"@graph\":[{\"@type\":\"Article\",\"@id\":\"https:\\\/\\\/www.bellunopress.it\\\/2019\\\/11\\\/06\\\/nevegal-la-replica-di-gidoni-nessuna-miopia-della-regione\\\/#article\",\"isPartOf\":{\"@id\":\"https:\\\/\\\/www.bellunopress.it\\\/2019\\\/11\\\/06\\\/nevegal-la-replica-di-gidoni-nessuna-miopia-della-regione\\\/\"},\"author\":{\"name\":\"redazione\",\"@id\":\"https:\\\/\\\/www.bellunopress.it\\\/#\\\/schema\\\/person\\\/79bb06722b37ece1c03d3e94beb30d73\"},\"headline\":\"Nevegal. La replica di Gidoni: &#8220;Nessuna miopia della Regione&#8221;\",\"datePublished\":\"2019-11-06T15:51:46+00:00\",\"mainEntityOfPage\":{\"@id\":\"https:\\\/\\\/www.bellunopress.it\\\/2019\\\/11\\\/06\\\/nevegal-la-replica-di-gidoni-nessuna-miopia-della-regione\\\/\"},\"wordCount\":253,\"publisher\":{\"@id\":\"https:\\\/\\\/www.bellunopress.it\\\/#organization\"},\"image\":{\"@id\":\"https:\\\/\\\/www.bellunopress.it\\\/2019\\\/11\\\/06\\\/nevegal-la-replica-di-gidoni-nessuna-miopia-della-regione\\\/#primaryimage\"},\"thumbnailUrl\":\"http:\\\/\\\/www.bellunopress.it\\\/wp-content\\\/uploads\\\/2017\\\/06\\\/gidoni.jpg\",\"articleSection\":[\"Cronaca\\\/Politica\",\"Prima Pagina\"],\"inLanguage\":\"fr-FR\"},{\"@type\":\"WebPage\",\"@id\":\"https:\\\/\\\/www.bellunopress.it\\\/2019\\\/11\\\/06\\\/nevegal-la-replica-di-gidoni-nessuna-miopia-della-regione\\\/\",\"url\":\"https:\\\/\\\/www.bellunopress.it\\\/2019\\\/11\\\/06\\\/nevegal-la-replica-di-gidoni-nessuna-miopia-della-regione\\\/\",\"name\":\"Nevegal. La replica di Gidoni: \\\"Nessuna miopia della Regione\\\" - Bellunopress - Dolomiti\",\"isPartOf\":{\"@id\":\"https:\\\/\\\/www.bellunopress.it\\\/#website\"},\"primaryImageOfPage\":{\"@id\":\"https:\\\/\\\/www.bellunopress.it\\\/2019\\\/11\\\/06\\\/nevegal-la-replica-di-gidoni-nessuna-miopia-della-regione\\\/#primaryimage\"},\"image\":{\"@id\":\"https:\\\/\\\/www.bellunopress.it\\\/2019\\\/11\\\/06\\\/nevegal-la-replica-di-gidoni-nessuna-miopia-della-regione\\\/#primaryimage\"},\"thumbnailUrl\":\"http:\\\/\\\/www.bellunopress.it\\\/wp-content\\\/uploads\\\/2017\\\/06\\\/gidoni.jpg\",\"datePublished\":\"2019-11-06T15:51:46+00:00\",\"breadcrumb\":{\"@id\":\"https:\\\/\\\/www.bellunopress.it\\\/2019\\\/11\\\/06\\\/nevegal-la-replica-di-gidoni-nessuna-miopia-della-regione\\\/#breadcrumb\"},\"inLanguage\":\"fr-FR\",\"potentialAction\":[{\"@type\":\"ReadAction\",\"target\":[\"https:\\\/\\\/www.bellunopress.it\\\/2019\\\/11\\\/06\\\/nevegal-la-replica-di-gidoni-nessuna-miopia-della-regione\\\/\"]}]},{\"@type\":\"ImageObject\",\"inLanguage\":\"fr-FR\",\"@id\":\"https:\\\/\\\/www.bellunopress.it\\\/2019\\\/11\\\/06\\\/nevegal-la-replica-di-gidoni-nessuna-miopia-della-regione\\\/#primaryimage\",\"url\":\"http:\\\/\\\/www.bellunopress.it\\\/wp-content\\\/uploads\\\/2017\\\/06\\\/gidoni.jpg\",\"contentUrl\":\"http:\\\/\\\/www.bellunopress.it\\\/wp-content\\\/uploads\\\/2017\\\/06\\\/gidoni.jpg\"},{\"@type\":\"BreadcrumbList\",\"@id\":\"https:\\\/\\\/www.bellunopress.it\\\/2019\\\/11\\\/06\\\/nevegal-la-replica-di-gidoni-nessuna-miopia-della-regione\\\/#breadcrumb\",\"itemListElement\":[{\"@type\":\"ListItem\",\"position\":1,\"name\":\"Home\",\"item\":\"https:\\\/\\\/www.bellunopress.it\\\/\"},{\"@type\":\"ListItem\",\"position\":2,\"name\":\"Nevegal. La replica di Gidoni: &#8220;Nessuna miopia della Regione&#8221;\"}]},{\"@type\":\"WebSite\",\"@id\":\"https:\\\/\\\/www.bellunopress.it\\\/#website\",\"url\":\"https:\\\/\\\/www.bellunopress.it\\\/\",\"name\":\"Bellunopress - Dolomiti\",\"description\":\"e-mail: redazione@bellunopress.it\",\"publisher\":{\"@id\":\"https:\\\/\\\/www.bellunopress.it\\\/#organization\"},\"potentialAction\":[{\"@type\":\"SearchAction\",\"target\":{\"@type\":\"EntryPoint\",\"urlTemplate\":\"https:\\\/\\\/www.bellunopress.it\\\/?s={search_term_string}\"},\"query-input\":{\"@type\":\"PropertyValueSpecification\",\"valueRequired\":true,\"valueName\":\"search_term_string\"}}],\"inLanguage\":\"fr-FR\"},{\"@type\":\"Organization\",\"@id\":\"https:\\\/\\\/www.bellunopress.it\\\/#organization\",\"name\":\"Bellunopress\",\"url\":\"https:\\\/\\\/www.bellunopress.it\\\/\",\"logo\":{\"@type\":\"ImageObject\",\"inLanguage\":\"fr-FR\",\"@id\":\"https:\\\/\\\/www.bellunopress.it\\\/#\\\/schema\\\/logo\\\/image\\\/\",\"url\":\"https:\\\/\\\/www.bellunopress.it\\\/wp-content\\\/uploads\\\/2011\\\/05\\\/cropped-logo-bellunopress-.jpg\",\"contentUrl\":\"https:\\\/\\\/www.bellunopress.it\\\/wp-content\\\/uploads\\\/2011\\\/05\\\/cropped-logo-bellunopress-.jpg\",\"width\":512,\"height\":512,\"caption\":\"Bellunopress\"},\"image\":{\"@id\":\"https:\\\/\\\/www.bellunopress.it\\\/#\\\/schema\\\/logo\\\/image\\\/\"},\"sameAs\":[\"https:\\\/\\\/www.facebook.com\\\/profile.php?id=100008943462799\",\"https:\\\/\\\/x.com\\\/bellunopress\",\"https:\\\/\\\/www.linkedin.com\\\/hp\\\/?dnr=JBzUWaJfMUw8vbXJJ2tVW5-I3jZKvC4wsoxE&amp;amp;amp;amp;amp;amp;trk=nav_responsive_tab_home\",\"https:\\\/\\\/www.youtube.com\\\/channel\\\/UCxL0wu1uN0_3_7hGG0306cw\"]},{\"@type\":\"Person\",\"@id\":\"https:\\\/\\\/www.bellunopress.it\\\/#\\\/schema\\\/person\\\/79bb06722b37ece1c03d3e94beb30d73\",\"name\":\"redazione\",\"image\":{\"@type\":\"ImageObject\",\"inLanguage\":\"fr-FR\",\"@id\":\"https:\\\/\\\/secure.gravatar.com\\\/avatar\\\/37d968a2e67a6fd04c169c4bdef102d0bc5d31b2546345219e348575eb80e9a0?s=96&d=mm&r=g\",\"url\":\"https:\\\/\\\/secure.gravatar.com\\\/avatar\\\/37d968a2e67a6fd04c169c4bdef102d0bc5d31b2546345219e348575eb80e9a0?s=96&d=mm&r=g\",\"contentUrl\":\"https:\\\/\\\/secure.gravatar.com\\\/avatar\\\/37d968a2e67a6fd04c169c4bdef102d0bc5d31b2546345219e348575eb80e9a0?s=96&d=mm&r=g\",\"caption\":\"redazione\"},\"sameAs\":[\"http:\\\/\\\/www.bellunopress.it\",\"https:\\\/\\\/x.com\\\/bellunopress\"],\"url\":\"https:\\\/\\\/www.bellunopress.it\\\/fr\\\/author\\\/redazione\\\/\"}]}<\/script>\n<!-- \/ Yoast SEO plugin. -->","yoast_head_json":{"title":"Nevegal. La replica di Gidoni: \"Nessuna miopia della Regione\" - Bellunopress - Dolomiti","robots":{"index":"index","follow":"follow","max-snippet":"max-snippet:-1","max-image-preview":"max-image-preview:large","max-video-preview":"max-video-preview:-1"},"canonical":"https:\/\/www.bellunopress.it\/fr\/2019\/11\/06\/nevegal-la-replica-di-gidoni-nessuna-miopia-della-regione\/","og_locale":"fr_FR","og_type":"article","og_title":"Nevegal. La replica di Gidoni: \"Nessuna miopia della Regione\" - Bellunopress - Dolomiti","og_description":"&#8220;Spiace che i colleghi del PD in consiglio regionale accusino la regione di essere miope nei confronti del Nevegal&#8221; commenta il consigliere regionale bellunese della Lega Franco Gidoni all&#8217;indomani della bocciatura del loro ordine del giorno presentato a margine dell&#8217;approvazione del DEFR. &#8220;La Regione da mesi si sta interessando alla questione approfondendone il tema, promuovendo [&hellip;]","og_url":"https:\/\/www.bellunopress.it\/fr\/2019\/11\/06\/nevegal-la-replica-di-gidoni-nessuna-miopia-della-regione\/","og_site_name":"Bellunopress - Dolomiti","article_publisher":"https:\/\/www.facebook.com\/profile.php?id=100008943462799","article_published_time":"2019-11-06T15:51:46+00:00","og_image":[{"url":"http:\/\/www.bellunopress.it\/wp-content\/uploads\/2017\/06\/gidoni.jpg","type":"","width":"","height":""}],"author":"redazione","twitter_card":"summary_large_image","twitter_creator":"@bellunopress","twitter_site":"@bellunopress","twitter_misc":{"\u00c9crit par":"redazione","Dur\u00e9e de lecture estim\u00e9e":"1 minute"},"schema":{"@context":"https:\/\/schema.org","@graph":[{"@type":"Article","@id":"https:\/\/www.bellunopress.it\/2019\/11\/06\/nevegal-la-replica-di-gidoni-nessuna-miopia-della-regione\/#article","isPartOf":{"@id":"https:\/\/www.bellunopress.it\/2019\/11\/06\/nevegal-la-replica-di-gidoni-nessuna-miopia-della-regione\/"},"author":{"name":"redazione","@id":"https:\/\/www.bellunopress.it\/#\/schema\/person\/79bb06722b37ece1c03d3e94beb30d73"},"headline":"Nevegal. La replica di Gidoni: &#8220;Nessuna miopia della Regione&#8221;","datePublished":"2019-11-06T15:51:46+00:00","mainEntityOfPage":{"@id":"https:\/\/www.bellunopress.it\/2019\/11\/06\/nevegal-la-replica-di-gidoni-nessuna-miopia-della-regione\/"},"wordCount":253,"publisher":{"@id":"https:\/\/www.bellunopress.it\/#organization"},"image":{"@id":"https:\/\/www.bellunopress.it\/2019\/11\/06\/nevegal-la-replica-di-gidoni-nessuna-miopia-della-regione\/#primaryimage"},"thumbnailUrl":"http:\/\/www.bellunopress.it\/wp-content\/uploads\/2017\/06\/gidoni.jpg","articleSection":["Cronaca\/Politica","Prima Pagina"],"inLanguage":"fr-FR"},{"@type":"WebPage","@id":"https:\/\/www.bellunopress.it\/2019\/11\/06\/nevegal-la-replica-di-gidoni-nessuna-miopia-della-regione\/","url":"https:\/\/www.bellunopress.it\/2019\/11\/06\/nevegal-la-replica-di-gidoni-nessuna-miopia-della-regione\/","name":"Nevegal. La replica di Gidoni: \"Nessuna miopia della Regione\" - Bellunopress - Dolomiti","isPartOf":{"@id":"https:\/\/www.bellunopress.it\/#website"},"primaryImageOfPage":{"@id":"https:\/\/www.bellunopress.it\/2019\/11\/06\/nevegal-la-replica-di-gidoni-nessuna-miopia-della-regione\/#primaryimage"},"image":{"@id":"https:\/\/www.bellunopress.it\/2019\/11\/06\/nevegal-la-replica-di-gidoni-nessuna-miopia-della-regione\/#primaryimage"},"thumbnailUrl":"http:\/\/www.bellunopress.it\/wp-content\/uploads\/2017\/06\/gidoni.jpg","datePublished":"2019-11-06T15:51:46+00:00","breadcrumb":{"@id":"https:\/\/www.bellunopress.it\/2019\/11\/06\/nevegal-la-replica-di-gidoni-nessuna-miopia-della-regione\/#breadcrumb"},"inLanguage":"fr-FR","potentialAction":[{"@type":"ReadAction","target":["https:\/\/www.bellunopress.it\/2019\/11\/06\/nevegal-la-replica-di-gidoni-nessuna-miopia-della-regione\/"]}]},{"@type":"ImageObject","inLanguage":"fr-FR","@id":"https:\/\/www.bellunopress.it\/2019\/11\/06\/nevegal-la-replica-di-gidoni-nessuna-miopia-della-regione\/#primaryimage","url":"http:\/\/www.bellunopress.it\/wp-content\/uploads\/2017\/06\/gidoni.jpg","contentUrl":"http:\/\/www.bellunopress.it\/wp-content\/uploads\/2017\/06\/gidoni.jpg"},{"@type":"BreadcrumbList","@id":"https:\/\/www.bellunopress.it\/2019\/11\/06\/nevegal-la-replica-di-gidoni-nessuna-miopia-della-regione\/#breadcrumb","itemListElement":[{"@type":"ListItem","position":1,"name":"Home","item":"https:\/\/www.bellunopress.it\/"},{"@type":"ListItem","position":2,"name":"Nevegal. La replica di Gidoni: &#8220;Nessuna miopia della Regione&#8221;"}]},{"@type":"WebSite","@id":"https:\/\/www.bellunopress.it\/#website","url":"https:\/\/www.bellunopress.it\/","name":"Bellunopress - Dolomiti","description":"e-mail: redazione@bellunopress.it","publisher":{"@id":"https:\/\/www.bellunopress.it\/#organization"},"potentialAction":[{"@type":"SearchAction","target":{"@type":"EntryPoint","urlTemplate":"https:\/\/www.bellunopress.it\/?s={search_term_string}"},"query-input":{"@type":"PropertyValueSpecification","valueRequired":true,"valueName":"search_term_string"}}],"inLanguage":"fr-FR"},{"@type":"Organization","@id":"https:\/\/www.bellunopress.it\/#organization","name":"Bellunopress","url":"https:\/\/www.bellunopress.it\/","logo":{"@type":"ImageObject","inLanguage":"fr-FR","@id":"https:\/\/www.bellunopress.it\/#\/schema\/logo\/image\/","url":"https:\/\/www.bellunopress.it\/wp-content\/uploads\/2011\/05\/cropped-logo-bellunopress-.jpg","contentUrl":"https:\/\/www.bellunopress.it\/wp-content\/uploads\/2011\/05\/cropped-logo-bellunopress-.jpg","width":512,"height":512,"caption":"Bellunopress"},"image":{"@id":"https:\/\/www.bellunopress.it\/#\/schema\/logo\/image\/"},"sameAs":["https:\/\/www.facebook.com\/profile.php?id=100008943462799","https:\/\/x.com\/bellunopress","https:\/\/www.linkedin.com\/hp\/?dnr=JBzUWaJfMUw8vbXJJ2tVW5-I3jZKvC4wsoxE&amp;amp;amp;amp;amp;amp;trk=nav_responsive_tab_home","https:\/\/www.youtube.com\/channel\/UCxL0wu1uN0_3_7hGG0306cw"]},{"@type":"Person","@id":"https:\/\/www.bellunopress.it\/#\/schema\/person\/79bb06722b37ece1c03d3e94beb30d73","name":"r\u00e9daction","image":{"@type":"ImageObject","inLanguage":"fr-FR","@id":"https:\/\/secure.gravatar.com\/avatar\/37d968a2e67a6fd04c169c4bdef102d0bc5d31b2546345219e348575eb80e9a0?s=96&d=mm&r=g","url":"https:\/\/secure.gravatar.com\/avatar\/37d968a2e67a6fd04c169c4bdef102d0bc5d31b2546345219e348575eb80e9a0?s=96&d=mm&r=g","contentUrl":"https:\/\/secure.gravatar.com\/avatar\/37d968a2e67a6fd04c169c4bdef102d0bc5d31b2546345219e348575eb80e9a0?s=96&d=mm&r=g","caption":"redazione"},"sameAs":["http:\/\/www.bellunopress.it","https:\/\/x.com\/bellunopress"],"url":"https:\/\/www.bellunopress.it\/fr\/author\/redazione\/"}]}},"_links":{"self":[{"href":"https:\/\/www.bellunopress.it\/fr\/wp-json\/wp\/v2\/posts\/109375","targetHints":{"allow":["GET"]}}],"collection":[{"href":"https:\/\/www.bellunopress.it\/fr\/wp-json\/wp\/v2\/posts"}],"about":[{"href":"https:\/\/www.bellunopress.it\/fr\/wp-json\/wp\/v2\/types\/post"}],"author":[{"embeddable":true,"href":"https:\/\/www.bellunopress.it\/fr\/wp-json\/wp\/v2\/users\/2"}],"replies":[{"embeddable":true,"href":"https:\/\/www.bellunopress.it\/fr\/wp-json\/wp\/v2\/comments?post=109375"}],"version-history":[{"count":1,"href":"https:\/\/www.bellunopress.it\/fr\/wp-json\/wp\/v2\/posts\/109375\/revisions"}],"predecessor-version":[{"id":109376,"href":"https:\/\/www.bellunopress.it\/fr\/wp-json\/wp\/v2\/posts\/109375\/revisions\/109376"}],"wp:attachment":[{"href":"https:\/\/www.bellunopress.it\/fr\/wp-json\/wp\/v2\/media?parent=109375"}],"wp:term":[{"taxonomy":"category","embeddable":true,"href":"https:\/\/www.bellunopress.it\/fr\/wp-json\/wp\/v2\/categories?post=109375"},{"taxonomy":"post_tag","embeddable":true,"href":"https:\/\/www.bellunopress.it\/fr\/wp-json\/wp\/v2\/tags?post=109375"}],"curies":[{"name":"wp","href":"https:\/\/api.w.org\/{rel}","templated":true}]}}