{"id":109367,"date":"2019-11-06T13:38:08","date_gmt":"2019-11-06T12:38:08","guid":{"rendered":"http:\/\/www.bellunopress.it\/?p=109367"},"modified":"2019-11-06T13:38:09","modified_gmt":"2019-11-06T12:38:09","slug":"esercizi-di-vicinato-confcommercio-belluno-siamo-tutti-cooperativa-di-cirvoi","status":"publish","type":"post","link":"https:\/\/www.bellunopress.it\/fr\/2019\/11\/06\/esercizi-di-vicinato-confcommercio-belluno-siamo-tutti-cooperativa-di-cirvoi\/","title":{"rendered":"Esercizi di vicinato. Confcommercio Belluno:  \u00abSiamo tutti Cooperativa di Cirvoi\u00bb\u00a0\u00a0"},"content":{"rendered":"<figure id=\"attachment_109368\" aria-describedby=\"caption-attachment-109368\" style=\"width: 275px\" class=\"wp-caption alignleft\"><a href=\"http:\/\/www.bellunopress.it\/fr\/2019\/11\/06\/esercizi-di-vicinato-confcommercio-belluno-siamo-tutti-cooperativa-di-cirvoi\/bar-cooperativa-cirvoi\/\" rel=\"attachment wp-att-109368\"><img loading=\"lazy\" decoding=\"async\" class=\"size-full wp-image-109368\" src=\"http:\/\/www.bellunopress.it\/wp-content\/uploads\/2019\/11\/bar-cooperativa-cirvoi.jpg\" alt=\"\" width=\"275\" height=\"297\" \/><\/a><figcaption id=\"caption-attachment-109368\" class=\"wp-caption-text\">Bar Cooperativa di Cirvoi &#8211; Belluno<\/figcaption><\/figure>\n<p>\u00abIl negozio di alimentari della Cooperativa di Cirvoi, gestito da Maria Antoniazzi, \u00e8 oggi l&#8217;emblema del valore socio economico degli esercizi di vicinato nel nostro territorio. Se ne sentir\u00e0 la mancanza quando non ce ne saranno pi\u00f9&#8230; tutto ci\u00f2 grazie a politiche amministrative e strategiche che per decenni non hanno tenuto in minima considerazione l&#8217;importanza delle botteghe e dei locali pubblici nelle frazioni\u00bb.<\/p>\n<p>Queste le parole di Sandro Lavanda, presidente del Gruppo Alimentaristi di Confcommercio Belluno e delegato comunale di Borgo Valbelluna a commento della bella iniziativa che vede coinvolta l&#8217;intera comunit\u00e0 di Cirvoi.<\/p>\n<p>\u00abIn questa iniziativa rilevo due dati importanti: il primo che vede coinvolte le nuove generazioni, il secondo che finalmente chi abita nelle frazioni inizia a percepire come tangibile l&#8217;utilit\u00e0 di un servizio di vicinato per mantenere in vita le stesse comunit\u00e0. Anni fa lanciammo lo slogan \u201cNegozi BelluneS\u00ec &#8211; La spesa in valle, il paese vive\u201d, quanto mai oggi d&#8217;attualit\u00e0. L&#8217;iniziativa di Cirvoi ci spinge ad insistere sui valori della socialit\u00e0, della comodit\u00e0, della sostenibilit\u00e0 del territorio e di politiche volte alla salvaguardia dello stesso e dei suoi pres\u00ecdi economici\u00bb.<\/p>\n<p>Sul tema interviene lo stesso presidente di Confcommercio Belluno Paolo Doglioni che sostiene come \u00abdalla nostra parte dobbiamo avere amministratori locali, rappresentanti regionali, parlamentari ed esponenti di governo; \u00e8 una battaglia che non possiamo combattere da soli ma che necessita di una forte convergenza di vedute e di strategie tali da pensare a soluzioni concrete a favore della permanenza dei servizi primari nei paesi. Penso ad esempio a politiche fiscali e del lavoro ad hoc per le microimprese del settore commerciale quali i piccoli negozi di alimentari e non o ad esempio bar e panifici\u00bb.<\/p>\n<p>Nei mesi scorsi il Gruppo Alimentaristi di Confcommercio Belluno \u00e8 uscito pubblicamente proprio su queste tematiche nella convinzione che qualcosa si possa ancora fare per la salvaguardia del tessuto economico locale.<br \/>\n\u00abAbbiamo incontrato vari Sindaci proponendo ad esempio due filoni di intervento\u00bb afferma Lavanda. \u00abIl primo sul fronte della programmazione del territorio e delle aree commerciali, il secondo sul fronte del reperimento di risorse di bilancio per sostenere le piccole attivit\u00e0 dei paesi con aiuti per \u201cpiccole\u201d spese o investimenti. Una prassi che \u00e8 dimostrato stia funzionando in varie realt\u00e0 che l&#8217;hanno praticata: da Longarone all&#8217;Alpago, da Sovramonte ad Alano. Ribadisco ancora una volta: i costi sociali necessari a coprire l&#8217;assenza di pres\u00ecdi di vicinato saranno ben superiori ai costi per sostenerli con strategie ben mirate\u00bb.<\/p>","protected":false},"excerpt":{"rendered":"<p>\u00abIl negozio di alimentari della Cooperativa di Cirvoi, gestito da Maria Antoniazzi, \u00e8 oggi l&#8217;emblema del valore socio economico degli esercizi di vicinato nel nostro territorio. Se ne sentir\u00e0 la mancanza quando non ce ne saranno pi\u00f9&#8230; tutto ci\u00f2 grazie a politiche amministrative e strategiche che per decenni non hanno tenuto in minima considerazione l&#8217;importanza [&hellip;]<\/p>\n","protected":false},"author":2,"featured_media":0,"comment_status":"closed","ping_status":"open","sticky":false,"template":"","format":"standard","meta":{"footnotes":""},"categories":[36,26],"tags":[],"class_list":["post-109367","post","type-post","status-publish","format-standard","category-lavoro-economia","category-prima-pagina"],"yoast_head":"<!-- This site is optimized with the Yoast SEO plugin v28.4 - https:\/\/yoast.com\/product\/yoast-seo-wordpress\/ -->\n<title>Esercizi di vicinato. Confcommercio Belluno: \u00abSiamo tutti Cooperativa di Cirvoi\u00bb\u00a0\u00a0 - Bellunopress - Dolomiti<\/title>\n<meta name=\"robots\" content=\"index, follow, max-snippet:-1, max-image-preview:large, max-video-preview:-1\" \/>\n<link rel=\"canonical\" href=\"https:\/\/www.bellunopress.it\/fr\/2019\/11\/06\/esercizi-di-vicinato-confcommercio-belluno-siamo-tutti-cooperativa-di-cirvoi\/\" \/>\n<meta property=\"og:locale\" content=\"fr_FR\" \/>\n<meta property=\"og:type\" content=\"article\" \/>\n<meta property=\"og:title\" content=\"Esercizi di vicinato. Confcommercio Belluno: \u00abSiamo tutti Cooperativa di Cirvoi\u00bb\u00a0\u00a0 - Bellunopress - Dolomiti\" \/>\n<meta property=\"og:description\" content=\"\u00abIl negozio di alimentari della Cooperativa di Cirvoi, gestito da Maria Antoniazzi, \u00e8 oggi l&#8217;emblema del valore socio economico degli esercizi di vicinato nel nostro territorio. Se ne sentir\u00e0 la mancanza quando non ce ne saranno pi\u00f9&#8230; tutto ci\u00f2 grazie a politiche amministrative e strategiche che per decenni non hanno tenuto in minima considerazione l&#8217;importanza [&hellip;]\" \/>\n<meta property=\"og:url\" content=\"https:\/\/www.bellunopress.it\/fr\/2019\/11\/06\/esercizi-di-vicinato-confcommercio-belluno-siamo-tutti-cooperativa-di-cirvoi\/\" \/>\n<meta property=\"og:site_name\" content=\"Bellunopress - Dolomiti\" \/>\n<meta property=\"article:publisher\" content=\"https:\/\/www.facebook.com\/profile.php?id=100008943462799\" \/>\n<meta property=\"article:published_time\" content=\"2019-11-06T12:38:08+00:00\" \/>\n<meta property=\"article:modified_time\" content=\"2019-11-06T12:38:09+00:00\" \/>\n<meta property=\"og:image\" content=\"http:\/\/www.bellunopress.it\/wp-content\/uploads\/2019\/11\/bar-cooperativa-cirvoi.jpg\" \/>\n<meta name=\"author\" content=\"redazione\" \/>\n<meta name=\"twitter:card\" content=\"summary_large_image\" \/>\n<meta name=\"twitter:creator\" content=\"@bellunopress\" \/>\n<meta name=\"twitter:site\" content=\"@bellunopress\" \/>\n<meta name=\"twitter:label1\" content=\"Written by\" \/>\n\t<meta name=\"twitter:data1\" content=\"redazione\" \/>\n\t<meta name=\"twitter:label2\" content=\"Est. reading time\" \/>\n\t<meta name=\"twitter:data2\" content=\"2 minutes\" \/>\n<script type=\"application\/ld+json\" class=\"yoast-schema-graph\">{\"@context\":\"https:\\\/\\\/schema.org\",\"@graph\":[{\"@type\":\"Article\",\"@id\":\"https:\\\/\\\/www.bellunopress.it\\\/2019\\\/11\\\/06\\\/esercizi-di-vicinato-confcommercio-belluno-siamo-tutti-cooperativa-di-cirvoi\\\/#article\",\"isPartOf\":{\"@id\":\"https:\\\/\\\/www.bellunopress.it\\\/2019\\\/11\\\/06\\\/esercizi-di-vicinato-confcommercio-belluno-siamo-tutti-cooperativa-di-cirvoi\\\/\"},\"author\":{\"name\":\"redazione\",\"@id\":\"https:\\\/\\\/www.bellunopress.it\\\/#\\\/schema\\\/person\\\/79bb06722b37ece1c03d3e94beb30d73\"},\"headline\":\"Esercizi di vicinato. Confcommercio Belluno: \u00abSiamo tutti Cooperativa di Cirvoi\u00bb\u00a0\u00a0\",\"datePublished\":\"2019-11-06T12:38:08+00:00\",\"dateModified\":\"2019-11-06T12:38:09+00:00\",\"mainEntityOfPage\":{\"@id\":\"https:\\\/\\\/www.bellunopress.it\\\/2019\\\/11\\\/06\\\/esercizi-di-vicinato-confcommercio-belluno-siamo-tutti-cooperativa-di-cirvoi\\\/\"},\"wordCount\":435,\"publisher\":{\"@id\":\"https:\\\/\\\/www.bellunopress.it\\\/#organization\"},\"image\":{\"@id\":\"https:\\\/\\\/www.bellunopress.it\\\/2019\\\/11\\\/06\\\/esercizi-di-vicinato-confcommercio-belluno-siamo-tutti-cooperativa-di-cirvoi\\\/#primaryimage\"},\"thumbnailUrl\":\"http:\\\/\\\/www.bellunopress.it\\\/wp-content\\\/uploads\\\/2019\\\/11\\\/bar-cooperativa-cirvoi.jpg\",\"articleSection\":[\"Lavoro, Economia, Turismo\",\"Prima Pagina\"],\"inLanguage\":\"fr-FR\"},{\"@type\":\"WebPage\",\"@id\":\"https:\\\/\\\/www.bellunopress.it\\\/2019\\\/11\\\/06\\\/esercizi-di-vicinato-confcommercio-belluno-siamo-tutti-cooperativa-di-cirvoi\\\/\",\"url\":\"https:\\\/\\\/www.bellunopress.it\\\/2019\\\/11\\\/06\\\/esercizi-di-vicinato-confcommercio-belluno-siamo-tutti-cooperativa-di-cirvoi\\\/\",\"name\":\"Esercizi di vicinato. Confcommercio Belluno: \u00abSiamo tutti Cooperativa di Cirvoi\u00bb\u00a0\u00a0 - Bellunopress - Dolomiti\",\"isPartOf\":{\"@id\":\"https:\\\/\\\/www.bellunopress.it\\\/#website\"},\"primaryImageOfPage\":{\"@id\":\"https:\\\/\\\/www.bellunopress.it\\\/2019\\\/11\\\/06\\\/esercizi-di-vicinato-confcommercio-belluno-siamo-tutti-cooperativa-di-cirvoi\\\/#primaryimage\"},\"image\":{\"@id\":\"https:\\\/\\\/www.bellunopress.it\\\/2019\\\/11\\\/06\\\/esercizi-di-vicinato-confcommercio-belluno-siamo-tutti-cooperativa-di-cirvoi\\\/#primaryimage\"},\"thumbnailUrl\":\"http:\\\/\\\/www.bellunopress.it\\\/wp-content\\\/uploads\\\/2019\\\/11\\\/bar-cooperativa-cirvoi.jpg\",\"datePublished\":\"2019-11-06T12:38:08+00:00\",\"dateModified\":\"2019-11-06T12:38:09+00:00\",\"breadcrumb\":{\"@id\":\"https:\\\/\\\/www.bellunopress.it\\\/2019\\\/11\\\/06\\\/esercizi-di-vicinato-confcommercio-belluno-siamo-tutti-cooperativa-di-cirvoi\\\/#breadcrumb\"},\"inLanguage\":\"fr-FR\",\"potentialAction\":[{\"@type\":\"ReadAction\",\"target\":[\"https:\\\/\\\/www.bellunopress.it\\\/2019\\\/11\\\/06\\\/esercizi-di-vicinato-confcommercio-belluno-siamo-tutti-cooperativa-di-cirvoi\\\/\"]}]},{\"@type\":\"ImageObject\",\"inLanguage\":\"fr-FR\",\"@id\":\"https:\\\/\\\/www.bellunopress.it\\\/2019\\\/11\\\/06\\\/esercizi-di-vicinato-confcommercio-belluno-siamo-tutti-cooperativa-di-cirvoi\\\/#primaryimage\",\"url\":\"http:\\\/\\\/www.bellunopress.it\\\/wp-content\\\/uploads\\\/2019\\\/11\\\/bar-cooperativa-cirvoi.jpg\",\"contentUrl\":\"http:\\\/\\\/www.bellunopress.it\\\/wp-content\\\/uploads\\\/2019\\\/11\\\/bar-cooperativa-cirvoi.jpg\"},{\"@type\":\"BreadcrumbList\",\"@id\":\"https:\\\/\\\/www.bellunopress.it\\\/2019\\\/11\\\/06\\\/esercizi-di-vicinato-confcommercio-belluno-siamo-tutti-cooperativa-di-cirvoi\\\/#breadcrumb\",\"itemListElement\":[{\"@type\":\"ListItem\",\"position\":1,\"name\":\"Home\",\"item\":\"https:\\\/\\\/www.bellunopress.it\\\/\"},{\"@type\":\"ListItem\",\"position\":2,\"name\":\"Esercizi di vicinato. Confcommercio Belluno: \u00abSiamo tutti Cooperativa di Cirvoi\u00bb\u00a0\u00a0\"}]},{\"@type\":\"WebSite\",\"@id\":\"https:\\\/\\\/www.bellunopress.it\\\/#website\",\"url\":\"https:\\\/\\\/www.bellunopress.it\\\/\",\"name\":\"Bellunopress - Dolomiti\",\"description\":\"e-mail: redazione@bellunopress.it\",\"publisher\":{\"@id\":\"https:\\\/\\\/www.bellunopress.it\\\/#organization\"},\"potentialAction\":[{\"@type\":\"SearchAction\",\"target\":{\"@type\":\"EntryPoint\",\"urlTemplate\":\"https:\\\/\\\/www.bellunopress.it\\\/?s={search_term_string}\"},\"query-input\":{\"@type\":\"PropertyValueSpecification\",\"valueRequired\":true,\"valueName\":\"search_term_string\"}}],\"inLanguage\":\"fr-FR\"},{\"@type\":\"Organization\",\"@id\":\"https:\\\/\\\/www.bellunopress.it\\\/#organization\",\"name\":\"Bellunopress\",\"url\":\"https:\\\/\\\/www.bellunopress.it\\\/\",\"logo\":{\"@type\":\"ImageObject\",\"inLanguage\":\"fr-FR\",\"@id\":\"https:\\\/\\\/www.bellunopress.it\\\/#\\\/schema\\\/logo\\\/image\\\/\",\"url\":\"https:\\\/\\\/www.bellunopress.it\\\/wp-content\\\/uploads\\\/2011\\\/05\\\/cropped-logo-bellunopress-.jpg\",\"contentUrl\":\"https:\\\/\\\/www.bellunopress.it\\\/wp-content\\\/uploads\\\/2011\\\/05\\\/cropped-logo-bellunopress-.jpg\",\"width\":512,\"height\":512,\"caption\":\"Bellunopress\"},\"image\":{\"@id\":\"https:\\\/\\\/www.bellunopress.it\\\/#\\\/schema\\\/logo\\\/image\\\/\"},\"sameAs\":[\"https:\\\/\\\/www.facebook.com\\\/profile.php?id=100008943462799\",\"https:\\\/\\\/x.com\\\/bellunopress\",\"https:\\\/\\\/www.linkedin.com\\\/hp\\\/?dnr=JBzUWaJfMUw8vbXJJ2tVW5-I3jZKvC4wsoxE&amp;amp;amp;amp;amp;amp;trk=nav_responsive_tab_home\",\"https:\\\/\\\/www.youtube.com\\\/channel\\\/UCxL0wu1uN0_3_7hGG0306cw\"]},{\"@type\":\"Person\",\"@id\":\"https:\\\/\\\/www.bellunopress.it\\\/#\\\/schema\\\/person\\\/79bb06722b37ece1c03d3e94beb30d73\",\"name\":\"redazione\",\"image\":{\"@type\":\"ImageObject\",\"inLanguage\":\"fr-FR\",\"@id\":\"https:\\\/\\\/secure.gravatar.com\\\/avatar\\\/37d968a2e67a6fd04c169c4bdef102d0bc5d31b2546345219e348575eb80e9a0?s=96&d=mm&r=g\",\"url\":\"https:\\\/\\\/secure.gravatar.com\\\/avatar\\\/37d968a2e67a6fd04c169c4bdef102d0bc5d31b2546345219e348575eb80e9a0?s=96&d=mm&r=g\",\"contentUrl\":\"https:\\\/\\\/secure.gravatar.com\\\/avatar\\\/37d968a2e67a6fd04c169c4bdef102d0bc5d31b2546345219e348575eb80e9a0?s=96&d=mm&r=g\",\"caption\":\"redazione\"},\"sameAs\":[\"http:\\\/\\\/www.bellunopress.it\",\"https:\\\/\\\/x.com\\\/bellunopress\"],\"url\":\"https:\\\/\\\/www.bellunopress.it\\\/fr\\\/author\\\/redazione\\\/\"}]}<\/script>\n<!-- \/ Yoast SEO plugin. -->","yoast_head_json":{"title":"Esercizi di vicinato. Confcommercio Belluno: \u00abSiamo tutti Cooperativa di Cirvoi\u00bb\u00a0\u00a0 - Bellunopress - Dolomiti","robots":{"index":"index","follow":"follow","max-snippet":"max-snippet:-1","max-image-preview":"max-image-preview:large","max-video-preview":"max-video-preview:-1"},"canonical":"https:\/\/www.bellunopress.it\/fr\/2019\/11\/06\/esercizi-di-vicinato-confcommercio-belluno-siamo-tutti-cooperativa-di-cirvoi\/","og_locale":"fr_FR","og_type":"article","og_title":"Esercizi di vicinato. Confcommercio Belluno: \u00abSiamo tutti Cooperativa di Cirvoi\u00bb\u00a0\u00a0 - Bellunopress - Dolomiti","og_description":"\u00abIl negozio di alimentari della Cooperativa di Cirvoi, gestito da Maria Antoniazzi, \u00e8 oggi l&#8217;emblema del valore socio economico degli esercizi di vicinato nel nostro territorio. Se ne sentir\u00e0 la mancanza quando non ce ne saranno pi\u00f9&#8230; tutto ci\u00f2 grazie a politiche amministrative e strategiche che per decenni non hanno tenuto in minima considerazione l&#8217;importanza [&hellip;]","og_url":"https:\/\/www.bellunopress.it\/fr\/2019\/11\/06\/esercizi-di-vicinato-confcommercio-belluno-siamo-tutti-cooperativa-di-cirvoi\/","og_site_name":"Bellunopress - Dolomiti","article_publisher":"https:\/\/www.facebook.com\/profile.php?id=100008943462799","article_published_time":"2019-11-06T12:38:08+00:00","article_modified_time":"2019-11-06T12:38:09+00:00","og_image":[{"url":"http:\/\/www.bellunopress.it\/wp-content\/uploads\/2019\/11\/bar-cooperativa-cirvoi.jpg","type":"","width":"","height":""}],"author":"redazione","twitter_card":"summary_large_image","twitter_creator":"@bellunopress","twitter_site":"@bellunopress","twitter_misc":{"Written by":"redazione","Est. reading time":"2 minutes"},"schema":{"@context":"https:\/\/schema.org","@graph":[{"@type":"Article","@id":"https:\/\/www.bellunopress.it\/2019\/11\/06\/esercizi-di-vicinato-confcommercio-belluno-siamo-tutti-cooperativa-di-cirvoi\/#article","isPartOf":{"@id":"https:\/\/www.bellunopress.it\/2019\/11\/06\/esercizi-di-vicinato-confcommercio-belluno-siamo-tutti-cooperativa-di-cirvoi\/"},"author":{"name":"redazione","@id":"https:\/\/www.bellunopress.it\/#\/schema\/person\/79bb06722b37ece1c03d3e94beb30d73"},"headline":"Esercizi di vicinato. Confcommercio Belluno: \u00abSiamo tutti Cooperativa di Cirvoi\u00bb\u00a0\u00a0","datePublished":"2019-11-06T12:38:08+00:00","dateModified":"2019-11-06T12:38:09+00:00","mainEntityOfPage":{"@id":"https:\/\/www.bellunopress.it\/2019\/11\/06\/esercizi-di-vicinato-confcommercio-belluno-siamo-tutti-cooperativa-di-cirvoi\/"},"wordCount":435,"publisher":{"@id":"https:\/\/www.bellunopress.it\/#organization"},"image":{"@id":"https:\/\/www.bellunopress.it\/2019\/11\/06\/esercizi-di-vicinato-confcommercio-belluno-siamo-tutti-cooperativa-di-cirvoi\/#primaryimage"},"thumbnailUrl":"http:\/\/www.bellunopress.it\/wp-content\/uploads\/2019\/11\/bar-cooperativa-cirvoi.jpg","articleSection":["Lavoro, Economia, Turismo","Prima Pagina"],"inLanguage":"fr-FR"},{"@type":"WebPage","@id":"https:\/\/www.bellunopress.it\/2019\/11\/06\/esercizi-di-vicinato-confcommercio-belluno-siamo-tutti-cooperativa-di-cirvoi\/","url":"https:\/\/www.bellunopress.it\/2019\/11\/06\/esercizi-di-vicinato-confcommercio-belluno-siamo-tutti-cooperativa-di-cirvoi\/","name":"Esercizi di vicinato. Confcommercio Belluno: \u00abSiamo tutti Cooperativa di Cirvoi\u00bb\u00a0\u00a0 - Bellunopress - Dolomiti","isPartOf":{"@id":"https:\/\/www.bellunopress.it\/#website"},"primaryImageOfPage":{"@id":"https:\/\/www.bellunopress.it\/2019\/11\/06\/esercizi-di-vicinato-confcommercio-belluno-siamo-tutti-cooperativa-di-cirvoi\/#primaryimage"},"image":{"@id":"https:\/\/www.bellunopress.it\/2019\/11\/06\/esercizi-di-vicinato-confcommercio-belluno-siamo-tutti-cooperativa-di-cirvoi\/#primaryimage"},"thumbnailUrl":"http:\/\/www.bellunopress.it\/wp-content\/uploads\/2019\/11\/bar-cooperativa-cirvoi.jpg","datePublished":"2019-11-06T12:38:08+00:00","dateModified":"2019-11-06T12:38:09+00:00","breadcrumb":{"@id":"https:\/\/www.bellunopress.it\/2019\/11\/06\/esercizi-di-vicinato-confcommercio-belluno-siamo-tutti-cooperativa-di-cirvoi\/#breadcrumb"},"inLanguage":"fr-FR","potentialAction":[{"@type":"ReadAction","target":["https:\/\/www.bellunopress.it\/2019\/11\/06\/esercizi-di-vicinato-confcommercio-belluno-siamo-tutti-cooperativa-di-cirvoi\/"]}]},{"@type":"ImageObject","inLanguage":"fr-FR","@id":"https:\/\/www.bellunopress.it\/2019\/11\/06\/esercizi-di-vicinato-confcommercio-belluno-siamo-tutti-cooperativa-di-cirvoi\/#primaryimage","url":"http:\/\/www.bellunopress.it\/wp-content\/uploads\/2019\/11\/bar-cooperativa-cirvoi.jpg","contentUrl":"http:\/\/www.bellunopress.it\/wp-content\/uploads\/2019\/11\/bar-cooperativa-cirvoi.jpg"},{"@type":"BreadcrumbList","@id":"https:\/\/www.bellunopress.it\/2019\/11\/06\/esercizi-di-vicinato-confcommercio-belluno-siamo-tutti-cooperativa-di-cirvoi\/#breadcrumb","itemListElement":[{"@type":"ListItem","position":1,"name":"Home","item":"https:\/\/www.bellunopress.it\/"},{"@type":"ListItem","position":2,"name":"Esercizi di vicinato. Confcommercio Belluno: \u00abSiamo tutti Cooperativa di Cirvoi\u00bb\u00a0\u00a0"}]},{"@type":"WebSite","@id":"https:\/\/www.bellunopress.it\/#website","url":"https:\/\/www.bellunopress.it\/","name":"Bellunopress - Dolomiti","description":"e-mail: redazione@bellunopress.it","publisher":{"@id":"https:\/\/www.bellunopress.it\/#organization"},"potentialAction":[{"@type":"SearchAction","target":{"@type":"EntryPoint","urlTemplate":"https:\/\/www.bellunopress.it\/?s={search_term_string}"},"query-input":{"@type":"PropertyValueSpecification","valueRequired":true,"valueName":"search_term_string"}}],"inLanguage":"fr-FR"},{"@type":"Organization","@id":"https:\/\/www.bellunopress.it\/#organization","name":"Bellunopress","url":"https:\/\/www.bellunopress.it\/","logo":{"@type":"ImageObject","inLanguage":"fr-FR","@id":"https:\/\/www.bellunopress.it\/#\/schema\/logo\/image\/","url":"https:\/\/www.bellunopress.it\/wp-content\/uploads\/2011\/05\/cropped-logo-bellunopress-.jpg","contentUrl":"https:\/\/www.bellunopress.it\/wp-content\/uploads\/2011\/05\/cropped-logo-bellunopress-.jpg","width":512,"height":512,"caption":"Bellunopress"},"image":{"@id":"https:\/\/www.bellunopress.it\/#\/schema\/logo\/image\/"},"sameAs":["https:\/\/www.facebook.com\/profile.php?id=100008943462799","https:\/\/x.com\/bellunopress","https:\/\/www.linkedin.com\/hp\/?dnr=JBzUWaJfMUw8vbXJJ2tVW5-I3jZKvC4wsoxE&amp;amp;amp;amp;amp;amp;trk=nav_responsive_tab_home","https:\/\/www.youtube.com\/channel\/UCxL0wu1uN0_3_7hGG0306cw"]},{"@type":"Person","@id":"https:\/\/www.bellunopress.it\/#\/schema\/person\/79bb06722b37ece1c03d3e94beb30d73","name":"r\u00e9daction","image":{"@type":"ImageObject","inLanguage":"fr-FR","@id":"https:\/\/secure.gravatar.com\/avatar\/37d968a2e67a6fd04c169c4bdef102d0bc5d31b2546345219e348575eb80e9a0?s=96&d=mm&r=g","url":"https:\/\/secure.gravatar.com\/avatar\/37d968a2e67a6fd04c169c4bdef102d0bc5d31b2546345219e348575eb80e9a0?s=96&d=mm&r=g","contentUrl":"https:\/\/secure.gravatar.com\/avatar\/37d968a2e67a6fd04c169c4bdef102d0bc5d31b2546345219e348575eb80e9a0?s=96&d=mm&r=g","caption":"redazione"},"sameAs":["http:\/\/www.bellunopress.it","https:\/\/x.com\/bellunopress"],"url":"https:\/\/www.bellunopress.it\/fr\/author\/redazione\/"}]}},"_links":{"self":[{"href":"https:\/\/www.bellunopress.it\/fr\/wp-json\/wp\/v2\/posts\/109367","targetHints":{"allow":["GET"]}}],"collection":[{"href":"https:\/\/www.bellunopress.it\/fr\/wp-json\/wp\/v2\/posts"}],"about":[{"href":"https:\/\/www.bellunopress.it\/fr\/wp-json\/wp\/v2\/types\/post"}],"author":[{"embeddable":true,"href":"https:\/\/www.bellunopress.it\/fr\/wp-json\/wp\/v2\/users\/2"}],"replies":[{"embeddable":true,"href":"https:\/\/www.bellunopress.it\/fr\/wp-json\/wp\/v2\/comments?post=109367"}],"version-history":[{"count":2,"href":"https:\/\/www.bellunopress.it\/fr\/wp-json\/wp\/v2\/posts\/109367\/revisions"}],"predecessor-version":[{"id":109370,"href":"https:\/\/www.bellunopress.it\/fr\/wp-json\/wp\/v2\/posts\/109367\/revisions\/109370"}],"wp:attachment":[{"href":"https:\/\/www.bellunopress.it\/fr\/wp-json\/wp\/v2\/media?parent=109367"}],"wp:term":[{"taxonomy":"category","embeddable":true,"href":"https:\/\/www.bellunopress.it\/fr\/wp-json\/wp\/v2\/categories?post=109367"},{"taxonomy":"post_tag","embeddable":true,"href":"https:\/\/www.bellunopress.it\/fr\/wp-json\/wp\/v2\/tags?post=109367"}],"curies":[{"name":"wp","href":"https:\/\/api.w.org\/{rel}","templated":true}]}}