{"id":109363,"date":"2019-11-06T12:37:53","date_gmt":"2019-11-06T11:37:53","guid":{"rendered":"http:\/\/www.bellunopress.it\/?p=109363"},"modified":"2019-11-10T14:54:14","modified_gmt":"2019-11-10T13:54:14","slug":"una-vita-da-legionario-danilo-pagliaro-sabato-a-farra-dalpago-racconta-i-suoi-20-anni-in-legione-straniera","status":"publish","type":"post","link":"https:\/\/www.bellunopress.it\/fr\/2019\/11\/06\/una-vita-da-legionario-danilo-pagliaro-sabato-a-farra-dalpago-racconta-i-suoi-20-anni-in-legione-straniera\/","title":{"rendered":"Una vita da legionario. Danilo Pagliaro sabato a Farra d&#8217;Alpago racconta i suoi 20 anni in Legione Straniera"},"content":{"rendered":"<p>Il \u201cmito\u201d della Legione Straniera in un incontro pubblico a Farra d\u2019Alpago. Sabato 9 novembre alle ore 20.30 nella palestra comunale di Farra d\u2019Alpago Danilo Pagliaro sar\u00e0 intervistato dal giornalista Nicola Maccagnan, moderatore della serata.<\/p>\n<p><a href=\"http:\/\/www.bellunopress.it\/fr\/2019\/11\/06\/una-vita-da-legionario-danilo-pagliaro-sabato-a-farra-dalpago-racconta-i-suoi-20-anni-in-legione-straniera\/danilo-pagliaro-legionario\/\" rel=\"attachment wp-att-109364\"><img loading=\"lazy\" decoding=\"async\" class=\"alignleft size-full wp-image-109364\" src=\"http:\/\/www.bellunopress.it\/wp-content\/uploads\/2019\/11\/Danilo-Pagliaro-legionario.jpg\" alt=\"\" width=\"234\" height=\"300\" \/><\/a>Dopo il riuscitissimo appuntamento dello scorso mese di giugno, che ha visto protagonista il Comandante Alfa, tra i fondatori del G.I.S. dei Carabinieri, la Sezione Paracadutisti Alpago propone, con il patrocinio del Comune di Alpago, un altro incontro che non mancher\u00e0 di suscitare interesse.<\/p>\n<p>Sabato prossimo sar\u00e0 infatti ospite, per un atteso faccia a faccia pubblico presso la palestra comunale di Farra, Danilo Pagliaro, protagonista e co-autore del libro \u201cUna vita da legionario\u201d. Dopo oltre 20 anni trascorsi nella Legione Straniera, Pagliaro ha deciso di raccontare in due libri la propria esperienza, con l\u2019intento principale di sfatare alcuni falsi miti e leggende metropolitane attorno alla Legione. Una sorta di operazione-verit\u00e0, insomma, su uno dei corpi militari pi\u00f9 affascinati e misteriosi, ma anche chiacchierati e sconosciuti, al mondo. Tutta la cittadinanza \u00e8 invitata.<\/p>","protected":false},"excerpt":{"rendered":"<p>Il \u201cmito\u201d della Legione Straniera in un incontro pubblico a Farra d\u2019Alpago. Sabato 9 novembre alle ore 20.30 nella palestra comunale di Farra d\u2019Alpago Danilo Pagliaro sar\u00e0 intervistato dal giornalista Nicola Maccagnan, moderatore della serata. Dopo il riuscitissimo appuntamento dello scorso mese di giugno, che ha visto protagonista il Comandante Alfa, tra i fondatori del [&hellip;]<\/p>\n","protected":false},"author":2,"featured_media":0,"comment_status":"closed","ping_status":"open","sticky":false,"template":"","format":"standard","meta":{"footnotes":""},"categories":[27,3],"tags":[],"class_list":["post-109363","post","type-post","status-publish","format-standard","category-appuntamenti","category-arte-cultura-spettacoli-scienza-archivi"],"yoast_head":"<!-- This site is optimized with the Yoast SEO plugin v28.4 - https:\/\/yoast.com\/product\/yoast-seo-wordpress\/ -->\n<title>Una vita da legionario. Danilo Pagliaro sabato a Farra d&#039;Alpago racconta i suoi 20 anni in Legione Straniera - Bellunopress - Dolomiti<\/title>\n<meta name=\"robots\" content=\"index, follow, max-snippet:-1, max-image-preview:large, max-video-preview:-1\" \/>\n<link rel=\"canonical\" href=\"https:\/\/www.bellunopress.it\/fr\/2019\/11\/06\/una-vita-da-legionario-danilo-pagliaro-sabato-a-farra-dalpago-racconta-i-suoi-20-anni-in-legione-straniera\/\" \/>\n<meta property=\"og:locale\" content=\"fr_FR\" \/>\n<meta property=\"og:type\" content=\"article\" \/>\n<meta property=\"og:title\" content=\"Una vita da legionario. Danilo Pagliaro sabato a Farra d&#039;Alpago racconta i suoi 20 anni in Legione Straniera - Bellunopress - Dolomiti\" \/>\n<meta property=\"og:description\" content=\"Il \u201cmito\u201d della Legione Straniera in un incontro pubblico a Farra d\u2019Alpago. Sabato 9 novembre alle ore 20.30 nella palestra comunale di Farra d\u2019Alpago Danilo Pagliaro sar\u00e0 intervistato dal giornalista Nicola Maccagnan, moderatore della serata. Dopo il riuscitissimo appuntamento dello scorso mese di giugno, che ha visto protagonista il Comandante Alfa, tra i fondatori del [&hellip;]\" \/>\n<meta property=\"og:url\" content=\"https:\/\/www.bellunopress.it\/fr\/2019\/11\/06\/una-vita-da-legionario-danilo-pagliaro-sabato-a-farra-dalpago-racconta-i-suoi-20-anni-in-legione-straniera\/\" \/>\n<meta property=\"og:site_name\" content=\"Bellunopress - Dolomiti\" \/>\n<meta property=\"article:publisher\" content=\"https:\/\/www.facebook.com\/profile.php?id=100008943462799\" \/>\n<meta property=\"article:published_time\" content=\"2019-11-06T11:37:53+00:00\" \/>\n<meta property=\"article:modified_time\" content=\"2019-11-10T13:54:14+00:00\" \/>\n<meta property=\"og:image\" content=\"http:\/\/www.bellunopress.it\/wp-content\/uploads\/2019\/11\/Danilo-Pagliaro-legionario.jpg\" \/>\n<meta name=\"author\" content=\"redazione\" \/>\n<meta name=\"twitter:card\" content=\"summary_large_image\" \/>\n<meta name=\"twitter:creator\" content=\"@bellunopress\" \/>\n<meta name=\"twitter:site\" content=\"@bellunopress\" \/>\n<meta name=\"twitter:label1\" content=\"\u00c9crit par\" \/>\n\t<meta name=\"twitter:data1\" content=\"redazione\" \/>\n\t<meta name=\"twitter:label2\" content=\"Dur\u00e9e de lecture estim\u00e9e\" \/>\n\t<meta name=\"twitter:data2\" content=\"1 minute\" \/>\n<script type=\"application\/ld+json\" class=\"yoast-schema-graph\">{\"@context\":\"https:\\\/\\\/schema.org\",\"@graph\":[{\"@type\":\"Article\",\"@id\":\"https:\\\/\\\/www.bellunopress.it\\\/2019\\\/11\\\/06\\\/una-vita-da-legionario-danilo-pagliaro-sabato-a-farra-dalpago-racconta-i-suoi-20-anni-in-legione-straniera\\\/#article\",\"isPartOf\":{\"@id\":\"https:\\\/\\\/www.bellunopress.it\\\/2019\\\/11\\\/06\\\/una-vita-da-legionario-danilo-pagliaro-sabato-a-farra-dalpago-racconta-i-suoi-20-anni-in-legione-straniera\\\/\"},\"author\":{\"name\":\"redazione\",\"@id\":\"https:\\\/\\\/www.bellunopress.it\\\/#\\\/schema\\\/person\\\/79bb06722b37ece1c03d3e94beb30d73\"},\"headline\":\"Una vita da legionario. Danilo Pagliaro sabato a Farra d&#8217;Alpago racconta i suoi 20 anni in Legione Straniera\",\"datePublished\":\"2019-11-06T11:37:53+00:00\",\"dateModified\":\"2019-11-10T13:54:14+00:00\",\"mainEntityOfPage\":{\"@id\":\"https:\\\/\\\/www.bellunopress.it\\\/2019\\\/11\\\/06\\\/una-vita-da-legionario-danilo-pagliaro-sabato-a-farra-dalpago-racconta-i-suoi-20-anni-in-legione-straniera\\\/\"},\"wordCount\":186,\"publisher\":{\"@id\":\"https:\\\/\\\/www.bellunopress.it\\\/#organization\"},\"image\":{\"@id\":\"https:\\\/\\\/www.bellunopress.it\\\/2019\\\/11\\\/06\\\/una-vita-da-legionario-danilo-pagliaro-sabato-a-farra-dalpago-racconta-i-suoi-20-anni-in-legione-straniera\\\/#primaryimage\"},\"thumbnailUrl\":\"http:\\\/\\\/www.bellunopress.it\\\/wp-content\\\/uploads\\\/2019\\\/11\\\/Danilo-Pagliaro-legionario.jpg\",\"articleSection\":[\"Appuntamenti, Eventi\",\"Arte, Cultura, Spettacoli, Scienza\"],\"inLanguage\":\"fr-FR\"},{\"@type\":\"WebPage\",\"@id\":\"https:\\\/\\\/www.bellunopress.it\\\/2019\\\/11\\\/06\\\/una-vita-da-legionario-danilo-pagliaro-sabato-a-farra-dalpago-racconta-i-suoi-20-anni-in-legione-straniera\\\/\",\"url\":\"https:\\\/\\\/www.bellunopress.it\\\/2019\\\/11\\\/06\\\/una-vita-da-legionario-danilo-pagliaro-sabato-a-farra-dalpago-racconta-i-suoi-20-anni-in-legione-straniera\\\/\",\"name\":\"Una vita da legionario. Danilo Pagliaro sabato a Farra d'Alpago racconta i suoi 20 anni in Legione Straniera - Bellunopress - Dolomiti\",\"isPartOf\":{\"@id\":\"https:\\\/\\\/www.bellunopress.it\\\/#website\"},\"primaryImageOfPage\":{\"@id\":\"https:\\\/\\\/www.bellunopress.it\\\/2019\\\/11\\\/06\\\/una-vita-da-legionario-danilo-pagliaro-sabato-a-farra-dalpago-racconta-i-suoi-20-anni-in-legione-straniera\\\/#primaryimage\"},\"image\":{\"@id\":\"https:\\\/\\\/www.bellunopress.it\\\/2019\\\/11\\\/06\\\/una-vita-da-legionario-danilo-pagliaro-sabato-a-farra-dalpago-racconta-i-suoi-20-anni-in-legione-straniera\\\/#primaryimage\"},\"thumbnailUrl\":\"http:\\\/\\\/www.bellunopress.it\\\/wp-content\\\/uploads\\\/2019\\\/11\\\/Danilo-Pagliaro-legionario.jpg\",\"datePublished\":\"2019-11-06T11:37:53+00:00\",\"dateModified\":\"2019-11-10T13:54:14+00:00\",\"breadcrumb\":{\"@id\":\"https:\\\/\\\/www.bellunopress.it\\\/2019\\\/11\\\/06\\\/una-vita-da-legionario-danilo-pagliaro-sabato-a-farra-dalpago-racconta-i-suoi-20-anni-in-legione-straniera\\\/#breadcrumb\"},\"inLanguage\":\"fr-FR\",\"potentialAction\":[{\"@type\":\"ReadAction\",\"target\":[\"https:\\\/\\\/www.bellunopress.it\\\/2019\\\/11\\\/06\\\/una-vita-da-legionario-danilo-pagliaro-sabato-a-farra-dalpago-racconta-i-suoi-20-anni-in-legione-straniera\\\/\"]}]},{\"@type\":\"ImageObject\",\"inLanguage\":\"fr-FR\",\"@id\":\"https:\\\/\\\/www.bellunopress.it\\\/2019\\\/11\\\/06\\\/una-vita-da-legionario-danilo-pagliaro-sabato-a-farra-dalpago-racconta-i-suoi-20-anni-in-legione-straniera\\\/#primaryimage\",\"url\":\"http:\\\/\\\/www.bellunopress.it\\\/wp-content\\\/uploads\\\/2019\\\/11\\\/Danilo-Pagliaro-legionario.jpg\",\"contentUrl\":\"http:\\\/\\\/www.bellunopress.it\\\/wp-content\\\/uploads\\\/2019\\\/11\\\/Danilo-Pagliaro-legionario.jpg\"},{\"@type\":\"BreadcrumbList\",\"@id\":\"https:\\\/\\\/www.bellunopress.it\\\/2019\\\/11\\\/06\\\/una-vita-da-legionario-danilo-pagliaro-sabato-a-farra-dalpago-racconta-i-suoi-20-anni-in-legione-straniera\\\/#breadcrumb\",\"itemListElement\":[{\"@type\":\"ListItem\",\"position\":1,\"name\":\"Home\",\"item\":\"https:\\\/\\\/www.bellunopress.it\\\/\"},{\"@type\":\"ListItem\",\"position\":2,\"name\":\"Una vita da legionario. Danilo Pagliaro sabato a Farra d&#8217;Alpago racconta i suoi 20 anni in Legione Straniera\"}]},{\"@type\":\"WebSite\",\"@id\":\"https:\\\/\\\/www.bellunopress.it\\\/#website\",\"url\":\"https:\\\/\\\/www.bellunopress.it\\\/\",\"name\":\"Bellunopress - Dolomiti\",\"description\":\"e-mail: redazione@bellunopress.it\",\"publisher\":{\"@id\":\"https:\\\/\\\/www.bellunopress.it\\\/#organization\"},\"potentialAction\":[{\"@type\":\"SearchAction\",\"target\":{\"@type\":\"EntryPoint\",\"urlTemplate\":\"https:\\\/\\\/www.bellunopress.it\\\/?s={search_term_string}\"},\"query-input\":{\"@type\":\"PropertyValueSpecification\",\"valueRequired\":true,\"valueName\":\"search_term_string\"}}],\"inLanguage\":\"fr-FR\"},{\"@type\":\"Organization\",\"@id\":\"https:\\\/\\\/www.bellunopress.it\\\/#organization\",\"name\":\"Bellunopress\",\"url\":\"https:\\\/\\\/www.bellunopress.it\\\/\",\"logo\":{\"@type\":\"ImageObject\",\"inLanguage\":\"fr-FR\",\"@id\":\"https:\\\/\\\/www.bellunopress.it\\\/#\\\/schema\\\/logo\\\/image\\\/\",\"url\":\"https:\\\/\\\/www.bellunopress.it\\\/wp-content\\\/uploads\\\/2011\\\/05\\\/cropped-logo-bellunopress-.jpg\",\"contentUrl\":\"https:\\\/\\\/www.bellunopress.it\\\/wp-content\\\/uploads\\\/2011\\\/05\\\/cropped-logo-bellunopress-.jpg\",\"width\":512,\"height\":512,\"caption\":\"Bellunopress\"},\"image\":{\"@id\":\"https:\\\/\\\/www.bellunopress.it\\\/#\\\/schema\\\/logo\\\/image\\\/\"},\"sameAs\":[\"https:\\\/\\\/www.facebook.com\\\/profile.php?id=100008943462799\",\"https:\\\/\\\/x.com\\\/bellunopress\",\"https:\\\/\\\/www.linkedin.com\\\/hp\\\/?dnr=JBzUWaJfMUw8vbXJJ2tVW5-I3jZKvC4wsoxE&amp;amp;amp;amp;amp;amp;trk=nav_responsive_tab_home\",\"https:\\\/\\\/www.youtube.com\\\/channel\\\/UCxL0wu1uN0_3_7hGG0306cw\"]},{\"@type\":\"Person\",\"@id\":\"https:\\\/\\\/www.bellunopress.it\\\/#\\\/schema\\\/person\\\/79bb06722b37ece1c03d3e94beb30d73\",\"name\":\"redazione\",\"image\":{\"@type\":\"ImageObject\",\"inLanguage\":\"fr-FR\",\"@id\":\"https:\\\/\\\/secure.gravatar.com\\\/avatar\\\/37d968a2e67a6fd04c169c4bdef102d0bc5d31b2546345219e348575eb80e9a0?s=96&d=mm&r=g\",\"url\":\"https:\\\/\\\/secure.gravatar.com\\\/avatar\\\/37d968a2e67a6fd04c169c4bdef102d0bc5d31b2546345219e348575eb80e9a0?s=96&d=mm&r=g\",\"contentUrl\":\"https:\\\/\\\/secure.gravatar.com\\\/avatar\\\/37d968a2e67a6fd04c169c4bdef102d0bc5d31b2546345219e348575eb80e9a0?s=96&d=mm&r=g\",\"caption\":\"redazione\"},\"sameAs\":[\"http:\\\/\\\/www.bellunopress.it\",\"https:\\\/\\\/x.com\\\/bellunopress\"],\"url\":\"https:\\\/\\\/www.bellunopress.it\\\/fr\\\/author\\\/redazione\\\/\"}]}<\/script>\n<!-- \/ Yoast SEO plugin. -->","yoast_head_json":{"title":"Una vita da legionario. Danilo Pagliaro sabato a Farra d'Alpago racconta i suoi 20 anni in Legione Straniera - Bellunopress - Dolomiti","robots":{"index":"index","follow":"follow","max-snippet":"max-snippet:-1","max-image-preview":"max-image-preview:large","max-video-preview":"max-video-preview:-1"},"canonical":"https:\/\/www.bellunopress.it\/fr\/2019\/11\/06\/una-vita-da-legionario-danilo-pagliaro-sabato-a-farra-dalpago-racconta-i-suoi-20-anni-in-legione-straniera\/","og_locale":"fr_FR","og_type":"article","og_title":"Una vita da legionario. Danilo Pagliaro sabato a Farra d'Alpago racconta i suoi 20 anni in Legione Straniera - Bellunopress - Dolomiti","og_description":"Il \u201cmito\u201d della Legione Straniera in un incontro pubblico a Farra d\u2019Alpago. Sabato 9 novembre alle ore 20.30 nella palestra comunale di Farra d\u2019Alpago Danilo Pagliaro sar\u00e0 intervistato dal giornalista Nicola Maccagnan, moderatore della serata. Dopo il riuscitissimo appuntamento dello scorso mese di giugno, che ha visto protagonista il Comandante Alfa, tra i fondatori del [&hellip;]","og_url":"https:\/\/www.bellunopress.it\/fr\/2019\/11\/06\/una-vita-da-legionario-danilo-pagliaro-sabato-a-farra-dalpago-racconta-i-suoi-20-anni-in-legione-straniera\/","og_site_name":"Bellunopress - Dolomiti","article_publisher":"https:\/\/www.facebook.com\/profile.php?id=100008943462799","article_published_time":"2019-11-06T11:37:53+00:00","article_modified_time":"2019-11-10T13:54:14+00:00","og_image":[{"url":"http:\/\/www.bellunopress.it\/wp-content\/uploads\/2019\/11\/Danilo-Pagliaro-legionario.jpg","type":"","width":"","height":""}],"author":"redazione","twitter_card":"summary_large_image","twitter_creator":"@bellunopress","twitter_site":"@bellunopress","twitter_misc":{"\u00c9crit par":"redazione","Dur\u00e9e de lecture estim\u00e9e":"1 minute"},"schema":{"@context":"https:\/\/schema.org","@graph":[{"@type":"Article","@id":"https:\/\/www.bellunopress.it\/2019\/11\/06\/una-vita-da-legionario-danilo-pagliaro-sabato-a-farra-dalpago-racconta-i-suoi-20-anni-in-legione-straniera\/#article","isPartOf":{"@id":"https:\/\/www.bellunopress.it\/2019\/11\/06\/una-vita-da-legionario-danilo-pagliaro-sabato-a-farra-dalpago-racconta-i-suoi-20-anni-in-legione-straniera\/"},"author":{"name":"redazione","@id":"https:\/\/www.bellunopress.it\/#\/schema\/person\/79bb06722b37ece1c03d3e94beb30d73"},"headline":"Una vita da legionario. Danilo Pagliaro sabato a Farra d&#8217;Alpago racconta i suoi 20 anni in Legione Straniera","datePublished":"2019-11-06T11:37:53+00:00","dateModified":"2019-11-10T13:54:14+00:00","mainEntityOfPage":{"@id":"https:\/\/www.bellunopress.it\/2019\/11\/06\/una-vita-da-legionario-danilo-pagliaro-sabato-a-farra-dalpago-racconta-i-suoi-20-anni-in-legione-straniera\/"},"wordCount":186,"publisher":{"@id":"https:\/\/www.bellunopress.it\/#organization"},"image":{"@id":"https:\/\/www.bellunopress.it\/2019\/11\/06\/una-vita-da-legionario-danilo-pagliaro-sabato-a-farra-dalpago-racconta-i-suoi-20-anni-in-legione-straniera\/#primaryimage"},"thumbnailUrl":"http:\/\/www.bellunopress.it\/wp-content\/uploads\/2019\/11\/Danilo-Pagliaro-legionario.jpg","articleSection":["Appuntamenti, Eventi","Arte, Cultura, Spettacoli, Scienza"],"inLanguage":"fr-FR"},{"@type":"WebPage","@id":"https:\/\/www.bellunopress.it\/2019\/11\/06\/una-vita-da-legionario-danilo-pagliaro-sabato-a-farra-dalpago-racconta-i-suoi-20-anni-in-legione-straniera\/","url":"https:\/\/www.bellunopress.it\/2019\/11\/06\/una-vita-da-legionario-danilo-pagliaro-sabato-a-farra-dalpago-racconta-i-suoi-20-anni-in-legione-straniera\/","name":"Una vita da legionario. Danilo Pagliaro sabato a Farra d'Alpago racconta i suoi 20 anni in Legione Straniera - Bellunopress - Dolomiti","isPartOf":{"@id":"https:\/\/www.bellunopress.it\/#website"},"primaryImageOfPage":{"@id":"https:\/\/www.bellunopress.it\/2019\/11\/06\/una-vita-da-legionario-danilo-pagliaro-sabato-a-farra-dalpago-racconta-i-suoi-20-anni-in-legione-straniera\/#primaryimage"},"image":{"@id":"https:\/\/www.bellunopress.it\/2019\/11\/06\/una-vita-da-legionario-danilo-pagliaro-sabato-a-farra-dalpago-racconta-i-suoi-20-anni-in-legione-straniera\/#primaryimage"},"thumbnailUrl":"http:\/\/www.bellunopress.it\/wp-content\/uploads\/2019\/11\/Danilo-Pagliaro-legionario.jpg","datePublished":"2019-11-06T11:37:53+00:00","dateModified":"2019-11-10T13:54:14+00:00","breadcrumb":{"@id":"https:\/\/www.bellunopress.it\/2019\/11\/06\/una-vita-da-legionario-danilo-pagliaro-sabato-a-farra-dalpago-racconta-i-suoi-20-anni-in-legione-straniera\/#breadcrumb"},"inLanguage":"fr-FR","potentialAction":[{"@type":"ReadAction","target":["https:\/\/www.bellunopress.it\/2019\/11\/06\/una-vita-da-legionario-danilo-pagliaro-sabato-a-farra-dalpago-racconta-i-suoi-20-anni-in-legione-straniera\/"]}]},{"@type":"ImageObject","inLanguage":"fr-FR","@id":"https:\/\/www.bellunopress.it\/2019\/11\/06\/una-vita-da-legionario-danilo-pagliaro-sabato-a-farra-dalpago-racconta-i-suoi-20-anni-in-legione-straniera\/#primaryimage","url":"http:\/\/www.bellunopress.it\/wp-content\/uploads\/2019\/11\/Danilo-Pagliaro-legionario.jpg","contentUrl":"http:\/\/www.bellunopress.it\/wp-content\/uploads\/2019\/11\/Danilo-Pagliaro-legionario.jpg"},{"@type":"BreadcrumbList","@id":"https:\/\/www.bellunopress.it\/2019\/11\/06\/una-vita-da-legionario-danilo-pagliaro-sabato-a-farra-dalpago-racconta-i-suoi-20-anni-in-legione-straniera\/#breadcrumb","itemListElement":[{"@type":"ListItem","position":1,"name":"Home","item":"https:\/\/www.bellunopress.it\/"},{"@type":"ListItem","position":2,"name":"Una vita da legionario. Danilo Pagliaro sabato a Farra d&#8217;Alpago racconta i suoi 20 anni in Legione Straniera"}]},{"@type":"WebSite","@id":"https:\/\/www.bellunopress.it\/#website","url":"https:\/\/www.bellunopress.it\/","name":"Bellunopress - Dolomiti","description":"e-mail: redazione@bellunopress.it","publisher":{"@id":"https:\/\/www.bellunopress.it\/#organization"},"potentialAction":[{"@type":"SearchAction","target":{"@type":"EntryPoint","urlTemplate":"https:\/\/www.bellunopress.it\/?s={search_term_string}"},"query-input":{"@type":"PropertyValueSpecification","valueRequired":true,"valueName":"search_term_string"}}],"inLanguage":"fr-FR"},{"@type":"Organization","@id":"https:\/\/www.bellunopress.it\/#organization","name":"Bellunopress","url":"https:\/\/www.bellunopress.it\/","logo":{"@type":"ImageObject","inLanguage":"fr-FR","@id":"https:\/\/www.bellunopress.it\/#\/schema\/logo\/image\/","url":"https:\/\/www.bellunopress.it\/wp-content\/uploads\/2011\/05\/cropped-logo-bellunopress-.jpg","contentUrl":"https:\/\/www.bellunopress.it\/wp-content\/uploads\/2011\/05\/cropped-logo-bellunopress-.jpg","width":512,"height":512,"caption":"Bellunopress"},"image":{"@id":"https:\/\/www.bellunopress.it\/#\/schema\/logo\/image\/"},"sameAs":["https:\/\/www.facebook.com\/profile.php?id=100008943462799","https:\/\/x.com\/bellunopress","https:\/\/www.linkedin.com\/hp\/?dnr=JBzUWaJfMUw8vbXJJ2tVW5-I3jZKvC4wsoxE&amp;amp;amp;amp;amp;amp;trk=nav_responsive_tab_home","https:\/\/www.youtube.com\/channel\/UCxL0wu1uN0_3_7hGG0306cw"]},{"@type":"Person","@id":"https:\/\/www.bellunopress.it\/#\/schema\/person\/79bb06722b37ece1c03d3e94beb30d73","name":"r\u00e9daction","image":{"@type":"ImageObject","inLanguage":"fr-FR","@id":"https:\/\/secure.gravatar.com\/avatar\/37d968a2e67a6fd04c169c4bdef102d0bc5d31b2546345219e348575eb80e9a0?s=96&d=mm&r=g","url":"https:\/\/secure.gravatar.com\/avatar\/37d968a2e67a6fd04c169c4bdef102d0bc5d31b2546345219e348575eb80e9a0?s=96&d=mm&r=g","contentUrl":"https:\/\/secure.gravatar.com\/avatar\/37d968a2e67a6fd04c169c4bdef102d0bc5d31b2546345219e348575eb80e9a0?s=96&d=mm&r=g","caption":"redazione"},"sameAs":["http:\/\/www.bellunopress.it","https:\/\/x.com\/bellunopress"],"url":"https:\/\/www.bellunopress.it\/fr\/author\/redazione\/"}]}},"_links":{"self":[{"href":"https:\/\/www.bellunopress.it\/fr\/wp-json\/wp\/v2\/posts\/109363","targetHints":{"allow":["GET"]}}],"collection":[{"href":"https:\/\/www.bellunopress.it\/fr\/wp-json\/wp\/v2\/posts"}],"about":[{"href":"https:\/\/www.bellunopress.it\/fr\/wp-json\/wp\/v2\/types\/post"}],"author":[{"embeddable":true,"href":"https:\/\/www.bellunopress.it\/fr\/wp-json\/wp\/v2\/users\/2"}],"replies":[{"embeddable":true,"href":"https:\/\/www.bellunopress.it\/fr\/wp-json\/wp\/v2\/comments?post=109363"}],"version-history":[{"count":2,"href":"https:\/\/www.bellunopress.it\/fr\/wp-json\/wp\/v2\/posts\/109363\/revisions"}],"predecessor-version":[{"id":109366,"href":"https:\/\/www.bellunopress.it\/fr\/wp-json\/wp\/v2\/posts\/109363\/revisions\/109366"}],"wp:attachment":[{"href":"https:\/\/www.bellunopress.it\/fr\/wp-json\/wp\/v2\/media?parent=109363"}],"wp:term":[{"taxonomy":"category","embeddable":true,"href":"https:\/\/www.bellunopress.it\/fr\/wp-json\/wp\/v2\/categories?post=109363"},{"taxonomy":"post_tag","embeddable":true,"href":"https:\/\/www.bellunopress.it\/fr\/wp-json\/wp\/v2\/tags?post=109363"}],"curies":[{"name":"wp","href":"https:\/\/api.w.org\/{rel}","templated":true}]}}