{"id":109361,"date":"2019-11-06T11:52:33","date_gmt":"2019-11-06T10:52:33","guid":{"rendered":"http:\/\/www.bellunopress.it\/?p=109361"},"modified":"2019-11-06T11:52:33","modified_gmt":"2019-11-06T10:52:33","slug":"nevegal-pigozzo-pd-bocciato-il-rilancio-del-colle-per-ragioni-esclusivamente-politiche","status":"publish","type":"post","link":"https:\/\/www.bellunopress.it\/fr\/2019\/11\/06\/nevegal-pigozzo-pd-bocciato-il-rilancio-del-colle-per-ragioni-esclusivamente-politiche\/","title":{"rendered":"Nevegal. Pigozzo (PD): &#8220;Bocciato il rilancio del Colle per ragioni esclusivamente politiche&#8221;"},"content":{"rendered":"<figure id=\"attachment_81065\" aria-describedby=\"caption-attachment-81065\" style=\"width: 145px\" class=\"wp-caption alignleft\"><a href=\"http:\/\/www.bellunopress.it\/fr\/2016\/09\/30\/riforma-sanita-pigozzo-quella-di-zaia-e-una-presenza-fantasma-presenteremo-un-esposto-al-corecom-per-informazione-scorretta\/bruno-pigozzo\/\" rel=\"attachment wp-att-81065\"><img loading=\"lazy\" decoding=\"async\" class=\"size-full wp-image-81065\" src=\"http:\/\/www.bellunopress.it\/wp-content\/uploads\/2016\/09\/Bruno-Pigozzo.jpg\" alt=\"\" width=\"145\" height=\"190\" \/><\/a><figcaption id=\"caption-attachment-81065\" class=\"wp-caption-text\">Bruno Pigozzo &#8211; consigliere regionale Pd<\/figcaption><\/figure>\n<p>Venezia, 6 novembre 2019\u00a0 &#8211;\u00a0\u00a0&#8220;La bocciatura del nostro ordine del giorno sul Nevegal \u00e8 segno di miopia oggettiva da parte della Regione, potevamo dare un messaggio trasversale di sostegno a un percorso. Non hanno voluto comprendere le nostre intenzioni per una pregiudiziale esclusivamente politica&#8221;.<\/p>\n<p>Commenta cos\u00ec Bruno Pigozzo il &#8216;no&#8217; dell&#8217;aula all&#8217;ordine del giorno presentato dal Partito Democratico, e di cui era di cui era firmatario insieme ai colleghi Francesca Zottis e Stefano Fracasso, con cui si chiedeva alla Giunta di attivare un progetto strategico turistico di interesse regionale per favorire il rilancio del comprensorio del Nevegal.<\/p>\n<p>&#8220;\u00c8 una richiesta che arriva forte dal territorio, puntando su un turismo sostenibile e diffuso non legato soltanto agli sport invernali: in questi mesi c&#8217;\u00e8 stata una forte discussione su come agire, sono segnali incoraggianti L&#8217;impegno che proponevamo non era certo un&#8217;intromissione a gamba tesa su questioni locali, volevamo soltanto indicare una via percorribile per raggiungere l&#8217;obiettivo di ottenere finanziamenti strutturali. Chiedevamo di predisporre, come avvenuto in altri territori con risultati positivi, un &#8216;Progetto strategico turistico di interesse regionale&#8217;, da attuarsi mediante Accordo di programma tra Regione, istituzioni locali, gestori degli impianti di risalita e operatori turistici e sportivi&#8221;.<\/p>\n<p>&#8220;Questo comprensorio &#8211; spiega ancora Pigozzo &#8211; ha enormi potenzialit\u00e0 sia per gli sport invernali ed estivi che per il turismo naturalistico, ma la mancanza di investimenti e progettualit\u00e0 insieme a una scarsa promozione hanno portato a un progressivo depauperamento dell&#8217;offerta. Ieri abbiamo perso un&#8217;occasione per dare un segnale forte, ci auguriamo che il rifiuto della maggioranza non comprometta le possibilit\u00e0 di collaborazione tra Regione, Comuni e gestori per un futuro, vero rilancio dell&#8217;area del Nevegal&#8221;.<\/p>","protected":false},"excerpt":{"rendered":"<p>Venezia, 6 novembre 2019\u00a0 &#8211;\u00a0\u00a0&#8220;La bocciatura del nostro ordine del giorno sul Nevegal \u00e8 segno di miopia oggettiva da parte della Regione, potevamo dare un messaggio trasversale di sostegno a un percorso. Non hanno voluto comprendere le nostre intenzioni per una pregiudiziale esclusivamente politica&#8221;. Commenta cos\u00ec Bruno Pigozzo il &#8216;no&#8217; dell&#8217;aula all&#8217;ordine del giorno presentato [&hellip;]<\/p>\n","protected":false},"author":2,"featured_media":0,"comment_status":"closed","ping_status":"open","sticky":false,"template":"","format":"standard","meta":{"footnotes":""},"categories":[1],"tags":[],"class_list":["post-109361","post","type-post","status-publish","format-standard","category-leo"],"yoast_head":"<!-- This site is optimized with the Yoast SEO plugin v28.4 - https:\/\/yoast.com\/product\/yoast-seo-wordpress\/ -->\n<title>Nevegal. Pigozzo (PD): &quot;Bocciato il rilancio del Colle per ragioni esclusivamente politiche&quot; - Bellunopress - Dolomiti<\/title>\n<meta name=\"robots\" content=\"index, follow, max-snippet:-1, max-image-preview:large, max-video-preview:-1\" \/>\n<link rel=\"canonical\" href=\"https:\/\/www.bellunopress.it\/fr\/2019\/11\/06\/nevegal-pigozzo-pd-bocciato-il-rilancio-del-colle-per-ragioni-esclusivamente-politiche\/\" \/>\n<meta property=\"og:locale\" content=\"fr_FR\" \/>\n<meta property=\"og:type\" content=\"article\" \/>\n<meta property=\"og:title\" content=\"Nevegal. Pigozzo (PD): &quot;Bocciato il rilancio del Colle per ragioni esclusivamente politiche&quot; - Bellunopress - Dolomiti\" \/>\n<meta property=\"og:description\" content=\"Venezia, 6 novembre 2019\u00a0 &#8211;\u00a0\u00a0&#8220;La bocciatura del nostro ordine del giorno sul Nevegal \u00e8 segno di miopia oggettiva da parte della Regione, potevamo dare un messaggio trasversale di sostegno a un percorso. Non hanno voluto comprendere le nostre intenzioni per una pregiudiziale esclusivamente politica&#8221;. Commenta cos\u00ec Bruno Pigozzo il &#8216;no&#8217; dell&#8217;aula all&#8217;ordine del giorno presentato [&hellip;]\" \/>\n<meta property=\"og:url\" content=\"https:\/\/www.bellunopress.it\/fr\/2019\/11\/06\/nevegal-pigozzo-pd-bocciato-il-rilancio-del-colle-per-ragioni-esclusivamente-politiche\/\" \/>\n<meta property=\"og:site_name\" content=\"Bellunopress - Dolomiti\" \/>\n<meta property=\"article:publisher\" content=\"https:\/\/www.facebook.com\/profile.php?id=100008943462799\" \/>\n<meta property=\"article:published_time\" content=\"2019-11-06T10:52:33+00:00\" \/>\n<meta property=\"og:image\" content=\"http:\/\/www.bellunopress.it\/wp-content\/uploads\/2016\/09\/Bruno-Pigozzo.jpg\" \/>\n<meta name=\"author\" content=\"redazione\" \/>\n<meta name=\"twitter:card\" content=\"summary_large_image\" \/>\n<meta name=\"twitter:creator\" content=\"@bellunopress\" \/>\n<meta name=\"twitter:site\" content=\"@bellunopress\" \/>\n<meta name=\"twitter:label1\" content=\"\u00c9crit par\" \/>\n\t<meta name=\"twitter:data1\" content=\"redazione\" \/>\n\t<meta name=\"twitter:label2\" content=\"Dur\u00e9e de lecture estim\u00e9e\" \/>\n\t<meta name=\"twitter:data2\" content=\"1 minute\" \/>\n<script type=\"application\/ld+json\" class=\"yoast-schema-graph\">{\"@context\":\"https:\\\/\\\/schema.org\",\"@graph\":[{\"@type\":\"Article\",\"@id\":\"https:\\\/\\\/www.bellunopress.it\\\/2019\\\/11\\\/06\\\/nevegal-pigozzo-pd-bocciato-il-rilancio-del-colle-per-ragioni-esclusivamente-politiche\\\/#article\",\"isPartOf\":{\"@id\":\"https:\\\/\\\/www.bellunopress.it\\\/2019\\\/11\\\/06\\\/nevegal-pigozzo-pd-bocciato-il-rilancio-del-colle-per-ragioni-esclusivamente-politiche\\\/\"},\"author\":{\"name\":\"redazione\",\"@id\":\"https:\\\/\\\/www.bellunopress.it\\\/#\\\/schema\\\/person\\\/79bb06722b37ece1c03d3e94beb30d73\"},\"headline\":\"Nevegal. Pigozzo (PD): &#8220;Bocciato il rilancio del Colle per ragioni esclusivamente politiche&#8221;\",\"datePublished\":\"2019-11-06T10:52:33+00:00\",\"mainEntityOfPage\":{\"@id\":\"https:\\\/\\\/www.bellunopress.it\\\/2019\\\/11\\\/06\\\/nevegal-pigozzo-pd-bocciato-il-rilancio-del-colle-per-ragioni-esclusivamente-politiche\\\/\"},\"wordCount\":302,\"publisher\":{\"@id\":\"https:\\\/\\\/www.bellunopress.it\\\/#organization\"},\"image\":{\"@id\":\"https:\\\/\\\/www.bellunopress.it\\\/2019\\\/11\\\/06\\\/nevegal-pigozzo-pd-bocciato-il-rilancio-del-colle-per-ragioni-esclusivamente-politiche\\\/#primaryimage\"},\"thumbnailUrl\":\"http:\\\/\\\/www.bellunopress.it\\\/wp-content\\\/uploads\\\/2016\\\/09\\\/Bruno-Pigozzo.jpg\",\"articleSection\":[\"Lettere Opinioni\"],\"inLanguage\":\"fr-FR\"},{\"@type\":\"WebPage\",\"@id\":\"https:\\\/\\\/www.bellunopress.it\\\/2019\\\/11\\\/06\\\/nevegal-pigozzo-pd-bocciato-il-rilancio-del-colle-per-ragioni-esclusivamente-politiche\\\/\",\"url\":\"https:\\\/\\\/www.bellunopress.it\\\/2019\\\/11\\\/06\\\/nevegal-pigozzo-pd-bocciato-il-rilancio-del-colle-per-ragioni-esclusivamente-politiche\\\/\",\"name\":\"Nevegal. Pigozzo (PD): \\\"Bocciato il rilancio del Colle per ragioni esclusivamente politiche\\\" - Bellunopress - Dolomiti\",\"isPartOf\":{\"@id\":\"https:\\\/\\\/www.bellunopress.it\\\/#website\"},\"primaryImageOfPage\":{\"@id\":\"https:\\\/\\\/www.bellunopress.it\\\/2019\\\/11\\\/06\\\/nevegal-pigozzo-pd-bocciato-il-rilancio-del-colle-per-ragioni-esclusivamente-politiche\\\/#primaryimage\"},\"image\":{\"@id\":\"https:\\\/\\\/www.bellunopress.it\\\/2019\\\/11\\\/06\\\/nevegal-pigozzo-pd-bocciato-il-rilancio-del-colle-per-ragioni-esclusivamente-politiche\\\/#primaryimage\"},\"thumbnailUrl\":\"http:\\\/\\\/www.bellunopress.it\\\/wp-content\\\/uploads\\\/2016\\\/09\\\/Bruno-Pigozzo.jpg\",\"datePublished\":\"2019-11-06T10:52:33+00:00\",\"breadcrumb\":{\"@id\":\"https:\\\/\\\/www.bellunopress.it\\\/2019\\\/11\\\/06\\\/nevegal-pigozzo-pd-bocciato-il-rilancio-del-colle-per-ragioni-esclusivamente-politiche\\\/#breadcrumb\"},\"inLanguage\":\"fr-FR\",\"potentialAction\":[{\"@type\":\"ReadAction\",\"target\":[\"https:\\\/\\\/www.bellunopress.it\\\/2019\\\/11\\\/06\\\/nevegal-pigozzo-pd-bocciato-il-rilancio-del-colle-per-ragioni-esclusivamente-politiche\\\/\"]}]},{\"@type\":\"ImageObject\",\"inLanguage\":\"fr-FR\",\"@id\":\"https:\\\/\\\/www.bellunopress.it\\\/2019\\\/11\\\/06\\\/nevegal-pigozzo-pd-bocciato-il-rilancio-del-colle-per-ragioni-esclusivamente-politiche\\\/#primaryimage\",\"url\":\"http:\\\/\\\/www.bellunopress.it\\\/wp-content\\\/uploads\\\/2016\\\/09\\\/Bruno-Pigozzo.jpg\",\"contentUrl\":\"http:\\\/\\\/www.bellunopress.it\\\/wp-content\\\/uploads\\\/2016\\\/09\\\/Bruno-Pigozzo.jpg\"},{\"@type\":\"BreadcrumbList\",\"@id\":\"https:\\\/\\\/www.bellunopress.it\\\/2019\\\/11\\\/06\\\/nevegal-pigozzo-pd-bocciato-il-rilancio-del-colle-per-ragioni-esclusivamente-politiche\\\/#breadcrumb\",\"itemListElement\":[{\"@type\":\"ListItem\",\"position\":1,\"name\":\"Home\",\"item\":\"https:\\\/\\\/www.bellunopress.it\\\/\"},{\"@type\":\"ListItem\",\"position\":2,\"name\":\"Nevegal. Pigozzo (PD): &#8220;Bocciato il rilancio del Colle per ragioni esclusivamente politiche&#8221;\"}]},{\"@type\":\"WebSite\",\"@id\":\"https:\\\/\\\/www.bellunopress.it\\\/#website\",\"url\":\"https:\\\/\\\/www.bellunopress.it\\\/\",\"name\":\"Bellunopress - Dolomiti\",\"description\":\"e-mail: redazione@bellunopress.it\",\"publisher\":{\"@id\":\"https:\\\/\\\/www.bellunopress.it\\\/#organization\"},\"potentialAction\":[{\"@type\":\"SearchAction\",\"target\":{\"@type\":\"EntryPoint\",\"urlTemplate\":\"https:\\\/\\\/www.bellunopress.it\\\/?s={search_term_string}\"},\"query-input\":{\"@type\":\"PropertyValueSpecification\",\"valueRequired\":true,\"valueName\":\"search_term_string\"}}],\"inLanguage\":\"fr-FR\"},{\"@type\":\"Organization\",\"@id\":\"https:\\\/\\\/www.bellunopress.it\\\/#organization\",\"name\":\"Bellunopress\",\"url\":\"https:\\\/\\\/www.bellunopress.it\\\/\",\"logo\":{\"@type\":\"ImageObject\",\"inLanguage\":\"fr-FR\",\"@id\":\"https:\\\/\\\/www.bellunopress.it\\\/#\\\/schema\\\/logo\\\/image\\\/\",\"url\":\"https:\\\/\\\/www.bellunopress.it\\\/wp-content\\\/uploads\\\/2011\\\/05\\\/cropped-logo-bellunopress-.jpg\",\"contentUrl\":\"https:\\\/\\\/www.bellunopress.it\\\/wp-content\\\/uploads\\\/2011\\\/05\\\/cropped-logo-bellunopress-.jpg\",\"width\":512,\"height\":512,\"caption\":\"Bellunopress\"},\"image\":{\"@id\":\"https:\\\/\\\/www.bellunopress.it\\\/#\\\/schema\\\/logo\\\/image\\\/\"},\"sameAs\":[\"https:\\\/\\\/www.facebook.com\\\/profile.php?id=100008943462799\",\"https:\\\/\\\/x.com\\\/bellunopress\",\"https:\\\/\\\/www.linkedin.com\\\/hp\\\/?dnr=JBzUWaJfMUw8vbXJJ2tVW5-I3jZKvC4wsoxE&amp;amp;amp;amp;amp;amp;trk=nav_responsive_tab_home\",\"https:\\\/\\\/www.youtube.com\\\/channel\\\/UCxL0wu1uN0_3_7hGG0306cw\"]},{\"@type\":\"Person\",\"@id\":\"https:\\\/\\\/www.bellunopress.it\\\/#\\\/schema\\\/person\\\/79bb06722b37ece1c03d3e94beb30d73\",\"name\":\"redazione\",\"image\":{\"@type\":\"ImageObject\",\"inLanguage\":\"fr-FR\",\"@id\":\"https:\\\/\\\/secure.gravatar.com\\\/avatar\\\/37d968a2e67a6fd04c169c4bdef102d0bc5d31b2546345219e348575eb80e9a0?s=96&d=mm&r=g\",\"url\":\"https:\\\/\\\/secure.gravatar.com\\\/avatar\\\/37d968a2e67a6fd04c169c4bdef102d0bc5d31b2546345219e348575eb80e9a0?s=96&d=mm&r=g\",\"contentUrl\":\"https:\\\/\\\/secure.gravatar.com\\\/avatar\\\/37d968a2e67a6fd04c169c4bdef102d0bc5d31b2546345219e348575eb80e9a0?s=96&d=mm&r=g\",\"caption\":\"redazione\"},\"sameAs\":[\"http:\\\/\\\/www.bellunopress.it\",\"https:\\\/\\\/x.com\\\/bellunopress\"],\"url\":\"https:\\\/\\\/www.bellunopress.it\\\/fr\\\/author\\\/redazione\\\/\"}]}<\/script>\n<!-- \/ Yoast SEO plugin. -->","yoast_head_json":{"title":"Nevegal. Pigozzo (PD): \"Bocciato il rilancio del Colle per ragioni esclusivamente politiche\" - Bellunopress - Dolomiti","robots":{"index":"index","follow":"follow","max-snippet":"max-snippet:-1","max-image-preview":"max-image-preview:large","max-video-preview":"max-video-preview:-1"},"canonical":"https:\/\/www.bellunopress.it\/fr\/2019\/11\/06\/nevegal-pigozzo-pd-bocciato-il-rilancio-del-colle-per-ragioni-esclusivamente-politiche\/","og_locale":"fr_FR","og_type":"article","og_title":"Nevegal. Pigozzo (PD): \"Bocciato il rilancio del Colle per ragioni esclusivamente politiche\" - Bellunopress - Dolomiti","og_description":"Venezia, 6 novembre 2019\u00a0 &#8211;\u00a0\u00a0&#8220;La bocciatura del nostro ordine del giorno sul Nevegal \u00e8 segno di miopia oggettiva da parte della Regione, potevamo dare un messaggio trasversale di sostegno a un percorso. Non hanno voluto comprendere le nostre intenzioni per una pregiudiziale esclusivamente politica&#8221;. Commenta cos\u00ec Bruno Pigozzo il &#8216;no&#8217; dell&#8217;aula all&#8217;ordine del giorno presentato [&hellip;]","og_url":"https:\/\/www.bellunopress.it\/fr\/2019\/11\/06\/nevegal-pigozzo-pd-bocciato-il-rilancio-del-colle-per-ragioni-esclusivamente-politiche\/","og_site_name":"Bellunopress - Dolomiti","article_publisher":"https:\/\/www.facebook.com\/profile.php?id=100008943462799","article_published_time":"2019-11-06T10:52:33+00:00","og_image":[{"url":"http:\/\/www.bellunopress.it\/wp-content\/uploads\/2016\/09\/Bruno-Pigozzo.jpg","type":"","width":"","height":""}],"author":"redazione","twitter_card":"summary_large_image","twitter_creator":"@bellunopress","twitter_site":"@bellunopress","twitter_misc":{"\u00c9crit par":"redazione","Dur\u00e9e de lecture estim\u00e9e":"1 minute"},"schema":{"@context":"https:\/\/schema.org","@graph":[{"@type":"Article","@id":"https:\/\/www.bellunopress.it\/2019\/11\/06\/nevegal-pigozzo-pd-bocciato-il-rilancio-del-colle-per-ragioni-esclusivamente-politiche\/#article","isPartOf":{"@id":"https:\/\/www.bellunopress.it\/2019\/11\/06\/nevegal-pigozzo-pd-bocciato-il-rilancio-del-colle-per-ragioni-esclusivamente-politiche\/"},"author":{"name":"redazione","@id":"https:\/\/www.bellunopress.it\/#\/schema\/person\/79bb06722b37ece1c03d3e94beb30d73"},"headline":"Nevegal. Pigozzo (PD): &#8220;Bocciato il rilancio del Colle per ragioni esclusivamente politiche&#8221;","datePublished":"2019-11-06T10:52:33+00:00","mainEntityOfPage":{"@id":"https:\/\/www.bellunopress.it\/2019\/11\/06\/nevegal-pigozzo-pd-bocciato-il-rilancio-del-colle-per-ragioni-esclusivamente-politiche\/"},"wordCount":302,"publisher":{"@id":"https:\/\/www.bellunopress.it\/#organization"},"image":{"@id":"https:\/\/www.bellunopress.it\/2019\/11\/06\/nevegal-pigozzo-pd-bocciato-il-rilancio-del-colle-per-ragioni-esclusivamente-politiche\/#primaryimage"},"thumbnailUrl":"http:\/\/www.bellunopress.it\/wp-content\/uploads\/2016\/09\/Bruno-Pigozzo.jpg","articleSection":["Lettere Opinioni"],"inLanguage":"fr-FR"},{"@type":"WebPage","@id":"https:\/\/www.bellunopress.it\/2019\/11\/06\/nevegal-pigozzo-pd-bocciato-il-rilancio-del-colle-per-ragioni-esclusivamente-politiche\/","url":"https:\/\/www.bellunopress.it\/2019\/11\/06\/nevegal-pigozzo-pd-bocciato-il-rilancio-del-colle-per-ragioni-esclusivamente-politiche\/","name":"Nevegal. Pigozzo (PD): \"Bocciato il rilancio del Colle per ragioni esclusivamente politiche\" - Bellunopress - Dolomiti","isPartOf":{"@id":"https:\/\/www.bellunopress.it\/#website"},"primaryImageOfPage":{"@id":"https:\/\/www.bellunopress.it\/2019\/11\/06\/nevegal-pigozzo-pd-bocciato-il-rilancio-del-colle-per-ragioni-esclusivamente-politiche\/#primaryimage"},"image":{"@id":"https:\/\/www.bellunopress.it\/2019\/11\/06\/nevegal-pigozzo-pd-bocciato-il-rilancio-del-colle-per-ragioni-esclusivamente-politiche\/#primaryimage"},"thumbnailUrl":"http:\/\/www.bellunopress.it\/wp-content\/uploads\/2016\/09\/Bruno-Pigozzo.jpg","datePublished":"2019-11-06T10:52:33+00:00","breadcrumb":{"@id":"https:\/\/www.bellunopress.it\/2019\/11\/06\/nevegal-pigozzo-pd-bocciato-il-rilancio-del-colle-per-ragioni-esclusivamente-politiche\/#breadcrumb"},"inLanguage":"fr-FR","potentialAction":[{"@type":"ReadAction","target":["https:\/\/www.bellunopress.it\/2019\/11\/06\/nevegal-pigozzo-pd-bocciato-il-rilancio-del-colle-per-ragioni-esclusivamente-politiche\/"]}]},{"@type":"ImageObject","inLanguage":"fr-FR","@id":"https:\/\/www.bellunopress.it\/2019\/11\/06\/nevegal-pigozzo-pd-bocciato-il-rilancio-del-colle-per-ragioni-esclusivamente-politiche\/#primaryimage","url":"http:\/\/www.bellunopress.it\/wp-content\/uploads\/2016\/09\/Bruno-Pigozzo.jpg","contentUrl":"http:\/\/www.bellunopress.it\/wp-content\/uploads\/2016\/09\/Bruno-Pigozzo.jpg"},{"@type":"BreadcrumbList","@id":"https:\/\/www.bellunopress.it\/2019\/11\/06\/nevegal-pigozzo-pd-bocciato-il-rilancio-del-colle-per-ragioni-esclusivamente-politiche\/#breadcrumb","itemListElement":[{"@type":"ListItem","position":1,"name":"Home","item":"https:\/\/www.bellunopress.it\/"},{"@type":"ListItem","position":2,"name":"Nevegal. Pigozzo (PD): &#8220;Bocciato il rilancio del Colle per ragioni esclusivamente politiche&#8221;"}]},{"@type":"WebSite","@id":"https:\/\/www.bellunopress.it\/#website","url":"https:\/\/www.bellunopress.it\/","name":"Bellunopress - Dolomiti","description":"e-mail: redazione@bellunopress.it","publisher":{"@id":"https:\/\/www.bellunopress.it\/#organization"},"potentialAction":[{"@type":"SearchAction","target":{"@type":"EntryPoint","urlTemplate":"https:\/\/www.bellunopress.it\/?s={search_term_string}"},"query-input":{"@type":"PropertyValueSpecification","valueRequired":true,"valueName":"search_term_string"}}],"inLanguage":"fr-FR"},{"@type":"Organization","@id":"https:\/\/www.bellunopress.it\/#organization","name":"Bellunopress","url":"https:\/\/www.bellunopress.it\/","logo":{"@type":"ImageObject","inLanguage":"fr-FR","@id":"https:\/\/www.bellunopress.it\/#\/schema\/logo\/image\/","url":"https:\/\/www.bellunopress.it\/wp-content\/uploads\/2011\/05\/cropped-logo-bellunopress-.jpg","contentUrl":"https:\/\/www.bellunopress.it\/wp-content\/uploads\/2011\/05\/cropped-logo-bellunopress-.jpg","width":512,"height":512,"caption":"Bellunopress"},"image":{"@id":"https:\/\/www.bellunopress.it\/#\/schema\/logo\/image\/"},"sameAs":["https:\/\/www.facebook.com\/profile.php?id=100008943462799","https:\/\/x.com\/bellunopress","https:\/\/www.linkedin.com\/hp\/?dnr=JBzUWaJfMUw8vbXJJ2tVW5-I3jZKvC4wsoxE&amp;amp;amp;amp;amp;amp;trk=nav_responsive_tab_home","https:\/\/www.youtube.com\/channel\/UCxL0wu1uN0_3_7hGG0306cw"]},{"@type":"Person","@id":"https:\/\/www.bellunopress.it\/#\/schema\/person\/79bb06722b37ece1c03d3e94beb30d73","name":"r\u00e9daction","image":{"@type":"ImageObject","inLanguage":"fr-FR","@id":"https:\/\/secure.gravatar.com\/avatar\/37d968a2e67a6fd04c169c4bdef102d0bc5d31b2546345219e348575eb80e9a0?s=96&d=mm&r=g","url":"https:\/\/secure.gravatar.com\/avatar\/37d968a2e67a6fd04c169c4bdef102d0bc5d31b2546345219e348575eb80e9a0?s=96&d=mm&r=g","contentUrl":"https:\/\/secure.gravatar.com\/avatar\/37d968a2e67a6fd04c169c4bdef102d0bc5d31b2546345219e348575eb80e9a0?s=96&d=mm&r=g","caption":"redazione"},"sameAs":["http:\/\/www.bellunopress.it","https:\/\/x.com\/bellunopress"],"url":"https:\/\/www.bellunopress.it\/fr\/author\/redazione\/"}]}},"_links":{"self":[{"href":"https:\/\/www.bellunopress.it\/fr\/wp-json\/wp\/v2\/posts\/109361","targetHints":{"allow":["GET"]}}],"collection":[{"href":"https:\/\/www.bellunopress.it\/fr\/wp-json\/wp\/v2\/posts"}],"about":[{"href":"https:\/\/www.bellunopress.it\/fr\/wp-json\/wp\/v2\/types\/post"}],"author":[{"embeddable":true,"href":"https:\/\/www.bellunopress.it\/fr\/wp-json\/wp\/v2\/users\/2"}],"replies":[{"embeddable":true,"href":"https:\/\/www.bellunopress.it\/fr\/wp-json\/wp\/v2\/comments?post=109361"}],"version-history":[{"count":1,"href":"https:\/\/www.bellunopress.it\/fr\/wp-json\/wp\/v2\/posts\/109361\/revisions"}],"predecessor-version":[{"id":109362,"href":"https:\/\/www.bellunopress.it\/fr\/wp-json\/wp\/v2\/posts\/109361\/revisions\/109362"}],"wp:attachment":[{"href":"https:\/\/www.bellunopress.it\/fr\/wp-json\/wp\/v2\/media?parent=109361"}],"wp:term":[{"taxonomy":"category","embeddable":true,"href":"https:\/\/www.bellunopress.it\/fr\/wp-json\/wp\/v2\/categories?post=109361"},{"taxonomy":"post_tag","embeddable":true,"href":"https:\/\/www.bellunopress.it\/fr\/wp-json\/wp\/v2\/tags?post=109361"}],"curies":[{"name":"wp","href":"https:\/\/api.w.org\/{rel}","templated":true}]}}