{"id":109359,"date":"2019-11-06T11:47:51","date_gmt":"2019-11-06T10:47:51","guid":{"rendered":"http:\/\/www.bellunopress.it\/?p=109359"},"modified":"2019-11-06T11:47:51","modified_gmt":"2019-11-06T10:47:51","slug":"case-popolari-aperto-il-bando-al-comune-di-feltre-domande-entro-il-3-dicembre-isee-inferiore-ai-20mila-euro","status":"publish","type":"post","link":"https:\/\/www.bellunopress.it\/fr\/2019\/11\/06\/case-popolari-aperto-il-bando-al-comune-di-feltre-domande-entro-il-3-dicembre-isee-inferiore-ai-20mila-euro\/","title":{"rendered":"Case popolari. Aperto il bando al Comune di Feltre. Domande entro il 3 dicembre. Isee inferiore ai 20mila euro"},"content":{"rendered":"<p><a href=\"http:\/\/www.bellunopress.it\/fr\/2010\/10\/11\/feltre-proclamazione-del-lutto-cittadino-domani-martedi-12-ottobre\/feltre-2\/\" rel=\"attachment wp-att-20043\"><img loading=\"lazy\" decoding=\"async\" class=\"alignleft size-full wp-image-20043\" src=\"http:\/\/www.bellunopress.it\/wp-content\/uploads\/2010\/10\/feltre.jpg\" alt=\"\" width=\"140\" height=\"107\" \/><\/a>E\u2019 aperto il bando di accesso alle case popolari per il solo ambito specifico del Comune di Feltre con la possibilit\u00e0 di presentare domanda dal 04.11.2019 alle ore 12.00 del 03.12.2019.<br \/>\nSi ricorda che \u00e8 necessario avere il documento di identit\u00e0 in corso di validit\u00e0; nel caso di permesso di soggiorno di lungo periodo i documenti di tutti i componenti del nucleo; nel caso di permesso di lavoro l\u2019attestazione del proprio datore di lavoro, l\u2019attestazione I.S.E.E. in corso di validit\u00e0 rispondente al nucleo richiedente l\u2019alloggio utile per il calcolo dell\u2019ISEE-ERP che non dovr\u00e0 risultare superiore a \u20ac 20.000,00 (una simulazione del calcolo dell\u2019ISEE-ERP pu\u00f2 essere fatta direttamente dal cittadino interessato al sito regionale erp.regione.veneto.it alla voce \u201cSimulazione ISEE-ERP\u201d).<\/p>\n<p>I requisiti per poter presentare domanda sono meglio dettagliati all\u2019art. 25 della L.R. 39\/17. Si ricorda che \u00e8 requisito imprescindibile la residenza anagrafica del richiedente nel Veneto da almeno cinque anni, anche non consecutivi e calcolati negli ultimi dieci anni, fermo restando che il richiedente deve essere, comunque, residente nel Veneto alla data di scadenza del bando e si fa presente che nessun componente del nucleo deve essere titolare di diritti di propriet\u00e0, di usufrutto, di uso e di abitazione su immobili adeguati alle esigenze del nucleo familiare ubicati nel territorio nazionale o all\u2019estero.<\/p>\n<p>Il bando \u00e8 pubblicato all\u2019albo pretorio del Comune di Feltre e in quello della sua azienda speciale Azienda Feltrina per i Servizi alla Persona.<br \/>\nLa domanda pu\u00f2 essere presentata, ai sensi della L.R. 39\/17 e del suo regolamento attuativo n. 4 del 2018, per il solo tramite della procedura web regionale.<br \/>\nPer essere affiancati nella compilazione \u00e8 possibile recarsi, previo appuntamento all\u2019Ufficio Casa dell\u2019Azienda Feltrina per i Servizi alla Persona in P.le Nasci n. 2 a Feltre, assistente sociale Irene Gregato con cui \u00e8 possibile prendere appuntamento per un aiuto nella compilazione (0439 840680 int. 215).<\/p>","protected":false},"excerpt":{"rendered":"<p>E\u2019 aperto il bando di accesso alle case popolari per il solo ambito specifico del Comune di Feltre con la possibilit\u00e0 di presentare domanda dal 04.11.2019 alle ore 12.00 del 03.12.2019. Si ricorda che \u00e8 necessario avere il documento di identit\u00e0 in corso di validit\u00e0; nel caso di permesso di soggiorno di lungo periodo i [&hellip;]<\/p>\n","protected":false},"author":2,"featured_media":0,"comment_status":"closed","ping_status":"open","sticky":false,"template":"","format":"standard","meta":{"footnotes":""},"categories":[26,8],"tags":[],"class_list":["post-109359","post","type-post","status-publish","format-standard","category-prima-pagina","category-societa-istituzioni"],"yoast_head":"<!-- This site is optimized with the Yoast SEO plugin v28.4 - https:\/\/yoast.com\/product\/yoast-seo-wordpress\/ -->\n<title>Case popolari. Aperto il bando al Comune di Feltre. Domande entro il 3 dicembre. Isee inferiore ai 20mila euro - Bellunopress - Dolomiti<\/title>\n<meta name=\"robots\" content=\"index, follow, max-snippet:-1, max-image-preview:large, max-video-preview:-1\" \/>\n<link rel=\"canonical\" href=\"https:\/\/www.bellunopress.it\/fr\/2019\/11\/06\/case-popolari-aperto-il-bando-al-comune-di-feltre-domande-entro-il-3-dicembre-isee-inferiore-ai-20mila-euro\/\" \/>\n<meta property=\"og:locale\" content=\"fr_FR\" \/>\n<meta property=\"og:type\" content=\"article\" \/>\n<meta property=\"og:title\" content=\"Case popolari. Aperto il bando al Comune di Feltre. Domande entro il 3 dicembre. Isee inferiore ai 20mila euro - Bellunopress - Dolomiti\" \/>\n<meta property=\"og:description\" content=\"E\u2019 aperto il bando di accesso alle case popolari per il solo ambito specifico del Comune di Feltre con la possibilit\u00e0 di presentare domanda dal 04.11.2019 alle ore 12.00 del 03.12.2019. Si ricorda che \u00e8 necessario avere il documento di identit\u00e0 in corso di validit\u00e0; nel caso di permesso di soggiorno di lungo periodo i [&hellip;]\" \/>\n<meta property=\"og:url\" content=\"https:\/\/www.bellunopress.it\/fr\/2019\/11\/06\/case-popolari-aperto-il-bando-al-comune-di-feltre-domande-entro-il-3-dicembre-isee-inferiore-ai-20mila-euro\/\" \/>\n<meta property=\"og:site_name\" content=\"Bellunopress - Dolomiti\" \/>\n<meta property=\"article:publisher\" content=\"https:\/\/www.facebook.com\/profile.php?id=100008943462799\" \/>\n<meta property=\"article:published_time\" content=\"2019-11-06T10:47:51+00:00\" \/>\n<meta property=\"og:image\" content=\"http:\/\/www.bellunopress.it\/wp-content\/uploads\/2010\/10\/feltre.jpg\" \/>\n<meta name=\"author\" content=\"redazione\" \/>\n<meta name=\"twitter:card\" content=\"summary_large_image\" \/>\n<meta name=\"twitter:creator\" content=\"@bellunopress\" \/>\n<meta name=\"twitter:site\" content=\"@bellunopress\" \/>\n<meta name=\"twitter:label1\" content=\"Written by\" \/>\n\t<meta name=\"twitter:data1\" content=\"redazione\" \/>\n\t<meta name=\"twitter:label2\" content=\"Est. reading time\" \/>\n\t<meta name=\"twitter:data2\" content=\"2 minutes\" \/>\n<script type=\"application\/ld+json\" class=\"yoast-schema-graph\">{\"@context\":\"https:\\\/\\\/schema.org\",\"@graph\":[{\"@type\":\"Article\",\"@id\":\"https:\\\/\\\/www.bellunopress.it\\\/2019\\\/11\\\/06\\\/case-popolari-aperto-il-bando-al-comune-di-feltre-domande-entro-il-3-dicembre-isee-inferiore-ai-20mila-euro\\\/#article\",\"isPartOf\":{\"@id\":\"https:\\\/\\\/www.bellunopress.it\\\/2019\\\/11\\\/06\\\/case-popolari-aperto-il-bando-al-comune-di-feltre-domande-entro-il-3-dicembre-isee-inferiore-ai-20mila-euro\\\/\"},\"author\":{\"name\":\"redazione\",\"@id\":\"https:\\\/\\\/www.bellunopress.it\\\/#\\\/schema\\\/person\\\/79bb06722b37ece1c03d3e94beb30d73\"},\"headline\":\"Case popolari. Aperto il bando al Comune di Feltre. Domande entro il 3 dicembre. Isee inferiore ai 20mila euro\",\"datePublished\":\"2019-11-06T10:47:51+00:00\",\"mainEntityOfPage\":{\"@id\":\"https:\\\/\\\/www.bellunopress.it\\\/2019\\\/11\\\/06\\\/case-popolari-aperto-il-bando-al-comune-di-feltre-domande-entro-il-3-dicembre-isee-inferiore-ai-20mila-euro\\\/\"},\"wordCount\":326,\"publisher\":{\"@id\":\"https:\\\/\\\/www.bellunopress.it\\\/#organization\"},\"image\":{\"@id\":\"https:\\\/\\\/www.bellunopress.it\\\/2019\\\/11\\\/06\\\/case-popolari-aperto-il-bando-al-comune-di-feltre-domande-entro-il-3-dicembre-isee-inferiore-ai-20mila-euro\\\/#primaryimage\"},\"thumbnailUrl\":\"http:\\\/\\\/www.bellunopress.it\\\/wp-content\\\/uploads\\\/2010\\\/10\\\/feltre.jpg\",\"articleSection\":[\"Prima Pagina\",\"Societ\u00e0, Associazioni, Istituzioni\"],\"inLanguage\":\"fr-FR\"},{\"@type\":\"WebPage\",\"@id\":\"https:\\\/\\\/www.bellunopress.it\\\/2019\\\/11\\\/06\\\/case-popolari-aperto-il-bando-al-comune-di-feltre-domande-entro-il-3-dicembre-isee-inferiore-ai-20mila-euro\\\/\",\"url\":\"https:\\\/\\\/www.bellunopress.it\\\/2019\\\/11\\\/06\\\/case-popolari-aperto-il-bando-al-comune-di-feltre-domande-entro-il-3-dicembre-isee-inferiore-ai-20mila-euro\\\/\",\"name\":\"Case popolari. Aperto il bando al Comune di Feltre. Domande entro il 3 dicembre. Isee inferiore ai 20mila euro - Bellunopress - Dolomiti\",\"isPartOf\":{\"@id\":\"https:\\\/\\\/www.bellunopress.it\\\/#website\"},\"primaryImageOfPage\":{\"@id\":\"https:\\\/\\\/www.bellunopress.it\\\/2019\\\/11\\\/06\\\/case-popolari-aperto-il-bando-al-comune-di-feltre-domande-entro-il-3-dicembre-isee-inferiore-ai-20mila-euro\\\/#primaryimage\"},\"image\":{\"@id\":\"https:\\\/\\\/www.bellunopress.it\\\/2019\\\/11\\\/06\\\/case-popolari-aperto-il-bando-al-comune-di-feltre-domande-entro-il-3-dicembre-isee-inferiore-ai-20mila-euro\\\/#primaryimage\"},\"thumbnailUrl\":\"http:\\\/\\\/www.bellunopress.it\\\/wp-content\\\/uploads\\\/2010\\\/10\\\/feltre.jpg\",\"datePublished\":\"2019-11-06T10:47:51+00:00\",\"breadcrumb\":{\"@id\":\"https:\\\/\\\/www.bellunopress.it\\\/2019\\\/11\\\/06\\\/case-popolari-aperto-il-bando-al-comune-di-feltre-domande-entro-il-3-dicembre-isee-inferiore-ai-20mila-euro\\\/#breadcrumb\"},\"inLanguage\":\"fr-FR\",\"potentialAction\":[{\"@type\":\"ReadAction\",\"target\":[\"https:\\\/\\\/www.bellunopress.it\\\/2019\\\/11\\\/06\\\/case-popolari-aperto-il-bando-al-comune-di-feltre-domande-entro-il-3-dicembre-isee-inferiore-ai-20mila-euro\\\/\"]}]},{\"@type\":\"ImageObject\",\"inLanguage\":\"fr-FR\",\"@id\":\"https:\\\/\\\/www.bellunopress.it\\\/2019\\\/11\\\/06\\\/case-popolari-aperto-il-bando-al-comune-di-feltre-domande-entro-il-3-dicembre-isee-inferiore-ai-20mila-euro\\\/#primaryimage\",\"url\":\"http:\\\/\\\/www.bellunopress.it\\\/wp-content\\\/uploads\\\/2010\\\/10\\\/feltre.jpg\",\"contentUrl\":\"http:\\\/\\\/www.bellunopress.it\\\/wp-content\\\/uploads\\\/2010\\\/10\\\/feltre.jpg\"},{\"@type\":\"BreadcrumbList\",\"@id\":\"https:\\\/\\\/www.bellunopress.it\\\/2019\\\/11\\\/06\\\/case-popolari-aperto-il-bando-al-comune-di-feltre-domande-entro-il-3-dicembre-isee-inferiore-ai-20mila-euro\\\/#breadcrumb\",\"itemListElement\":[{\"@type\":\"ListItem\",\"position\":1,\"name\":\"Home\",\"item\":\"https:\\\/\\\/www.bellunopress.it\\\/\"},{\"@type\":\"ListItem\",\"position\":2,\"name\":\"Case popolari. Aperto il bando al Comune di Feltre. Domande entro il 3 dicembre. Isee inferiore ai 20mila euro\"}]},{\"@type\":\"WebSite\",\"@id\":\"https:\\\/\\\/www.bellunopress.it\\\/#website\",\"url\":\"https:\\\/\\\/www.bellunopress.it\\\/\",\"name\":\"Bellunopress - Dolomiti\",\"description\":\"e-mail: redazione@bellunopress.it\",\"publisher\":{\"@id\":\"https:\\\/\\\/www.bellunopress.it\\\/#organization\"},\"potentialAction\":[{\"@type\":\"SearchAction\",\"target\":{\"@type\":\"EntryPoint\",\"urlTemplate\":\"https:\\\/\\\/www.bellunopress.it\\\/?s={search_term_string}\"},\"query-input\":{\"@type\":\"PropertyValueSpecification\",\"valueRequired\":true,\"valueName\":\"search_term_string\"}}],\"inLanguage\":\"fr-FR\"},{\"@type\":\"Organization\",\"@id\":\"https:\\\/\\\/www.bellunopress.it\\\/#organization\",\"name\":\"Bellunopress\",\"url\":\"https:\\\/\\\/www.bellunopress.it\\\/\",\"logo\":{\"@type\":\"ImageObject\",\"inLanguage\":\"fr-FR\",\"@id\":\"https:\\\/\\\/www.bellunopress.it\\\/#\\\/schema\\\/logo\\\/image\\\/\",\"url\":\"https:\\\/\\\/www.bellunopress.it\\\/wp-content\\\/uploads\\\/2011\\\/05\\\/cropped-logo-bellunopress-.jpg\",\"contentUrl\":\"https:\\\/\\\/www.bellunopress.it\\\/wp-content\\\/uploads\\\/2011\\\/05\\\/cropped-logo-bellunopress-.jpg\",\"width\":512,\"height\":512,\"caption\":\"Bellunopress\"},\"image\":{\"@id\":\"https:\\\/\\\/www.bellunopress.it\\\/#\\\/schema\\\/logo\\\/image\\\/\"},\"sameAs\":[\"https:\\\/\\\/www.facebook.com\\\/profile.php?id=100008943462799\",\"https:\\\/\\\/x.com\\\/bellunopress\",\"https:\\\/\\\/www.linkedin.com\\\/hp\\\/?dnr=JBzUWaJfMUw8vbXJJ2tVW5-I3jZKvC4wsoxE&amp;amp;amp;amp;amp;amp;trk=nav_responsive_tab_home\",\"https:\\\/\\\/www.youtube.com\\\/channel\\\/UCxL0wu1uN0_3_7hGG0306cw\"]},{\"@type\":\"Person\",\"@id\":\"https:\\\/\\\/www.bellunopress.it\\\/#\\\/schema\\\/person\\\/79bb06722b37ece1c03d3e94beb30d73\",\"name\":\"redazione\",\"image\":{\"@type\":\"ImageObject\",\"inLanguage\":\"fr-FR\",\"@id\":\"https:\\\/\\\/secure.gravatar.com\\\/avatar\\\/37d968a2e67a6fd04c169c4bdef102d0bc5d31b2546345219e348575eb80e9a0?s=96&d=mm&r=g\",\"url\":\"https:\\\/\\\/secure.gravatar.com\\\/avatar\\\/37d968a2e67a6fd04c169c4bdef102d0bc5d31b2546345219e348575eb80e9a0?s=96&d=mm&r=g\",\"contentUrl\":\"https:\\\/\\\/secure.gravatar.com\\\/avatar\\\/37d968a2e67a6fd04c169c4bdef102d0bc5d31b2546345219e348575eb80e9a0?s=96&d=mm&r=g\",\"caption\":\"redazione\"},\"sameAs\":[\"http:\\\/\\\/www.bellunopress.it\",\"https:\\\/\\\/x.com\\\/bellunopress\"],\"url\":\"https:\\\/\\\/www.bellunopress.it\\\/fr\\\/author\\\/redazione\\\/\"}]}<\/script>\n<!-- \/ Yoast SEO plugin. -->","yoast_head_json":{"title":"Case popolari. Aperto il bando al Comune di Feltre. Domande entro il 3 dicembre. Isee inferiore ai 20mila euro - Bellunopress - Dolomiti","robots":{"index":"index","follow":"follow","max-snippet":"max-snippet:-1","max-image-preview":"max-image-preview:large","max-video-preview":"max-video-preview:-1"},"canonical":"https:\/\/www.bellunopress.it\/fr\/2019\/11\/06\/case-popolari-aperto-il-bando-al-comune-di-feltre-domande-entro-il-3-dicembre-isee-inferiore-ai-20mila-euro\/","og_locale":"fr_FR","og_type":"article","og_title":"Case popolari. Aperto il bando al Comune di Feltre. Domande entro il 3 dicembre. Isee inferiore ai 20mila euro - Bellunopress - Dolomiti","og_description":"E\u2019 aperto il bando di accesso alle case popolari per il solo ambito specifico del Comune di Feltre con la possibilit\u00e0 di presentare domanda dal 04.11.2019 alle ore 12.00 del 03.12.2019. Si ricorda che \u00e8 necessario avere il documento di identit\u00e0 in corso di validit\u00e0; nel caso di permesso di soggiorno di lungo periodo i [&hellip;]","og_url":"https:\/\/www.bellunopress.it\/fr\/2019\/11\/06\/case-popolari-aperto-il-bando-al-comune-di-feltre-domande-entro-il-3-dicembre-isee-inferiore-ai-20mila-euro\/","og_site_name":"Bellunopress - Dolomiti","article_publisher":"https:\/\/www.facebook.com\/profile.php?id=100008943462799","article_published_time":"2019-11-06T10:47:51+00:00","og_image":[{"url":"http:\/\/www.bellunopress.it\/wp-content\/uploads\/2010\/10\/feltre.jpg","type":"","width":"","height":""}],"author":"redazione","twitter_card":"summary_large_image","twitter_creator":"@bellunopress","twitter_site":"@bellunopress","twitter_misc":{"Written by":"redazione","Est. reading time":"2 minutes"},"schema":{"@context":"https:\/\/schema.org","@graph":[{"@type":"Article","@id":"https:\/\/www.bellunopress.it\/2019\/11\/06\/case-popolari-aperto-il-bando-al-comune-di-feltre-domande-entro-il-3-dicembre-isee-inferiore-ai-20mila-euro\/#article","isPartOf":{"@id":"https:\/\/www.bellunopress.it\/2019\/11\/06\/case-popolari-aperto-il-bando-al-comune-di-feltre-domande-entro-il-3-dicembre-isee-inferiore-ai-20mila-euro\/"},"author":{"name":"redazione","@id":"https:\/\/www.bellunopress.it\/#\/schema\/person\/79bb06722b37ece1c03d3e94beb30d73"},"headline":"Case popolari. Aperto il bando al Comune di Feltre. Domande entro il 3 dicembre. Isee inferiore ai 20mila euro","datePublished":"2019-11-06T10:47:51+00:00","mainEntityOfPage":{"@id":"https:\/\/www.bellunopress.it\/2019\/11\/06\/case-popolari-aperto-il-bando-al-comune-di-feltre-domande-entro-il-3-dicembre-isee-inferiore-ai-20mila-euro\/"},"wordCount":326,"publisher":{"@id":"https:\/\/www.bellunopress.it\/#organization"},"image":{"@id":"https:\/\/www.bellunopress.it\/2019\/11\/06\/case-popolari-aperto-il-bando-al-comune-di-feltre-domande-entro-il-3-dicembre-isee-inferiore-ai-20mila-euro\/#primaryimage"},"thumbnailUrl":"http:\/\/www.bellunopress.it\/wp-content\/uploads\/2010\/10\/feltre.jpg","articleSection":["Prima Pagina","Societ\u00e0, Associazioni, Istituzioni"],"inLanguage":"fr-FR"},{"@type":"WebPage","@id":"https:\/\/www.bellunopress.it\/2019\/11\/06\/case-popolari-aperto-il-bando-al-comune-di-feltre-domande-entro-il-3-dicembre-isee-inferiore-ai-20mila-euro\/","url":"https:\/\/www.bellunopress.it\/2019\/11\/06\/case-popolari-aperto-il-bando-al-comune-di-feltre-domande-entro-il-3-dicembre-isee-inferiore-ai-20mila-euro\/","name":"Case popolari. Aperto il bando al Comune di Feltre. Domande entro il 3 dicembre. Isee inferiore ai 20mila euro - Bellunopress - Dolomiti","isPartOf":{"@id":"https:\/\/www.bellunopress.it\/#website"},"primaryImageOfPage":{"@id":"https:\/\/www.bellunopress.it\/2019\/11\/06\/case-popolari-aperto-il-bando-al-comune-di-feltre-domande-entro-il-3-dicembre-isee-inferiore-ai-20mila-euro\/#primaryimage"},"image":{"@id":"https:\/\/www.bellunopress.it\/2019\/11\/06\/case-popolari-aperto-il-bando-al-comune-di-feltre-domande-entro-il-3-dicembre-isee-inferiore-ai-20mila-euro\/#primaryimage"},"thumbnailUrl":"http:\/\/www.bellunopress.it\/wp-content\/uploads\/2010\/10\/feltre.jpg","datePublished":"2019-11-06T10:47:51+00:00","breadcrumb":{"@id":"https:\/\/www.bellunopress.it\/2019\/11\/06\/case-popolari-aperto-il-bando-al-comune-di-feltre-domande-entro-il-3-dicembre-isee-inferiore-ai-20mila-euro\/#breadcrumb"},"inLanguage":"fr-FR","potentialAction":[{"@type":"ReadAction","target":["https:\/\/www.bellunopress.it\/2019\/11\/06\/case-popolari-aperto-il-bando-al-comune-di-feltre-domande-entro-il-3-dicembre-isee-inferiore-ai-20mila-euro\/"]}]},{"@type":"ImageObject","inLanguage":"fr-FR","@id":"https:\/\/www.bellunopress.it\/2019\/11\/06\/case-popolari-aperto-il-bando-al-comune-di-feltre-domande-entro-il-3-dicembre-isee-inferiore-ai-20mila-euro\/#primaryimage","url":"http:\/\/www.bellunopress.it\/wp-content\/uploads\/2010\/10\/feltre.jpg","contentUrl":"http:\/\/www.bellunopress.it\/wp-content\/uploads\/2010\/10\/feltre.jpg"},{"@type":"BreadcrumbList","@id":"https:\/\/www.bellunopress.it\/2019\/11\/06\/case-popolari-aperto-il-bando-al-comune-di-feltre-domande-entro-il-3-dicembre-isee-inferiore-ai-20mila-euro\/#breadcrumb","itemListElement":[{"@type":"ListItem","position":1,"name":"Home","item":"https:\/\/www.bellunopress.it\/"},{"@type":"ListItem","position":2,"name":"Case popolari. Aperto il bando al Comune di Feltre. Domande entro il 3 dicembre. Isee inferiore ai 20mila euro"}]},{"@type":"WebSite","@id":"https:\/\/www.bellunopress.it\/#website","url":"https:\/\/www.bellunopress.it\/","name":"Bellunopress - Dolomiti","description":"e-mail: redazione@bellunopress.it","publisher":{"@id":"https:\/\/www.bellunopress.it\/#organization"},"potentialAction":[{"@type":"SearchAction","target":{"@type":"EntryPoint","urlTemplate":"https:\/\/www.bellunopress.it\/?s={search_term_string}"},"query-input":{"@type":"PropertyValueSpecification","valueRequired":true,"valueName":"search_term_string"}}],"inLanguage":"fr-FR"},{"@type":"Organization","@id":"https:\/\/www.bellunopress.it\/#organization","name":"Bellunopress","url":"https:\/\/www.bellunopress.it\/","logo":{"@type":"ImageObject","inLanguage":"fr-FR","@id":"https:\/\/www.bellunopress.it\/#\/schema\/logo\/image\/","url":"https:\/\/www.bellunopress.it\/wp-content\/uploads\/2011\/05\/cropped-logo-bellunopress-.jpg","contentUrl":"https:\/\/www.bellunopress.it\/wp-content\/uploads\/2011\/05\/cropped-logo-bellunopress-.jpg","width":512,"height":512,"caption":"Bellunopress"},"image":{"@id":"https:\/\/www.bellunopress.it\/#\/schema\/logo\/image\/"},"sameAs":["https:\/\/www.facebook.com\/profile.php?id=100008943462799","https:\/\/x.com\/bellunopress","https:\/\/www.linkedin.com\/hp\/?dnr=JBzUWaJfMUw8vbXJJ2tVW5-I3jZKvC4wsoxE&amp;amp;amp;amp;amp;amp;trk=nav_responsive_tab_home","https:\/\/www.youtube.com\/channel\/UCxL0wu1uN0_3_7hGG0306cw"]},{"@type":"Person","@id":"https:\/\/www.bellunopress.it\/#\/schema\/person\/79bb06722b37ece1c03d3e94beb30d73","name":"r\u00e9daction","image":{"@type":"ImageObject","inLanguage":"fr-FR","@id":"https:\/\/secure.gravatar.com\/avatar\/37d968a2e67a6fd04c169c4bdef102d0bc5d31b2546345219e348575eb80e9a0?s=96&d=mm&r=g","url":"https:\/\/secure.gravatar.com\/avatar\/37d968a2e67a6fd04c169c4bdef102d0bc5d31b2546345219e348575eb80e9a0?s=96&d=mm&r=g","contentUrl":"https:\/\/secure.gravatar.com\/avatar\/37d968a2e67a6fd04c169c4bdef102d0bc5d31b2546345219e348575eb80e9a0?s=96&d=mm&r=g","caption":"redazione"},"sameAs":["http:\/\/www.bellunopress.it","https:\/\/x.com\/bellunopress"],"url":"https:\/\/www.bellunopress.it\/fr\/author\/redazione\/"}]}},"_links":{"self":[{"href":"https:\/\/www.bellunopress.it\/fr\/wp-json\/wp\/v2\/posts\/109359","targetHints":{"allow":["GET"]}}],"collection":[{"href":"https:\/\/www.bellunopress.it\/fr\/wp-json\/wp\/v2\/posts"}],"about":[{"href":"https:\/\/www.bellunopress.it\/fr\/wp-json\/wp\/v2\/types\/post"}],"author":[{"embeddable":true,"href":"https:\/\/www.bellunopress.it\/fr\/wp-json\/wp\/v2\/users\/2"}],"replies":[{"embeddable":true,"href":"https:\/\/www.bellunopress.it\/fr\/wp-json\/wp\/v2\/comments?post=109359"}],"version-history":[{"count":1,"href":"https:\/\/www.bellunopress.it\/fr\/wp-json\/wp\/v2\/posts\/109359\/revisions"}],"predecessor-version":[{"id":109360,"href":"https:\/\/www.bellunopress.it\/fr\/wp-json\/wp\/v2\/posts\/109359\/revisions\/109360"}],"wp:attachment":[{"href":"https:\/\/www.bellunopress.it\/fr\/wp-json\/wp\/v2\/media?parent=109359"}],"wp:term":[{"taxonomy":"category","embeddable":true,"href":"https:\/\/www.bellunopress.it\/fr\/wp-json\/wp\/v2\/categories?post=109359"},{"taxonomy":"post_tag","embeddable":true,"href":"https:\/\/www.bellunopress.it\/fr\/wp-json\/wp\/v2\/tags?post=109359"}],"curies":[{"name":"wp","href":"https:\/\/api.w.org\/{rel}","templated":true}]}}