{"id":109340,"date":"2019-11-05T12:01:50","date_gmt":"2019-11-05T11:01:50","guid":{"rendered":"http:\/\/www.bellunopress.it\/?p=109340"},"modified":"2019-11-05T12:01:50","modified_gmt":"2019-11-05T11:01:50","slug":"una-borsa-di-studio-in-memoria-di-daniele-ferro-rivolta-agli-studenti-feltrini-iscritti-alla-facolta-di-ingegneria","status":"publish","type":"post","link":"https:\/\/www.bellunopress.it\/fr\/2019\/11\/05\/una-borsa-di-studio-in-memoria-di-daniele-ferro-rivolta-agli-studenti-feltrini-iscritti-alla-facolta-di-ingegneria\/","title":{"rendered":"Una borsa di studio in memoria di Daniele Ferro rivolta agli studenti feltrini iscritti alla Facolt\u00e0 di ingegneria"},"content":{"rendered":"<p>La Borsa di Studio \u201cDaniele Ferro\u201d rappresenta un\u2019iniziativa ideata e realizzata congiuntamente dalla famiglia Ferro e dall\u2019associazione Famiglia Feltrina, per ricordare il giovane prematuramente e tragicamente scomparso nel 2006.<\/p>\n<p><a href=\"http:\/\/www.bellunopress.it\/fr\/2012\/12\/01\/dalla-banca-prealpi-tre-borse-di-studio-a-studenti-bellunesi\/laurea\/\" rel=\"attachment wp-att-44378\"><img loading=\"lazy\" decoding=\"async\" class=\"alignleft size-full wp-image-44378\" src=\"http:\/\/www.bellunopress.it\/wp-content\/uploads\/2012\/12\/laurea.jpg\" alt=\"\" width=\"141\" height=\"152\" \/><\/a>Daniele Ferro, Ingegnere Gestionale, gi\u00e0 studente dell\u2019Universit\u00e0 di Padova, si fece apprezzare universalmente sia per le proprie doti umane che per il brillante percorso accademico.<br \/>\nLa Borsa di Studio mira a far memoria dell\u2019esperienza e della testimonianza di Daniele ed \u00e8 rivolta a studenti feltrini, iscritti ad un corso di laurea in ingegneria e particolarmente meritevoli, allo scopo di favorire e sostenere economicamente lo svolgimento di esperienze di studio all&#8217;estero.<br \/>\nLa maggior parte degli studenti del nostro territorio gravita sulle universit\u00e0 di Padova, Trento e Udine; a questi atenei sar\u00e0 anche circoscritta la borsa di studio.<\/p>\n<p>Il bando \u00e8 stato messo a punto da un gruppo di lavoro guidato dal professor Carlo Barbante, docente all\u2019Universit\u00e0 Ca\u2019 Foscari di Venezia e vicepresidente di Famiglia Feltrina, d\u2019intesa con la famiglia Ferro.<br \/>\nL\u2019importo dell\u2019assegno erogato sar\u00e0 pari a 1.500 euro.<br \/>\nLa domanda di partecipazione al concorso dovr\u00e0 essere compilata ed inviata, entro e non oltre il 20 dicembre 2019, in formato pdf, tramite posta certificata all\u2019indirizzo della Famiglia Feltrina, famiglia.feltrina@pec.it.<\/p>\n<p>\u201cRingrazio la famiglia del nostro socio, e membro del consiglio direttivo, Battista Ferro, che ha voluto onorare la memoria del loro congiunto con un\u2019iniziativa cos\u00ec lodevole e importante per la formazione dei nostri giovani. Idealmente vuole essere un accompagnamento della comunit\u00e0 feltrina al loro impegno di ricerca e di studio\u201d commenta il presidente del sodalizio Enrico Gaz.<\/p>\n<p>Il testo completo del bando \u00e8 reperibile anche sul sito internet di Famiglia Feltrina, www.famigliafeltrina.it.<\/p>","protected":false},"excerpt":{"rendered":"<p>La Borsa di Studio \u201cDaniele Ferro\u201d rappresenta un\u2019iniziativa ideata e realizzata congiuntamente dalla famiglia Ferro e dall\u2019associazione Famiglia Feltrina, per ricordare il giovane prematuramente e tragicamente scomparso nel 2006. Daniele Ferro, Ingegnere Gestionale, gi\u00e0 studente dell\u2019Universit\u00e0 di Padova, si fece apprezzare universalmente sia per le proprie doti umane che per il brillante percorso accademico. La [&hellip;]<\/p>\n","protected":false},"author":2,"featured_media":0,"comment_status":"closed","ping_status":"open","sticky":false,"template":"","format":"standard","meta":{"footnotes":""},"categories":[26,15],"tags":[],"class_list":["post-109340","post","type-post","status-publish","format-standard","category-prima-pagina","category-scuola"],"yoast_head":"<!-- This site is optimized with the Yoast SEO plugin v28.4 - https:\/\/yoast.com\/product\/yoast-seo-wordpress\/ -->\n<title>Una borsa di studio in memoria di Daniele Ferro rivolta agli studenti feltrini iscritti alla Facolt\u00e0 di ingegneria - Bellunopress - Dolomiti<\/title>\n<meta name=\"robots\" content=\"index, follow, max-snippet:-1, max-image-preview:large, max-video-preview:-1\" \/>\n<link rel=\"canonical\" href=\"https:\/\/www.bellunopress.it\/fr\/2019\/11\/05\/una-borsa-di-studio-in-memoria-di-daniele-ferro-rivolta-agli-studenti-feltrini-iscritti-alla-facolta-di-ingegneria\/\" \/>\n<meta property=\"og:locale\" content=\"fr_FR\" \/>\n<meta property=\"og:type\" content=\"article\" \/>\n<meta property=\"og:title\" content=\"Una borsa di studio in memoria di Daniele Ferro rivolta agli studenti feltrini iscritti alla Facolt\u00e0 di ingegneria - Bellunopress - Dolomiti\" \/>\n<meta property=\"og:description\" content=\"La Borsa di Studio \u201cDaniele Ferro\u201d rappresenta un\u2019iniziativa ideata e realizzata congiuntamente dalla famiglia Ferro e dall\u2019associazione Famiglia Feltrina, per ricordare il giovane prematuramente e tragicamente scomparso nel 2006. Daniele Ferro, Ingegnere Gestionale, gi\u00e0 studente dell\u2019Universit\u00e0 di Padova, si fece apprezzare universalmente sia per le proprie doti umane che per il brillante percorso accademico. La [&hellip;]\" \/>\n<meta property=\"og:url\" content=\"https:\/\/www.bellunopress.it\/fr\/2019\/11\/05\/una-borsa-di-studio-in-memoria-di-daniele-ferro-rivolta-agli-studenti-feltrini-iscritti-alla-facolta-di-ingegneria\/\" \/>\n<meta property=\"og:site_name\" content=\"Bellunopress - Dolomiti\" \/>\n<meta property=\"article:publisher\" content=\"https:\/\/www.facebook.com\/profile.php?id=100008943462799\" \/>\n<meta property=\"article:published_time\" content=\"2019-11-05T11:01:50+00:00\" \/>\n<meta property=\"og:image\" content=\"http:\/\/www.bellunopress.it\/wp-content\/uploads\/2012\/12\/laurea.jpg\" \/>\n<meta name=\"author\" content=\"redazione\" \/>\n<meta name=\"twitter:card\" content=\"summary_large_image\" \/>\n<meta name=\"twitter:creator\" content=\"@bellunopress\" \/>\n<meta name=\"twitter:site\" content=\"@bellunopress\" \/>\n<meta name=\"twitter:label1\" content=\"\u00c9crit par\" \/>\n\t<meta name=\"twitter:data1\" content=\"redazione\" \/>\n\t<meta name=\"twitter:label2\" content=\"Dur\u00e9e de lecture estim\u00e9e\" \/>\n\t<meta name=\"twitter:data2\" content=\"1 minute\" \/>\n<script type=\"application\/ld+json\" class=\"yoast-schema-graph\">{\"@context\":\"https:\\\/\\\/schema.org\",\"@graph\":[{\"@type\":\"Article\",\"@id\":\"https:\\\/\\\/www.bellunopress.it\\\/2019\\\/11\\\/05\\\/una-borsa-di-studio-in-memoria-di-daniele-ferro-rivolta-agli-studenti-feltrini-iscritti-alla-facolta-di-ingegneria\\\/#article\",\"isPartOf\":{\"@id\":\"https:\\\/\\\/www.bellunopress.it\\\/2019\\\/11\\\/05\\\/una-borsa-di-studio-in-memoria-di-daniele-ferro-rivolta-agli-studenti-feltrini-iscritti-alla-facolta-di-ingegneria\\\/\"},\"author\":{\"name\":\"redazione\",\"@id\":\"https:\\\/\\\/www.bellunopress.it\\\/#\\\/schema\\\/person\\\/79bb06722b37ece1c03d3e94beb30d73\"},\"headline\":\"Una borsa di studio in memoria di Daniele Ferro rivolta agli studenti feltrini iscritti alla Facolt\u00e0 di ingegneria\",\"datePublished\":\"2019-11-05T11:01:50+00:00\",\"mainEntityOfPage\":{\"@id\":\"https:\\\/\\\/www.bellunopress.it\\\/2019\\\/11\\\/05\\\/una-borsa-di-studio-in-memoria-di-daniele-ferro-rivolta-agli-studenti-feltrini-iscritti-alla-facolta-di-ingegneria\\\/\"},\"wordCount\":295,\"publisher\":{\"@id\":\"https:\\\/\\\/www.bellunopress.it\\\/#organization\"},\"image\":{\"@id\":\"https:\\\/\\\/www.bellunopress.it\\\/2019\\\/11\\\/05\\\/una-borsa-di-studio-in-memoria-di-daniele-ferro-rivolta-agli-studenti-feltrini-iscritti-alla-facolta-di-ingegneria\\\/#primaryimage\"},\"thumbnailUrl\":\"http:\\\/\\\/www.bellunopress.it\\\/wp-content\\\/uploads\\\/2012\\\/12\\\/laurea.jpg\",\"articleSection\":[\"Prima Pagina\",\"Scuola\"],\"inLanguage\":\"fr-FR\"},{\"@type\":\"WebPage\",\"@id\":\"https:\\\/\\\/www.bellunopress.it\\\/2019\\\/11\\\/05\\\/una-borsa-di-studio-in-memoria-di-daniele-ferro-rivolta-agli-studenti-feltrini-iscritti-alla-facolta-di-ingegneria\\\/\",\"url\":\"https:\\\/\\\/www.bellunopress.it\\\/2019\\\/11\\\/05\\\/una-borsa-di-studio-in-memoria-di-daniele-ferro-rivolta-agli-studenti-feltrini-iscritti-alla-facolta-di-ingegneria\\\/\",\"name\":\"Una borsa di studio in memoria di Daniele Ferro rivolta agli studenti feltrini iscritti alla Facolt\u00e0 di ingegneria - Bellunopress - Dolomiti\",\"isPartOf\":{\"@id\":\"https:\\\/\\\/www.bellunopress.it\\\/#website\"},\"primaryImageOfPage\":{\"@id\":\"https:\\\/\\\/www.bellunopress.it\\\/2019\\\/11\\\/05\\\/una-borsa-di-studio-in-memoria-di-daniele-ferro-rivolta-agli-studenti-feltrini-iscritti-alla-facolta-di-ingegneria\\\/#primaryimage\"},\"image\":{\"@id\":\"https:\\\/\\\/www.bellunopress.it\\\/2019\\\/11\\\/05\\\/una-borsa-di-studio-in-memoria-di-daniele-ferro-rivolta-agli-studenti-feltrini-iscritti-alla-facolta-di-ingegneria\\\/#primaryimage\"},\"thumbnailUrl\":\"http:\\\/\\\/www.bellunopress.it\\\/wp-content\\\/uploads\\\/2012\\\/12\\\/laurea.jpg\",\"datePublished\":\"2019-11-05T11:01:50+00:00\",\"breadcrumb\":{\"@id\":\"https:\\\/\\\/www.bellunopress.it\\\/2019\\\/11\\\/05\\\/una-borsa-di-studio-in-memoria-di-daniele-ferro-rivolta-agli-studenti-feltrini-iscritti-alla-facolta-di-ingegneria\\\/#breadcrumb\"},\"inLanguage\":\"fr-FR\",\"potentialAction\":[{\"@type\":\"ReadAction\",\"target\":[\"https:\\\/\\\/www.bellunopress.it\\\/2019\\\/11\\\/05\\\/una-borsa-di-studio-in-memoria-di-daniele-ferro-rivolta-agli-studenti-feltrini-iscritti-alla-facolta-di-ingegneria\\\/\"]}]},{\"@type\":\"ImageObject\",\"inLanguage\":\"fr-FR\",\"@id\":\"https:\\\/\\\/www.bellunopress.it\\\/2019\\\/11\\\/05\\\/una-borsa-di-studio-in-memoria-di-daniele-ferro-rivolta-agli-studenti-feltrini-iscritti-alla-facolta-di-ingegneria\\\/#primaryimage\",\"url\":\"http:\\\/\\\/www.bellunopress.it\\\/wp-content\\\/uploads\\\/2012\\\/12\\\/laurea.jpg\",\"contentUrl\":\"http:\\\/\\\/www.bellunopress.it\\\/wp-content\\\/uploads\\\/2012\\\/12\\\/laurea.jpg\"},{\"@type\":\"BreadcrumbList\",\"@id\":\"https:\\\/\\\/www.bellunopress.it\\\/2019\\\/11\\\/05\\\/una-borsa-di-studio-in-memoria-di-daniele-ferro-rivolta-agli-studenti-feltrini-iscritti-alla-facolta-di-ingegneria\\\/#breadcrumb\",\"itemListElement\":[{\"@type\":\"ListItem\",\"position\":1,\"name\":\"Home\",\"item\":\"https:\\\/\\\/www.bellunopress.it\\\/\"},{\"@type\":\"ListItem\",\"position\":2,\"name\":\"Una borsa di studio in memoria di Daniele Ferro rivolta agli studenti feltrini iscritti alla Facolt\u00e0 di ingegneria\"}]},{\"@type\":\"WebSite\",\"@id\":\"https:\\\/\\\/www.bellunopress.it\\\/#website\",\"url\":\"https:\\\/\\\/www.bellunopress.it\\\/\",\"name\":\"Bellunopress - Dolomiti\",\"description\":\"e-mail: redazione@bellunopress.it\",\"publisher\":{\"@id\":\"https:\\\/\\\/www.bellunopress.it\\\/#organization\"},\"potentialAction\":[{\"@type\":\"SearchAction\",\"target\":{\"@type\":\"EntryPoint\",\"urlTemplate\":\"https:\\\/\\\/www.bellunopress.it\\\/?s={search_term_string}\"},\"query-input\":{\"@type\":\"PropertyValueSpecification\",\"valueRequired\":true,\"valueName\":\"search_term_string\"}}],\"inLanguage\":\"fr-FR\"},{\"@type\":\"Organization\",\"@id\":\"https:\\\/\\\/www.bellunopress.it\\\/#organization\",\"name\":\"Bellunopress\",\"url\":\"https:\\\/\\\/www.bellunopress.it\\\/\",\"logo\":{\"@type\":\"ImageObject\",\"inLanguage\":\"fr-FR\",\"@id\":\"https:\\\/\\\/www.bellunopress.it\\\/#\\\/schema\\\/logo\\\/image\\\/\",\"url\":\"https:\\\/\\\/www.bellunopress.it\\\/wp-content\\\/uploads\\\/2011\\\/05\\\/cropped-logo-bellunopress-.jpg\",\"contentUrl\":\"https:\\\/\\\/www.bellunopress.it\\\/wp-content\\\/uploads\\\/2011\\\/05\\\/cropped-logo-bellunopress-.jpg\",\"width\":512,\"height\":512,\"caption\":\"Bellunopress\"},\"image\":{\"@id\":\"https:\\\/\\\/www.bellunopress.it\\\/#\\\/schema\\\/logo\\\/image\\\/\"},\"sameAs\":[\"https:\\\/\\\/www.facebook.com\\\/profile.php?id=100008943462799\",\"https:\\\/\\\/x.com\\\/bellunopress\",\"https:\\\/\\\/www.linkedin.com\\\/hp\\\/?dnr=JBzUWaJfMUw8vbXJJ2tVW5-I3jZKvC4wsoxE&amp;amp;amp;amp;amp;amp;trk=nav_responsive_tab_home\",\"https:\\\/\\\/www.youtube.com\\\/channel\\\/UCxL0wu1uN0_3_7hGG0306cw\"]},{\"@type\":\"Person\",\"@id\":\"https:\\\/\\\/www.bellunopress.it\\\/#\\\/schema\\\/person\\\/79bb06722b37ece1c03d3e94beb30d73\",\"name\":\"redazione\",\"image\":{\"@type\":\"ImageObject\",\"inLanguage\":\"fr-FR\",\"@id\":\"https:\\\/\\\/secure.gravatar.com\\\/avatar\\\/37d968a2e67a6fd04c169c4bdef102d0bc5d31b2546345219e348575eb80e9a0?s=96&d=mm&r=g\",\"url\":\"https:\\\/\\\/secure.gravatar.com\\\/avatar\\\/37d968a2e67a6fd04c169c4bdef102d0bc5d31b2546345219e348575eb80e9a0?s=96&d=mm&r=g\",\"contentUrl\":\"https:\\\/\\\/secure.gravatar.com\\\/avatar\\\/37d968a2e67a6fd04c169c4bdef102d0bc5d31b2546345219e348575eb80e9a0?s=96&d=mm&r=g\",\"caption\":\"redazione\"},\"sameAs\":[\"http:\\\/\\\/www.bellunopress.it\",\"https:\\\/\\\/x.com\\\/bellunopress\"],\"url\":\"https:\\\/\\\/www.bellunopress.it\\\/fr\\\/author\\\/redazione\\\/\"}]}<\/script>\n<!-- \/ Yoast SEO plugin. -->","yoast_head_json":{"title":"Una borsa di studio in memoria di Daniele Ferro rivolta agli studenti feltrini iscritti alla Facolt\u00e0 di ingegneria - Bellunopress - Dolomiti","robots":{"index":"index","follow":"follow","max-snippet":"max-snippet:-1","max-image-preview":"max-image-preview:large","max-video-preview":"max-video-preview:-1"},"canonical":"https:\/\/www.bellunopress.it\/fr\/2019\/11\/05\/una-borsa-di-studio-in-memoria-di-daniele-ferro-rivolta-agli-studenti-feltrini-iscritti-alla-facolta-di-ingegneria\/","og_locale":"fr_FR","og_type":"article","og_title":"Una borsa di studio in memoria di Daniele Ferro rivolta agli studenti feltrini iscritti alla Facolt\u00e0 di ingegneria - Bellunopress - Dolomiti","og_description":"La Borsa di Studio \u201cDaniele Ferro\u201d rappresenta un\u2019iniziativa ideata e realizzata congiuntamente dalla famiglia Ferro e dall\u2019associazione Famiglia Feltrina, per ricordare il giovane prematuramente e tragicamente scomparso nel 2006. Daniele Ferro, Ingegnere Gestionale, gi\u00e0 studente dell\u2019Universit\u00e0 di Padova, si fece apprezzare universalmente sia per le proprie doti umane che per il brillante percorso accademico. La [&hellip;]","og_url":"https:\/\/www.bellunopress.it\/fr\/2019\/11\/05\/una-borsa-di-studio-in-memoria-di-daniele-ferro-rivolta-agli-studenti-feltrini-iscritti-alla-facolta-di-ingegneria\/","og_site_name":"Bellunopress - Dolomiti","article_publisher":"https:\/\/www.facebook.com\/profile.php?id=100008943462799","article_published_time":"2019-11-05T11:01:50+00:00","og_image":[{"url":"http:\/\/www.bellunopress.it\/wp-content\/uploads\/2012\/12\/laurea.jpg","type":"","width":"","height":""}],"author":"redazione","twitter_card":"summary_large_image","twitter_creator":"@bellunopress","twitter_site":"@bellunopress","twitter_misc":{"\u00c9crit par":"redazione","Dur\u00e9e de lecture estim\u00e9e":"1 minute"},"schema":{"@context":"https:\/\/schema.org","@graph":[{"@type":"Article","@id":"https:\/\/www.bellunopress.it\/2019\/11\/05\/una-borsa-di-studio-in-memoria-di-daniele-ferro-rivolta-agli-studenti-feltrini-iscritti-alla-facolta-di-ingegneria\/#article","isPartOf":{"@id":"https:\/\/www.bellunopress.it\/2019\/11\/05\/una-borsa-di-studio-in-memoria-di-daniele-ferro-rivolta-agli-studenti-feltrini-iscritti-alla-facolta-di-ingegneria\/"},"author":{"name":"redazione","@id":"https:\/\/www.bellunopress.it\/#\/schema\/person\/79bb06722b37ece1c03d3e94beb30d73"},"headline":"Una borsa di studio in memoria di Daniele Ferro rivolta agli studenti feltrini iscritti alla Facolt\u00e0 di ingegneria","datePublished":"2019-11-05T11:01:50+00:00","mainEntityOfPage":{"@id":"https:\/\/www.bellunopress.it\/2019\/11\/05\/una-borsa-di-studio-in-memoria-di-daniele-ferro-rivolta-agli-studenti-feltrini-iscritti-alla-facolta-di-ingegneria\/"},"wordCount":295,"publisher":{"@id":"https:\/\/www.bellunopress.it\/#organization"},"image":{"@id":"https:\/\/www.bellunopress.it\/2019\/11\/05\/una-borsa-di-studio-in-memoria-di-daniele-ferro-rivolta-agli-studenti-feltrini-iscritti-alla-facolta-di-ingegneria\/#primaryimage"},"thumbnailUrl":"http:\/\/www.bellunopress.it\/wp-content\/uploads\/2012\/12\/laurea.jpg","articleSection":["Prima Pagina","Scuola"],"inLanguage":"fr-FR"},{"@type":"WebPage","@id":"https:\/\/www.bellunopress.it\/2019\/11\/05\/una-borsa-di-studio-in-memoria-di-daniele-ferro-rivolta-agli-studenti-feltrini-iscritti-alla-facolta-di-ingegneria\/","url":"https:\/\/www.bellunopress.it\/2019\/11\/05\/una-borsa-di-studio-in-memoria-di-daniele-ferro-rivolta-agli-studenti-feltrini-iscritti-alla-facolta-di-ingegneria\/","name":"Una borsa di studio in memoria di Daniele Ferro rivolta agli studenti feltrini iscritti alla Facolt\u00e0 di ingegneria - Bellunopress - Dolomiti","isPartOf":{"@id":"https:\/\/www.bellunopress.it\/#website"},"primaryImageOfPage":{"@id":"https:\/\/www.bellunopress.it\/2019\/11\/05\/una-borsa-di-studio-in-memoria-di-daniele-ferro-rivolta-agli-studenti-feltrini-iscritti-alla-facolta-di-ingegneria\/#primaryimage"},"image":{"@id":"https:\/\/www.bellunopress.it\/2019\/11\/05\/una-borsa-di-studio-in-memoria-di-daniele-ferro-rivolta-agli-studenti-feltrini-iscritti-alla-facolta-di-ingegneria\/#primaryimage"},"thumbnailUrl":"http:\/\/www.bellunopress.it\/wp-content\/uploads\/2012\/12\/laurea.jpg","datePublished":"2019-11-05T11:01:50+00:00","breadcrumb":{"@id":"https:\/\/www.bellunopress.it\/2019\/11\/05\/una-borsa-di-studio-in-memoria-di-daniele-ferro-rivolta-agli-studenti-feltrini-iscritti-alla-facolta-di-ingegneria\/#breadcrumb"},"inLanguage":"fr-FR","potentialAction":[{"@type":"ReadAction","target":["https:\/\/www.bellunopress.it\/2019\/11\/05\/una-borsa-di-studio-in-memoria-di-daniele-ferro-rivolta-agli-studenti-feltrini-iscritti-alla-facolta-di-ingegneria\/"]}]},{"@type":"ImageObject","inLanguage":"fr-FR","@id":"https:\/\/www.bellunopress.it\/2019\/11\/05\/una-borsa-di-studio-in-memoria-di-daniele-ferro-rivolta-agli-studenti-feltrini-iscritti-alla-facolta-di-ingegneria\/#primaryimage","url":"http:\/\/www.bellunopress.it\/wp-content\/uploads\/2012\/12\/laurea.jpg","contentUrl":"http:\/\/www.bellunopress.it\/wp-content\/uploads\/2012\/12\/laurea.jpg"},{"@type":"BreadcrumbList","@id":"https:\/\/www.bellunopress.it\/2019\/11\/05\/una-borsa-di-studio-in-memoria-di-daniele-ferro-rivolta-agli-studenti-feltrini-iscritti-alla-facolta-di-ingegneria\/#breadcrumb","itemListElement":[{"@type":"ListItem","position":1,"name":"Home","item":"https:\/\/www.bellunopress.it\/"},{"@type":"ListItem","position":2,"name":"Una borsa di studio in memoria di Daniele Ferro rivolta agli studenti feltrini iscritti alla Facolt\u00e0 di ingegneria"}]},{"@type":"WebSite","@id":"https:\/\/www.bellunopress.it\/#website","url":"https:\/\/www.bellunopress.it\/","name":"Bellunopress - Dolomiti","description":"e-mail: redazione@bellunopress.it","publisher":{"@id":"https:\/\/www.bellunopress.it\/#organization"},"potentialAction":[{"@type":"SearchAction","target":{"@type":"EntryPoint","urlTemplate":"https:\/\/www.bellunopress.it\/?s={search_term_string}"},"query-input":{"@type":"PropertyValueSpecification","valueRequired":true,"valueName":"search_term_string"}}],"inLanguage":"fr-FR"},{"@type":"Organization","@id":"https:\/\/www.bellunopress.it\/#organization","name":"Bellunopress","url":"https:\/\/www.bellunopress.it\/","logo":{"@type":"ImageObject","inLanguage":"fr-FR","@id":"https:\/\/www.bellunopress.it\/#\/schema\/logo\/image\/","url":"https:\/\/www.bellunopress.it\/wp-content\/uploads\/2011\/05\/cropped-logo-bellunopress-.jpg","contentUrl":"https:\/\/www.bellunopress.it\/wp-content\/uploads\/2011\/05\/cropped-logo-bellunopress-.jpg","width":512,"height":512,"caption":"Bellunopress"},"image":{"@id":"https:\/\/www.bellunopress.it\/#\/schema\/logo\/image\/"},"sameAs":["https:\/\/www.facebook.com\/profile.php?id=100008943462799","https:\/\/x.com\/bellunopress","https:\/\/www.linkedin.com\/hp\/?dnr=JBzUWaJfMUw8vbXJJ2tVW5-I3jZKvC4wsoxE&amp;amp;amp;amp;amp;amp;trk=nav_responsive_tab_home","https:\/\/www.youtube.com\/channel\/UCxL0wu1uN0_3_7hGG0306cw"]},{"@type":"Person","@id":"https:\/\/www.bellunopress.it\/#\/schema\/person\/79bb06722b37ece1c03d3e94beb30d73","name":"r\u00e9daction","image":{"@type":"ImageObject","inLanguage":"fr-FR","@id":"https:\/\/secure.gravatar.com\/avatar\/37d968a2e67a6fd04c169c4bdef102d0bc5d31b2546345219e348575eb80e9a0?s=96&d=mm&r=g","url":"https:\/\/secure.gravatar.com\/avatar\/37d968a2e67a6fd04c169c4bdef102d0bc5d31b2546345219e348575eb80e9a0?s=96&d=mm&r=g","contentUrl":"https:\/\/secure.gravatar.com\/avatar\/37d968a2e67a6fd04c169c4bdef102d0bc5d31b2546345219e348575eb80e9a0?s=96&d=mm&r=g","caption":"redazione"},"sameAs":["http:\/\/www.bellunopress.it","https:\/\/x.com\/bellunopress"],"url":"https:\/\/www.bellunopress.it\/fr\/author\/redazione\/"}]}},"_links":{"self":[{"href":"https:\/\/www.bellunopress.it\/fr\/wp-json\/wp\/v2\/posts\/109340","targetHints":{"allow":["GET"]}}],"collection":[{"href":"https:\/\/www.bellunopress.it\/fr\/wp-json\/wp\/v2\/posts"}],"about":[{"href":"https:\/\/www.bellunopress.it\/fr\/wp-json\/wp\/v2\/types\/post"}],"author":[{"embeddable":true,"href":"https:\/\/www.bellunopress.it\/fr\/wp-json\/wp\/v2\/users\/2"}],"replies":[{"embeddable":true,"href":"https:\/\/www.bellunopress.it\/fr\/wp-json\/wp\/v2\/comments?post=109340"}],"version-history":[{"count":1,"href":"https:\/\/www.bellunopress.it\/fr\/wp-json\/wp\/v2\/posts\/109340\/revisions"}],"predecessor-version":[{"id":109341,"href":"https:\/\/www.bellunopress.it\/fr\/wp-json\/wp\/v2\/posts\/109340\/revisions\/109341"}],"wp:attachment":[{"href":"https:\/\/www.bellunopress.it\/fr\/wp-json\/wp\/v2\/media?parent=109340"}],"wp:term":[{"taxonomy":"category","embeddable":true,"href":"https:\/\/www.bellunopress.it\/fr\/wp-json\/wp\/v2\/categories?post=109340"},{"taxonomy":"post_tag","embeddable":true,"href":"https:\/\/www.bellunopress.it\/fr\/wp-json\/wp\/v2\/tags?post=109340"}],"curies":[{"name":"wp","href":"https:\/\/api.w.org\/{rel}","templated":true}]}}