{"id":109334,"date":"2019-11-05T09:27:23","date_gmt":"2019-11-05T08:27:23","guid":{"rendered":"http:\/\/www.bellunopress.it\/?p=109334"},"modified":"2019-11-05T10:51:33","modified_gmt":"2019-11-05T09:51:33","slug":"memoria-e-presente-dal-primo-conflitto-ai-giorni-nostri-le-imprese-che-hanno-fatto-la-storia-villa-giusti-padova","status":"publish","type":"post","link":"https:\/\/www.bellunopress.it\/fr\/2019\/11\/05\/memoria-e-presente-dal-primo-conflitto-ai-giorni-nostri-le-imprese-che-hanno-fatto-la-storia-villa-giusti-padova\/","title":{"rendered":"\u201cMemoria e Presente\u201d, dal primo conflitto ai giorni nostri: le imprese che hanno fatto la storia Villa Giusti &#8211; Padova"},"content":{"rendered":"<figure id=\"attachment_109335\" aria-describedby=\"caption-attachment-109335\" style=\"width: 253px\" class=\"wp-caption alignleft\"><a href=\"http:\/\/www.bellunopress.it\/fr\/2019\/11\/05\/memoria-e-presente-dal-primo-conflitto-ai-giorni-nostri-le-imprese-che-hanno-fatto-la-storia-villa-giusti-padova\/villa-giusti-padova\/\" rel=\"attachment wp-att-109335\"><img loading=\"lazy\" decoding=\"async\" class=\"size-full wp-image-109335\" src=\"http:\/\/www.bellunopress.it\/wp-content\/uploads\/2019\/11\/Villa-Giusti-Padova.jpg\" alt=\"\" width=\"253\" height=\"182\" \/><\/a><figcaption id=\"caption-attachment-109335\" class=\"wp-caption-text\">Villa Giusti &#8211; Padova<\/figcaption><\/figure>\n<p>Sette aziende centenarie del Veneto sono state premiate luned\u00ec 4 novembre, a Villa Giusti di Padova, sede dello storico armistizio del 3 novembre 1918. L&#8217;iniziativa \u00e8 dell&#8217;Unioncamere del Veneto e Camera di Commercio di Padova. Per la provincia di Belluno, \u00e8 stata premiata la Piave Maitex srl di Feltre .<\/p>\n<p>Le Camere di Commercio venete, attraverso la loro Unione, a conclusione del centenario dell\u2019Armistizio della Grande Guerra, hanno organizzato un evento denominato \u201cMemoria e Presente\u201d per premiare sette aziende, una per ogni provincia del Veneto, attive durante la Grande Guerra e fino ai giorni nostri.<br \/>\nLo scopo della premiazione \u00e8 quello di ricordare anche il sacrificio della ricostruzione post-bellica visto dal lato delle imprese ed il contributo che gli imprenditori veneti hanno dato durante la guerra e negli anni immediatamente successivi.<br \/>\nIl sistema camerale regionale, attraverso questo premio, vuole onorare la professionalit\u00e0 e la competenza delle aziende che con la loro tenacia, il loro impegno e la loro dedizione sono sopravvissute a due guerre mondiali e si sono trasformate modificando il loro business fino ai giorni nostri con continuit\u00e0 o anche convertendo e cambiando radicalmente produzione.<\/p>\n<p><strong>Ecco l&#8217;elenco delle aziende premiate<\/strong><\/p>\n<p>PIAVE MAITEX Srl \u2013 Feltre (BL)<br \/>\nDal 1908, anno della fondazione, attraverso due guerre mondiali e la successiva<br \/>\nricostruzione industriale, fino alla sfida tecnologica dei nostri giorni, dal telaio di<br \/>\nlegno all\u2019elettronica pi\u00f9 sofisticata, ha maturato una tradizione nel campo dei<br \/>\ntessuti elastici che rappresenta oggi un patrimonio inestimabile di cultura tessile,<br \/>\nche ogni giorno \u00e8 a disposizione dei clienti.<br \/>\nNata come Fabbrica Ricami a Macchina Feltre, fin dai primi anni di vita \u00e8 iniziata<br \/>\nla produzione di tessuti elastici, nastri, balze e bendaggi, pizzi e ricami, preziose<br \/>\nopere costruite con poveri mezzi ma con tanta passione, che ancora oggi sono<br \/>\nammirabili nei campionari antichi, che ha voluto restaurare perch\u00e9 esprimono un<br \/>\npatrimonio inestimabile di cultura tessile.<br \/>\nL\u2019essere oggi tra i principali produttori europei di tessuti elastici, in costante<br \/>\nespansione produttiva e di mercato, \u00e8 anche un omaggio all\u2019inventiva ed<br \/>\nall\u2019ingegnosit\u00e0 dei padri fondatori, nel segno di una tradizione di cui l\u2019azienda \u00e8<br \/>\norgogliosi.<br \/>\nPresenti in Italia con tre stabilimenti, due per la produzione e uno per la<br \/>\nnobilitazione del tessuto, rispetta in maniera esemplare, le richieste del settore<br \/>\ntessile, con qualit\u00e0 e innovazione. Presente a livello mondiale l\u2019azienda \u00e8 attenta a<br \/>\ncogliere e a interpretare ogni esigenza emergente dal mercato.<br \/>\nLa produzione rivolta al mercato dei tessuti elastici, tessuti da intimo e tessuti<br \/>\nsportivi, si \u00e8 arricchita fino a coprire tutti i settori a livello industriale dove la qualit\u00e0<br \/>\n\u00e8 una caratteristica di rilievo.<br \/>\nL\u2019azienda \u00e8 in grado, inoltre, di effettuare controlli visivi e chimici sulle merci<br \/>\ntramite laboratori interni attrezzati per le caratteristiche dinamometriche, solidit\u00e0,<br \/>\nstabilit\u00e0 dimensionali e letture spetro-fotometriche.<br \/>\nPremia il Presidente Unioncamere del Veneto e Camera di Commercio di<br \/>\nTreviso Belluno Mario Pozza<br \/>\nRitira il premio il Presidente Luca Barbini<\/p>\n<p>MUNARI F.lli S.p.a. &#8211; Fontaniva (PD)<br \/>\nImpresa fondata nel 1739 da fratelli Antonio, Francesco e Girolamo Munari poi<br \/>\nproseguita da Antonio e dai suoi eredi e che prosegue fino ad oggi con la gestione<br \/>\ndell\u2019ottava e nona generazione della famiglia.<br \/>\nDurante la Prima Guerra Mondiale i figli di Antonio, Cesare e Giovanni Maria,<br \/>\nhanno combattuto al fronte (Giovanni Maria fu arruolato come ragazzo del \u201999),<br \/>\nentrambi sopravvivendo mentre il molino era gestito dalla moglie di Antonio e<br \/>\ndalle figlie (assieme ad un\u2019osteria di loro propriet\u00e0). Giovanni Maria ha lasciato<br \/>\nalcuni diari di guerra scritti su taccuini ed altri mezzi di fortuna a testimonianza<br \/>\ndella guerra vista con lo sguardo di un 17enne. I diari sono stati poi pubblicati in un<br \/>\nvolume a cura dei figli.<br \/>\nNell\u2019anno 2001 la ditta Munari F.lli Spa ha festeggiato il 250\u00b0 anniversario dell\u2019attivit\u00e0<br \/>\nmolinaria condotta ininterrottamente dalla famiglia Munari nel corso di otto<br \/>\ngenerazioni. Durante gli anni della Guerra il molino venne dato in conduzione a<br \/>\nterzi, mentre la moglie di Antonio e le figlie si dividevano tra la gestione dell\u2019osteria<br \/>\ne il mulino stesso. Alla fine della Grande Guerra Giuseppe, Cesare e Giovanni<br \/>\nripresero la conduzione del molino. Negli anni della Seconda Guerra Mondiale le<br \/>\nquantit\u00e0 di cereali macinabili erano contingentate e nel 43 all\u2019azienda non vennero<br \/>\nassegnate quote. Fu un anno molto duro. I tre fratelli vennero poi affiancati in<br \/>\nsuccessione dai figli di Giuseppe e Giovanni: rispettivamente Antonio e Emanuele,<br \/>\nLucia e Enrico. Antonio introdusse idee innovative e precorritrici dei tempi come la<br \/>\nfarina di malto, le farine tecniche termo-trattate, gli snack estrusi alla crusca e alla<br \/>\nsoia. Oggi i membri della famiglia appartenenti all\u2019ottava generazione continuano<br \/>\nad essere coinvolti direttamente nell\u2019operativit\u00e0 quotidiana dell\u2019azienda.<br \/>\nPremia il Presidente della Camera di Commercio di Padova Antonio Santocono<br \/>\nRitira il premio la Presidente Lucia Munari<\/p>\n<p>CHIARION DINO e DIEGO S.s. &#8211; Societ\u00e0 agricola del 1904 &#8211;<br \/>\nGuarda Veneta (RO)<br \/>\nErcole Mariano Chiarion inizi\u00f2 nel 1904 la conduzione in affitto del fondo agricolo<br \/>\nPalazzo Rosso a Guarda Veneta, localit\u00e0 del Polesine sulle sponde del fiume Po.<br \/>\nLa propriet\u00e0 del terreno coltivato dalla famiglia Chiarion, con un&#8217;estensione di<br \/>\ncirca 47 ettari e dotato di fabbricati storici, nel corso del secolo scorso \u00e8 passata<br \/>\nin eredit\u00e0 ai membri delle famiglie vicentine Galletto e Zannini. Con il fondatore<br \/>\niniziarono a lavorare i tre figli Angelo, Giovanni Paolo e Oreste. Tra questi fu<br \/>\nAngelo a proseguire l&#8217;attivit\u00e0 paterna dopo la sua morte nel 1936, mentre i due<br \/>\nfratelli minori proseguirono come fittavoli in altri terreni a Polesella e Borsea.<br \/>\nNei primi decenni di attivit\u00e0 la famiglia Chiarion si concentr\u00f2 sulla coltivazione<br \/>\ndi erba medica, canapa e grano; nel secondo dopoguerra accanto al grano<br \/>\nvennero introdotte le colture di mais, soia e barbabietola da zucchero. In parallelo<br \/>\nall&#8217;adeguamento delle coltivazioni alle mutevoli esigenze del mercato, la famiglia<br \/>\nChiarion procedette alla modernizzazione del proprio apparato produttivo<br \/>\ndotandosi di mezzi meccanici per la lavorazione dei campi e il trattamento dei<br \/>\nraccolti. L&#8217;allevamento di tori, vacche da latte e cavalli fu un&#8217;attivit\u00e0 collaterale<br \/>\na quella agricola fino agli anni &#8217;60, quando Angelo Chiarion e il figlio Dino si<br \/>\nspecializzarono nell&#8217;allevamento di bovini da ingrasso. L&#8217;attivit\u00e0 continu\u00f2 fino al<br \/>\n1982 sotto la guida di Angelo e da questi pass\u00f2 in eredit\u00e0 al figlio Dino, diplomatosi<br \/>\nperito agrario. Abbandonato l&#8217;allevamento nel corso degli anni ottanta, l&#8217;azienda<br \/>\n\u00e8 tornata a dedicarsi alla coltivazione di grano, mais e soia. Nel 1997 Dino e il<br \/>\nfiglio Diego hanno regolarizzato l&#8217;impresa di famiglia in forma di societ\u00e0 agricola<br \/>\nsemplice con la denominazione di Palazzo Rosso.<br \/>\nPremia il Presidente della Camera di Commercio di Venezia Rovigo Giuseppe<br \/>\nFedalto<br \/>\nRitira il premio il titolare Diego Chiarion<\/p>\n<p>VILLA SANDI S.p.a. &#8211; Crocetta del Montello (TV)<br \/>\nUna cornice luminosa, tra le verdi colline della Marca Trevigiana, accoglie Villa<br \/>\nSandi, splendido edificio di stile palladiano risalente al 1622 e oggi sede dell\u2019azienda.<br \/>\nLa Villa \u00e8 inserita fin dalle sue origini in un paesaggio fertile con campi e strutture<br \/>\nagricole, che oggi come allora rende omaggio alla storia del luogo.<br \/>\nLa famiglia Moretti Polegato, da diverse generazioni dedita alla cultura del vino<br \/>\ne proprietaria della Villa, ha rilanciato questa tradizione facendo di Villa Sandi la<br \/>\nsede di rappresentanza della cantina omonima e promuovendo su basi moderne<br \/>\nla coltura della vigna, da sempre presente nella zona.<br \/>\nAvvalendosi delle sue qualit\u00e0 di appassionato conoscitore del mondo del vino,<br \/>\ncontinua la tradizione di famiglia Giancarlo Moretti Polegato.<br \/>\nLe Tenute della Famiglia Moretti Polegato si estendono nelle pi\u00f9 rinomate<br \/>\naree DOC e DOCG tra Veneto e Friuli Venezia Giulia. Un vasto territorio e un<br \/>\ninvidiabile patrimonio naturale da cui Villa Sandi ricava le pregiate uve destinate<br \/>\nalla produzione delle sue eccellenze, frutto di una stretta armonia con la natura.<br \/>\nDal confronto, la crescita. Comune impegno per le istanze ambientali, strategie<br \/>\ncondivise per la valorizzazione del vino italiano di qualit\u00e0 nel mondo e promozione<br \/>\ndei Grandi CRU italiani sono gli obiettivi delle alleanze di cui l\u2019azienda fa parte.<br \/>\nVilla Sandi ha sempre operato nel rispetto dell\u2019ambiente, facendo attenzione<br \/>\nad ogni fase della sua filiera, dai vigneti allo scaffale. Parte dell\u2019energia elettrica<br \/>\nconsumata da Villa Sandi \u00e8 da sempre prodotta da una centrale idroelettrica<br \/>\npresente all\u2019interno del complesso aziendale. Un altro grande passo nel progetto<br \/>\naziendale per la difesa dell\u2019ambiente \u00e8 stato compiuto con l\u2019installazione di pannelli<br \/>\nsolari, in funzione dall\u2019estate del 2012.<br \/>\nVilla Sandi opera in stretta collaborazione con l\u2019Istituto Sperimentale di Viticoltura<br \/>\ndi Conegliano (Universit\u00e0 di Padova) per monitorare tutte le fasi di crescita della<br \/>\nvigna.<br \/>\nPremia il Presidente Unioncamere del Veneto e Camera di Commercio di<br \/>\nTreviso Belluno Mario Pozza<br \/>\nRitira il premio il Presidente Giancarlo Moretti Polegato<\/p>\n<p>TENDERINI MARCO &#8211; Venezia<br \/>\nNel gennaio del 1804 i fratelli Domenico, Giovanni Battista, Antonio e Dionisio<br \/>\nTenderini procedevano all&#8217;acquisto della bottega da fabbro situata al ponte del<br \/>\nSoccorso in Dorsoduro a Venezia. I quattro fratelli erano originari di Premana,<br \/>\nin Valsassina, un piccolo centro lombardo da dove provenivano molti altri fabbri,<br \/>\nbattirame, calderai e arrotini che gi\u00e0 dal 1500 avevano scelto per lavorare la<br \/>\ncapitale della Repubblica della Serenissima. Al momento dell&#8217;acquisto l&#8217;officina<br \/>\nconsisteva in una grande tettoia e un retro locale adibito a cucina con a fianco<br \/>\nuna piccola corte, con una scala di legno per salire all&#8217;unico locale del piano<br \/>\nsuperiore. Nei decenni seguenti l&#8217;attivit\u00e0 venne portata avanti dai figli e dai nipoti<br \/>\ndei fondatori. Nel 1882, come segnala la Guida commerciale di Venezia, la ditta<br \/>\nera gestita da Dionisio Tenderini, anche se in realt\u00e0 le quote societarie erano otto.<br \/>\nNei primi anni Venti, in seguito alla vendita di quote della societ\u00e0 e alle diverse<br \/>\nsuccessioni, in azienda comparivano i cugini Dionigi, Antonio, Stefano e Dionisio.<br \/>\nNel 1937 quest&#8217;ultimo cedette la sua quota a Stefano e Dionigi, i quali tra il 1948 e il<br \/>\n1949 acquistarono anche quella di Antonio. Con la scomparsa di Stefano Tenderini,<br \/>\nnel 1952, i proprietari rimasero Dionigi e Giovan Battista. L&#8217;attivit\u00e0 si era nel tempo<br \/>\nspecializzata nella produzione di tutta quella ferramenta utilizzata nel restauro<br \/>\ndi una casa: cerniere, inferriate, serrature, etc.. Nel 1965 Giovan Battista decise di<br \/>\nlasciare la bottega del Soccorso per aprire una moderna officina nella terraferma<br \/>\nveneziana. Quanto all&#8217;officina di Dorsoduro, da Dionigi pass\u00f2 prima nel 1964 al<br \/>\nfiglio Taddeo e da questi all&#8217;attuale titolare Marco, subentrato al padre nel 2000.<br \/>\nLa tipologia dei lavori svolti non \u00e8 cambiata di molto e l&#8217;impresa veneziana<br \/>\ncontinua a produrre ferramenta leggera per case, chiese, conventi, barche, oltre<br \/>\nad attrezzi per falegnami, muratori, marmisti e squerarioli. L&#8217;impresa, infine, si<br \/>\ndedica da sempre alla riparazione e al restauro dei manufatti in ferro presenti nei<br \/>\npalazzi e nei monumenti della citt\u00e0.<br \/>\nPremia il Presidente della Camera di Commercio di Venezia Rovigo Giuseppe<br \/>\nFedalto<br \/>\nRitira il premio il titolare Marco Tenderini<\/p>\n<p>DALLA BERNARDINA F.lli S.r.l. &#8211; Sommacampagna (VR)<br \/>\nLa storia di questa impresa di Sommacampagna inizi\u00f2 nel 1860 quando Valentino<br \/>\nDalla Bernardina, originario della vicina Bussolengo, avvi\u00f2 la sua bottega. All\u2019epoca<br \/>\ni lavori realizzati da questo fabbro ferraio erano destinati per lo pi\u00f9 all&#8217;agricoltura<br \/>\ne a opere in ferro, come recinzioni e cancelli. Al momento della sua scomparsa,<br \/>\navvenuta nel 1911, l&#8217;attivit\u00e0 venne proseguita dai figli No\u00e8, Giovanni e Fortunato.<br \/>\nDurante la Grande Guerra nonno No\u00e8, classe 1891, era impegnato al fronte, sul<br \/>\nmonte Pasubio, nelle battaglie che vedevano contrapposti l\u2019esercito italiano e<br \/>\nquello austro-ungarico. Le battaglie passarono alla storia per il continuo tentativo<br \/>\ndi minare da una parte e dall\u2019altra le creste delle montagne chiamate Dente<br \/>\nItaliano e Dente Austriaco, attraverso lo scavo di gallerie. Il numero delle vittime<br \/>\ndella guerra sui Denti risulta essere di centinaia e centinaia di morti.<br \/>\nAl ritorno dalla Grande Guerra, nonno No\u00e8 continu\u00f2 nell\u2019attivit\u00e0 di officina<br \/>\nmeccanica e la implement\u00f2 con un servizio di \u201cGrande Servizio di Rimessa con<br \/>\nAutomobili e Said Car\u201d. Con tale licenza accompagn\u00f2 alcuni concittadini sul monte<br \/>\nOrtigara per ricostruire una chiesetta distrutta durante la prima guerra<br \/>\nmondiale.<br \/>\nNel 1966, alla scomparsa di No\u00e8 Dalla Bernardina, il solo figlio Arturo prese in<br \/>\nmano l&#8217;impresa familiare che, a seguito della sua prematura scomparsa, nel 1982,<br \/>\ndivenne societ\u00e0 in nome collettivo con soci i due figli Gianni e Marcello, gi\u00e0 da<br \/>\nqualche anno inseriti nell&#8217;azienda. Negli anni l&#8217;impresa aggiunse alla propria attivit\u00e0<br \/>\nanche la realizzazione di aree di servizio per l\u2019assistenza ai mezzi e alle persone,<br \/>\nla gestione del deposito di carburanti e dell&#8217;officina siti ora in via Circonvallazione.<br \/>\nNel 1998, la societ\u00e0 venne trasformata nell\u2019attuale \u201cDalla Bernardina F.lli Srl\u201d.<br \/>\nAvendo iniziato anche a produrre vino come Famiglia Dalla Bernardina (FDB), i<br \/>\nnipoti hanno voluto ricordare il nonno chiamando No\u00e8 il loro vino di punta.<br \/>\nPremia il Componente di Giunta della Camera di Commercio di Verona Nicola<br \/>\nBaldo<br \/>\nRitira il premio il Presidente Gianni Dalla Bernardina<\/p>\n<p>DITTA BORTOLO NARDINI S.p.a. &#8211; Bassano del Grappa (VI)<br \/>\nLa Ditta Bortolo Nardini Spa \u00e8 attiva dal 1779, anno in cui Bortolo Nardini trasfer\u00ec<br \/>\nla sua attivit\u00e0 di distillazione dalla natia Segonzano, in Val di Cembra, a Bassano.<br \/>\nL\u00ec nella cittadina lungo il Brenta, scelse di aprire la sua distilleria con annessa<br \/>\n&#8220;grapperia&#8221; proprio all&#8217;imbocco del famoso ponte disegnato dal Palladio. Nel 1860<br \/>\nBortolo Nardini, nipote del fondatore, introdusse al posto di quella a fuoco diretto<br \/>\nla tecnica della distillazione a vapore, l&#8217;unica in grado di dare al distillato una qualit\u00e0<br \/>\ncostante. La Grande guerra, aspramente combattuta anche in questa parte del<br \/>\nVeneto, contribu\u00ec ad accrescere la popolarit\u00e0 del prodotto, molto apprezzato<br \/>\ndalle migliaia di soldati in trincea. Durante il secondo conflitto mondiale l&#8217;impresa<br \/>\nconobbe diverse difficolt\u00e0, tra cui le frequenti requisizioni, culminate con la completa<br \/>\ndistruzione del Ponte ad opera dei Tedeschi in ritirata. A partire dal dopoguerra,<br \/>\ni consumi si sarebbero orientati verso i liquori secchi e cos\u00ec inizi\u00f2 per la grappa<br \/>\nNardini (ora invecchiata in botti di rovere) una fase di crescita accompagnata<br \/>\ndalla conquista di nuovi mercati in Italia e all&#8217;estero. Nel 1964 venne inaugurata<br \/>\nla nuova distilleria nell&#8217;immediata periferia di Bassano e per l&#8217;occasione i Nardini<br \/>\nintrodussero una grande innovazione: la distillazione sottovuoto che consente di<br \/>\ndistillare a bassa temperatura e di ottenere un prodotto di qualit\u00e0 superiore. Nel<br \/>\n1981 il complesso produttivo venne arricchito dal nuovo centro di trasformazione<br \/>\ned imbottigliamento che, grazie all&#8217;elevata automazione, permise di soddisfare<br \/>\nuna domanda in rapido aumento. Dieci anni dopo, nel 1991, la Nardini acquist\u00f2<br \/>\ne rinnov\u00f2 in toto la distilleria di Monastier di Treviso dove, gi\u00e0 da alcuni anni,<br \/>\neffettuava buona parte della distillazione. Nel 2004 l&#8217;azienda ha inaugurato Bolle,<br \/>\nlo spazio eventi e ricerca e, contemporaneamente, ha lanciato un nuovo prodotto:<br \/>\nla Grappa Riserva invecchiata 15 anni in botti di rovere di Slavonia. L&#8217;impresa, che<br \/>\nfa parte de &#8220;Les Henokiens&#8221;, \u00e8 attualmente guidata da Giuseppe, Cristina, Angelo,<br \/>\nAntonio e Leonardo Nardini.<br \/>\nPremia il Presidente della Camera di Commercio di Vicenza Giorgio Xoccato<br \/>\nRitira il premio il Consigliere e Socio Angelo Nardini<\/p>","protected":false},"excerpt":{"rendered":"<p>Sette aziende centenarie del Veneto sono state premiate luned\u00ec 4 novembre, a Villa Giusti di Padova, sede dello storico armistizio del 3 novembre 1918. L&#8217;iniziativa \u00e8 dell&#8217;Unioncamere del Veneto e Camera di Commercio di Padova. Per la provincia di Belluno, \u00e8 stata premiata la Piave Maitex srl di Feltre . Le Camere di Commercio venete, [&hellip;]<\/p>\n","protected":false},"author":2,"featured_media":0,"comment_status":"closed","ping_status":"open","sticky":false,"template":"","format":"standard","meta":{"footnotes":""},"categories":[36,26],"tags":[],"class_list":["post-109334","post","type-post","status-publish","format-standard","category-lavoro-economia","category-prima-pagina"],"yoast_head":"<!-- This site is optimized with the Yoast SEO plugin v28.4 - https:\/\/yoast.com\/product\/yoast-seo-wordpress\/ -->\n<title>\u201cMemoria e Presente\u201d, dal primo conflitto ai giorni nostri: le imprese che hanno fatto la storia Villa Giusti - Padova - Bellunopress - Dolomiti<\/title>\n<meta name=\"robots\" content=\"index, follow, max-snippet:-1, max-image-preview:large, max-video-preview:-1\" \/>\n<link rel=\"canonical\" href=\"https:\/\/www.bellunopress.it\/fr\/2019\/11\/05\/memoria-e-presente-dal-primo-conflitto-ai-giorni-nostri-le-imprese-che-hanno-fatto-la-storia-villa-giusti-padova\/\" \/>\n<meta property=\"og:locale\" content=\"fr_FR\" \/>\n<meta property=\"og:type\" content=\"article\" \/>\n<meta property=\"og:title\" content=\"\u201cMemoria e Presente\u201d, dal primo conflitto ai giorni nostri: le imprese che hanno fatto la storia Villa Giusti - Padova - Bellunopress - Dolomiti\" \/>\n<meta property=\"og:description\" content=\"Sette aziende centenarie del Veneto sono state premiate luned\u00ec 4 novembre, a Villa Giusti di Padova, sede dello storico armistizio del 3 novembre 1918. L&#8217;iniziativa \u00e8 dell&#8217;Unioncamere del Veneto e Camera di Commercio di Padova. Per la provincia di Belluno, \u00e8 stata premiata la Piave Maitex srl di Feltre . Le Camere di Commercio venete, [&hellip;]\" \/>\n<meta property=\"og:url\" content=\"https:\/\/www.bellunopress.it\/fr\/2019\/11\/05\/memoria-e-presente-dal-primo-conflitto-ai-giorni-nostri-le-imprese-che-hanno-fatto-la-storia-villa-giusti-padova\/\" \/>\n<meta property=\"og:site_name\" content=\"Bellunopress - Dolomiti\" \/>\n<meta property=\"article:publisher\" content=\"https:\/\/www.facebook.com\/profile.php?id=100008943462799\" \/>\n<meta property=\"article:published_time\" content=\"2019-11-05T08:27:23+00:00\" \/>\n<meta property=\"article:modified_time\" content=\"2019-11-05T09:51:33+00:00\" \/>\n<meta property=\"og:image\" content=\"http:\/\/www.bellunopress.it\/wp-content\/uploads\/2019\/11\/Villa-Giusti-Padova.jpg\" \/>\n<meta name=\"author\" content=\"redazione\" \/>\n<meta name=\"twitter:card\" content=\"summary_large_image\" \/>\n<meta name=\"twitter:creator\" content=\"@bellunopress\" \/>\n<meta name=\"twitter:site\" content=\"@bellunopress\" \/>\n<meta name=\"twitter:label1\" content=\"Written by\" \/>\n\t<meta name=\"twitter:data1\" content=\"redazione\" \/>\n\t<meta name=\"twitter:label2\" content=\"Est. reading time\" \/>\n\t<meta name=\"twitter:data2\" content=\"12 minutes\" \/>\n<script type=\"application\/ld+json\" class=\"yoast-schema-graph\">{\"@context\":\"https:\\\/\\\/schema.org\",\"@graph\":[{\"@type\":\"Article\",\"@id\":\"https:\\\/\\\/www.bellunopress.it\\\/2019\\\/11\\\/05\\\/memoria-e-presente-dal-primo-conflitto-ai-giorni-nostri-le-imprese-che-hanno-fatto-la-storia-villa-giusti-padova\\\/#article\",\"isPartOf\":{\"@id\":\"https:\\\/\\\/www.bellunopress.it\\\/2019\\\/11\\\/05\\\/memoria-e-presente-dal-primo-conflitto-ai-giorni-nostri-le-imprese-che-hanno-fatto-la-storia-villa-giusti-padova\\\/\"},\"author\":{\"name\":\"redazione\",\"@id\":\"https:\\\/\\\/www.bellunopress.it\\\/#\\\/schema\\\/person\\\/79bb06722b37ece1c03d3e94beb30d73\"},\"headline\":\"\u201cMemoria e Presente\u201d, dal primo conflitto ai giorni nostri: le imprese che hanno fatto la storia Villa Giusti &#8211; Padova\",\"datePublished\":\"2019-11-05T08:27:23+00:00\",\"dateModified\":\"2019-11-05T09:51:33+00:00\",\"mainEntityOfPage\":{\"@id\":\"https:\\\/\\\/www.bellunopress.it\\\/2019\\\/11\\\/05\\\/memoria-e-presente-dal-primo-conflitto-ai-giorni-nostri-le-imprese-che-hanno-fatto-la-storia-villa-giusti-padova\\\/\"},\"wordCount\":2472,\"publisher\":{\"@id\":\"https:\\\/\\\/www.bellunopress.it\\\/#organization\"},\"image\":{\"@id\":\"https:\\\/\\\/www.bellunopress.it\\\/2019\\\/11\\\/05\\\/memoria-e-presente-dal-primo-conflitto-ai-giorni-nostri-le-imprese-che-hanno-fatto-la-storia-villa-giusti-padova\\\/#primaryimage\"},\"thumbnailUrl\":\"http:\\\/\\\/www.bellunopress.it\\\/wp-content\\\/uploads\\\/2019\\\/11\\\/Villa-Giusti-Padova.jpg\",\"articleSection\":[\"Lavoro, Economia, Turismo\",\"Prima Pagina\"],\"inLanguage\":\"fr-FR\"},{\"@type\":\"WebPage\",\"@id\":\"https:\\\/\\\/www.bellunopress.it\\\/2019\\\/11\\\/05\\\/memoria-e-presente-dal-primo-conflitto-ai-giorni-nostri-le-imprese-che-hanno-fatto-la-storia-villa-giusti-padova\\\/\",\"url\":\"https:\\\/\\\/www.bellunopress.it\\\/2019\\\/11\\\/05\\\/memoria-e-presente-dal-primo-conflitto-ai-giorni-nostri-le-imprese-che-hanno-fatto-la-storia-villa-giusti-padova\\\/\",\"name\":\"\u201cMemoria e Presente\u201d, dal primo conflitto ai giorni nostri: le imprese che hanno fatto la storia Villa Giusti - Padova - Bellunopress - Dolomiti\",\"isPartOf\":{\"@id\":\"https:\\\/\\\/www.bellunopress.it\\\/#website\"},\"primaryImageOfPage\":{\"@id\":\"https:\\\/\\\/www.bellunopress.it\\\/2019\\\/11\\\/05\\\/memoria-e-presente-dal-primo-conflitto-ai-giorni-nostri-le-imprese-che-hanno-fatto-la-storia-villa-giusti-padova\\\/#primaryimage\"},\"image\":{\"@id\":\"https:\\\/\\\/www.bellunopress.it\\\/2019\\\/11\\\/05\\\/memoria-e-presente-dal-primo-conflitto-ai-giorni-nostri-le-imprese-che-hanno-fatto-la-storia-villa-giusti-padova\\\/#primaryimage\"},\"thumbnailUrl\":\"http:\\\/\\\/www.bellunopress.it\\\/wp-content\\\/uploads\\\/2019\\\/11\\\/Villa-Giusti-Padova.jpg\",\"datePublished\":\"2019-11-05T08:27:23+00:00\",\"dateModified\":\"2019-11-05T09:51:33+00:00\",\"breadcrumb\":{\"@id\":\"https:\\\/\\\/www.bellunopress.it\\\/2019\\\/11\\\/05\\\/memoria-e-presente-dal-primo-conflitto-ai-giorni-nostri-le-imprese-che-hanno-fatto-la-storia-villa-giusti-padova\\\/#breadcrumb\"},\"inLanguage\":\"fr-FR\",\"potentialAction\":[{\"@type\":\"ReadAction\",\"target\":[\"https:\\\/\\\/www.bellunopress.it\\\/2019\\\/11\\\/05\\\/memoria-e-presente-dal-primo-conflitto-ai-giorni-nostri-le-imprese-che-hanno-fatto-la-storia-villa-giusti-padova\\\/\"]}]},{\"@type\":\"ImageObject\",\"inLanguage\":\"fr-FR\",\"@id\":\"https:\\\/\\\/www.bellunopress.it\\\/2019\\\/11\\\/05\\\/memoria-e-presente-dal-primo-conflitto-ai-giorni-nostri-le-imprese-che-hanno-fatto-la-storia-villa-giusti-padova\\\/#primaryimage\",\"url\":\"http:\\\/\\\/www.bellunopress.it\\\/wp-content\\\/uploads\\\/2019\\\/11\\\/Villa-Giusti-Padova.jpg\",\"contentUrl\":\"http:\\\/\\\/www.bellunopress.it\\\/wp-content\\\/uploads\\\/2019\\\/11\\\/Villa-Giusti-Padova.jpg\"},{\"@type\":\"BreadcrumbList\",\"@id\":\"https:\\\/\\\/www.bellunopress.it\\\/2019\\\/11\\\/05\\\/memoria-e-presente-dal-primo-conflitto-ai-giorni-nostri-le-imprese-che-hanno-fatto-la-storia-villa-giusti-padova\\\/#breadcrumb\",\"itemListElement\":[{\"@type\":\"ListItem\",\"position\":1,\"name\":\"Home\",\"item\":\"https:\\\/\\\/www.bellunopress.it\\\/\"},{\"@type\":\"ListItem\",\"position\":2,\"name\":\"\u201cMemoria e Presente\u201d, dal primo conflitto ai giorni nostri: le imprese che hanno fatto la storia Villa Giusti &#8211; Padova\"}]},{\"@type\":\"WebSite\",\"@id\":\"https:\\\/\\\/www.bellunopress.it\\\/#website\",\"url\":\"https:\\\/\\\/www.bellunopress.it\\\/\",\"name\":\"Bellunopress - Dolomiti\",\"description\":\"e-mail: redazione@bellunopress.it\",\"publisher\":{\"@id\":\"https:\\\/\\\/www.bellunopress.it\\\/#organization\"},\"potentialAction\":[{\"@type\":\"SearchAction\",\"target\":{\"@type\":\"EntryPoint\",\"urlTemplate\":\"https:\\\/\\\/www.bellunopress.it\\\/?s={search_term_string}\"},\"query-input\":{\"@type\":\"PropertyValueSpecification\",\"valueRequired\":true,\"valueName\":\"search_term_string\"}}],\"inLanguage\":\"fr-FR\"},{\"@type\":\"Organization\",\"@id\":\"https:\\\/\\\/www.bellunopress.it\\\/#organization\",\"name\":\"Bellunopress\",\"url\":\"https:\\\/\\\/www.bellunopress.it\\\/\",\"logo\":{\"@type\":\"ImageObject\",\"inLanguage\":\"fr-FR\",\"@id\":\"https:\\\/\\\/www.bellunopress.it\\\/#\\\/schema\\\/logo\\\/image\\\/\",\"url\":\"https:\\\/\\\/www.bellunopress.it\\\/wp-content\\\/uploads\\\/2011\\\/05\\\/cropped-logo-bellunopress-.jpg\",\"contentUrl\":\"https:\\\/\\\/www.bellunopress.it\\\/wp-content\\\/uploads\\\/2011\\\/05\\\/cropped-logo-bellunopress-.jpg\",\"width\":512,\"height\":512,\"caption\":\"Bellunopress\"},\"image\":{\"@id\":\"https:\\\/\\\/www.bellunopress.it\\\/#\\\/schema\\\/logo\\\/image\\\/\"},\"sameAs\":[\"https:\\\/\\\/www.facebook.com\\\/profile.php?id=100008943462799\",\"https:\\\/\\\/x.com\\\/bellunopress\",\"https:\\\/\\\/www.linkedin.com\\\/hp\\\/?dnr=JBzUWaJfMUw8vbXJJ2tVW5-I3jZKvC4wsoxE&amp;amp;amp;amp;amp;amp;trk=nav_responsive_tab_home\",\"https:\\\/\\\/www.youtube.com\\\/channel\\\/UCxL0wu1uN0_3_7hGG0306cw\"]},{\"@type\":\"Person\",\"@id\":\"https:\\\/\\\/www.bellunopress.it\\\/#\\\/schema\\\/person\\\/79bb06722b37ece1c03d3e94beb30d73\",\"name\":\"redazione\",\"image\":{\"@type\":\"ImageObject\",\"inLanguage\":\"fr-FR\",\"@id\":\"https:\\\/\\\/secure.gravatar.com\\\/avatar\\\/37d968a2e67a6fd04c169c4bdef102d0bc5d31b2546345219e348575eb80e9a0?s=96&d=mm&r=g\",\"url\":\"https:\\\/\\\/secure.gravatar.com\\\/avatar\\\/37d968a2e67a6fd04c169c4bdef102d0bc5d31b2546345219e348575eb80e9a0?s=96&d=mm&r=g\",\"contentUrl\":\"https:\\\/\\\/secure.gravatar.com\\\/avatar\\\/37d968a2e67a6fd04c169c4bdef102d0bc5d31b2546345219e348575eb80e9a0?s=96&d=mm&r=g\",\"caption\":\"redazione\"},\"sameAs\":[\"http:\\\/\\\/www.bellunopress.it\",\"https:\\\/\\\/x.com\\\/bellunopress\"],\"url\":\"https:\\\/\\\/www.bellunopress.it\\\/fr\\\/author\\\/redazione\\\/\"}]}<\/script>\n<!-- \/ Yoast SEO plugin. -->","yoast_head_json":{"title":"\u201cMemoria e Presente\u201d, dal primo conflitto ai giorni nostri: le imprese che hanno fatto la storia Villa Giusti - Padova - Bellunopress - Dolomiti","robots":{"index":"index","follow":"follow","max-snippet":"max-snippet:-1","max-image-preview":"max-image-preview:large","max-video-preview":"max-video-preview:-1"},"canonical":"https:\/\/www.bellunopress.it\/fr\/2019\/11\/05\/memoria-e-presente-dal-primo-conflitto-ai-giorni-nostri-le-imprese-che-hanno-fatto-la-storia-villa-giusti-padova\/","og_locale":"fr_FR","og_type":"article","og_title":"\u201cMemoria e Presente\u201d, dal primo conflitto ai giorni nostri: le imprese che hanno fatto la storia Villa Giusti - Padova - Bellunopress - Dolomiti","og_description":"Sette aziende centenarie del Veneto sono state premiate luned\u00ec 4 novembre, a Villa Giusti di Padova, sede dello storico armistizio del 3 novembre 1918. L&#8217;iniziativa \u00e8 dell&#8217;Unioncamere del Veneto e Camera di Commercio di Padova. Per la provincia di Belluno, \u00e8 stata premiata la Piave Maitex srl di Feltre . Le Camere di Commercio venete, [&hellip;]","og_url":"https:\/\/www.bellunopress.it\/fr\/2019\/11\/05\/memoria-e-presente-dal-primo-conflitto-ai-giorni-nostri-le-imprese-che-hanno-fatto-la-storia-villa-giusti-padova\/","og_site_name":"Bellunopress - Dolomiti","article_publisher":"https:\/\/www.facebook.com\/profile.php?id=100008943462799","article_published_time":"2019-11-05T08:27:23+00:00","article_modified_time":"2019-11-05T09:51:33+00:00","og_image":[{"url":"http:\/\/www.bellunopress.it\/wp-content\/uploads\/2019\/11\/Villa-Giusti-Padova.jpg","type":"","width":"","height":""}],"author":"redazione","twitter_card":"summary_large_image","twitter_creator":"@bellunopress","twitter_site":"@bellunopress","twitter_misc":{"Written by":"redazione","Est. reading time":"12 minutes"},"schema":{"@context":"https:\/\/schema.org","@graph":[{"@type":"Article","@id":"https:\/\/www.bellunopress.it\/2019\/11\/05\/memoria-e-presente-dal-primo-conflitto-ai-giorni-nostri-le-imprese-che-hanno-fatto-la-storia-villa-giusti-padova\/#article","isPartOf":{"@id":"https:\/\/www.bellunopress.it\/2019\/11\/05\/memoria-e-presente-dal-primo-conflitto-ai-giorni-nostri-le-imprese-che-hanno-fatto-la-storia-villa-giusti-padova\/"},"author":{"name":"redazione","@id":"https:\/\/www.bellunopress.it\/#\/schema\/person\/79bb06722b37ece1c03d3e94beb30d73"},"headline":"\u201cMemoria e Presente\u201d, dal primo conflitto ai giorni nostri: le imprese che hanno fatto la storia Villa Giusti &#8211; Padova","datePublished":"2019-11-05T08:27:23+00:00","dateModified":"2019-11-05T09:51:33+00:00","mainEntityOfPage":{"@id":"https:\/\/www.bellunopress.it\/2019\/11\/05\/memoria-e-presente-dal-primo-conflitto-ai-giorni-nostri-le-imprese-che-hanno-fatto-la-storia-villa-giusti-padova\/"},"wordCount":2472,"publisher":{"@id":"https:\/\/www.bellunopress.it\/#organization"},"image":{"@id":"https:\/\/www.bellunopress.it\/2019\/11\/05\/memoria-e-presente-dal-primo-conflitto-ai-giorni-nostri-le-imprese-che-hanno-fatto-la-storia-villa-giusti-padova\/#primaryimage"},"thumbnailUrl":"http:\/\/www.bellunopress.it\/wp-content\/uploads\/2019\/11\/Villa-Giusti-Padova.jpg","articleSection":["Lavoro, Economia, Turismo","Prima Pagina"],"inLanguage":"fr-FR"},{"@type":"WebPage","@id":"https:\/\/www.bellunopress.it\/2019\/11\/05\/memoria-e-presente-dal-primo-conflitto-ai-giorni-nostri-le-imprese-che-hanno-fatto-la-storia-villa-giusti-padova\/","url":"https:\/\/www.bellunopress.it\/2019\/11\/05\/memoria-e-presente-dal-primo-conflitto-ai-giorni-nostri-le-imprese-che-hanno-fatto-la-storia-villa-giusti-padova\/","name":"\u201cMemoria e Presente\u201d, dal primo conflitto ai giorni nostri: le imprese che hanno fatto la storia Villa Giusti - Padova - Bellunopress - Dolomiti","isPartOf":{"@id":"https:\/\/www.bellunopress.it\/#website"},"primaryImageOfPage":{"@id":"https:\/\/www.bellunopress.it\/2019\/11\/05\/memoria-e-presente-dal-primo-conflitto-ai-giorni-nostri-le-imprese-che-hanno-fatto-la-storia-villa-giusti-padova\/#primaryimage"},"image":{"@id":"https:\/\/www.bellunopress.it\/2019\/11\/05\/memoria-e-presente-dal-primo-conflitto-ai-giorni-nostri-le-imprese-che-hanno-fatto-la-storia-villa-giusti-padova\/#primaryimage"},"thumbnailUrl":"http:\/\/www.bellunopress.it\/wp-content\/uploads\/2019\/11\/Villa-Giusti-Padova.jpg","datePublished":"2019-11-05T08:27:23+00:00","dateModified":"2019-11-05T09:51:33+00:00","breadcrumb":{"@id":"https:\/\/www.bellunopress.it\/2019\/11\/05\/memoria-e-presente-dal-primo-conflitto-ai-giorni-nostri-le-imprese-che-hanno-fatto-la-storia-villa-giusti-padova\/#breadcrumb"},"inLanguage":"fr-FR","potentialAction":[{"@type":"ReadAction","target":["https:\/\/www.bellunopress.it\/2019\/11\/05\/memoria-e-presente-dal-primo-conflitto-ai-giorni-nostri-le-imprese-che-hanno-fatto-la-storia-villa-giusti-padova\/"]}]},{"@type":"ImageObject","inLanguage":"fr-FR","@id":"https:\/\/www.bellunopress.it\/2019\/11\/05\/memoria-e-presente-dal-primo-conflitto-ai-giorni-nostri-le-imprese-che-hanno-fatto-la-storia-villa-giusti-padova\/#primaryimage","url":"http:\/\/www.bellunopress.it\/wp-content\/uploads\/2019\/11\/Villa-Giusti-Padova.jpg","contentUrl":"http:\/\/www.bellunopress.it\/wp-content\/uploads\/2019\/11\/Villa-Giusti-Padova.jpg"},{"@type":"BreadcrumbList","@id":"https:\/\/www.bellunopress.it\/2019\/11\/05\/memoria-e-presente-dal-primo-conflitto-ai-giorni-nostri-le-imprese-che-hanno-fatto-la-storia-villa-giusti-padova\/#breadcrumb","itemListElement":[{"@type":"ListItem","position":1,"name":"Home","item":"https:\/\/www.bellunopress.it\/"},{"@type":"ListItem","position":2,"name":"\u201cMemoria e Presente\u201d, dal primo conflitto ai giorni nostri: le imprese che hanno fatto la storia Villa Giusti &#8211; Padova"}]},{"@type":"WebSite","@id":"https:\/\/www.bellunopress.it\/#website","url":"https:\/\/www.bellunopress.it\/","name":"Bellunopress - Dolomiti","description":"e-mail: redazione@bellunopress.it","publisher":{"@id":"https:\/\/www.bellunopress.it\/#organization"},"potentialAction":[{"@type":"SearchAction","target":{"@type":"EntryPoint","urlTemplate":"https:\/\/www.bellunopress.it\/?s={search_term_string}"},"query-input":{"@type":"PropertyValueSpecification","valueRequired":true,"valueName":"search_term_string"}}],"inLanguage":"fr-FR"},{"@type":"Organization","@id":"https:\/\/www.bellunopress.it\/#organization","name":"Bellunopress","url":"https:\/\/www.bellunopress.it\/","logo":{"@type":"ImageObject","inLanguage":"fr-FR","@id":"https:\/\/www.bellunopress.it\/#\/schema\/logo\/image\/","url":"https:\/\/www.bellunopress.it\/wp-content\/uploads\/2011\/05\/cropped-logo-bellunopress-.jpg","contentUrl":"https:\/\/www.bellunopress.it\/wp-content\/uploads\/2011\/05\/cropped-logo-bellunopress-.jpg","width":512,"height":512,"caption":"Bellunopress"},"image":{"@id":"https:\/\/www.bellunopress.it\/#\/schema\/logo\/image\/"},"sameAs":["https:\/\/www.facebook.com\/profile.php?id=100008943462799","https:\/\/x.com\/bellunopress","https:\/\/www.linkedin.com\/hp\/?dnr=JBzUWaJfMUw8vbXJJ2tVW5-I3jZKvC4wsoxE&amp;amp;amp;amp;amp;amp;trk=nav_responsive_tab_home","https:\/\/www.youtube.com\/channel\/UCxL0wu1uN0_3_7hGG0306cw"]},{"@type":"Person","@id":"https:\/\/www.bellunopress.it\/#\/schema\/person\/79bb06722b37ece1c03d3e94beb30d73","name":"r\u00e9daction","image":{"@type":"ImageObject","inLanguage":"fr-FR","@id":"https:\/\/secure.gravatar.com\/avatar\/37d968a2e67a6fd04c169c4bdef102d0bc5d31b2546345219e348575eb80e9a0?s=96&d=mm&r=g","url":"https:\/\/secure.gravatar.com\/avatar\/37d968a2e67a6fd04c169c4bdef102d0bc5d31b2546345219e348575eb80e9a0?s=96&d=mm&r=g","contentUrl":"https:\/\/secure.gravatar.com\/avatar\/37d968a2e67a6fd04c169c4bdef102d0bc5d31b2546345219e348575eb80e9a0?s=96&d=mm&r=g","caption":"redazione"},"sameAs":["http:\/\/www.bellunopress.it","https:\/\/x.com\/bellunopress"],"url":"https:\/\/www.bellunopress.it\/fr\/author\/redazione\/"}]}},"_links":{"self":[{"href":"https:\/\/www.bellunopress.it\/fr\/wp-json\/wp\/v2\/posts\/109334","targetHints":{"allow":["GET"]}}],"collection":[{"href":"https:\/\/www.bellunopress.it\/fr\/wp-json\/wp\/v2\/posts"}],"about":[{"href":"https:\/\/www.bellunopress.it\/fr\/wp-json\/wp\/v2\/types\/post"}],"author":[{"embeddable":true,"href":"https:\/\/www.bellunopress.it\/fr\/wp-json\/wp\/v2\/users\/2"}],"replies":[{"embeddable":true,"href":"https:\/\/www.bellunopress.it\/fr\/wp-json\/wp\/v2\/comments?post=109334"}],"version-history":[{"count":2,"href":"https:\/\/www.bellunopress.it\/fr\/wp-json\/wp\/v2\/posts\/109334\/revisions"}],"predecessor-version":[{"id":109337,"href":"https:\/\/www.bellunopress.it\/fr\/wp-json\/wp\/v2\/posts\/109334\/revisions\/109337"}],"wp:attachment":[{"href":"https:\/\/www.bellunopress.it\/fr\/wp-json\/wp\/v2\/media?parent=109334"}],"wp:term":[{"taxonomy":"category","embeddable":true,"href":"https:\/\/www.bellunopress.it\/fr\/wp-json\/wp\/v2\/categories?post=109334"},{"taxonomy":"post_tag","embeddable":true,"href":"https:\/\/www.bellunopress.it\/fr\/wp-json\/wp\/v2\/tags?post=109334"}],"curies":[{"name":"wp","href":"https:\/\/api.w.org\/{rel}","templated":true}]}}