{"id":109327,"date":"2019-11-05T10:10:05","date_gmt":"2019-11-05T09:10:05","guid":{"rendered":"http:\/\/www.bellunopress.it\/?p=109327"},"modified":"2019-11-05T10:10:05","modified_gmt":"2019-11-05T09:10:05","slug":"il-piano-di-enrico-pieranunzi-domenica-allunisono-di-feltre","status":"publish","type":"post","link":"https:\/\/www.bellunopress.it\/fr\/2019\/11\/05\/il-piano-di-enrico-pieranunzi-domenica-allunisono-di-feltre\/","title":{"rendered":"Il piano di Enrico Pieranunzi domenica all&#8217;Unisono di Feltre"},"content":{"rendered":"<p>E&#8217; stato definito un eroe del jazz, un artista in grado di immettere nuova linfa nella musica contemporanea, una stella del jazz nazionale e internazionale che brilla da oltre trent&#8217;anni. Enrico Pieranunzi sar\u00e0 al Centro di Musica Unisono di Feltre domenica 10 novembre per un piano solo con inizio alle 18.30. Cos\u00ec, in apertura di rassegna il jazzclub di Palazzo Guarnieri infila nel programma una chicca di classe, una data esclusiva riservata ad un pubblico di appena sessanta persone.<\/p>\n<figure id=\"attachment_108260\" aria-describedby=\"caption-attachment-108260\" style=\"width: 300px\" class=\"wp-caption alignleft\"><a href=\"http:\/\/www.bellunopress.it\/fr\/2019\/09\/27\/le-18-sonate-di-shubert-domenica-ore-18-a-palazzo-guarnieri-di-feltre\/palazzo-guarnieri-feltre\/\" rel=\"attachment wp-att-108260\"><img loading=\"lazy\" decoding=\"async\" class=\"size-full wp-image-108260\" src=\"http:\/\/www.bellunopress.it\/wp-content\/uploads\/2019\/09\/Palazzo-Guarnieri-feltre.jpg\" alt=\"\" width=\"300\" height=\"179\" \/><\/a><figcaption id=\"caption-attachment-108260\" class=\"wp-caption-text\">Palazzo Guarnieri &#8211; Feltre<\/figcaption><\/figure>\n<p>&#8220;Sar\u00e0 un concerto intimo e particolare perch\u00e9 al live abbineremo la registrazione \u2013 spiega il direttore artistico Nicol\u00f2 Ferrari Bravo -. Pieranunzi \u00e8 un musicista molto noto anche oltre Oceano, un artista di grandissimo talento la cui musica sfuma i confini tra jazz e classica, non a caso il progetto si chiama Unlimited&#8221;. Come nella tradizione di Unisono, il concerto sar\u00e0 un dialogo intimo tra il musicista e il pubblico nella Music Hall di Palazzo Guarnieri, una sala a met\u00e0 via tra un piccolo teatro e un jazz club.<\/p>\n<p>Sar\u00e0 la terza volta di Pieranunzi all&#8217;Unisono, la quarta a Feltre. &#8220;Ricordo il primo concerto a Feltre, nel 1979, quando gli inverni erano ancora una cosa seria \u2013 racconta il musicista -, c&#8217;era un gran freddo. Suonai con un grandissimo americano e due italiani, quello che ricordo di pi\u00f9 sono le temperature davvero rigide. Sono felice di tornarci&#8221;.<\/p>\n<p>Pieranunzi in piano solo \u00e8 un&#8217;avventura musicale da seguire nota dopo nota. In poco meno di un&#8217;ora di live l&#8217;artista spazia da brani di Gershwin a Scarlatti, da un blues ad una propria composizione in grado di raccontare una storia tutta sua. Un mondo musicale intenso e personalissimo quello dell&#8217;artista romano che da tempo, giustamente, si \u00e8 guadagnato apprezzamento e reputazione in tutto il mondo. La sua musica, \u00e8 stato scritto, &#8220;d\u00e0 voce al desiderio di superamento del confine interpretativo&#8221;. Classe, eleganza e immaginazione sono gli ingredienti di un&#8217;esperienza sonora che riesce a catturare appassionati e non di ogni genere musicale.<\/p>\n<p>Serata in collaborazione con la Concessionaria esclusiva Audi per la provincia di Belluno<\/p>\n<p>Al concerto seguir\u00e0 un aperitivo nel ristorante di Palazzo Guarnieri.<\/p>\n<p>Prevendite su www.centrodimusicaunisono.com<\/p>\n<p><strong>Enrico Pieranunzi\u00a0<\/strong><\/p>\n<p>Nasce a Roma nel 1949. Pianista, compositore, arrangiatore, ha registrato pi\u00f9 di 70 CD a suo nome spaziando dal piano solo al trio, dal duo al quintetto e collaborando, in concerto o in studio d&#8217;incisione, con Chet Baker, Lee Konitz, Paul Motian, Charlie Haden, Chris Potter, Marc Johnson, Joey Baron.<\/p>\n<p>Pluripremiato come miglior musicista italiano nel &#8220;Top Jazz&#8221;, annualmente indetto dalla rivista &#8220;Musica Jazz&#8221; (1989, 2003, 2008) e come miglior musicista europeo (Django d&#8217;Or, 1997) Pieranunzi ha portato la sua musica sui palcoscenici di tutto il mondo esibendosi nei pi\u00f9 importanti festival internazionali, da Montreal a Copenaghen, da Berlino e Madrid a Tokyo, da Rio de Janeiro a Pechino.<\/p>\n<p>A partire dal 1982 si \u00e8 recato numerose volte negli Stati Uniti dando concerti in varie citt\u00e0 tra cui New York, Boston, San Francisco.<br \/>\nDi rilievo la sua partecipazione a Spoleto Festival Usa 2007 (Charleston, North Carolina) che ne ha voluto dare un ritratto completo proponendolo in concerti di piano solo, duo e trio.<\/p>\n<p>E&#8217; l&#8217;unico musicista italiano di sempre ed uno dei pochissimi europei ad aver suonato e registrato pi\u00f9 volte nello storico &#8220;Village Vanguard&#8221; di New York con Marc Johnson and Paul Motian (Camjazz, 2010).<\/p>\n<p>Proprio per il &#8220;Live at The Village Vanguard&#8221; con Marc Johnson e Paul Motian (Camjazz, 2010) gli \u00e8 stato assegnato nel 2014 l&#8217;Echo Jazz Award &#8211; equivalente tedesco dello statunitense Grammy &#8211; come Best International Piano Player.<\/p>\n<p>La prestigiosa rivista americana &#8220;Down Beat&#8221; ha incluso il suo CD &#8220;Live in Paris&#8221;, in trio con Hein Van de Geyn e Andr\u00e9 Ceccarelli (Challenge), tra i migliori CD del decennio 2000\/2010.<\/p>\n<p>Ha composto diverse centinaia di brani, alcuni dei quali sono ormai veri e propri standard suonati e incisi da musicisti di tutto il mondo (&#8220;Night bird&#8221;, &#8220;Don&#8217;t forget the poet&#8221;, &#8220;Fellini&#8217;s waltz&#8221;).<\/p>","protected":false},"excerpt":{"rendered":"<p>E&#8217; stato definito un eroe del jazz, un artista in grado di immettere nuova linfa nella musica contemporanea, una stella del jazz nazionale e internazionale che brilla da oltre trent&#8217;anni. Enrico Pieranunzi sar\u00e0 al Centro di Musica Unisono di Feltre domenica 10 novembre per un piano solo con inizio alle 18.30. Cos\u00ec, in apertura di [&hellip;]<\/p>\n","protected":false},"author":2,"featured_media":0,"comment_status":"closed","ping_status":"open","sticky":false,"template":"","format":"standard","meta":{"footnotes":""},"categories":[27,3,25],"tags":[],"class_list":["post-109327","post","type-post","status-publish","format-standard","category-appuntamenti","category-arte-cultura-spettacoli-scienza-archivi","category-pausa-caffe"],"yoast_head":"<!-- This site is optimized with the Yoast SEO plugin v28.4 - https:\/\/yoast.com\/product\/yoast-seo-wordpress\/ -->\n<title>Il piano di Enrico Pieranunzi domenica all&#039;Unisono di Feltre - Bellunopress - Dolomiti<\/title>\n<meta name=\"robots\" content=\"index, follow, max-snippet:-1, max-image-preview:large, max-video-preview:-1\" \/>\n<link rel=\"canonical\" href=\"https:\/\/www.bellunopress.it\/fr\/2019\/11\/05\/il-piano-di-enrico-pieranunzi-domenica-allunisono-di-feltre\/\" \/>\n<meta property=\"og:locale\" content=\"fr_FR\" \/>\n<meta property=\"og:type\" content=\"article\" \/>\n<meta property=\"og:title\" content=\"Il piano di Enrico Pieranunzi domenica all&#039;Unisono di Feltre - Bellunopress - Dolomiti\" \/>\n<meta property=\"og:description\" content=\"E&#8217; stato definito un eroe del jazz, un artista in grado di immettere nuova linfa nella musica contemporanea, una stella del jazz nazionale e internazionale che brilla da oltre trent&#8217;anni. Enrico Pieranunzi sar\u00e0 al Centro di Musica Unisono di Feltre domenica 10 novembre per un piano solo con inizio alle 18.30. Cos\u00ec, in apertura di [&hellip;]\" \/>\n<meta property=\"og:url\" content=\"https:\/\/www.bellunopress.it\/fr\/2019\/11\/05\/il-piano-di-enrico-pieranunzi-domenica-allunisono-di-feltre\/\" \/>\n<meta property=\"og:site_name\" content=\"Bellunopress - Dolomiti\" \/>\n<meta property=\"article:publisher\" content=\"https:\/\/www.facebook.com\/profile.php?id=100008943462799\" \/>\n<meta property=\"article:published_time\" content=\"2019-11-05T09:10:05+00:00\" \/>\n<meta property=\"og:image\" content=\"http:\/\/www.bellunopress.it\/wp-content\/uploads\/2019\/09\/Palazzo-Guarnieri-feltre.jpg\" \/>\n<meta name=\"author\" content=\"redazione\" \/>\n<meta name=\"twitter:card\" content=\"summary_large_image\" \/>\n<meta name=\"twitter:creator\" content=\"@bellunopress\" \/>\n<meta name=\"twitter:site\" content=\"@bellunopress\" \/>\n<meta name=\"twitter:label1\" content=\"Written by\" \/>\n\t<meta name=\"twitter:data1\" content=\"redazione\" \/>\n\t<meta name=\"twitter:label2\" content=\"Est. reading time\" \/>\n\t<meta name=\"twitter:data2\" content=\"3 minutes\" \/>\n<script type=\"application\/ld+json\" class=\"yoast-schema-graph\">{\"@context\":\"https:\\\/\\\/schema.org\",\"@graph\":[{\"@type\":\"Article\",\"@id\":\"https:\\\/\\\/www.bellunopress.it\\\/2019\\\/11\\\/05\\\/il-piano-di-enrico-pieranunzi-domenica-allunisono-di-feltre\\\/#article\",\"isPartOf\":{\"@id\":\"https:\\\/\\\/www.bellunopress.it\\\/2019\\\/11\\\/05\\\/il-piano-di-enrico-pieranunzi-domenica-allunisono-di-feltre\\\/\"},\"author\":{\"name\":\"redazione\",\"@id\":\"https:\\\/\\\/www.bellunopress.it\\\/#\\\/schema\\\/person\\\/79bb06722b37ece1c03d3e94beb30d73\"},\"headline\":\"Il piano di Enrico Pieranunzi domenica all&#8217;Unisono di Feltre\",\"datePublished\":\"2019-11-05T09:10:05+00:00\",\"mainEntityOfPage\":{\"@id\":\"https:\\\/\\\/www.bellunopress.it\\\/2019\\\/11\\\/05\\\/il-piano-di-enrico-pieranunzi-domenica-allunisono-di-feltre\\\/\"},\"wordCount\":666,\"publisher\":{\"@id\":\"https:\\\/\\\/www.bellunopress.it\\\/#organization\"},\"image\":{\"@id\":\"https:\\\/\\\/www.bellunopress.it\\\/2019\\\/11\\\/05\\\/il-piano-di-enrico-pieranunzi-domenica-allunisono-di-feltre\\\/#primaryimage\"},\"thumbnailUrl\":\"http:\\\/\\\/www.bellunopress.it\\\/wp-content\\\/uploads\\\/2019\\\/09\\\/Palazzo-Guarnieri-feltre.jpg\",\"articleSection\":[\"Appuntamenti, Eventi\",\"Arte, Cultura, Spettacoli, Scienza\",\"Pausa Caff\u00e8\"],\"inLanguage\":\"fr-FR\"},{\"@type\":\"WebPage\",\"@id\":\"https:\\\/\\\/www.bellunopress.it\\\/2019\\\/11\\\/05\\\/il-piano-di-enrico-pieranunzi-domenica-allunisono-di-feltre\\\/\",\"url\":\"https:\\\/\\\/www.bellunopress.it\\\/2019\\\/11\\\/05\\\/il-piano-di-enrico-pieranunzi-domenica-allunisono-di-feltre\\\/\",\"name\":\"Il piano di Enrico Pieranunzi domenica all'Unisono di Feltre - Bellunopress - Dolomiti\",\"isPartOf\":{\"@id\":\"https:\\\/\\\/www.bellunopress.it\\\/#website\"},\"primaryImageOfPage\":{\"@id\":\"https:\\\/\\\/www.bellunopress.it\\\/2019\\\/11\\\/05\\\/il-piano-di-enrico-pieranunzi-domenica-allunisono-di-feltre\\\/#primaryimage\"},\"image\":{\"@id\":\"https:\\\/\\\/www.bellunopress.it\\\/2019\\\/11\\\/05\\\/il-piano-di-enrico-pieranunzi-domenica-allunisono-di-feltre\\\/#primaryimage\"},\"thumbnailUrl\":\"http:\\\/\\\/www.bellunopress.it\\\/wp-content\\\/uploads\\\/2019\\\/09\\\/Palazzo-Guarnieri-feltre.jpg\",\"datePublished\":\"2019-11-05T09:10:05+00:00\",\"breadcrumb\":{\"@id\":\"https:\\\/\\\/www.bellunopress.it\\\/2019\\\/11\\\/05\\\/il-piano-di-enrico-pieranunzi-domenica-allunisono-di-feltre\\\/#breadcrumb\"},\"inLanguage\":\"fr-FR\",\"potentialAction\":[{\"@type\":\"ReadAction\",\"target\":[\"https:\\\/\\\/www.bellunopress.it\\\/2019\\\/11\\\/05\\\/il-piano-di-enrico-pieranunzi-domenica-allunisono-di-feltre\\\/\"]}]},{\"@type\":\"ImageObject\",\"inLanguage\":\"fr-FR\",\"@id\":\"https:\\\/\\\/www.bellunopress.it\\\/2019\\\/11\\\/05\\\/il-piano-di-enrico-pieranunzi-domenica-allunisono-di-feltre\\\/#primaryimage\",\"url\":\"http:\\\/\\\/www.bellunopress.it\\\/wp-content\\\/uploads\\\/2019\\\/09\\\/Palazzo-Guarnieri-feltre.jpg\",\"contentUrl\":\"http:\\\/\\\/www.bellunopress.it\\\/wp-content\\\/uploads\\\/2019\\\/09\\\/Palazzo-Guarnieri-feltre.jpg\"},{\"@type\":\"BreadcrumbList\",\"@id\":\"https:\\\/\\\/www.bellunopress.it\\\/2019\\\/11\\\/05\\\/il-piano-di-enrico-pieranunzi-domenica-allunisono-di-feltre\\\/#breadcrumb\",\"itemListElement\":[{\"@type\":\"ListItem\",\"position\":1,\"name\":\"Home\",\"item\":\"https:\\\/\\\/www.bellunopress.it\\\/\"},{\"@type\":\"ListItem\",\"position\":2,\"name\":\"Il piano di Enrico Pieranunzi domenica all&#8217;Unisono di Feltre\"}]},{\"@type\":\"WebSite\",\"@id\":\"https:\\\/\\\/www.bellunopress.it\\\/#website\",\"url\":\"https:\\\/\\\/www.bellunopress.it\\\/\",\"name\":\"Bellunopress - Dolomiti\",\"description\":\"e-mail: redazione@bellunopress.it\",\"publisher\":{\"@id\":\"https:\\\/\\\/www.bellunopress.it\\\/#organization\"},\"potentialAction\":[{\"@type\":\"SearchAction\",\"target\":{\"@type\":\"EntryPoint\",\"urlTemplate\":\"https:\\\/\\\/www.bellunopress.it\\\/?s={search_term_string}\"},\"query-input\":{\"@type\":\"PropertyValueSpecification\",\"valueRequired\":true,\"valueName\":\"search_term_string\"}}],\"inLanguage\":\"fr-FR\"},{\"@type\":\"Organization\",\"@id\":\"https:\\\/\\\/www.bellunopress.it\\\/#organization\",\"name\":\"Bellunopress\",\"url\":\"https:\\\/\\\/www.bellunopress.it\\\/\",\"logo\":{\"@type\":\"ImageObject\",\"inLanguage\":\"fr-FR\",\"@id\":\"https:\\\/\\\/www.bellunopress.it\\\/#\\\/schema\\\/logo\\\/image\\\/\",\"url\":\"https:\\\/\\\/www.bellunopress.it\\\/wp-content\\\/uploads\\\/2011\\\/05\\\/cropped-logo-bellunopress-.jpg\",\"contentUrl\":\"https:\\\/\\\/www.bellunopress.it\\\/wp-content\\\/uploads\\\/2011\\\/05\\\/cropped-logo-bellunopress-.jpg\",\"width\":512,\"height\":512,\"caption\":\"Bellunopress\"},\"image\":{\"@id\":\"https:\\\/\\\/www.bellunopress.it\\\/#\\\/schema\\\/logo\\\/image\\\/\"},\"sameAs\":[\"https:\\\/\\\/www.facebook.com\\\/profile.php?id=100008943462799\",\"https:\\\/\\\/x.com\\\/bellunopress\",\"https:\\\/\\\/www.linkedin.com\\\/hp\\\/?dnr=JBzUWaJfMUw8vbXJJ2tVW5-I3jZKvC4wsoxE&amp;amp;amp;amp;amp;amp;trk=nav_responsive_tab_home\",\"https:\\\/\\\/www.youtube.com\\\/channel\\\/UCxL0wu1uN0_3_7hGG0306cw\"]},{\"@type\":\"Person\",\"@id\":\"https:\\\/\\\/www.bellunopress.it\\\/#\\\/schema\\\/person\\\/79bb06722b37ece1c03d3e94beb30d73\",\"name\":\"redazione\",\"image\":{\"@type\":\"ImageObject\",\"inLanguage\":\"fr-FR\",\"@id\":\"https:\\\/\\\/secure.gravatar.com\\\/avatar\\\/37d968a2e67a6fd04c169c4bdef102d0bc5d31b2546345219e348575eb80e9a0?s=96&d=mm&r=g\",\"url\":\"https:\\\/\\\/secure.gravatar.com\\\/avatar\\\/37d968a2e67a6fd04c169c4bdef102d0bc5d31b2546345219e348575eb80e9a0?s=96&d=mm&r=g\",\"contentUrl\":\"https:\\\/\\\/secure.gravatar.com\\\/avatar\\\/37d968a2e67a6fd04c169c4bdef102d0bc5d31b2546345219e348575eb80e9a0?s=96&d=mm&r=g\",\"caption\":\"redazione\"},\"sameAs\":[\"http:\\\/\\\/www.bellunopress.it\",\"https:\\\/\\\/x.com\\\/bellunopress\"],\"url\":\"https:\\\/\\\/www.bellunopress.it\\\/fr\\\/author\\\/redazione\\\/\"}]}<\/script>\n<!-- \/ Yoast SEO plugin. -->","yoast_head_json":{"title":"Il piano di Enrico Pieranunzi domenica all'Unisono di Feltre - Bellunopress - Dolomiti","robots":{"index":"index","follow":"follow","max-snippet":"max-snippet:-1","max-image-preview":"max-image-preview:large","max-video-preview":"max-video-preview:-1"},"canonical":"https:\/\/www.bellunopress.it\/fr\/2019\/11\/05\/il-piano-di-enrico-pieranunzi-domenica-allunisono-di-feltre\/","og_locale":"fr_FR","og_type":"article","og_title":"Il piano di Enrico Pieranunzi domenica all'Unisono di Feltre - Bellunopress - Dolomiti","og_description":"E&#8217; stato definito un eroe del jazz, un artista in grado di immettere nuova linfa nella musica contemporanea, una stella del jazz nazionale e internazionale che brilla da oltre trent&#8217;anni. Enrico Pieranunzi sar\u00e0 al Centro di Musica Unisono di Feltre domenica 10 novembre per un piano solo con inizio alle 18.30. Cos\u00ec, in apertura di [&hellip;]","og_url":"https:\/\/www.bellunopress.it\/fr\/2019\/11\/05\/il-piano-di-enrico-pieranunzi-domenica-allunisono-di-feltre\/","og_site_name":"Bellunopress - Dolomiti","article_publisher":"https:\/\/www.facebook.com\/profile.php?id=100008943462799","article_published_time":"2019-11-05T09:10:05+00:00","og_image":[{"url":"http:\/\/www.bellunopress.it\/wp-content\/uploads\/2019\/09\/Palazzo-Guarnieri-feltre.jpg","type":"","width":"","height":""}],"author":"redazione","twitter_card":"summary_large_image","twitter_creator":"@bellunopress","twitter_site":"@bellunopress","twitter_misc":{"Written by":"redazione","Est. reading time":"3 minutes"},"schema":{"@context":"https:\/\/schema.org","@graph":[{"@type":"Article","@id":"https:\/\/www.bellunopress.it\/2019\/11\/05\/il-piano-di-enrico-pieranunzi-domenica-allunisono-di-feltre\/#article","isPartOf":{"@id":"https:\/\/www.bellunopress.it\/2019\/11\/05\/il-piano-di-enrico-pieranunzi-domenica-allunisono-di-feltre\/"},"author":{"name":"redazione","@id":"https:\/\/www.bellunopress.it\/#\/schema\/person\/79bb06722b37ece1c03d3e94beb30d73"},"headline":"Il piano di Enrico Pieranunzi domenica all&#8217;Unisono di Feltre","datePublished":"2019-11-05T09:10:05+00:00","mainEntityOfPage":{"@id":"https:\/\/www.bellunopress.it\/2019\/11\/05\/il-piano-di-enrico-pieranunzi-domenica-allunisono-di-feltre\/"},"wordCount":666,"publisher":{"@id":"https:\/\/www.bellunopress.it\/#organization"},"image":{"@id":"https:\/\/www.bellunopress.it\/2019\/11\/05\/il-piano-di-enrico-pieranunzi-domenica-allunisono-di-feltre\/#primaryimage"},"thumbnailUrl":"http:\/\/www.bellunopress.it\/wp-content\/uploads\/2019\/09\/Palazzo-Guarnieri-feltre.jpg","articleSection":["Appuntamenti, Eventi","Arte, Cultura, Spettacoli, Scienza","Pausa Caff\u00e8"],"inLanguage":"fr-FR"},{"@type":"WebPage","@id":"https:\/\/www.bellunopress.it\/2019\/11\/05\/il-piano-di-enrico-pieranunzi-domenica-allunisono-di-feltre\/","url":"https:\/\/www.bellunopress.it\/2019\/11\/05\/il-piano-di-enrico-pieranunzi-domenica-allunisono-di-feltre\/","name":"Il piano di Enrico Pieranunzi domenica all'Unisono di Feltre - Bellunopress - Dolomiti","isPartOf":{"@id":"https:\/\/www.bellunopress.it\/#website"},"primaryImageOfPage":{"@id":"https:\/\/www.bellunopress.it\/2019\/11\/05\/il-piano-di-enrico-pieranunzi-domenica-allunisono-di-feltre\/#primaryimage"},"image":{"@id":"https:\/\/www.bellunopress.it\/2019\/11\/05\/il-piano-di-enrico-pieranunzi-domenica-allunisono-di-feltre\/#primaryimage"},"thumbnailUrl":"http:\/\/www.bellunopress.it\/wp-content\/uploads\/2019\/09\/Palazzo-Guarnieri-feltre.jpg","datePublished":"2019-11-05T09:10:05+00:00","breadcrumb":{"@id":"https:\/\/www.bellunopress.it\/2019\/11\/05\/il-piano-di-enrico-pieranunzi-domenica-allunisono-di-feltre\/#breadcrumb"},"inLanguage":"fr-FR","potentialAction":[{"@type":"ReadAction","target":["https:\/\/www.bellunopress.it\/2019\/11\/05\/il-piano-di-enrico-pieranunzi-domenica-allunisono-di-feltre\/"]}]},{"@type":"ImageObject","inLanguage":"fr-FR","@id":"https:\/\/www.bellunopress.it\/2019\/11\/05\/il-piano-di-enrico-pieranunzi-domenica-allunisono-di-feltre\/#primaryimage","url":"http:\/\/www.bellunopress.it\/wp-content\/uploads\/2019\/09\/Palazzo-Guarnieri-feltre.jpg","contentUrl":"http:\/\/www.bellunopress.it\/wp-content\/uploads\/2019\/09\/Palazzo-Guarnieri-feltre.jpg"},{"@type":"BreadcrumbList","@id":"https:\/\/www.bellunopress.it\/2019\/11\/05\/il-piano-di-enrico-pieranunzi-domenica-allunisono-di-feltre\/#breadcrumb","itemListElement":[{"@type":"ListItem","position":1,"name":"Home","item":"https:\/\/www.bellunopress.it\/"},{"@type":"ListItem","position":2,"name":"Il piano di Enrico Pieranunzi domenica all&#8217;Unisono di Feltre"}]},{"@type":"WebSite","@id":"https:\/\/www.bellunopress.it\/#website","url":"https:\/\/www.bellunopress.it\/","name":"Bellunopress - Dolomiti","description":"e-mail: redazione@bellunopress.it","publisher":{"@id":"https:\/\/www.bellunopress.it\/#organization"},"potentialAction":[{"@type":"SearchAction","target":{"@type":"EntryPoint","urlTemplate":"https:\/\/www.bellunopress.it\/?s={search_term_string}"},"query-input":{"@type":"PropertyValueSpecification","valueRequired":true,"valueName":"search_term_string"}}],"inLanguage":"fr-FR"},{"@type":"Organization","@id":"https:\/\/www.bellunopress.it\/#organization","name":"Bellunopress","url":"https:\/\/www.bellunopress.it\/","logo":{"@type":"ImageObject","inLanguage":"fr-FR","@id":"https:\/\/www.bellunopress.it\/#\/schema\/logo\/image\/","url":"https:\/\/www.bellunopress.it\/wp-content\/uploads\/2011\/05\/cropped-logo-bellunopress-.jpg","contentUrl":"https:\/\/www.bellunopress.it\/wp-content\/uploads\/2011\/05\/cropped-logo-bellunopress-.jpg","width":512,"height":512,"caption":"Bellunopress"},"image":{"@id":"https:\/\/www.bellunopress.it\/#\/schema\/logo\/image\/"},"sameAs":["https:\/\/www.facebook.com\/profile.php?id=100008943462799","https:\/\/x.com\/bellunopress","https:\/\/www.linkedin.com\/hp\/?dnr=JBzUWaJfMUw8vbXJJ2tVW5-I3jZKvC4wsoxE&amp;amp;amp;amp;amp;amp;trk=nav_responsive_tab_home","https:\/\/www.youtube.com\/channel\/UCxL0wu1uN0_3_7hGG0306cw"]},{"@type":"Person","@id":"https:\/\/www.bellunopress.it\/#\/schema\/person\/79bb06722b37ece1c03d3e94beb30d73","name":"r\u00e9daction","image":{"@type":"ImageObject","inLanguage":"fr-FR","@id":"https:\/\/secure.gravatar.com\/avatar\/37d968a2e67a6fd04c169c4bdef102d0bc5d31b2546345219e348575eb80e9a0?s=96&d=mm&r=g","url":"https:\/\/secure.gravatar.com\/avatar\/37d968a2e67a6fd04c169c4bdef102d0bc5d31b2546345219e348575eb80e9a0?s=96&d=mm&r=g","contentUrl":"https:\/\/secure.gravatar.com\/avatar\/37d968a2e67a6fd04c169c4bdef102d0bc5d31b2546345219e348575eb80e9a0?s=96&d=mm&r=g","caption":"redazione"},"sameAs":["http:\/\/www.bellunopress.it","https:\/\/x.com\/bellunopress"],"url":"https:\/\/www.bellunopress.it\/fr\/author\/redazione\/"}]}},"_links":{"self":[{"href":"https:\/\/www.bellunopress.it\/fr\/wp-json\/wp\/v2\/posts\/109327","targetHints":{"allow":["GET"]}}],"collection":[{"href":"https:\/\/www.bellunopress.it\/fr\/wp-json\/wp\/v2\/posts"}],"about":[{"href":"https:\/\/www.bellunopress.it\/fr\/wp-json\/wp\/v2\/types\/post"}],"author":[{"embeddable":true,"href":"https:\/\/www.bellunopress.it\/fr\/wp-json\/wp\/v2\/users\/2"}],"replies":[{"embeddable":true,"href":"https:\/\/www.bellunopress.it\/fr\/wp-json\/wp\/v2\/comments?post=109327"}],"version-history":[{"count":1,"href":"https:\/\/www.bellunopress.it\/fr\/wp-json\/wp\/v2\/posts\/109327\/revisions"}],"predecessor-version":[{"id":109328,"href":"https:\/\/www.bellunopress.it\/fr\/wp-json\/wp\/v2\/posts\/109327\/revisions\/109328"}],"wp:attachment":[{"href":"https:\/\/www.bellunopress.it\/fr\/wp-json\/wp\/v2\/media?parent=109327"}],"wp:term":[{"taxonomy":"category","embeddable":true,"href":"https:\/\/www.bellunopress.it\/fr\/wp-json\/wp\/v2\/categories?post=109327"},{"taxonomy":"post_tag","embeddable":true,"href":"https:\/\/www.bellunopress.it\/fr\/wp-json\/wp\/v2\/tags?post=109327"}],"curies":[{"name":"wp","href":"https:\/\/api.w.org\/{rel}","templated":true}]}}