{"id":109315,"date":"2019-11-04T13:48:39","date_gmt":"2019-11-04T12:48:39","guid":{"rendered":"http:\/\/www.bellunopress.it\/?p=109315"},"modified":"2019-11-04T13:48:39","modified_gmt":"2019-11-04T12:48:39","slug":"arredamont-chiude-con-oltre-30-mila-visitatori-e-una-forte-spinta-allinternazionalizzazione-bellati-risultato-straordinario-un-anno-dopo-vaia-un-segno-che-ci-da-fiducia-per","status":"publish","type":"post","link":"https:\/\/www.bellunopress.it\/fr\/2019\/11\/04\/arredamont-chiude-con-oltre-30-mila-visitatori-e-una-forte-spinta-allinternazionalizzazione-bellati-risultato-straordinario-un-anno-dopo-vaia-un-segno-che-ci-da-fiducia-per\/","title":{"rendered":"Arredamont chiude con oltre 30 mila visitatori e una forte spinta all\u2019internazionalizzazione. \u00a0Bellati: \u201cRisultato straordinario un anno dopo Vaia. Un segno che ci d\u00e0 fiducia per il futuro\u201d"},"content":{"rendered":"<p><a href=\"http:\/\/www.bellunopress.it\/fr\/2019\/10\/28\/arredamont-si-conferma-un-grande-evento-mercoledi-la-presentazione-in-anteprima-del-nuovo-libro-vajont-una-storia-da-raccontare\/arredamont-2019\/\" rel=\"attachment wp-att-109151\"><img loading=\"lazy\" decoding=\"async\" class=\"alignleft size-full wp-image-109151\" src=\"http:\/\/www.bellunopress.it\/wp-content\/uploads\/2019\/10\/arredamont-2019.jpg\" alt=\"\" width=\"300\" height=\"225\" \/><\/a>Va in archivio con un bilancio al di sopra delle aspettative, la 42esima edizione di Arredamont, la Mostra dell\u2019arredare in montagna che si \u00e8 chiusa ieri a Longarone Fiere. Sono stati, infatti, raggiunti i 30 mila visitatori che nei nove giorni di fiera, cominciata il 26 ottobre scorso, hanno gremito i padiglioni per vedere i prodotti e conoscere gli espositori, 180 per oltre 200 marchi, provenienti da 11 regioni e 4 Paesi esteri.<br \/>\nNumeri molto importanti che permettono allo storico appuntamento di riferimento per l\u2019arredamento di montagna di ritornare sugli standard consueti dopo le ripercussioni subite lo scorso anno a causa della tempesta Vaia, che proprio in quei giorni si abbatteva sulle montagne del Veneto, Trentino-Alto Adige e Friuli Venezia Giulia, provocando danni per 160 mila euro alla stessa struttura fieristica, una giornata di chiusura, grosse difficolt\u00e0 ad accedervi per il clima infausto e i problemi sulle strade.<br \/>\nL\u2019ultimo fine settimana, in particolare, ha segnato un\u2019impennata nelle entrate, con tanta gente ad affollarsi tra gli stand, distribuiti su una superficie di ben 17 mila metri quadrati: operatori e appassionati del settore, giovani coppie, famiglie con bambini al seguito, persone pi\u00f9 avanti con gli anni che da sempre non mancano l\u2019appuntamento.<\/p>\n<p>\u201cSappiamo tutti cosa ha provocato Vaia per queste terre e queste comunit\u00e0 \u2013 spiega il presidente di Longarone Fiere Gian Angelo Bellati \u2013 Dopo quello che \u00e8 accaduto siamo ripartiti non senza qualche fatica, ma adesso che siamo arrivati alla conclusione possiamo festeggiare. \u00c8 un risultato che ci rinfranca e che ora vogliamo condividere con tutti coloro che hanno voluto esserci: gli espositori, prima di tutto, il pubblico che \u00e8 venuto a trovarci, le autorit\u00e0, tutta la squadra della fiera che ha lavorato alacremente. Dire grazie \u00e8 dire poco\u201d.<br \/>\nOspite d\u2019onore, nel fine settimana, \u00e8 stato il vescovo di Belluno-Feltre, monsignor Renato Marangoni che, accolto dal vice presidente Giorgio Bosa e dal Sindaco di Longarone Roberto Padrin, si \u00e8 intrattenuto tra gli stand con gli espositori e i visitatori e ha impartito la benedizione dall\u2019area di Arte In Fiera Dolomiti.<br \/>\nArredamont \u00e8 stata una straordinaria mostra dell\u2019arredare in montagna, con un\u2019offerta di altissima qualit\u00e0: mobili, oggetti, complementi, tessuti e oggettistica per la montagna, per le abitazioni private e per le strutture ricettive, molte delle quali guardano con interesse a questo settore anche in vista dei rinnovi degli ambienti per i Mondiali di sci Cortina 2021 e le Olimpiadi invernali Cortina 2026.<\/p>\n<p>Tanti, inoltre, gli eventi collaterali: Cita, Consociazione italiana dei tappezzieri arredatori, con rappresentanze da tutta Italia; i Mascherai alpini che nei nove giorni hanno portato a compimento la realizzazione delle due panchine con il legno schiantato da Vaia e scolpite e intagliate con le maschere dei rispettivi paesi di provenienza; il laboratorio Dolomiti Handmade perla di creativit\u00e0 e ingegno; la presentazione in anteprima del nuovo libro sulla tragedia del 1963 \u201cVajont, una storia da raccontare\u201d; i workshop e gli approfondimenti proposti dal CFS &#8211; Centro di Formazione e Sicurezza di Belluno, l\u2019Istituto \u201cEnrico Fermi\u201d \u2013 IPSIA Mobile e Arredamento di Santo Stefano di Cadore e il Centro Consorzi di Sedico, a conferma dell\u2019impegno verso le nuove generazioni e il mondo della scuola.<br \/>\nMolto significativa, anche in questa circostanza come nelle precedenti fiere, la presenza di Arte In Fiera Dolomiti, per la direzione artistica di Franco Fonzo, elegante connubio tra l\u2019arte declinata in vario modo, dalla pittura alla scultura, e l\u2019attenzione per la montagna.<\/p>\n<p>Un altro elemento da sottolineare infine \u00e8 la crescita significativa dei buyers stranieri presenti in fiera, a cui \u00e8 corrisposto un aumento degli incontri B2B, a contrassegnare un\u2019ulteriore spinta all\u2019internazionalizzazione di Arredamont, obiettivo strategico su cui punta forte Longarone Fiere.<br \/>\n\u201cArredamont \u2013 sottolinea il presidente Bellati \u2013 conferma il suo radicamento con il territorio dolomitico e alpino e nel contempo attrae interesse oltre confine affermandosi come un evento unico nel suo genere in Europa. Anche per questo, un anno dopo Vaia il risultato \u00e8 stato straordinario, proprio ricordando da dove ripartivamo: un segno che ci d\u00e0 fiducia per il futuro\u201d.<\/p>","protected":false},"excerpt":{"rendered":"<p>Va in archivio con un bilancio al di sopra delle aspettative, la 42esima edizione di Arredamont, la Mostra dell\u2019arredare in montagna che si \u00e8 chiusa ieri a Longarone Fiere. Sono stati, infatti, raggiunti i 30 mila visitatori che nei nove giorni di fiera, cominciata il 26 ottobre scorso, hanno gremito i padiglioni per vedere i [&hellip;]<\/p>\n","protected":false},"author":2,"featured_media":0,"comment_status":"closed","ping_status":"open","sticky":false,"template":"","format":"standard","meta":{"footnotes":""},"categories":[36,26],"tags":[],"class_list":["post-109315","post","type-post","status-publish","format-standard","category-lavoro-economia","category-prima-pagina"],"yoast_head":"<!-- This site is optimized with the Yoast SEO plugin v28.4 - https:\/\/yoast.com\/product\/yoast-seo-wordpress\/ -->\n<title>Arredamont chiude con oltre 30 mila visitatori e una forte spinta all\u2019internazionalizzazione. \u00a0Bellati: \u201cRisultato straordinario un anno dopo Vaia. Un segno che ci d\u00e0 fiducia per il futuro\u201d - Bellunopress - Dolomiti<\/title>\n<meta name=\"robots\" content=\"index, follow, max-snippet:-1, max-image-preview:large, max-video-preview:-1\" \/>\n<link rel=\"canonical\" href=\"https:\/\/www.bellunopress.it\/fr\/2019\/11\/04\/arredamont-chiude-con-oltre-30-mila-visitatori-e-una-forte-spinta-allinternazionalizzazione-bellati-risultato-straordinario-un-anno-dopo-vaia-un-segno-che-ci-da-fiducia-per\/\" \/>\n<meta property=\"og:locale\" content=\"fr_FR\" \/>\n<meta property=\"og:type\" content=\"article\" \/>\n<meta property=\"og:title\" content=\"Arredamont chiude con oltre 30 mila visitatori e una forte spinta all\u2019internazionalizzazione. \u00a0Bellati: \u201cRisultato straordinario un anno dopo Vaia. Un segno che ci d\u00e0 fiducia per il futuro\u201d - Bellunopress - Dolomiti\" \/>\n<meta property=\"og:description\" content=\"Va in archivio con un bilancio al di sopra delle aspettative, la 42esima edizione di Arredamont, la Mostra dell\u2019arredare in montagna che si \u00e8 chiusa ieri a Longarone Fiere. Sono stati, infatti, raggiunti i 30 mila visitatori che nei nove giorni di fiera, cominciata il 26 ottobre scorso, hanno gremito i padiglioni per vedere i [&hellip;]\" \/>\n<meta property=\"og:url\" content=\"https:\/\/www.bellunopress.it\/fr\/2019\/11\/04\/arredamont-chiude-con-oltre-30-mila-visitatori-e-una-forte-spinta-allinternazionalizzazione-bellati-risultato-straordinario-un-anno-dopo-vaia-un-segno-che-ci-da-fiducia-per\/\" \/>\n<meta property=\"og:site_name\" content=\"Bellunopress - Dolomiti\" \/>\n<meta property=\"article:publisher\" content=\"https:\/\/www.facebook.com\/profile.php?id=100008943462799\" \/>\n<meta property=\"article:published_time\" content=\"2019-11-04T12:48:39+00:00\" \/>\n<meta property=\"og:image\" content=\"http:\/\/www.bellunopress.it\/wp-content\/uploads\/2019\/10\/arredamont-2019.jpg\" \/>\n<meta name=\"author\" content=\"redazione\" \/>\n<meta name=\"twitter:card\" content=\"summary_large_image\" \/>\n<meta name=\"twitter:creator\" content=\"@bellunopress\" \/>\n<meta name=\"twitter:site\" content=\"@bellunopress\" \/>\n<meta name=\"twitter:label1\" content=\"Written by\" \/>\n\t<meta name=\"twitter:data1\" content=\"redazione\" \/>\n\t<meta name=\"twitter:label2\" content=\"Est. reading time\" \/>\n\t<meta name=\"twitter:data2\" content=\"3 minutes\" \/>\n<script type=\"application\/ld+json\" class=\"yoast-schema-graph\">{\"@context\":\"https:\\\/\\\/schema.org\",\"@graph\":[{\"@type\":\"Article\",\"@id\":\"https:\\\/\\\/www.bellunopress.it\\\/2019\\\/11\\\/04\\\/arredamont-chiude-con-oltre-30-mila-visitatori-e-una-forte-spinta-allinternazionalizzazione-bellati-risultato-straordinario-un-anno-dopo-vaia-un-segno-che-ci-da-fiducia-per\\\/#article\",\"isPartOf\":{\"@id\":\"https:\\\/\\\/www.bellunopress.it\\\/2019\\\/11\\\/04\\\/arredamont-chiude-con-oltre-30-mila-visitatori-e-una-forte-spinta-allinternazionalizzazione-bellati-risultato-straordinario-un-anno-dopo-vaia-un-segno-che-ci-da-fiducia-per\\\/\"},\"author\":{\"name\":\"redazione\",\"@id\":\"https:\\\/\\\/www.bellunopress.it\\\/#\\\/schema\\\/person\\\/79bb06722b37ece1c03d3e94beb30d73\"},\"headline\":\"Arredamont chiude con oltre 30 mila visitatori e una forte spinta all\u2019internazionalizzazione. \u00a0Bellati: \u201cRisultato straordinario un anno dopo Vaia. Un segno che ci d\u00e0 fiducia per il futuro\u201d\",\"datePublished\":\"2019-11-04T12:48:39+00:00\",\"mainEntityOfPage\":{\"@id\":\"https:\\\/\\\/www.bellunopress.it\\\/2019\\\/11\\\/04\\\/arredamont-chiude-con-oltre-30-mila-visitatori-e-una-forte-spinta-allinternazionalizzazione-bellati-risultato-straordinario-un-anno-dopo-vaia-un-segno-che-ci-da-fiducia-per\\\/\"},\"wordCount\":681,\"publisher\":{\"@id\":\"https:\\\/\\\/www.bellunopress.it\\\/#organization\"},\"image\":{\"@id\":\"https:\\\/\\\/www.bellunopress.it\\\/2019\\\/11\\\/04\\\/arredamont-chiude-con-oltre-30-mila-visitatori-e-una-forte-spinta-allinternazionalizzazione-bellati-risultato-straordinario-un-anno-dopo-vaia-un-segno-che-ci-da-fiducia-per\\\/#primaryimage\"},\"thumbnailUrl\":\"http:\\\/\\\/www.bellunopress.it\\\/wp-content\\\/uploads\\\/2019\\\/10\\\/arredamont-2019.jpg\",\"articleSection\":[\"Lavoro, Economia, Turismo\",\"Prima Pagina\"],\"inLanguage\":\"fr-FR\"},{\"@type\":\"WebPage\",\"@id\":\"https:\\\/\\\/www.bellunopress.it\\\/2019\\\/11\\\/04\\\/arredamont-chiude-con-oltre-30-mila-visitatori-e-una-forte-spinta-allinternazionalizzazione-bellati-risultato-straordinario-un-anno-dopo-vaia-un-segno-che-ci-da-fiducia-per\\\/\",\"url\":\"https:\\\/\\\/www.bellunopress.it\\\/2019\\\/11\\\/04\\\/arredamont-chiude-con-oltre-30-mila-visitatori-e-una-forte-spinta-allinternazionalizzazione-bellati-risultato-straordinario-un-anno-dopo-vaia-un-segno-che-ci-da-fiducia-per\\\/\",\"name\":\"Arredamont chiude con oltre 30 mila visitatori e una forte spinta all\u2019internazionalizzazione. \u00a0Bellati: \u201cRisultato straordinario un anno dopo Vaia. Un segno che ci d\u00e0 fiducia per il futuro\u201d - Bellunopress - Dolomiti\",\"isPartOf\":{\"@id\":\"https:\\\/\\\/www.bellunopress.it\\\/#website\"},\"primaryImageOfPage\":{\"@id\":\"https:\\\/\\\/www.bellunopress.it\\\/2019\\\/11\\\/04\\\/arredamont-chiude-con-oltre-30-mila-visitatori-e-una-forte-spinta-allinternazionalizzazione-bellati-risultato-straordinario-un-anno-dopo-vaia-un-segno-che-ci-da-fiducia-per\\\/#primaryimage\"},\"image\":{\"@id\":\"https:\\\/\\\/www.bellunopress.it\\\/2019\\\/11\\\/04\\\/arredamont-chiude-con-oltre-30-mila-visitatori-e-una-forte-spinta-allinternazionalizzazione-bellati-risultato-straordinario-un-anno-dopo-vaia-un-segno-che-ci-da-fiducia-per\\\/#primaryimage\"},\"thumbnailUrl\":\"http:\\\/\\\/www.bellunopress.it\\\/wp-content\\\/uploads\\\/2019\\\/10\\\/arredamont-2019.jpg\",\"datePublished\":\"2019-11-04T12:48:39+00:00\",\"breadcrumb\":{\"@id\":\"https:\\\/\\\/www.bellunopress.it\\\/2019\\\/11\\\/04\\\/arredamont-chiude-con-oltre-30-mila-visitatori-e-una-forte-spinta-allinternazionalizzazione-bellati-risultato-straordinario-un-anno-dopo-vaia-un-segno-che-ci-da-fiducia-per\\\/#breadcrumb\"},\"inLanguage\":\"fr-FR\",\"potentialAction\":[{\"@type\":\"ReadAction\",\"target\":[\"https:\\\/\\\/www.bellunopress.it\\\/2019\\\/11\\\/04\\\/arredamont-chiude-con-oltre-30-mila-visitatori-e-una-forte-spinta-allinternazionalizzazione-bellati-risultato-straordinario-un-anno-dopo-vaia-un-segno-che-ci-da-fiducia-per\\\/\"]}]},{\"@type\":\"ImageObject\",\"inLanguage\":\"fr-FR\",\"@id\":\"https:\\\/\\\/www.bellunopress.it\\\/2019\\\/11\\\/04\\\/arredamont-chiude-con-oltre-30-mila-visitatori-e-una-forte-spinta-allinternazionalizzazione-bellati-risultato-straordinario-un-anno-dopo-vaia-un-segno-che-ci-da-fiducia-per\\\/#primaryimage\",\"url\":\"http:\\\/\\\/www.bellunopress.it\\\/wp-content\\\/uploads\\\/2019\\\/10\\\/arredamont-2019.jpg\",\"contentUrl\":\"http:\\\/\\\/www.bellunopress.it\\\/wp-content\\\/uploads\\\/2019\\\/10\\\/arredamont-2019.jpg\"},{\"@type\":\"BreadcrumbList\",\"@id\":\"https:\\\/\\\/www.bellunopress.it\\\/2019\\\/11\\\/04\\\/arredamont-chiude-con-oltre-30-mila-visitatori-e-una-forte-spinta-allinternazionalizzazione-bellati-risultato-straordinario-un-anno-dopo-vaia-un-segno-che-ci-da-fiducia-per\\\/#breadcrumb\",\"itemListElement\":[{\"@type\":\"ListItem\",\"position\":1,\"name\":\"Home\",\"item\":\"https:\\\/\\\/www.bellunopress.it\\\/\"},{\"@type\":\"ListItem\",\"position\":2,\"name\":\"Arredamont chiude con oltre 30 mila visitatori e una forte spinta all\u2019internazionalizzazione. \u00a0Bellati: \u201cRisultato straordinario un anno dopo Vaia. Un segno che ci d\u00e0 fiducia per il futuro\u201d\"}]},{\"@type\":\"WebSite\",\"@id\":\"https:\\\/\\\/www.bellunopress.it\\\/#website\",\"url\":\"https:\\\/\\\/www.bellunopress.it\\\/\",\"name\":\"Bellunopress - Dolomiti\",\"description\":\"e-mail: redazione@bellunopress.it\",\"publisher\":{\"@id\":\"https:\\\/\\\/www.bellunopress.it\\\/#organization\"},\"potentialAction\":[{\"@type\":\"SearchAction\",\"target\":{\"@type\":\"EntryPoint\",\"urlTemplate\":\"https:\\\/\\\/www.bellunopress.it\\\/?s={search_term_string}\"},\"query-input\":{\"@type\":\"PropertyValueSpecification\",\"valueRequired\":true,\"valueName\":\"search_term_string\"}}],\"inLanguage\":\"fr-FR\"},{\"@type\":\"Organization\",\"@id\":\"https:\\\/\\\/www.bellunopress.it\\\/#organization\",\"name\":\"Bellunopress\",\"url\":\"https:\\\/\\\/www.bellunopress.it\\\/\",\"logo\":{\"@type\":\"ImageObject\",\"inLanguage\":\"fr-FR\",\"@id\":\"https:\\\/\\\/www.bellunopress.it\\\/#\\\/schema\\\/logo\\\/image\\\/\",\"url\":\"https:\\\/\\\/www.bellunopress.it\\\/wp-content\\\/uploads\\\/2011\\\/05\\\/cropped-logo-bellunopress-.jpg\",\"contentUrl\":\"https:\\\/\\\/www.bellunopress.it\\\/wp-content\\\/uploads\\\/2011\\\/05\\\/cropped-logo-bellunopress-.jpg\",\"width\":512,\"height\":512,\"caption\":\"Bellunopress\"},\"image\":{\"@id\":\"https:\\\/\\\/www.bellunopress.it\\\/#\\\/schema\\\/logo\\\/image\\\/\"},\"sameAs\":[\"https:\\\/\\\/www.facebook.com\\\/profile.php?id=100008943462799\",\"https:\\\/\\\/x.com\\\/bellunopress\",\"https:\\\/\\\/www.linkedin.com\\\/hp\\\/?dnr=JBzUWaJfMUw8vbXJJ2tVW5-I3jZKvC4wsoxE&amp;amp;amp;amp;amp;amp;trk=nav_responsive_tab_home\",\"https:\\\/\\\/www.youtube.com\\\/channel\\\/UCxL0wu1uN0_3_7hGG0306cw\"]},{\"@type\":\"Person\",\"@id\":\"https:\\\/\\\/www.bellunopress.it\\\/#\\\/schema\\\/person\\\/79bb06722b37ece1c03d3e94beb30d73\",\"name\":\"redazione\",\"image\":{\"@type\":\"ImageObject\",\"inLanguage\":\"fr-FR\",\"@id\":\"https:\\\/\\\/secure.gravatar.com\\\/avatar\\\/37d968a2e67a6fd04c169c4bdef102d0bc5d31b2546345219e348575eb80e9a0?s=96&d=mm&r=g\",\"url\":\"https:\\\/\\\/secure.gravatar.com\\\/avatar\\\/37d968a2e67a6fd04c169c4bdef102d0bc5d31b2546345219e348575eb80e9a0?s=96&d=mm&r=g\",\"contentUrl\":\"https:\\\/\\\/secure.gravatar.com\\\/avatar\\\/37d968a2e67a6fd04c169c4bdef102d0bc5d31b2546345219e348575eb80e9a0?s=96&d=mm&r=g\",\"caption\":\"redazione\"},\"sameAs\":[\"http:\\\/\\\/www.bellunopress.it\",\"https:\\\/\\\/x.com\\\/bellunopress\"],\"url\":\"https:\\\/\\\/www.bellunopress.it\\\/fr\\\/author\\\/redazione\\\/\"}]}<\/script>\n<!-- \/ Yoast SEO plugin. -->","yoast_head_json":{"title":"Arredamont chiude con oltre 30 mila visitatori e una forte spinta all\u2019internazionalizzazione. \u00a0Bellati: \u201cRisultato straordinario un anno dopo Vaia. Un segno che ci d\u00e0 fiducia per il futuro\u201d - Bellunopress - Dolomiti","robots":{"index":"index","follow":"follow","max-snippet":"max-snippet:-1","max-image-preview":"max-image-preview:large","max-video-preview":"max-video-preview:-1"},"canonical":"https:\/\/www.bellunopress.it\/fr\/2019\/11\/04\/arredamont-chiude-con-oltre-30-mila-visitatori-e-una-forte-spinta-allinternazionalizzazione-bellati-risultato-straordinario-un-anno-dopo-vaia-un-segno-che-ci-da-fiducia-per\/","og_locale":"fr_FR","og_type":"article","og_title":"Arredamont chiude con oltre 30 mila visitatori e una forte spinta all\u2019internazionalizzazione. \u00a0Bellati: \u201cRisultato straordinario un anno dopo Vaia. Un segno che ci d\u00e0 fiducia per il futuro\u201d - Bellunopress - Dolomiti","og_description":"Va in archivio con un bilancio al di sopra delle aspettative, la 42esima edizione di Arredamont, la Mostra dell\u2019arredare in montagna che si \u00e8 chiusa ieri a Longarone Fiere. Sono stati, infatti, raggiunti i 30 mila visitatori che nei nove giorni di fiera, cominciata il 26 ottobre scorso, hanno gremito i padiglioni per vedere i [&hellip;]","og_url":"https:\/\/www.bellunopress.it\/fr\/2019\/11\/04\/arredamont-chiude-con-oltre-30-mila-visitatori-e-una-forte-spinta-allinternazionalizzazione-bellati-risultato-straordinario-un-anno-dopo-vaia-un-segno-che-ci-da-fiducia-per\/","og_site_name":"Bellunopress - Dolomiti","article_publisher":"https:\/\/www.facebook.com\/profile.php?id=100008943462799","article_published_time":"2019-11-04T12:48:39+00:00","og_image":[{"url":"http:\/\/www.bellunopress.it\/wp-content\/uploads\/2019\/10\/arredamont-2019.jpg","type":"","width":"","height":""}],"author":"redazione","twitter_card":"summary_large_image","twitter_creator":"@bellunopress","twitter_site":"@bellunopress","twitter_misc":{"Written by":"redazione","Est. reading time":"3 minutes"},"schema":{"@context":"https:\/\/schema.org","@graph":[{"@type":"Article","@id":"https:\/\/www.bellunopress.it\/2019\/11\/04\/arredamont-chiude-con-oltre-30-mila-visitatori-e-una-forte-spinta-allinternazionalizzazione-bellati-risultato-straordinario-un-anno-dopo-vaia-un-segno-che-ci-da-fiducia-per\/#article","isPartOf":{"@id":"https:\/\/www.bellunopress.it\/2019\/11\/04\/arredamont-chiude-con-oltre-30-mila-visitatori-e-una-forte-spinta-allinternazionalizzazione-bellati-risultato-straordinario-un-anno-dopo-vaia-un-segno-che-ci-da-fiducia-per\/"},"author":{"name":"redazione","@id":"https:\/\/www.bellunopress.it\/#\/schema\/person\/79bb06722b37ece1c03d3e94beb30d73"},"headline":"Arredamont chiude con oltre 30 mila visitatori e una forte spinta all\u2019internazionalizzazione. \u00a0Bellati: \u201cRisultato straordinario un anno dopo Vaia. Un segno che ci d\u00e0 fiducia per il futuro\u201d","datePublished":"2019-11-04T12:48:39+00:00","mainEntityOfPage":{"@id":"https:\/\/www.bellunopress.it\/2019\/11\/04\/arredamont-chiude-con-oltre-30-mila-visitatori-e-una-forte-spinta-allinternazionalizzazione-bellati-risultato-straordinario-un-anno-dopo-vaia-un-segno-che-ci-da-fiducia-per\/"},"wordCount":681,"publisher":{"@id":"https:\/\/www.bellunopress.it\/#organization"},"image":{"@id":"https:\/\/www.bellunopress.it\/2019\/11\/04\/arredamont-chiude-con-oltre-30-mila-visitatori-e-una-forte-spinta-allinternazionalizzazione-bellati-risultato-straordinario-un-anno-dopo-vaia-un-segno-che-ci-da-fiducia-per\/#primaryimage"},"thumbnailUrl":"http:\/\/www.bellunopress.it\/wp-content\/uploads\/2019\/10\/arredamont-2019.jpg","articleSection":["Lavoro, Economia, Turismo","Prima Pagina"],"inLanguage":"fr-FR"},{"@type":"WebPage","@id":"https:\/\/www.bellunopress.it\/2019\/11\/04\/arredamont-chiude-con-oltre-30-mila-visitatori-e-una-forte-spinta-allinternazionalizzazione-bellati-risultato-straordinario-un-anno-dopo-vaia-un-segno-che-ci-da-fiducia-per\/","url":"https:\/\/www.bellunopress.it\/2019\/11\/04\/arredamont-chiude-con-oltre-30-mila-visitatori-e-una-forte-spinta-allinternazionalizzazione-bellati-risultato-straordinario-un-anno-dopo-vaia-un-segno-che-ci-da-fiducia-per\/","name":"Arredamont chiude con oltre 30 mila visitatori e una forte spinta all\u2019internazionalizzazione. \u00a0Bellati: \u201cRisultato straordinario un anno dopo Vaia. Un segno che ci d\u00e0 fiducia per il futuro\u201d - Bellunopress - Dolomiti","isPartOf":{"@id":"https:\/\/www.bellunopress.it\/#website"},"primaryImageOfPage":{"@id":"https:\/\/www.bellunopress.it\/2019\/11\/04\/arredamont-chiude-con-oltre-30-mila-visitatori-e-una-forte-spinta-allinternazionalizzazione-bellati-risultato-straordinario-un-anno-dopo-vaia-un-segno-che-ci-da-fiducia-per\/#primaryimage"},"image":{"@id":"https:\/\/www.bellunopress.it\/2019\/11\/04\/arredamont-chiude-con-oltre-30-mila-visitatori-e-una-forte-spinta-allinternazionalizzazione-bellati-risultato-straordinario-un-anno-dopo-vaia-un-segno-che-ci-da-fiducia-per\/#primaryimage"},"thumbnailUrl":"http:\/\/www.bellunopress.it\/wp-content\/uploads\/2019\/10\/arredamont-2019.jpg","datePublished":"2019-11-04T12:48:39+00:00","breadcrumb":{"@id":"https:\/\/www.bellunopress.it\/2019\/11\/04\/arredamont-chiude-con-oltre-30-mila-visitatori-e-una-forte-spinta-allinternazionalizzazione-bellati-risultato-straordinario-un-anno-dopo-vaia-un-segno-che-ci-da-fiducia-per\/#breadcrumb"},"inLanguage":"fr-FR","potentialAction":[{"@type":"ReadAction","target":["https:\/\/www.bellunopress.it\/2019\/11\/04\/arredamont-chiude-con-oltre-30-mila-visitatori-e-una-forte-spinta-allinternazionalizzazione-bellati-risultato-straordinario-un-anno-dopo-vaia-un-segno-che-ci-da-fiducia-per\/"]}]},{"@type":"ImageObject","inLanguage":"fr-FR","@id":"https:\/\/www.bellunopress.it\/2019\/11\/04\/arredamont-chiude-con-oltre-30-mila-visitatori-e-una-forte-spinta-allinternazionalizzazione-bellati-risultato-straordinario-un-anno-dopo-vaia-un-segno-che-ci-da-fiducia-per\/#primaryimage","url":"http:\/\/www.bellunopress.it\/wp-content\/uploads\/2019\/10\/arredamont-2019.jpg","contentUrl":"http:\/\/www.bellunopress.it\/wp-content\/uploads\/2019\/10\/arredamont-2019.jpg"},{"@type":"BreadcrumbList","@id":"https:\/\/www.bellunopress.it\/2019\/11\/04\/arredamont-chiude-con-oltre-30-mila-visitatori-e-una-forte-spinta-allinternazionalizzazione-bellati-risultato-straordinario-un-anno-dopo-vaia-un-segno-che-ci-da-fiducia-per\/#breadcrumb","itemListElement":[{"@type":"ListItem","position":1,"name":"Home","item":"https:\/\/www.bellunopress.it\/"},{"@type":"ListItem","position":2,"name":"Arredamont chiude con oltre 30 mila visitatori e una forte spinta all\u2019internazionalizzazione. \u00a0Bellati: \u201cRisultato straordinario un anno dopo Vaia. Un segno che ci d\u00e0 fiducia per il futuro\u201d"}]},{"@type":"WebSite","@id":"https:\/\/www.bellunopress.it\/#website","url":"https:\/\/www.bellunopress.it\/","name":"Bellunopress - Dolomiti","description":"e-mail: redazione@bellunopress.it","publisher":{"@id":"https:\/\/www.bellunopress.it\/#organization"},"potentialAction":[{"@type":"SearchAction","target":{"@type":"EntryPoint","urlTemplate":"https:\/\/www.bellunopress.it\/?s={search_term_string}"},"query-input":{"@type":"PropertyValueSpecification","valueRequired":true,"valueName":"search_term_string"}}],"inLanguage":"fr-FR"},{"@type":"Organization","@id":"https:\/\/www.bellunopress.it\/#organization","name":"Bellunopress","url":"https:\/\/www.bellunopress.it\/","logo":{"@type":"ImageObject","inLanguage":"fr-FR","@id":"https:\/\/www.bellunopress.it\/#\/schema\/logo\/image\/","url":"https:\/\/www.bellunopress.it\/wp-content\/uploads\/2011\/05\/cropped-logo-bellunopress-.jpg","contentUrl":"https:\/\/www.bellunopress.it\/wp-content\/uploads\/2011\/05\/cropped-logo-bellunopress-.jpg","width":512,"height":512,"caption":"Bellunopress"},"image":{"@id":"https:\/\/www.bellunopress.it\/#\/schema\/logo\/image\/"},"sameAs":["https:\/\/www.facebook.com\/profile.php?id=100008943462799","https:\/\/x.com\/bellunopress","https:\/\/www.linkedin.com\/hp\/?dnr=JBzUWaJfMUw8vbXJJ2tVW5-I3jZKvC4wsoxE&amp;amp;amp;amp;amp;amp;trk=nav_responsive_tab_home","https:\/\/www.youtube.com\/channel\/UCxL0wu1uN0_3_7hGG0306cw"]},{"@type":"Person","@id":"https:\/\/www.bellunopress.it\/#\/schema\/person\/79bb06722b37ece1c03d3e94beb30d73","name":"r\u00e9daction","image":{"@type":"ImageObject","inLanguage":"fr-FR","@id":"https:\/\/secure.gravatar.com\/avatar\/37d968a2e67a6fd04c169c4bdef102d0bc5d31b2546345219e348575eb80e9a0?s=96&d=mm&r=g","url":"https:\/\/secure.gravatar.com\/avatar\/37d968a2e67a6fd04c169c4bdef102d0bc5d31b2546345219e348575eb80e9a0?s=96&d=mm&r=g","contentUrl":"https:\/\/secure.gravatar.com\/avatar\/37d968a2e67a6fd04c169c4bdef102d0bc5d31b2546345219e348575eb80e9a0?s=96&d=mm&r=g","caption":"redazione"},"sameAs":["http:\/\/www.bellunopress.it","https:\/\/x.com\/bellunopress"],"url":"https:\/\/www.bellunopress.it\/fr\/author\/redazione\/"}]}},"_links":{"self":[{"href":"https:\/\/www.bellunopress.it\/fr\/wp-json\/wp\/v2\/posts\/109315","targetHints":{"allow":["GET"]}}],"collection":[{"href":"https:\/\/www.bellunopress.it\/fr\/wp-json\/wp\/v2\/posts"}],"about":[{"href":"https:\/\/www.bellunopress.it\/fr\/wp-json\/wp\/v2\/types\/post"}],"author":[{"embeddable":true,"href":"https:\/\/www.bellunopress.it\/fr\/wp-json\/wp\/v2\/users\/2"}],"replies":[{"embeddable":true,"href":"https:\/\/www.bellunopress.it\/fr\/wp-json\/wp\/v2\/comments?post=109315"}],"version-history":[{"count":1,"href":"https:\/\/www.bellunopress.it\/fr\/wp-json\/wp\/v2\/posts\/109315\/revisions"}],"predecessor-version":[{"id":109316,"href":"https:\/\/www.bellunopress.it\/fr\/wp-json\/wp\/v2\/posts\/109315\/revisions\/109316"}],"wp:attachment":[{"href":"https:\/\/www.bellunopress.it\/fr\/wp-json\/wp\/v2\/media?parent=109315"}],"wp:term":[{"taxonomy":"category","embeddable":true,"href":"https:\/\/www.bellunopress.it\/fr\/wp-json\/wp\/v2\/categories?post=109315"},{"taxonomy":"post_tag","embeddable":true,"href":"https:\/\/www.bellunopress.it\/fr\/wp-json\/wp\/v2\/tags?post=109315"}],"curies":[{"name":"wp","href":"https:\/\/api.w.org\/{rel}","templated":true}]}}