{"id":109309,"date":"2019-11-04T13:27:38","date_gmt":"2019-11-04T12:27:38","guid":{"rendered":"http:\/\/www.bellunopress.it\/?p=109309"},"modified":"2019-11-04T13:27:38","modified_gmt":"2019-11-04T12:27:38","slug":"lavoro-al-via-le-candidature-per-incontralavoro-donazzan-convocheremo-i-beneficiari-del-reddito-di-cittadinanza","status":"publish","type":"post","link":"https:\/\/www.bellunopress.it\/fr\/2019\/11\/04\/lavoro-al-via-le-candidature-per-incontralavoro-donazzan-convocheremo-i-beneficiari-del-reddito-di-cittadinanza\/","title":{"rendered":"Lavoro. Al via le candidature per Incontralavoro. Donazzan: &#8220;Convocheremo i beneficiari del reddito di cittadinanza&#8221;"},"content":{"rendered":"<figure id=\"attachment_94736\" aria-describedby=\"caption-attachment-94736\" style=\"width: 190px\" class=\"wp-caption alignleft\"><a href=\"http:\/\/www.bellunopress.it\/fr\/2018\/05\/03\/pari-opportunita-donazzan-a-parita-di-contratto-una-donna-in-veneto-guadagna-tra-il-25-e-il-30-in-meno-deluomo\/elena-donazzan\/\" rel=\"attachment wp-att-94736\"><img loading=\"lazy\" decoding=\"async\" class=\"size-full wp-image-94736\" src=\"http:\/\/www.bellunopress.it\/wp-content\/uploads\/2018\/05\/Elena-Donazzan.jpg\" alt=\"\" width=\"190\" height=\"207\" \/><\/a><figcaption id=\"caption-attachment-94736\" class=\"wp-caption-text\">Elena Donazzan &#8211; Assessore regionale<\/figcaption><\/figure>\n<p>Venezia, 4 novembre 2019\u00a0 &#8211;\u00a0\u00a0Sono gi\u00e0 aperte le selezioni per partecipare alla quarta edizione di IncontraLavoro, l\u2019iniziativa di recruiting promossa da Regione del Veneto e Veneto Lavoro, in collaborazione con Almalaurea, in programma il 13 novembre in tutto il territorio regionale.<\/p>\n<p>Le sedi sono i Centri per l\u2019impiego di Arzignano (VI), Bassano del Grappa (VI), Belluno, Conegliano (TV), Este (PD), Legnago (VR), Mestre, Mira (VE), Montebelluna (TV), Padova, Rovigo, Schio (VI), Treviso, Verona, Vicenza, Villafranca di Verona (VR).<\/p>\n<p>L\u2019invito a partecipare alla giornata, organizzata nell\u2019ambito dell\u2019Italian Employers\u2019 Day 2019 per favorire l\u2019incontro tra le aziende in cerca di candidati e i disoccupati alla ricerca di un nuovo impiego, \u00e8 rivolto in particolare alle persone in cerca di lavoro.<br \/>\nGli operatori dei 39 Centri per l\u2019impiego del Veneto hanno gi\u00e0 vagliato i 100 mila curriculum gi\u00e0 presenti nelle proprie banche dati e sono pronti ad accogliere quanti si candideranno in questi giorni: chi parteciper\u00e0 ad Incontralavoro avr\u00e0 l\u2019opportunit\u00e0 di conoscere da vicino le imprese che offrono posti di lavoro, svolgere colloqui per le posizioni in linea con il proprio profilo professionale e partecipare a workshop e seminari sul tema della ricerca di lavoro.<\/p>\n<p>Alla prima edizione di Incontralavoro, lo scorso novembre, hanno partecipato quasi 3.000 i candidati hanno incontrato oltre 300 imprese e agenzie per il lavoro; i colloqui di lavoro svolti sono stati pi\u00f9 di 4.500, per oltre 1.200 posti disponibili.<\/p>\n<p>\u201cIncontraLavoro \u00e8 una vera e propria misura di politica attiva \u2013 evidenzia l\u2019assessore regionale al lavoro, Elena Donazzan &#8211; occasione di incontro tra domanda e offerta di lavoro e di stimolo per le persone prive di impiego ad attivarsi nella ricerca di un\u2019occupazione. \u00c8 una delle prime iniziative realizzate in Veneto da quando i Centri per l\u2019impiego sono passati sotto la guida della Regione e ha richiesto un grande sforzo organizzativo, per rendere le procedure omogenee su tutto il territorio regionale. Nelle tre passate edizioni abbiamo riscosso una partecipazione superiore alle aspettative, con ottimi riscontri sia da parte delle imprese che dei candidati, e ad un anno dal varo il meccanismo \u00e8 ormai oliato. In alcuni casi IncontraLavoro si \u00e8 anche rivelata una buona risposta alle difficolt\u00e0 di reclutamento delle imprese, tanto che aziende come Zalando e McDonald\u2019s si sono rivolte alla Regione Veneto e a Veneto Lavoro per organizzare specifiche giornate di recruiting, riconoscendo il valore aggiunto che la competenza e la professionalit\u00e0 degli operatori pubblici per l\u2019impiego possono garantire. Il prossimo 13 novembre convocheremo anche i beneficiari del Reddito di cittadinanza, nella convinzione di poter offrire loro occasioni di lavoro che possano spingerli a rinunciare a un sussidio assistenzialistico quale va configurandosi il RdC, per entrare o rientrare stabilmente nel mercato del lavoro\u201d.<\/p>\n<p>I disoccupati interessati a partecipare alle preselezioni possono contattare il Centro per l\u2019impiego o candidarsi direttamente online sul portale ClicLavoro Veneto, scegliendo una delle 16 sedi che ospitano l\u2019evento e consultando tutte le offerte disponibili nella sezione IncontraLavoro del servizio \u201cCentro per l\u2019Impiego Online\u201d.<\/p>\n<p>I candidati selezionati saranno ricontattati dagli operatori del CPI e invitati a partecipare ai colloqui nella giornata del 13 novembre. Al momento sono oltre 1.500 le offerte di lavoro gi\u00e0 raccolte per l\u2019occasione da circa 150 imprese, un numero destinato a crescere visto che le aziende possono ancora aderire.<\/p>\n<p>Maggiori informazioni sull\u2019iniziativa e sulle modalit\u00e0 di candidatura sono disponibili alla pagina dedicata di ClicLavoro Veneto, www.cliclavoroveneto.it\/incontralavoro.<\/p>","protected":false},"excerpt":{"rendered":"<p>Venezia, 4 novembre 2019\u00a0 &#8211;\u00a0\u00a0Sono gi\u00e0 aperte le selezioni per partecipare alla quarta edizione di IncontraLavoro, l\u2019iniziativa di recruiting promossa da Regione del Veneto e Veneto Lavoro, in collaborazione con Almalaurea, in programma il 13 novembre in tutto il territorio regionale. Le sedi sono i Centri per l\u2019impiego di Arzignano (VI), Bassano del Grappa (VI), [&hellip;]<\/p>\n","protected":false},"author":2,"featured_media":0,"comment_status":"closed","ping_status":"open","sticky":false,"template":"","format":"standard","meta":{"footnotes":""},"categories":[5,26],"tags":[],"class_list":["post-109309","post","type-post","status-publish","format-standard","category-cronaca","category-prima-pagina"],"yoast_head":"<!-- This site is optimized with the Yoast SEO plugin v28.4 - https:\/\/yoast.com\/product\/yoast-seo-wordpress\/ -->\n<title>Lavoro. Al via le candidature per Incontralavoro. Donazzan: &quot;Convocheremo i beneficiari del reddito di cittadinanza&quot; - Bellunopress - Dolomiti<\/title>\n<meta name=\"robots\" content=\"index, follow, max-snippet:-1, max-image-preview:large, max-video-preview:-1\" \/>\n<link rel=\"canonical\" href=\"https:\/\/www.bellunopress.it\/fr\/2019\/11\/04\/lavoro-al-via-le-candidature-per-incontralavoro-donazzan-convocheremo-i-beneficiari-del-reddito-di-cittadinanza\/\" \/>\n<meta property=\"og:locale\" content=\"fr_FR\" \/>\n<meta property=\"og:type\" content=\"article\" \/>\n<meta property=\"og:title\" content=\"Lavoro. Al via le candidature per Incontralavoro. Donazzan: &quot;Convocheremo i beneficiari del reddito di cittadinanza&quot; - Bellunopress - Dolomiti\" \/>\n<meta property=\"og:description\" content=\"Venezia, 4 novembre 2019\u00a0 &#8211;\u00a0\u00a0Sono gi\u00e0 aperte le selezioni per partecipare alla quarta edizione di IncontraLavoro, l\u2019iniziativa di recruiting promossa da Regione del Veneto e Veneto Lavoro, in collaborazione con Almalaurea, in programma il 13 novembre in tutto il territorio regionale. Le sedi sono i Centri per l\u2019impiego di Arzignano (VI), Bassano del Grappa (VI), [&hellip;]\" \/>\n<meta property=\"og:url\" content=\"https:\/\/www.bellunopress.it\/fr\/2019\/11\/04\/lavoro-al-via-le-candidature-per-incontralavoro-donazzan-convocheremo-i-beneficiari-del-reddito-di-cittadinanza\/\" \/>\n<meta property=\"og:site_name\" content=\"Bellunopress - Dolomiti\" \/>\n<meta property=\"article:publisher\" content=\"https:\/\/www.facebook.com\/profile.php?id=100008943462799\" \/>\n<meta property=\"article:published_time\" content=\"2019-11-04T12:27:38+00:00\" \/>\n<meta property=\"og:image\" content=\"http:\/\/www.bellunopress.it\/wp-content\/uploads\/2018\/05\/Elena-Donazzan.jpg\" \/>\n<meta name=\"author\" content=\"redazione\" \/>\n<meta name=\"twitter:card\" content=\"summary_large_image\" \/>\n<meta name=\"twitter:creator\" content=\"@bellunopress\" \/>\n<meta name=\"twitter:site\" content=\"@bellunopress\" \/>\n<meta name=\"twitter:label1\" content=\"\u00c9crit par\" \/>\n\t<meta name=\"twitter:data1\" content=\"redazione\" \/>\n\t<meta name=\"twitter:label2\" content=\"Dur\u00e9e de lecture estim\u00e9e\" \/>\n\t<meta name=\"twitter:data2\" content=\"3 minutes\" \/>\n<script type=\"application\/ld+json\" class=\"yoast-schema-graph\">{\"@context\":\"https:\\\/\\\/schema.org\",\"@graph\":[{\"@type\":\"Article\",\"@id\":\"https:\\\/\\\/www.bellunopress.it\\\/2019\\\/11\\\/04\\\/lavoro-al-via-le-candidature-per-incontralavoro-donazzan-convocheremo-i-beneficiari-del-reddito-di-cittadinanza\\\/#article\",\"isPartOf\":{\"@id\":\"https:\\\/\\\/www.bellunopress.it\\\/2019\\\/11\\\/04\\\/lavoro-al-via-le-candidature-per-incontralavoro-donazzan-convocheremo-i-beneficiari-del-reddito-di-cittadinanza\\\/\"},\"author\":{\"name\":\"redazione\",\"@id\":\"https:\\\/\\\/www.bellunopress.it\\\/#\\\/schema\\\/person\\\/79bb06722b37ece1c03d3e94beb30d73\"},\"headline\":\"Lavoro. Al via le candidature per Incontralavoro. Donazzan: &#8220;Convocheremo i beneficiari del reddito di cittadinanza&#8221;\",\"datePublished\":\"2019-11-04T12:27:38+00:00\",\"mainEntityOfPage\":{\"@id\":\"https:\\\/\\\/www.bellunopress.it\\\/2019\\\/11\\\/04\\\/lavoro-al-via-le-candidature-per-incontralavoro-donazzan-convocheremo-i-beneficiari-del-reddito-di-cittadinanza\\\/\"},\"wordCount\":584,\"publisher\":{\"@id\":\"https:\\\/\\\/www.bellunopress.it\\\/#organization\"},\"image\":{\"@id\":\"https:\\\/\\\/www.bellunopress.it\\\/2019\\\/11\\\/04\\\/lavoro-al-via-le-candidature-per-incontralavoro-donazzan-convocheremo-i-beneficiari-del-reddito-di-cittadinanza\\\/#primaryimage\"},\"thumbnailUrl\":\"http:\\\/\\\/www.bellunopress.it\\\/wp-content\\\/uploads\\\/2018\\\/05\\\/Elena-Donazzan.jpg\",\"articleSection\":[\"Cronaca\\\/Politica\",\"Prima Pagina\"],\"inLanguage\":\"fr-FR\"},{\"@type\":\"WebPage\",\"@id\":\"https:\\\/\\\/www.bellunopress.it\\\/2019\\\/11\\\/04\\\/lavoro-al-via-le-candidature-per-incontralavoro-donazzan-convocheremo-i-beneficiari-del-reddito-di-cittadinanza\\\/\",\"url\":\"https:\\\/\\\/www.bellunopress.it\\\/2019\\\/11\\\/04\\\/lavoro-al-via-le-candidature-per-incontralavoro-donazzan-convocheremo-i-beneficiari-del-reddito-di-cittadinanza\\\/\",\"name\":\"Lavoro. Al via le candidature per Incontralavoro. Donazzan: \\\"Convocheremo i beneficiari del reddito di cittadinanza\\\" - Bellunopress - Dolomiti\",\"isPartOf\":{\"@id\":\"https:\\\/\\\/www.bellunopress.it\\\/#website\"},\"primaryImageOfPage\":{\"@id\":\"https:\\\/\\\/www.bellunopress.it\\\/2019\\\/11\\\/04\\\/lavoro-al-via-le-candidature-per-incontralavoro-donazzan-convocheremo-i-beneficiari-del-reddito-di-cittadinanza\\\/#primaryimage\"},\"image\":{\"@id\":\"https:\\\/\\\/www.bellunopress.it\\\/2019\\\/11\\\/04\\\/lavoro-al-via-le-candidature-per-incontralavoro-donazzan-convocheremo-i-beneficiari-del-reddito-di-cittadinanza\\\/#primaryimage\"},\"thumbnailUrl\":\"http:\\\/\\\/www.bellunopress.it\\\/wp-content\\\/uploads\\\/2018\\\/05\\\/Elena-Donazzan.jpg\",\"datePublished\":\"2019-11-04T12:27:38+00:00\",\"breadcrumb\":{\"@id\":\"https:\\\/\\\/www.bellunopress.it\\\/2019\\\/11\\\/04\\\/lavoro-al-via-le-candidature-per-incontralavoro-donazzan-convocheremo-i-beneficiari-del-reddito-di-cittadinanza\\\/#breadcrumb\"},\"inLanguage\":\"fr-FR\",\"potentialAction\":[{\"@type\":\"ReadAction\",\"target\":[\"https:\\\/\\\/www.bellunopress.it\\\/2019\\\/11\\\/04\\\/lavoro-al-via-le-candidature-per-incontralavoro-donazzan-convocheremo-i-beneficiari-del-reddito-di-cittadinanza\\\/\"]}]},{\"@type\":\"ImageObject\",\"inLanguage\":\"fr-FR\",\"@id\":\"https:\\\/\\\/www.bellunopress.it\\\/2019\\\/11\\\/04\\\/lavoro-al-via-le-candidature-per-incontralavoro-donazzan-convocheremo-i-beneficiari-del-reddito-di-cittadinanza\\\/#primaryimage\",\"url\":\"http:\\\/\\\/www.bellunopress.it\\\/wp-content\\\/uploads\\\/2018\\\/05\\\/Elena-Donazzan.jpg\",\"contentUrl\":\"http:\\\/\\\/www.bellunopress.it\\\/wp-content\\\/uploads\\\/2018\\\/05\\\/Elena-Donazzan.jpg\"},{\"@type\":\"BreadcrumbList\",\"@id\":\"https:\\\/\\\/www.bellunopress.it\\\/2019\\\/11\\\/04\\\/lavoro-al-via-le-candidature-per-incontralavoro-donazzan-convocheremo-i-beneficiari-del-reddito-di-cittadinanza\\\/#breadcrumb\",\"itemListElement\":[{\"@type\":\"ListItem\",\"position\":1,\"name\":\"Home\",\"item\":\"https:\\\/\\\/www.bellunopress.it\\\/\"},{\"@type\":\"ListItem\",\"position\":2,\"name\":\"Lavoro. Al via le candidature per Incontralavoro. Donazzan: &#8220;Convocheremo i beneficiari del reddito di cittadinanza&#8221;\"}]},{\"@type\":\"WebSite\",\"@id\":\"https:\\\/\\\/www.bellunopress.it\\\/#website\",\"url\":\"https:\\\/\\\/www.bellunopress.it\\\/\",\"name\":\"Bellunopress - Dolomiti\",\"description\":\"e-mail: redazione@bellunopress.it\",\"publisher\":{\"@id\":\"https:\\\/\\\/www.bellunopress.it\\\/#organization\"},\"potentialAction\":[{\"@type\":\"SearchAction\",\"target\":{\"@type\":\"EntryPoint\",\"urlTemplate\":\"https:\\\/\\\/www.bellunopress.it\\\/?s={search_term_string}\"},\"query-input\":{\"@type\":\"PropertyValueSpecification\",\"valueRequired\":true,\"valueName\":\"search_term_string\"}}],\"inLanguage\":\"fr-FR\"},{\"@type\":\"Organization\",\"@id\":\"https:\\\/\\\/www.bellunopress.it\\\/#organization\",\"name\":\"Bellunopress\",\"url\":\"https:\\\/\\\/www.bellunopress.it\\\/\",\"logo\":{\"@type\":\"ImageObject\",\"inLanguage\":\"fr-FR\",\"@id\":\"https:\\\/\\\/www.bellunopress.it\\\/#\\\/schema\\\/logo\\\/image\\\/\",\"url\":\"https:\\\/\\\/www.bellunopress.it\\\/wp-content\\\/uploads\\\/2011\\\/05\\\/cropped-logo-bellunopress-.jpg\",\"contentUrl\":\"https:\\\/\\\/www.bellunopress.it\\\/wp-content\\\/uploads\\\/2011\\\/05\\\/cropped-logo-bellunopress-.jpg\",\"width\":512,\"height\":512,\"caption\":\"Bellunopress\"},\"image\":{\"@id\":\"https:\\\/\\\/www.bellunopress.it\\\/#\\\/schema\\\/logo\\\/image\\\/\"},\"sameAs\":[\"https:\\\/\\\/www.facebook.com\\\/profile.php?id=100008943462799\",\"https:\\\/\\\/x.com\\\/bellunopress\",\"https:\\\/\\\/www.linkedin.com\\\/hp\\\/?dnr=JBzUWaJfMUw8vbXJJ2tVW5-I3jZKvC4wsoxE&amp;amp;amp;amp;amp;amp;trk=nav_responsive_tab_home\",\"https:\\\/\\\/www.youtube.com\\\/channel\\\/UCxL0wu1uN0_3_7hGG0306cw\"]},{\"@type\":\"Person\",\"@id\":\"https:\\\/\\\/www.bellunopress.it\\\/#\\\/schema\\\/person\\\/79bb06722b37ece1c03d3e94beb30d73\",\"name\":\"redazione\",\"image\":{\"@type\":\"ImageObject\",\"inLanguage\":\"fr-FR\",\"@id\":\"https:\\\/\\\/secure.gravatar.com\\\/avatar\\\/37d968a2e67a6fd04c169c4bdef102d0bc5d31b2546345219e348575eb80e9a0?s=96&d=mm&r=g\",\"url\":\"https:\\\/\\\/secure.gravatar.com\\\/avatar\\\/37d968a2e67a6fd04c169c4bdef102d0bc5d31b2546345219e348575eb80e9a0?s=96&d=mm&r=g\",\"contentUrl\":\"https:\\\/\\\/secure.gravatar.com\\\/avatar\\\/37d968a2e67a6fd04c169c4bdef102d0bc5d31b2546345219e348575eb80e9a0?s=96&d=mm&r=g\",\"caption\":\"redazione\"},\"sameAs\":[\"http:\\\/\\\/www.bellunopress.it\",\"https:\\\/\\\/x.com\\\/bellunopress\"],\"url\":\"https:\\\/\\\/www.bellunopress.it\\\/fr\\\/author\\\/redazione\\\/\"}]}<\/script>\n<!-- \/ Yoast SEO plugin. -->","yoast_head_json":{"title":"Lavoro. Al via le candidature per Incontralavoro. Donazzan: \"Convocheremo i beneficiari del reddito di cittadinanza\" - Bellunopress - Dolomiti","robots":{"index":"index","follow":"follow","max-snippet":"max-snippet:-1","max-image-preview":"max-image-preview:large","max-video-preview":"max-video-preview:-1"},"canonical":"https:\/\/www.bellunopress.it\/fr\/2019\/11\/04\/lavoro-al-via-le-candidature-per-incontralavoro-donazzan-convocheremo-i-beneficiari-del-reddito-di-cittadinanza\/","og_locale":"fr_FR","og_type":"article","og_title":"Lavoro. Al via le candidature per Incontralavoro. Donazzan: \"Convocheremo i beneficiari del reddito di cittadinanza\" - Bellunopress - Dolomiti","og_description":"Venezia, 4 novembre 2019\u00a0 &#8211;\u00a0\u00a0Sono gi\u00e0 aperte le selezioni per partecipare alla quarta edizione di IncontraLavoro, l\u2019iniziativa di recruiting promossa da Regione del Veneto e Veneto Lavoro, in collaborazione con Almalaurea, in programma il 13 novembre in tutto il territorio regionale. Le sedi sono i Centri per l\u2019impiego di Arzignano (VI), Bassano del Grappa (VI), [&hellip;]","og_url":"https:\/\/www.bellunopress.it\/fr\/2019\/11\/04\/lavoro-al-via-le-candidature-per-incontralavoro-donazzan-convocheremo-i-beneficiari-del-reddito-di-cittadinanza\/","og_site_name":"Bellunopress - Dolomiti","article_publisher":"https:\/\/www.facebook.com\/profile.php?id=100008943462799","article_published_time":"2019-11-04T12:27:38+00:00","og_image":[{"url":"http:\/\/www.bellunopress.it\/wp-content\/uploads\/2018\/05\/Elena-Donazzan.jpg","type":"","width":"","height":""}],"author":"redazione","twitter_card":"summary_large_image","twitter_creator":"@bellunopress","twitter_site":"@bellunopress","twitter_misc":{"\u00c9crit par":"redazione","Dur\u00e9e de lecture estim\u00e9e":"3 minutes"},"schema":{"@context":"https:\/\/schema.org","@graph":[{"@type":"Article","@id":"https:\/\/www.bellunopress.it\/2019\/11\/04\/lavoro-al-via-le-candidature-per-incontralavoro-donazzan-convocheremo-i-beneficiari-del-reddito-di-cittadinanza\/#article","isPartOf":{"@id":"https:\/\/www.bellunopress.it\/2019\/11\/04\/lavoro-al-via-le-candidature-per-incontralavoro-donazzan-convocheremo-i-beneficiari-del-reddito-di-cittadinanza\/"},"author":{"name":"redazione","@id":"https:\/\/www.bellunopress.it\/#\/schema\/person\/79bb06722b37ece1c03d3e94beb30d73"},"headline":"Lavoro. Al via le candidature per Incontralavoro. Donazzan: &#8220;Convocheremo i beneficiari del reddito di cittadinanza&#8221;","datePublished":"2019-11-04T12:27:38+00:00","mainEntityOfPage":{"@id":"https:\/\/www.bellunopress.it\/2019\/11\/04\/lavoro-al-via-le-candidature-per-incontralavoro-donazzan-convocheremo-i-beneficiari-del-reddito-di-cittadinanza\/"},"wordCount":584,"publisher":{"@id":"https:\/\/www.bellunopress.it\/#organization"},"image":{"@id":"https:\/\/www.bellunopress.it\/2019\/11\/04\/lavoro-al-via-le-candidature-per-incontralavoro-donazzan-convocheremo-i-beneficiari-del-reddito-di-cittadinanza\/#primaryimage"},"thumbnailUrl":"http:\/\/www.bellunopress.it\/wp-content\/uploads\/2018\/05\/Elena-Donazzan.jpg","articleSection":["Cronaca\/Politica","Prima Pagina"],"inLanguage":"fr-FR"},{"@type":"WebPage","@id":"https:\/\/www.bellunopress.it\/2019\/11\/04\/lavoro-al-via-le-candidature-per-incontralavoro-donazzan-convocheremo-i-beneficiari-del-reddito-di-cittadinanza\/","url":"https:\/\/www.bellunopress.it\/2019\/11\/04\/lavoro-al-via-le-candidature-per-incontralavoro-donazzan-convocheremo-i-beneficiari-del-reddito-di-cittadinanza\/","name":"Lavoro. Al via le candidature per Incontralavoro. Donazzan: \"Convocheremo i beneficiari del reddito di cittadinanza\" - Bellunopress - Dolomiti","isPartOf":{"@id":"https:\/\/www.bellunopress.it\/#website"},"primaryImageOfPage":{"@id":"https:\/\/www.bellunopress.it\/2019\/11\/04\/lavoro-al-via-le-candidature-per-incontralavoro-donazzan-convocheremo-i-beneficiari-del-reddito-di-cittadinanza\/#primaryimage"},"image":{"@id":"https:\/\/www.bellunopress.it\/2019\/11\/04\/lavoro-al-via-le-candidature-per-incontralavoro-donazzan-convocheremo-i-beneficiari-del-reddito-di-cittadinanza\/#primaryimage"},"thumbnailUrl":"http:\/\/www.bellunopress.it\/wp-content\/uploads\/2018\/05\/Elena-Donazzan.jpg","datePublished":"2019-11-04T12:27:38+00:00","breadcrumb":{"@id":"https:\/\/www.bellunopress.it\/2019\/11\/04\/lavoro-al-via-le-candidature-per-incontralavoro-donazzan-convocheremo-i-beneficiari-del-reddito-di-cittadinanza\/#breadcrumb"},"inLanguage":"fr-FR","potentialAction":[{"@type":"ReadAction","target":["https:\/\/www.bellunopress.it\/2019\/11\/04\/lavoro-al-via-le-candidature-per-incontralavoro-donazzan-convocheremo-i-beneficiari-del-reddito-di-cittadinanza\/"]}]},{"@type":"ImageObject","inLanguage":"fr-FR","@id":"https:\/\/www.bellunopress.it\/2019\/11\/04\/lavoro-al-via-le-candidature-per-incontralavoro-donazzan-convocheremo-i-beneficiari-del-reddito-di-cittadinanza\/#primaryimage","url":"http:\/\/www.bellunopress.it\/wp-content\/uploads\/2018\/05\/Elena-Donazzan.jpg","contentUrl":"http:\/\/www.bellunopress.it\/wp-content\/uploads\/2018\/05\/Elena-Donazzan.jpg"},{"@type":"BreadcrumbList","@id":"https:\/\/www.bellunopress.it\/2019\/11\/04\/lavoro-al-via-le-candidature-per-incontralavoro-donazzan-convocheremo-i-beneficiari-del-reddito-di-cittadinanza\/#breadcrumb","itemListElement":[{"@type":"ListItem","position":1,"name":"Home","item":"https:\/\/www.bellunopress.it\/"},{"@type":"ListItem","position":2,"name":"Lavoro. Al via le candidature per Incontralavoro. Donazzan: &#8220;Convocheremo i beneficiari del reddito di cittadinanza&#8221;"}]},{"@type":"WebSite","@id":"https:\/\/www.bellunopress.it\/#website","url":"https:\/\/www.bellunopress.it\/","name":"Bellunopress - Dolomiti","description":"e-mail: redazione@bellunopress.it","publisher":{"@id":"https:\/\/www.bellunopress.it\/#organization"},"potentialAction":[{"@type":"SearchAction","target":{"@type":"EntryPoint","urlTemplate":"https:\/\/www.bellunopress.it\/?s={search_term_string}"},"query-input":{"@type":"PropertyValueSpecification","valueRequired":true,"valueName":"search_term_string"}}],"inLanguage":"fr-FR"},{"@type":"Organization","@id":"https:\/\/www.bellunopress.it\/#organization","name":"Bellunopress","url":"https:\/\/www.bellunopress.it\/","logo":{"@type":"ImageObject","inLanguage":"fr-FR","@id":"https:\/\/www.bellunopress.it\/#\/schema\/logo\/image\/","url":"https:\/\/www.bellunopress.it\/wp-content\/uploads\/2011\/05\/cropped-logo-bellunopress-.jpg","contentUrl":"https:\/\/www.bellunopress.it\/wp-content\/uploads\/2011\/05\/cropped-logo-bellunopress-.jpg","width":512,"height":512,"caption":"Bellunopress"},"image":{"@id":"https:\/\/www.bellunopress.it\/#\/schema\/logo\/image\/"},"sameAs":["https:\/\/www.facebook.com\/profile.php?id=100008943462799","https:\/\/x.com\/bellunopress","https:\/\/www.linkedin.com\/hp\/?dnr=JBzUWaJfMUw8vbXJJ2tVW5-I3jZKvC4wsoxE&amp;amp;amp;amp;amp;amp;trk=nav_responsive_tab_home","https:\/\/www.youtube.com\/channel\/UCxL0wu1uN0_3_7hGG0306cw"]},{"@type":"Person","@id":"https:\/\/www.bellunopress.it\/#\/schema\/person\/79bb06722b37ece1c03d3e94beb30d73","name":"r\u00e9daction","image":{"@type":"ImageObject","inLanguage":"fr-FR","@id":"https:\/\/secure.gravatar.com\/avatar\/37d968a2e67a6fd04c169c4bdef102d0bc5d31b2546345219e348575eb80e9a0?s=96&d=mm&r=g","url":"https:\/\/secure.gravatar.com\/avatar\/37d968a2e67a6fd04c169c4bdef102d0bc5d31b2546345219e348575eb80e9a0?s=96&d=mm&r=g","contentUrl":"https:\/\/secure.gravatar.com\/avatar\/37d968a2e67a6fd04c169c4bdef102d0bc5d31b2546345219e348575eb80e9a0?s=96&d=mm&r=g","caption":"redazione"},"sameAs":["http:\/\/www.bellunopress.it","https:\/\/x.com\/bellunopress"],"url":"https:\/\/www.bellunopress.it\/fr\/author\/redazione\/"}]}},"_links":{"self":[{"href":"https:\/\/www.bellunopress.it\/fr\/wp-json\/wp\/v2\/posts\/109309","targetHints":{"allow":["GET"]}}],"collection":[{"href":"https:\/\/www.bellunopress.it\/fr\/wp-json\/wp\/v2\/posts"}],"about":[{"href":"https:\/\/www.bellunopress.it\/fr\/wp-json\/wp\/v2\/types\/post"}],"author":[{"embeddable":true,"href":"https:\/\/www.bellunopress.it\/fr\/wp-json\/wp\/v2\/users\/2"}],"replies":[{"embeddable":true,"href":"https:\/\/www.bellunopress.it\/fr\/wp-json\/wp\/v2\/comments?post=109309"}],"version-history":[{"count":1,"href":"https:\/\/www.bellunopress.it\/fr\/wp-json\/wp\/v2\/posts\/109309\/revisions"}],"predecessor-version":[{"id":109310,"href":"https:\/\/www.bellunopress.it\/fr\/wp-json\/wp\/v2\/posts\/109309\/revisions\/109310"}],"wp:attachment":[{"href":"https:\/\/www.bellunopress.it\/fr\/wp-json\/wp\/v2\/media?parent=109309"}],"wp:term":[{"taxonomy":"category","embeddable":true,"href":"https:\/\/www.bellunopress.it\/fr\/wp-json\/wp\/v2\/categories?post=109309"},{"taxonomy":"post_tag","embeddable":true,"href":"https:\/\/www.bellunopress.it\/fr\/wp-json\/wp\/v2\/tags?post=109309"}],"curies":[{"name":"wp","href":"https:\/\/api.w.org\/{rel}","templated":true}]}}