{"id":109303,"date":"2019-11-03T22:26:20","date_gmt":"2019-11-03T21:26:20","guid":{"rendered":"http:\/\/www.bellunopress.it\/?p=109303"},"modified":"2019-11-03T22:26:26","modified_gmt":"2019-11-03T21:26:26","slug":"borgo-valbelluna-entra-nella-rete-internazionale-citta-delleducazione","status":"publish","type":"post","link":"https:\/\/www.bellunopress.it\/fr\/2019\/11\/03\/borgo-valbelluna-entra-nella-rete-internazionale-citta-delleducazione\/","title":{"rendered":"Borgo Valbelluna entra nella \u201cRete Internazionale Citt\u00e0 dell\u2019Educazione\u201d"},"content":{"rendered":"<p><a href=\"http:\/\/www.bellunopress.it\/fr\/2019\/11\/03\/borgo-valbelluna-entra-nella-rete-internazionale-citta-delleducazione\/firma-del-protocollo-dintesa-tra-il-prof-jean-pierre-pourtois-stefano-cesa-jacopo-massaro-suor-francesca-lorenzet-dellistituto-giuseppe-caburlotto-di-venezia\/\" rel=\"attachment wp-att-109304\"><img loading=\"lazy\" decoding=\"async\" class=\"alignleft size-full wp-image-109304\" src=\"http:\/\/www.bellunopress.it\/wp-content\/uploads\/2019\/11\/firma-del-Protocollo-d\u2019Intesa-tra-il-Prof.-Jean-Pierre-Pourtois-Stefano-Cesa-Jacopo-Massaro-suor-Francesca-Lorenzet-dell\u2019Istituto-Giuseppe-Caburlotto-di-Venezia.jpg\" alt=\"\" width=\"300\" height=\"219\" \/><\/a>In questi giorni il Comune di Borgo Valbelluna, con la firma ufficiale del Protocollo d\u2019Intesa, \u00e8 diventato partner del progetto Rice (Rete internazionale citt\u00e0 dell\u2019educazione), progetto diretto dal Prof. Jean Pierre Pourtois\u00a0 dell\u2019Universit\u00e0 di Mons di Belgio. Sono partner del progetto il Comune di Feltre, l\u2019Istituto Giuseppe Caburlotto di Venezia presente in Provincia con la gestione della scuola nido \u201cGermoglio\u201d e della scuola dell\u2019infanzia \u201cNazaret\u201d a Lentiai, l\u2019Ufficio Scolastico Territoriale di Belluno, diversi Istituti Comprensivi della Provincia oltre ad alcune associazioni educative e culturali.<\/p>\n<p>Responsabile del coordinamento e dell\u2019implementazione delle diverse azioni educative che saranno sperimentate in provincia nei prossimi tre anni, oltre al Comune di Belluno in qualit\u00e0 di soggetto promotore, \u00e8 l\u2019Istituto Universitario Salesiano di Venezia (IUSVE), che fornir\u00e0 il supporto scientifico e il proprio know how in materia.<br \/>\nIl progetto nasce dalla consapevolezza che la societ\u00e0 in cui viviamo ha subito dei mutamenti, cambiando i legami familiari, i rapporti interpersonali e sorgendo nuove problematicit\u00e0 a cui si deve far fronte. Per questo motivo la famiglia, la scuola e la comunit\u00e0 devono trovare nuove strategie educative per facilitare la crescita personale individuale e collettiva dei cittadini e per meglio adempiere a questo compito \u00e8 necessario unire le risorse della comunit\u00e0. L\u2019obbiettivo centrale della Citt\u00e0 Educativa \u00e8 creare, organizzare e mettere in atto, in un quadro di co-educazione, delle attivit\u00e0 mirate allo sviluppo globale del bambino, all\u2019arricchimento delle competenze e consapevolezze educative dei genitori, all\u2019accompagnamento dei professionisti dell\u2019educazione e alla collaborazione con tutte le persone desideroso di apportare un contributo alla Citt\u00e0 Educativa.<\/p>\n<p>I principi che portano a muoversi verso queste direzioni sono molteplici come essere molto attenti alle famiglie in difficolt\u00e0, stimolare alla partecipazione tutta la popolazione, promuovere le diversit\u00e0 culturali, favorire gli scambi di buone pratiche di co-educazione.<br \/>\nNel corso del triennio, saranno poi organizzati workshop, convegni e corsi di formazione orientati a formare<br \/>\ninsegnanti, genitori e professionisti, oltre a dirigenti ed operatori degli enti, delle istituzioni e delle<br \/>\nassociazioni coinvolte nella rete.<br \/>\nL\u2019opportunit\u00e0 di questo progetto per i tre Comuni pi\u00f9 importanti della Provincia di Belluno e che rappresenter\u00e0 sicuramente un\u2019iniziativa disseminatrice di tante azioni positive per l\u2019intero territorio provinciale, nasce dalla proposta di Suor Caterina, responsabile educatrice della scuola nido \u201cGermoglio\u201d e della scuola dell\u2019infanzia paritaria \u201cNazaret\u201d di Lentiai. Per il Comune di Borgo Valbelluna, tale realt\u00e0 rappresenta da sempre un\u2019eccellenza per i progetti educativi ed innovativi portati avanti oltre a rappresentare un punto di riferimento valoriale altamente qualificato all\u2019interno della comunit\u00e0 del nuovo Comune.<\/p>","protected":false},"excerpt":{"rendered":"<p>In questi giorni il Comune di Borgo Valbelluna, con la firma ufficiale del Protocollo d\u2019Intesa, \u00e8 diventato partner del progetto Rice (Rete internazionale citt\u00e0 dell\u2019educazione), progetto diretto dal Prof. Jean Pierre Pourtois\u00a0 dell\u2019Universit\u00e0 di Mons di Belgio. Sono partner del progetto il Comune di Feltre, l\u2019Istituto Giuseppe Caburlotto di Venezia presente in Provincia con la [&hellip;]<\/p>\n","protected":false},"author":2,"featured_media":0,"comment_status":"closed","ping_status":"open","sticky":false,"template":"","format":"standard","meta":{"footnotes":""},"categories":[26,15],"tags":[],"class_list":["post-109303","post","type-post","status-publish","format-standard","category-prima-pagina","category-scuola"],"yoast_head":"<!-- This site is optimized with the Yoast SEO plugin v28.4 - https:\/\/yoast.com\/product\/yoast-seo-wordpress\/ -->\n<title>Borgo Valbelluna entra nella \u201cRete Internazionale Citt\u00e0 dell\u2019Educazione\u201d - Bellunopress - Dolomiti<\/title>\n<meta name=\"robots\" content=\"index, follow, max-snippet:-1, max-image-preview:large, max-video-preview:-1\" \/>\n<link rel=\"canonical\" href=\"https:\/\/www.bellunopress.it\/fr\/2019\/11\/03\/borgo-valbelluna-entra-nella-rete-internazionale-citta-delleducazione\/\" \/>\n<meta property=\"og:locale\" content=\"fr_FR\" \/>\n<meta property=\"og:type\" content=\"article\" \/>\n<meta property=\"og:title\" content=\"Borgo Valbelluna entra nella \u201cRete Internazionale Citt\u00e0 dell\u2019Educazione\u201d - Bellunopress - Dolomiti\" \/>\n<meta property=\"og:description\" content=\"In questi giorni il Comune di Borgo Valbelluna, con la firma ufficiale del Protocollo d\u2019Intesa, \u00e8 diventato partner del progetto Rice (Rete internazionale citt\u00e0 dell\u2019educazione), progetto diretto dal Prof. Jean Pierre Pourtois\u00a0 dell\u2019Universit\u00e0 di Mons di Belgio. Sono partner del progetto il Comune di Feltre, l\u2019Istituto Giuseppe Caburlotto di Venezia presente in Provincia con la [&hellip;]\" \/>\n<meta property=\"og:url\" content=\"https:\/\/www.bellunopress.it\/fr\/2019\/11\/03\/borgo-valbelluna-entra-nella-rete-internazionale-citta-delleducazione\/\" \/>\n<meta property=\"og:site_name\" content=\"Bellunopress - Dolomiti\" \/>\n<meta property=\"article:publisher\" content=\"https:\/\/www.facebook.com\/profile.php?id=100008943462799\" \/>\n<meta property=\"article:published_time\" content=\"2019-11-03T21:26:20+00:00\" \/>\n<meta property=\"article:modified_time\" content=\"2019-11-03T21:26:26+00:00\" \/>\n<meta property=\"og:image\" content=\"http:\/\/www.bellunopress.it\/wp-content\/uploads\/2019\/11\/firma-del-Protocollo-d\u2019Intesa-tra-il-Prof.-Jean-Pierre-Pourtois-Stefano-Cesa-Jacopo-Massaro-suor-Francesca-Lorenzet-dell\u2019Istituto-Giuseppe-Caburlotto-di-Venezia.jpg\" \/>\n<meta name=\"author\" content=\"redazione\" \/>\n<meta name=\"twitter:card\" content=\"summary_large_image\" \/>\n<meta name=\"twitter:creator\" content=\"@bellunopress\" \/>\n<meta name=\"twitter:site\" content=\"@bellunopress\" \/>\n<meta name=\"twitter:label1\" content=\"Written by\" \/>\n\t<meta name=\"twitter:data1\" content=\"redazione\" \/>\n\t<meta name=\"twitter:label2\" content=\"Est. reading time\" \/>\n\t<meta name=\"twitter:data2\" content=\"2 minutes\" \/>\n<script type=\"application\/ld+json\" class=\"yoast-schema-graph\">{\"@context\":\"https:\\\/\\\/schema.org\",\"@graph\":[{\"@type\":\"Article\",\"@id\":\"https:\\\/\\\/www.bellunopress.it\\\/2019\\\/11\\\/03\\\/borgo-valbelluna-entra-nella-rete-internazionale-citta-delleducazione\\\/#article\",\"isPartOf\":{\"@id\":\"https:\\\/\\\/www.bellunopress.it\\\/2019\\\/11\\\/03\\\/borgo-valbelluna-entra-nella-rete-internazionale-citta-delleducazione\\\/\"},\"author\":{\"name\":\"redazione\",\"@id\":\"https:\\\/\\\/www.bellunopress.it\\\/#\\\/schema\\\/person\\\/79bb06722b37ece1c03d3e94beb30d73\"},\"headline\":\"Borgo Valbelluna entra nella \u201cRete Internazionale Citt\u00e0 dell\u2019Educazione\u201d\",\"datePublished\":\"2019-11-03T21:26:20+00:00\",\"dateModified\":\"2019-11-03T21:26:26+00:00\",\"mainEntityOfPage\":{\"@id\":\"https:\\\/\\\/www.bellunopress.it\\\/2019\\\/11\\\/03\\\/borgo-valbelluna-entra-nella-rete-internazionale-citta-delleducazione\\\/\"},\"wordCount\":433,\"publisher\":{\"@id\":\"https:\\\/\\\/www.bellunopress.it\\\/#organization\"},\"articleSection\":[\"Prima Pagina\",\"Scuola\"],\"inLanguage\":\"fr-FR\"},{\"@type\":\"WebPage\",\"@id\":\"https:\\\/\\\/www.bellunopress.it\\\/2019\\\/11\\\/03\\\/borgo-valbelluna-entra-nella-rete-internazionale-citta-delleducazione\\\/\",\"url\":\"https:\\\/\\\/www.bellunopress.it\\\/2019\\\/11\\\/03\\\/borgo-valbelluna-entra-nella-rete-internazionale-citta-delleducazione\\\/\",\"name\":\"Borgo Valbelluna entra nella \u201cRete Internazionale Citt\u00e0 dell\u2019Educazione\u201d - Bellunopress - Dolomiti\",\"isPartOf\":{\"@id\":\"https:\\\/\\\/www.bellunopress.it\\\/#website\"},\"datePublished\":\"2019-11-03T21:26:20+00:00\",\"dateModified\":\"2019-11-03T21:26:26+00:00\",\"breadcrumb\":{\"@id\":\"https:\\\/\\\/www.bellunopress.it\\\/2019\\\/11\\\/03\\\/borgo-valbelluna-entra-nella-rete-internazionale-citta-delleducazione\\\/#breadcrumb\"},\"inLanguage\":\"fr-FR\",\"potentialAction\":[{\"@type\":\"ReadAction\",\"target\":[\"https:\\\/\\\/www.bellunopress.it\\\/2019\\\/11\\\/03\\\/borgo-valbelluna-entra-nella-rete-internazionale-citta-delleducazione\\\/\"]}]},{\"@type\":\"BreadcrumbList\",\"@id\":\"https:\\\/\\\/www.bellunopress.it\\\/2019\\\/11\\\/03\\\/borgo-valbelluna-entra-nella-rete-internazionale-citta-delleducazione\\\/#breadcrumb\",\"itemListElement\":[{\"@type\":\"ListItem\",\"position\":1,\"name\":\"Home\",\"item\":\"https:\\\/\\\/www.bellunopress.it\\\/\"},{\"@type\":\"ListItem\",\"position\":2,\"name\":\"Borgo Valbelluna entra nella \u201cRete Internazionale Citt\u00e0 dell\u2019Educazione\u201d\"}]},{\"@type\":\"WebSite\",\"@id\":\"https:\\\/\\\/www.bellunopress.it\\\/#website\",\"url\":\"https:\\\/\\\/www.bellunopress.it\\\/\",\"name\":\"Bellunopress - Dolomiti\",\"description\":\"e-mail: redazione@bellunopress.it\",\"publisher\":{\"@id\":\"https:\\\/\\\/www.bellunopress.it\\\/#organization\"},\"potentialAction\":[{\"@type\":\"SearchAction\",\"target\":{\"@type\":\"EntryPoint\",\"urlTemplate\":\"https:\\\/\\\/www.bellunopress.it\\\/?s={search_term_string}\"},\"query-input\":{\"@type\":\"PropertyValueSpecification\",\"valueRequired\":true,\"valueName\":\"search_term_string\"}}],\"inLanguage\":\"fr-FR\"},{\"@type\":\"Organization\",\"@id\":\"https:\\\/\\\/www.bellunopress.it\\\/#organization\",\"name\":\"Bellunopress\",\"url\":\"https:\\\/\\\/www.bellunopress.it\\\/\",\"logo\":{\"@type\":\"ImageObject\",\"inLanguage\":\"fr-FR\",\"@id\":\"https:\\\/\\\/www.bellunopress.it\\\/#\\\/schema\\\/logo\\\/image\\\/\",\"url\":\"https:\\\/\\\/www.bellunopress.it\\\/wp-content\\\/uploads\\\/2011\\\/05\\\/cropped-logo-bellunopress-.jpg\",\"contentUrl\":\"https:\\\/\\\/www.bellunopress.it\\\/wp-content\\\/uploads\\\/2011\\\/05\\\/cropped-logo-bellunopress-.jpg\",\"width\":512,\"height\":512,\"caption\":\"Bellunopress\"},\"image\":{\"@id\":\"https:\\\/\\\/www.bellunopress.it\\\/#\\\/schema\\\/logo\\\/image\\\/\"},\"sameAs\":[\"https:\\\/\\\/www.facebook.com\\\/profile.php?id=100008943462799\",\"https:\\\/\\\/x.com\\\/bellunopress\",\"https:\\\/\\\/www.linkedin.com\\\/hp\\\/?dnr=JBzUWaJfMUw8vbXJJ2tVW5-I3jZKvC4wsoxE&amp;amp;amp;amp;amp;amp;trk=nav_responsive_tab_home\",\"https:\\\/\\\/www.youtube.com\\\/channel\\\/UCxL0wu1uN0_3_7hGG0306cw\"]},{\"@type\":\"Person\",\"@id\":\"https:\\\/\\\/www.bellunopress.it\\\/#\\\/schema\\\/person\\\/79bb06722b37ece1c03d3e94beb30d73\",\"name\":\"redazione\",\"image\":{\"@type\":\"ImageObject\",\"inLanguage\":\"fr-FR\",\"@id\":\"https:\\\/\\\/secure.gravatar.com\\\/avatar\\\/37d968a2e67a6fd04c169c4bdef102d0bc5d31b2546345219e348575eb80e9a0?s=96&d=mm&r=g\",\"url\":\"https:\\\/\\\/secure.gravatar.com\\\/avatar\\\/37d968a2e67a6fd04c169c4bdef102d0bc5d31b2546345219e348575eb80e9a0?s=96&d=mm&r=g\",\"contentUrl\":\"https:\\\/\\\/secure.gravatar.com\\\/avatar\\\/37d968a2e67a6fd04c169c4bdef102d0bc5d31b2546345219e348575eb80e9a0?s=96&d=mm&r=g\",\"caption\":\"redazione\"},\"sameAs\":[\"http:\\\/\\\/www.bellunopress.it\",\"https:\\\/\\\/x.com\\\/bellunopress\"],\"url\":\"https:\\\/\\\/www.bellunopress.it\\\/fr\\\/author\\\/redazione\\\/\"}]}<\/script>\n<!-- \/ Yoast SEO plugin. -->","yoast_head_json":{"title":"Borgo Valbelluna entra nella \u201cRete Internazionale Citt\u00e0 dell\u2019Educazione\u201d - Bellunopress - Dolomiti","robots":{"index":"index","follow":"follow","max-snippet":"max-snippet:-1","max-image-preview":"max-image-preview:large","max-video-preview":"max-video-preview:-1"},"canonical":"https:\/\/www.bellunopress.it\/fr\/2019\/11\/03\/borgo-valbelluna-entra-nella-rete-internazionale-citta-delleducazione\/","og_locale":"fr_FR","og_type":"article","og_title":"Borgo Valbelluna entra nella \u201cRete Internazionale Citt\u00e0 dell\u2019Educazione\u201d - Bellunopress - Dolomiti","og_description":"In questi giorni il Comune di Borgo Valbelluna, con la firma ufficiale del Protocollo d\u2019Intesa, \u00e8 diventato partner del progetto Rice (Rete internazionale citt\u00e0 dell\u2019educazione), progetto diretto dal Prof. Jean Pierre Pourtois\u00a0 dell\u2019Universit\u00e0 di Mons di Belgio. Sono partner del progetto il Comune di Feltre, l\u2019Istituto Giuseppe Caburlotto di Venezia presente in Provincia con la [&hellip;]","og_url":"https:\/\/www.bellunopress.it\/fr\/2019\/11\/03\/borgo-valbelluna-entra-nella-rete-internazionale-citta-delleducazione\/","og_site_name":"Bellunopress - Dolomiti","article_publisher":"https:\/\/www.facebook.com\/profile.php?id=100008943462799","article_published_time":"2019-11-03T21:26:20+00:00","article_modified_time":"2019-11-03T21:26:26+00:00","og_image":[{"url":"http:\/\/www.bellunopress.it\/wp-content\/uploads\/2019\/11\/firma-del-Protocollo-d\u2019Intesa-tra-il-Prof.-Jean-Pierre-Pourtois-Stefano-Cesa-Jacopo-Massaro-suor-Francesca-Lorenzet-dell\u2019Istituto-Giuseppe-Caburlotto-di-Venezia.jpg","type":"","width":"","height":""}],"author":"redazione","twitter_card":"summary_large_image","twitter_creator":"@bellunopress","twitter_site":"@bellunopress","twitter_misc":{"Written by":"redazione","Est. reading time":"2 minutes"},"schema":{"@context":"https:\/\/schema.org","@graph":[{"@type":"Article","@id":"https:\/\/www.bellunopress.it\/2019\/11\/03\/borgo-valbelluna-entra-nella-rete-internazionale-citta-delleducazione\/#article","isPartOf":{"@id":"https:\/\/www.bellunopress.it\/2019\/11\/03\/borgo-valbelluna-entra-nella-rete-internazionale-citta-delleducazione\/"},"author":{"name":"redazione","@id":"https:\/\/www.bellunopress.it\/#\/schema\/person\/79bb06722b37ece1c03d3e94beb30d73"},"headline":"Borgo Valbelluna entra nella \u201cRete Internazionale Citt\u00e0 dell\u2019Educazione\u201d","datePublished":"2019-11-03T21:26:20+00:00","dateModified":"2019-11-03T21:26:26+00:00","mainEntityOfPage":{"@id":"https:\/\/www.bellunopress.it\/2019\/11\/03\/borgo-valbelluna-entra-nella-rete-internazionale-citta-delleducazione\/"},"wordCount":433,"publisher":{"@id":"https:\/\/www.bellunopress.it\/#organization"},"articleSection":["Prima Pagina","Scuola"],"inLanguage":"fr-FR"},{"@type":"WebPage","@id":"https:\/\/www.bellunopress.it\/2019\/11\/03\/borgo-valbelluna-entra-nella-rete-internazionale-citta-delleducazione\/","url":"https:\/\/www.bellunopress.it\/2019\/11\/03\/borgo-valbelluna-entra-nella-rete-internazionale-citta-delleducazione\/","name":"Borgo Valbelluna entra nella \u201cRete Internazionale Citt\u00e0 dell\u2019Educazione\u201d - Bellunopress - Dolomiti","isPartOf":{"@id":"https:\/\/www.bellunopress.it\/#website"},"datePublished":"2019-11-03T21:26:20+00:00","dateModified":"2019-11-03T21:26:26+00:00","breadcrumb":{"@id":"https:\/\/www.bellunopress.it\/2019\/11\/03\/borgo-valbelluna-entra-nella-rete-internazionale-citta-delleducazione\/#breadcrumb"},"inLanguage":"fr-FR","potentialAction":[{"@type":"ReadAction","target":["https:\/\/www.bellunopress.it\/2019\/11\/03\/borgo-valbelluna-entra-nella-rete-internazionale-citta-delleducazione\/"]}]},{"@type":"BreadcrumbList","@id":"https:\/\/www.bellunopress.it\/2019\/11\/03\/borgo-valbelluna-entra-nella-rete-internazionale-citta-delleducazione\/#breadcrumb","itemListElement":[{"@type":"ListItem","position":1,"name":"Home","item":"https:\/\/www.bellunopress.it\/"},{"@type":"ListItem","position":2,"name":"Borgo Valbelluna entra nella \u201cRete Internazionale Citt\u00e0 dell\u2019Educazione\u201d"}]},{"@type":"WebSite","@id":"https:\/\/www.bellunopress.it\/#website","url":"https:\/\/www.bellunopress.it\/","name":"Bellunopress - Dolomiti","description":"e-mail: redazione@bellunopress.it","publisher":{"@id":"https:\/\/www.bellunopress.it\/#organization"},"potentialAction":[{"@type":"SearchAction","target":{"@type":"EntryPoint","urlTemplate":"https:\/\/www.bellunopress.it\/?s={search_term_string}"},"query-input":{"@type":"PropertyValueSpecification","valueRequired":true,"valueName":"search_term_string"}}],"inLanguage":"fr-FR"},{"@type":"Organization","@id":"https:\/\/www.bellunopress.it\/#organization","name":"Bellunopress","url":"https:\/\/www.bellunopress.it\/","logo":{"@type":"ImageObject","inLanguage":"fr-FR","@id":"https:\/\/www.bellunopress.it\/#\/schema\/logo\/image\/","url":"https:\/\/www.bellunopress.it\/wp-content\/uploads\/2011\/05\/cropped-logo-bellunopress-.jpg","contentUrl":"https:\/\/www.bellunopress.it\/wp-content\/uploads\/2011\/05\/cropped-logo-bellunopress-.jpg","width":512,"height":512,"caption":"Bellunopress"},"image":{"@id":"https:\/\/www.bellunopress.it\/#\/schema\/logo\/image\/"},"sameAs":["https:\/\/www.facebook.com\/profile.php?id=100008943462799","https:\/\/x.com\/bellunopress","https:\/\/www.linkedin.com\/hp\/?dnr=JBzUWaJfMUw8vbXJJ2tVW5-I3jZKvC4wsoxE&amp;amp;amp;amp;amp;amp;trk=nav_responsive_tab_home","https:\/\/www.youtube.com\/channel\/UCxL0wu1uN0_3_7hGG0306cw"]},{"@type":"Person","@id":"https:\/\/www.bellunopress.it\/#\/schema\/person\/79bb06722b37ece1c03d3e94beb30d73","name":"r\u00e9daction","image":{"@type":"ImageObject","inLanguage":"fr-FR","@id":"https:\/\/secure.gravatar.com\/avatar\/37d968a2e67a6fd04c169c4bdef102d0bc5d31b2546345219e348575eb80e9a0?s=96&d=mm&r=g","url":"https:\/\/secure.gravatar.com\/avatar\/37d968a2e67a6fd04c169c4bdef102d0bc5d31b2546345219e348575eb80e9a0?s=96&d=mm&r=g","contentUrl":"https:\/\/secure.gravatar.com\/avatar\/37d968a2e67a6fd04c169c4bdef102d0bc5d31b2546345219e348575eb80e9a0?s=96&d=mm&r=g","caption":"redazione"},"sameAs":["http:\/\/www.bellunopress.it","https:\/\/x.com\/bellunopress"],"url":"https:\/\/www.bellunopress.it\/fr\/author\/redazione\/"}]}},"_links":{"self":[{"href":"https:\/\/www.bellunopress.it\/fr\/wp-json\/wp\/v2\/posts\/109303","targetHints":{"allow":["GET"]}}],"collection":[{"href":"https:\/\/www.bellunopress.it\/fr\/wp-json\/wp\/v2\/posts"}],"about":[{"href":"https:\/\/www.bellunopress.it\/fr\/wp-json\/wp\/v2\/types\/post"}],"author":[{"embeddable":true,"href":"https:\/\/www.bellunopress.it\/fr\/wp-json\/wp\/v2\/users\/2"}],"replies":[{"embeddable":true,"href":"https:\/\/www.bellunopress.it\/fr\/wp-json\/wp\/v2\/comments?post=109303"}],"version-history":[{"count":2,"href":"https:\/\/www.bellunopress.it\/fr\/wp-json\/wp\/v2\/posts\/109303\/revisions"}],"predecessor-version":[{"id":109306,"href":"https:\/\/www.bellunopress.it\/fr\/wp-json\/wp\/v2\/posts\/109303\/revisions\/109306"}],"wp:attachment":[{"href":"https:\/\/www.bellunopress.it\/fr\/wp-json\/wp\/v2\/media?parent=109303"}],"wp:term":[{"taxonomy":"category","embeddable":true,"href":"https:\/\/www.bellunopress.it\/fr\/wp-json\/wp\/v2\/categories?post=109303"},{"taxonomy":"post_tag","embeddable":true,"href":"https:\/\/www.bellunopress.it\/fr\/wp-json\/wp\/v2\/tags?post=109303"}],"curies":[{"name":"wp","href":"https:\/\/api.w.org\/{rel}","templated":true}]}}