{"id":109299,"date":"2019-11-03T20:24:27","date_gmt":"2019-11-03T19:24:27","guid":{"rendered":"http:\/\/www.bellunopress.it\/?p=109299"},"modified":"2019-11-03T20:24:27","modified_gmt":"2019-11-03T19:24:27","slug":"immagini-sulle-dolomiti-mercoledi-in-prefettura-si-inaugura-la-mostra-di-arbizzani-anche-un-concorso-riservato-agli-istituti-superiori","status":"publish","type":"post","link":"https:\/\/www.bellunopress.it\/fr\/2019\/11\/03\/immagini-sulle-dolomiti-mercoledi-in-prefettura-si-inaugura-la-mostra-di-arbizzani-anche-un-concorso-riservato-agli-istituti-superiori\/","title":{"rendered":"Immagini sulle Dolomiti. Mercoled\u00ec in Prefettura si inaugura la mostra di Arbizzani. Anche un concorso riservato agli Istituti superiori"},"content":{"rendered":"<p>Mercoled\u00ec 6 novembre alle ore 10.00 prender\u00e0 il via in Prefettura, in occasione del decennale dell\u2019iscrizione a patrimonio mondiale dell\u2019umanit\u00e0 delle Dolomiti, la mostra con 47 stupende immagini fotografate in volo dal Maestro del Lavoro Lando Arbizzani, organizzatore dell\u2019evento e presidente di A.N.L.A. (Associazione Nazionale Lavoratori Aziendali). L\u2019Unesco e la Regione del Veneto hanno concesso il loro patrocinio.<\/p>\n<p><a href=\"http:\/\/www.bellunopress.it\/fr\/2019\/11\/03\/immagini-sulle-dolomiti-mercoledi-in-prefettura-si-inaugura-la-mostra-di-arbizzani-anche-un-concorso-riservato-agli-istituti-superiori\/tre-cime-foto-lando-arbizzani\/\" rel=\"attachment wp-att-109300\"><img loading=\"lazy\" decoding=\"async\" class=\"alignleft size-full wp-image-109300\" src=\"http:\/\/www.bellunopress.it\/wp-content\/uploads\/2019\/11\/Tre-cime-foto-Lando-Arbizzani.jpg\" alt=\"\" width=\"300\" height=\"208\" \/><\/a>L\u2019inaugurazione dell\u2019esposizione, ospitata nella sala Zanardelli del Palazzo dei Rettori, vedr\u00e0 la presenza del prefetto Francesco Esposito, dell\u2019assessore alla Cultura del Comune di Belluno, Marco Perale, di un dirigente scolastico ed altre autorit\u00e0.<br \/>\nLa mostra ha gi\u00e0 riscosso nel corso di quest\u2019anno un meritato afflusso di visitatori a Venezia, Chiesa San Teodoro ad agosto, a Treviso Palazzo dei Trecento a maggio, a Longarone padiglione della Fiera a marzo.<\/p>\n<p>Di particolare rilevanza \u00e8 anche la collaborazione attivata con le scuole superiori ubicate nel Comune di Belluno, poich\u00e9 nell\u2019ambito dell\u2019iniziativa assunta sar\u00e0 lanciato il concorso a tema riservato a tutti gli studenti invitati a confrontarsi con alcune immagini delle Dolomiti fotografate e commentate dal e giornalista bellunese Dino Buzzati.<\/p>\n<p>Lo scopo \u00e8 quello di stimolare la fantasia e la creativit\u00e0 della giovent\u00f9 chiamata ad osservare tutti gli aspetti delle foto: nitidezza, l\u2019intensit\u00e0, luce nonch\u00e9 le emozioni evocate dall\u2019appropriatezza di termini usati dal noto giornalista. Lo stimolo \u00e8 proprio questo, rafforzare la passione per le Dolomiti e riuscendo a cogliere nell\u2019immagine, oggi forse meno difficoltosa grazie agli strumenti digitali, tutta la ricchezza di sensazioni ed emozioni che possono essere ancora descritte con ricchezza di parole e significati.<\/p>\n<p>Per eventuali informazioni: presidente ANLA Lando Arbizzani 338 \/2046686<br \/>\nEnzo De Biasi<\/p>","protected":false},"excerpt":{"rendered":"<p>Mercoled\u00ec 6 novembre alle ore 10.00 prender\u00e0 il via in Prefettura, in occasione del decennale dell\u2019iscrizione a patrimonio mondiale dell\u2019umanit\u00e0 delle Dolomiti, la mostra con 47 stupende immagini fotografate in volo dal Maestro del Lavoro Lando Arbizzani, organizzatore dell\u2019evento e presidente di A.N.L.A. (Associazione Nazionale Lavoratori Aziendali). L\u2019Unesco e la Regione del Veneto hanno concesso [&hellip;]<\/p>\n","protected":false},"author":2,"featured_media":0,"comment_status":"closed","ping_status":"open","sticky":false,"template":"","format":"standard","meta":{"footnotes":""},"categories":[27,3,25],"tags":[],"class_list":["post-109299","post","type-post","status-publish","format-standard","category-appuntamenti","category-arte-cultura-spettacoli-scienza-archivi","category-pausa-caffe"],"yoast_head":"<!-- This site is optimized with the Yoast SEO plugin v28.4 - https:\/\/yoast.com\/product\/yoast-seo-wordpress\/ -->\n<title>Immagini sulle Dolomiti. Mercoled\u00ec in Prefettura si inaugura la mostra di Arbizzani. Anche un concorso riservato agli Istituti superiori - Bellunopress - Dolomiti<\/title>\n<meta name=\"robots\" content=\"index, follow, max-snippet:-1, max-image-preview:large, max-video-preview:-1\" \/>\n<link rel=\"canonical\" href=\"https:\/\/www.bellunopress.it\/fr\/2019\/11\/03\/immagini-sulle-dolomiti-mercoledi-in-prefettura-si-inaugura-la-mostra-di-arbizzani-anche-un-concorso-riservato-agli-istituti-superiori\/\" \/>\n<meta property=\"og:locale\" content=\"fr_FR\" \/>\n<meta property=\"og:type\" content=\"article\" \/>\n<meta property=\"og:title\" content=\"Immagini sulle Dolomiti. Mercoled\u00ec in Prefettura si inaugura la mostra di Arbizzani. Anche un concorso riservato agli Istituti superiori - Bellunopress - Dolomiti\" \/>\n<meta property=\"og:description\" content=\"Mercoled\u00ec 6 novembre alle ore 10.00 prender\u00e0 il via in Prefettura, in occasione del decennale dell\u2019iscrizione a patrimonio mondiale dell\u2019umanit\u00e0 delle Dolomiti, la mostra con 47 stupende immagini fotografate in volo dal Maestro del Lavoro Lando Arbizzani, organizzatore dell\u2019evento e presidente di A.N.L.A. (Associazione Nazionale Lavoratori Aziendali). L\u2019Unesco e la Regione del Veneto hanno concesso [&hellip;]\" \/>\n<meta property=\"og:url\" content=\"https:\/\/www.bellunopress.it\/fr\/2019\/11\/03\/immagini-sulle-dolomiti-mercoledi-in-prefettura-si-inaugura-la-mostra-di-arbizzani-anche-un-concorso-riservato-agli-istituti-superiori\/\" \/>\n<meta property=\"og:site_name\" content=\"Bellunopress - Dolomiti\" \/>\n<meta property=\"article:publisher\" content=\"https:\/\/www.facebook.com\/profile.php?id=100008943462799\" \/>\n<meta property=\"article:published_time\" content=\"2019-11-03T19:24:27+00:00\" \/>\n<meta property=\"og:image\" content=\"http:\/\/www.bellunopress.it\/wp-content\/uploads\/2019\/11\/Tre-cime-foto-Lando-Arbizzani.jpg\" \/>\n<meta name=\"author\" content=\"redazione\" \/>\n<meta name=\"twitter:card\" content=\"summary_large_image\" \/>\n<meta name=\"twitter:creator\" content=\"@bellunopress\" \/>\n<meta name=\"twitter:site\" content=\"@bellunopress\" \/>\n<meta name=\"twitter:label1\" content=\"Written by\" \/>\n\t<meta name=\"twitter:data1\" content=\"redazione\" \/>\n\t<meta name=\"twitter:label2\" content=\"Est. reading time\" \/>\n\t<meta name=\"twitter:data2\" content=\"1 minute\" \/>\n<script type=\"application\/ld+json\" class=\"yoast-schema-graph\">{\"@context\":\"https:\\\/\\\/schema.org\",\"@graph\":[{\"@type\":\"Article\",\"@id\":\"https:\\\/\\\/www.bellunopress.it\\\/2019\\\/11\\\/03\\\/immagini-sulle-dolomiti-mercoledi-in-prefettura-si-inaugura-la-mostra-di-arbizzani-anche-un-concorso-riservato-agli-istituti-superiori\\\/#article\",\"isPartOf\":{\"@id\":\"https:\\\/\\\/www.bellunopress.it\\\/2019\\\/11\\\/03\\\/immagini-sulle-dolomiti-mercoledi-in-prefettura-si-inaugura-la-mostra-di-arbizzani-anche-un-concorso-riservato-agli-istituti-superiori\\\/\"},\"author\":{\"name\":\"redazione\",\"@id\":\"https:\\\/\\\/www.bellunopress.it\\\/#\\\/schema\\\/person\\\/79bb06722b37ece1c03d3e94beb30d73\"},\"headline\":\"Immagini sulle Dolomiti. Mercoled\u00ec in Prefettura si inaugura la mostra di Arbizzani. Anche un concorso riservato agli Istituti superiori\",\"datePublished\":\"2019-11-03T19:24:27+00:00\",\"mainEntityOfPage\":{\"@id\":\"https:\\\/\\\/www.bellunopress.it\\\/2019\\\/11\\\/03\\\/immagini-sulle-dolomiti-mercoledi-in-prefettura-si-inaugura-la-mostra-di-arbizzani-anche-un-concorso-riservato-agli-istituti-superiori\\\/\"},\"wordCount\":291,\"publisher\":{\"@id\":\"https:\\\/\\\/www.bellunopress.it\\\/#organization\"},\"image\":{\"@id\":\"https:\\\/\\\/www.bellunopress.it\\\/2019\\\/11\\\/03\\\/immagini-sulle-dolomiti-mercoledi-in-prefettura-si-inaugura-la-mostra-di-arbizzani-anche-un-concorso-riservato-agli-istituti-superiori\\\/#primaryimage\"},\"thumbnailUrl\":\"http:\\\/\\\/www.bellunopress.it\\\/wp-content\\\/uploads\\\/2019\\\/11\\\/Tre-cime-foto-Lando-Arbizzani.jpg\",\"articleSection\":[\"Appuntamenti, Eventi\",\"Arte, Cultura, Spettacoli, Scienza\",\"Pausa Caff\u00e8\"],\"inLanguage\":\"fr-FR\"},{\"@type\":\"WebPage\",\"@id\":\"https:\\\/\\\/www.bellunopress.it\\\/2019\\\/11\\\/03\\\/immagini-sulle-dolomiti-mercoledi-in-prefettura-si-inaugura-la-mostra-di-arbizzani-anche-un-concorso-riservato-agli-istituti-superiori\\\/\",\"url\":\"https:\\\/\\\/www.bellunopress.it\\\/2019\\\/11\\\/03\\\/immagini-sulle-dolomiti-mercoledi-in-prefettura-si-inaugura-la-mostra-di-arbizzani-anche-un-concorso-riservato-agli-istituti-superiori\\\/\",\"name\":\"Immagini sulle Dolomiti. Mercoled\u00ec in Prefettura si inaugura la mostra di Arbizzani. Anche un concorso riservato agli Istituti superiori - Bellunopress - Dolomiti\",\"isPartOf\":{\"@id\":\"https:\\\/\\\/www.bellunopress.it\\\/#website\"},\"primaryImageOfPage\":{\"@id\":\"https:\\\/\\\/www.bellunopress.it\\\/2019\\\/11\\\/03\\\/immagini-sulle-dolomiti-mercoledi-in-prefettura-si-inaugura-la-mostra-di-arbizzani-anche-un-concorso-riservato-agli-istituti-superiori\\\/#primaryimage\"},\"image\":{\"@id\":\"https:\\\/\\\/www.bellunopress.it\\\/2019\\\/11\\\/03\\\/immagini-sulle-dolomiti-mercoledi-in-prefettura-si-inaugura-la-mostra-di-arbizzani-anche-un-concorso-riservato-agli-istituti-superiori\\\/#primaryimage\"},\"thumbnailUrl\":\"http:\\\/\\\/www.bellunopress.it\\\/wp-content\\\/uploads\\\/2019\\\/11\\\/Tre-cime-foto-Lando-Arbizzani.jpg\",\"datePublished\":\"2019-11-03T19:24:27+00:00\",\"breadcrumb\":{\"@id\":\"https:\\\/\\\/www.bellunopress.it\\\/2019\\\/11\\\/03\\\/immagini-sulle-dolomiti-mercoledi-in-prefettura-si-inaugura-la-mostra-di-arbizzani-anche-un-concorso-riservato-agli-istituti-superiori\\\/#breadcrumb\"},\"inLanguage\":\"fr-FR\",\"potentialAction\":[{\"@type\":\"ReadAction\",\"target\":[\"https:\\\/\\\/www.bellunopress.it\\\/2019\\\/11\\\/03\\\/immagini-sulle-dolomiti-mercoledi-in-prefettura-si-inaugura-la-mostra-di-arbizzani-anche-un-concorso-riservato-agli-istituti-superiori\\\/\"]}]},{\"@type\":\"ImageObject\",\"inLanguage\":\"fr-FR\",\"@id\":\"https:\\\/\\\/www.bellunopress.it\\\/2019\\\/11\\\/03\\\/immagini-sulle-dolomiti-mercoledi-in-prefettura-si-inaugura-la-mostra-di-arbizzani-anche-un-concorso-riservato-agli-istituti-superiori\\\/#primaryimage\",\"url\":\"http:\\\/\\\/www.bellunopress.it\\\/wp-content\\\/uploads\\\/2019\\\/11\\\/Tre-cime-foto-Lando-Arbizzani.jpg\",\"contentUrl\":\"http:\\\/\\\/www.bellunopress.it\\\/wp-content\\\/uploads\\\/2019\\\/11\\\/Tre-cime-foto-Lando-Arbizzani.jpg\"},{\"@type\":\"BreadcrumbList\",\"@id\":\"https:\\\/\\\/www.bellunopress.it\\\/2019\\\/11\\\/03\\\/immagini-sulle-dolomiti-mercoledi-in-prefettura-si-inaugura-la-mostra-di-arbizzani-anche-un-concorso-riservato-agli-istituti-superiori\\\/#breadcrumb\",\"itemListElement\":[{\"@type\":\"ListItem\",\"position\":1,\"name\":\"Home\",\"item\":\"https:\\\/\\\/www.bellunopress.it\\\/\"},{\"@type\":\"ListItem\",\"position\":2,\"name\":\"Immagini sulle Dolomiti. Mercoled\u00ec in Prefettura si inaugura la mostra di Arbizzani. Anche un concorso riservato agli Istituti superiori\"}]},{\"@type\":\"WebSite\",\"@id\":\"https:\\\/\\\/www.bellunopress.it\\\/#website\",\"url\":\"https:\\\/\\\/www.bellunopress.it\\\/\",\"name\":\"Bellunopress - Dolomiti\",\"description\":\"e-mail: redazione@bellunopress.it\",\"publisher\":{\"@id\":\"https:\\\/\\\/www.bellunopress.it\\\/#organization\"},\"potentialAction\":[{\"@type\":\"SearchAction\",\"target\":{\"@type\":\"EntryPoint\",\"urlTemplate\":\"https:\\\/\\\/www.bellunopress.it\\\/?s={search_term_string}\"},\"query-input\":{\"@type\":\"PropertyValueSpecification\",\"valueRequired\":true,\"valueName\":\"search_term_string\"}}],\"inLanguage\":\"fr-FR\"},{\"@type\":\"Organization\",\"@id\":\"https:\\\/\\\/www.bellunopress.it\\\/#organization\",\"name\":\"Bellunopress\",\"url\":\"https:\\\/\\\/www.bellunopress.it\\\/\",\"logo\":{\"@type\":\"ImageObject\",\"inLanguage\":\"fr-FR\",\"@id\":\"https:\\\/\\\/www.bellunopress.it\\\/#\\\/schema\\\/logo\\\/image\\\/\",\"url\":\"https:\\\/\\\/www.bellunopress.it\\\/wp-content\\\/uploads\\\/2011\\\/05\\\/cropped-logo-bellunopress-.jpg\",\"contentUrl\":\"https:\\\/\\\/www.bellunopress.it\\\/wp-content\\\/uploads\\\/2011\\\/05\\\/cropped-logo-bellunopress-.jpg\",\"width\":512,\"height\":512,\"caption\":\"Bellunopress\"},\"image\":{\"@id\":\"https:\\\/\\\/www.bellunopress.it\\\/#\\\/schema\\\/logo\\\/image\\\/\"},\"sameAs\":[\"https:\\\/\\\/www.facebook.com\\\/profile.php?id=100008943462799\",\"https:\\\/\\\/x.com\\\/bellunopress\",\"https:\\\/\\\/www.linkedin.com\\\/hp\\\/?dnr=JBzUWaJfMUw8vbXJJ2tVW5-I3jZKvC4wsoxE&amp;amp;amp;amp;amp;amp;trk=nav_responsive_tab_home\",\"https:\\\/\\\/www.youtube.com\\\/channel\\\/UCxL0wu1uN0_3_7hGG0306cw\"]},{\"@type\":\"Person\",\"@id\":\"https:\\\/\\\/www.bellunopress.it\\\/#\\\/schema\\\/person\\\/79bb06722b37ece1c03d3e94beb30d73\",\"name\":\"redazione\",\"image\":{\"@type\":\"ImageObject\",\"inLanguage\":\"fr-FR\",\"@id\":\"https:\\\/\\\/secure.gravatar.com\\\/avatar\\\/37d968a2e67a6fd04c169c4bdef102d0bc5d31b2546345219e348575eb80e9a0?s=96&d=mm&r=g\",\"url\":\"https:\\\/\\\/secure.gravatar.com\\\/avatar\\\/37d968a2e67a6fd04c169c4bdef102d0bc5d31b2546345219e348575eb80e9a0?s=96&d=mm&r=g\",\"contentUrl\":\"https:\\\/\\\/secure.gravatar.com\\\/avatar\\\/37d968a2e67a6fd04c169c4bdef102d0bc5d31b2546345219e348575eb80e9a0?s=96&d=mm&r=g\",\"caption\":\"redazione\"},\"sameAs\":[\"http:\\\/\\\/www.bellunopress.it\",\"https:\\\/\\\/x.com\\\/bellunopress\"],\"url\":\"https:\\\/\\\/www.bellunopress.it\\\/fr\\\/author\\\/redazione\\\/\"}]}<\/script>\n<!-- \/ Yoast SEO plugin. -->","yoast_head_json":{"title":"Immagini sulle Dolomiti. Mercoled\u00ec in Prefettura si inaugura la mostra di Arbizzani. Anche un concorso riservato agli Istituti superiori - Bellunopress - Dolomiti","robots":{"index":"index","follow":"follow","max-snippet":"max-snippet:-1","max-image-preview":"max-image-preview:large","max-video-preview":"max-video-preview:-1"},"canonical":"https:\/\/www.bellunopress.it\/fr\/2019\/11\/03\/immagini-sulle-dolomiti-mercoledi-in-prefettura-si-inaugura-la-mostra-di-arbizzani-anche-un-concorso-riservato-agli-istituti-superiori\/","og_locale":"fr_FR","og_type":"article","og_title":"Immagini sulle Dolomiti. Mercoled\u00ec in Prefettura si inaugura la mostra di Arbizzani. Anche un concorso riservato agli Istituti superiori - Bellunopress - Dolomiti","og_description":"Mercoled\u00ec 6 novembre alle ore 10.00 prender\u00e0 il via in Prefettura, in occasione del decennale dell\u2019iscrizione a patrimonio mondiale dell\u2019umanit\u00e0 delle Dolomiti, la mostra con 47 stupende immagini fotografate in volo dal Maestro del Lavoro Lando Arbizzani, organizzatore dell\u2019evento e presidente di A.N.L.A. (Associazione Nazionale Lavoratori Aziendali). L\u2019Unesco e la Regione del Veneto hanno concesso [&hellip;]","og_url":"https:\/\/www.bellunopress.it\/fr\/2019\/11\/03\/immagini-sulle-dolomiti-mercoledi-in-prefettura-si-inaugura-la-mostra-di-arbizzani-anche-un-concorso-riservato-agli-istituti-superiori\/","og_site_name":"Bellunopress - Dolomiti","article_publisher":"https:\/\/www.facebook.com\/profile.php?id=100008943462799","article_published_time":"2019-11-03T19:24:27+00:00","og_image":[{"url":"http:\/\/www.bellunopress.it\/wp-content\/uploads\/2019\/11\/Tre-cime-foto-Lando-Arbizzani.jpg","type":"","width":"","height":""}],"author":"redazione","twitter_card":"summary_large_image","twitter_creator":"@bellunopress","twitter_site":"@bellunopress","twitter_misc":{"Written by":"redazione","Est. reading time":"1 minute"},"schema":{"@context":"https:\/\/schema.org","@graph":[{"@type":"Article","@id":"https:\/\/www.bellunopress.it\/2019\/11\/03\/immagini-sulle-dolomiti-mercoledi-in-prefettura-si-inaugura-la-mostra-di-arbizzani-anche-un-concorso-riservato-agli-istituti-superiori\/#article","isPartOf":{"@id":"https:\/\/www.bellunopress.it\/2019\/11\/03\/immagini-sulle-dolomiti-mercoledi-in-prefettura-si-inaugura-la-mostra-di-arbizzani-anche-un-concorso-riservato-agli-istituti-superiori\/"},"author":{"name":"redazione","@id":"https:\/\/www.bellunopress.it\/#\/schema\/person\/79bb06722b37ece1c03d3e94beb30d73"},"headline":"Immagini sulle Dolomiti. Mercoled\u00ec in Prefettura si inaugura la mostra di Arbizzani. Anche un concorso riservato agli Istituti superiori","datePublished":"2019-11-03T19:24:27+00:00","mainEntityOfPage":{"@id":"https:\/\/www.bellunopress.it\/2019\/11\/03\/immagini-sulle-dolomiti-mercoledi-in-prefettura-si-inaugura-la-mostra-di-arbizzani-anche-un-concorso-riservato-agli-istituti-superiori\/"},"wordCount":291,"publisher":{"@id":"https:\/\/www.bellunopress.it\/#organization"},"image":{"@id":"https:\/\/www.bellunopress.it\/2019\/11\/03\/immagini-sulle-dolomiti-mercoledi-in-prefettura-si-inaugura-la-mostra-di-arbizzani-anche-un-concorso-riservato-agli-istituti-superiori\/#primaryimage"},"thumbnailUrl":"http:\/\/www.bellunopress.it\/wp-content\/uploads\/2019\/11\/Tre-cime-foto-Lando-Arbizzani.jpg","articleSection":["Appuntamenti, Eventi","Arte, Cultura, Spettacoli, Scienza","Pausa Caff\u00e8"],"inLanguage":"fr-FR"},{"@type":"WebPage","@id":"https:\/\/www.bellunopress.it\/2019\/11\/03\/immagini-sulle-dolomiti-mercoledi-in-prefettura-si-inaugura-la-mostra-di-arbizzani-anche-un-concorso-riservato-agli-istituti-superiori\/","url":"https:\/\/www.bellunopress.it\/2019\/11\/03\/immagini-sulle-dolomiti-mercoledi-in-prefettura-si-inaugura-la-mostra-di-arbizzani-anche-un-concorso-riservato-agli-istituti-superiori\/","name":"Immagini sulle Dolomiti. Mercoled\u00ec in Prefettura si inaugura la mostra di Arbizzani. Anche un concorso riservato agli Istituti superiori - Bellunopress - Dolomiti","isPartOf":{"@id":"https:\/\/www.bellunopress.it\/#website"},"primaryImageOfPage":{"@id":"https:\/\/www.bellunopress.it\/2019\/11\/03\/immagini-sulle-dolomiti-mercoledi-in-prefettura-si-inaugura-la-mostra-di-arbizzani-anche-un-concorso-riservato-agli-istituti-superiori\/#primaryimage"},"image":{"@id":"https:\/\/www.bellunopress.it\/2019\/11\/03\/immagini-sulle-dolomiti-mercoledi-in-prefettura-si-inaugura-la-mostra-di-arbizzani-anche-un-concorso-riservato-agli-istituti-superiori\/#primaryimage"},"thumbnailUrl":"http:\/\/www.bellunopress.it\/wp-content\/uploads\/2019\/11\/Tre-cime-foto-Lando-Arbizzani.jpg","datePublished":"2019-11-03T19:24:27+00:00","breadcrumb":{"@id":"https:\/\/www.bellunopress.it\/2019\/11\/03\/immagini-sulle-dolomiti-mercoledi-in-prefettura-si-inaugura-la-mostra-di-arbizzani-anche-un-concorso-riservato-agli-istituti-superiori\/#breadcrumb"},"inLanguage":"fr-FR","potentialAction":[{"@type":"ReadAction","target":["https:\/\/www.bellunopress.it\/2019\/11\/03\/immagini-sulle-dolomiti-mercoledi-in-prefettura-si-inaugura-la-mostra-di-arbizzani-anche-un-concorso-riservato-agli-istituti-superiori\/"]}]},{"@type":"ImageObject","inLanguage":"fr-FR","@id":"https:\/\/www.bellunopress.it\/2019\/11\/03\/immagini-sulle-dolomiti-mercoledi-in-prefettura-si-inaugura-la-mostra-di-arbizzani-anche-un-concorso-riservato-agli-istituti-superiori\/#primaryimage","url":"http:\/\/www.bellunopress.it\/wp-content\/uploads\/2019\/11\/Tre-cime-foto-Lando-Arbizzani.jpg","contentUrl":"http:\/\/www.bellunopress.it\/wp-content\/uploads\/2019\/11\/Tre-cime-foto-Lando-Arbizzani.jpg"},{"@type":"BreadcrumbList","@id":"https:\/\/www.bellunopress.it\/2019\/11\/03\/immagini-sulle-dolomiti-mercoledi-in-prefettura-si-inaugura-la-mostra-di-arbizzani-anche-un-concorso-riservato-agli-istituti-superiori\/#breadcrumb","itemListElement":[{"@type":"ListItem","position":1,"name":"Home","item":"https:\/\/www.bellunopress.it\/"},{"@type":"ListItem","position":2,"name":"Immagini sulle Dolomiti. Mercoled\u00ec in Prefettura si inaugura la mostra di Arbizzani. Anche un concorso riservato agli Istituti superiori"}]},{"@type":"WebSite","@id":"https:\/\/www.bellunopress.it\/#website","url":"https:\/\/www.bellunopress.it\/","name":"Bellunopress - Dolomiti","description":"e-mail: redazione@bellunopress.it","publisher":{"@id":"https:\/\/www.bellunopress.it\/#organization"},"potentialAction":[{"@type":"SearchAction","target":{"@type":"EntryPoint","urlTemplate":"https:\/\/www.bellunopress.it\/?s={search_term_string}"},"query-input":{"@type":"PropertyValueSpecification","valueRequired":true,"valueName":"search_term_string"}}],"inLanguage":"fr-FR"},{"@type":"Organization","@id":"https:\/\/www.bellunopress.it\/#organization","name":"Bellunopress","url":"https:\/\/www.bellunopress.it\/","logo":{"@type":"ImageObject","inLanguage":"fr-FR","@id":"https:\/\/www.bellunopress.it\/#\/schema\/logo\/image\/","url":"https:\/\/www.bellunopress.it\/wp-content\/uploads\/2011\/05\/cropped-logo-bellunopress-.jpg","contentUrl":"https:\/\/www.bellunopress.it\/wp-content\/uploads\/2011\/05\/cropped-logo-bellunopress-.jpg","width":512,"height":512,"caption":"Bellunopress"},"image":{"@id":"https:\/\/www.bellunopress.it\/#\/schema\/logo\/image\/"},"sameAs":["https:\/\/www.facebook.com\/profile.php?id=100008943462799","https:\/\/x.com\/bellunopress","https:\/\/www.linkedin.com\/hp\/?dnr=JBzUWaJfMUw8vbXJJ2tVW5-I3jZKvC4wsoxE&amp;amp;amp;amp;amp;amp;trk=nav_responsive_tab_home","https:\/\/www.youtube.com\/channel\/UCxL0wu1uN0_3_7hGG0306cw"]},{"@type":"Person","@id":"https:\/\/www.bellunopress.it\/#\/schema\/person\/79bb06722b37ece1c03d3e94beb30d73","name":"r\u00e9daction","image":{"@type":"ImageObject","inLanguage":"fr-FR","@id":"https:\/\/secure.gravatar.com\/avatar\/37d968a2e67a6fd04c169c4bdef102d0bc5d31b2546345219e348575eb80e9a0?s=96&d=mm&r=g","url":"https:\/\/secure.gravatar.com\/avatar\/37d968a2e67a6fd04c169c4bdef102d0bc5d31b2546345219e348575eb80e9a0?s=96&d=mm&r=g","contentUrl":"https:\/\/secure.gravatar.com\/avatar\/37d968a2e67a6fd04c169c4bdef102d0bc5d31b2546345219e348575eb80e9a0?s=96&d=mm&r=g","caption":"redazione"},"sameAs":["http:\/\/www.bellunopress.it","https:\/\/x.com\/bellunopress"],"url":"https:\/\/www.bellunopress.it\/fr\/author\/redazione\/"}]}},"_links":{"self":[{"href":"https:\/\/www.bellunopress.it\/fr\/wp-json\/wp\/v2\/posts\/109299","targetHints":{"allow":["GET"]}}],"collection":[{"href":"https:\/\/www.bellunopress.it\/fr\/wp-json\/wp\/v2\/posts"}],"about":[{"href":"https:\/\/www.bellunopress.it\/fr\/wp-json\/wp\/v2\/types\/post"}],"author":[{"embeddable":true,"href":"https:\/\/www.bellunopress.it\/fr\/wp-json\/wp\/v2\/users\/2"}],"replies":[{"embeddable":true,"href":"https:\/\/www.bellunopress.it\/fr\/wp-json\/wp\/v2\/comments?post=109299"}],"version-history":[{"count":2,"href":"https:\/\/www.bellunopress.it\/fr\/wp-json\/wp\/v2\/posts\/109299\/revisions"}],"predecessor-version":[{"id":109302,"href":"https:\/\/www.bellunopress.it\/fr\/wp-json\/wp\/v2\/posts\/109299\/revisions\/109302"}],"wp:attachment":[{"href":"https:\/\/www.bellunopress.it\/fr\/wp-json\/wp\/v2\/media?parent=109299"}],"wp:term":[{"taxonomy":"category","embeddable":true,"href":"https:\/\/www.bellunopress.it\/fr\/wp-json\/wp\/v2\/categories?post=109299"},{"taxonomy":"post_tag","embeddable":true,"href":"https:\/\/www.bellunopress.it\/fr\/wp-json\/wp\/v2\/tags?post=109299"}],"curies":[{"name":"wp","href":"https:\/\/api.w.org\/{rel}","templated":true}]}}