{"id":109287,"date":"2019-11-03T16:56:14","date_gmt":"2019-11-03T15:56:14","guid":{"rendered":"http:\/\/www.bellunopress.it\/?p=109287"},"modified":"2019-11-03T16:56:14","modified_gmt":"2019-11-03T15:56:14","slug":"martedi-dalle-ore-19-riapre-il-ponte-di-santa-caterina-a-senso-unico-in-direzione-cadore","status":"publish","type":"post","link":"https:\/\/www.bellunopress.it\/fr\/2019\/11\/03\/martedi-dalle-ore-19-riapre-il-ponte-di-santa-caterina-a-senso-unico-in-direzione-cadore\/","title":{"rendered":"Marted\u00ec dalle ore 19 riapre il ponte di Santa Caterina a senso unico in direzione Cadore"},"content":{"rendered":"<figure id=\"attachment_64110\" aria-describedby=\"caption-attachment-64110\" style=\"width: 290px\" class=\"wp-caption alignleft\"><a href=\"http:\/\/www.bellunopress.it\/fr\/2014\/11\/11\/ponte-nelle-alpi-riunione-in-municipio-con-i-vertici-anas-interventi-programmati-per-la-primavera-2015\/ponte-nelle-alpi-1\/\" rel=\"attachment wp-att-64110\"><img loading=\"lazy\" decoding=\"async\" class=\"size-full wp-image-64110\" src=\"http:\/\/www.bellunopress.it\/wp-content\/uploads\/2014\/11\/ponte-nelle-alpi-1.jpg\" alt=\"\" width=\"290\" height=\"218\" \/><\/a><figcaption id=\"caption-attachment-64110\" class=\"wp-caption-text\">Ponte Santa Caterina &#8211; Ponte nelle Alpi<\/figcaption><\/figure>\n<p>Marted\u00ec 5 novembre dalle ore 19.00 il ponte di Santa Caterina a Ponte nelle Alpi sar\u00e0 di nuovo transitabile ad una sola carreggiata, con senso unico da Rione Santa Caterina verso viale Roma, area Bivio.<\/p>\n<p>Lo fa sapere l\u2019Anas, ente gestore della strada statale 51 di Alemagna ed attuatore dei lavori di riqualificazione e messa in sicurezza. Le opere di sostituzione dei sottoservizi (acquedotto e reti telefoniche) e il rafforzamento dell\u2019impalcato del ponte sono terminate. Luned\u00ec 4 novembre sar\u00e0 predisposta la nuova cartellonistica e saranno effettuate le verifiche di mobilit\u00e0.<br \/>\nLe rifiniture proseguiranno con il posizionamento delle balaustre del 1921, restaurate su indicazione della Sovrintendenza, in quanto il ponte \u00e8 vincolato come patrimonio storico.<br \/>\nI lati saranno ampliati di 75 cm per parte e verranno installati i guardrail di protezione.<br \/>\nQuesti ultimi interventi, come previsto dalla convenzione Anas &#8211; ditta esecutrice, proseguiranno sino al 23 novembre 2019 data in cui il ponte sar\u00e0 aperto in tutte e due le carreggiate.<\/p>","protected":false},"excerpt":{"rendered":"<p>Marted\u00ec 5 novembre dalle ore 19.00 il ponte di Santa Caterina a Ponte nelle Alpi sar\u00e0 di nuovo transitabile ad una sola carreggiata, con senso unico da Rione Santa Caterina verso viale Roma, area Bivio. Lo fa sapere l\u2019Anas, ente gestore della strada statale 51 di Alemagna ed attuatore dei lavori di riqualificazione e messa [&hellip;]<\/p>\n","protected":false},"author":2,"featured_media":0,"comment_status":"closed","ping_status":"open","sticky":false,"template":"","format":"standard","meta":{"footnotes":""},"categories":[5,26],"tags":[],"class_list":["post-109287","post","type-post","status-publish","format-standard","category-cronaca","category-prima-pagina"],"yoast_head":"<!-- This site is optimized with the Yoast SEO plugin v28.4 - https:\/\/yoast.com\/product\/yoast-seo-wordpress\/ -->\n<title>Marted\u00ec dalle ore 19 riapre il ponte di Santa Caterina a senso unico in direzione Cadore - Bellunopress - Dolomiti<\/title>\n<meta name=\"robots\" content=\"index, follow, max-snippet:-1, max-image-preview:large, max-video-preview:-1\" \/>\n<link rel=\"canonical\" href=\"https:\/\/www.bellunopress.it\/fr\/2019\/11\/03\/martedi-dalle-ore-19-riapre-il-ponte-di-santa-caterina-a-senso-unico-in-direzione-cadore\/\" \/>\n<meta property=\"og:locale\" content=\"fr_FR\" \/>\n<meta property=\"og:type\" content=\"article\" \/>\n<meta property=\"og:title\" content=\"Marted\u00ec dalle ore 19 riapre il ponte di Santa Caterina a senso unico in direzione Cadore - Bellunopress - Dolomiti\" \/>\n<meta property=\"og:description\" content=\"Marted\u00ec 5 novembre dalle ore 19.00 il ponte di Santa Caterina a Ponte nelle Alpi sar\u00e0 di nuovo transitabile ad una sola carreggiata, con senso unico da Rione Santa Caterina verso viale Roma, area Bivio. Lo fa sapere l\u2019Anas, ente gestore della strada statale 51 di Alemagna ed attuatore dei lavori di riqualificazione e messa [&hellip;]\" \/>\n<meta property=\"og:url\" content=\"https:\/\/www.bellunopress.it\/fr\/2019\/11\/03\/martedi-dalle-ore-19-riapre-il-ponte-di-santa-caterina-a-senso-unico-in-direzione-cadore\/\" \/>\n<meta property=\"og:site_name\" content=\"Bellunopress - Dolomiti\" \/>\n<meta property=\"article:publisher\" content=\"https:\/\/www.facebook.com\/profile.php?id=100008943462799\" \/>\n<meta property=\"article:published_time\" content=\"2019-11-03T15:56:14+00:00\" \/>\n<meta property=\"og:image\" content=\"http:\/\/www.bellunopress.it\/wp-content\/uploads\/2014\/11\/ponte-nelle-alpi-1.jpg\" \/>\n<meta name=\"author\" content=\"redazione\" \/>\n<meta name=\"twitter:card\" content=\"summary_large_image\" \/>\n<meta name=\"twitter:creator\" content=\"@bellunopress\" \/>\n<meta name=\"twitter:site\" content=\"@bellunopress\" \/>\n<meta name=\"twitter:label1\" content=\"\u00c9crit par\" \/>\n\t<meta name=\"twitter:data1\" content=\"redazione\" \/>\n\t<meta name=\"twitter:label2\" content=\"Dur\u00e9e de lecture estim\u00e9e\" \/>\n\t<meta name=\"twitter:data2\" content=\"1 minute\" \/>\n<script type=\"application\/ld+json\" class=\"yoast-schema-graph\">{\"@context\":\"https:\\\/\\\/schema.org\",\"@graph\":[{\"@type\":\"Article\",\"@id\":\"https:\\\/\\\/www.bellunopress.it\\\/2019\\\/11\\\/03\\\/martedi-dalle-ore-19-riapre-il-ponte-di-santa-caterina-a-senso-unico-in-direzione-cadore\\\/#article\",\"isPartOf\":{\"@id\":\"https:\\\/\\\/www.bellunopress.it\\\/2019\\\/11\\\/03\\\/martedi-dalle-ore-19-riapre-il-ponte-di-santa-caterina-a-senso-unico-in-direzione-cadore\\\/\"},\"author\":{\"name\":\"redazione\",\"@id\":\"https:\\\/\\\/www.bellunopress.it\\\/#\\\/schema\\\/person\\\/79bb06722b37ece1c03d3e94beb30d73\"},\"headline\":\"Marted\u00ec dalle ore 19 riapre il ponte di Santa Caterina a senso unico in direzione Cadore\",\"datePublished\":\"2019-11-03T15:56:14+00:00\",\"mainEntityOfPage\":{\"@id\":\"https:\\\/\\\/www.bellunopress.it\\\/2019\\\/11\\\/03\\\/martedi-dalle-ore-19-riapre-il-ponte-di-santa-caterina-a-senso-unico-in-direzione-cadore\\\/\"},\"wordCount\":182,\"publisher\":{\"@id\":\"https:\\\/\\\/www.bellunopress.it\\\/#organization\"},\"image\":{\"@id\":\"https:\\\/\\\/www.bellunopress.it\\\/2019\\\/11\\\/03\\\/martedi-dalle-ore-19-riapre-il-ponte-di-santa-caterina-a-senso-unico-in-direzione-cadore\\\/#primaryimage\"},\"thumbnailUrl\":\"http:\\\/\\\/www.bellunopress.it\\\/wp-content\\\/uploads\\\/2014\\\/11\\\/ponte-nelle-alpi-1.jpg\",\"articleSection\":[\"Cronaca\\\/Politica\",\"Prima Pagina\"],\"inLanguage\":\"fr-FR\"},{\"@type\":\"WebPage\",\"@id\":\"https:\\\/\\\/www.bellunopress.it\\\/2019\\\/11\\\/03\\\/martedi-dalle-ore-19-riapre-il-ponte-di-santa-caterina-a-senso-unico-in-direzione-cadore\\\/\",\"url\":\"https:\\\/\\\/www.bellunopress.it\\\/2019\\\/11\\\/03\\\/martedi-dalle-ore-19-riapre-il-ponte-di-santa-caterina-a-senso-unico-in-direzione-cadore\\\/\",\"name\":\"Marted\u00ec dalle ore 19 riapre il ponte di Santa Caterina a senso unico in direzione Cadore - Bellunopress - Dolomiti\",\"isPartOf\":{\"@id\":\"https:\\\/\\\/www.bellunopress.it\\\/#website\"},\"primaryImageOfPage\":{\"@id\":\"https:\\\/\\\/www.bellunopress.it\\\/2019\\\/11\\\/03\\\/martedi-dalle-ore-19-riapre-il-ponte-di-santa-caterina-a-senso-unico-in-direzione-cadore\\\/#primaryimage\"},\"image\":{\"@id\":\"https:\\\/\\\/www.bellunopress.it\\\/2019\\\/11\\\/03\\\/martedi-dalle-ore-19-riapre-il-ponte-di-santa-caterina-a-senso-unico-in-direzione-cadore\\\/#primaryimage\"},\"thumbnailUrl\":\"http:\\\/\\\/www.bellunopress.it\\\/wp-content\\\/uploads\\\/2014\\\/11\\\/ponte-nelle-alpi-1.jpg\",\"datePublished\":\"2019-11-03T15:56:14+00:00\",\"breadcrumb\":{\"@id\":\"https:\\\/\\\/www.bellunopress.it\\\/2019\\\/11\\\/03\\\/martedi-dalle-ore-19-riapre-il-ponte-di-santa-caterina-a-senso-unico-in-direzione-cadore\\\/#breadcrumb\"},\"inLanguage\":\"fr-FR\",\"potentialAction\":[{\"@type\":\"ReadAction\",\"target\":[\"https:\\\/\\\/www.bellunopress.it\\\/2019\\\/11\\\/03\\\/martedi-dalle-ore-19-riapre-il-ponte-di-santa-caterina-a-senso-unico-in-direzione-cadore\\\/\"]}]},{\"@type\":\"ImageObject\",\"inLanguage\":\"fr-FR\",\"@id\":\"https:\\\/\\\/www.bellunopress.it\\\/2019\\\/11\\\/03\\\/martedi-dalle-ore-19-riapre-il-ponte-di-santa-caterina-a-senso-unico-in-direzione-cadore\\\/#primaryimage\",\"url\":\"http:\\\/\\\/www.bellunopress.it\\\/wp-content\\\/uploads\\\/2014\\\/11\\\/ponte-nelle-alpi-1.jpg\",\"contentUrl\":\"http:\\\/\\\/www.bellunopress.it\\\/wp-content\\\/uploads\\\/2014\\\/11\\\/ponte-nelle-alpi-1.jpg\"},{\"@type\":\"BreadcrumbList\",\"@id\":\"https:\\\/\\\/www.bellunopress.it\\\/2019\\\/11\\\/03\\\/martedi-dalle-ore-19-riapre-il-ponte-di-santa-caterina-a-senso-unico-in-direzione-cadore\\\/#breadcrumb\",\"itemListElement\":[{\"@type\":\"ListItem\",\"position\":1,\"name\":\"Home\",\"item\":\"https:\\\/\\\/www.bellunopress.it\\\/\"},{\"@type\":\"ListItem\",\"position\":2,\"name\":\"Marted\u00ec dalle ore 19 riapre il ponte di Santa Caterina a senso unico in direzione Cadore\"}]},{\"@type\":\"WebSite\",\"@id\":\"https:\\\/\\\/www.bellunopress.it\\\/#website\",\"url\":\"https:\\\/\\\/www.bellunopress.it\\\/\",\"name\":\"Bellunopress - Dolomiti\",\"description\":\"e-mail: redazione@bellunopress.it\",\"publisher\":{\"@id\":\"https:\\\/\\\/www.bellunopress.it\\\/#organization\"},\"potentialAction\":[{\"@type\":\"SearchAction\",\"target\":{\"@type\":\"EntryPoint\",\"urlTemplate\":\"https:\\\/\\\/www.bellunopress.it\\\/?s={search_term_string}\"},\"query-input\":{\"@type\":\"PropertyValueSpecification\",\"valueRequired\":true,\"valueName\":\"search_term_string\"}}],\"inLanguage\":\"fr-FR\"},{\"@type\":\"Organization\",\"@id\":\"https:\\\/\\\/www.bellunopress.it\\\/#organization\",\"name\":\"Bellunopress\",\"url\":\"https:\\\/\\\/www.bellunopress.it\\\/\",\"logo\":{\"@type\":\"ImageObject\",\"inLanguage\":\"fr-FR\",\"@id\":\"https:\\\/\\\/www.bellunopress.it\\\/#\\\/schema\\\/logo\\\/image\\\/\",\"url\":\"https:\\\/\\\/www.bellunopress.it\\\/wp-content\\\/uploads\\\/2011\\\/05\\\/cropped-logo-bellunopress-.jpg\",\"contentUrl\":\"https:\\\/\\\/www.bellunopress.it\\\/wp-content\\\/uploads\\\/2011\\\/05\\\/cropped-logo-bellunopress-.jpg\",\"width\":512,\"height\":512,\"caption\":\"Bellunopress\"},\"image\":{\"@id\":\"https:\\\/\\\/www.bellunopress.it\\\/#\\\/schema\\\/logo\\\/image\\\/\"},\"sameAs\":[\"https:\\\/\\\/www.facebook.com\\\/profile.php?id=100008943462799\",\"https:\\\/\\\/x.com\\\/bellunopress\",\"https:\\\/\\\/www.linkedin.com\\\/hp\\\/?dnr=JBzUWaJfMUw8vbXJJ2tVW5-I3jZKvC4wsoxE&amp;amp;amp;amp;amp;amp;trk=nav_responsive_tab_home\",\"https:\\\/\\\/www.youtube.com\\\/channel\\\/UCxL0wu1uN0_3_7hGG0306cw\"]},{\"@type\":\"Person\",\"@id\":\"https:\\\/\\\/www.bellunopress.it\\\/#\\\/schema\\\/person\\\/79bb06722b37ece1c03d3e94beb30d73\",\"name\":\"redazione\",\"image\":{\"@type\":\"ImageObject\",\"inLanguage\":\"fr-FR\",\"@id\":\"https:\\\/\\\/secure.gravatar.com\\\/avatar\\\/37d968a2e67a6fd04c169c4bdef102d0bc5d31b2546345219e348575eb80e9a0?s=96&d=mm&r=g\",\"url\":\"https:\\\/\\\/secure.gravatar.com\\\/avatar\\\/37d968a2e67a6fd04c169c4bdef102d0bc5d31b2546345219e348575eb80e9a0?s=96&d=mm&r=g\",\"contentUrl\":\"https:\\\/\\\/secure.gravatar.com\\\/avatar\\\/37d968a2e67a6fd04c169c4bdef102d0bc5d31b2546345219e348575eb80e9a0?s=96&d=mm&r=g\",\"caption\":\"redazione\"},\"sameAs\":[\"http:\\\/\\\/www.bellunopress.it\",\"https:\\\/\\\/x.com\\\/bellunopress\"],\"url\":\"https:\\\/\\\/www.bellunopress.it\\\/fr\\\/author\\\/redazione\\\/\"}]}<\/script>\n<!-- \/ Yoast SEO plugin. -->","yoast_head_json":{"title":"Marted\u00ec dalle ore 19 riapre il ponte di Santa Caterina a senso unico in direzione Cadore - Bellunopress - Dolomiti","robots":{"index":"index","follow":"follow","max-snippet":"max-snippet:-1","max-image-preview":"max-image-preview:large","max-video-preview":"max-video-preview:-1"},"canonical":"https:\/\/www.bellunopress.it\/fr\/2019\/11\/03\/martedi-dalle-ore-19-riapre-il-ponte-di-santa-caterina-a-senso-unico-in-direzione-cadore\/","og_locale":"fr_FR","og_type":"article","og_title":"Marted\u00ec dalle ore 19 riapre il ponte di Santa Caterina a senso unico in direzione Cadore - Bellunopress - Dolomiti","og_description":"Marted\u00ec 5 novembre dalle ore 19.00 il ponte di Santa Caterina a Ponte nelle Alpi sar\u00e0 di nuovo transitabile ad una sola carreggiata, con senso unico da Rione Santa Caterina verso viale Roma, area Bivio. Lo fa sapere l\u2019Anas, ente gestore della strada statale 51 di Alemagna ed attuatore dei lavori di riqualificazione e messa [&hellip;]","og_url":"https:\/\/www.bellunopress.it\/fr\/2019\/11\/03\/martedi-dalle-ore-19-riapre-il-ponte-di-santa-caterina-a-senso-unico-in-direzione-cadore\/","og_site_name":"Bellunopress - Dolomiti","article_publisher":"https:\/\/www.facebook.com\/profile.php?id=100008943462799","article_published_time":"2019-11-03T15:56:14+00:00","og_image":[{"url":"http:\/\/www.bellunopress.it\/wp-content\/uploads\/2014\/11\/ponte-nelle-alpi-1.jpg","type":"","width":"","height":""}],"author":"redazione","twitter_card":"summary_large_image","twitter_creator":"@bellunopress","twitter_site":"@bellunopress","twitter_misc":{"\u00c9crit par":"redazione","Dur\u00e9e de lecture estim\u00e9e":"1 minute"},"schema":{"@context":"https:\/\/schema.org","@graph":[{"@type":"Article","@id":"https:\/\/www.bellunopress.it\/2019\/11\/03\/martedi-dalle-ore-19-riapre-il-ponte-di-santa-caterina-a-senso-unico-in-direzione-cadore\/#article","isPartOf":{"@id":"https:\/\/www.bellunopress.it\/2019\/11\/03\/martedi-dalle-ore-19-riapre-il-ponte-di-santa-caterina-a-senso-unico-in-direzione-cadore\/"},"author":{"name":"redazione","@id":"https:\/\/www.bellunopress.it\/#\/schema\/person\/79bb06722b37ece1c03d3e94beb30d73"},"headline":"Marted\u00ec dalle ore 19 riapre il ponte di Santa Caterina a senso unico in direzione Cadore","datePublished":"2019-11-03T15:56:14+00:00","mainEntityOfPage":{"@id":"https:\/\/www.bellunopress.it\/2019\/11\/03\/martedi-dalle-ore-19-riapre-il-ponte-di-santa-caterina-a-senso-unico-in-direzione-cadore\/"},"wordCount":182,"publisher":{"@id":"https:\/\/www.bellunopress.it\/#organization"},"image":{"@id":"https:\/\/www.bellunopress.it\/2019\/11\/03\/martedi-dalle-ore-19-riapre-il-ponte-di-santa-caterina-a-senso-unico-in-direzione-cadore\/#primaryimage"},"thumbnailUrl":"http:\/\/www.bellunopress.it\/wp-content\/uploads\/2014\/11\/ponte-nelle-alpi-1.jpg","articleSection":["Cronaca\/Politica","Prima Pagina"],"inLanguage":"fr-FR"},{"@type":"WebPage","@id":"https:\/\/www.bellunopress.it\/2019\/11\/03\/martedi-dalle-ore-19-riapre-il-ponte-di-santa-caterina-a-senso-unico-in-direzione-cadore\/","url":"https:\/\/www.bellunopress.it\/2019\/11\/03\/martedi-dalle-ore-19-riapre-il-ponte-di-santa-caterina-a-senso-unico-in-direzione-cadore\/","name":"Marted\u00ec dalle ore 19 riapre il ponte di Santa Caterina a senso unico in direzione Cadore - Bellunopress - Dolomiti","isPartOf":{"@id":"https:\/\/www.bellunopress.it\/#website"},"primaryImageOfPage":{"@id":"https:\/\/www.bellunopress.it\/2019\/11\/03\/martedi-dalle-ore-19-riapre-il-ponte-di-santa-caterina-a-senso-unico-in-direzione-cadore\/#primaryimage"},"image":{"@id":"https:\/\/www.bellunopress.it\/2019\/11\/03\/martedi-dalle-ore-19-riapre-il-ponte-di-santa-caterina-a-senso-unico-in-direzione-cadore\/#primaryimage"},"thumbnailUrl":"http:\/\/www.bellunopress.it\/wp-content\/uploads\/2014\/11\/ponte-nelle-alpi-1.jpg","datePublished":"2019-11-03T15:56:14+00:00","breadcrumb":{"@id":"https:\/\/www.bellunopress.it\/2019\/11\/03\/martedi-dalle-ore-19-riapre-il-ponte-di-santa-caterina-a-senso-unico-in-direzione-cadore\/#breadcrumb"},"inLanguage":"fr-FR","potentialAction":[{"@type":"ReadAction","target":["https:\/\/www.bellunopress.it\/2019\/11\/03\/martedi-dalle-ore-19-riapre-il-ponte-di-santa-caterina-a-senso-unico-in-direzione-cadore\/"]}]},{"@type":"ImageObject","inLanguage":"fr-FR","@id":"https:\/\/www.bellunopress.it\/2019\/11\/03\/martedi-dalle-ore-19-riapre-il-ponte-di-santa-caterina-a-senso-unico-in-direzione-cadore\/#primaryimage","url":"http:\/\/www.bellunopress.it\/wp-content\/uploads\/2014\/11\/ponte-nelle-alpi-1.jpg","contentUrl":"http:\/\/www.bellunopress.it\/wp-content\/uploads\/2014\/11\/ponte-nelle-alpi-1.jpg"},{"@type":"BreadcrumbList","@id":"https:\/\/www.bellunopress.it\/2019\/11\/03\/martedi-dalle-ore-19-riapre-il-ponte-di-santa-caterina-a-senso-unico-in-direzione-cadore\/#breadcrumb","itemListElement":[{"@type":"ListItem","position":1,"name":"Home","item":"https:\/\/www.bellunopress.it\/"},{"@type":"ListItem","position":2,"name":"Marted\u00ec dalle ore 19 riapre il ponte di Santa Caterina a senso unico in direzione Cadore"}]},{"@type":"WebSite","@id":"https:\/\/www.bellunopress.it\/#website","url":"https:\/\/www.bellunopress.it\/","name":"Bellunopress - Dolomiti","description":"e-mail: redazione@bellunopress.it","publisher":{"@id":"https:\/\/www.bellunopress.it\/#organization"},"potentialAction":[{"@type":"SearchAction","target":{"@type":"EntryPoint","urlTemplate":"https:\/\/www.bellunopress.it\/?s={search_term_string}"},"query-input":{"@type":"PropertyValueSpecification","valueRequired":true,"valueName":"search_term_string"}}],"inLanguage":"fr-FR"},{"@type":"Organization","@id":"https:\/\/www.bellunopress.it\/#organization","name":"Bellunopress","url":"https:\/\/www.bellunopress.it\/","logo":{"@type":"ImageObject","inLanguage":"fr-FR","@id":"https:\/\/www.bellunopress.it\/#\/schema\/logo\/image\/","url":"https:\/\/www.bellunopress.it\/wp-content\/uploads\/2011\/05\/cropped-logo-bellunopress-.jpg","contentUrl":"https:\/\/www.bellunopress.it\/wp-content\/uploads\/2011\/05\/cropped-logo-bellunopress-.jpg","width":512,"height":512,"caption":"Bellunopress"},"image":{"@id":"https:\/\/www.bellunopress.it\/#\/schema\/logo\/image\/"},"sameAs":["https:\/\/www.facebook.com\/profile.php?id=100008943462799","https:\/\/x.com\/bellunopress","https:\/\/www.linkedin.com\/hp\/?dnr=JBzUWaJfMUw8vbXJJ2tVW5-I3jZKvC4wsoxE&amp;amp;amp;amp;amp;amp;trk=nav_responsive_tab_home","https:\/\/www.youtube.com\/channel\/UCxL0wu1uN0_3_7hGG0306cw"]},{"@type":"Person","@id":"https:\/\/www.bellunopress.it\/#\/schema\/person\/79bb06722b37ece1c03d3e94beb30d73","name":"r\u00e9daction","image":{"@type":"ImageObject","inLanguage":"fr-FR","@id":"https:\/\/secure.gravatar.com\/avatar\/37d968a2e67a6fd04c169c4bdef102d0bc5d31b2546345219e348575eb80e9a0?s=96&d=mm&r=g","url":"https:\/\/secure.gravatar.com\/avatar\/37d968a2e67a6fd04c169c4bdef102d0bc5d31b2546345219e348575eb80e9a0?s=96&d=mm&r=g","contentUrl":"https:\/\/secure.gravatar.com\/avatar\/37d968a2e67a6fd04c169c4bdef102d0bc5d31b2546345219e348575eb80e9a0?s=96&d=mm&r=g","caption":"redazione"},"sameAs":["http:\/\/www.bellunopress.it","https:\/\/x.com\/bellunopress"],"url":"https:\/\/www.bellunopress.it\/fr\/author\/redazione\/"}]}},"_links":{"self":[{"href":"https:\/\/www.bellunopress.it\/fr\/wp-json\/wp\/v2\/posts\/109287","targetHints":{"allow":["GET"]}}],"collection":[{"href":"https:\/\/www.bellunopress.it\/fr\/wp-json\/wp\/v2\/posts"}],"about":[{"href":"https:\/\/www.bellunopress.it\/fr\/wp-json\/wp\/v2\/types\/post"}],"author":[{"embeddable":true,"href":"https:\/\/www.bellunopress.it\/fr\/wp-json\/wp\/v2\/users\/2"}],"replies":[{"embeddable":true,"href":"https:\/\/www.bellunopress.it\/fr\/wp-json\/wp\/v2\/comments?post=109287"}],"version-history":[{"count":1,"href":"https:\/\/www.bellunopress.it\/fr\/wp-json\/wp\/v2\/posts\/109287\/revisions"}],"predecessor-version":[{"id":109288,"href":"https:\/\/www.bellunopress.it\/fr\/wp-json\/wp\/v2\/posts\/109287\/revisions\/109288"}],"wp:attachment":[{"href":"https:\/\/www.bellunopress.it\/fr\/wp-json\/wp\/v2\/media?parent=109287"}],"wp:term":[{"taxonomy":"category","embeddable":true,"href":"https:\/\/www.bellunopress.it\/fr\/wp-json\/wp\/v2\/categories?post=109287"},{"taxonomy":"post_tag","embeddable":true,"href":"https:\/\/www.bellunopress.it\/fr\/wp-json\/wp\/v2\/tags?post=109287"}],"curies":[{"name":"wp","href":"https:\/\/api.w.org\/{rel}","templated":true}]}}