{"id":109273,"date":"2019-11-02T18:41:19","date_gmt":"2019-11-02T17:41:19","guid":{"rendered":"http:\/\/www.bellunopress.it\/?p=109273"},"modified":"2019-11-02T18:41:19","modified_gmt":"2019-11-02T17:41:19","slug":"crac-banche-dal-governo-giallo-verde-a-quello-giallo-rosso-persi-due-anni-e-540-milioni-di-indennizzi-non-erogati","status":"publish","type":"post","link":"https:\/\/www.bellunopress.it\/fr\/2019\/11\/02\/crac-banche-dal-governo-giallo-verde-a-quello-giallo-rosso-persi-due-anni-e-540-milioni-di-indennizzi-non-erogati\/","title":{"rendered":"Crac Banche. Dal Governo Giallo Verde a quello Giallo Rosso: persi due anni e 540 milioni di indennizzi non erogati"},"content":{"rendered":"<p><a href=\"http:\/\/www.bellunopress.it\/fr\/2018\/08\/18\/crack-banche-venete-le-associazioni-riunite-a-padova-chiedono-al-governo-limmediata-pubblicazione-del-decreto-lunedi-a-vicenza-la-riunione-a-palazzo-trissino\/banche-venete-popolare-vicenza\/\" rel=\"attachment wp-att-97237\"><img loading=\"lazy\" decoding=\"async\" class=\"alignleft size-full wp-image-97237\" src=\"http:\/\/www.bellunopress.it\/wp-content\/uploads\/2018\/08\/banche-venete-popolare-vicenza.jpg\" alt=\"\" width=\"300\" height=\"178\" \/><\/a>\u201cSettembre, andiamo. \u00c8 tempo di migrare\u201d \u00e8 l\u2019inizio di una celebre poesia di G. D\u2019Annunzio. La transumanza si \u00e8 ripetuta , in questo caso non solo per il bestiame ed i pastori, ma per il Governo denominato Conte I\u00b0, formato fino a poco tempo prima dai 5 stelle e dalla Lega di Salvini, migrato &#8211; il 5 settembre dell\u2019anno in corso &#8211; verso il Conte &#8211; bis. Infatti, l\u2019attuale compagine \u00e8 composta da quattro contraenti: l\u2019azionista di maggioranza di prima, ovvero i 5 Stelle, quindi il PD che ha gemmato Italia Viva, a questi va aggiunta la pattuglia di LeU (Liberi e Uguali). L\u2019operazione \u00e8 stata oltremodo facilitata da Matteo Salvini, leader maximo della Lega che ad agosto ha preferito scendere dalla giostra governativa e lasciare il posto alla seconda componente pi\u00f9 premiata dagli elettori nel marzo 2018, il Partito Democratico.<\/p>\n<p>A dispetto di quanto vanno dicendo i demagoghi di ogni risma, nella Repubblica Italiana i Governi nascono e muoiono dal e nel Parlamento. Non spetta al popolo votante decidere chi sta a Palazzo Chigi, il corpo elettorale si limita ad eleggere esclusivamente deputati e senatori, non certo i ministri n\u00e9 tantomeno il Presidente del Consiglio. Cos\u00ec \u00e8, ogni altra affermazione \u00e8 palesemente falsa rispetto a quanto sta scritto in Costituzione.<\/p>\n<p>Focalizzare questo passaggio avvenuto due mesi or sono \u00e8 importante, perch\u00e9 i mutamenti nella composizione dell\u2019esecutivo, s\u2019intrecciano con la vicenda penosa dei mancati rimborsi ai truffati dalle banche. Un dato va da subito evidenziato, il Governo di prima e di quello di adesso per i suffragi popolari raccolti, i parlamentari eletti ed infine, per il numero prevalente di esponenti ministeriali (33 su 65) era e resta a trazione pentastellata. Infatti, come narrano le cronache, da un Governo Giallo-Verde si \u00e8 transitati ad uno Giallo-Rosso, fermo restando l\u2019Avv.to Giuseppe Conte e parallelamente nella sua interezza, il partito che lo ha espresso.<\/p>\n<p>Avvicinandosi un\u2019altra tornata di bilancio, quella per il 2020, vale la pena di comprendere i motivi del ritardo negli indennizzi, le chance per possibili correttivi al FIR in essere ed infine, non meno importante, le cattive performance della piattaforma tecnologica gestita da Consap per conto del Ministero dell\u2019Economia e della Finanza.<br \/>\nLa previgente norma, legge, nr. 145\/2018, aveva cosi malamente disciplinato l\u2019intervento a favore dei truffati, in ossequio a quanto fortissimamente vollero soprattutto i 5 Stelle a dicembre 2018 nell\u2019ultimo passaggio della finanziaria al Senato, che si rese necessario un successivo decreto-legge poi convertito a giugno 2019 per riportare l\u2019aiuto economico previsto in linea di galleggiamento con le direttive dell\u2019Unione Europea. Come afferma il proverbio \u201cuna cosa nata male, prosegue peggio\u201d. In questo caso, ci\u00f2 \u00e8 testimoniato dallo spezzettamento nella fase esecutiva del provvedimento governativo. In effetti l\u2019art. 36 del c.d. \u201cdecreto crescita\u201d per essere operativo, ha necessitato di ben tre decreti ministeriali attuativi e, forse, verr\u00e0 prodotto anche il quarto. L\u2019ultimo pubblicato in Gazzetta Ufficiale ha &#8211; finalmente &#8211; stabilito la data di decorrenza della presentazione delle domande di indennizzo, ovvero a partire dal 22 agosto 2019 ed a valere per i successivi 180 giorni; di conseguenza si va a terminare a fine febbraio 2020 per ottenere il 30% del costo d\u2019acquisto di un\u2019azione della Popolare di Vicenza o di Veneto Banca.<\/p>\n<p>L\u2019incapacit\u00e0 amministrativa sommata all\u2019arroganza nell\u2019esercizio del potere da parte del Governo Giallo-Verde durato 14 mesi, ha fatto perdere tempo e soldi che non si recuperano pi\u00f9. Probabilmente gli oltre 200mila azzerati ad ottobre 2019 \u201cstanno come d\u2019autunno sugli alberi le foglie\u201d, termini appropriati presi in prestito da G. Ungaretti. Molto diverso era &#8211; probabilmente &#8211; il loro stato d\u2019animo quando risuonarono alte e forti le parole di Di Maio \u201cal di sotto del 100%, il rimborso \u00e8 un\u2019elemosina\u201d, campagna elettorale dicembre 2017. Citazione di febbraio di quest\u2019anno, sempre dalla stesso leader, venuto appositamente a Vicenza assieme all\u2019altro capopopolo Salvini, quando disse \u201centro una settimana faremo il decreto e daremo i soldi\u201d e tutti gli astanti al Palasport applaudirono come nei talk show. Chiss\u00e0 se qualcuno di loro ricorda che per attuare la legge 205\/2017 bastava un decreto che poteva essere adottato entro la fine di ottobre 2018, grazie ad un prezioso intervento del senatore A. Ferrazzi (PD) votato all\u2019unanimit\u00e0 dal Senato. L\u2019esito venne stravolto dai due sottosegretari Bitonci (Lega) e Villarosa (5 stelle) che a nome del Governo in carica a settembre dello stesso anno, inserirono due paletti: 30% e massimo 100 mila \u20ac di risarcimento. Anche in quest\u2019occasione, i truffati e le loro associazioni, nella stragrande maggioranza, erano molto soddisfatte e appagate del buon risultato, dimenticandosi di ci\u00f2 che urlavano nelle piazze qualche mese prima \u201cvogliamo tutti i soldi, no a paletti\u201d.<\/p>\n<p>Difficile affermare che i governanti pro-tempore abbiano agito da soli, sono stati sempre confortati da un ampio consenso accordato loro in primis dai truffati, coordinati, seguiti e guidati da pregevoli rappresentanti dei comitati di base, da noti ed esperti avvocati od infine, da qualificati esponenti locali emanazione di associazioni di livello nazionale. Insomma, tutta gente di spessore culturale e professionale, gente di mondo, che sa leggere e interpretare i fatti, le norme codificate e le ricadute delle opzioni sul tappeto anche in una prospettiva di medio termine. Infatti, a novembre 2019 non un euro \u00e8 stato erogato ai danneggiati o se volete, ai clienti dei legali.<\/p>\n<p>In materia, \u00e8 appena il caso di rammentare, che il tesoretto di 1.575 milioni ripartito nei tre anni: 2019,2020 e 2021, ha registrato un non riuscito impiego per i primi 525 milioni ai quali vanno aggiunti i 14 milioni non utilizzati del vecchio fondo ristoro, portando complessivamente gli indennizzi non percepiti a 540 milioni. Inoltre, se come informalmente gi\u00e0 richiesto, ci sar\u00e0 una proroga delle domande per altri sei mesi, il nuovo termine scadr\u00e0 a fine agosto del 2020 e &#8211; forse &#8211; a fine anno potranno esserci i primi risarcimenti. Identico scenario se sar\u00e0 accolta nella platea dei richiedenti, anche la richiesta di coloro che hanno perduto fino a un patrimonio mobiliare di 200 mila \u20ac.<\/p>\n<p>In questa direzione, Arman e Ugone personaggi noti agli azzerati, si sono gi\u00e0 attivati per sapere lo stato della pratica intercorrente tra Stato e Unione Europea. Infine, se sar\u00e0 consumato inutilmente quasi tutto il 2020, i 2\/3 delle risorse derivanti dalle sopravvenienze accumulatesi nel periodo 2010-2018 nei conti dormienti saranno state definitivamente assorbite da altre destinazioni. Gi\u00e0 adesso \u00e8 una corsa contro il tempo. L\u2019avanzo annuale, al netto del valore restituito a chi reclama la titolarit\u00e0 del conto \u201cdimenticato\u201d, \u00e8 di circa 100 milioni annui, pi\u00f9 di 5 volte inferiore all\u2019attuale dotazione. Su questi argomenti si \u00e8 gi\u00e0 scritto a pi\u00f9 riprese negli ultimi due anni, ma come affermano gli acculturati \u201c trattasi di dettagli minori\u201d.<\/p>\n<p>Venendo ai miglioramenti da farsi al Fondo Indennizzi Risparmiatori (FIR), gi\u00e0 oggetto di puntuali emendamenti approvati l\u2019anno scorso dai gruppi di minoranza pi\u00f9 consistenti (Forza Italia, PD, LeU, FdI) e bocciati dai Giallo-Verdi, essi mantengono tutta la loro validit\u00e0 ed incisivit\u00e0 anche per la nuova legge di bilancio allorquando essa sar\u00e0 resa in forma di articolato di legge depositato alla Camera. I suggerimenti da apportare concernono, in sintesi: l\u2019inserimento dell\u2019arbitro per arrivare al 100%, forte innalzamento della percentuale di ristoro oggi ferma al 30%, abrogazione della parola \u201cforfettario\u201d, equiparazione dei possessori di obbligazioni convertibili emesse negli anni 2013 e 2014 dell&#8217;indennizzo al 95 per cento al pari degli altri obbligazionisti. Ad oggi, il Governo ha prodotto unicamente un decreto-legge in materia fiscale collegato alla manovra 2020, che sul tema nulla innova. Va da s\u00e9 che se il vuoto governativo permane non rinnovellando il FIR, non resta che sperare nei gruppi parlamentari sia quelli gi\u00e0 dimostratesi favorevoli l\u2019anno scorso, sia i refrattari a partire dai 5 stelle ed a seguire alla Lega di Salvini, altrimenti le correzioni agognate non vedranno la luce.<br \/>\nDopo la pausa estiva e complice la novit\u00e0 della data utile per iniziare a caricare le domande di indennizzo sulla piattaforma Consap, molte sono state le difficolt\u00e0 di funzionamento causa \u201cbachi\u201d (bug), al di l\u00e0 degli sforzi -tardivi- di sistemazione ancora in via di perfezionamento. Le associazioni ed i loro leader di riferimento, invece di leggersi attentamente quanto stava gi\u00e0 scritto nel primo decreto, reclamizzato in data 4 di maggio dall\u2019allora Sottosegretario Alessio Villarosa (5 stelle) del Governo Giallo Verde riconfermato nello stesso dicastero e posizione anche nella \u201cnuova\u201d squadra\u201d ministeriale, hanno preferito convocare assemblee di soci per spiegare la bont\u00e0 del cammino finora fatto e le mete ancora da raggiungere.<\/p>\n<p>In realt\u00e0 spettava alla ditta di casa MEF, caricare fin dal 1\u00b0 luglio l\u2019intera modulistica utile e far testare la stessa dai truffati anche per raccogliere eventuali osservazioni e richieste di informazioni, cos\u00ec da correggere eventuali difformit\u00e0, errori riscontrati e fornire spiegazioni in modo interattivo. Ci\u00f2 non \u00e8 stato fatto, sebbene le prestazioni dell\u2019intera equipe Consap gravino sul fondo FIR per 12 milioni e 500 mila \u20ac e le lacune della societ\u00e0 partecipata dal MEF, fossero gi\u00e0 state oggetto di severe osservazioni da parte della Corte dei conti proprio in relazione alle tenute dei conti dormienti. Dette critiche comunque, non avevano impedito al Ministro Giovanni Tria del Governo Conte I\u00b0 di confermare Consap nel servizio da rendere; nonostante il dossier completo e approfondito pubblicato in giugno dalla magistratura contabile.<br \/>\nSi sa, la Gazzetta Ufficiale non fa parte delle news del cittadino-truffato, anche se lo riguardano, va da s\u00e9 che chi afferma di tutelarne gli interessi e rappresentarne le richieste presso il ceto politico, non ha proprio tempo da perdere in letture noiose tipo un report qualificato anche se riguardano una realt\u00e0 con la quale si scontrano i suoi patrocinati alias gli azzerati dalle banche venete.<br \/>\nSia i primi che i secondi sono tutte persone che sanno quel che vogliono, nessun dubbio in merito!<br \/>\n<strong>2 novembre 2019 Enzo De Biasi <\/strong><\/p>","protected":false},"excerpt":{"rendered":"<p>\u201cSettembre, andiamo. \u00c8 tempo di migrare\u201d \u00e8 l\u2019inizio di una celebre poesia di G. D\u2019Annunzio. La transumanza si \u00e8 ripetuta , in questo caso non solo per il bestiame ed i pastori, ma per il Governo denominato Conte I\u00b0, formato fino a poco tempo prima dai 5 stelle e dalla Lega di Salvini, migrato &#8211; [&hellip;]<\/p>\n","protected":false},"author":2,"featured_media":0,"comment_status":"closed","ping_status":"open","sticky":false,"template":"","format":"standard","meta":{"footnotes":""},"categories":[5,49,36,26],"tags":[],"class_list":["post-109273","post","type-post","status-publish","format-standard","category-cronaca","category-speciali","category-lavoro-economia","category-prima-pagina"],"yoast_head":"<!-- This site is optimized with the Yoast SEO plugin v28.4 - https:\/\/yoast.com\/product\/yoast-seo-wordpress\/ -->\n<title>Crac Banche. Dal Governo Giallo Verde a quello Giallo Rosso: persi due anni e 540 milioni di indennizzi non erogati - Bellunopress - Dolomiti<\/title>\n<meta name=\"robots\" content=\"index, follow, max-snippet:-1, max-image-preview:large, max-video-preview:-1\" \/>\n<link rel=\"canonical\" href=\"https:\/\/www.bellunopress.it\/fr\/2019\/11\/02\/crac-banche-dal-governo-giallo-verde-a-quello-giallo-rosso-persi-due-anni-e-540-milioni-di-indennizzi-non-erogati\/\" \/>\n<meta property=\"og:locale\" content=\"fr_FR\" \/>\n<meta property=\"og:type\" content=\"article\" \/>\n<meta property=\"og:title\" content=\"Crac Banche. Dal Governo Giallo Verde a quello Giallo Rosso: persi due anni e 540 milioni di indennizzi non erogati - Bellunopress - Dolomiti\" \/>\n<meta property=\"og:description\" content=\"\u201cSettembre, andiamo. \u00c8 tempo di migrare\u201d \u00e8 l\u2019inizio di una celebre poesia di G. D\u2019Annunzio. La transumanza si \u00e8 ripetuta , in questo caso non solo per il bestiame ed i pastori, ma per il Governo denominato Conte I\u00b0, formato fino a poco tempo prima dai 5 stelle e dalla Lega di Salvini, migrato &#8211; [&hellip;]\" \/>\n<meta property=\"og:url\" content=\"https:\/\/www.bellunopress.it\/fr\/2019\/11\/02\/crac-banche-dal-governo-giallo-verde-a-quello-giallo-rosso-persi-due-anni-e-540-milioni-di-indennizzi-non-erogati\/\" \/>\n<meta property=\"og:site_name\" content=\"Bellunopress - Dolomiti\" \/>\n<meta property=\"article:publisher\" content=\"https:\/\/www.facebook.com\/profile.php?id=100008943462799\" \/>\n<meta property=\"article:published_time\" content=\"2019-11-02T17:41:19+00:00\" \/>\n<meta property=\"og:image\" content=\"http:\/\/www.bellunopress.it\/wp-content\/uploads\/2018\/08\/banche-venete-popolare-vicenza.jpg\" \/>\n<meta name=\"author\" content=\"redazione\" \/>\n<meta name=\"twitter:card\" content=\"summary_large_image\" \/>\n<meta name=\"twitter:creator\" content=\"@bellunopress\" \/>\n<meta name=\"twitter:site\" content=\"@bellunopress\" \/>\n<meta name=\"twitter:label1\" content=\"\u00c9crit par\" \/>\n\t<meta name=\"twitter:data1\" content=\"redazione\" \/>\n\t<meta name=\"twitter:label2\" content=\"Dur\u00e9e de lecture estim\u00e9e\" \/>\n\t<meta name=\"twitter:data2\" content=\"8 minutes\" \/>\n<script type=\"application\/ld+json\" class=\"yoast-schema-graph\">{\"@context\":\"https:\\\/\\\/schema.org\",\"@graph\":[{\"@type\":\"Article\",\"@id\":\"https:\\\/\\\/www.bellunopress.it\\\/2019\\\/11\\\/02\\\/crac-banche-dal-governo-giallo-verde-a-quello-giallo-rosso-persi-due-anni-e-540-milioni-di-indennizzi-non-erogati\\\/#article\",\"isPartOf\":{\"@id\":\"https:\\\/\\\/www.bellunopress.it\\\/2019\\\/11\\\/02\\\/crac-banche-dal-governo-giallo-verde-a-quello-giallo-rosso-persi-due-anni-e-540-milioni-di-indennizzi-non-erogati\\\/\"},\"author\":{\"name\":\"redazione\",\"@id\":\"https:\\\/\\\/www.bellunopress.it\\\/#\\\/schema\\\/person\\\/79bb06722b37ece1c03d3e94beb30d73\"},\"headline\":\"Crac Banche. Dal Governo Giallo Verde a quello Giallo Rosso: persi due anni e 540 milioni di indennizzi non erogati\",\"datePublished\":\"2019-11-02T17:41:19+00:00\",\"mainEntityOfPage\":{\"@id\":\"https:\\\/\\\/www.bellunopress.it\\\/2019\\\/11\\\/02\\\/crac-banche-dal-governo-giallo-verde-a-quello-giallo-rosso-persi-due-anni-e-540-milioni-di-indennizzi-non-erogati\\\/\"},\"wordCount\":1603,\"publisher\":{\"@id\":\"https:\\\/\\\/www.bellunopress.it\\\/#organization\"},\"image\":{\"@id\":\"https:\\\/\\\/www.bellunopress.it\\\/2019\\\/11\\\/02\\\/crac-banche-dal-governo-giallo-verde-a-quello-giallo-rosso-persi-due-anni-e-540-milioni-di-indennizzi-non-erogati\\\/#primaryimage\"},\"thumbnailUrl\":\"http:\\\/\\\/www.bellunopress.it\\\/wp-content\\\/uploads\\\/2018\\\/08\\\/banche-venete-popolare-vicenza.jpg\",\"articleSection\":[\"Cronaca\\\/Politica\",\"Gli speciali di Bellunopress\",\"Lavoro, Economia, Turismo\",\"Prima Pagina\"],\"inLanguage\":\"fr-FR\"},{\"@type\":\"WebPage\",\"@id\":\"https:\\\/\\\/www.bellunopress.it\\\/2019\\\/11\\\/02\\\/crac-banche-dal-governo-giallo-verde-a-quello-giallo-rosso-persi-due-anni-e-540-milioni-di-indennizzi-non-erogati\\\/\",\"url\":\"https:\\\/\\\/www.bellunopress.it\\\/2019\\\/11\\\/02\\\/crac-banche-dal-governo-giallo-verde-a-quello-giallo-rosso-persi-due-anni-e-540-milioni-di-indennizzi-non-erogati\\\/\",\"name\":\"Crac Banche. Dal Governo Giallo Verde a quello Giallo Rosso: persi due anni e 540 milioni di indennizzi non erogati - Bellunopress - Dolomiti\",\"isPartOf\":{\"@id\":\"https:\\\/\\\/www.bellunopress.it\\\/#website\"},\"primaryImageOfPage\":{\"@id\":\"https:\\\/\\\/www.bellunopress.it\\\/2019\\\/11\\\/02\\\/crac-banche-dal-governo-giallo-verde-a-quello-giallo-rosso-persi-due-anni-e-540-milioni-di-indennizzi-non-erogati\\\/#primaryimage\"},\"image\":{\"@id\":\"https:\\\/\\\/www.bellunopress.it\\\/2019\\\/11\\\/02\\\/crac-banche-dal-governo-giallo-verde-a-quello-giallo-rosso-persi-due-anni-e-540-milioni-di-indennizzi-non-erogati\\\/#primaryimage\"},\"thumbnailUrl\":\"http:\\\/\\\/www.bellunopress.it\\\/wp-content\\\/uploads\\\/2018\\\/08\\\/banche-venete-popolare-vicenza.jpg\",\"datePublished\":\"2019-11-02T17:41:19+00:00\",\"breadcrumb\":{\"@id\":\"https:\\\/\\\/www.bellunopress.it\\\/2019\\\/11\\\/02\\\/crac-banche-dal-governo-giallo-verde-a-quello-giallo-rosso-persi-due-anni-e-540-milioni-di-indennizzi-non-erogati\\\/#breadcrumb\"},\"inLanguage\":\"fr-FR\",\"potentialAction\":[{\"@type\":\"ReadAction\",\"target\":[\"https:\\\/\\\/www.bellunopress.it\\\/2019\\\/11\\\/02\\\/crac-banche-dal-governo-giallo-verde-a-quello-giallo-rosso-persi-due-anni-e-540-milioni-di-indennizzi-non-erogati\\\/\"]}]},{\"@type\":\"ImageObject\",\"inLanguage\":\"fr-FR\",\"@id\":\"https:\\\/\\\/www.bellunopress.it\\\/2019\\\/11\\\/02\\\/crac-banche-dal-governo-giallo-verde-a-quello-giallo-rosso-persi-due-anni-e-540-milioni-di-indennizzi-non-erogati\\\/#primaryimage\",\"url\":\"http:\\\/\\\/www.bellunopress.it\\\/wp-content\\\/uploads\\\/2018\\\/08\\\/banche-venete-popolare-vicenza.jpg\",\"contentUrl\":\"http:\\\/\\\/www.bellunopress.it\\\/wp-content\\\/uploads\\\/2018\\\/08\\\/banche-venete-popolare-vicenza.jpg\"},{\"@type\":\"BreadcrumbList\",\"@id\":\"https:\\\/\\\/www.bellunopress.it\\\/2019\\\/11\\\/02\\\/crac-banche-dal-governo-giallo-verde-a-quello-giallo-rosso-persi-due-anni-e-540-milioni-di-indennizzi-non-erogati\\\/#breadcrumb\",\"itemListElement\":[{\"@type\":\"ListItem\",\"position\":1,\"name\":\"Home\",\"item\":\"https:\\\/\\\/www.bellunopress.it\\\/\"},{\"@type\":\"ListItem\",\"position\":2,\"name\":\"Crac Banche. Dal Governo Giallo Verde a quello Giallo Rosso: persi due anni e 540 milioni di indennizzi non erogati\"}]},{\"@type\":\"WebSite\",\"@id\":\"https:\\\/\\\/www.bellunopress.it\\\/#website\",\"url\":\"https:\\\/\\\/www.bellunopress.it\\\/\",\"name\":\"Bellunopress - Dolomiti\",\"description\":\"e-mail: redazione@bellunopress.it\",\"publisher\":{\"@id\":\"https:\\\/\\\/www.bellunopress.it\\\/#organization\"},\"potentialAction\":[{\"@type\":\"SearchAction\",\"target\":{\"@type\":\"EntryPoint\",\"urlTemplate\":\"https:\\\/\\\/www.bellunopress.it\\\/?s={search_term_string}\"},\"query-input\":{\"@type\":\"PropertyValueSpecification\",\"valueRequired\":true,\"valueName\":\"search_term_string\"}}],\"inLanguage\":\"fr-FR\"},{\"@type\":\"Organization\",\"@id\":\"https:\\\/\\\/www.bellunopress.it\\\/#organization\",\"name\":\"Bellunopress\",\"url\":\"https:\\\/\\\/www.bellunopress.it\\\/\",\"logo\":{\"@type\":\"ImageObject\",\"inLanguage\":\"fr-FR\",\"@id\":\"https:\\\/\\\/www.bellunopress.it\\\/#\\\/schema\\\/logo\\\/image\\\/\",\"url\":\"https:\\\/\\\/www.bellunopress.it\\\/wp-content\\\/uploads\\\/2011\\\/05\\\/cropped-logo-bellunopress-.jpg\",\"contentUrl\":\"https:\\\/\\\/www.bellunopress.it\\\/wp-content\\\/uploads\\\/2011\\\/05\\\/cropped-logo-bellunopress-.jpg\",\"width\":512,\"height\":512,\"caption\":\"Bellunopress\"},\"image\":{\"@id\":\"https:\\\/\\\/www.bellunopress.it\\\/#\\\/schema\\\/logo\\\/image\\\/\"},\"sameAs\":[\"https:\\\/\\\/www.facebook.com\\\/profile.php?id=100008943462799\",\"https:\\\/\\\/x.com\\\/bellunopress\",\"https:\\\/\\\/www.linkedin.com\\\/hp\\\/?dnr=JBzUWaJfMUw8vbXJJ2tVW5-I3jZKvC4wsoxE&amp;amp;amp;amp;amp;amp;trk=nav_responsive_tab_home\",\"https:\\\/\\\/www.youtube.com\\\/channel\\\/UCxL0wu1uN0_3_7hGG0306cw\"]},{\"@type\":\"Person\",\"@id\":\"https:\\\/\\\/www.bellunopress.it\\\/#\\\/schema\\\/person\\\/79bb06722b37ece1c03d3e94beb30d73\",\"name\":\"redazione\",\"image\":{\"@type\":\"ImageObject\",\"inLanguage\":\"fr-FR\",\"@id\":\"https:\\\/\\\/secure.gravatar.com\\\/avatar\\\/37d968a2e67a6fd04c169c4bdef102d0bc5d31b2546345219e348575eb80e9a0?s=96&d=mm&r=g\",\"url\":\"https:\\\/\\\/secure.gravatar.com\\\/avatar\\\/37d968a2e67a6fd04c169c4bdef102d0bc5d31b2546345219e348575eb80e9a0?s=96&d=mm&r=g\",\"contentUrl\":\"https:\\\/\\\/secure.gravatar.com\\\/avatar\\\/37d968a2e67a6fd04c169c4bdef102d0bc5d31b2546345219e348575eb80e9a0?s=96&d=mm&r=g\",\"caption\":\"redazione\"},\"sameAs\":[\"http:\\\/\\\/www.bellunopress.it\",\"https:\\\/\\\/x.com\\\/bellunopress\"],\"url\":\"https:\\\/\\\/www.bellunopress.it\\\/fr\\\/author\\\/redazione\\\/\"}]}<\/script>\n<!-- \/ Yoast SEO plugin. -->","yoast_head_json":{"title":"Crac Banche. Dal Governo Giallo Verde a quello Giallo Rosso: persi due anni e 540 milioni di indennizzi non erogati - Bellunopress - Dolomiti","robots":{"index":"index","follow":"follow","max-snippet":"max-snippet:-1","max-image-preview":"max-image-preview:large","max-video-preview":"max-video-preview:-1"},"canonical":"https:\/\/www.bellunopress.it\/fr\/2019\/11\/02\/crac-banche-dal-governo-giallo-verde-a-quello-giallo-rosso-persi-due-anni-e-540-milioni-di-indennizzi-non-erogati\/","og_locale":"fr_FR","og_type":"article","og_title":"Crac Banche. Dal Governo Giallo Verde a quello Giallo Rosso: persi due anni e 540 milioni di indennizzi non erogati - Bellunopress - Dolomiti","og_description":"\u201cSettembre, andiamo. \u00c8 tempo di migrare\u201d \u00e8 l\u2019inizio di una celebre poesia di G. D\u2019Annunzio. La transumanza si \u00e8 ripetuta , in questo caso non solo per il bestiame ed i pastori, ma per il Governo denominato Conte I\u00b0, formato fino a poco tempo prima dai 5 stelle e dalla Lega di Salvini, migrato &#8211; [&hellip;]","og_url":"https:\/\/www.bellunopress.it\/fr\/2019\/11\/02\/crac-banche-dal-governo-giallo-verde-a-quello-giallo-rosso-persi-due-anni-e-540-milioni-di-indennizzi-non-erogati\/","og_site_name":"Bellunopress - Dolomiti","article_publisher":"https:\/\/www.facebook.com\/profile.php?id=100008943462799","article_published_time":"2019-11-02T17:41:19+00:00","og_image":[{"url":"http:\/\/www.bellunopress.it\/wp-content\/uploads\/2018\/08\/banche-venete-popolare-vicenza.jpg","type":"","width":"","height":""}],"author":"redazione","twitter_card":"summary_large_image","twitter_creator":"@bellunopress","twitter_site":"@bellunopress","twitter_misc":{"\u00c9crit par":"redazione","Dur\u00e9e de lecture estim\u00e9e":"8 minutes"},"schema":{"@context":"https:\/\/schema.org","@graph":[{"@type":"Article","@id":"https:\/\/www.bellunopress.it\/2019\/11\/02\/crac-banche-dal-governo-giallo-verde-a-quello-giallo-rosso-persi-due-anni-e-540-milioni-di-indennizzi-non-erogati\/#article","isPartOf":{"@id":"https:\/\/www.bellunopress.it\/2019\/11\/02\/crac-banche-dal-governo-giallo-verde-a-quello-giallo-rosso-persi-due-anni-e-540-milioni-di-indennizzi-non-erogati\/"},"author":{"name":"redazione","@id":"https:\/\/www.bellunopress.it\/#\/schema\/person\/79bb06722b37ece1c03d3e94beb30d73"},"headline":"Crac Banche. Dal Governo Giallo Verde a quello Giallo Rosso: persi due anni e 540 milioni di indennizzi non erogati","datePublished":"2019-11-02T17:41:19+00:00","mainEntityOfPage":{"@id":"https:\/\/www.bellunopress.it\/2019\/11\/02\/crac-banche-dal-governo-giallo-verde-a-quello-giallo-rosso-persi-due-anni-e-540-milioni-di-indennizzi-non-erogati\/"},"wordCount":1603,"publisher":{"@id":"https:\/\/www.bellunopress.it\/#organization"},"image":{"@id":"https:\/\/www.bellunopress.it\/2019\/11\/02\/crac-banche-dal-governo-giallo-verde-a-quello-giallo-rosso-persi-due-anni-e-540-milioni-di-indennizzi-non-erogati\/#primaryimage"},"thumbnailUrl":"http:\/\/www.bellunopress.it\/wp-content\/uploads\/2018\/08\/banche-venete-popolare-vicenza.jpg","articleSection":["Cronaca\/Politica","Gli speciali di Bellunopress","Lavoro, Economia, Turismo","Prima Pagina"],"inLanguage":"fr-FR"},{"@type":"WebPage","@id":"https:\/\/www.bellunopress.it\/2019\/11\/02\/crac-banche-dal-governo-giallo-verde-a-quello-giallo-rosso-persi-due-anni-e-540-milioni-di-indennizzi-non-erogati\/","url":"https:\/\/www.bellunopress.it\/2019\/11\/02\/crac-banche-dal-governo-giallo-verde-a-quello-giallo-rosso-persi-due-anni-e-540-milioni-di-indennizzi-non-erogati\/","name":"Crac Banche. Dal Governo Giallo Verde a quello Giallo Rosso: persi due anni e 540 milioni di indennizzi non erogati - Bellunopress - Dolomiti","isPartOf":{"@id":"https:\/\/www.bellunopress.it\/#website"},"primaryImageOfPage":{"@id":"https:\/\/www.bellunopress.it\/2019\/11\/02\/crac-banche-dal-governo-giallo-verde-a-quello-giallo-rosso-persi-due-anni-e-540-milioni-di-indennizzi-non-erogati\/#primaryimage"},"image":{"@id":"https:\/\/www.bellunopress.it\/2019\/11\/02\/crac-banche-dal-governo-giallo-verde-a-quello-giallo-rosso-persi-due-anni-e-540-milioni-di-indennizzi-non-erogati\/#primaryimage"},"thumbnailUrl":"http:\/\/www.bellunopress.it\/wp-content\/uploads\/2018\/08\/banche-venete-popolare-vicenza.jpg","datePublished":"2019-11-02T17:41:19+00:00","breadcrumb":{"@id":"https:\/\/www.bellunopress.it\/2019\/11\/02\/crac-banche-dal-governo-giallo-verde-a-quello-giallo-rosso-persi-due-anni-e-540-milioni-di-indennizzi-non-erogati\/#breadcrumb"},"inLanguage":"fr-FR","potentialAction":[{"@type":"ReadAction","target":["https:\/\/www.bellunopress.it\/2019\/11\/02\/crac-banche-dal-governo-giallo-verde-a-quello-giallo-rosso-persi-due-anni-e-540-milioni-di-indennizzi-non-erogati\/"]}]},{"@type":"ImageObject","inLanguage":"fr-FR","@id":"https:\/\/www.bellunopress.it\/2019\/11\/02\/crac-banche-dal-governo-giallo-verde-a-quello-giallo-rosso-persi-due-anni-e-540-milioni-di-indennizzi-non-erogati\/#primaryimage","url":"http:\/\/www.bellunopress.it\/wp-content\/uploads\/2018\/08\/banche-venete-popolare-vicenza.jpg","contentUrl":"http:\/\/www.bellunopress.it\/wp-content\/uploads\/2018\/08\/banche-venete-popolare-vicenza.jpg"},{"@type":"BreadcrumbList","@id":"https:\/\/www.bellunopress.it\/2019\/11\/02\/crac-banche-dal-governo-giallo-verde-a-quello-giallo-rosso-persi-due-anni-e-540-milioni-di-indennizzi-non-erogati\/#breadcrumb","itemListElement":[{"@type":"ListItem","position":1,"name":"Home","item":"https:\/\/www.bellunopress.it\/"},{"@type":"ListItem","position":2,"name":"Crac Banche. Dal Governo Giallo Verde a quello Giallo Rosso: persi due anni e 540 milioni di indennizzi non erogati"}]},{"@type":"WebSite","@id":"https:\/\/www.bellunopress.it\/#website","url":"https:\/\/www.bellunopress.it\/","name":"Bellunopress - Dolomiti","description":"e-mail: redazione@bellunopress.it","publisher":{"@id":"https:\/\/www.bellunopress.it\/#organization"},"potentialAction":[{"@type":"SearchAction","target":{"@type":"EntryPoint","urlTemplate":"https:\/\/www.bellunopress.it\/?s={search_term_string}"},"query-input":{"@type":"PropertyValueSpecification","valueRequired":true,"valueName":"search_term_string"}}],"inLanguage":"fr-FR"},{"@type":"Organization","@id":"https:\/\/www.bellunopress.it\/#organization","name":"Bellunopress","url":"https:\/\/www.bellunopress.it\/","logo":{"@type":"ImageObject","inLanguage":"fr-FR","@id":"https:\/\/www.bellunopress.it\/#\/schema\/logo\/image\/","url":"https:\/\/www.bellunopress.it\/wp-content\/uploads\/2011\/05\/cropped-logo-bellunopress-.jpg","contentUrl":"https:\/\/www.bellunopress.it\/wp-content\/uploads\/2011\/05\/cropped-logo-bellunopress-.jpg","width":512,"height":512,"caption":"Bellunopress"},"image":{"@id":"https:\/\/www.bellunopress.it\/#\/schema\/logo\/image\/"},"sameAs":["https:\/\/www.facebook.com\/profile.php?id=100008943462799","https:\/\/x.com\/bellunopress","https:\/\/www.linkedin.com\/hp\/?dnr=JBzUWaJfMUw8vbXJJ2tVW5-I3jZKvC4wsoxE&amp;amp;amp;amp;amp;amp;trk=nav_responsive_tab_home","https:\/\/www.youtube.com\/channel\/UCxL0wu1uN0_3_7hGG0306cw"]},{"@type":"Person","@id":"https:\/\/www.bellunopress.it\/#\/schema\/person\/79bb06722b37ece1c03d3e94beb30d73","name":"r\u00e9daction","image":{"@type":"ImageObject","inLanguage":"fr-FR","@id":"https:\/\/secure.gravatar.com\/avatar\/37d968a2e67a6fd04c169c4bdef102d0bc5d31b2546345219e348575eb80e9a0?s=96&d=mm&r=g","url":"https:\/\/secure.gravatar.com\/avatar\/37d968a2e67a6fd04c169c4bdef102d0bc5d31b2546345219e348575eb80e9a0?s=96&d=mm&r=g","contentUrl":"https:\/\/secure.gravatar.com\/avatar\/37d968a2e67a6fd04c169c4bdef102d0bc5d31b2546345219e348575eb80e9a0?s=96&d=mm&r=g","caption":"redazione"},"sameAs":["http:\/\/www.bellunopress.it","https:\/\/x.com\/bellunopress"],"url":"https:\/\/www.bellunopress.it\/fr\/author\/redazione\/"}]}},"_links":{"self":[{"href":"https:\/\/www.bellunopress.it\/fr\/wp-json\/wp\/v2\/posts\/109273","targetHints":{"allow":["GET"]}}],"collection":[{"href":"https:\/\/www.bellunopress.it\/fr\/wp-json\/wp\/v2\/posts"}],"about":[{"href":"https:\/\/www.bellunopress.it\/fr\/wp-json\/wp\/v2\/types\/post"}],"author":[{"embeddable":true,"href":"https:\/\/www.bellunopress.it\/fr\/wp-json\/wp\/v2\/users\/2"}],"replies":[{"embeddable":true,"href":"https:\/\/www.bellunopress.it\/fr\/wp-json\/wp\/v2\/comments?post=109273"}],"version-history":[{"count":1,"href":"https:\/\/www.bellunopress.it\/fr\/wp-json\/wp\/v2\/posts\/109273\/revisions"}],"predecessor-version":[{"id":109274,"href":"https:\/\/www.bellunopress.it\/fr\/wp-json\/wp\/v2\/posts\/109273\/revisions\/109274"}],"wp:attachment":[{"href":"https:\/\/www.bellunopress.it\/fr\/wp-json\/wp\/v2\/media?parent=109273"}],"wp:term":[{"taxonomy":"category","embeddable":true,"href":"https:\/\/www.bellunopress.it\/fr\/wp-json\/wp\/v2\/categories?post=109273"},{"taxonomy":"post_tag","embeddable":true,"href":"https:\/\/www.bellunopress.it\/fr\/wp-json\/wp\/v2\/tags?post=109273"}],"curies":[{"name":"wp","href":"https:\/\/api.w.org\/{rel}","templated":true}]}}