{"id":109253,"date":"2019-11-01T21:48:40","date_gmt":"2019-11-01T20:48:40","guid":{"rendered":"http:\/\/www.bellunopress.it\/?p=109253"},"modified":"2019-11-01T21:51:15","modified_gmt":"2019-11-01T20:51:15","slug":"campi-elettromagnetici-a-radiofrequenza-nuova-tecologia-5g-in-sperimentazione-anche-a-a-a-la-valle-agordina-e-vallada-agordina-il-parere-del-dottor-fiorenzo-marinelli","status":"publish","type":"post","link":"https:\/\/www.bellunopress.it\/fr\/2019\/11\/01\/campi-elettromagnetici-a-radiofrequenza-nuova-tecologia-5g-in-sperimentazione-anche-a-a-a-la-valle-agordina-e-vallada-agordina-il-parere-del-dottor-fiorenzo-marinelli\/","title":{"rendered":"Campi elettromagnetici a radiofrequenza, nuova tecologia 5G in sperimentazione anche a La Valle Agordina e Vallada Agordina. Il parere del dottor Fiorenzo Marinelli"},"content":{"rendered":"<p>L\u2019avvio della nuova banda wi-fi in tecnologia 5G (700 MHz) partir\u00e0 inizialmente in 120 Comuni italiani tra cui La <a href=\"http:\/\/www.bellunopress.it\/fr\/2019\/06\/03\/parte-nel-silenzio-la-tecnologia-5g-in-120-comuni-in-provincia-a-la-valle-agordina-e-vallada-agordina\/\">Valle Agordina e Vallada Agordina<\/a>. Secondo quanto stabilito dall&#8217;Agcom la nuova tecnologia dovr\u00e0 essere pronta entro il 1\u00b0luglio 2022.<\/p>\n<figure id=\"attachment_109254\" aria-describedby=\"caption-attachment-109254\" style=\"width: 300px\" class=\"wp-caption alignleft\"><a href=\"http:\/\/www.bellunopress.it\/fr\/2019\/11\/01\/campi-elettromagnetici-a-radiofrequenza-nuova-tecologia-5g-in-sperimentazione-anche-a-a-a-la-valle-agordina-e-vallada-agordina-il-parere-del-dottor-fiorenzo-marinelli\/marinelli\/\" rel=\"attachment wp-att-109254\"><img loading=\"lazy\" decoding=\"async\" class=\"size-full wp-image-109254\" src=\"http:\/\/www.bellunopress.it\/wp-content\/uploads\/2019\/11\/marinelli.jpg\" alt=\"\" width=\"300\" height=\"238\" \/><\/a><figcaption id=\"caption-attachment-109254\" class=\"wp-caption-text\">Fiorenzo Marinelli, biologo<\/figcaption><\/figure>\n<p>Sui rischi connessi alle onde elettromagnetiche, ha parlato mercoled\u00ec scorso all&#8217;Hotel Benito di Ponte nelle Alpi il dottor Fiorenzo Marinelli, biologo, gi\u00e0 ricercatore del Cnr, con alle spalle 40 anni di professione. Sul 5G Marinelli ha detto che &#8220;oltre alle frequenze attuali, andranno a sovrapporsi ulteriori frequenze, per poter inviare una maggior quantit\u00e0 di dati&#8221;. E quindi vi sar\u00e0 un aumento di campi elettromagnetici che, secondo il biologo, producono l&#8217;effetto nel corpo umano &#8220;di sottrarre reattivit\u00e0 all&#8217;organismo, facendolo poi ammalare di patologie proprie&#8221;. Vi sono inoltre &#8211; ha spiegato Marinelli, che collabora con l&#8217;<a href=\"https:\/\/www.infoamica.it\/category\/video\/\">Associazione Amica<\/a> &#8211; delle nuove patologie in aumento legate all&#8217;aumento delle onde elettromagnetiche. Si tratta di un 3% della popolazione ammalata di elettrosensibilit\u00e0 e di sensibilit\u00e0 chimica. E se consideriamo quello che \u00e8 successo con le allergie, che all&#8217;inizio del secolo erano il 3% e oggi sono arrivate al 33%, c&#8217;\u00e8 da aspettarsi un aumento anche dei malati di elettrosensibilit\u00e0, con effetti di desquamazioni, pruriti, costretti a dormire fuori dalle loro abitazioni per il proliferare dei wi-fi nei condomini. Cos\u00ec come i malati di sensibilit\u00e0 chimica che non possono andare in luoghi affollati, cinema, autobus, perch\u00e9 non riescono a sopportare l&#8217;odore delle sostanze chimiche, detersivi, deodoranti, profumi ecc. E se \u00e8 vero che esiste un fondo naturale di campo elettromagnetico pari a 0,0002 Volt per metro, la legge ha stabilito che sono ammessi campi elettromagnetici artificiali da 6 a 20 Volt per metro, &#8220;E&#8217; come aver versato una boccetta di inchiostro in un acquario, e noi siamo i pesci&#8221;!<br \/>\nPer correttezza d&#8217;informazione diciamo anche che L&#8217;Agenzia Internazionale per la Ricerca sul Cancro (IARC) ha classificato i campi elettromagnetici a radiofrequenza (CRF) come cancerogeni di gruppo 2B, ovvero come possibilmente cancerogeni per gli esseri umani: agenti per i quali vi \u00e8 una limitata prova di cancerogenicit\u00e0 negli esseri umani e un&#8217;insufficiente prova di cancerogenicit\u00e0 in animali di laboratorio.<br \/>\nStudi epidemiologici hanno dimostrato che nelle &#8216;popolazioni tecnologiche&#8217; il rischio di contrarre il cancro \u00e8 maggiore, per l&#8217;esposizione alle basse frequenze. L&#8217;energia elettrica pulsa a 50 Hz al secondo e anche dal normale forno elettrico della cucina, quando \u00e8 acceso, bisognerebbe stare a un metro e mezzo di distanza. I telefoni cellulari lavorano su frequenze di 900 MHz ossia 900 milioni di pulsazioni al secondo. Il wi-fi di casa 2.437 MHz. E il 5G 30 Giga Hz ossia 30 miliardi di pulsazioni al secondo con lunghezza d&#8217;onda di un cm.<br \/>\nSono stati censiti in Italia 121 siti di antenne che irradiano onde su tutta la popolazione circostante. A <a href=\"https:\/\/castelli.romatoday.it\/altre\/respinto-ricorso-cassazione-antenne-monte-cavo.html\">Rocca di Papa<\/a>, 30mila abitanti con patologie, c&#8217;\u00e8 stata una sentenza definitiva della Cassazione che stabilisce l&#8217;abbattimento delle antenne, ma non \u00e8 stato fatto ancora nulla! Vivere vicino alle antenne &#8211; ha detto il dottor Marinelli &#8211; peggiora la qualit\u00e0 della vita di tutti i giorni.<br \/>\nIl pi\u00f9 pericoloso, al momento, rimane il telefono cellulare, per la vicinanza, perch\u00e9 si usa attaccato all&#8217;orecchio. Da notare che con il passaggio dalla tecnologia G2 Gsm al G3 Umts il rischio biologico \u00e8 salito da 1,4 a 4,7.<br \/>\nEcco alcuni consigli pratici dati dal biologo nell&#8217;uso del cellulare. No in auto, in autobus, treno, metro. No sulla battigia mentre passeggiamo con i piedi in acqua in riva al mare, perch\u00e9 il nostro corpo fa da antenna. No vicino ad altre persone (per evitare di irraggiarle, come il fumo passivo). Chiudere la connessione dati e il wi-fi dopo l&#8217;uso.<br \/>\nCosa succeder\u00e0 alle generazioni future, posto che la nostra generazione viene abbondantemente irradiata da onde elettromagnetiche. Sappiamo da esperimenti sui topi che le generazioni post irradiamento hanno una minor quantit\u00e0 di cellule cerebrali. Sappiamo anche che la prole di topi della 3^ e della 5^ generazione hanno una maggior probabilit\u00e0 di contrarre il diabete. Cos\u00ec come \u00e8 stato riscontrato negli Stati Uniti che i figli degli addetti ai radar hanno una maggior probabilit\u00e0 di ammalarsi.<br \/>\nInteressante anche quanto riscontrato da Henry Lai, scienziato, ricercatore e professore di bioingegneria emerito presso l&#8217;Universit\u00e0 di Washington e caporedattore di biologia e medicina elettromagnetica, secondo il quale:<br \/>\nse uno studio sugli effetti dannosi delle onde elettromagnetiche \u00e8 finanziato dall&#8217;industria, il risultato \u00e8 che per il 68% non vi sono effetti dannosi e solo per il 32% dei casi s\u00ec;<br \/>\nse invece lo studio \u00e8 indipendente (universit\u00e0 ecc) gli effetti dannosi rilevati dell&#8217;elettromagnetismo da wi-fi ecc. salgono al 70%.<br \/>\nAnche le auto elettriche e\/o ibride non sfuggono all&#8217;attenzione del dottor Fiorenzo Marinelli, che boccia decisamente per l&#8217;intensit\u00e0 dei campi elettromagnetici di oltre 7 microtesla, quando gi\u00e0 a 0,4 microtesla il rischio di leucemia raddoppia.<\/p>\n<p>L&#8217;incontro, cui ne seguiranno altri, \u00e8 stato organizzato dal Ceis, con il patrocinio del Comune di Ponte nelle Alpi.<br \/>\n(rdn)<\/p>","protected":false},"excerpt":{"rendered":"<p>L\u2019avvio della nuova banda wi-fi in tecnologia 5G (700 MHz) partir\u00e0 inizialmente in 120 Comuni italiani tra cui La Valle Agordina e Vallada Agordina. Secondo quanto stabilito dall&#8217;Agcom la nuova tecnologia dovr\u00e0 essere pronta entro il 1\u00b0luglio 2022. Sui rischi connessi alle onde elettromagnetiche, ha parlato mercoled\u00ec scorso all&#8217;Hotel Benito di Ponte nelle Alpi il [&hellip;]<\/p>\n","protected":false},"author":2,"featured_media":0,"comment_status":"closed","ping_status":"open","sticky":false,"template":"","format":"standard","meta":{"footnotes":""},"categories":[3,26],"tags":[],"class_list":["post-109253","post","type-post","status-publish","format-standard","category-arte-cultura-spettacoli-scienza-archivi","category-prima-pagina"],"yoast_head":"<!-- This site is optimized with the Yoast SEO plugin v28.4 - https:\/\/yoast.com\/product\/yoast-seo-wordpress\/ -->\n<title>Campi elettromagnetici a radiofrequenza, nuova tecologia 5G in sperimentazione anche a La Valle Agordina e Vallada Agordina. Il parere del dottor Fiorenzo Marinelli - Bellunopress - Dolomiti<\/title>\n<meta name=\"robots\" content=\"index, follow, max-snippet:-1, max-image-preview:large, max-video-preview:-1\" \/>\n<link rel=\"canonical\" href=\"https:\/\/www.bellunopress.it\/fr\/2019\/11\/01\/campi-elettromagnetici-a-radiofrequenza-nuova-tecologia-5g-in-sperimentazione-anche-a-a-a-la-valle-agordina-e-vallada-agordina-il-parere-del-dottor-fiorenzo-marinelli\/\" \/>\n<meta property=\"og:locale\" content=\"fr_FR\" \/>\n<meta property=\"og:type\" content=\"article\" \/>\n<meta property=\"og:title\" content=\"Campi elettromagnetici a radiofrequenza, nuova tecologia 5G in sperimentazione anche a La Valle Agordina e Vallada Agordina. Il parere del dottor Fiorenzo Marinelli - Bellunopress - Dolomiti\" \/>\n<meta property=\"og:description\" content=\"L\u2019avvio della nuova banda wi-fi in tecnologia 5G (700 MHz) partir\u00e0 inizialmente in 120 Comuni italiani tra cui La Valle Agordina e Vallada Agordina. Secondo quanto stabilito dall&#8217;Agcom la nuova tecnologia dovr\u00e0 essere pronta entro il 1\u00b0luglio 2022. Sui rischi connessi alle onde elettromagnetiche, ha parlato mercoled\u00ec scorso all&#8217;Hotel Benito di Ponte nelle Alpi il [&hellip;]\" \/>\n<meta property=\"og:url\" content=\"https:\/\/www.bellunopress.it\/fr\/2019\/11\/01\/campi-elettromagnetici-a-radiofrequenza-nuova-tecologia-5g-in-sperimentazione-anche-a-a-a-la-valle-agordina-e-vallada-agordina-il-parere-del-dottor-fiorenzo-marinelli\/\" \/>\n<meta property=\"og:site_name\" content=\"Bellunopress - Dolomiti\" \/>\n<meta property=\"article:publisher\" content=\"https:\/\/www.facebook.com\/profile.php?id=100008943462799\" \/>\n<meta property=\"article:published_time\" content=\"2019-11-01T20:48:40+00:00\" \/>\n<meta property=\"article:modified_time\" content=\"2019-11-01T20:51:15+00:00\" \/>\n<meta property=\"og:image\" content=\"http:\/\/www.bellunopress.it\/wp-content\/uploads\/2019\/11\/marinelli.jpg\" \/>\n<meta name=\"author\" content=\"redazione\" \/>\n<meta name=\"twitter:card\" content=\"summary_large_image\" \/>\n<meta name=\"twitter:creator\" content=\"@bellunopress\" \/>\n<meta name=\"twitter:site\" content=\"@bellunopress\" \/>\n<meta name=\"twitter:label1\" content=\"\u00c9crit par\" \/>\n\t<meta name=\"twitter:data1\" content=\"redazione\" \/>\n\t<meta name=\"twitter:label2\" content=\"Dur\u00e9e de lecture estim\u00e9e\" \/>\n\t<meta name=\"twitter:data2\" content=\"4 minutes\" \/>\n<script type=\"application\/ld+json\" class=\"yoast-schema-graph\">{\"@context\":\"https:\\\/\\\/schema.org\",\"@graph\":[{\"@type\":\"Article\",\"@id\":\"https:\\\/\\\/www.bellunopress.it\\\/2019\\\/11\\\/01\\\/campi-elettromagnetici-a-radiofrequenza-nuova-tecologia-5g-in-sperimentazione-anche-a-a-a-la-valle-agordina-e-vallada-agordina-il-parere-del-dottor-fiorenzo-marinelli\\\/#article\",\"isPartOf\":{\"@id\":\"https:\\\/\\\/www.bellunopress.it\\\/2019\\\/11\\\/01\\\/campi-elettromagnetici-a-radiofrequenza-nuova-tecologia-5g-in-sperimentazione-anche-a-a-a-la-valle-agordina-e-vallada-agordina-il-parere-del-dottor-fiorenzo-marinelli\\\/\"},\"author\":{\"name\":\"redazione\",\"@id\":\"https:\\\/\\\/www.bellunopress.it\\\/#\\\/schema\\\/person\\\/79bb06722b37ece1c03d3e94beb30d73\"},\"headline\":\"Campi elettromagnetici a radiofrequenza, nuova tecologia 5G in sperimentazione anche a La Valle Agordina e Vallada Agordina. Il parere del dottor Fiorenzo Marinelli\",\"datePublished\":\"2019-11-01T20:48:40+00:00\",\"dateModified\":\"2019-11-01T20:51:15+00:00\",\"mainEntityOfPage\":{\"@id\":\"https:\\\/\\\/www.bellunopress.it\\\/2019\\\/11\\\/01\\\/campi-elettromagnetici-a-radiofrequenza-nuova-tecologia-5g-in-sperimentazione-anche-a-a-a-la-valle-agordina-e-vallada-agordina-il-parere-del-dottor-fiorenzo-marinelli\\\/\"},\"wordCount\":831,\"publisher\":{\"@id\":\"https:\\\/\\\/www.bellunopress.it\\\/#organization\"},\"image\":{\"@id\":\"https:\\\/\\\/www.bellunopress.it\\\/2019\\\/11\\\/01\\\/campi-elettromagnetici-a-radiofrequenza-nuova-tecologia-5g-in-sperimentazione-anche-a-a-a-la-valle-agordina-e-vallada-agordina-il-parere-del-dottor-fiorenzo-marinelli\\\/#primaryimage\"},\"thumbnailUrl\":\"http:\\\/\\\/www.bellunopress.it\\\/wp-content\\\/uploads\\\/2019\\\/11\\\/marinelli.jpg\",\"articleSection\":[\"Arte, Cultura, Spettacoli, Scienza\",\"Prima Pagina\"],\"inLanguage\":\"fr-FR\"},{\"@type\":\"WebPage\",\"@id\":\"https:\\\/\\\/www.bellunopress.it\\\/2019\\\/11\\\/01\\\/campi-elettromagnetici-a-radiofrequenza-nuova-tecologia-5g-in-sperimentazione-anche-a-a-a-la-valle-agordina-e-vallada-agordina-il-parere-del-dottor-fiorenzo-marinelli\\\/\",\"url\":\"https:\\\/\\\/www.bellunopress.it\\\/2019\\\/11\\\/01\\\/campi-elettromagnetici-a-radiofrequenza-nuova-tecologia-5g-in-sperimentazione-anche-a-a-a-la-valle-agordina-e-vallada-agordina-il-parere-del-dottor-fiorenzo-marinelli\\\/\",\"name\":\"Campi elettromagnetici a radiofrequenza, nuova tecologia 5G in sperimentazione anche a La Valle Agordina e Vallada Agordina. Il parere del dottor Fiorenzo Marinelli - Bellunopress - Dolomiti\",\"isPartOf\":{\"@id\":\"https:\\\/\\\/www.bellunopress.it\\\/#website\"},\"primaryImageOfPage\":{\"@id\":\"https:\\\/\\\/www.bellunopress.it\\\/2019\\\/11\\\/01\\\/campi-elettromagnetici-a-radiofrequenza-nuova-tecologia-5g-in-sperimentazione-anche-a-a-a-la-valle-agordina-e-vallada-agordina-il-parere-del-dottor-fiorenzo-marinelli\\\/#primaryimage\"},\"image\":{\"@id\":\"https:\\\/\\\/www.bellunopress.it\\\/2019\\\/11\\\/01\\\/campi-elettromagnetici-a-radiofrequenza-nuova-tecologia-5g-in-sperimentazione-anche-a-a-a-la-valle-agordina-e-vallada-agordina-il-parere-del-dottor-fiorenzo-marinelli\\\/#primaryimage\"},\"thumbnailUrl\":\"http:\\\/\\\/www.bellunopress.it\\\/wp-content\\\/uploads\\\/2019\\\/11\\\/marinelli.jpg\",\"datePublished\":\"2019-11-01T20:48:40+00:00\",\"dateModified\":\"2019-11-01T20:51:15+00:00\",\"breadcrumb\":{\"@id\":\"https:\\\/\\\/www.bellunopress.it\\\/2019\\\/11\\\/01\\\/campi-elettromagnetici-a-radiofrequenza-nuova-tecologia-5g-in-sperimentazione-anche-a-a-a-la-valle-agordina-e-vallada-agordina-il-parere-del-dottor-fiorenzo-marinelli\\\/#breadcrumb\"},\"inLanguage\":\"fr-FR\",\"potentialAction\":[{\"@type\":\"ReadAction\",\"target\":[\"https:\\\/\\\/www.bellunopress.it\\\/2019\\\/11\\\/01\\\/campi-elettromagnetici-a-radiofrequenza-nuova-tecologia-5g-in-sperimentazione-anche-a-a-a-la-valle-agordina-e-vallada-agordina-il-parere-del-dottor-fiorenzo-marinelli\\\/\"]}]},{\"@type\":\"ImageObject\",\"inLanguage\":\"fr-FR\",\"@id\":\"https:\\\/\\\/www.bellunopress.it\\\/2019\\\/11\\\/01\\\/campi-elettromagnetici-a-radiofrequenza-nuova-tecologia-5g-in-sperimentazione-anche-a-a-a-la-valle-agordina-e-vallada-agordina-il-parere-del-dottor-fiorenzo-marinelli\\\/#primaryimage\",\"url\":\"http:\\\/\\\/www.bellunopress.it\\\/wp-content\\\/uploads\\\/2019\\\/11\\\/marinelli.jpg\",\"contentUrl\":\"http:\\\/\\\/www.bellunopress.it\\\/wp-content\\\/uploads\\\/2019\\\/11\\\/marinelli.jpg\"},{\"@type\":\"BreadcrumbList\",\"@id\":\"https:\\\/\\\/www.bellunopress.it\\\/2019\\\/11\\\/01\\\/campi-elettromagnetici-a-radiofrequenza-nuova-tecologia-5g-in-sperimentazione-anche-a-a-a-la-valle-agordina-e-vallada-agordina-il-parere-del-dottor-fiorenzo-marinelli\\\/#breadcrumb\",\"itemListElement\":[{\"@type\":\"ListItem\",\"position\":1,\"name\":\"Home\",\"item\":\"https:\\\/\\\/www.bellunopress.it\\\/\"},{\"@type\":\"ListItem\",\"position\":2,\"name\":\"Campi elettromagnetici a radiofrequenza, nuova tecologia 5G in sperimentazione anche a La Valle Agordina e Vallada Agordina. Il parere del dottor Fiorenzo Marinelli\"}]},{\"@type\":\"WebSite\",\"@id\":\"https:\\\/\\\/www.bellunopress.it\\\/#website\",\"url\":\"https:\\\/\\\/www.bellunopress.it\\\/\",\"name\":\"Bellunopress - Dolomiti\",\"description\":\"e-mail: redazione@bellunopress.it\",\"publisher\":{\"@id\":\"https:\\\/\\\/www.bellunopress.it\\\/#organization\"},\"potentialAction\":[{\"@type\":\"SearchAction\",\"target\":{\"@type\":\"EntryPoint\",\"urlTemplate\":\"https:\\\/\\\/www.bellunopress.it\\\/?s={search_term_string}\"},\"query-input\":{\"@type\":\"PropertyValueSpecification\",\"valueRequired\":true,\"valueName\":\"search_term_string\"}}],\"inLanguage\":\"fr-FR\"},{\"@type\":\"Organization\",\"@id\":\"https:\\\/\\\/www.bellunopress.it\\\/#organization\",\"name\":\"Bellunopress\",\"url\":\"https:\\\/\\\/www.bellunopress.it\\\/\",\"logo\":{\"@type\":\"ImageObject\",\"inLanguage\":\"fr-FR\",\"@id\":\"https:\\\/\\\/www.bellunopress.it\\\/#\\\/schema\\\/logo\\\/image\\\/\",\"url\":\"https:\\\/\\\/www.bellunopress.it\\\/wp-content\\\/uploads\\\/2011\\\/05\\\/cropped-logo-bellunopress-.jpg\",\"contentUrl\":\"https:\\\/\\\/www.bellunopress.it\\\/wp-content\\\/uploads\\\/2011\\\/05\\\/cropped-logo-bellunopress-.jpg\",\"width\":512,\"height\":512,\"caption\":\"Bellunopress\"},\"image\":{\"@id\":\"https:\\\/\\\/www.bellunopress.it\\\/#\\\/schema\\\/logo\\\/image\\\/\"},\"sameAs\":[\"https:\\\/\\\/www.facebook.com\\\/profile.php?id=100008943462799\",\"https:\\\/\\\/x.com\\\/bellunopress\",\"https:\\\/\\\/www.linkedin.com\\\/hp\\\/?dnr=JBzUWaJfMUw8vbXJJ2tVW5-I3jZKvC4wsoxE&amp;amp;amp;amp;amp;amp;trk=nav_responsive_tab_home\",\"https:\\\/\\\/www.youtube.com\\\/channel\\\/UCxL0wu1uN0_3_7hGG0306cw\"]},{\"@type\":\"Person\",\"@id\":\"https:\\\/\\\/www.bellunopress.it\\\/#\\\/schema\\\/person\\\/79bb06722b37ece1c03d3e94beb30d73\",\"name\":\"redazione\",\"image\":{\"@type\":\"ImageObject\",\"inLanguage\":\"fr-FR\",\"@id\":\"https:\\\/\\\/secure.gravatar.com\\\/avatar\\\/37d968a2e67a6fd04c169c4bdef102d0bc5d31b2546345219e348575eb80e9a0?s=96&d=mm&r=g\",\"url\":\"https:\\\/\\\/secure.gravatar.com\\\/avatar\\\/37d968a2e67a6fd04c169c4bdef102d0bc5d31b2546345219e348575eb80e9a0?s=96&d=mm&r=g\",\"contentUrl\":\"https:\\\/\\\/secure.gravatar.com\\\/avatar\\\/37d968a2e67a6fd04c169c4bdef102d0bc5d31b2546345219e348575eb80e9a0?s=96&d=mm&r=g\",\"caption\":\"redazione\"},\"sameAs\":[\"http:\\\/\\\/www.bellunopress.it\",\"https:\\\/\\\/x.com\\\/bellunopress\"],\"url\":\"https:\\\/\\\/www.bellunopress.it\\\/fr\\\/author\\\/redazione\\\/\"}]}<\/script>\n<!-- \/ Yoast SEO plugin. -->","yoast_head_json":{"title":"Campi elettromagnetici a radiofrequenza, nuova tecologia 5G in sperimentazione anche a La Valle Agordina e Vallada Agordina. Il parere del dottor Fiorenzo Marinelli - Bellunopress - Dolomiti","robots":{"index":"index","follow":"follow","max-snippet":"max-snippet:-1","max-image-preview":"max-image-preview:large","max-video-preview":"max-video-preview:-1"},"canonical":"https:\/\/www.bellunopress.it\/fr\/2019\/11\/01\/campi-elettromagnetici-a-radiofrequenza-nuova-tecologia-5g-in-sperimentazione-anche-a-a-a-la-valle-agordina-e-vallada-agordina-il-parere-del-dottor-fiorenzo-marinelli\/","og_locale":"fr_FR","og_type":"article","og_title":"Campi elettromagnetici a radiofrequenza, nuova tecologia 5G in sperimentazione anche a La Valle Agordina e Vallada Agordina. Il parere del dottor Fiorenzo Marinelli - Bellunopress - Dolomiti","og_description":"L\u2019avvio della nuova banda wi-fi in tecnologia 5G (700 MHz) partir\u00e0 inizialmente in 120 Comuni italiani tra cui La Valle Agordina e Vallada Agordina. Secondo quanto stabilito dall&#8217;Agcom la nuova tecnologia dovr\u00e0 essere pronta entro il 1\u00b0luglio 2022. Sui rischi connessi alle onde elettromagnetiche, ha parlato mercoled\u00ec scorso all&#8217;Hotel Benito di Ponte nelle Alpi il [&hellip;]","og_url":"https:\/\/www.bellunopress.it\/fr\/2019\/11\/01\/campi-elettromagnetici-a-radiofrequenza-nuova-tecologia-5g-in-sperimentazione-anche-a-a-a-la-valle-agordina-e-vallada-agordina-il-parere-del-dottor-fiorenzo-marinelli\/","og_site_name":"Bellunopress - Dolomiti","article_publisher":"https:\/\/www.facebook.com\/profile.php?id=100008943462799","article_published_time":"2019-11-01T20:48:40+00:00","article_modified_time":"2019-11-01T20:51:15+00:00","og_image":[{"url":"http:\/\/www.bellunopress.it\/wp-content\/uploads\/2019\/11\/marinelli.jpg","type":"","width":"","height":""}],"author":"redazione","twitter_card":"summary_large_image","twitter_creator":"@bellunopress","twitter_site":"@bellunopress","twitter_misc":{"\u00c9crit par":"redazione","Dur\u00e9e de lecture estim\u00e9e":"4 minutes"},"schema":{"@context":"https:\/\/schema.org","@graph":[{"@type":"Article","@id":"https:\/\/www.bellunopress.it\/2019\/11\/01\/campi-elettromagnetici-a-radiofrequenza-nuova-tecologia-5g-in-sperimentazione-anche-a-a-a-la-valle-agordina-e-vallada-agordina-il-parere-del-dottor-fiorenzo-marinelli\/#article","isPartOf":{"@id":"https:\/\/www.bellunopress.it\/2019\/11\/01\/campi-elettromagnetici-a-radiofrequenza-nuova-tecologia-5g-in-sperimentazione-anche-a-a-a-la-valle-agordina-e-vallada-agordina-il-parere-del-dottor-fiorenzo-marinelli\/"},"author":{"name":"redazione","@id":"https:\/\/www.bellunopress.it\/#\/schema\/person\/79bb06722b37ece1c03d3e94beb30d73"},"headline":"Campi elettromagnetici a radiofrequenza, nuova tecologia 5G in sperimentazione anche a La Valle Agordina e Vallada Agordina. Il parere del dottor Fiorenzo Marinelli","datePublished":"2019-11-01T20:48:40+00:00","dateModified":"2019-11-01T20:51:15+00:00","mainEntityOfPage":{"@id":"https:\/\/www.bellunopress.it\/2019\/11\/01\/campi-elettromagnetici-a-radiofrequenza-nuova-tecologia-5g-in-sperimentazione-anche-a-a-a-la-valle-agordina-e-vallada-agordina-il-parere-del-dottor-fiorenzo-marinelli\/"},"wordCount":831,"publisher":{"@id":"https:\/\/www.bellunopress.it\/#organization"},"image":{"@id":"https:\/\/www.bellunopress.it\/2019\/11\/01\/campi-elettromagnetici-a-radiofrequenza-nuova-tecologia-5g-in-sperimentazione-anche-a-a-a-la-valle-agordina-e-vallada-agordina-il-parere-del-dottor-fiorenzo-marinelli\/#primaryimage"},"thumbnailUrl":"http:\/\/www.bellunopress.it\/wp-content\/uploads\/2019\/11\/marinelli.jpg","articleSection":["Arte, Cultura, Spettacoli, Scienza","Prima Pagina"],"inLanguage":"fr-FR"},{"@type":"WebPage","@id":"https:\/\/www.bellunopress.it\/2019\/11\/01\/campi-elettromagnetici-a-radiofrequenza-nuova-tecologia-5g-in-sperimentazione-anche-a-a-a-la-valle-agordina-e-vallada-agordina-il-parere-del-dottor-fiorenzo-marinelli\/","url":"https:\/\/www.bellunopress.it\/2019\/11\/01\/campi-elettromagnetici-a-radiofrequenza-nuova-tecologia-5g-in-sperimentazione-anche-a-a-a-la-valle-agordina-e-vallada-agordina-il-parere-del-dottor-fiorenzo-marinelli\/","name":"Campi elettromagnetici a radiofrequenza, nuova tecologia 5G in sperimentazione anche a La Valle Agordina e Vallada Agordina. Il parere del dottor Fiorenzo Marinelli - Bellunopress - Dolomiti","isPartOf":{"@id":"https:\/\/www.bellunopress.it\/#website"},"primaryImageOfPage":{"@id":"https:\/\/www.bellunopress.it\/2019\/11\/01\/campi-elettromagnetici-a-radiofrequenza-nuova-tecologia-5g-in-sperimentazione-anche-a-a-a-la-valle-agordina-e-vallada-agordina-il-parere-del-dottor-fiorenzo-marinelli\/#primaryimage"},"image":{"@id":"https:\/\/www.bellunopress.it\/2019\/11\/01\/campi-elettromagnetici-a-radiofrequenza-nuova-tecologia-5g-in-sperimentazione-anche-a-a-a-la-valle-agordina-e-vallada-agordina-il-parere-del-dottor-fiorenzo-marinelli\/#primaryimage"},"thumbnailUrl":"http:\/\/www.bellunopress.it\/wp-content\/uploads\/2019\/11\/marinelli.jpg","datePublished":"2019-11-01T20:48:40+00:00","dateModified":"2019-11-01T20:51:15+00:00","breadcrumb":{"@id":"https:\/\/www.bellunopress.it\/2019\/11\/01\/campi-elettromagnetici-a-radiofrequenza-nuova-tecologia-5g-in-sperimentazione-anche-a-a-a-la-valle-agordina-e-vallada-agordina-il-parere-del-dottor-fiorenzo-marinelli\/#breadcrumb"},"inLanguage":"fr-FR","potentialAction":[{"@type":"ReadAction","target":["https:\/\/www.bellunopress.it\/2019\/11\/01\/campi-elettromagnetici-a-radiofrequenza-nuova-tecologia-5g-in-sperimentazione-anche-a-a-a-la-valle-agordina-e-vallada-agordina-il-parere-del-dottor-fiorenzo-marinelli\/"]}]},{"@type":"ImageObject","inLanguage":"fr-FR","@id":"https:\/\/www.bellunopress.it\/2019\/11\/01\/campi-elettromagnetici-a-radiofrequenza-nuova-tecologia-5g-in-sperimentazione-anche-a-a-a-la-valle-agordina-e-vallada-agordina-il-parere-del-dottor-fiorenzo-marinelli\/#primaryimage","url":"http:\/\/www.bellunopress.it\/wp-content\/uploads\/2019\/11\/marinelli.jpg","contentUrl":"http:\/\/www.bellunopress.it\/wp-content\/uploads\/2019\/11\/marinelli.jpg"},{"@type":"BreadcrumbList","@id":"https:\/\/www.bellunopress.it\/2019\/11\/01\/campi-elettromagnetici-a-radiofrequenza-nuova-tecologia-5g-in-sperimentazione-anche-a-a-a-la-valle-agordina-e-vallada-agordina-il-parere-del-dottor-fiorenzo-marinelli\/#breadcrumb","itemListElement":[{"@type":"ListItem","position":1,"name":"Home","item":"https:\/\/www.bellunopress.it\/"},{"@type":"ListItem","position":2,"name":"Campi elettromagnetici a radiofrequenza, nuova tecologia 5G in sperimentazione anche a La Valle Agordina e Vallada Agordina. Il parere del dottor Fiorenzo Marinelli"}]},{"@type":"WebSite","@id":"https:\/\/www.bellunopress.it\/#website","url":"https:\/\/www.bellunopress.it\/","name":"Bellunopress - Dolomiti","description":"e-mail: redazione@bellunopress.it","publisher":{"@id":"https:\/\/www.bellunopress.it\/#organization"},"potentialAction":[{"@type":"SearchAction","target":{"@type":"EntryPoint","urlTemplate":"https:\/\/www.bellunopress.it\/?s={search_term_string}"},"query-input":{"@type":"PropertyValueSpecification","valueRequired":true,"valueName":"search_term_string"}}],"inLanguage":"fr-FR"},{"@type":"Organization","@id":"https:\/\/www.bellunopress.it\/#organization","name":"Bellunopress","url":"https:\/\/www.bellunopress.it\/","logo":{"@type":"ImageObject","inLanguage":"fr-FR","@id":"https:\/\/www.bellunopress.it\/#\/schema\/logo\/image\/","url":"https:\/\/www.bellunopress.it\/wp-content\/uploads\/2011\/05\/cropped-logo-bellunopress-.jpg","contentUrl":"https:\/\/www.bellunopress.it\/wp-content\/uploads\/2011\/05\/cropped-logo-bellunopress-.jpg","width":512,"height":512,"caption":"Bellunopress"},"image":{"@id":"https:\/\/www.bellunopress.it\/#\/schema\/logo\/image\/"},"sameAs":["https:\/\/www.facebook.com\/profile.php?id=100008943462799","https:\/\/x.com\/bellunopress","https:\/\/www.linkedin.com\/hp\/?dnr=JBzUWaJfMUw8vbXJJ2tVW5-I3jZKvC4wsoxE&amp;amp;amp;amp;amp;amp;trk=nav_responsive_tab_home","https:\/\/www.youtube.com\/channel\/UCxL0wu1uN0_3_7hGG0306cw"]},{"@type":"Person","@id":"https:\/\/www.bellunopress.it\/#\/schema\/person\/79bb06722b37ece1c03d3e94beb30d73","name":"r\u00e9daction","image":{"@type":"ImageObject","inLanguage":"fr-FR","@id":"https:\/\/secure.gravatar.com\/avatar\/37d968a2e67a6fd04c169c4bdef102d0bc5d31b2546345219e348575eb80e9a0?s=96&d=mm&r=g","url":"https:\/\/secure.gravatar.com\/avatar\/37d968a2e67a6fd04c169c4bdef102d0bc5d31b2546345219e348575eb80e9a0?s=96&d=mm&r=g","contentUrl":"https:\/\/secure.gravatar.com\/avatar\/37d968a2e67a6fd04c169c4bdef102d0bc5d31b2546345219e348575eb80e9a0?s=96&d=mm&r=g","caption":"redazione"},"sameAs":["http:\/\/www.bellunopress.it","https:\/\/x.com\/bellunopress"],"url":"https:\/\/www.bellunopress.it\/fr\/author\/redazione\/"}]}},"_links":{"self":[{"href":"https:\/\/www.bellunopress.it\/fr\/wp-json\/wp\/v2\/posts\/109253","targetHints":{"allow":["GET"]}}],"collection":[{"href":"https:\/\/www.bellunopress.it\/fr\/wp-json\/wp\/v2\/posts"}],"about":[{"href":"https:\/\/www.bellunopress.it\/fr\/wp-json\/wp\/v2\/types\/post"}],"author":[{"embeddable":true,"href":"https:\/\/www.bellunopress.it\/fr\/wp-json\/wp\/v2\/users\/2"}],"replies":[{"embeddable":true,"href":"https:\/\/www.bellunopress.it\/fr\/wp-json\/wp\/v2\/comments?post=109253"}],"version-history":[{"count":4,"href":"https:\/\/www.bellunopress.it\/fr\/wp-json\/wp\/v2\/posts\/109253\/revisions"}],"predecessor-version":[{"id":109258,"href":"https:\/\/www.bellunopress.it\/fr\/wp-json\/wp\/v2\/posts\/109253\/revisions\/109258"}],"wp:attachment":[{"href":"https:\/\/www.bellunopress.it\/fr\/wp-json\/wp\/v2\/media?parent=109253"}],"wp:term":[{"taxonomy":"category","embeddable":true,"href":"https:\/\/www.bellunopress.it\/fr\/wp-json\/wp\/v2\/categories?post=109253"},{"taxonomy":"post_tag","embeddable":true,"href":"https:\/\/www.bellunopress.it\/fr\/wp-json\/wp\/v2\/tags?post=109253"}],"curies":[{"name":"wp","href":"https:\/\/api.w.org\/{rel}","templated":true}]}}