{"id":109245,"date":"2019-11-01T13:54:57","date_gmt":"2019-11-01T12:54:57","guid":{"rendered":"http:\/\/www.bellunopress.it\/?p=109245"},"modified":"2019-11-01T13:54:57","modified_gmt":"2019-11-01T12:54:57","slug":"nel-mese-di-novembre-il-cinema-a-belluno-e-cinema-di-qualita","status":"publish","type":"post","link":"https:\/\/www.bellunopress.it\/fr\/2019\/11\/01\/nel-mese-di-novembre-il-cinema-a-belluno-e-cinema-di-qualita\/","title":{"rendered":"Nel mese di novembre il cinema a Belluno \u00e8 \u201cCinema di qualit\u00e0\u201d"},"content":{"rendered":"<p>Dopo il grande successo nei mesi di marzo e maggio, da marted\u00ec 5 novembre tornano al Cinema Italia di Belluno gli appuntamenti con la rassegna \u201cLa Regione del Veneto per il cinema di qualit\u00e0 &#8211; La Regione ti porta al cinema con tre euro &#8211; I marted\u00ec al cinema\u201d, progetto pluriennale organizzato dalla Federazione Italiana Cinema d\u2019Essai (FICE) delle Tre Venezie, l\u2019Associazione Generale Italiana dello Spettacolo (AGIS) delle Tre Venezie, Regione del Veneto.<\/p>\n<figure id=\"attachment_78079\" aria-describedby=\"caption-attachment-78079\" style=\"width: 181px\" class=\"wp-caption alignleft\"><a href=\"http:\/\/www.bellunopress.it\/fr\/2016\/06\/05\/riccardo-alfare-conferenza-cena-visita-guidata-belluno\/cinema-italia-2\/\" rel=\"attachment wp-att-78079\"><img loading=\"lazy\" decoding=\"async\" class=\"size-full wp-image-78079\" src=\"http:\/\/www.bellunopress.it\/wp-content\/uploads\/2016\/06\/cinema-Italia.jpg\" alt=\"\" width=\"181\" height=\"300\" \/><\/a><figcaption id=\"caption-attachment-78079\" class=\"wp-caption-text\">Cinema Italia<\/figcaption><\/figure>\n<p>Tutti i marted\u00ec del mese di novembre, l\u2019iniziativa consentir\u00e0 agli appassionati di cinema di godere della visione di opere d\u2019autore, spesso alternative ai grandi circuiti commerciali, che verranno proiettate al costo ridotto di tre euro.<\/p>\n<p>Il progetto ha fra i suoi obiettivi la promozione della cultura cinematografica e del cinema d\u2019autore attraverso la valorizzazione delle sale d\u2019essai del Veneto e si inserisce in un quadro pi\u00f9 generale di azioni a sostegno dello spettacolo. Un modo concreto per favorire la visione di opere di qualit\u00e0 e creare, soprattutto nei giovani, l\u2019abitudine ad andare al cinema durante tutta la settimana.<\/p>\n<p>In questo primo appuntamento marted\u00ec 5 novembre la proposta del Cinema Italia \u00e8, alle 16.00, 17.50, 19.40 e 21.30, la visione a tre euro del film \u201cMio fratello rincorre i dinosauri\u201d (Commedia, Italia, 2019, 101\u2019) di Stefano Cipani. Jack ha sempre desiderato un fratellino con cui giocare. Quando nasce Gio, i suoi genitori gli raccontano che avrebbe avuto un fratello \u201cspeciale\u201d. Con il passare del tempo Jack scopre che in realt\u00e0 il fratello ha la sindrome di Down e questo per lui inizia a diventare un problema tanto da spingerlo nascondere la sua esistenza ai suoi nuovi amici del liceo e alla ragazza di cui \u00e8 innamorato.<\/p>\n<p>Ogni settimana sar\u00e0 possibile verificare quali opere sono in programmazione sul sito www.agistriveneto.it, sulla pagina facebook @agis.trevenezie e attraverso l\u2019applicazione per smartphone e tablet APP al Cinema.<\/p>\n<p>Il costo del biglietto \u00e8 di 3 euro. Nel caso di Multisala verificare preventivamente quali proiezioni sono a 3 euro. La prenotazione dei posti \u00e8 facolt\u00e0 riservata alla gestione della sala.<\/p>","protected":false},"excerpt":{"rendered":"<p>Dopo il grande successo nei mesi di marzo e maggio, da marted\u00ec 5 novembre tornano al Cinema Italia di Belluno gli appuntamenti con la rassegna \u201cLa Regione del Veneto per il cinema di qualit\u00e0 &#8211; La Regione ti porta al cinema con tre euro &#8211; I marted\u00ec al cinema\u201d, progetto pluriennale organizzato dalla Federazione Italiana [&hellip;]<\/p>\n","protected":false},"author":2,"featured_media":0,"comment_status":"closed","ping_status":"open","sticky":false,"template":"","format":"standard","meta":{"footnotes":""},"categories":[27,3,25],"tags":[],"class_list":["post-109245","post","type-post","status-publish","format-standard","category-appuntamenti","category-arte-cultura-spettacoli-scienza-archivi","category-pausa-caffe"],"yoast_head":"<!-- This site is optimized with the Yoast SEO plugin v28.4 - https:\/\/yoast.com\/product\/yoast-seo-wordpress\/ -->\n<title>Nel mese di novembre il cinema a Belluno \u00e8 \u201cCinema di qualit\u00e0\u201d - Bellunopress - Dolomiti<\/title>\n<meta name=\"robots\" content=\"index, follow, max-snippet:-1, max-image-preview:large, max-video-preview:-1\" \/>\n<link rel=\"canonical\" href=\"https:\/\/www.bellunopress.it\/fr\/2019\/11\/01\/nel-mese-di-novembre-il-cinema-a-belluno-e-cinema-di-qualita\/\" \/>\n<meta property=\"og:locale\" content=\"fr_FR\" \/>\n<meta property=\"og:type\" content=\"article\" \/>\n<meta property=\"og:title\" content=\"Nel mese di novembre il cinema a Belluno \u00e8 \u201cCinema di qualit\u00e0\u201d - Bellunopress - Dolomiti\" \/>\n<meta property=\"og:description\" content=\"Dopo il grande successo nei mesi di marzo e maggio, da marted\u00ec 5 novembre tornano al Cinema Italia di Belluno gli appuntamenti con la rassegna \u201cLa Regione del Veneto per il cinema di qualit\u00e0 &#8211; La Regione ti porta al cinema con tre euro &#8211; I marted\u00ec al cinema\u201d, progetto pluriennale organizzato dalla Federazione Italiana [&hellip;]\" \/>\n<meta property=\"og:url\" content=\"https:\/\/www.bellunopress.it\/fr\/2019\/11\/01\/nel-mese-di-novembre-il-cinema-a-belluno-e-cinema-di-qualita\/\" \/>\n<meta property=\"og:site_name\" content=\"Bellunopress - Dolomiti\" \/>\n<meta property=\"article:publisher\" content=\"https:\/\/www.facebook.com\/profile.php?id=100008943462799\" \/>\n<meta property=\"article:published_time\" content=\"2019-11-01T12:54:57+00:00\" \/>\n<meta property=\"og:image\" content=\"http:\/\/www.bellunopress.it\/wp-content\/uploads\/2016\/06\/cinema-Italia.jpg\" \/>\n<meta name=\"author\" content=\"redazione\" \/>\n<meta name=\"twitter:card\" content=\"summary_large_image\" \/>\n<meta name=\"twitter:creator\" content=\"@bellunopress\" \/>\n<meta name=\"twitter:site\" content=\"@bellunopress\" \/>\n<meta name=\"twitter:label1\" content=\"Written by\" \/>\n\t<meta name=\"twitter:data1\" content=\"redazione\" \/>\n\t<meta name=\"twitter:label2\" content=\"Est. reading time\" \/>\n\t<meta name=\"twitter:data2\" content=\"2 minutes\" \/>\n<script type=\"application\/ld+json\" class=\"yoast-schema-graph\">{\"@context\":\"https:\\\/\\\/schema.org\",\"@graph\":[{\"@type\":\"Article\",\"@id\":\"https:\\\/\\\/www.bellunopress.it\\\/2019\\\/11\\\/01\\\/nel-mese-di-novembre-il-cinema-a-belluno-e-cinema-di-qualita\\\/#article\",\"isPartOf\":{\"@id\":\"https:\\\/\\\/www.bellunopress.it\\\/2019\\\/11\\\/01\\\/nel-mese-di-novembre-il-cinema-a-belluno-e-cinema-di-qualita\\\/\"},\"author\":{\"name\":\"redazione\",\"@id\":\"https:\\\/\\\/www.bellunopress.it\\\/#\\\/schema\\\/person\\\/79bb06722b37ece1c03d3e94beb30d73\"},\"headline\":\"Nel mese di novembre il cinema a Belluno \u00e8 \u201cCinema di qualit\u00e0\u201d\",\"datePublished\":\"2019-11-01T12:54:57+00:00\",\"mainEntityOfPage\":{\"@id\":\"https:\\\/\\\/www.bellunopress.it\\\/2019\\\/11\\\/01\\\/nel-mese-di-novembre-il-cinema-a-belluno-e-cinema-di-qualita\\\/\"},\"wordCount\":353,\"publisher\":{\"@id\":\"https:\\\/\\\/www.bellunopress.it\\\/#organization\"},\"image\":{\"@id\":\"https:\\\/\\\/www.bellunopress.it\\\/2019\\\/11\\\/01\\\/nel-mese-di-novembre-il-cinema-a-belluno-e-cinema-di-qualita\\\/#primaryimage\"},\"thumbnailUrl\":\"http:\\\/\\\/www.bellunopress.it\\\/wp-content\\\/uploads\\\/2016\\\/06\\\/cinema-Italia.jpg\",\"articleSection\":[\"Appuntamenti, Eventi\",\"Arte, Cultura, Spettacoli, Scienza\",\"Pausa Caff\u00e8\"],\"inLanguage\":\"fr-FR\"},{\"@type\":\"WebPage\",\"@id\":\"https:\\\/\\\/www.bellunopress.it\\\/2019\\\/11\\\/01\\\/nel-mese-di-novembre-il-cinema-a-belluno-e-cinema-di-qualita\\\/\",\"url\":\"https:\\\/\\\/www.bellunopress.it\\\/2019\\\/11\\\/01\\\/nel-mese-di-novembre-il-cinema-a-belluno-e-cinema-di-qualita\\\/\",\"name\":\"Nel mese di novembre il cinema a Belluno \u00e8 \u201cCinema di qualit\u00e0\u201d - Bellunopress - Dolomiti\",\"isPartOf\":{\"@id\":\"https:\\\/\\\/www.bellunopress.it\\\/#website\"},\"primaryImageOfPage\":{\"@id\":\"https:\\\/\\\/www.bellunopress.it\\\/2019\\\/11\\\/01\\\/nel-mese-di-novembre-il-cinema-a-belluno-e-cinema-di-qualita\\\/#primaryimage\"},\"image\":{\"@id\":\"https:\\\/\\\/www.bellunopress.it\\\/2019\\\/11\\\/01\\\/nel-mese-di-novembre-il-cinema-a-belluno-e-cinema-di-qualita\\\/#primaryimage\"},\"thumbnailUrl\":\"http:\\\/\\\/www.bellunopress.it\\\/wp-content\\\/uploads\\\/2016\\\/06\\\/cinema-Italia.jpg\",\"datePublished\":\"2019-11-01T12:54:57+00:00\",\"breadcrumb\":{\"@id\":\"https:\\\/\\\/www.bellunopress.it\\\/2019\\\/11\\\/01\\\/nel-mese-di-novembre-il-cinema-a-belluno-e-cinema-di-qualita\\\/#breadcrumb\"},\"inLanguage\":\"fr-FR\",\"potentialAction\":[{\"@type\":\"ReadAction\",\"target\":[\"https:\\\/\\\/www.bellunopress.it\\\/2019\\\/11\\\/01\\\/nel-mese-di-novembre-il-cinema-a-belluno-e-cinema-di-qualita\\\/\"]}]},{\"@type\":\"ImageObject\",\"inLanguage\":\"fr-FR\",\"@id\":\"https:\\\/\\\/www.bellunopress.it\\\/2019\\\/11\\\/01\\\/nel-mese-di-novembre-il-cinema-a-belluno-e-cinema-di-qualita\\\/#primaryimage\",\"url\":\"http:\\\/\\\/www.bellunopress.it\\\/wp-content\\\/uploads\\\/2016\\\/06\\\/cinema-Italia.jpg\",\"contentUrl\":\"http:\\\/\\\/www.bellunopress.it\\\/wp-content\\\/uploads\\\/2016\\\/06\\\/cinema-Italia.jpg\"},{\"@type\":\"BreadcrumbList\",\"@id\":\"https:\\\/\\\/www.bellunopress.it\\\/2019\\\/11\\\/01\\\/nel-mese-di-novembre-il-cinema-a-belluno-e-cinema-di-qualita\\\/#breadcrumb\",\"itemListElement\":[{\"@type\":\"ListItem\",\"position\":1,\"name\":\"Home\",\"item\":\"https:\\\/\\\/www.bellunopress.it\\\/\"},{\"@type\":\"ListItem\",\"position\":2,\"name\":\"Nel mese di novembre il cinema a Belluno \u00e8 \u201cCinema di qualit\u00e0\u201d\"}]},{\"@type\":\"WebSite\",\"@id\":\"https:\\\/\\\/www.bellunopress.it\\\/#website\",\"url\":\"https:\\\/\\\/www.bellunopress.it\\\/\",\"name\":\"Bellunopress - Dolomiti\",\"description\":\"e-mail: redazione@bellunopress.it\",\"publisher\":{\"@id\":\"https:\\\/\\\/www.bellunopress.it\\\/#organization\"},\"potentialAction\":[{\"@type\":\"SearchAction\",\"target\":{\"@type\":\"EntryPoint\",\"urlTemplate\":\"https:\\\/\\\/www.bellunopress.it\\\/?s={search_term_string}\"},\"query-input\":{\"@type\":\"PropertyValueSpecification\",\"valueRequired\":true,\"valueName\":\"search_term_string\"}}],\"inLanguage\":\"fr-FR\"},{\"@type\":\"Organization\",\"@id\":\"https:\\\/\\\/www.bellunopress.it\\\/#organization\",\"name\":\"Bellunopress\",\"url\":\"https:\\\/\\\/www.bellunopress.it\\\/\",\"logo\":{\"@type\":\"ImageObject\",\"inLanguage\":\"fr-FR\",\"@id\":\"https:\\\/\\\/www.bellunopress.it\\\/#\\\/schema\\\/logo\\\/image\\\/\",\"url\":\"https:\\\/\\\/www.bellunopress.it\\\/wp-content\\\/uploads\\\/2011\\\/05\\\/cropped-logo-bellunopress-.jpg\",\"contentUrl\":\"https:\\\/\\\/www.bellunopress.it\\\/wp-content\\\/uploads\\\/2011\\\/05\\\/cropped-logo-bellunopress-.jpg\",\"width\":512,\"height\":512,\"caption\":\"Bellunopress\"},\"image\":{\"@id\":\"https:\\\/\\\/www.bellunopress.it\\\/#\\\/schema\\\/logo\\\/image\\\/\"},\"sameAs\":[\"https:\\\/\\\/www.facebook.com\\\/profile.php?id=100008943462799\",\"https:\\\/\\\/x.com\\\/bellunopress\",\"https:\\\/\\\/www.linkedin.com\\\/hp\\\/?dnr=JBzUWaJfMUw8vbXJJ2tVW5-I3jZKvC4wsoxE&amp;amp;amp;amp;amp;amp;trk=nav_responsive_tab_home\",\"https:\\\/\\\/www.youtube.com\\\/channel\\\/UCxL0wu1uN0_3_7hGG0306cw\"]},{\"@type\":\"Person\",\"@id\":\"https:\\\/\\\/www.bellunopress.it\\\/#\\\/schema\\\/person\\\/79bb06722b37ece1c03d3e94beb30d73\",\"name\":\"redazione\",\"image\":{\"@type\":\"ImageObject\",\"inLanguage\":\"fr-FR\",\"@id\":\"https:\\\/\\\/secure.gravatar.com\\\/avatar\\\/37d968a2e67a6fd04c169c4bdef102d0bc5d31b2546345219e348575eb80e9a0?s=96&d=mm&r=g\",\"url\":\"https:\\\/\\\/secure.gravatar.com\\\/avatar\\\/37d968a2e67a6fd04c169c4bdef102d0bc5d31b2546345219e348575eb80e9a0?s=96&d=mm&r=g\",\"contentUrl\":\"https:\\\/\\\/secure.gravatar.com\\\/avatar\\\/37d968a2e67a6fd04c169c4bdef102d0bc5d31b2546345219e348575eb80e9a0?s=96&d=mm&r=g\",\"caption\":\"redazione\"},\"sameAs\":[\"http:\\\/\\\/www.bellunopress.it\",\"https:\\\/\\\/x.com\\\/bellunopress\"],\"url\":\"https:\\\/\\\/www.bellunopress.it\\\/fr\\\/author\\\/redazione\\\/\"}]}<\/script>\n<!-- \/ Yoast SEO plugin. -->","yoast_head_json":{"title":"Nel mese di novembre il cinema a Belluno \u00e8 \u201cCinema di qualit\u00e0\u201d - Bellunopress - Dolomiti","robots":{"index":"index","follow":"follow","max-snippet":"max-snippet:-1","max-image-preview":"max-image-preview:large","max-video-preview":"max-video-preview:-1"},"canonical":"https:\/\/www.bellunopress.it\/fr\/2019\/11\/01\/nel-mese-di-novembre-il-cinema-a-belluno-e-cinema-di-qualita\/","og_locale":"fr_FR","og_type":"article","og_title":"Nel mese di novembre il cinema a Belluno \u00e8 \u201cCinema di qualit\u00e0\u201d - Bellunopress - Dolomiti","og_description":"Dopo il grande successo nei mesi di marzo e maggio, da marted\u00ec 5 novembre tornano al Cinema Italia di Belluno gli appuntamenti con la rassegna \u201cLa Regione del Veneto per il cinema di qualit\u00e0 &#8211; La Regione ti porta al cinema con tre euro &#8211; I marted\u00ec al cinema\u201d, progetto pluriennale organizzato dalla Federazione Italiana [&hellip;]","og_url":"https:\/\/www.bellunopress.it\/fr\/2019\/11\/01\/nel-mese-di-novembre-il-cinema-a-belluno-e-cinema-di-qualita\/","og_site_name":"Bellunopress - Dolomiti","article_publisher":"https:\/\/www.facebook.com\/profile.php?id=100008943462799","article_published_time":"2019-11-01T12:54:57+00:00","og_image":[{"url":"http:\/\/www.bellunopress.it\/wp-content\/uploads\/2016\/06\/cinema-Italia.jpg","type":"","width":"","height":""}],"author":"redazione","twitter_card":"summary_large_image","twitter_creator":"@bellunopress","twitter_site":"@bellunopress","twitter_misc":{"Written by":"redazione","Est. reading time":"2 minutes"},"schema":{"@context":"https:\/\/schema.org","@graph":[{"@type":"Article","@id":"https:\/\/www.bellunopress.it\/2019\/11\/01\/nel-mese-di-novembre-il-cinema-a-belluno-e-cinema-di-qualita\/#article","isPartOf":{"@id":"https:\/\/www.bellunopress.it\/2019\/11\/01\/nel-mese-di-novembre-il-cinema-a-belluno-e-cinema-di-qualita\/"},"author":{"name":"redazione","@id":"https:\/\/www.bellunopress.it\/#\/schema\/person\/79bb06722b37ece1c03d3e94beb30d73"},"headline":"Nel mese di novembre il cinema a Belluno \u00e8 \u201cCinema di qualit\u00e0\u201d","datePublished":"2019-11-01T12:54:57+00:00","mainEntityOfPage":{"@id":"https:\/\/www.bellunopress.it\/2019\/11\/01\/nel-mese-di-novembre-il-cinema-a-belluno-e-cinema-di-qualita\/"},"wordCount":353,"publisher":{"@id":"https:\/\/www.bellunopress.it\/#organization"},"image":{"@id":"https:\/\/www.bellunopress.it\/2019\/11\/01\/nel-mese-di-novembre-il-cinema-a-belluno-e-cinema-di-qualita\/#primaryimage"},"thumbnailUrl":"http:\/\/www.bellunopress.it\/wp-content\/uploads\/2016\/06\/cinema-Italia.jpg","articleSection":["Appuntamenti, Eventi","Arte, Cultura, Spettacoli, Scienza","Pausa Caff\u00e8"],"inLanguage":"fr-FR"},{"@type":"WebPage","@id":"https:\/\/www.bellunopress.it\/2019\/11\/01\/nel-mese-di-novembre-il-cinema-a-belluno-e-cinema-di-qualita\/","url":"https:\/\/www.bellunopress.it\/2019\/11\/01\/nel-mese-di-novembre-il-cinema-a-belluno-e-cinema-di-qualita\/","name":"Nel mese di novembre il cinema a Belluno \u00e8 \u201cCinema di qualit\u00e0\u201d - Bellunopress - Dolomiti","isPartOf":{"@id":"https:\/\/www.bellunopress.it\/#website"},"primaryImageOfPage":{"@id":"https:\/\/www.bellunopress.it\/2019\/11\/01\/nel-mese-di-novembre-il-cinema-a-belluno-e-cinema-di-qualita\/#primaryimage"},"image":{"@id":"https:\/\/www.bellunopress.it\/2019\/11\/01\/nel-mese-di-novembre-il-cinema-a-belluno-e-cinema-di-qualita\/#primaryimage"},"thumbnailUrl":"http:\/\/www.bellunopress.it\/wp-content\/uploads\/2016\/06\/cinema-Italia.jpg","datePublished":"2019-11-01T12:54:57+00:00","breadcrumb":{"@id":"https:\/\/www.bellunopress.it\/2019\/11\/01\/nel-mese-di-novembre-il-cinema-a-belluno-e-cinema-di-qualita\/#breadcrumb"},"inLanguage":"fr-FR","potentialAction":[{"@type":"ReadAction","target":["https:\/\/www.bellunopress.it\/2019\/11\/01\/nel-mese-di-novembre-il-cinema-a-belluno-e-cinema-di-qualita\/"]}]},{"@type":"ImageObject","inLanguage":"fr-FR","@id":"https:\/\/www.bellunopress.it\/2019\/11\/01\/nel-mese-di-novembre-il-cinema-a-belluno-e-cinema-di-qualita\/#primaryimage","url":"http:\/\/www.bellunopress.it\/wp-content\/uploads\/2016\/06\/cinema-Italia.jpg","contentUrl":"http:\/\/www.bellunopress.it\/wp-content\/uploads\/2016\/06\/cinema-Italia.jpg"},{"@type":"BreadcrumbList","@id":"https:\/\/www.bellunopress.it\/2019\/11\/01\/nel-mese-di-novembre-il-cinema-a-belluno-e-cinema-di-qualita\/#breadcrumb","itemListElement":[{"@type":"ListItem","position":1,"name":"Home","item":"https:\/\/www.bellunopress.it\/"},{"@type":"ListItem","position":2,"name":"Nel mese di novembre il cinema a Belluno \u00e8 \u201cCinema di qualit\u00e0\u201d"}]},{"@type":"WebSite","@id":"https:\/\/www.bellunopress.it\/#website","url":"https:\/\/www.bellunopress.it\/","name":"Bellunopress - Dolomiti","description":"e-mail: redazione@bellunopress.it","publisher":{"@id":"https:\/\/www.bellunopress.it\/#organization"},"potentialAction":[{"@type":"SearchAction","target":{"@type":"EntryPoint","urlTemplate":"https:\/\/www.bellunopress.it\/?s={search_term_string}"},"query-input":{"@type":"PropertyValueSpecification","valueRequired":true,"valueName":"search_term_string"}}],"inLanguage":"fr-FR"},{"@type":"Organization","@id":"https:\/\/www.bellunopress.it\/#organization","name":"Bellunopress","url":"https:\/\/www.bellunopress.it\/","logo":{"@type":"ImageObject","inLanguage":"fr-FR","@id":"https:\/\/www.bellunopress.it\/#\/schema\/logo\/image\/","url":"https:\/\/www.bellunopress.it\/wp-content\/uploads\/2011\/05\/cropped-logo-bellunopress-.jpg","contentUrl":"https:\/\/www.bellunopress.it\/wp-content\/uploads\/2011\/05\/cropped-logo-bellunopress-.jpg","width":512,"height":512,"caption":"Bellunopress"},"image":{"@id":"https:\/\/www.bellunopress.it\/#\/schema\/logo\/image\/"},"sameAs":["https:\/\/www.facebook.com\/profile.php?id=100008943462799","https:\/\/x.com\/bellunopress","https:\/\/www.linkedin.com\/hp\/?dnr=JBzUWaJfMUw8vbXJJ2tVW5-I3jZKvC4wsoxE&amp;amp;amp;amp;amp;amp;trk=nav_responsive_tab_home","https:\/\/www.youtube.com\/channel\/UCxL0wu1uN0_3_7hGG0306cw"]},{"@type":"Person","@id":"https:\/\/www.bellunopress.it\/#\/schema\/person\/79bb06722b37ece1c03d3e94beb30d73","name":"r\u00e9daction","image":{"@type":"ImageObject","inLanguage":"fr-FR","@id":"https:\/\/secure.gravatar.com\/avatar\/37d968a2e67a6fd04c169c4bdef102d0bc5d31b2546345219e348575eb80e9a0?s=96&d=mm&r=g","url":"https:\/\/secure.gravatar.com\/avatar\/37d968a2e67a6fd04c169c4bdef102d0bc5d31b2546345219e348575eb80e9a0?s=96&d=mm&r=g","contentUrl":"https:\/\/secure.gravatar.com\/avatar\/37d968a2e67a6fd04c169c4bdef102d0bc5d31b2546345219e348575eb80e9a0?s=96&d=mm&r=g","caption":"redazione"},"sameAs":["http:\/\/www.bellunopress.it","https:\/\/x.com\/bellunopress"],"url":"https:\/\/www.bellunopress.it\/fr\/author\/redazione\/"}]}},"_links":{"self":[{"href":"https:\/\/www.bellunopress.it\/fr\/wp-json\/wp\/v2\/posts\/109245","targetHints":{"allow":["GET"]}}],"collection":[{"href":"https:\/\/www.bellunopress.it\/fr\/wp-json\/wp\/v2\/posts"}],"about":[{"href":"https:\/\/www.bellunopress.it\/fr\/wp-json\/wp\/v2\/types\/post"}],"author":[{"embeddable":true,"href":"https:\/\/www.bellunopress.it\/fr\/wp-json\/wp\/v2\/users\/2"}],"replies":[{"embeddable":true,"href":"https:\/\/www.bellunopress.it\/fr\/wp-json\/wp\/v2\/comments?post=109245"}],"version-history":[{"count":1,"href":"https:\/\/www.bellunopress.it\/fr\/wp-json\/wp\/v2\/posts\/109245\/revisions"}],"predecessor-version":[{"id":109246,"href":"https:\/\/www.bellunopress.it\/fr\/wp-json\/wp\/v2\/posts\/109245\/revisions\/109246"}],"wp:attachment":[{"href":"https:\/\/www.bellunopress.it\/fr\/wp-json\/wp\/v2\/media?parent=109245"}],"wp:term":[{"taxonomy":"category","embeddable":true,"href":"https:\/\/www.bellunopress.it\/fr\/wp-json\/wp\/v2\/categories?post=109245"},{"taxonomy":"post_tag","embeddable":true,"href":"https:\/\/www.bellunopress.it\/fr\/wp-json\/wp\/v2\/tags?post=109245"}],"curies":[{"name":"wp","href":"https:\/\/api.w.org\/{rel}","templated":true}]}}