{"id":109158,"date":"2019-10-29T11:57:31","date_gmt":"2019-10-29T10:57:31","guid":{"rendered":"http:\/\/www.bellunopress.it\/?p=109158"},"modified":"2019-10-30T14:11:30","modified_gmt":"2019-10-30T13:11:30","slug":"la-vita-di-giampaolo-manca-ex-mala-del-brenta-presto-in-un-film-dal-cast-internazionale-le-indiscrezioni","status":"publish","type":"post","link":"https:\/\/www.bellunopress.it\/fr\/2019\/10\/29\/la-vita-di-giampaolo-manca-ex-mala-del-brenta-presto-in-un-film-dal-cast-internazionale-le-indiscrezioni\/","title":{"rendered":"La vita di Giampaolo Manca ex Mala del Brenta presto in un film dal cast internazionale. Le indiscrezioni"},"content":{"rendered":"<p>Ben Affleck (quello del kolossal Pearl Harbor), Elisabeth Hurley (modella, produttrice, oltre che attrice), Kevin Kostner (l&#8217;indimenticabile Bodyguard con Whitney Houston nel film del 1992 diretto da Mick Jackson) e Armand Anthony Assante un&#8217;altra icona dei Gangster Movie, vincitore di un Emmy Award e nominato a quattro Golden Globe.<\/p>\n<figure id=\"attachment_108691\" aria-describedby=\"caption-attachment-108691\" style=\"width: 234px\" class=\"wp-caption alignleft\"><a href=\"http:\/\/www.bellunopress.it\/fr\/2019\/10\/13\/allinferno-e-ritorno-mercoledi-alla-libreria-tarantola-di-belluno-giampaolo-manca-racconta-la-sua-vita\/giampaolo-manca\/\" rel=\"attachment wp-att-108691\"><img loading=\"lazy\" decoding=\"async\" class=\"size-full wp-image-108691\" src=\"http:\/\/www.bellunopress.it\/wp-content\/uploads\/2019\/10\/Giampaolo-Manca.jpg\" alt=\"\" width=\"234\" height=\"300\" \/><\/a><figcaption id=\"caption-attachment-108691\" class=\"wp-caption-text\">Giampaolo Manca<\/figcaption><\/figure>\n<figure id=\"attachment_109159\" aria-describedby=\"caption-attachment-109159\" style=\"width: 239px\" class=\"wp-caption alignleft\"><a href=\"http:\/\/www.bellunopress.it\/fr\/2019\/10\/29\/la-vita-di-giampaolo-manca-ex-mala-del-brenta-presto-in-un-film-dal-cast-internazionale-le-indiscrezioni\/armando-manca\/\" rel=\"attachment wp-att-109159\"><img loading=\"lazy\" decoding=\"async\" class=\"size-full wp-image-109159\" src=\"http:\/\/www.bellunopress.it\/wp-content\/uploads\/2019\/10\/armando-manca.jpg\" alt=\"\" width=\"239\" height=\"300\" \/><\/a><figcaption id=\"caption-attachment-109159\" class=\"wp-caption-text\">Armando Manca<\/figcaption><\/figure>\n<p>C&#8217;\u00e8 un pezzo di Hollywood, dunque, secondo le indiscrezioni, e si parla anche di Robert De Niro tra il cast che racconter\u00e0 la vita di Giampaolo Manca, il Doge, l&#8217;ex esponente di primo piano della Mala del Brenta e autore del libro autobiografico dal titolo &#8220;All&#8217;Inferno e Ritorno&#8221; che ha recentemente presentato anche alla Libreria Tarantola di Belluno. E i cui proventi serviranno a realizzare una struttura nella laguna di Venezia, per accogliere mamme in situazioni disagiate, bambini autistici e minori con problemi di reinserimento.<br \/>\nLa realizzazione del film \u00e8 nelle mani del produttore Francesco Di Silvio, che ha lavorato in passato in qualit\u00e0 di location manager, per \u201cThe Passion\u201d di Mel Gibson. Nel 2005 ha prodotto Mary, il film di Abel Ferrara, vincitore del Gran premio della giuria alla Mostra del Cinema di Venezia. Mentre la sceneggiatura \u00e8 affidata a Carmelo Pennisi, tra i suoi film come sceneggiatore ricordiamo Karol &#8211; Un uomo diventato Papa (2005), Ora e per sempre (2004), La lettera (2003). Michele Ciola, in arte Mikele Roma dell&#8217;agenzia di spettacolo New Celebrity, coordiner\u00e0 i lavori.<br \/>\nNel film che racconta la storia di Giampalo Manca, interpretato da Ben Afflek, reciter\u00e0 anche il figlio Armando, nella parte di guardia del corpo.<br \/>\nArmando Manca, 45enne veneziano, non \u00e8 nuovo al mondo dello spettacolo. A 5 anni studia danza classica e poi modern jazz. A 16 anni vince una borsa di studio in un concorso che gli consente di frequentare a Roma la celebre scuola di danza di Enzo Paolo Turchi e Carmen Russo, la coppia che all&#8217;epoca partecipava a programma televisivo Rai &#8220;Fantastico&#8221; condotto da Johnny Dorelli e Raffaella Carr\u00e0. Armando viene subito notato e inserito nel corpo di ballo di Fantastico. Dopo varie edizioni rientra a Venezia e lavora nelle discoteche come ragazzo immagine. Segue una lunga carriera di strip man attraverso i locali di tutta Europa. Nel 2006 attraverso la Endemol Italia partecipa al reality &#8220;Cambio moglie&#8221; e le puntate vengono riproposte per alcuni anni anche in Spagna.<br \/>\nOggi Armando collabora con il padre a questo ambizioso progetto che ci auguriamo di vedere presto nel grande schermo.<\/p>\n<p>(rdn)<\/p>","protected":false},"excerpt":{"rendered":"<p>Ben Affleck (quello del kolossal Pearl Harbor), Elisabeth Hurley (modella, produttrice, oltre che attrice), Kevin Kostner (l&#8217;indimenticabile Bodyguard con Whitney Houston nel film del 1992 diretto da Mick Jackson) e Armand Anthony Assante un&#8217;altra icona dei Gangster Movie, vincitore di un Emmy Award e nominato a quattro Golden Globe. C&#8217;\u00e8 un pezzo di Hollywood, dunque, [&hellip;]<\/p>\n","protected":false},"author":2,"featured_media":0,"comment_status":"closed","ping_status":"open","sticky":false,"template":"","format":"standard","meta":{"footnotes":""},"categories":[3,3394],"tags":[],"class_list":["post-109158","post","type-post","status-publish","format-standard","category-arte-cultura-spettacoli-scienza-archivi","category-cultura-e-spettacoli-fuori-provincia"],"yoast_head":"<!-- This site is optimized with the Yoast SEO plugin v28.4 - https:\/\/yoast.com\/product\/yoast-seo-wordpress\/ -->\n<title>La vita di Giampaolo Manca ex Mala del Brenta presto in un film dal cast internazionale. Le indiscrezioni - Bellunopress - Dolomiti<\/title>\n<meta name=\"robots\" content=\"index, follow, max-snippet:-1, max-image-preview:large, max-video-preview:-1\" \/>\n<link rel=\"canonical\" href=\"https:\/\/www.bellunopress.it\/fr\/2019\/10\/29\/la-vita-di-giampaolo-manca-ex-mala-del-brenta-presto-in-un-film-dal-cast-internazionale-le-indiscrezioni\/\" \/>\n<meta property=\"og:locale\" content=\"fr_FR\" \/>\n<meta property=\"og:type\" content=\"article\" \/>\n<meta property=\"og:title\" content=\"La vita di Giampaolo Manca ex Mala del Brenta presto in un film dal cast internazionale. Le indiscrezioni - Bellunopress - Dolomiti\" \/>\n<meta property=\"og:description\" content=\"Ben Affleck (quello del kolossal Pearl Harbor), Elisabeth Hurley (modella, produttrice, oltre che attrice), Kevin Kostner (l&#8217;indimenticabile Bodyguard con Whitney Houston nel film del 1992 diretto da Mick Jackson) e Armand Anthony Assante un&#8217;altra icona dei Gangster Movie, vincitore di un Emmy Award e nominato a quattro Golden Globe. C&#8217;\u00e8 un pezzo di Hollywood, dunque, [&hellip;]\" \/>\n<meta property=\"og:url\" content=\"https:\/\/www.bellunopress.it\/fr\/2019\/10\/29\/la-vita-di-giampaolo-manca-ex-mala-del-brenta-presto-in-un-film-dal-cast-internazionale-le-indiscrezioni\/\" \/>\n<meta property=\"og:site_name\" content=\"Bellunopress - Dolomiti\" \/>\n<meta property=\"article:publisher\" content=\"https:\/\/www.facebook.com\/profile.php?id=100008943462799\" \/>\n<meta property=\"article:published_time\" content=\"2019-10-29T10:57:31+00:00\" \/>\n<meta property=\"article:modified_time\" content=\"2019-10-30T13:11:30+00:00\" \/>\n<meta property=\"og:image\" content=\"http:\/\/www.bellunopress.it\/wp-content\/uploads\/2019\/10\/Giampaolo-Manca.jpg\" \/>\n<meta name=\"author\" content=\"redazione\" \/>\n<meta name=\"twitter:card\" content=\"summary_large_image\" \/>\n<meta name=\"twitter:creator\" content=\"@bellunopress\" \/>\n<meta name=\"twitter:site\" content=\"@bellunopress\" \/>\n<meta name=\"twitter:label1\" content=\"\u00c9crit par\" \/>\n\t<meta name=\"twitter:data1\" content=\"redazione\" \/>\n\t<meta name=\"twitter:label2\" content=\"Dur\u00e9e de lecture estim\u00e9e\" \/>\n\t<meta name=\"twitter:data2\" content=\"2 minutes\" \/>\n<script type=\"application\/ld+json\" class=\"yoast-schema-graph\">{\"@context\":\"https:\\\/\\\/schema.org\",\"@graph\":[{\"@type\":\"Article\",\"@id\":\"https:\\\/\\\/www.bellunopress.it\\\/2019\\\/10\\\/29\\\/la-vita-di-giampaolo-manca-ex-mala-del-brenta-presto-in-un-film-dal-cast-internazionale-le-indiscrezioni\\\/#article\",\"isPartOf\":{\"@id\":\"https:\\\/\\\/www.bellunopress.it\\\/2019\\\/10\\\/29\\\/la-vita-di-giampaolo-manca-ex-mala-del-brenta-presto-in-un-film-dal-cast-internazionale-le-indiscrezioni\\\/\"},\"author\":{\"name\":\"redazione\",\"@id\":\"https:\\\/\\\/www.bellunopress.it\\\/#\\\/schema\\\/person\\\/79bb06722b37ece1c03d3e94beb30d73\"},\"headline\":\"La vita di Giampaolo Manca ex Mala del Brenta presto in un film dal cast internazionale. Le indiscrezioni\",\"datePublished\":\"2019-10-29T10:57:31+00:00\",\"dateModified\":\"2019-10-30T13:11:30+00:00\",\"mainEntityOfPage\":{\"@id\":\"https:\\\/\\\/www.bellunopress.it\\\/2019\\\/10\\\/29\\\/la-vita-di-giampaolo-manca-ex-mala-del-brenta-presto-in-un-film-dal-cast-internazionale-le-indiscrezioni\\\/\"},\"wordCount\":431,\"publisher\":{\"@id\":\"https:\\\/\\\/www.bellunopress.it\\\/#organization\"},\"image\":{\"@id\":\"https:\\\/\\\/www.bellunopress.it\\\/2019\\\/10\\\/29\\\/la-vita-di-giampaolo-manca-ex-mala-del-brenta-presto-in-un-film-dal-cast-internazionale-le-indiscrezioni\\\/#primaryimage\"},\"thumbnailUrl\":\"http:\\\/\\\/www.bellunopress.it\\\/wp-content\\\/uploads\\\/2019\\\/10\\\/Giampaolo-Manca.jpg\",\"articleSection\":[\"Arte, Cultura, Spettacoli, Scienza\",\"Cultura e spettacoli, tempo libero, benessere, fuori provincia\"],\"inLanguage\":\"fr-FR\"},{\"@type\":\"WebPage\",\"@id\":\"https:\\\/\\\/www.bellunopress.it\\\/2019\\\/10\\\/29\\\/la-vita-di-giampaolo-manca-ex-mala-del-brenta-presto-in-un-film-dal-cast-internazionale-le-indiscrezioni\\\/\",\"url\":\"https:\\\/\\\/www.bellunopress.it\\\/2019\\\/10\\\/29\\\/la-vita-di-giampaolo-manca-ex-mala-del-brenta-presto-in-un-film-dal-cast-internazionale-le-indiscrezioni\\\/\",\"name\":\"La vita di Giampaolo Manca ex Mala del Brenta presto in un film dal cast internazionale. Le indiscrezioni - Bellunopress - Dolomiti\",\"isPartOf\":{\"@id\":\"https:\\\/\\\/www.bellunopress.it\\\/#website\"},\"primaryImageOfPage\":{\"@id\":\"https:\\\/\\\/www.bellunopress.it\\\/2019\\\/10\\\/29\\\/la-vita-di-giampaolo-manca-ex-mala-del-brenta-presto-in-un-film-dal-cast-internazionale-le-indiscrezioni\\\/#primaryimage\"},\"image\":{\"@id\":\"https:\\\/\\\/www.bellunopress.it\\\/2019\\\/10\\\/29\\\/la-vita-di-giampaolo-manca-ex-mala-del-brenta-presto-in-un-film-dal-cast-internazionale-le-indiscrezioni\\\/#primaryimage\"},\"thumbnailUrl\":\"http:\\\/\\\/www.bellunopress.it\\\/wp-content\\\/uploads\\\/2019\\\/10\\\/Giampaolo-Manca.jpg\",\"datePublished\":\"2019-10-29T10:57:31+00:00\",\"dateModified\":\"2019-10-30T13:11:30+00:00\",\"breadcrumb\":{\"@id\":\"https:\\\/\\\/www.bellunopress.it\\\/2019\\\/10\\\/29\\\/la-vita-di-giampaolo-manca-ex-mala-del-brenta-presto-in-un-film-dal-cast-internazionale-le-indiscrezioni\\\/#breadcrumb\"},\"inLanguage\":\"fr-FR\",\"potentialAction\":[{\"@type\":\"ReadAction\",\"target\":[\"https:\\\/\\\/www.bellunopress.it\\\/2019\\\/10\\\/29\\\/la-vita-di-giampaolo-manca-ex-mala-del-brenta-presto-in-un-film-dal-cast-internazionale-le-indiscrezioni\\\/\"]}]},{\"@type\":\"ImageObject\",\"inLanguage\":\"fr-FR\",\"@id\":\"https:\\\/\\\/www.bellunopress.it\\\/2019\\\/10\\\/29\\\/la-vita-di-giampaolo-manca-ex-mala-del-brenta-presto-in-un-film-dal-cast-internazionale-le-indiscrezioni\\\/#primaryimage\",\"url\":\"http:\\\/\\\/www.bellunopress.it\\\/wp-content\\\/uploads\\\/2019\\\/10\\\/Giampaolo-Manca.jpg\",\"contentUrl\":\"http:\\\/\\\/www.bellunopress.it\\\/wp-content\\\/uploads\\\/2019\\\/10\\\/Giampaolo-Manca.jpg\"},{\"@type\":\"BreadcrumbList\",\"@id\":\"https:\\\/\\\/www.bellunopress.it\\\/2019\\\/10\\\/29\\\/la-vita-di-giampaolo-manca-ex-mala-del-brenta-presto-in-un-film-dal-cast-internazionale-le-indiscrezioni\\\/#breadcrumb\",\"itemListElement\":[{\"@type\":\"ListItem\",\"position\":1,\"name\":\"Home\",\"item\":\"https:\\\/\\\/www.bellunopress.it\\\/\"},{\"@type\":\"ListItem\",\"position\":2,\"name\":\"La vita di Giampaolo Manca ex Mala del Brenta presto in un film dal cast internazionale. Le indiscrezioni\"}]},{\"@type\":\"WebSite\",\"@id\":\"https:\\\/\\\/www.bellunopress.it\\\/#website\",\"url\":\"https:\\\/\\\/www.bellunopress.it\\\/\",\"name\":\"Bellunopress - Dolomiti\",\"description\":\"e-mail: redazione@bellunopress.it\",\"publisher\":{\"@id\":\"https:\\\/\\\/www.bellunopress.it\\\/#organization\"},\"potentialAction\":[{\"@type\":\"SearchAction\",\"target\":{\"@type\":\"EntryPoint\",\"urlTemplate\":\"https:\\\/\\\/www.bellunopress.it\\\/?s={search_term_string}\"},\"query-input\":{\"@type\":\"PropertyValueSpecification\",\"valueRequired\":true,\"valueName\":\"search_term_string\"}}],\"inLanguage\":\"fr-FR\"},{\"@type\":\"Organization\",\"@id\":\"https:\\\/\\\/www.bellunopress.it\\\/#organization\",\"name\":\"Bellunopress\",\"url\":\"https:\\\/\\\/www.bellunopress.it\\\/\",\"logo\":{\"@type\":\"ImageObject\",\"inLanguage\":\"fr-FR\",\"@id\":\"https:\\\/\\\/www.bellunopress.it\\\/#\\\/schema\\\/logo\\\/image\\\/\",\"url\":\"https:\\\/\\\/www.bellunopress.it\\\/wp-content\\\/uploads\\\/2011\\\/05\\\/cropped-logo-bellunopress-.jpg\",\"contentUrl\":\"https:\\\/\\\/www.bellunopress.it\\\/wp-content\\\/uploads\\\/2011\\\/05\\\/cropped-logo-bellunopress-.jpg\",\"width\":512,\"height\":512,\"caption\":\"Bellunopress\"},\"image\":{\"@id\":\"https:\\\/\\\/www.bellunopress.it\\\/#\\\/schema\\\/logo\\\/image\\\/\"},\"sameAs\":[\"https:\\\/\\\/www.facebook.com\\\/profile.php?id=100008943462799\",\"https:\\\/\\\/x.com\\\/bellunopress\",\"https:\\\/\\\/www.linkedin.com\\\/hp\\\/?dnr=JBzUWaJfMUw8vbXJJ2tVW5-I3jZKvC4wsoxE&amp;amp;amp;amp;amp;amp;trk=nav_responsive_tab_home\",\"https:\\\/\\\/www.youtube.com\\\/channel\\\/UCxL0wu1uN0_3_7hGG0306cw\"]},{\"@type\":\"Person\",\"@id\":\"https:\\\/\\\/www.bellunopress.it\\\/#\\\/schema\\\/person\\\/79bb06722b37ece1c03d3e94beb30d73\",\"name\":\"redazione\",\"image\":{\"@type\":\"ImageObject\",\"inLanguage\":\"fr-FR\",\"@id\":\"https:\\\/\\\/secure.gravatar.com\\\/avatar\\\/37d968a2e67a6fd04c169c4bdef102d0bc5d31b2546345219e348575eb80e9a0?s=96&d=mm&r=g\",\"url\":\"https:\\\/\\\/secure.gravatar.com\\\/avatar\\\/37d968a2e67a6fd04c169c4bdef102d0bc5d31b2546345219e348575eb80e9a0?s=96&d=mm&r=g\",\"contentUrl\":\"https:\\\/\\\/secure.gravatar.com\\\/avatar\\\/37d968a2e67a6fd04c169c4bdef102d0bc5d31b2546345219e348575eb80e9a0?s=96&d=mm&r=g\",\"caption\":\"redazione\"},\"sameAs\":[\"http:\\\/\\\/www.bellunopress.it\",\"https:\\\/\\\/x.com\\\/bellunopress\"],\"url\":\"https:\\\/\\\/www.bellunopress.it\\\/fr\\\/author\\\/redazione\\\/\"}]}<\/script>\n<!-- \/ Yoast SEO plugin. -->","yoast_head_json":{"title":"La vita di Giampaolo Manca ex Mala del Brenta presto in un film dal cast internazionale. Le indiscrezioni - Bellunopress - Dolomiti","robots":{"index":"index","follow":"follow","max-snippet":"max-snippet:-1","max-image-preview":"max-image-preview:large","max-video-preview":"max-video-preview:-1"},"canonical":"https:\/\/www.bellunopress.it\/fr\/2019\/10\/29\/la-vita-di-giampaolo-manca-ex-mala-del-brenta-presto-in-un-film-dal-cast-internazionale-le-indiscrezioni\/","og_locale":"fr_FR","og_type":"article","og_title":"La vita di Giampaolo Manca ex Mala del Brenta presto in un film dal cast internazionale. Le indiscrezioni - Bellunopress - Dolomiti","og_description":"Ben Affleck (quello del kolossal Pearl Harbor), Elisabeth Hurley (modella, produttrice, oltre che attrice), Kevin Kostner (l&#8217;indimenticabile Bodyguard con Whitney Houston nel film del 1992 diretto da Mick Jackson) e Armand Anthony Assante un&#8217;altra icona dei Gangster Movie, vincitore di un Emmy Award e nominato a quattro Golden Globe. C&#8217;\u00e8 un pezzo di Hollywood, dunque, [&hellip;]","og_url":"https:\/\/www.bellunopress.it\/fr\/2019\/10\/29\/la-vita-di-giampaolo-manca-ex-mala-del-brenta-presto-in-un-film-dal-cast-internazionale-le-indiscrezioni\/","og_site_name":"Bellunopress - Dolomiti","article_publisher":"https:\/\/www.facebook.com\/profile.php?id=100008943462799","article_published_time":"2019-10-29T10:57:31+00:00","article_modified_time":"2019-10-30T13:11:30+00:00","og_image":[{"url":"http:\/\/www.bellunopress.it\/wp-content\/uploads\/2019\/10\/Giampaolo-Manca.jpg","type":"","width":"","height":""}],"author":"redazione","twitter_card":"summary_large_image","twitter_creator":"@bellunopress","twitter_site":"@bellunopress","twitter_misc":{"\u00c9crit par":"redazione","Dur\u00e9e de lecture estim\u00e9e":"2 minutes"},"schema":{"@context":"https:\/\/schema.org","@graph":[{"@type":"Article","@id":"https:\/\/www.bellunopress.it\/2019\/10\/29\/la-vita-di-giampaolo-manca-ex-mala-del-brenta-presto-in-un-film-dal-cast-internazionale-le-indiscrezioni\/#article","isPartOf":{"@id":"https:\/\/www.bellunopress.it\/2019\/10\/29\/la-vita-di-giampaolo-manca-ex-mala-del-brenta-presto-in-un-film-dal-cast-internazionale-le-indiscrezioni\/"},"author":{"name":"redazione","@id":"https:\/\/www.bellunopress.it\/#\/schema\/person\/79bb06722b37ece1c03d3e94beb30d73"},"headline":"La vita di Giampaolo Manca ex Mala del Brenta presto in un film dal cast internazionale. Le indiscrezioni","datePublished":"2019-10-29T10:57:31+00:00","dateModified":"2019-10-30T13:11:30+00:00","mainEntityOfPage":{"@id":"https:\/\/www.bellunopress.it\/2019\/10\/29\/la-vita-di-giampaolo-manca-ex-mala-del-brenta-presto-in-un-film-dal-cast-internazionale-le-indiscrezioni\/"},"wordCount":431,"publisher":{"@id":"https:\/\/www.bellunopress.it\/#organization"},"image":{"@id":"https:\/\/www.bellunopress.it\/2019\/10\/29\/la-vita-di-giampaolo-manca-ex-mala-del-brenta-presto-in-un-film-dal-cast-internazionale-le-indiscrezioni\/#primaryimage"},"thumbnailUrl":"http:\/\/www.bellunopress.it\/wp-content\/uploads\/2019\/10\/Giampaolo-Manca.jpg","articleSection":["Arte, Cultura, Spettacoli, Scienza","Cultura e spettacoli, tempo libero, benessere, fuori provincia"],"inLanguage":"fr-FR"},{"@type":"WebPage","@id":"https:\/\/www.bellunopress.it\/2019\/10\/29\/la-vita-di-giampaolo-manca-ex-mala-del-brenta-presto-in-un-film-dal-cast-internazionale-le-indiscrezioni\/","url":"https:\/\/www.bellunopress.it\/2019\/10\/29\/la-vita-di-giampaolo-manca-ex-mala-del-brenta-presto-in-un-film-dal-cast-internazionale-le-indiscrezioni\/","name":"La vita di Giampaolo Manca ex Mala del Brenta presto in un film dal cast internazionale. Le indiscrezioni - Bellunopress - Dolomiti","isPartOf":{"@id":"https:\/\/www.bellunopress.it\/#website"},"primaryImageOfPage":{"@id":"https:\/\/www.bellunopress.it\/2019\/10\/29\/la-vita-di-giampaolo-manca-ex-mala-del-brenta-presto-in-un-film-dal-cast-internazionale-le-indiscrezioni\/#primaryimage"},"image":{"@id":"https:\/\/www.bellunopress.it\/2019\/10\/29\/la-vita-di-giampaolo-manca-ex-mala-del-brenta-presto-in-un-film-dal-cast-internazionale-le-indiscrezioni\/#primaryimage"},"thumbnailUrl":"http:\/\/www.bellunopress.it\/wp-content\/uploads\/2019\/10\/Giampaolo-Manca.jpg","datePublished":"2019-10-29T10:57:31+00:00","dateModified":"2019-10-30T13:11:30+00:00","breadcrumb":{"@id":"https:\/\/www.bellunopress.it\/2019\/10\/29\/la-vita-di-giampaolo-manca-ex-mala-del-brenta-presto-in-un-film-dal-cast-internazionale-le-indiscrezioni\/#breadcrumb"},"inLanguage":"fr-FR","potentialAction":[{"@type":"ReadAction","target":["https:\/\/www.bellunopress.it\/2019\/10\/29\/la-vita-di-giampaolo-manca-ex-mala-del-brenta-presto-in-un-film-dal-cast-internazionale-le-indiscrezioni\/"]}]},{"@type":"ImageObject","inLanguage":"fr-FR","@id":"https:\/\/www.bellunopress.it\/2019\/10\/29\/la-vita-di-giampaolo-manca-ex-mala-del-brenta-presto-in-un-film-dal-cast-internazionale-le-indiscrezioni\/#primaryimage","url":"http:\/\/www.bellunopress.it\/wp-content\/uploads\/2019\/10\/Giampaolo-Manca.jpg","contentUrl":"http:\/\/www.bellunopress.it\/wp-content\/uploads\/2019\/10\/Giampaolo-Manca.jpg"},{"@type":"BreadcrumbList","@id":"https:\/\/www.bellunopress.it\/2019\/10\/29\/la-vita-di-giampaolo-manca-ex-mala-del-brenta-presto-in-un-film-dal-cast-internazionale-le-indiscrezioni\/#breadcrumb","itemListElement":[{"@type":"ListItem","position":1,"name":"Home","item":"https:\/\/www.bellunopress.it\/"},{"@type":"ListItem","position":2,"name":"La vita di Giampaolo Manca ex Mala del Brenta presto in un film dal cast internazionale. Le indiscrezioni"}]},{"@type":"WebSite","@id":"https:\/\/www.bellunopress.it\/#website","url":"https:\/\/www.bellunopress.it\/","name":"Bellunopress - Dolomiti","description":"e-mail: redazione@bellunopress.it","publisher":{"@id":"https:\/\/www.bellunopress.it\/#organization"},"potentialAction":[{"@type":"SearchAction","target":{"@type":"EntryPoint","urlTemplate":"https:\/\/www.bellunopress.it\/?s={search_term_string}"},"query-input":{"@type":"PropertyValueSpecification","valueRequired":true,"valueName":"search_term_string"}}],"inLanguage":"fr-FR"},{"@type":"Organization","@id":"https:\/\/www.bellunopress.it\/#organization","name":"Bellunopress","url":"https:\/\/www.bellunopress.it\/","logo":{"@type":"ImageObject","inLanguage":"fr-FR","@id":"https:\/\/www.bellunopress.it\/#\/schema\/logo\/image\/","url":"https:\/\/www.bellunopress.it\/wp-content\/uploads\/2011\/05\/cropped-logo-bellunopress-.jpg","contentUrl":"https:\/\/www.bellunopress.it\/wp-content\/uploads\/2011\/05\/cropped-logo-bellunopress-.jpg","width":512,"height":512,"caption":"Bellunopress"},"image":{"@id":"https:\/\/www.bellunopress.it\/#\/schema\/logo\/image\/"},"sameAs":["https:\/\/www.facebook.com\/profile.php?id=100008943462799","https:\/\/x.com\/bellunopress","https:\/\/www.linkedin.com\/hp\/?dnr=JBzUWaJfMUw8vbXJJ2tVW5-I3jZKvC4wsoxE&amp;amp;amp;amp;amp;amp;trk=nav_responsive_tab_home","https:\/\/www.youtube.com\/channel\/UCxL0wu1uN0_3_7hGG0306cw"]},{"@type":"Person","@id":"https:\/\/www.bellunopress.it\/#\/schema\/person\/79bb06722b37ece1c03d3e94beb30d73","name":"r\u00e9daction","image":{"@type":"ImageObject","inLanguage":"fr-FR","@id":"https:\/\/secure.gravatar.com\/avatar\/37d968a2e67a6fd04c169c4bdef102d0bc5d31b2546345219e348575eb80e9a0?s=96&d=mm&r=g","url":"https:\/\/secure.gravatar.com\/avatar\/37d968a2e67a6fd04c169c4bdef102d0bc5d31b2546345219e348575eb80e9a0?s=96&d=mm&r=g","contentUrl":"https:\/\/secure.gravatar.com\/avatar\/37d968a2e67a6fd04c169c4bdef102d0bc5d31b2546345219e348575eb80e9a0?s=96&d=mm&r=g","caption":"redazione"},"sameAs":["http:\/\/www.bellunopress.it","https:\/\/x.com\/bellunopress"],"url":"https:\/\/www.bellunopress.it\/fr\/author\/redazione\/"}]}},"_links":{"self":[{"href":"https:\/\/www.bellunopress.it\/fr\/wp-json\/wp\/v2\/posts\/109158","targetHints":{"allow":["GET"]}}],"collection":[{"href":"https:\/\/www.bellunopress.it\/fr\/wp-json\/wp\/v2\/posts"}],"about":[{"href":"https:\/\/www.bellunopress.it\/fr\/wp-json\/wp\/v2\/types\/post"}],"author":[{"embeddable":true,"href":"https:\/\/www.bellunopress.it\/fr\/wp-json\/wp\/v2\/users\/2"}],"replies":[{"embeddable":true,"href":"https:\/\/www.bellunopress.it\/fr\/wp-json\/wp\/v2\/comments?post=109158"}],"version-history":[{"count":5,"href":"https:\/\/www.bellunopress.it\/fr\/wp-json\/wp\/v2\/posts\/109158\/revisions"}],"predecessor-version":[{"id":109168,"href":"https:\/\/www.bellunopress.it\/fr\/wp-json\/wp\/v2\/posts\/109158\/revisions\/109168"}],"wp:attachment":[{"href":"https:\/\/www.bellunopress.it\/fr\/wp-json\/wp\/v2\/media?parent=109158"}],"wp:term":[{"taxonomy":"category","embeddable":true,"href":"https:\/\/www.bellunopress.it\/fr\/wp-json\/wp\/v2\/categories?post=109158"},{"taxonomy":"post_tag","embeddable":true,"href":"https:\/\/www.bellunopress.it\/fr\/wp-json\/wp\/v2\/tags?post=109158"}],"curies":[{"name":"wp","href":"https:\/\/api.w.org\/{rel}","templated":true}]}}