{"id":109150,"date":"2019-10-28T17:38:25","date_gmt":"2019-10-28T16:38:25","guid":{"rendered":"http:\/\/www.bellunopress.it\/?p=109150"},"modified":"2019-10-28T22:44:17","modified_gmt":"2019-10-28T21:44:17","slug":"arredamont-si-conferma-un-grande-evento-mercoledi-la-presentazione-in-anteprima-del-nuovo-libro-vajont-una-storia-da-raccontare","status":"publish","type":"post","link":"https:\/\/www.bellunopress.it\/fr\/2019\/10\/28\/arredamont-si-conferma-un-grande-evento-mercoledi-la-presentazione-in-anteprima-del-nuovo-libro-vajont-una-storia-da-raccontare\/","title":{"rendered":"Arredamont si conferma un grande evento. Mercoled\u00ec la presentazione in anteprima del nuovo libro \u201cVajont &#8211; Una storia da raccontare\u201d"},"content":{"rendered":"<p><a href=\"http:\/\/www.bellunopress.it\/fr\/2019\/10\/28\/arredamont-si-conferma-un-grande-evento-mercoledi-la-presentazione-in-anteprima-del-nuovo-libro-vajont-una-storia-da-raccontare\/arredamont-2019\/\" rel=\"attachment wp-att-109151\"><img loading=\"lazy\" decoding=\"async\" class=\"alignleft size-full wp-image-109151\" src=\"http:\/\/www.bellunopress.it\/wp-content\/uploads\/2019\/10\/arredamont-2019.jpg\" alt=\"\" width=\"300\" height=\"225\" \/><\/a>Grande la soddisfazione del presidente di Longarone Fiere, Gian Angelo Bellati per l\u2019avvio della quarantaduesima edizione di Arredamont, la Mostra dell\u2019arredare in montagna, aperta fino a domenica 3 novembre, con 180 espositori per oltre 200 marchi, provenienti da 11 regioni e 4 Paesi esteri, distribuiti su una superficie di 17mila metri quadrati. L\u2019inizio \u00e8 andato oltre ogni pi\u00f9 felice aspettativa con addirittura code all\u2019entrata per entrare in fiera.<\/p>\n<p>Se da un lato Arredamont \u00e8 unica nel panorama nazionale, con una storia lunghissima e un riscontro di visitatori sempre molto significativo, dall\u2019altro quest\u2019anno ha un sapore particolare perch\u00e9 si tiene a un anno dal disastro di Vaia e a 56 anni dalla tragedia del Vajont.<\/p>\n<p>Anche C.I.T.A., la Consociazione Italiana dei Tappezzieri e Arredatori, che gestisce in fiera uno stand alquanto significativo sta facendo la sua parte. Infatti, quest\u2019anno, ancor pi\u00f9 che nelle edizioni precedenti, non mancano gli appuntamenti e gli incontri. Dai mascherai alpini con la realizzazione di due panche rustiche utilizzando come materiale il legno \u201cschiantato\u201d dalla Tempesta Vaia e dove lo schienale verr\u00e0 intagliato in bassorilievo con scene carnevalesche alpine cos\u00ec ogni maschera carnevalesca sar\u00e0 tipica della zona di provenienza dell\u2019artista. Ci saranno incontri sull\u2019insegnamento dell\u2019arte e del mestiere che \u00e8 il futuro di questa esposizione. Quindi spazio anche ai piccoli artigiani di complementi d\u2019arredo e realizzazioni artistiche, il progetto \u201cL\u2019Artigiano sotto l\u2019Albero\u201d e spazio anche ai futuri falegnami con l\u2019Istituto di Istruzione Superiore Statale Enrico Fermi e la loro esposizione dedicata alle \u201cregole e buone pratiche in falegnameria\u201d con le dimostrazioni di lavorazioni al banco. E per continuare nel segno della formazione, fondamentale investimento per il futuro, \u00e8 garantita la partecipazione anche del C.F.S., Centro per la Formazione e la Sicurezza di Belluno, e del Centro Consorzi.<\/p>\n<p>Ma la vera novit\u00e0 sar\u00e0 la presentazione in anteprima del volume &#8220;Vajont &#8211; Una storia da raccontare&#8221; presso Arredamont Arena, mercoled\u00ec 30 ottobre alle 17.30, a cura della \u201cFondazione Vajont 9 Ottobre 1963 Onlus\u201d. Il tutto si terr\u00e0 alla presenza del Presidente della Provincia Roberto Padrin con a moderare e dibattere su quanto avvenuto 56 anni fa con gli autori del libro, una figura storica del giornalismo italiano: Edoardo Pittalis, editorialista de \u201cIl Gazzettino\u201d e autore di diverse pubblicazioni e spettacoli teatrali.<\/p>\n<p>Arredamont \u00e8 aperta fino a gioved\u00ec dalle 14 alle 19 e da venerd\u00ec a domenica dalle 10 alle 19.<\/p>","protected":false},"excerpt":{"rendered":"<p>Grande la soddisfazione del presidente di Longarone Fiere, Gian Angelo Bellati per l\u2019avvio della quarantaduesima edizione di Arredamont, la Mostra dell\u2019arredare in montagna, aperta fino a domenica 3 novembre, con 180 espositori per oltre 200 marchi, provenienti da 11 regioni e 4 Paesi esteri, distribuiti su una superficie di 17mila metri quadrati. L\u2019inizio \u00e8 andato [&hellip;]<\/p>\n","protected":false},"author":2,"featured_media":0,"comment_status":"closed","ping_status":"open","sticky":false,"template":"","format":"standard","meta":{"footnotes":""},"categories":[27,36,26],"tags":[],"class_list":["post-109150","post","type-post","status-publish","format-standard","category-appuntamenti","category-lavoro-economia","category-prima-pagina"],"yoast_head":"<!-- This site is optimized with the Yoast SEO plugin v28.4 - https:\/\/yoast.com\/product\/yoast-seo-wordpress\/ -->\n<title>Arredamont si conferma un grande evento. Mercoled\u00ec la presentazione in anteprima del nuovo libro \u201cVajont - Una storia da raccontare\u201d - Bellunopress - Dolomiti<\/title>\n<meta name=\"robots\" content=\"index, follow, max-snippet:-1, max-image-preview:large, max-video-preview:-1\" \/>\n<link rel=\"canonical\" href=\"https:\/\/www.bellunopress.it\/fr\/2019\/10\/28\/arredamont-si-conferma-un-grande-evento-mercoledi-la-presentazione-in-anteprima-del-nuovo-libro-vajont-una-storia-da-raccontare\/\" \/>\n<meta property=\"og:locale\" content=\"fr_FR\" \/>\n<meta property=\"og:type\" content=\"article\" \/>\n<meta property=\"og:title\" content=\"Arredamont si conferma un grande evento. Mercoled\u00ec la presentazione in anteprima del nuovo libro \u201cVajont - Una storia da raccontare\u201d - Bellunopress - Dolomiti\" \/>\n<meta property=\"og:description\" content=\"Grande la soddisfazione del presidente di Longarone Fiere, Gian Angelo Bellati per l\u2019avvio della quarantaduesima edizione di Arredamont, la Mostra dell\u2019arredare in montagna, aperta fino a domenica 3 novembre, con 180 espositori per oltre 200 marchi, provenienti da 11 regioni e 4 Paesi esteri, distribuiti su una superficie di 17mila metri quadrati. L\u2019inizio \u00e8 andato [&hellip;]\" \/>\n<meta property=\"og:url\" content=\"https:\/\/www.bellunopress.it\/fr\/2019\/10\/28\/arredamont-si-conferma-un-grande-evento-mercoledi-la-presentazione-in-anteprima-del-nuovo-libro-vajont-una-storia-da-raccontare\/\" \/>\n<meta property=\"og:site_name\" content=\"Bellunopress - Dolomiti\" \/>\n<meta property=\"article:publisher\" content=\"https:\/\/www.facebook.com\/profile.php?id=100008943462799\" \/>\n<meta property=\"article:published_time\" content=\"2019-10-28T16:38:25+00:00\" \/>\n<meta property=\"article:modified_time\" content=\"2019-10-28T21:44:17+00:00\" \/>\n<meta property=\"og:image\" content=\"http:\/\/www.bellunopress.it\/wp-content\/uploads\/2019\/10\/arredamont-2019.jpg\" \/>\n<meta name=\"author\" content=\"redazione\" \/>\n<meta name=\"twitter:card\" content=\"summary_large_image\" \/>\n<meta name=\"twitter:creator\" content=\"@bellunopress\" \/>\n<meta name=\"twitter:site\" content=\"@bellunopress\" \/>\n<meta name=\"twitter:label1\" content=\"Written by\" \/>\n\t<meta name=\"twitter:data1\" content=\"redazione\" \/>\n\t<meta name=\"twitter:label2\" content=\"Est. reading time\" \/>\n\t<meta name=\"twitter:data2\" content=\"2 minutes\" \/>\n<script type=\"application\/ld+json\" class=\"yoast-schema-graph\">{\"@context\":\"https:\\\/\\\/schema.org\",\"@graph\":[{\"@type\":\"Article\",\"@id\":\"https:\\\/\\\/www.bellunopress.it\\\/2019\\\/10\\\/28\\\/arredamont-si-conferma-un-grande-evento-mercoledi-la-presentazione-in-anteprima-del-nuovo-libro-vajont-una-storia-da-raccontare\\\/#article\",\"isPartOf\":{\"@id\":\"https:\\\/\\\/www.bellunopress.it\\\/2019\\\/10\\\/28\\\/arredamont-si-conferma-un-grande-evento-mercoledi-la-presentazione-in-anteprima-del-nuovo-libro-vajont-una-storia-da-raccontare\\\/\"},\"author\":{\"name\":\"redazione\",\"@id\":\"https:\\\/\\\/www.bellunopress.it\\\/#\\\/schema\\\/person\\\/79bb06722b37ece1c03d3e94beb30d73\"},\"headline\":\"Arredamont si conferma un grande evento. Mercoled\u00ec la presentazione in anteprima del nuovo libro \u201cVajont &#8211; Una storia da raccontare\u201d\",\"datePublished\":\"2019-10-28T16:38:25+00:00\",\"dateModified\":\"2019-10-28T21:44:17+00:00\",\"mainEntityOfPage\":{\"@id\":\"https:\\\/\\\/www.bellunopress.it\\\/2019\\\/10\\\/28\\\/arredamont-si-conferma-un-grande-evento-mercoledi-la-presentazione-in-anteprima-del-nuovo-libro-vajont-una-storia-da-raccontare\\\/\"},\"wordCount\":410,\"publisher\":{\"@id\":\"https:\\\/\\\/www.bellunopress.it\\\/#organization\"},\"image\":{\"@id\":\"https:\\\/\\\/www.bellunopress.it\\\/2019\\\/10\\\/28\\\/arredamont-si-conferma-un-grande-evento-mercoledi-la-presentazione-in-anteprima-del-nuovo-libro-vajont-una-storia-da-raccontare\\\/#primaryimage\"},\"thumbnailUrl\":\"http:\\\/\\\/www.bellunopress.it\\\/wp-content\\\/uploads\\\/2019\\\/10\\\/arredamont-2019.jpg\",\"articleSection\":[\"Appuntamenti, Eventi\",\"Lavoro, Economia, Turismo\",\"Prima Pagina\"],\"inLanguage\":\"fr-FR\"},{\"@type\":\"WebPage\",\"@id\":\"https:\\\/\\\/www.bellunopress.it\\\/2019\\\/10\\\/28\\\/arredamont-si-conferma-un-grande-evento-mercoledi-la-presentazione-in-anteprima-del-nuovo-libro-vajont-una-storia-da-raccontare\\\/\",\"url\":\"https:\\\/\\\/www.bellunopress.it\\\/2019\\\/10\\\/28\\\/arredamont-si-conferma-un-grande-evento-mercoledi-la-presentazione-in-anteprima-del-nuovo-libro-vajont-una-storia-da-raccontare\\\/\",\"name\":\"Arredamont si conferma un grande evento. Mercoled\u00ec la presentazione in anteprima del nuovo libro \u201cVajont - Una storia da raccontare\u201d - Bellunopress - Dolomiti\",\"isPartOf\":{\"@id\":\"https:\\\/\\\/www.bellunopress.it\\\/#website\"},\"primaryImageOfPage\":{\"@id\":\"https:\\\/\\\/www.bellunopress.it\\\/2019\\\/10\\\/28\\\/arredamont-si-conferma-un-grande-evento-mercoledi-la-presentazione-in-anteprima-del-nuovo-libro-vajont-una-storia-da-raccontare\\\/#primaryimage\"},\"image\":{\"@id\":\"https:\\\/\\\/www.bellunopress.it\\\/2019\\\/10\\\/28\\\/arredamont-si-conferma-un-grande-evento-mercoledi-la-presentazione-in-anteprima-del-nuovo-libro-vajont-una-storia-da-raccontare\\\/#primaryimage\"},\"thumbnailUrl\":\"http:\\\/\\\/www.bellunopress.it\\\/wp-content\\\/uploads\\\/2019\\\/10\\\/arredamont-2019.jpg\",\"datePublished\":\"2019-10-28T16:38:25+00:00\",\"dateModified\":\"2019-10-28T21:44:17+00:00\",\"breadcrumb\":{\"@id\":\"https:\\\/\\\/www.bellunopress.it\\\/2019\\\/10\\\/28\\\/arredamont-si-conferma-un-grande-evento-mercoledi-la-presentazione-in-anteprima-del-nuovo-libro-vajont-una-storia-da-raccontare\\\/#breadcrumb\"},\"inLanguage\":\"fr-FR\",\"potentialAction\":[{\"@type\":\"ReadAction\",\"target\":[\"https:\\\/\\\/www.bellunopress.it\\\/2019\\\/10\\\/28\\\/arredamont-si-conferma-un-grande-evento-mercoledi-la-presentazione-in-anteprima-del-nuovo-libro-vajont-una-storia-da-raccontare\\\/\"]}]},{\"@type\":\"ImageObject\",\"inLanguage\":\"fr-FR\",\"@id\":\"https:\\\/\\\/www.bellunopress.it\\\/2019\\\/10\\\/28\\\/arredamont-si-conferma-un-grande-evento-mercoledi-la-presentazione-in-anteprima-del-nuovo-libro-vajont-una-storia-da-raccontare\\\/#primaryimage\",\"url\":\"http:\\\/\\\/www.bellunopress.it\\\/wp-content\\\/uploads\\\/2019\\\/10\\\/arredamont-2019.jpg\",\"contentUrl\":\"http:\\\/\\\/www.bellunopress.it\\\/wp-content\\\/uploads\\\/2019\\\/10\\\/arredamont-2019.jpg\"},{\"@type\":\"BreadcrumbList\",\"@id\":\"https:\\\/\\\/www.bellunopress.it\\\/2019\\\/10\\\/28\\\/arredamont-si-conferma-un-grande-evento-mercoledi-la-presentazione-in-anteprima-del-nuovo-libro-vajont-una-storia-da-raccontare\\\/#breadcrumb\",\"itemListElement\":[{\"@type\":\"ListItem\",\"position\":1,\"name\":\"Home\",\"item\":\"https:\\\/\\\/www.bellunopress.it\\\/\"},{\"@type\":\"ListItem\",\"position\":2,\"name\":\"Arredamont si conferma un grande evento. Mercoled\u00ec la presentazione in anteprima del nuovo libro \u201cVajont &#8211; Una storia da raccontare\u201d\"}]},{\"@type\":\"WebSite\",\"@id\":\"https:\\\/\\\/www.bellunopress.it\\\/#website\",\"url\":\"https:\\\/\\\/www.bellunopress.it\\\/\",\"name\":\"Bellunopress - Dolomiti\",\"description\":\"e-mail: redazione@bellunopress.it\",\"publisher\":{\"@id\":\"https:\\\/\\\/www.bellunopress.it\\\/#organization\"},\"potentialAction\":[{\"@type\":\"SearchAction\",\"target\":{\"@type\":\"EntryPoint\",\"urlTemplate\":\"https:\\\/\\\/www.bellunopress.it\\\/?s={search_term_string}\"},\"query-input\":{\"@type\":\"PropertyValueSpecification\",\"valueRequired\":true,\"valueName\":\"search_term_string\"}}],\"inLanguage\":\"fr-FR\"},{\"@type\":\"Organization\",\"@id\":\"https:\\\/\\\/www.bellunopress.it\\\/#organization\",\"name\":\"Bellunopress\",\"url\":\"https:\\\/\\\/www.bellunopress.it\\\/\",\"logo\":{\"@type\":\"ImageObject\",\"inLanguage\":\"fr-FR\",\"@id\":\"https:\\\/\\\/www.bellunopress.it\\\/#\\\/schema\\\/logo\\\/image\\\/\",\"url\":\"https:\\\/\\\/www.bellunopress.it\\\/wp-content\\\/uploads\\\/2011\\\/05\\\/cropped-logo-bellunopress-.jpg\",\"contentUrl\":\"https:\\\/\\\/www.bellunopress.it\\\/wp-content\\\/uploads\\\/2011\\\/05\\\/cropped-logo-bellunopress-.jpg\",\"width\":512,\"height\":512,\"caption\":\"Bellunopress\"},\"image\":{\"@id\":\"https:\\\/\\\/www.bellunopress.it\\\/#\\\/schema\\\/logo\\\/image\\\/\"},\"sameAs\":[\"https:\\\/\\\/www.facebook.com\\\/profile.php?id=100008943462799\",\"https:\\\/\\\/x.com\\\/bellunopress\",\"https:\\\/\\\/www.linkedin.com\\\/hp\\\/?dnr=JBzUWaJfMUw8vbXJJ2tVW5-I3jZKvC4wsoxE&amp;amp;amp;amp;amp;amp;trk=nav_responsive_tab_home\",\"https:\\\/\\\/www.youtube.com\\\/channel\\\/UCxL0wu1uN0_3_7hGG0306cw\"]},{\"@type\":\"Person\",\"@id\":\"https:\\\/\\\/www.bellunopress.it\\\/#\\\/schema\\\/person\\\/79bb06722b37ece1c03d3e94beb30d73\",\"name\":\"redazione\",\"image\":{\"@type\":\"ImageObject\",\"inLanguage\":\"fr-FR\",\"@id\":\"https:\\\/\\\/secure.gravatar.com\\\/avatar\\\/37d968a2e67a6fd04c169c4bdef102d0bc5d31b2546345219e348575eb80e9a0?s=96&d=mm&r=g\",\"url\":\"https:\\\/\\\/secure.gravatar.com\\\/avatar\\\/37d968a2e67a6fd04c169c4bdef102d0bc5d31b2546345219e348575eb80e9a0?s=96&d=mm&r=g\",\"contentUrl\":\"https:\\\/\\\/secure.gravatar.com\\\/avatar\\\/37d968a2e67a6fd04c169c4bdef102d0bc5d31b2546345219e348575eb80e9a0?s=96&d=mm&r=g\",\"caption\":\"redazione\"},\"sameAs\":[\"http:\\\/\\\/www.bellunopress.it\",\"https:\\\/\\\/x.com\\\/bellunopress\"],\"url\":\"https:\\\/\\\/www.bellunopress.it\\\/fr\\\/author\\\/redazione\\\/\"}]}<\/script>\n<!-- \/ Yoast SEO plugin. -->","yoast_head_json":{"title":"Arredamont si conferma un grande evento. Mercoled\u00ec la presentazione in anteprima del nuovo libro \u201cVajont - Una storia da raccontare\u201d - Bellunopress - Dolomiti","robots":{"index":"index","follow":"follow","max-snippet":"max-snippet:-1","max-image-preview":"max-image-preview:large","max-video-preview":"max-video-preview:-1"},"canonical":"https:\/\/www.bellunopress.it\/fr\/2019\/10\/28\/arredamont-si-conferma-un-grande-evento-mercoledi-la-presentazione-in-anteprima-del-nuovo-libro-vajont-una-storia-da-raccontare\/","og_locale":"fr_FR","og_type":"article","og_title":"Arredamont si conferma un grande evento. Mercoled\u00ec la presentazione in anteprima del nuovo libro \u201cVajont - Una storia da raccontare\u201d - Bellunopress - Dolomiti","og_description":"Grande la soddisfazione del presidente di Longarone Fiere, Gian Angelo Bellati per l\u2019avvio della quarantaduesima edizione di Arredamont, la Mostra dell\u2019arredare in montagna, aperta fino a domenica 3 novembre, con 180 espositori per oltre 200 marchi, provenienti da 11 regioni e 4 Paesi esteri, distribuiti su una superficie di 17mila metri quadrati. L\u2019inizio \u00e8 andato [&hellip;]","og_url":"https:\/\/www.bellunopress.it\/fr\/2019\/10\/28\/arredamont-si-conferma-un-grande-evento-mercoledi-la-presentazione-in-anteprima-del-nuovo-libro-vajont-una-storia-da-raccontare\/","og_site_name":"Bellunopress - Dolomiti","article_publisher":"https:\/\/www.facebook.com\/profile.php?id=100008943462799","article_published_time":"2019-10-28T16:38:25+00:00","article_modified_time":"2019-10-28T21:44:17+00:00","og_image":[{"url":"http:\/\/www.bellunopress.it\/wp-content\/uploads\/2019\/10\/arredamont-2019.jpg","type":"","width":"","height":""}],"author":"redazione","twitter_card":"summary_large_image","twitter_creator":"@bellunopress","twitter_site":"@bellunopress","twitter_misc":{"Written by":"redazione","Est. reading time":"2 minutes"},"schema":{"@context":"https:\/\/schema.org","@graph":[{"@type":"Article","@id":"https:\/\/www.bellunopress.it\/2019\/10\/28\/arredamont-si-conferma-un-grande-evento-mercoledi-la-presentazione-in-anteprima-del-nuovo-libro-vajont-una-storia-da-raccontare\/#article","isPartOf":{"@id":"https:\/\/www.bellunopress.it\/2019\/10\/28\/arredamont-si-conferma-un-grande-evento-mercoledi-la-presentazione-in-anteprima-del-nuovo-libro-vajont-una-storia-da-raccontare\/"},"author":{"name":"redazione","@id":"https:\/\/www.bellunopress.it\/#\/schema\/person\/79bb06722b37ece1c03d3e94beb30d73"},"headline":"Arredamont si conferma un grande evento. Mercoled\u00ec la presentazione in anteprima del nuovo libro \u201cVajont &#8211; Una storia da raccontare\u201d","datePublished":"2019-10-28T16:38:25+00:00","dateModified":"2019-10-28T21:44:17+00:00","mainEntityOfPage":{"@id":"https:\/\/www.bellunopress.it\/2019\/10\/28\/arredamont-si-conferma-un-grande-evento-mercoledi-la-presentazione-in-anteprima-del-nuovo-libro-vajont-una-storia-da-raccontare\/"},"wordCount":410,"publisher":{"@id":"https:\/\/www.bellunopress.it\/#organization"},"image":{"@id":"https:\/\/www.bellunopress.it\/2019\/10\/28\/arredamont-si-conferma-un-grande-evento-mercoledi-la-presentazione-in-anteprima-del-nuovo-libro-vajont-una-storia-da-raccontare\/#primaryimage"},"thumbnailUrl":"http:\/\/www.bellunopress.it\/wp-content\/uploads\/2019\/10\/arredamont-2019.jpg","articleSection":["Appuntamenti, Eventi","Lavoro, Economia, Turismo","Prima Pagina"],"inLanguage":"fr-FR"},{"@type":"WebPage","@id":"https:\/\/www.bellunopress.it\/2019\/10\/28\/arredamont-si-conferma-un-grande-evento-mercoledi-la-presentazione-in-anteprima-del-nuovo-libro-vajont-una-storia-da-raccontare\/","url":"https:\/\/www.bellunopress.it\/2019\/10\/28\/arredamont-si-conferma-un-grande-evento-mercoledi-la-presentazione-in-anteprima-del-nuovo-libro-vajont-una-storia-da-raccontare\/","name":"Arredamont si conferma un grande evento. Mercoled\u00ec la presentazione in anteprima del nuovo libro \u201cVajont - Una storia da raccontare\u201d - Bellunopress - Dolomiti","isPartOf":{"@id":"https:\/\/www.bellunopress.it\/#website"},"primaryImageOfPage":{"@id":"https:\/\/www.bellunopress.it\/2019\/10\/28\/arredamont-si-conferma-un-grande-evento-mercoledi-la-presentazione-in-anteprima-del-nuovo-libro-vajont-una-storia-da-raccontare\/#primaryimage"},"image":{"@id":"https:\/\/www.bellunopress.it\/2019\/10\/28\/arredamont-si-conferma-un-grande-evento-mercoledi-la-presentazione-in-anteprima-del-nuovo-libro-vajont-una-storia-da-raccontare\/#primaryimage"},"thumbnailUrl":"http:\/\/www.bellunopress.it\/wp-content\/uploads\/2019\/10\/arredamont-2019.jpg","datePublished":"2019-10-28T16:38:25+00:00","dateModified":"2019-10-28T21:44:17+00:00","breadcrumb":{"@id":"https:\/\/www.bellunopress.it\/2019\/10\/28\/arredamont-si-conferma-un-grande-evento-mercoledi-la-presentazione-in-anteprima-del-nuovo-libro-vajont-una-storia-da-raccontare\/#breadcrumb"},"inLanguage":"fr-FR","potentialAction":[{"@type":"ReadAction","target":["https:\/\/www.bellunopress.it\/2019\/10\/28\/arredamont-si-conferma-un-grande-evento-mercoledi-la-presentazione-in-anteprima-del-nuovo-libro-vajont-una-storia-da-raccontare\/"]}]},{"@type":"ImageObject","inLanguage":"fr-FR","@id":"https:\/\/www.bellunopress.it\/2019\/10\/28\/arredamont-si-conferma-un-grande-evento-mercoledi-la-presentazione-in-anteprima-del-nuovo-libro-vajont-una-storia-da-raccontare\/#primaryimage","url":"http:\/\/www.bellunopress.it\/wp-content\/uploads\/2019\/10\/arredamont-2019.jpg","contentUrl":"http:\/\/www.bellunopress.it\/wp-content\/uploads\/2019\/10\/arredamont-2019.jpg"},{"@type":"BreadcrumbList","@id":"https:\/\/www.bellunopress.it\/2019\/10\/28\/arredamont-si-conferma-un-grande-evento-mercoledi-la-presentazione-in-anteprima-del-nuovo-libro-vajont-una-storia-da-raccontare\/#breadcrumb","itemListElement":[{"@type":"ListItem","position":1,"name":"Home","item":"https:\/\/www.bellunopress.it\/"},{"@type":"ListItem","position":2,"name":"Arredamont si conferma un grande evento. Mercoled\u00ec la presentazione in anteprima del nuovo libro \u201cVajont &#8211; Una storia da raccontare\u201d"}]},{"@type":"WebSite","@id":"https:\/\/www.bellunopress.it\/#website","url":"https:\/\/www.bellunopress.it\/","name":"Bellunopress - Dolomiti","description":"e-mail: redazione@bellunopress.it","publisher":{"@id":"https:\/\/www.bellunopress.it\/#organization"},"potentialAction":[{"@type":"SearchAction","target":{"@type":"EntryPoint","urlTemplate":"https:\/\/www.bellunopress.it\/?s={search_term_string}"},"query-input":{"@type":"PropertyValueSpecification","valueRequired":true,"valueName":"search_term_string"}}],"inLanguage":"fr-FR"},{"@type":"Organization","@id":"https:\/\/www.bellunopress.it\/#organization","name":"Bellunopress","url":"https:\/\/www.bellunopress.it\/","logo":{"@type":"ImageObject","inLanguage":"fr-FR","@id":"https:\/\/www.bellunopress.it\/#\/schema\/logo\/image\/","url":"https:\/\/www.bellunopress.it\/wp-content\/uploads\/2011\/05\/cropped-logo-bellunopress-.jpg","contentUrl":"https:\/\/www.bellunopress.it\/wp-content\/uploads\/2011\/05\/cropped-logo-bellunopress-.jpg","width":512,"height":512,"caption":"Bellunopress"},"image":{"@id":"https:\/\/www.bellunopress.it\/#\/schema\/logo\/image\/"},"sameAs":["https:\/\/www.facebook.com\/profile.php?id=100008943462799","https:\/\/x.com\/bellunopress","https:\/\/www.linkedin.com\/hp\/?dnr=JBzUWaJfMUw8vbXJJ2tVW5-I3jZKvC4wsoxE&amp;amp;amp;amp;amp;amp;trk=nav_responsive_tab_home","https:\/\/www.youtube.com\/channel\/UCxL0wu1uN0_3_7hGG0306cw"]},{"@type":"Person","@id":"https:\/\/www.bellunopress.it\/#\/schema\/person\/79bb06722b37ece1c03d3e94beb30d73","name":"r\u00e9daction","image":{"@type":"ImageObject","inLanguage":"fr-FR","@id":"https:\/\/secure.gravatar.com\/avatar\/37d968a2e67a6fd04c169c4bdef102d0bc5d31b2546345219e348575eb80e9a0?s=96&d=mm&r=g","url":"https:\/\/secure.gravatar.com\/avatar\/37d968a2e67a6fd04c169c4bdef102d0bc5d31b2546345219e348575eb80e9a0?s=96&d=mm&r=g","contentUrl":"https:\/\/secure.gravatar.com\/avatar\/37d968a2e67a6fd04c169c4bdef102d0bc5d31b2546345219e348575eb80e9a0?s=96&d=mm&r=g","caption":"redazione"},"sameAs":["http:\/\/www.bellunopress.it","https:\/\/x.com\/bellunopress"],"url":"https:\/\/www.bellunopress.it\/fr\/author\/redazione\/"}]}},"_links":{"self":[{"href":"https:\/\/www.bellunopress.it\/fr\/wp-json\/wp\/v2\/posts\/109150","targetHints":{"allow":["GET"]}}],"collection":[{"href":"https:\/\/www.bellunopress.it\/fr\/wp-json\/wp\/v2\/posts"}],"about":[{"href":"https:\/\/www.bellunopress.it\/fr\/wp-json\/wp\/v2\/types\/post"}],"author":[{"embeddable":true,"href":"https:\/\/www.bellunopress.it\/fr\/wp-json\/wp\/v2\/users\/2"}],"replies":[{"embeddable":true,"href":"https:\/\/www.bellunopress.it\/fr\/wp-json\/wp\/v2\/comments?post=109150"}],"version-history":[{"count":2,"href":"https:\/\/www.bellunopress.it\/fr\/wp-json\/wp\/v2\/posts\/109150\/revisions"}],"predecessor-version":[{"id":109153,"href":"https:\/\/www.bellunopress.it\/fr\/wp-json\/wp\/v2\/posts\/109150\/revisions\/109153"}],"wp:attachment":[{"href":"https:\/\/www.bellunopress.it\/fr\/wp-json\/wp\/v2\/media?parent=109150"}],"wp:term":[{"taxonomy":"category","embeddable":true,"href":"https:\/\/www.bellunopress.it\/fr\/wp-json\/wp\/v2\/categories?post=109150"},{"taxonomy":"post_tag","embeddable":true,"href":"https:\/\/www.bellunopress.it\/fr\/wp-json\/wp\/v2\/tags?post=109150"}],"curies":[{"name":"wp","href":"https:\/\/api.w.org\/{rel}","templated":true}]}}