{"id":109144,"date":"2019-10-28T15:58:05","date_gmt":"2019-10-28T14:58:05","guid":{"rendered":"http:\/\/www.bellunopress.it\/?p=109144"},"modified":"2019-10-28T15:58:06","modified_gmt":"2019-10-28T14:58:06","slug":"ecosistema-urbano-2019-massaro-belluno-ancora-nella-top-ten-nonostante-vaia","status":"publish","type":"post","link":"https:\/\/www.bellunopress.it\/fr\/2019\/10\/28\/ecosistema-urbano-2019-massaro-belluno-ancora-nella-top-ten-nonostante-vaia\/","title":{"rendered":"Ecosistema urbano 2019. Massaro: Belluno ancora nella top ten, \u00abnonostante Vaia\u00bb"},"content":{"rendered":"<p><a href=\"http:\/\/www.bellunopress.it\/fr\/2019\/10\/28\/ecosistema-urbano-2019-massaro-belluno-ancora-nella-top-ten-nonostante-vaia\/massaro-ecosistema-urbano-2019-mantova\/\" rel=\"attachment wp-att-109145\"><img loading=\"lazy\" decoding=\"async\" class=\"alignleft size-full wp-image-109145\" src=\"http:\/\/www.bellunopress.it\/wp-content\/uploads\/2019\/10\/Massaro-Ecosistema-urbano-2019-Mantova.jpg\" alt=\"\" width=\"300\" height=\"295\" \/><\/a>Si \u00e8 tenuta questa mattina a Mantova la presentazione del rapporto Ecosistema Urbano 2019 di Legambiente, con la premiazione delle citt\u00e0 presenti in classifica. All&#8217;evento era presente anche Jacopo Massaro, Sindaco di Belluno, citt\u00e0 che si \u00e8 posizionata all&#8217;ottavo posto nella graduatoria assoluta.<\/p>\n<p><strong>Ecosistema Urbano 2019<\/strong><br \/>\nBelluno all&#8217;ottavo posto (7\u00b0 nel 2018) si conferma anche quest&#8217;anno nella \u201ctop ten\u201d dei capoluoghi pi\u00f9 verdi d&#8217;Italia, seconda citt\u00e0 del Veneto appena alle spalle di Treviso.<br \/>\nTra i punti di forza, le concentrazioni di No2 e Pm10, stabili e sotto i limiti, mentre migliora di molto il numero di giorni di superamento dei limiti per l\u2019ozono (7 nel 2018 contro i 48 del 2017).<br \/>\nIn crescita anche la percentuale di raccolta differenziata dei rifiuti (dal 78,2% all\u2019attuale 78,7%); in leggera crescita l&#8217;utilizzo da parte dei bellunesi del trasporto pubblico, stabili i dati su isole pedonali, infrastrutture per la ciclabilit\u00e0 e energie rinnovabili.<br \/>\n\u00abSiamo l&#8217;unica realt\u00e0 presente nelle varie classifiche tra le prime dieci sia per raccolta differenziata che per minor produzione di rifiuti prodotti pro capite. &#8211; evidenzia Massaro \u2013 L&#8217;incremento dai 397 kg\/abitante del 2017 ai 421 del 2018 \u00e8 giustificabile in parte con l&#8217;aumento delle presenze e arrivi turistici, ma soprattutto con il passaggio della tempesta Vaia, che ci ha costretti ad affrontare la raccolta e smaltimento di centinaia di quintali di materiale\u00bb.<\/p>\n<p><strong>Tavola rotonda \u201cL&#8217;agenda urbana per le citt\u00e0\u201d<\/strong><br \/>\nAl termine della presentazione, si \u00e8 svolta la tavola rotonda \u201cL&#8217;agenda urbana per le citt\u00e0\u201d, che ha visto partecipare, oltre a Massaro anche Mattia Palazzi, Sindaco di Mantova; Emilio Del Bono, Sindaco di Brescia; Gianni Bottalico, Responsabile Relazioni con Regioni e Enti Locali Asvis &#8211; Alleanza Italiana per lo Sviluppo Sostenibile; Gianfranco Conti, Fondazione Serono; Stefano Ciafani, Presidente Nazionale Legambiente.<br \/>\nProtagonista dell&#8217;intervento del primo cittadino bellunese, proprio nei giorni del primo anniversario, \u00e8 stata la tempesta Vaia: \u00abBisogna che il tema ambientale diventi parte della cultura dei cittadini e della politica: &#8211; ha spiegato Massaro \u2013 il disastro dello scorso anno ci ha costretti a rivedere le priorit\u00e0, di amministratori e di cittadini. Anche la politica deve rivedere la sua posizione, coerente con le necessit\u00e0 e le particolarit\u00e0 dei territori: come amministrazione, ci stiamo impegnando contro il consumo del suolo, puntando su rigenerazione e recupero dell&#8217;abbandonato, mentre al contrario a livello regionale talora si d\u00e0 spazio a \u201cpiani casa\u201d e quindi a nuove cementificazioni. Sono le citt\u00e0 i punti pi\u00f9 vicini alla gestione del territorio: a loro vanno dati poteri e competenze per rispondere alle esigenze dei cittadini. Serve una risposta di sistema\u00bb.<\/p>","protected":false},"excerpt":{"rendered":"<p>Si \u00e8 tenuta questa mattina a Mantova la presentazione del rapporto Ecosistema Urbano 2019 di Legambiente, con la premiazione delle citt\u00e0 presenti in classifica. All&#8217;evento era presente anche Jacopo Massaro, Sindaco di Belluno, citt\u00e0 che si \u00e8 posizionata all&#8217;ottavo posto nella graduatoria assoluta. Ecosistema Urbano 2019 Belluno all&#8217;ottavo posto (7\u00b0 nel 2018) si conferma anche [&hellip;]<\/p>\n","protected":false},"author":2,"featured_media":0,"comment_status":"closed","ping_status":"open","sticky":false,"template":"","format":"standard","meta":{"footnotes":""},"categories":[5,26],"tags":[],"class_list":["post-109144","post","type-post","status-publish","format-standard","category-cronaca","category-prima-pagina"],"yoast_head":"<!-- This site is optimized with the Yoast SEO plugin v28.4 - https:\/\/yoast.com\/product\/yoast-seo-wordpress\/ -->\n<title>Ecosistema urbano 2019. Massaro: Belluno ancora nella top ten, \u00abnonostante Vaia\u00bb - Bellunopress - Dolomiti<\/title>\n<meta name=\"robots\" content=\"index, follow, max-snippet:-1, max-image-preview:large, max-video-preview:-1\" \/>\n<link rel=\"canonical\" href=\"https:\/\/www.bellunopress.it\/fr\/2019\/10\/28\/ecosistema-urbano-2019-massaro-belluno-ancora-nella-top-ten-nonostante-vaia\/\" \/>\n<meta property=\"og:locale\" content=\"fr_FR\" \/>\n<meta property=\"og:type\" content=\"article\" \/>\n<meta property=\"og:title\" content=\"Ecosistema urbano 2019. Massaro: Belluno ancora nella top ten, \u00abnonostante Vaia\u00bb - Bellunopress - Dolomiti\" \/>\n<meta property=\"og:description\" content=\"Si \u00e8 tenuta questa mattina a Mantova la presentazione del rapporto Ecosistema Urbano 2019 di Legambiente, con la premiazione delle citt\u00e0 presenti in classifica. All&#8217;evento era presente anche Jacopo Massaro, Sindaco di Belluno, citt\u00e0 che si \u00e8 posizionata all&#8217;ottavo posto nella graduatoria assoluta. Ecosistema Urbano 2019 Belluno all&#8217;ottavo posto (7\u00b0 nel 2018) si conferma anche [&hellip;]\" \/>\n<meta property=\"og:url\" content=\"https:\/\/www.bellunopress.it\/fr\/2019\/10\/28\/ecosistema-urbano-2019-massaro-belluno-ancora-nella-top-ten-nonostante-vaia\/\" \/>\n<meta property=\"og:site_name\" content=\"Bellunopress - Dolomiti\" \/>\n<meta property=\"article:publisher\" content=\"https:\/\/www.facebook.com\/profile.php?id=100008943462799\" \/>\n<meta property=\"article:published_time\" content=\"2019-10-28T14:58:05+00:00\" \/>\n<meta property=\"article:modified_time\" content=\"2019-10-28T14:58:06+00:00\" \/>\n<meta property=\"og:image\" content=\"http:\/\/www.bellunopress.it\/wp-content\/uploads\/2019\/10\/Massaro-Ecosistema-urbano-2019-Mantova.jpg\" \/>\n<meta name=\"author\" content=\"redazione\" \/>\n<meta name=\"twitter:card\" content=\"summary_large_image\" \/>\n<meta name=\"twitter:creator\" content=\"@bellunopress\" \/>\n<meta name=\"twitter:site\" content=\"@bellunopress\" \/>\n<meta name=\"twitter:label1\" content=\"\u00c9crit par\" \/>\n\t<meta name=\"twitter:data1\" content=\"redazione\" \/>\n\t<meta name=\"twitter:label2\" content=\"Dur\u00e9e de lecture estim\u00e9e\" \/>\n\t<meta name=\"twitter:data2\" content=\"2 minutes\" \/>\n<script type=\"application\/ld+json\" class=\"yoast-schema-graph\">{\"@context\":\"https:\\\/\\\/schema.org\",\"@graph\":[{\"@type\":\"Article\",\"@id\":\"https:\\\/\\\/www.bellunopress.it\\\/2019\\\/10\\\/28\\\/ecosistema-urbano-2019-massaro-belluno-ancora-nella-top-ten-nonostante-vaia\\\/#article\",\"isPartOf\":{\"@id\":\"https:\\\/\\\/www.bellunopress.it\\\/2019\\\/10\\\/28\\\/ecosistema-urbano-2019-massaro-belluno-ancora-nella-top-ten-nonostante-vaia\\\/\"},\"author\":{\"name\":\"redazione\",\"@id\":\"https:\\\/\\\/www.bellunopress.it\\\/#\\\/schema\\\/person\\\/79bb06722b37ece1c03d3e94beb30d73\"},\"headline\":\"Ecosistema urbano 2019. Massaro: Belluno ancora nella top ten, \u00abnonostante Vaia\u00bb\",\"datePublished\":\"2019-10-28T14:58:05+00:00\",\"dateModified\":\"2019-10-28T14:58:06+00:00\",\"mainEntityOfPage\":{\"@id\":\"https:\\\/\\\/www.bellunopress.it\\\/2019\\\/10\\\/28\\\/ecosistema-urbano-2019-massaro-belluno-ancora-nella-top-ten-nonostante-vaia\\\/\"},\"wordCount\":427,\"publisher\":{\"@id\":\"https:\\\/\\\/www.bellunopress.it\\\/#organization\"},\"image\":{\"@id\":\"https:\\\/\\\/www.bellunopress.it\\\/2019\\\/10\\\/28\\\/ecosistema-urbano-2019-massaro-belluno-ancora-nella-top-ten-nonostante-vaia\\\/#primaryimage\"},\"thumbnailUrl\":\"http:\\\/\\\/www.bellunopress.it\\\/wp-content\\\/uploads\\\/2019\\\/10\\\/Massaro-Ecosistema-urbano-2019-Mantova.jpg\",\"articleSection\":[\"Cronaca\\\/Politica\",\"Prima Pagina\"],\"inLanguage\":\"fr-FR\"},{\"@type\":\"WebPage\",\"@id\":\"https:\\\/\\\/www.bellunopress.it\\\/2019\\\/10\\\/28\\\/ecosistema-urbano-2019-massaro-belluno-ancora-nella-top-ten-nonostante-vaia\\\/\",\"url\":\"https:\\\/\\\/www.bellunopress.it\\\/2019\\\/10\\\/28\\\/ecosistema-urbano-2019-massaro-belluno-ancora-nella-top-ten-nonostante-vaia\\\/\",\"name\":\"Ecosistema urbano 2019. Massaro: Belluno ancora nella top ten, \u00abnonostante Vaia\u00bb - Bellunopress - Dolomiti\",\"isPartOf\":{\"@id\":\"https:\\\/\\\/www.bellunopress.it\\\/#website\"},\"primaryImageOfPage\":{\"@id\":\"https:\\\/\\\/www.bellunopress.it\\\/2019\\\/10\\\/28\\\/ecosistema-urbano-2019-massaro-belluno-ancora-nella-top-ten-nonostante-vaia\\\/#primaryimage\"},\"image\":{\"@id\":\"https:\\\/\\\/www.bellunopress.it\\\/2019\\\/10\\\/28\\\/ecosistema-urbano-2019-massaro-belluno-ancora-nella-top-ten-nonostante-vaia\\\/#primaryimage\"},\"thumbnailUrl\":\"http:\\\/\\\/www.bellunopress.it\\\/wp-content\\\/uploads\\\/2019\\\/10\\\/Massaro-Ecosistema-urbano-2019-Mantova.jpg\",\"datePublished\":\"2019-10-28T14:58:05+00:00\",\"dateModified\":\"2019-10-28T14:58:06+00:00\",\"breadcrumb\":{\"@id\":\"https:\\\/\\\/www.bellunopress.it\\\/2019\\\/10\\\/28\\\/ecosistema-urbano-2019-massaro-belluno-ancora-nella-top-ten-nonostante-vaia\\\/#breadcrumb\"},\"inLanguage\":\"fr-FR\",\"potentialAction\":[{\"@type\":\"ReadAction\",\"target\":[\"https:\\\/\\\/www.bellunopress.it\\\/2019\\\/10\\\/28\\\/ecosistema-urbano-2019-massaro-belluno-ancora-nella-top-ten-nonostante-vaia\\\/\"]}]},{\"@type\":\"ImageObject\",\"inLanguage\":\"fr-FR\",\"@id\":\"https:\\\/\\\/www.bellunopress.it\\\/2019\\\/10\\\/28\\\/ecosistema-urbano-2019-massaro-belluno-ancora-nella-top-ten-nonostante-vaia\\\/#primaryimage\",\"url\":\"http:\\\/\\\/www.bellunopress.it\\\/wp-content\\\/uploads\\\/2019\\\/10\\\/Massaro-Ecosistema-urbano-2019-Mantova.jpg\",\"contentUrl\":\"http:\\\/\\\/www.bellunopress.it\\\/wp-content\\\/uploads\\\/2019\\\/10\\\/Massaro-Ecosistema-urbano-2019-Mantova.jpg\"},{\"@type\":\"BreadcrumbList\",\"@id\":\"https:\\\/\\\/www.bellunopress.it\\\/2019\\\/10\\\/28\\\/ecosistema-urbano-2019-massaro-belluno-ancora-nella-top-ten-nonostante-vaia\\\/#breadcrumb\",\"itemListElement\":[{\"@type\":\"ListItem\",\"position\":1,\"name\":\"Home\",\"item\":\"https:\\\/\\\/www.bellunopress.it\\\/\"},{\"@type\":\"ListItem\",\"position\":2,\"name\":\"Ecosistema urbano 2019. Massaro: Belluno ancora nella top ten, \u00abnonostante Vaia\u00bb\"}]},{\"@type\":\"WebSite\",\"@id\":\"https:\\\/\\\/www.bellunopress.it\\\/#website\",\"url\":\"https:\\\/\\\/www.bellunopress.it\\\/\",\"name\":\"Bellunopress - Dolomiti\",\"description\":\"e-mail: redazione@bellunopress.it\",\"publisher\":{\"@id\":\"https:\\\/\\\/www.bellunopress.it\\\/#organization\"},\"potentialAction\":[{\"@type\":\"SearchAction\",\"target\":{\"@type\":\"EntryPoint\",\"urlTemplate\":\"https:\\\/\\\/www.bellunopress.it\\\/?s={search_term_string}\"},\"query-input\":{\"@type\":\"PropertyValueSpecification\",\"valueRequired\":true,\"valueName\":\"search_term_string\"}}],\"inLanguage\":\"fr-FR\"},{\"@type\":\"Organization\",\"@id\":\"https:\\\/\\\/www.bellunopress.it\\\/#organization\",\"name\":\"Bellunopress\",\"url\":\"https:\\\/\\\/www.bellunopress.it\\\/\",\"logo\":{\"@type\":\"ImageObject\",\"inLanguage\":\"fr-FR\",\"@id\":\"https:\\\/\\\/www.bellunopress.it\\\/#\\\/schema\\\/logo\\\/image\\\/\",\"url\":\"https:\\\/\\\/www.bellunopress.it\\\/wp-content\\\/uploads\\\/2011\\\/05\\\/cropped-logo-bellunopress-.jpg\",\"contentUrl\":\"https:\\\/\\\/www.bellunopress.it\\\/wp-content\\\/uploads\\\/2011\\\/05\\\/cropped-logo-bellunopress-.jpg\",\"width\":512,\"height\":512,\"caption\":\"Bellunopress\"},\"image\":{\"@id\":\"https:\\\/\\\/www.bellunopress.it\\\/#\\\/schema\\\/logo\\\/image\\\/\"},\"sameAs\":[\"https:\\\/\\\/www.facebook.com\\\/profile.php?id=100008943462799\",\"https:\\\/\\\/x.com\\\/bellunopress\",\"https:\\\/\\\/www.linkedin.com\\\/hp\\\/?dnr=JBzUWaJfMUw8vbXJJ2tVW5-I3jZKvC4wsoxE&amp;amp;amp;amp;amp;amp;trk=nav_responsive_tab_home\",\"https:\\\/\\\/www.youtube.com\\\/channel\\\/UCxL0wu1uN0_3_7hGG0306cw\"]},{\"@type\":\"Person\",\"@id\":\"https:\\\/\\\/www.bellunopress.it\\\/#\\\/schema\\\/person\\\/79bb06722b37ece1c03d3e94beb30d73\",\"name\":\"redazione\",\"image\":{\"@type\":\"ImageObject\",\"inLanguage\":\"fr-FR\",\"@id\":\"https:\\\/\\\/secure.gravatar.com\\\/avatar\\\/37d968a2e67a6fd04c169c4bdef102d0bc5d31b2546345219e348575eb80e9a0?s=96&d=mm&r=g\",\"url\":\"https:\\\/\\\/secure.gravatar.com\\\/avatar\\\/37d968a2e67a6fd04c169c4bdef102d0bc5d31b2546345219e348575eb80e9a0?s=96&d=mm&r=g\",\"contentUrl\":\"https:\\\/\\\/secure.gravatar.com\\\/avatar\\\/37d968a2e67a6fd04c169c4bdef102d0bc5d31b2546345219e348575eb80e9a0?s=96&d=mm&r=g\",\"caption\":\"redazione\"},\"sameAs\":[\"http:\\\/\\\/www.bellunopress.it\",\"https:\\\/\\\/x.com\\\/bellunopress\"],\"url\":\"https:\\\/\\\/www.bellunopress.it\\\/fr\\\/author\\\/redazione\\\/\"}]}<\/script>\n<!-- \/ Yoast SEO plugin. -->","yoast_head_json":{"title":"Ecosistema urbano 2019. Massaro: Belluno ancora nella top ten, \u00abnonostante Vaia\u00bb - Bellunopress - Dolomiti","robots":{"index":"index","follow":"follow","max-snippet":"max-snippet:-1","max-image-preview":"max-image-preview:large","max-video-preview":"max-video-preview:-1"},"canonical":"https:\/\/www.bellunopress.it\/fr\/2019\/10\/28\/ecosistema-urbano-2019-massaro-belluno-ancora-nella-top-ten-nonostante-vaia\/","og_locale":"fr_FR","og_type":"article","og_title":"Ecosistema urbano 2019. Massaro: Belluno ancora nella top ten, \u00abnonostante Vaia\u00bb - Bellunopress - Dolomiti","og_description":"Si \u00e8 tenuta questa mattina a Mantova la presentazione del rapporto Ecosistema Urbano 2019 di Legambiente, con la premiazione delle citt\u00e0 presenti in classifica. All&#8217;evento era presente anche Jacopo Massaro, Sindaco di Belluno, citt\u00e0 che si \u00e8 posizionata all&#8217;ottavo posto nella graduatoria assoluta. Ecosistema Urbano 2019 Belluno all&#8217;ottavo posto (7\u00b0 nel 2018) si conferma anche [&hellip;]","og_url":"https:\/\/www.bellunopress.it\/fr\/2019\/10\/28\/ecosistema-urbano-2019-massaro-belluno-ancora-nella-top-ten-nonostante-vaia\/","og_site_name":"Bellunopress - Dolomiti","article_publisher":"https:\/\/www.facebook.com\/profile.php?id=100008943462799","article_published_time":"2019-10-28T14:58:05+00:00","article_modified_time":"2019-10-28T14:58:06+00:00","og_image":[{"url":"http:\/\/www.bellunopress.it\/wp-content\/uploads\/2019\/10\/Massaro-Ecosistema-urbano-2019-Mantova.jpg","type":"","width":"","height":""}],"author":"redazione","twitter_card":"summary_large_image","twitter_creator":"@bellunopress","twitter_site":"@bellunopress","twitter_misc":{"\u00c9crit par":"redazione","Dur\u00e9e de lecture estim\u00e9e":"2 minutes"},"schema":{"@context":"https:\/\/schema.org","@graph":[{"@type":"Article","@id":"https:\/\/www.bellunopress.it\/2019\/10\/28\/ecosistema-urbano-2019-massaro-belluno-ancora-nella-top-ten-nonostante-vaia\/#article","isPartOf":{"@id":"https:\/\/www.bellunopress.it\/2019\/10\/28\/ecosistema-urbano-2019-massaro-belluno-ancora-nella-top-ten-nonostante-vaia\/"},"author":{"name":"redazione","@id":"https:\/\/www.bellunopress.it\/#\/schema\/person\/79bb06722b37ece1c03d3e94beb30d73"},"headline":"Ecosistema urbano 2019. Massaro: Belluno ancora nella top ten, \u00abnonostante Vaia\u00bb","datePublished":"2019-10-28T14:58:05+00:00","dateModified":"2019-10-28T14:58:06+00:00","mainEntityOfPage":{"@id":"https:\/\/www.bellunopress.it\/2019\/10\/28\/ecosistema-urbano-2019-massaro-belluno-ancora-nella-top-ten-nonostante-vaia\/"},"wordCount":427,"publisher":{"@id":"https:\/\/www.bellunopress.it\/#organization"},"image":{"@id":"https:\/\/www.bellunopress.it\/2019\/10\/28\/ecosistema-urbano-2019-massaro-belluno-ancora-nella-top-ten-nonostante-vaia\/#primaryimage"},"thumbnailUrl":"http:\/\/www.bellunopress.it\/wp-content\/uploads\/2019\/10\/Massaro-Ecosistema-urbano-2019-Mantova.jpg","articleSection":["Cronaca\/Politica","Prima Pagina"],"inLanguage":"fr-FR"},{"@type":"WebPage","@id":"https:\/\/www.bellunopress.it\/2019\/10\/28\/ecosistema-urbano-2019-massaro-belluno-ancora-nella-top-ten-nonostante-vaia\/","url":"https:\/\/www.bellunopress.it\/2019\/10\/28\/ecosistema-urbano-2019-massaro-belluno-ancora-nella-top-ten-nonostante-vaia\/","name":"Ecosistema urbano 2019. Massaro: Belluno ancora nella top ten, \u00abnonostante Vaia\u00bb - Bellunopress - Dolomiti","isPartOf":{"@id":"https:\/\/www.bellunopress.it\/#website"},"primaryImageOfPage":{"@id":"https:\/\/www.bellunopress.it\/2019\/10\/28\/ecosistema-urbano-2019-massaro-belluno-ancora-nella-top-ten-nonostante-vaia\/#primaryimage"},"image":{"@id":"https:\/\/www.bellunopress.it\/2019\/10\/28\/ecosistema-urbano-2019-massaro-belluno-ancora-nella-top-ten-nonostante-vaia\/#primaryimage"},"thumbnailUrl":"http:\/\/www.bellunopress.it\/wp-content\/uploads\/2019\/10\/Massaro-Ecosistema-urbano-2019-Mantova.jpg","datePublished":"2019-10-28T14:58:05+00:00","dateModified":"2019-10-28T14:58:06+00:00","breadcrumb":{"@id":"https:\/\/www.bellunopress.it\/2019\/10\/28\/ecosistema-urbano-2019-massaro-belluno-ancora-nella-top-ten-nonostante-vaia\/#breadcrumb"},"inLanguage":"fr-FR","potentialAction":[{"@type":"ReadAction","target":["https:\/\/www.bellunopress.it\/2019\/10\/28\/ecosistema-urbano-2019-massaro-belluno-ancora-nella-top-ten-nonostante-vaia\/"]}]},{"@type":"ImageObject","inLanguage":"fr-FR","@id":"https:\/\/www.bellunopress.it\/2019\/10\/28\/ecosistema-urbano-2019-massaro-belluno-ancora-nella-top-ten-nonostante-vaia\/#primaryimage","url":"http:\/\/www.bellunopress.it\/wp-content\/uploads\/2019\/10\/Massaro-Ecosistema-urbano-2019-Mantova.jpg","contentUrl":"http:\/\/www.bellunopress.it\/wp-content\/uploads\/2019\/10\/Massaro-Ecosistema-urbano-2019-Mantova.jpg"},{"@type":"BreadcrumbList","@id":"https:\/\/www.bellunopress.it\/2019\/10\/28\/ecosistema-urbano-2019-massaro-belluno-ancora-nella-top-ten-nonostante-vaia\/#breadcrumb","itemListElement":[{"@type":"ListItem","position":1,"name":"Home","item":"https:\/\/www.bellunopress.it\/"},{"@type":"ListItem","position":2,"name":"Ecosistema urbano 2019. Massaro: Belluno ancora nella top ten, \u00abnonostante Vaia\u00bb"}]},{"@type":"WebSite","@id":"https:\/\/www.bellunopress.it\/#website","url":"https:\/\/www.bellunopress.it\/","name":"Bellunopress - Dolomiti","description":"e-mail: redazione@bellunopress.it","publisher":{"@id":"https:\/\/www.bellunopress.it\/#organization"},"potentialAction":[{"@type":"SearchAction","target":{"@type":"EntryPoint","urlTemplate":"https:\/\/www.bellunopress.it\/?s={search_term_string}"},"query-input":{"@type":"PropertyValueSpecification","valueRequired":true,"valueName":"search_term_string"}}],"inLanguage":"fr-FR"},{"@type":"Organization","@id":"https:\/\/www.bellunopress.it\/#organization","name":"Bellunopress","url":"https:\/\/www.bellunopress.it\/","logo":{"@type":"ImageObject","inLanguage":"fr-FR","@id":"https:\/\/www.bellunopress.it\/#\/schema\/logo\/image\/","url":"https:\/\/www.bellunopress.it\/wp-content\/uploads\/2011\/05\/cropped-logo-bellunopress-.jpg","contentUrl":"https:\/\/www.bellunopress.it\/wp-content\/uploads\/2011\/05\/cropped-logo-bellunopress-.jpg","width":512,"height":512,"caption":"Bellunopress"},"image":{"@id":"https:\/\/www.bellunopress.it\/#\/schema\/logo\/image\/"},"sameAs":["https:\/\/www.facebook.com\/profile.php?id=100008943462799","https:\/\/x.com\/bellunopress","https:\/\/www.linkedin.com\/hp\/?dnr=JBzUWaJfMUw8vbXJJ2tVW5-I3jZKvC4wsoxE&amp;amp;amp;amp;amp;amp;trk=nav_responsive_tab_home","https:\/\/www.youtube.com\/channel\/UCxL0wu1uN0_3_7hGG0306cw"]},{"@type":"Person","@id":"https:\/\/www.bellunopress.it\/#\/schema\/person\/79bb06722b37ece1c03d3e94beb30d73","name":"r\u00e9daction","image":{"@type":"ImageObject","inLanguage":"fr-FR","@id":"https:\/\/secure.gravatar.com\/avatar\/37d968a2e67a6fd04c169c4bdef102d0bc5d31b2546345219e348575eb80e9a0?s=96&d=mm&r=g","url":"https:\/\/secure.gravatar.com\/avatar\/37d968a2e67a6fd04c169c4bdef102d0bc5d31b2546345219e348575eb80e9a0?s=96&d=mm&r=g","contentUrl":"https:\/\/secure.gravatar.com\/avatar\/37d968a2e67a6fd04c169c4bdef102d0bc5d31b2546345219e348575eb80e9a0?s=96&d=mm&r=g","caption":"redazione"},"sameAs":["http:\/\/www.bellunopress.it","https:\/\/x.com\/bellunopress"],"url":"https:\/\/www.bellunopress.it\/fr\/author\/redazione\/"}]}},"_links":{"self":[{"href":"https:\/\/www.bellunopress.it\/fr\/wp-json\/wp\/v2\/posts\/109144","targetHints":{"allow":["GET"]}}],"collection":[{"href":"https:\/\/www.bellunopress.it\/fr\/wp-json\/wp\/v2\/posts"}],"about":[{"href":"https:\/\/www.bellunopress.it\/fr\/wp-json\/wp\/v2\/types\/post"}],"author":[{"embeddable":true,"href":"https:\/\/www.bellunopress.it\/fr\/wp-json\/wp\/v2\/users\/2"}],"replies":[{"embeddable":true,"href":"https:\/\/www.bellunopress.it\/fr\/wp-json\/wp\/v2\/comments?post=109144"}],"version-history":[{"count":2,"href":"https:\/\/www.bellunopress.it\/fr\/wp-json\/wp\/v2\/posts\/109144\/revisions"}],"predecessor-version":[{"id":109147,"href":"https:\/\/www.bellunopress.it\/fr\/wp-json\/wp\/v2\/posts\/109144\/revisions\/109147"}],"wp:attachment":[{"href":"https:\/\/www.bellunopress.it\/fr\/wp-json\/wp\/v2\/media?parent=109144"}],"wp:term":[{"taxonomy":"category","embeddable":true,"href":"https:\/\/www.bellunopress.it\/fr\/wp-json\/wp\/v2\/categories?post=109144"},{"taxonomy":"post_tag","embeddable":true,"href":"https:\/\/www.bellunopress.it\/fr\/wp-json\/wp\/v2\/tags?post=109144"}],"curies":[{"name":"wp","href":"https:\/\/api.w.org\/{rel}","templated":true}]}}