{"id":109117,"date":"2019-10-27T20:37:19","date_gmt":"2019-10-27T19:37:19","guid":{"rendered":"http:\/\/www.bellunopress.it\/?p=109117"},"modified":"2019-10-27T20:37:19","modified_gmt":"2019-10-27T19:37:19","slug":"tre-interventi-del-soccorso-alpino-5","status":"publish","type":"post","link":"https:\/\/www.bellunopress.it\/fr\/2019\/10\/27\/tre-interventi-del-soccorso-alpino-5\/","title":{"rendered":"Tre interventi del Soccorso alpino"},"content":{"rendered":"<p><a href=\"http:\/\/www.bellunopress.it\/fr\/2018\/12\/05\/grave-incidente-a-villa-di-villa-57enne-muore-sotto-il-trattore\/suem-118\/\" rel=\"attachment wp-att-100191\"><img loading=\"lazy\" decoding=\"async\" class=\"alignleft size-full wp-image-100191\" src=\"http:\/\/www.bellunopress.it\/wp-content\/uploads\/2018\/12\/suem-118.jpg\" alt=\"\" width=\"300\" height=\"205\" \/><\/a>Belluno, 27 &#8211; 10 &#8211; 19\u00a0 Questa mattina passate le 10 la Centrale del 118 \u00e8 stata allertata per un&#8217;escursionista che, colta da malore, era caduta a terra riportando una ferita alla testa, mentre con altre tre persone percorreva il sentiero numero 24 sul Settsass, nel comune di Livinallongo del Col di Lana. L&#8217;elicottero del Suem di Pieve di Cadore, atterrato nelle vicinanze, ha sbarcato equipe medica e tecnico di elisoccorso, che hanno raggiunto L.A., 42 anni, di Padova, che nel frattempo si era ripresa. Dopo essere stata imbarcata, la donna \u00e8 stata trasportata all&#8217;ospedale di Belluno per le valutazioni del caso.<\/p>\n<p>Alle 12.20 \u00e8 poi scattato l&#8217;allarme a seguito della segnalazione di alcune persone, che dal Rifugio Settimo Alpini avevano sentito delle grida di aiuto provenire dalla zona di Forcella Pis Pilon. Una volta sul posto, l&#8217;eliambulanza ha presto individuato un uomo, che, persa la traccia del sentiero numero 505, aveva iniziato a salire, fino a bloccarsi in un ripido tratto tra le rocce. Recuperato dal tecnico di elisoccorso con un verricello di 20 metri, V.N., 26 anni, di Belluno, \u00e8 stato portato a valle. Pronto a intervenire il Soccorso alpino di Belluno.<\/p>\n<p>Val di Zoldo (BL), 27 &#8211; 10 &#8211; 19\u00a0 \u00a0Alle 15.15 circa il Soccorso alpino della Val di Zoldo \u00e8 stato allertato dalla Centrale del 118, per intervenire in supporto all&#8217;ambulanza in aiuto di un uomo che, scivolato sulle foglie, era ruzzolato per una trentina di metri, riportando escoriazioni su gambe e braccia e un sospetto trauma cranico. L&#8217;uomo stava scendendo in auto con la moglie da Cibiana di Cadore verzo Val di Zoldo, quando, fermatosi per fare una passeggiata con il cane lungo una carrareccia laterale sopra Ciamber, era caduto in un punto ripido. Raggiunto da una squadra e dal personale dell&#8217;ambulanza dopo essere stato geolocalizzato, M.B., 55 anni, di Bari, \u00e8 stato medicato, caricato in barella e trasportato per 200 metri fino al mezzo, partito poi in direzione dell&#8217;ospedale di Belluno.<\/p>\n<p>&nbsp;<\/p>","protected":false},"excerpt":{"rendered":"<p>Belluno, 27 &#8211; 10 &#8211; 19\u00a0 Questa mattina passate le 10 la Centrale del 118 \u00e8 stata allertata per un&#8217;escursionista che, colta da malore, era caduta a terra riportando una ferita alla testa, mentre con altre tre persone percorreva il sentiero numero 24 sul Settsass, nel comune di Livinallongo del Col di Lana. L&#8217;elicottero del [&hellip;]<\/p>\n","protected":false},"author":2,"featured_media":0,"comment_status":"closed","ping_status":"open","sticky":false,"template":"","format":"standard","meta":{"footnotes":""},"categories":[5,26],"tags":[],"class_list":["post-109117","post","type-post","status-publish","format-standard","category-cronaca","category-prima-pagina"],"yoast_head":"<!-- This site is optimized with the Yoast SEO plugin v28.4 - https:\/\/yoast.com\/product\/yoast-seo-wordpress\/ -->\n<title>Tre interventi del Soccorso alpino - Bellunopress - Dolomiti<\/title>\n<meta name=\"robots\" content=\"index, follow, max-snippet:-1, max-image-preview:large, max-video-preview:-1\" \/>\n<link rel=\"canonical\" href=\"https:\/\/www.bellunopress.it\/fr\/2019\/10\/27\/tre-interventi-del-soccorso-alpino-5\/\" \/>\n<meta property=\"og:locale\" content=\"fr_FR\" \/>\n<meta property=\"og:type\" content=\"article\" \/>\n<meta property=\"og:title\" content=\"Tre interventi del Soccorso alpino - Bellunopress - Dolomiti\" \/>\n<meta property=\"og:description\" content=\"Belluno, 27 &#8211; 10 &#8211; 19\u00a0 Questa mattina passate le 10 la Centrale del 118 \u00e8 stata allertata per un&#8217;escursionista che, colta da malore, era caduta a terra riportando una ferita alla testa, mentre con altre tre persone percorreva il sentiero numero 24 sul Settsass, nel comune di Livinallongo del Col di Lana. L&#8217;elicottero del [&hellip;]\" \/>\n<meta property=\"og:url\" content=\"https:\/\/www.bellunopress.it\/fr\/2019\/10\/27\/tre-interventi-del-soccorso-alpino-5\/\" \/>\n<meta property=\"og:site_name\" content=\"Bellunopress - Dolomiti\" \/>\n<meta property=\"article:publisher\" content=\"https:\/\/www.facebook.com\/profile.php?id=100008943462799\" \/>\n<meta property=\"article:published_time\" content=\"2019-10-27T19:37:19+00:00\" \/>\n<meta property=\"og:image\" content=\"http:\/\/www.bellunopress.it\/wp-content\/uploads\/2018\/12\/suem-118.jpg\" \/>\n<meta name=\"author\" content=\"redazione\" \/>\n<meta name=\"twitter:card\" content=\"summary_large_image\" \/>\n<meta name=\"twitter:creator\" content=\"@bellunopress\" \/>\n<meta name=\"twitter:site\" content=\"@bellunopress\" \/>\n<meta name=\"twitter:label1\" content=\"\u00c9crit par\" \/>\n\t<meta name=\"twitter:data1\" content=\"redazione\" \/>\n\t<meta name=\"twitter:label2\" content=\"Dur\u00e9e de lecture estim\u00e9e\" \/>\n\t<meta name=\"twitter:data2\" content=\"2 minutes\" \/>\n<script type=\"application\/ld+json\" class=\"yoast-schema-graph\">{\"@context\":\"https:\\\/\\\/schema.org\",\"@graph\":[{\"@type\":\"Article\",\"@id\":\"https:\\\/\\\/www.bellunopress.it\\\/2019\\\/10\\\/27\\\/tre-interventi-del-soccorso-alpino-5\\\/#article\",\"isPartOf\":{\"@id\":\"https:\\\/\\\/www.bellunopress.it\\\/2019\\\/10\\\/27\\\/tre-interventi-del-soccorso-alpino-5\\\/\"},\"author\":{\"name\":\"redazione\",\"@id\":\"https:\\\/\\\/www.bellunopress.it\\\/#\\\/schema\\\/person\\\/79bb06722b37ece1c03d3e94beb30d73\"},\"headline\":\"Tre interventi del Soccorso alpino\",\"datePublished\":\"2019-10-27T19:37:19+00:00\",\"mainEntityOfPage\":{\"@id\":\"https:\\\/\\\/www.bellunopress.it\\\/2019\\\/10\\\/27\\\/tre-interventi-del-soccorso-alpino-5\\\/\"},\"wordCount\":321,\"publisher\":{\"@id\":\"https:\\\/\\\/www.bellunopress.it\\\/#organization\"},\"image\":{\"@id\":\"https:\\\/\\\/www.bellunopress.it\\\/2019\\\/10\\\/27\\\/tre-interventi-del-soccorso-alpino-5\\\/#primaryimage\"},\"thumbnailUrl\":\"http:\\\/\\\/www.bellunopress.it\\\/wp-content\\\/uploads\\\/2018\\\/12\\\/suem-118.jpg\",\"articleSection\":[\"Cronaca\\\/Politica\",\"Prima Pagina\"],\"inLanguage\":\"fr-FR\"},{\"@type\":\"WebPage\",\"@id\":\"https:\\\/\\\/www.bellunopress.it\\\/2019\\\/10\\\/27\\\/tre-interventi-del-soccorso-alpino-5\\\/\",\"url\":\"https:\\\/\\\/www.bellunopress.it\\\/2019\\\/10\\\/27\\\/tre-interventi-del-soccorso-alpino-5\\\/\",\"name\":\"Tre interventi del Soccorso alpino - Bellunopress - Dolomiti\",\"isPartOf\":{\"@id\":\"https:\\\/\\\/www.bellunopress.it\\\/#website\"},\"primaryImageOfPage\":{\"@id\":\"https:\\\/\\\/www.bellunopress.it\\\/2019\\\/10\\\/27\\\/tre-interventi-del-soccorso-alpino-5\\\/#primaryimage\"},\"image\":{\"@id\":\"https:\\\/\\\/www.bellunopress.it\\\/2019\\\/10\\\/27\\\/tre-interventi-del-soccorso-alpino-5\\\/#primaryimage\"},\"thumbnailUrl\":\"http:\\\/\\\/www.bellunopress.it\\\/wp-content\\\/uploads\\\/2018\\\/12\\\/suem-118.jpg\",\"datePublished\":\"2019-10-27T19:37:19+00:00\",\"breadcrumb\":{\"@id\":\"https:\\\/\\\/www.bellunopress.it\\\/2019\\\/10\\\/27\\\/tre-interventi-del-soccorso-alpino-5\\\/#breadcrumb\"},\"inLanguage\":\"fr-FR\",\"potentialAction\":[{\"@type\":\"ReadAction\",\"target\":[\"https:\\\/\\\/www.bellunopress.it\\\/2019\\\/10\\\/27\\\/tre-interventi-del-soccorso-alpino-5\\\/\"]}]},{\"@type\":\"ImageObject\",\"inLanguage\":\"fr-FR\",\"@id\":\"https:\\\/\\\/www.bellunopress.it\\\/2019\\\/10\\\/27\\\/tre-interventi-del-soccorso-alpino-5\\\/#primaryimage\",\"url\":\"http:\\\/\\\/www.bellunopress.it\\\/wp-content\\\/uploads\\\/2018\\\/12\\\/suem-118.jpg\",\"contentUrl\":\"http:\\\/\\\/www.bellunopress.it\\\/wp-content\\\/uploads\\\/2018\\\/12\\\/suem-118.jpg\"},{\"@type\":\"BreadcrumbList\",\"@id\":\"https:\\\/\\\/www.bellunopress.it\\\/2019\\\/10\\\/27\\\/tre-interventi-del-soccorso-alpino-5\\\/#breadcrumb\",\"itemListElement\":[{\"@type\":\"ListItem\",\"position\":1,\"name\":\"Home\",\"item\":\"https:\\\/\\\/www.bellunopress.it\\\/\"},{\"@type\":\"ListItem\",\"position\":2,\"name\":\"Tre interventi del Soccorso alpino\"}]},{\"@type\":\"WebSite\",\"@id\":\"https:\\\/\\\/www.bellunopress.it\\\/#website\",\"url\":\"https:\\\/\\\/www.bellunopress.it\\\/\",\"name\":\"Bellunopress - Dolomiti\",\"description\":\"e-mail: redazione@bellunopress.it\",\"publisher\":{\"@id\":\"https:\\\/\\\/www.bellunopress.it\\\/#organization\"},\"potentialAction\":[{\"@type\":\"SearchAction\",\"target\":{\"@type\":\"EntryPoint\",\"urlTemplate\":\"https:\\\/\\\/www.bellunopress.it\\\/?s={search_term_string}\"},\"query-input\":{\"@type\":\"PropertyValueSpecification\",\"valueRequired\":true,\"valueName\":\"search_term_string\"}}],\"inLanguage\":\"fr-FR\"},{\"@type\":\"Organization\",\"@id\":\"https:\\\/\\\/www.bellunopress.it\\\/#organization\",\"name\":\"Bellunopress\",\"url\":\"https:\\\/\\\/www.bellunopress.it\\\/\",\"logo\":{\"@type\":\"ImageObject\",\"inLanguage\":\"fr-FR\",\"@id\":\"https:\\\/\\\/www.bellunopress.it\\\/#\\\/schema\\\/logo\\\/image\\\/\",\"url\":\"https:\\\/\\\/www.bellunopress.it\\\/wp-content\\\/uploads\\\/2011\\\/05\\\/cropped-logo-bellunopress-.jpg\",\"contentUrl\":\"https:\\\/\\\/www.bellunopress.it\\\/wp-content\\\/uploads\\\/2011\\\/05\\\/cropped-logo-bellunopress-.jpg\",\"width\":512,\"height\":512,\"caption\":\"Bellunopress\"},\"image\":{\"@id\":\"https:\\\/\\\/www.bellunopress.it\\\/#\\\/schema\\\/logo\\\/image\\\/\"},\"sameAs\":[\"https:\\\/\\\/www.facebook.com\\\/profile.php?id=100008943462799\",\"https:\\\/\\\/x.com\\\/bellunopress\",\"https:\\\/\\\/www.linkedin.com\\\/hp\\\/?dnr=JBzUWaJfMUw8vbXJJ2tVW5-I3jZKvC4wsoxE&amp;amp;amp;amp;amp;amp;trk=nav_responsive_tab_home\",\"https:\\\/\\\/www.youtube.com\\\/channel\\\/UCxL0wu1uN0_3_7hGG0306cw\"]},{\"@type\":\"Person\",\"@id\":\"https:\\\/\\\/www.bellunopress.it\\\/#\\\/schema\\\/person\\\/79bb06722b37ece1c03d3e94beb30d73\",\"name\":\"redazione\",\"image\":{\"@type\":\"ImageObject\",\"inLanguage\":\"fr-FR\",\"@id\":\"https:\\\/\\\/secure.gravatar.com\\\/avatar\\\/37d968a2e67a6fd04c169c4bdef102d0bc5d31b2546345219e348575eb80e9a0?s=96&d=mm&r=g\",\"url\":\"https:\\\/\\\/secure.gravatar.com\\\/avatar\\\/37d968a2e67a6fd04c169c4bdef102d0bc5d31b2546345219e348575eb80e9a0?s=96&d=mm&r=g\",\"contentUrl\":\"https:\\\/\\\/secure.gravatar.com\\\/avatar\\\/37d968a2e67a6fd04c169c4bdef102d0bc5d31b2546345219e348575eb80e9a0?s=96&d=mm&r=g\",\"caption\":\"redazione\"},\"sameAs\":[\"http:\\\/\\\/www.bellunopress.it\",\"https:\\\/\\\/x.com\\\/bellunopress\"],\"url\":\"https:\\\/\\\/www.bellunopress.it\\\/fr\\\/author\\\/redazione\\\/\"}]}<\/script>\n<!-- \/ Yoast SEO plugin. -->","yoast_head_json":{"title":"Tre interventi del Soccorso alpino - Bellunopress - Dolomiti","robots":{"index":"index","follow":"follow","max-snippet":"max-snippet:-1","max-image-preview":"max-image-preview:large","max-video-preview":"max-video-preview:-1"},"canonical":"https:\/\/www.bellunopress.it\/fr\/2019\/10\/27\/tre-interventi-del-soccorso-alpino-5\/","og_locale":"fr_FR","og_type":"article","og_title":"Tre interventi del Soccorso alpino - Bellunopress - Dolomiti","og_description":"Belluno, 27 &#8211; 10 &#8211; 19\u00a0 Questa mattina passate le 10 la Centrale del 118 \u00e8 stata allertata per un&#8217;escursionista che, colta da malore, era caduta a terra riportando una ferita alla testa, mentre con altre tre persone percorreva il sentiero numero 24 sul Settsass, nel comune di Livinallongo del Col di Lana. L&#8217;elicottero del [&hellip;]","og_url":"https:\/\/www.bellunopress.it\/fr\/2019\/10\/27\/tre-interventi-del-soccorso-alpino-5\/","og_site_name":"Bellunopress - Dolomiti","article_publisher":"https:\/\/www.facebook.com\/profile.php?id=100008943462799","article_published_time":"2019-10-27T19:37:19+00:00","og_image":[{"url":"http:\/\/www.bellunopress.it\/wp-content\/uploads\/2018\/12\/suem-118.jpg","type":"","width":"","height":""}],"author":"redazione","twitter_card":"summary_large_image","twitter_creator":"@bellunopress","twitter_site":"@bellunopress","twitter_misc":{"\u00c9crit par":"redazione","Dur\u00e9e de lecture estim\u00e9e":"2 minutes"},"schema":{"@context":"https:\/\/schema.org","@graph":[{"@type":"Article","@id":"https:\/\/www.bellunopress.it\/2019\/10\/27\/tre-interventi-del-soccorso-alpino-5\/#article","isPartOf":{"@id":"https:\/\/www.bellunopress.it\/2019\/10\/27\/tre-interventi-del-soccorso-alpino-5\/"},"author":{"name":"redazione","@id":"https:\/\/www.bellunopress.it\/#\/schema\/person\/79bb06722b37ece1c03d3e94beb30d73"},"headline":"Tre interventi del Soccorso alpino","datePublished":"2019-10-27T19:37:19+00:00","mainEntityOfPage":{"@id":"https:\/\/www.bellunopress.it\/2019\/10\/27\/tre-interventi-del-soccorso-alpino-5\/"},"wordCount":321,"publisher":{"@id":"https:\/\/www.bellunopress.it\/#organization"},"image":{"@id":"https:\/\/www.bellunopress.it\/2019\/10\/27\/tre-interventi-del-soccorso-alpino-5\/#primaryimage"},"thumbnailUrl":"http:\/\/www.bellunopress.it\/wp-content\/uploads\/2018\/12\/suem-118.jpg","articleSection":["Cronaca\/Politica","Prima Pagina"],"inLanguage":"fr-FR"},{"@type":"WebPage","@id":"https:\/\/www.bellunopress.it\/2019\/10\/27\/tre-interventi-del-soccorso-alpino-5\/","url":"https:\/\/www.bellunopress.it\/2019\/10\/27\/tre-interventi-del-soccorso-alpino-5\/","name":"Tre interventi del Soccorso alpino - Bellunopress - Dolomiti","isPartOf":{"@id":"https:\/\/www.bellunopress.it\/#website"},"primaryImageOfPage":{"@id":"https:\/\/www.bellunopress.it\/2019\/10\/27\/tre-interventi-del-soccorso-alpino-5\/#primaryimage"},"image":{"@id":"https:\/\/www.bellunopress.it\/2019\/10\/27\/tre-interventi-del-soccorso-alpino-5\/#primaryimage"},"thumbnailUrl":"http:\/\/www.bellunopress.it\/wp-content\/uploads\/2018\/12\/suem-118.jpg","datePublished":"2019-10-27T19:37:19+00:00","breadcrumb":{"@id":"https:\/\/www.bellunopress.it\/2019\/10\/27\/tre-interventi-del-soccorso-alpino-5\/#breadcrumb"},"inLanguage":"fr-FR","potentialAction":[{"@type":"ReadAction","target":["https:\/\/www.bellunopress.it\/2019\/10\/27\/tre-interventi-del-soccorso-alpino-5\/"]}]},{"@type":"ImageObject","inLanguage":"fr-FR","@id":"https:\/\/www.bellunopress.it\/2019\/10\/27\/tre-interventi-del-soccorso-alpino-5\/#primaryimage","url":"http:\/\/www.bellunopress.it\/wp-content\/uploads\/2018\/12\/suem-118.jpg","contentUrl":"http:\/\/www.bellunopress.it\/wp-content\/uploads\/2018\/12\/suem-118.jpg"},{"@type":"BreadcrumbList","@id":"https:\/\/www.bellunopress.it\/2019\/10\/27\/tre-interventi-del-soccorso-alpino-5\/#breadcrumb","itemListElement":[{"@type":"ListItem","position":1,"name":"Home","item":"https:\/\/www.bellunopress.it\/"},{"@type":"ListItem","position":2,"name":"Tre interventi del Soccorso alpino"}]},{"@type":"WebSite","@id":"https:\/\/www.bellunopress.it\/#website","url":"https:\/\/www.bellunopress.it\/","name":"Bellunopress - Dolomiti","description":"e-mail: redazione@bellunopress.it","publisher":{"@id":"https:\/\/www.bellunopress.it\/#organization"},"potentialAction":[{"@type":"SearchAction","target":{"@type":"EntryPoint","urlTemplate":"https:\/\/www.bellunopress.it\/?s={search_term_string}"},"query-input":{"@type":"PropertyValueSpecification","valueRequired":true,"valueName":"search_term_string"}}],"inLanguage":"fr-FR"},{"@type":"Organization","@id":"https:\/\/www.bellunopress.it\/#organization","name":"Bellunopress","url":"https:\/\/www.bellunopress.it\/","logo":{"@type":"ImageObject","inLanguage":"fr-FR","@id":"https:\/\/www.bellunopress.it\/#\/schema\/logo\/image\/","url":"https:\/\/www.bellunopress.it\/wp-content\/uploads\/2011\/05\/cropped-logo-bellunopress-.jpg","contentUrl":"https:\/\/www.bellunopress.it\/wp-content\/uploads\/2011\/05\/cropped-logo-bellunopress-.jpg","width":512,"height":512,"caption":"Bellunopress"},"image":{"@id":"https:\/\/www.bellunopress.it\/#\/schema\/logo\/image\/"},"sameAs":["https:\/\/www.facebook.com\/profile.php?id=100008943462799","https:\/\/x.com\/bellunopress","https:\/\/www.linkedin.com\/hp\/?dnr=JBzUWaJfMUw8vbXJJ2tVW5-I3jZKvC4wsoxE&amp;amp;amp;amp;amp;amp;trk=nav_responsive_tab_home","https:\/\/www.youtube.com\/channel\/UCxL0wu1uN0_3_7hGG0306cw"]},{"@type":"Person","@id":"https:\/\/www.bellunopress.it\/#\/schema\/person\/79bb06722b37ece1c03d3e94beb30d73","name":"r\u00e9daction","image":{"@type":"ImageObject","inLanguage":"fr-FR","@id":"https:\/\/secure.gravatar.com\/avatar\/37d968a2e67a6fd04c169c4bdef102d0bc5d31b2546345219e348575eb80e9a0?s=96&d=mm&r=g","url":"https:\/\/secure.gravatar.com\/avatar\/37d968a2e67a6fd04c169c4bdef102d0bc5d31b2546345219e348575eb80e9a0?s=96&d=mm&r=g","contentUrl":"https:\/\/secure.gravatar.com\/avatar\/37d968a2e67a6fd04c169c4bdef102d0bc5d31b2546345219e348575eb80e9a0?s=96&d=mm&r=g","caption":"redazione"},"sameAs":["http:\/\/www.bellunopress.it","https:\/\/x.com\/bellunopress"],"url":"https:\/\/www.bellunopress.it\/fr\/author\/redazione\/"}]}},"_links":{"self":[{"href":"https:\/\/www.bellunopress.it\/fr\/wp-json\/wp\/v2\/posts\/109117","targetHints":{"allow":["GET"]}}],"collection":[{"href":"https:\/\/www.bellunopress.it\/fr\/wp-json\/wp\/v2\/posts"}],"about":[{"href":"https:\/\/www.bellunopress.it\/fr\/wp-json\/wp\/v2\/types\/post"}],"author":[{"embeddable":true,"href":"https:\/\/www.bellunopress.it\/fr\/wp-json\/wp\/v2\/users\/2"}],"replies":[{"embeddable":true,"href":"https:\/\/www.bellunopress.it\/fr\/wp-json\/wp\/v2\/comments?post=109117"}],"version-history":[{"count":1,"href":"https:\/\/www.bellunopress.it\/fr\/wp-json\/wp\/v2\/posts\/109117\/revisions"}],"predecessor-version":[{"id":109118,"href":"https:\/\/www.bellunopress.it\/fr\/wp-json\/wp\/v2\/posts\/109117\/revisions\/109118"}],"wp:attachment":[{"href":"https:\/\/www.bellunopress.it\/fr\/wp-json\/wp\/v2\/media?parent=109117"}],"wp:term":[{"taxonomy":"category","embeddable":true,"href":"https:\/\/www.bellunopress.it\/fr\/wp-json\/wp\/v2\/categories?post=109117"},{"taxonomy":"post_tag","embeddable":true,"href":"https:\/\/www.bellunopress.it\/fr\/wp-json\/wp\/v2\/tags?post=109117"}],"curies":[{"name":"wp","href":"https:\/\/api.w.org\/{rel}","templated":true}]}}