{"id":109108,"date":"2019-10-26T20:46:55","date_gmt":"2019-10-26T18:46:55","guid":{"rendered":"http:\/\/www.bellunopress.it\/?p=109108"},"modified":"2019-10-26T20:46:55","modified_gmt":"2019-10-26T18:46:55","slug":"assicurazione-automezzi-la-provincia-conferma-i-contributi-per-il-volontariato-di-protezione-civile","status":"publish","type":"post","link":"https:\/\/www.bellunopress.it\/fr\/2019\/10\/26\/assicurazione-automezzi-la-provincia-conferma-i-contributi-per-il-volontariato-di-protezione-civile\/","title":{"rendered":"Assicurazione automezzi. La Provincia conferma i contributi per il volontariato di protezione civile"},"content":{"rendered":"<figure id=\"attachment_1866\" aria-describedby=\"caption-attachment-1866\" style=\"width: 270px\" class=\"wp-caption alignleft\"><a href=\"http:\/\/www.bellunopress.it\/fr\/2011\/01\/11\/palazzo-piloni-vota-a-favore-del-passaggio-della-provincia-di-belluno-nel-trentino-alto-adige-bottacin-%c2%abnon-confondete-i-cittadini-sara-un-iter-molto-lungo-e-difficile%c2%bb\/palazzo-piloni-sede-provincia\/\" rel=\"attachment wp-att-1866\"><img loading=\"lazy\" decoding=\"async\" class=\"size-full wp-image-1866\" src=\"http:\/\/www.bellunopress.it\/wp-content\/uploads\/2009\/03\/palazzo-piloni-sede-provincia.jpg\" alt=\"\" width=\"270\" height=\"180\" \/><\/a><figcaption id=\"caption-attachment-1866\" class=\"wp-caption-text\">Palazzo Piloni sede della Provincia<\/figcaption><\/figure>\n<p>La Provincia di Belluno assicura anche quest\u2019anno il suo grazie ai volontari di Protezione Civile. E lo sostanzia di risorse sonanti per andare incontro alle esigenze pratiche che ogni associazione si trova a dover affrontare. Confermati quindi anche per il 2019 i contributi alle spese sostenute per l\u2019assicurazione degli automezzi in dotazione. Si tratta di un\u2019azione che la Provincia porta avanti dal 2007.<br \/>\nPer quest\u2019anno la cifra messa a disposizione ammonta a 33.000 euro e verr\u00e0 ripartita tra le associazioni che ne faranno richiesta, in proporzione ai premi assicurativi effettivamente pagati, secondo i criteri previsti dal bando emesso dalla Provincia.<\/p>\n<p>Negli ultimi anni il contributo ha coperto all\u2019incirca il 70 per cento delle spese sostenute dai volontari per l\u2019assicurazione dei mezzi. Nel 2018, ad esempio, la Provincia ha ricevuto domande di rimborso per circa 47.400 euro, da 17 delle 32 associazioni di Protezione Civile presenti sul territorio provinciale (che complessivamente contano circa 2mila volontari).<\/p>\n<p>Possono richiedere il contributo esclusivamente le associazioni con sede nel territorio provinciale e iscritte all&#8217;Albo Regionale del Volontariato di Protezione Civile che nel 2019 non abbiano beneficiato di contributi (esclusi i rimborsi spese) derivanti da specifiche convenzioni con l&#8217;amministrazione provinciale. Saranno ammesse a contributo solo le domande riguardanti automezzi (compresi anche i carrelli, i rimorchi e gli altri mezzi a motore destinati ad attivit\u00e0 di protezione civile) per cui \u00e8 richiesta ai sensi di legge la stipula di una polizza assicurativa per responsabilit\u00e0 civile. Ovviamente, deve trattarsi di automezzi di propriet\u00e0 o in legittimo possesso dell&#8217;associazione. Il termine ultimo per presentare le domande di contributo \u00e8 fissato per luned\u00ec 11 novembre.<\/p>","protected":false},"excerpt":{"rendered":"<p>La Provincia di Belluno assicura anche quest\u2019anno il suo grazie ai volontari di Protezione Civile. E lo sostanzia di risorse sonanti per andare incontro alle esigenze pratiche che ogni associazione si trova a dover affrontare. Confermati quindi anche per il 2019 i contributi alle spese sostenute per l\u2019assicurazione degli automezzi in dotazione. Si tratta di [&hellip;]<\/p>\n","protected":false},"author":2,"featured_media":0,"comment_status":"closed","ping_status":"open","sticky":false,"template":"","format":"standard","meta":{"footnotes":""},"categories":[5,26,8],"tags":[],"class_list":["post-109108","post","type-post","status-publish","format-standard","category-cronaca","category-prima-pagina","category-societa-istituzioni"],"yoast_head":"<!-- This site is optimized with the Yoast SEO plugin v28.4 - https:\/\/yoast.com\/product\/yoast-seo-wordpress\/ -->\n<title>Assicurazione automezzi. La Provincia conferma i contributi per il volontariato di protezione civile - Bellunopress - Dolomiti<\/title>\n<meta name=\"robots\" content=\"index, follow, max-snippet:-1, max-image-preview:large, max-video-preview:-1\" \/>\n<link rel=\"canonical\" href=\"https:\/\/www.bellunopress.it\/fr\/2019\/10\/26\/assicurazione-automezzi-la-provincia-conferma-i-contributi-per-il-volontariato-di-protezione-civile\/\" \/>\n<meta property=\"og:locale\" content=\"fr_FR\" \/>\n<meta property=\"og:type\" content=\"article\" \/>\n<meta property=\"og:title\" content=\"Assicurazione automezzi. La Provincia conferma i contributi per il volontariato di protezione civile - Bellunopress - Dolomiti\" \/>\n<meta property=\"og:description\" content=\"La Provincia di Belluno assicura anche quest\u2019anno il suo grazie ai volontari di Protezione Civile. E lo sostanzia di risorse sonanti per andare incontro alle esigenze pratiche che ogni associazione si trova a dover affrontare. Confermati quindi anche per il 2019 i contributi alle spese sostenute per l\u2019assicurazione degli automezzi in dotazione. Si tratta di [&hellip;]\" \/>\n<meta property=\"og:url\" content=\"https:\/\/www.bellunopress.it\/fr\/2019\/10\/26\/assicurazione-automezzi-la-provincia-conferma-i-contributi-per-il-volontariato-di-protezione-civile\/\" \/>\n<meta property=\"og:site_name\" content=\"Bellunopress - Dolomiti\" \/>\n<meta property=\"article:publisher\" content=\"https:\/\/www.facebook.com\/profile.php?id=100008943462799\" \/>\n<meta property=\"article:published_time\" content=\"2019-10-26T18:46:55+00:00\" \/>\n<meta property=\"og:image\" content=\"http:\/\/www.bellunopress.it\/wp-content\/uploads\/2009\/03\/palazzo-piloni-sede-provincia.jpg\" \/>\n<meta name=\"author\" content=\"redazione\" \/>\n<meta name=\"twitter:card\" content=\"summary_large_image\" \/>\n<meta name=\"twitter:creator\" content=\"@bellunopress\" \/>\n<meta name=\"twitter:site\" content=\"@bellunopress\" \/>\n<meta name=\"twitter:label1\" content=\"\u00c9crit par\" \/>\n\t<meta name=\"twitter:data1\" content=\"redazione\" \/>\n\t<meta name=\"twitter:label2\" content=\"Dur\u00e9e de lecture estim\u00e9e\" \/>\n\t<meta name=\"twitter:data2\" content=\"1 minute\" \/>\n<script type=\"application\/ld+json\" class=\"yoast-schema-graph\">{\"@context\":\"https:\\\/\\\/schema.org\",\"@graph\":[{\"@type\":\"Article\",\"@id\":\"https:\\\/\\\/www.bellunopress.it\\\/2019\\\/10\\\/26\\\/assicurazione-automezzi-la-provincia-conferma-i-contributi-per-il-volontariato-di-protezione-civile\\\/#article\",\"isPartOf\":{\"@id\":\"https:\\\/\\\/www.bellunopress.it\\\/2019\\\/10\\\/26\\\/assicurazione-automezzi-la-provincia-conferma-i-contributi-per-il-volontariato-di-protezione-civile\\\/\"},\"author\":{\"name\":\"redazione\",\"@id\":\"https:\\\/\\\/www.bellunopress.it\\\/#\\\/schema\\\/person\\\/79bb06722b37ece1c03d3e94beb30d73\"},\"headline\":\"Assicurazione automezzi. La Provincia conferma i contributi per il volontariato di protezione civile\",\"datePublished\":\"2019-10-26T18:46:55+00:00\",\"mainEntityOfPage\":{\"@id\":\"https:\\\/\\\/www.bellunopress.it\\\/2019\\\/10\\\/26\\\/assicurazione-automezzi-la-provincia-conferma-i-contributi-per-il-volontariato-di-protezione-civile\\\/\"},\"wordCount\":287,\"publisher\":{\"@id\":\"https:\\\/\\\/www.bellunopress.it\\\/#organization\"},\"image\":{\"@id\":\"https:\\\/\\\/www.bellunopress.it\\\/2019\\\/10\\\/26\\\/assicurazione-automezzi-la-provincia-conferma-i-contributi-per-il-volontariato-di-protezione-civile\\\/#primaryimage\"},\"thumbnailUrl\":\"http:\\\/\\\/www.bellunopress.it\\\/wp-content\\\/uploads\\\/2009\\\/03\\\/palazzo-piloni-sede-provincia.jpg\",\"articleSection\":[\"Cronaca\\\/Politica\",\"Prima Pagina\",\"Societ\u00e0, Associazioni, Istituzioni\"],\"inLanguage\":\"fr-FR\"},{\"@type\":\"WebPage\",\"@id\":\"https:\\\/\\\/www.bellunopress.it\\\/2019\\\/10\\\/26\\\/assicurazione-automezzi-la-provincia-conferma-i-contributi-per-il-volontariato-di-protezione-civile\\\/\",\"url\":\"https:\\\/\\\/www.bellunopress.it\\\/2019\\\/10\\\/26\\\/assicurazione-automezzi-la-provincia-conferma-i-contributi-per-il-volontariato-di-protezione-civile\\\/\",\"name\":\"Assicurazione automezzi. La Provincia conferma i contributi per il volontariato di protezione civile - Bellunopress - Dolomiti\",\"isPartOf\":{\"@id\":\"https:\\\/\\\/www.bellunopress.it\\\/#website\"},\"primaryImageOfPage\":{\"@id\":\"https:\\\/\\\/www.bellunopress.it\\\/2019\\\/10\\\/26\\\/assicurazione-automezzi-la-provincia-conferma-i-contributi-per-il-volontariato-di-protezione-civile\\\/#primaryimage\"},\"image\":{\"@id\":\"https:\\\/\\\/www.bellunopress.it\\\/2019\\\/10\\\/26\\\/assicurazione-automezzi-la-provincia-conferma-i-contributi-per-il-volontariato-di-protezione-civile\\\/#primaryimage\"},\"thumbnailUrl\":\"http:\\\/\\\/www.bellunopress.it\\\/wp-content\\\/uploads\\\/2009\\\/03\\\/palazzo-piloni-sede-provincia.jpg\",\"datePublished\":\"2019-10-26T18:46:55+00:00\",\"breadcrumb\":{\"@id\":\"https:\\\/\\\/www.bellunopress.it\\\/2019\\\/10\\\/26\\\/assicurazione-automezzi-la-provincia-conferma-i-contributi-per-il-volontariato-di-protezione-civile\\\/#breadcrumb\"},\"inLanguage\":\"fr-FR\",\"potentialAction\":[{\"@type\":\"ReadAction\",\"target\":[\"https:\\\/\\\/www.bellunopress.it\\\/2019\\\/10\\\/26\\\/assicurazione-automezzi-la-provincia-conferma-i-contributi-per-il-volontariato-di-protezione-civile\\\/\"]}]},{\"@type\":\"ImageObject\",\"inLanguage\":\"fr-FR\",\"@id\":\"https:\\\/\\\/www.bellunopress.it\\\/2019\\\/10\\\/26\\\/assicurazione-automezzi-la-provincia-conferma-i-contributi-per-il-volontariato-di-protezione-civile\\\/#primaryimage\",\"url\":\"http:\\\/\\\/www.bellunopress.it\\\/wp-content\\\/uploads\\\/2009\\\/03\\\/palazzo-piloni-sede-provincia.jpg\",\"contentUrl\":\"http:\\\/\\\/www.bellunopress.it\\\/wp-content\\\/uploads\\\/2009\\\/03\\\/palazzo-piloni-sede-provincia.jpg\"},{\"@type\":\"BreadcrumbList\",\"@id\":\"https:\\\/\\\/www.bellunopress.it\\\/2019\\\/10\\\/26\\\/assicurazione-automezzi-la-provincia-conferma-i-contributi-per-il-volontariato-di-protezione-civile\\\/#breadcrumb\",\"itemListElement\":[{\"@type\":\"ListItem\",\"position\":1,\"name\":\"Home\",\"item\":\"https:\\\/\\\/www.bellunopress.it\\\/\"},{\"@type\":\"ListItem\",\"position\":2,\"name\":\"Assicurazione automezzi. La Provincia conferma i contributi per il volontariato di protezione civile\"}]},{\"@type\":\"WebSite\",\"@id\":\"https:\\\/\\\/www.bellunopress.it\\\/#website\",\"url\":\"https:\\\/\\\/www.bellunopress.it\\\/\",\"name\":\"Bellunopress - Dolomiti\",\"description\":\"e-mail: redazione@bellunopress.it\",\"publisher\":{\"@id\":\"https:\\\/\\\/www.bellunopress.it\\\/#organization\"},\"potentialAction\":[{\"@type\":\"SearchAction\",\"target\":{\"@type\":\"EntryPoint\",\"urlTemplate\":\"https:\\\/\\\/www.bellunopress.it\\\/?s={search_term_string}\"},\"query-input\":{\"@type\":\"PropertyValueSpecification\",\"valueRequired\":true,\"valueName\":\"search_term_string\"}}],\"inLanguage\":\"fr-FR\"},{\"@type\":\"Organization\",\"@id\":\"https:\\\/\\\/www.bellunopress.it\\\/#organization\",\"name\":\"Bellunopress\",\"url\":\"https:\\\/\\\/www.bellunopress.it\\\/\",\"logo\":{\"@type\":\"ImageObject\",\"inLanguage\":\"fr-FR\",\"@id\":\"https:\\\/\\\/www.bellunopress.it\\\/#\\\/schema\\\/logo\\\/image\\\/\",\"url\":\"https:\\\/\\\/www.bellunopress.it\\\/wp-content\\\/uploads\\\/2011\\\/05\\\/cropped-logo-bellunopress-.jpg\",\"contentUrl\":\"https:\\\/\\\/www.bellunopress.it\\\/wp-content\\\/uploads\\\/2011\\\/05\\\/cropped-logo-bellunopress-.jpg\",\"width\":512,\"height\":512,\"caption\":\"Bellunopress\"},\"image\":{\"@id\":\"https:\\\/\\\/www.bellunopress.it\\\/#\\\/schema\\\/logo\\\/image\\\/\"},\"sameAs\":[\"https:\\\/\\\/www.facebook.com\\\/profile.php?id=100008943462799\",\"https:\\\/\\\/x.com\\\/bellunopress\",\"https:\\\/\\\/www.linkedin.com\\\/hp\\\/?dnr=JBzUWaJfMUw8vbXJJ2tVW5-I3jZKvC4wsoxE&amp;amp;amp;amp;amp;amp;trk=nav_responsive_tab_home\",\"https:\\\/\\\/www.youtube.com\\\/channel\\\/UCxL0wu1uN0_3_7hGG0306cw\"]},{\"@type\":\"Person\",\"@id\":\"https:\\\/\\\/www.bellunopress.it\\\/#\\\/schema\\\/person\\\/79bb06722b37ece1c03d3e94beb30d73\",\"name\":\"redazione\",\"image\":{\"@type\":\"ImageObject\",\"inLanguage\":\"fr-FR\",\"@id\":\"https:\\\/\\\/secure.gravatar.com\\\/avatar\\\/37d968a2e67a6fd04c169c4bdef102d0bc5d31b2546345219e348575eb80e9a0?s=96&d=mm&r=g\",\"url\":\"https:\\\/\\\/secure.gravatar.com\\\/avatar\\\/37d968a2e67a6fd04c169c4bdef102d0bc5d31b2546345219e348575eb80e9a0?s=96&d=mm&r=g\",\"contentUrl\":\"https:\\\/\\\/secure.gravatar.com\\\/avatar\\\/37d968a2e67a6fd04c169c4bdef102d0bc5d31b2546345219e348575eb80e9a0?s=96&d=mm&r=g\",\"caption\":\"redazione\"},\"sameAs\":[\"http:\\\/\\\/www.bellunopress.it\",\"https:\\\/\\\/x.com\\\/bellunopress\"],\"url\":\"https:\\\/\\\/www.bellunopress.it\\\/fr\\\/author\\\/redazione\\\/\"}]}<\/script>\n<!-- \/ Yoast SEO plugin. -->","yoast_head_json":{"title":"Assicurazione automezzi. La Provincia conferma i contributi per il volontariato di protezione civile - Bellunopress - Dolomiti","robots":{"index":"index","follow":"follow","max-snippet":"max-snippet:-1","max-image-preview":"max-image-preview:large","max-video-preview":"max-video-preview:-1"},"canonical":"https:\/\/www.bellunopress.it\/fr\/2019\/10\/26\/assicurazione-automezzi-la-provincia-conferma-i-contributi-per-il-volontariato-di-protezione-civile\/","og_locale":"fr_FR","og_type":"article","og_title":"Assicurazione automezzi. La Provincia conferma i contributi per il volontariato di protezione civile - Bellunopress - Dolomiti","og_description":"La Provincia di Belluno assicura anche quest\u2019anno il suo grazie ai volontari di Protezione Civile. E lo sostanzia di risorse sonanti per andare incontro alle esigenze pratiche che ogni associazione si trova a dover affrontare. Confermati quindi anche per il 2019 i contributi alle spese sostenute per l\u2019assicurazione degli automezzi in dotazione. Si tratta di [&hellip;]","og_url":"https:\/\/www.bellunopress.it\/fr\/2019\/10\/26\/assicurazione-automezzi-la-provincia-conferma-i-contributi-per-il-volontariato-di-protezione-civile\/","og_site_name":"Bellunopress - Dolomiti","article_publisher":"https:\/\/www.facebook.com\/profile.php?id=100008943462799","article_published_time":"2019-10-26T18:46:55+00:00","og_image":[{"url":"http:\/\/www.bellunopress.it\/wp-content\/uploads\/2009\/03\/palazzo-piloni-sede-provincia.jpg","type":"","width":"","height":""}],"author":"redazione","twitter_card":"summary_large_image","twitter_creator":"@bellunopress","twitter_site":"@bellunopress","twitter_misc":{"\u00c9crit par":"redazione","Dur\u00e9e de lecture estim\u00e9e":"1 minute"},"schema":{"@context":"https:\/\/schema.org","@graph":[{"@type":"Article","@id":"https:\/\/www.bellunopress.it\/2019\/10\/26\/assicurazione-automezzi-la-provincia-conferma-i-contributi-per-il-volontariato-di-protezione-civile\/#article","isPartOf":{"@id":"https:\/\/www.bellunopress.it\/2019\/10\/26\/assicurazione-automezzi-la-provincia-conferma-i-contributi-per-il-volontariato-di-protezione-civile\/"},"author":{"name":"redazione","@id":"https:\/\/www.bellunopress.it\/#\/schema\/person\/79bb06722b37ece1c03d3e94beb30d73"},"headline":"Assicurazione automezzi. La Provincia conferma i contributi per il volontariato di protezione civile","datePublished":"2019-10-26T18:46:55+00:00","mainEntityOfPage":{"@id":"https:\/\/www.bellunopress.it\/2019\/10\/26\/assicurazione-automezzi-la-provincia-conferma-i-contributi-per-il-volontariato-di-protezione-civile\/"},"wordCount":287,"publisher":{"@id":"https:\/\/www.bellunopress.it\/#organization"},"image":{"@id":"https:\/\/www.bellunopress.it\/2019\/10\/26\/assicurazione-automezzi-la-provincia-conferma-i-contributi-per-il-volontariato-di-protezione-civile\/#primaryimage"},"thumbnailUrl":"http:\/\/www.bellunopress.it\/wp-content\/uploads\/2009\/03\/palazzo-piloni-sede-provincia.jpg","articleSection":["Cronaca\/Politica","Prima Pagina","Societ\u00e0, Associazioni, Istituzioni"],"inLanguage":"fr-FR"},{"@type":"WebPage","@id":"https:\/\/www.bellunopress.it\/2019\/10\/26\/assicurazione-automezzi-la-provincia-conferma-i-contributi-per-il-volontariato-di-protezione-civile\/","url":"https:\/\/www.bellunopress.it\/2019\/10\/26\/assicurazione-automezzi-la-provincia-conferma-i-contributi-per-il-volontariato-di-protezione-civile\/","name":"Assicurazione automezzi. La Provincia conferma i contributi per il volontariato di protezione civile - Bellunopress - Dolomiti","isPartOf":{"@id":"https:\/\/www.bellunopress.it\/#website"},"primaryImageOfPage":{"@id":"https:\/\/www.bellunopress.it\/2019\/10\/26\/assicurazione-automezzi-la-provincia-conferma-i-contributi-per-il-volontariato-di-protezione-civile\/#primaryimage"},"image":{"@id":"https:\/\/www.bellunopress.it\/2019\/10\/26\/assicurazione-automezzi-la-provincia-conferma-i-contributi-per-il-volontariato-di-protezione-civile\/#primaryimage"},"thumbnailUrl":"http:\/\/www.bellunopress.it\/wp-content\/uploads\/2009\/03\/palazzo-piloni-sede-provincia.jpg","datePublished":"2019-10-26T18:46:55+00:00","breadcrumb":{"@id":"https:\/\/www.bellunopress.it\/2019\/10\/26\/assicurazione-automezzi-la-provincia-conferma-i-contributi-per-il-volontariato-di-protezione-civile\/#breadcrumb"},"inLanguage":"fr-FR","potentialAction":[{"@type":"ReadAction","target":["https:\/\/www.bellunopress.it\/2019\/10\/26\/assicurazione-automezzi-la-provincia-conferma-i-contributi-per-il-volontariato-di-protezione-civile\/"]}]},{"@type":"ImageObject","inLanguage":"fr-FR","@id":"https:\/\/www.bellunopress.it\/2019\/10\/26\/assicurazione-automezzi-la-provincia-conferma-i-contributi-per-il-volontariato-di-protezione-civile\/#primaryimage","url":"http:\/\/www.bellunopress.it\/wp-content\/uploads\/2009\/03\/palazzo-piloni-sede-provincia.jpg","contentUrl":"http:\/\/www.bellunopress.it\/wp-content\/uploads\/2009\/03\/palazzo-piloni-sede-provincia.jpg"},{"@type":"BreadcrumbList","@id":"https:\/\/www.bellunopress.it\/2019\/10\/26\/assicurazione-automezzi-la-provincia-conferma-i-contributi-per-il-volontariato-di-protezione-civile\/#breadcrumb","itemListElement":[{"@type":"ListItem","position":1,"name":"Home","item":"https:\/\/www.bellunopress.it\/"},{"@type":"ListItem","position":2,"name":"Assicurazione automezzi. La Provincia conferma i contributi per il volontariato di protezione civile"}]},{"@type":"WebSite","@id":"https:\/\/www.bellunopress.it\/#website","url":"https:\/\/www.bellunopress.it\/","name":"Bellunopress - Dolomiti","description":"e-mail: redazione@bellunopress.it","publisher":{"@id":"https:\/\/www.bellunopress.it\/#organization"},"potentialAction":[{"@type":"SearchAction","target":{"@type":"EntryPoint","urlTemplate":"https:\/\/www.bellunopress.it\/?s={search_term_string}"},"query-input":{"@type":"PropertyValueSpecification","valueRequired":true,"valueName":"search_term_string"}}],"inLanguage":"fr-FR"},{"@type":"Organization","@id":"https:\/\/www.bellunopress.it\/#organization","name":"Bellunopress","url":"https:\/\/www.bellunopress.it\/","logo":{"@type":"ImageObject","inLanguage":"fr-FR","@id":"https:\/\/www.bellunopress.it\/#\/schema\/logo\/image\/","url":"https:\/\/www.bellunopress.it\/wp-content\/uploads\/2011\/05\/cropped-logo-bellunopress-.jpg","contentUrl":"https:\/\/www.bellunopress.it\/wp-content\/uploads\/2011\/05\/cropped-logo-bellunopress-.jpg","width":512,"height":512,"caption":"Bellunopress"},"image":{"@id":"https:\/\/www.bellunopress.it\/#\/schema\/logo\/image\/"},"sameAs":["https:\/\/www.facebook.com\/profile.php?id=100008943462799","https:\/\/x.com\/bellunopress","https:\/\/www.linkedin.com\/hp\/?dnr=JBzUWaJfMUw8vbXJJ2tVW5-I3jZKvC4wsoxE&amp;amp;amp;amp;amp;amp;trk=nav_responsive_tab_home","https:\/\/www.youtube.com\/channel\/UCxL0wu1uN0_3_7hGG0306cw"]},{"@type":"Person","@id":"https:\/\/www.bellunopress.it\/#\/schema\/person\/79bb06722b37ece1c03d3e94beb30d73","name":"r\u00e9daction","image":{"@type":"ImageObject","inLanguage":"fr-FR","@id":"https:\/\/secure.gravatar.com\/avatar\/37d968a2e67a6fd04c169c4bdef102d0bc5d31b2546345219e348575eb80e9a0?s=96&d=mm&r=g","url":"https:\/\/secure.gravatar.com\/avatar\/37d968a2e67a6fd04c169c4bdef102d0bc5d31b2546345219e348575eb80e9a0?s=96&d=mm&r=g","contentUrl":"https:\/\/secure.gravatar.com\/avatar\/37d968a2e67a6fd04c169c4bdef102d0bc5d31b2546345219e348575eb80e9a0?s=96&d=mm&r=g","caption":"redazione"},"sameAs":["http:\/\/www.bellunopress.it","https:\/\/x.com\/bellunopress"],"url":"https:\/\/www.bellunopress.it\/fr\/author\/redazione\/"}]}},"_links":{"self":[{"href":"https:\/\/www.bellunopress.it\/fr\/wp-json\/wp\/v2\/posts\/109108","targetHints":{"allow":["GET"]}}],"collection":[{"href":"https:\/\/www.bellunopress.it\/fr\/wp-json\/wp\/v2\/posts"}],"about":[{"href":"https:\/\/www.bellunopress.it\/fr\/wp-json\/wp\/v2\/types\/post"}],"author":[{"embeddable":true,"href":"https:\/\/www.bellunopress.it\/fr\/wp-json\/wp\/v2\/users\/2"}],"replies":[{"embeddable":true,"href":"https:\/\/www.bellunopress.it\/fr\/wp-json\/wp\/v2\/comments?post=109108"}],"version-history":[{"count":1,"href":"https:\/\/www.bellunopress.it\/fr\/wp-json\/wp\/v2\/posts\/109108\/revisions"}],"predecessor-version":[{"id":109109,"href":"https:\/\/www.bellunopress.it\/fr\/wp-json\/wp\/v2\/posts\/109108\/revisions\/109109"}],"wp:attachment":[{"href":"https:\/\/www.bellunopress.it\/fr\/wp-json\/wp\/v2\/media?parent=109108"}],"wp:term":[{"taxonomy":"category","embeddable":true,"href":"https:\/\/www.bellunopress.it\/fr\/wp-json\/wp\/v2\/categories?post=109108"},{"taxonomy":"post_tag","embeddable":true,"href":"https:\/\/www.bellunopress.it\/fr\/wp-json\/wp\/v2\/tags?post=109108"}],"curies":[{"name":"wp","href":"https:\/\/api.w.org\/{rel}","templated":true}]}}