{"id":109104,"date":"2019-10-26T20:43:16","date_gmt":"2019-10-26T18:43:16","guid":{"rendered":"http:\/\/www.bellunopress.it\/?p=109104"},"modified":"2019-10-26T20:43:18","modified_gmt":"2019-10-26T18:43:18","slug":"vaia-un-anno-dopo-linvestimento-sostenibile-di-solidarieta-veneto","status":"publish","type":"post","link":"https:\/\/www.bellunopress.it\/fr\/2019\/10\/26\/vaia-un-anno-dopo-linvestimento-sostenibile-di-solidarieta-veneto\/","title":{"rendered":"Vaia un anno dopo. L&#8217;investimento sostenibile di Solidariet\u00e0 Veneto"},"content":{"rendered":"<p><a href=\"http:\/\/www.bellunopress.it\/fr\/2019\/10\/26\/vaia-un-anno-dopo-linvestimento-sostenibile-di-solidarieta-veneto\/solidarieta-veneto-fondo-pensione\/\" rel=\"attachment wp-att-109105\"><img loading=\"lazy\" decoding=\"async\" class=\"alignleft size-full wp-image-109105\" src=\"http:\/\/www.bellunopress.it\/wp-content\/uploads\/2019\/10\/solidariet\u00e0-veneto-fondo-pensione.jpg\" alt=\"\" width=\"300\" height=\"211\" \/><\/a>Ne parler\u00e0 il direttore del fondo Paolo Stefan il 28 ottobre 2019 in Pian Cansiglio insieme al professor Luca Mercalli, all&#8217;evento organizzato dalla Femca Cisl di Belluno e Treviso presso una location significativa: l&#8217;Hangar Cansiglio, ex base Nato ristrutturata in chiave ecologica e messa a disposizione della comunit\u00e0 da Veneto Agricoltura.<\/p>\n<p>Un anno fa la tempesta Vaia sconvolgeva la montagna veneta, segnando il paesaggio con ferite profonde. La violenza dei fenomeni atmosferici scaten\u00f2, da allora, una gara di solidariet\u00e0 nei confronti delle popolazioni colpite. Una presa di coscienza forte sui cambiamenti climatici da cui \u00e8 scaturita una domanda: &#8220;cosa possiamo fare?&#8221;<\/p>\n<p>Il quesito, in qualche modo, ha coinvolto anche la fredda finanza, a cominciare dai fondi pensione, come Solidariet\u00e0 Veneto. Perch\u00e9 qualcosa non torna: che senso ha infatti risparmiare per il futuro&#8230; se il futuro, di questo passo, rischia di non esistere?<\/p>\n<p>Obiezione vera, reale, forte. Che non ha lasciato indifferenti i vertici di Solidariet\u00e0 Veneto. Pochi giorni dopo la tempesta Vaia, il Consiglio di Amministrazione del fondo approvava le linee guida del &#8220;Documento sulla politica di investimento&#8221;, andando ad attivare i criteri ESG (Ambiente, Sociale, Governo dell&#8217;impresa) nella selezione degli investimenti.<\/p>\n<p>Prendeva cos\u00ec corpo il progetto di investimento sostenibile. L&#8217;importante innovazione ha dato via ad un&#8217;esperienza che sar\u00e0 presentata il 28 ottobre al Direttivo della Femca Cisl Belluno Treviso.<\/p>\n<p>All&#8217;evento saranno presenti:<\/p>\n<p>Luca Mercalli, presidente della societ\u00e0 meteorologica italiana, climatologo e giornalista divulgativo che introdurr\u00e0 il tema del riscaldamento globale e, pi\u00f9 in generale, del significato di crisi ambientale, soffermandosi sulle responsabilit\u00e0 dell&#8217;uomo, sul suo impatto sull&#8217;ecosistema, e sulle possibili contromisure per evitare di compromettere per sempre il pianeta.<br \/>\nCarlo Anelli, responsabile del Dipartimento Politiche Industriali della Cisl nazionale, che si addentrer\u00e0 in un terreno ancora poco esplorato in Italia, ossia l&#8217;intreccio fra contrattazione aziendale e sviluppo sostenibile.<br \/>\nPaolo Stefan, direttore di Solidariet\u00e0 Veneto che presenter\u00e0 i primi risultati della strategia di investimento &#8220;sostenibile&#8221; attuata dal Fondo pensione pi\u00f9 diffuso in Regione.<br \/>\nI fondi pensione, a cui confluiscono risorse &#8220;pazienti&#8221; per investimenti di lungo periodo, si configurano quale mezzo ideale per &#8220;guidare&#8221; il cambiamento, anche nell&#8217;ambito della sostenibilit\u00e0. Ma baster\u00e0?<\/p>\n<p>Il &#8220;ritmo&#8221; del cambiamento dipende anche dalle intenzioni del singolo cittadino, che \u00e8 anche investitore. Se chi &#8220;mette i soldi&#8221; sar\u00e0 capace di farlo con lungimiranza, allora sar\u00e0 pi\u00f9 facile avanzare.<\/p>","protected":false},"excerpt":{"rendered":"<p>Ne parler\u00e0 il direttore del fondo Paolo Stefan il 28 ottobre 2019 in Pian Cansiglio insieme al professor Luca Mercalli, all&#8217;evento organizzato dalla Femca Cisl di Belluno e Treviso presso una location significativa: l&#8217;Hangar Cansiglio, ex base Nato ristrutturata in chiave ecologica e messa a disposizione della comunit\u00e0 da Veneto Agricoltura. Un anno fa la [&hellip;]<\/p>\n","protected":false},"author":2,"featured_media":0,"comment_status":"closed","ping_status":"open","sticky":false,"template":"","format":"standard","meta":{"footnotes":""},"categories":[27,26,8],"tags":[],"class_list":["post-109104","post","type-post","status-publish","format-standard","category-appuntamenti","category-prima-pagina","category-societa-istituzioni"],"yoast_head":"<!-- This site is optimized with the Yoast SEO plugin v28.4 - https:\/\/yoast.com\/product\/yoast-seo-wordpress\/ -->\n<title>Vaia un anno dopo. L&#039;investimento sostenibile di Solidariet\u00e0 Veneto - Bellunopress - Dolomiti<\/title>\n<meta name=\"robots\" content=\"index, follow, max-snippet:-1, max-image-preview:large, max-video-preview:-1\" \/>\n<link rel=\"canonical\" href=\"https:\/\/www.bellunopress.it\/fr\/2019\/10\/26\/vaia-un-anno-dopo-linvestimento-sostenibile-di-solidarieta-veneto\/\" \/>\n<meta property=\"og:locale\" content=\"fr_FR\" \/>\n<meta property=\"og:type\" content=\"article\" \/>\n<meta property=\"og:title\" content=\"Vaia un anno dopo. L&#039;investimento sostenibile di Solidariet\u00e0 Veneto - Bellunopress - Dolomiti\" \/>\n<meta property=\"og:description\" content=\"Ne parler\u00e0 il direttore del fondo Paolo Stefan il 28 ottobre 2019 in Pian Cansiglio insieme al professor Luca Mercalli, all&#8217;evento organizzato dalla Femca Cisl di Belluno e Treviso presso una location significativa: l&#8217;Hangar Cansiglio, ex base Nato ristrutturata in chiave ecologica e messa a disposizione della comunit\u00e0 da Veneto Agricoltura. Un anno fa la [&hellip;]\" \/>\n<meta property=\"og:url\" content=\"https:\/\/www.bellunopress.it\/fr\/2019\/10\/26\/vaia-un-anno-dopo-linvestimento-sostenibile-di-solidarieta-veneto\/\" \/>\n<meta property=\"og:site_name\" content=\"Bellunopress - Dolomiti\" \/>\n<meta property=\"article:publisher\" content=\"https:\/\/www.facebook.com\/profile.php?id=100008943462799\" \/>\n<meta property=\"article:published_time\" content=\"2019-10-26T18:43:16+00:00\" \/>\n<meta property=\"article:modified_time\" content=\"2019-10-26T18:43:18+00:00\" \/>\n<meta property=\"og:image\" content=\"http:\/\/www.bellunopress.it\/wp-content\/uploads\/2019\/10\/solidariet\u00e0-veneto-fondo-pensione.jpg\" \/>\n<meta name=\"author\" content=\"redazione\" \/>\n<meta name=\"twitter:card\" content=\"summary_large_image\" \/>\n<meta name=\"twitter:creator\" content=\"@bellunopress\" \/>\n<meta name=\"twitter:site\" content=\"@bellunopress\" \/>\n<meta name=\"twitter:label1\" content=\"\u00c9crit par\" \/>\n\t<meta name=\"twitter:data1\" content=\"redazione\" \/>\n\t<meta name=\"twitter:label2\" content=\"Dur\u00e9e de lecture estim\u00e9e\" \/>\n\t<meta name=\"twitter:data2\" content=\"2 minutes\" \/>\n<script type=\"application\/ld+json\" class=\"yoast-schema-graph\">{\"@context\":\"https:\\\/\\\/schema.org\",\"@graph\":[{\"@type\":\"Article\",\"@id\":\"https:\\\/\\\/www.bellunopress.it\\\/2019\\\/10\\\/26\\\/vaia-un-anno-dopo-linvestimento-sostenibile-di-solidarieta-veneto\\\/#article\",\"isPartOf\":{\"@id\":\"https:\\\/\\\/www.bellunopress.it\\\/2019\\\/10\\\/26\\\/vaia-un-anno-dopo-linvestimento-sostenibile-di-solidarieta-veneto\\\/\"},\"author\":{\"name\":\"redazione\",\"@id\":\"https:\\\/\\\/www.bellunopress.it\\\/#\\\/schema\\\/person\\\/79bb06722b37ece1c03d3e94beb30d73\"},\"headline\":\"Vaia un anno dopo. L&#8217;investimento sostenibile di Solidariet\u00e0 Veneto\",\"datePublished\":\"2019-10-26T18:43:16+00:00\",\"dateModified\":\"2019-10-26T18:43:18+00:00\",\"mainEntityOfPage\":{\"@id\":\"https:\\\/\\\/www.bellunopress.it\\\/2019\\\/10\\\/26\\\/vaia-un-anno-dopo-linvestimento-sostenibile-di-solidarieta-veneto\\\/\"},\"wordCount\":397,\"publisher\":{\"@id\":\"https:\\\/\\\/www.bellunopress.it\\\/#organization\"},\"articleSection\":[\"Appuntamenti, Eventi\",\"Prima Pagina\",\"Societ\u00e0, Associazioni, Istituzioni\"],\"inLanguage\":\"fr-FR\"},{\"@type\":\"WebPage\",\"@id\":\"https:\\\/\\\/www.bellunopress.it\\\/2019\\\/10\\\/26\\\/vaia-un-anno-dopo-linvestimento-sostenibile-di-solidarieta-veneto\\\/\",\"url\":\"https:\\\/\\\/www.bellunopress.it\\\/2019\\\/10\\\/26\\\/vaia-un-anno-dopo-linvestimento-sostenibile-di-solidarieta-veneto\\\/\",\"name\":\"Vaia un anno dopo. L'investimento sostenibile di Solidariet\u00e0 Veneto - Bellunopress - Dolomiti\",\"isPartOf\":{\"@id\":\"https:\\\/\\\/www.bellunopress.it\\\/#website\"},\"datePublished\":\"2019-10-26T18:43:16+00:00\",\"dateModified\":\"2019-10-26T18:43:18+00:00\",\"breadcrumb\":{\"@id\":\"https:\\\/\\\/www.bellunopress.it\\\/2019\\\/10\\\/26\\\/vaia-un-anno-dopo-linvestimento-sostenibile-di-solidarieta-veneto\\\/#breadcrumb\"},\"inLanguage\":\"fr-FR\",\"potentialAction\":[{\"@type\":\"ReadAction\",\"target\":[\"https:\\\/\\\/www.bellunopress.it\\\/2019\\\/10\\\/26\\\/vaia-un-anno-dopo-linvestimento-sostenibile-di-solidarieta-veneto\\\/\"]}]},{\"@type\":\"BreadcrumbList\",\"@id\":\"https:\\\/\\\/www.bellunopress.it\\\/2019\\\/10\\\/26\\\/vaia-un-anno-dopo-linvestimento-sostenibile-di-solidarieta-veneto\\\/#breadcrumb\",\"itemListElement\":[{\"@type\":\"ListItem\",\"position\":1,\"name\":\"Home\",\"item\":\"https:\\\/\\\/www.bellunopress.it\\\/\"},{\"@type\":\"ListItem\",\"position\":2,\"name\":\"Vaia un anno dopo. L&#8217;investimento sostenibile di Solidariet\u00e0 Veneto\"}]},{\"@type\":\"WebSite\",\"@id\":\"https:\\\/\\\/www.bellunopress.it\\\/#website\",\"url\":\"https:\\\/\\\/www.bellunopress.it\\\/\",\"name\":\"Bellunopress - Dolomiti\",\"description\":\"e-mail: redazione@bellunopress.it\",\"publisher\":{\"@id\":\"https:\\\/\\\/www.bellunopress.it\\\/#organization\"},\"potentialAction\":[{\"@type\":\"SearchAction\",\"target\":{\"@type\":\"EntryPoint\",\"urlTemplate\":\"https:\\\/\\\/www.bellunopress.it\\\/?s={search_term_string}\"},\"query-input\":{\"@type\":\"PropertyValueSpecification\",\"valueRequired\":true,\"valueName\":\"search_term_string\"}}],\"inLanguage\":\"fr-FR\"},{\"@type\":\"Organization\",\"@id\":\"https:\\\/\\\/www.bellunopress.it\\\/#organization\",\"name\":\"Bellunopress\",\"url\":\"https:\\\/\\\/www.bellunopress.it\\\/\",\"logo\":{\"@type\":\"ImageObject\",\"inLanguage\":\"fr-FR\",\"@id\":\"https:\\\/\\\/www.bellunopress.it\\\/#\\\/schema\\\/logo\\\/image\\\/\",\"url\":\"https:\\\/\\\/www.bellunopress.it\\\/wp-content\\\/uploads\\\/2011\\\/05\\\/cropped-logo-bellunopress-.jpg\",\"contentUrl\":\"https:\\\/\\\/www.bellunopress.it\\\/wp-content\\\/uploads\\\/2011\\\/05\\\/cropped-logo-bellunopress-.jpg\",\"width\":512,\"height\":512,\"caption\":\"Bellunopress\"},\"image\":{\"@id\":\"https:\\\/\\\/www.bellunopress.it\\\/#\\\/schema\\\/logo\\\/image\\\/\"},\"sameAs\":[\"https:\\\/\\\/www.facebook.com\\\/profile.php?id=100008943462799\",\"https:\\\/\\\/x.com\\\/bellunopress\",\"https:\\\/\\\/www.linkedin.com\\\/hp\\\/?dnr=JBzUWaJfMUw8vbXJJ2tVW5-I3jZKvC4wsoxE&amp;amp;amp;amp;amp;amp;trk=nav_responsive_tab_home\",\"https:\\\/\\\/www.youtube.com\\\/channel\\\/UCxL0wu1uN0_3_7hGG0306cw\"]},{\"@type\":\"Person\",\"@id\":\"https:\\\/\\\/www.bellunopress.it\\\/#\\\/schema\\\/person\\\/79bb06722b37ece1c03d3e94beb30d73\",\"name\":\"redazione\",\"image\":{\"@type\":\"ImageObject\",\"inLanguage\":\"fr-FR\",\"@id\":\"https:\\\/\\\/secure.gravatar.com\\\/avatar\\\/37d968a2e67a6fd04c169c4bdef102d0bc5d31b2546345219e348575eb80e9a0?s=96&d=mm&r=g\",\"url\":\"https:\\\/\\\/secure.gravatar.com\\\/avatar\\\/37d968a2e67a6fd04c169c4bdef102d0bc5d31b2546345219e348575eb80e9a0?s=96&d=mm&r=g\",\"contentUrl\":\"https:\\\/\\\/secure.gravatar.com\\\/avatar\\\/37d968a2e67a6fd04c169c4bdef102d0bc5d31b2546345219e348575eb80e9a0?s=96&d=mm&r=g\",\"caption\":\"redazione\"},\"sameAs\":[\"http:\\\/\\\/www.bellunopress.it\",\"https:\\\/\\\/x.com\\\/bellunopress\"],\"url\":\"https:\\\/\\\/www.bellunopress.it\\\/fr\\\/author\\\/redazione\\\/\"}]}<\/script>\n<!-- \/ Yoast SEO plugin. -->","yoast_head_json":{"title":"Vaia un anno dopo. L'investimento sostenibile di Solidariet\u00e0 Veneto - Bellunopress - Dolomiti","robots":{"index":"index","follow":"follow","max-snippet":"max-snippet:-1","max-image-preview":"max-image-preview:large","max-video-preview":"max-video-preview:-1"},"canonical":"https:\/\/www.bellunopress.it\/fr\/2019\/10\/26\/vaia-un-anno-dopo-linvestimento-sostenibile-di-solidarieta-veneto\/","og_locale":"fr_FR","og_type":"article","og_title":"Vaia un anno dopo. L'investimento sostenibile di Solidariet\u00e0 Veneto - Bellunopress - Dolomiti","og_description":"Ne parler\u00e0 il direttore del fondo Paolo Stefan il 28 ottobre 2019 in Pian Cansiglio insieme al professor Luca Mercalli, all&#8217;evento organizzato dalla Femca Cisl di Belluno e Treviso presso una location significativa: l&#8217;Hangar Cansiglio, ex base Nato ristrutturata in chiave ecologica e messa a disposizione della comunit\u00e0 da Veneto Agricoltura. Un anno fa la [&hellip;]","og_url":"https:\/\/www.bellunopress.it\/fr\/2019\/10\/26\/vaia-un-anno-dopo-linvestimento-sostenibile-di-solidarieta-veneto\/","og_site_name":"Bellunopress - Dolomiti","article_publisher":"https:\/\/www.facebook.com\/profile.php?id=100008943462799","article_published_time":"2019-10-26T18:43:16+00:00","article_modified_time":"2019-10-26T18:43:18+00:00","og_image":[{"url":"http:\/\/www.bellunopress.it\/wp-content\/uploads\/2019\/10\/solidariet\u00e0-veneto-fondo-pensione.jpg","type":"","width":"","height":""}],"author":"redazione","twitter_card":"summary_large_image","twitter_creator":"@bellunopress","twitter_site":"@bellunopress","twitter_misc":{"\u00c9crit par":"redazione","Dur\u00e9e de lecture estim\u00e9e":"2 minutes"},"schema":{"@context":"https:\/\/schema.org","@graph":[{"@type":"Article","@id":"https:\/\/www.bellunopress.it\/2019\/10\/26\/vaia-un-anno-dopo-linvestimento-sostenibile-di-solidarieta-veneto\/#article","isPartOf":{"@id":"https:\/\/www.bellunopress.it\/2019\/10\/26\/vaia-un-anno-dopo-linvestimento-sostenibile-di-solidarieta-veneto\/"},"author":{"name":"redazione","@id":"https:\/\/www.bellunopress.it\/#\/schema\/person\/79bb06722b37ece1c03d3e94beb30d73"},"headline":"Vaia un anno dopo. L&#8217;investimento sostenibile di Solidariet\u00e0 Veneto","datePublished":"2019-10-26T18:43:16+00:00","dateModified":"2019-10-26T18:43:18+00:00","mainEntityOfPage":{"@id":"https:\/\/www.bellunopress.it\/2019\/10\/26\/vaia-un-anno-dopo-linvestimento-sostenibile-di-solidarieta-veneto\/"},"wordCount":397,"publisher":{"@id":"https:\/\/www.bellunopress.it\/#organization"},"articleSection":["Appuntamenti, Eventi","Prima Pagina","Societ\u00e0, Associazioni, Istituzioni"],"inLanguage":"fr-FR"},{"@type":"WebPage","@id":"https:\/\/www.bellunopress.it\/2019\/10\/26\/vaia-un-anno-dopo-linvestimento-sostenibile-di-solidarieta-veneto\/","url":"https:\/\/www.bellunopress.it\/2019\/10\/26\/vaia-un-anno-dopo-linvestimento-sostenibile-di-solidarieta-veneto\/","name":"Vaia un anno dopo. L'investimento sostenibile di Solidariet\u00e0 Veneto - Bellunopress - Dolomiti","isPartOf":{"@id":"https:\/\/www.bellunopress.it\/#website"},"datePublished":"2019-10-26T18:43:16+00:00","dateModified":"2019-10-26T18:43:18+00:00","breadcrumb":{"@id":"https:\/\/www.bellunopress.it\/2019\/10\/26\/vaia-un-anno-dopo-linvestimento-sostenibile-di-solidarieta-veneto\/#breadcrumb"},"inLanguage":"fr-FR","potentialAction":[{"@type":"ReadAction","target":["https:\/\/www.bellunopress.it\/2019\/10\/26\/vaia-un-anno-dopo-linvestimento-sostenibile-di-solidarieta-veneto\/"]}]},{"@type":"BreadcrumbList","@id":"https:\/\/www.bellunopress.it\/2019\/10\/26\/vaia-un-anno-dopo-linvestimento-sostenibile-di-solidarieta-veneto\/#breadcrumb","itemListElement":[{"@type":"ListItem","position":1,"name":"Home","item":"https:\/\/www.bellunopress.it\/"},{"@type":"ListItem","position":2,"name":"Vaia un anno dopo. L&#8217;investimento sostenibile di Solidariet\u00e0 Veneto"}]},{"@type":"WebSite","@id":"https:\/\/www.bellunopress.it\/#website","url":"https:\/\/www.bellunopress.it\/","name":"Bellunopress - Dolomiti","description":"e-mail: redazione@bellunopress.it","publisher":{"@id":"https:\/\/www.bellunopress.it\/#organization"},"potentialAction":[{"@type":"SearchAction","target":{"@type":"EntryPoint","urlTemplate":"https:\/\/www.bellunopress.it\/?s={search_term_string}"},"query-input":{"@type":"PropertyValueSpecification","valueRequired":true,"valueName":"search_term_string"}}],"inLanguage":"fr-FR"},{"@type":"Organization","@id":"https:\/\/www.bellunopress.it\/#organization","name":"Bellunopress","url":"https:\/\/www.bellunopress.it\/","logo":{"@type":"ImageObject","inLanguage":"fr-FR","@id":"https:\/\/www.bellunopress.it\/#\/schema\/logo\/image\/","url":"https:\/\/www.bellunopress.it\/wp-content\/uploads\/2011\/05\/cropped-logo-bellunopress-.jpg","contentUrl":"https:\/\/www.bellunopress.it\/wp-content\/uploads\/2011\/05\/cropped-logo-bellunopress-.jpg","width":512,"height":512,"caption":"Bellunopress"},"image":{"@id":"https:\/\/www.bellunopress.it\/#\/schema\/logo\/image\/"},"sameAs":["https:\/\/www.facebook.com\/profile.php?id=100008943462799","https:\/\/x.com\/bellunopress","https:\/\/www.linkedin.com\/hp\/?dnr=JBzUWaJfMUw8vbXJJ2tVW5-I3jZKvC4wsoxE&amp;amp;amp;amp;amp;amp;trk=nav_responsive_tab_home","https:\/\/www.youtube.com\/channel\/UCxL0wu1uN0_3_7hGG0306cw"]},{"@type":"Person","@id":"https:\/\/www.bellunopress.it\/#\/schema\/person\/79bb06722b37ece1c03d3e94beb30d73","name":"r\u00e9daction","image":{"@type":"ImageObject","inLanguage":"fr-FR","@id":"https:\/\/secure.gravatar.com\/avatar\/37d968a2e67a6fd04c169c4bdef102d0bc5d31b2546345219e348575eb80e9a0?s=96&d=mm&r=g","url":"https:\/\/secure.gravatar.com\/avatar\/37d968a2e67a6fd04c169c4bdef102d0bc5d31b2546345219e348575eb80e9a0?s=96&d=mm&r=g","contentUrl":"https:\/\/secure.gravatar.com\/avatar\/37d968a2e67a6fd04c169c4bdef102d0bc5d31b2546345219e348575eb80e9a0?s=96&d=mm&r=g","caption":"redazione"},"sameAs":["http:\/\/www.bellunopress.it","https:\/\/x.com\/bellunopress"],"url":"https:\/\/www.bellunopress.it\/fr\/author\/redazione\/"}]}},"_links":{"self":[{"href":"https:\/\/www.bellunopress.it\/fr\/wp-json\/wp\/v2\/posts\/109104","targetHints":{"allow":["GET"]}}],"collection":[{"href":"https:\/\/www.bellunopress.it\/fr\/wp-json\/wp\/v2\/posts"}],"about":[{"href":"https:\/\/www.bellunopress.it\/fr\/wp-json\/wp\/v2\/types\/post"}],"author":[{"embeddable":true,"href":"https:\/\/www.bellunopress.it\/fr\/wp-json\/wp\/v2\/users\/2"}],"replies":[{"embeddable":true,"href":"https:\/\/www.bellunopress.it\/fr\/wp-json\/wp\/v2\/comments?post=109104"}],"version-history":[{"count":2,"href":"https:\/\/www.bellunopress.it\/fr\/wp-json\/wp\/v2\/posts\/109104\/revisions"}],"predecessor-version":[{"id":109107,"href":"https:\/\/www.bellunopress.it\/fr\/wp-json\/wp\/v2\/posts\/109104\/revisions\/109107"}],"wp:attachment":[{"href":"https:\/\/www.bellunopress.it\/fr\/wp-json\/wp\/v2\/media?parent=109104"}],"wp:term":[{"taxonomy":"category","embeddable":true,"href":"https:\/\/www.bellunopress.it\/fr\/wp-json\/wp\/v2\/categories?post=109104"},{"taxonomy":"post_tag","embeddable":true,"href":"https:\/\/www.bellunopress.it\/fr\/wp-json\/wp\/v2\/tags?post=109104"}],"curies":[{"name":"wp","href":"https:\/\/api.w.org\/{rel}","templated":true}]}}