{"id":109098,"date":"2019-10-26T20:23:06","date_gmt":"2019-10-26T18:23:06","guid":{"rendered":"http:\/\/www.bellunopress.it\/?p=109098"},"modified":"2019-10-26T20:23:06","modified_gmt":"2019-10-26T18:23:06","slug":"ater-nuova-legge-de-carlo-accolto-lappello-di-fdi-grazie-alla-regione-veneto","status":"publish","type":"post","link":"https:\/\/www.bellunopress.it\/fr\/2019\/10\/26\/ater-nuova-legge-de-carlo-accolto-lappello-di-fdi-grazie-alla-regione-veneto\/","title":{"rendered":"Ater, nuova legge. De Carlo: \u201cAccolto l&#8217;appello di FdI. Grazie alla Regione Veneto\u201d"},"content":{"rendered":"<figure id=\"attachment_94339\" aria-describedby=\"caption-attachment-94339\" style=\"width: 227px\" class=\"wp-caption alignleft\"><a href=\"http:\/\/www.bellunopress.it\/fr\/2018\/04\/15\/il-gazzettino-riduce-gli-stipendi-dei-collaboratori-de-carlo-una-decisione-inammissibile-che-lede-la-dignita-umana-e-professionale-e-mette-a-rischio-la-qualita-dellinformazione\/luca-de-carlo-3\/\" rel=\"attachment wp-att-94339\"><img loading=\"lazy\" decoding=\"async\" class=\"size-full wp-image-94339\" src=\"http:\/\/www.bellunopress.it\/wp-content\/uploads\/2018\/04\/Luca-De-Carlo.jpg\" alt=\"\" width=\"227\" height=\"271\" \/><\/a><figcaption id=\"caption-attachment-94339\" class=\"wp-caption-text\">Luca De Carlo, deputato<\/figcaption><\/figure>\n<p>Saranno rivisti alcuni dei contestatissimi criteri della legge regionale che introduceva nuovi canoni per gli inquilini di edilizia residenziale pubblica: l&#8217;annuncio arrivato a mezzo stampa dall&#8217;assessore regionale Manuela Lanzarin viene accolto con grande soddisfazione dal deputato di Fratelli d&#8217;Italia, Luca De Carlo.<br \/>\n\u201cRingrazio l&#8217;assessore e la Regione Veneto per aver accolto le nostre osservazioni e per aver accettato di apportare piccoli ma significativi correttivi ad una norma che altrimenti rischiava di penalizzare le fasce pi\u00f9 deboli della popolazione, a partire dai nostri anziani\u201d, sottolinea De Carlo, che ricorda come gi\u00e0 nei primissimi giorni di introduzione dei nuovi canoni \u201cmolte persone mi avevano raggiunto in municipio a Calalzo chiedendo sostegno e sollecitando un intervento per la revisione dei nuovi criteri\u201d.<br \/>\nDa De Carlo arriva anche un ringraziamento particolare: \u201cAl presidente dell&#8217;Ater di Venezia, Raffaele Speranzon, che fin da subito si \u00e8 reso conto della situazione e dei risvolti sui cittadini e ci ha quindi aiutato in questo impegno a tutela dei pi\u00f9 deboli. Noi siamo sempre stati d&#8217;accordo nel dare la caccia ai furbetti, stanarli e colpirli:<br \/>\nquesta \u00e8 un&#8217;azione giusta e doverosa, che ha avuto e sempre avr\u00e0 il nostro appoggio. Con i correttivi alla legge 39 verranno anche garantiti i diritti e la dignit\u00e0 dei cittadini in reale difficolt\u00e0\u201d.<\/p>","protected":false},"excerpt":{"rendered":"<p>Saranno rivisti alcuni dei contestatissimi criteri della legge regionale che introduceva nuovi canoni per gli inquilini di edilizia residenziale pubblica: l&#8217;annuncio arrivato a mezzo stampa dall&#8217;assessore regionale Manuela Lanzarin viene accolto con grande soddisfazione dal deputato di Fratelli d&#8217;Italia, Luca De Carlo. \u201cRingrazio l&#8217;assessore e la Regione Veneto per aver accolto le nostre osservazioni e [&hellip;]<\/p>\n","protected":false},"author":2,"featured_media":0,"comment_status":"closed","ping_status":"open","sticky":false,"template":"","format":"standard","meta":{"footnotes":""},"categories":[5,26],"tags":[],"class_list":["post-109098","post","type-post","status-publish","format-standard","category-cronaca","category-prima-pagina"],"yoast_head":"<!-- This site is optimized with the Yoast SEO plugin v28.4 - https:\/\/yoast.com\/product\/yoast-seo-wordpress\/ -->\n<title>Ater, nuova legge. De Carlo: \u201cAccolto l&#039;appello di FdI. Grazie alla Regione Veneto\u201d - Bellunopress - Dolomiti<\/title>\n<meta name=\"robots\" content=\"index, follow, max-snippet:-1, max-image-preview:large, max-video-preview:-1\" \/>\n<link rel=\"canonical\" href=\"https:\/\/www.bellunopress.it\/fr\/2019\/10\/26\/ater-nuova-legge-de-carlo-accolto-lappello-di-fdi-grazie-alla-regione-veneto\/\" \/>\n<meta property=\"og:locale\" content=\"fr_FR\" \/>\n<meta property=\"og:type\" content=\"article\" \/>\n<meta property=\"og:title\" content=\"Ater, nuova legge. De Carlo: \u201cAccolto l&#039;appello di FdI. Grazie alla Regione Veneto\u201d - Bellunopress - Dolomiti\" \/>\n<meta property=\"og:description\" content=\"Saranno rivisti alcuni dei contestatissimi criteri della legge regionale che introduceva nuovi canoni per gli inquilini di edilizia residenziale pubblica: l&#8217;annuncio arrivato a mezzo stampa dall&#8217;assessore regionale Manuela Lanzarin viene accolto con grande soddisfazione dal deputato di Fratelli d&#8217;Italia, Luca De Carlo. \u201cRingrazio l&#8217;assessore e la Regione Veneto per aver accolto le nostre osservazioni e [&hellip;]\" \/>\n<meta property=\"og:url\" content=\"https:\/\/www.bellunopress.it\/fr\/2019\/10\/26\/ater-nuova-legge-de-carlo-accolto-lappello-di-fdi-grazie-alla-regione-veneto\/\" \/>\n<meta property=\"og:site_name\" content=\"Bellunopress - Dolomiti\" \/>\n<meta property=\"article:publisher\" content=\"https:\/\/www.facebook.com\/profile.php?id=100008943462799\" \/>\n<meta property=\"article:published_time\" content=\"2019-10-26T18:23:06+00:00\" \/>\n<meta property=\"og:image\" content=\"http:\/\/www.bellunopress.it\/wp-content\/uploads\/2018\/04\/Luca-De-Carlo.jpg\" \/>\n<meta name=\"author\" content=\"redazione\" \/>\n<meta name=\"twitter:card\" content=\"summary_large_image\" \/>\n<meta name=\"twitter:creator\" content=\"@bellunopress\" \/>\n<meta name=\"twitter:site\" content=\"@bellunopress\" \/>\n<meta name=\"twitter:label1\" content=\"\u00c9crit par\" \/>\n\t<meta name=\"twitter:data1\" content=\"redazione\" \/>\n\t<meta name=\"twitter:label2\" content=\"Dur\u00e9e de lecture estim\u00e9e\" \/>\n\t<meta name=\"twitter:data2\" content=\"1 minute\" \/>\n<script type=\"application\/ld+json\" class=\"yoast-schema-graph\">{\"@context\":\"https:\\\/\\\/schema.org\",\"@graph\":[{\"@type\":\"Article\",\"@id\":\"https:\\\/\\\/www.bellunopress.it\\\/2019\\\/10\\\/26\\\/ater-nuova-legge-de-carlo-accolto-lappello-di-fdi-grazie-alla-regione-veneto\\\/#article\",\"isPartOf\":{\"@id\":\"https:\\\/\\\/www.bellunopress.it\\\/2019\\\/10\\\/26\\\/ater-nuova-legge-de-carlo-accolto-lappello-di-fdi-grazie-alla-regione-veneto\\\/\"},\"author\":{\"name\":\"redazione\",\"@id\":\"https:\\\/\\\/www.bellunopress.it\\\/#\\\/schema\\\/person\\\/79bb06722b37ece1c03d3e94beb30d73\"},\"headline\":\"Ater, nuova legge. De Carlo: \u201cAccolto l&#8217;appello di FdI. Grazie alla Regione Veneto\u201d\",\"datePublished\":\"2019-10-26T18:23:06+00:00\",\"mainEntityOfPage\":{\"@id\":\"https:\\\/\\\/www.bellunopress.it\\\/2019\\\/10\\\/26\\\/ater-nuova-legge-de-carlo-accolto-lappello-di-fdi-grazie-alla-regione-veneto\\\/\"},\"wordCount\":239,\"publisher\":{\"@id\":\"https:\\\/\\\/www.bellunopress.it\\\/#organization\"},\"image\":{\"@id\":\"https:\\\/\\\/www.bellunopress.it\\\/2019\\\/10\\\/26\\\/ater-nuova-legge-de-carlo-accolto-lappello-di-fdi-grazie-alla-regione-veneto\\\/#primaryimage\"},\"thumbnailUrl\":\"http:\\\/\\\/www.bellunopress.it\\\/wp-content\\\/uploads\\\/2018\\\/04\\\/Luca-De-Carlo.jpg\",\"articleSection\":[\"Cronaca\\\/Politica\",\"Prima Pagina\"],\"inLanguage\":\"fr-FR\"},{\"@type\":\"WebPage\",\"@id\":\"https:\\\/\\\/www.bellunopress.it\\\/2019\\\/10\\\/26\\\/ater-nuova-legge-de-carlo-accolto-lappello-di-fdi-grazie-alla-regione-veneto\\\/\",\"url\":\"https:\\\/\\\/www.bellunopress.it\\\/2019\\\/10\\\/26\\\/ater-nuova-legge-de-carlo-accolto-lappello-di-fdi-grazie-alla-regione-veneto\\\/\",\"name\":\"Ater, nuova legge. De Carlo: \u201cAccolto l'appello di FdI. Grazie alla Regione Veneto\u201d - Bellunopress - Dolomiti\",\"isPartOf\":{\"@id\":\"https:\\\/\\\/www.bellunopress.it\\\/#website\"},\"primaryImageOfPage\":{\"@id\":\"https:\\\/\\\/www.bellunopress.it\\\/2019\\\/10\\\/26\\\/ater-nuova-legge-de-carlo-accolto-lappello-di-fdi-grazie-alla-regione-veneto\\\/#primaryimage\"},\"image\":{\"@id\":\"https:\\\/\\\/www.bellunopress.it\\\/2019\\\/10\\\/26\\\/ater-nuova-legge-de-carlo-accolto-lappello-di-fdi-grazie-alla-regione-veneto\\\/#primaryimage\"},\"thumbnailUrl\":\"http:\\\/\\\/www.bellunopress.it\\\/wp-content\\\/uploads\\\/2018\\\/04\\\/Luca-De-Carlo.jpg\",\"datePublished\":\"2019-10-26T18:23:06+00:00\",\"breadcrumb\":{\"@id\":\"https:\\\/\\\/www.bellunopress.it\\\/2019\\\/10\\\/26\\\/ater-nuova-legge-de-carlo-accolto-lappello-di-fdi-grazie-alla-regione-veneto\\\/#breadcrumb\"},\"inLanguage\":\"fr-FR\",\"potentialAction\":[{\"@type\":\"ReadAction\",\"target\":[\"https:\\\/\\\/www.bellunopress.it\\\/2019\\\/10\\\/26\\\/ater-nuova-legge-de-carlo-accolto-lappello-di-fdi-grazie-alla-regione-veneto\\\/\"]}]},{\"@type\":\"ImageObject\",\"inLanguage\":\"fr-FR\",\"@id\":\"https:\\\/\\\/www.bellunopress.it\\\/2019\\\/10\\\/26\\\/ater-nuova-legge-de-carlo-accolto-lappello-di-fdi-grazie-alla-regione-veneto\\\/#primaryimage\",\"url\":\"http:\\\/\\\/www.bellunopress.it\\\/wp-content\\\/uploads\\\/2018\\\/04\\\/Luca-De-Carlo.jpg\",\"contentUrl\":\"http:\\\/\\\/www.bellunopress.it\\\/wp-content\\\/uploads\\\/2018\\\/04\\\/Luca-De-Carlo.jpg\"},{\"@type\":\"BreadcrumbList\",\"@id\":\"https:\\\/\\\/www.bellunopress.it\\\/2019\\\/10\\\/26\\\/ater-nuova-legge-de-carlo-accolto-lappello-di-fdi-grazie-alla-regione-veneto\\\/#breadcrumb\",\"itemListElement\":[{\"@type\":\"ListItem\",\"position\":1,\"name\":\"Home\",\"item\":\"https:\\\/\\\/www.bellunopress.it\\\/\"},{\"@type\":\"ListItem\",\"position\":2,\"name\":\"Ater, nuova legge. De Carlo: \u201cAccolto l&#8217;appello di FdI. Grazie alla Regione Veneto\u201d\"}]},{\"@type\":\"WebSite\",\"@id\":\"https:\\\/\\\/www.bellunopress.it\\\/#website\",\"url\":\"https:\\\/\\\/www.bellunopress.it\\\/\",\"name\":\"Bellunopress - Dolomiti\",\"description\":\"e-mail: redazione@bellunopress.it\",\"publisher\":{\"@id\":\"https:\\\/\\\/www.bellunopress.it\\\/#organization\"},\"potentialAction\":[{\"@type\":\"SearchAction\",\"target\":{\"@type\":\"EntryPoint\",\"urlTemplate\":\"https:\\\/\\\/www.bellunopress.it\\\/?s={search_term_string}\"},\"query-input\":{\"@type\":\"PropertyValueSpecification\",\"valueRequired\":true,\"valueName\":\"search_term_string\"}}],\"inLanguage\":\"fr-FR\"},{\"@type\":\"Organization\",\"@id\":\"https:\\\/\\\/www.bellunopress.it\\\/#organization\",\"name\":\"Bellunopress\",\"url\":\"https:\\\/\\\/www.bellunopress.it\\\/\",\"logo\":{\"@type\":\"ImageObject\",\"inLanguage\":\"fr-FR\",\"@id\":\"https:\\\/\\\/www.bellunopress.it\\\/#\\\/schema\\\/logo\\\/image\\\/\",\"url\":\"https:\\\/\\\/www.bellunopress.it\\\/wp-content\\\/uploads\\\/2011\\\/05\\\/cropped-logo-bellunopress-.jpg\",\"contentUrl\":\"https:\\\/\\\/www.bellunopress.it\\\/wp-content\\\/uploads\\\/2011\\\/05\\\/cropped-logo-bellunopress-.jpg\",\"width\":512,\"height\":512,\"caption\":\"Bellunopress\"},\"image\":{\"@id\":\"https:\\\/\\\/www.bellunopress.it\\\/#\\\/schema\\\/logo\\\/image\\\/\"},\"sameAs\":[\"https:\\\/\\\/www.facebook.com\\\/profile.php?id=100008943462799\",\"https:\\\/\\\/x.com\\\/bellunopress\",\"https:\\\/\\\/www.linkedin.com\\\/hp\\\/?dnr=JBzUWaJfMUw8vbXJJ2tVW5-I3jZKvC4wsoxE&amp;amp;amp;amp;amp;amp;trk=nav_responsive_tab_home\",\"https:\\\/\\\/www.youtube.com\\\/channel\\\/UCxL0wu1uN0_3_7hGG0306cw\"]},{\"@type\":\"Person\",\"@id\":\"https:\\\/\\\/www.bellunopress.it\\\/#\\\/schema\\\/person\\\/79bb06722b37ece1c03d3e94beb30d73\",\"name\":\"redazione\",\"image\":{\"@type\":\"ImageObject\",\"inLanguage\":\"fr-FR\",\"@id\":\"https:\\\/\\\/secure.gravatar.com\\\/avatar\\\/37d968a2e67a6fd04c169c4bdef102d0bc5d31b2546345219e348575eb80e9a0?s=96&d=mm&r=g\",\"url\":\"https:\\\/\\\/secure.gravatar.com\\\/avatar\\\/37d968a2e67a6fd04c169c4bdef102d0bc5d31b2546345219e348575eb80e9a0?s=96&d=mm&r=g\",\"contentUrl\":\"https:\\\/\\\/secure.gravatar.com\\\/avatar\\\/37d968a2e67a6fd04c169c4bdef102d0bc5d31b2546345219e348575eb80e9a0?s=96&d=mm&r=g\",\"caption\":\"redazione\"},\"sameAs\":[\"http:\\\/\\\/www.bellunopress.it\",\"https:\\\/\\\/x.com\\\/bellunopress\"],\"url\":\"https:\\\/\\\/www.bellunopress.it\\\/fr\\\/author\\\/redazione\\\/\"}]}<\/script>\n<!-- \/ Yoast SEO plugin. -->","yoast_head_json":{"title":"Ater, nuova legge. De Carlo: \u201cAccolto l'appello di FdI. Grazie alla Regione Veneto\u201d - Bellunopress - Dolomiti","robots":{"index":"index","follow":"follow","max-snippet":"max-snippet:-1","max-image-preview":"max-image-preview:large","max-video-preview":"max-video-preview:-1"},"canonical":"https:\/\/www.bellunopress.it\/fr\/2019\/10\/26\/ater-nuova-legge-de-carlo-accolto-lappello-di-fdi-grazie-alla-regione-veneto\/","og_locale":"fr_FR","og_type":"article","og_title":"Ater, nuova legge. De Carlo: \u201cAccolto l'appello di FdI. Grazie alla Regione Veneto\u201d - Bellunopress - Dolomiti","og_description":"Saranno rivisti alcuni dei contestatissimi criteri della legge regionale che introduceva nuovi canoni per gli inquilini di edilizia residenziale pubblica: l&#8217;annuncio arrivato a mezzo stampa dall&#8217;assessore regionale Manuela Lanzarin viene accolto con grande soddisfazione dal deputato di Fratelli d&#8217;Italia, Luca De Carlo. \u201cRingrazio l&#8217;assessore e la Regione Veneto per aver accolto le nostre osservazioni e [&hellip;]","og_url":"https:\/\/www.bellunopress.it\/fr\/2019\/10\/26\/ater-nuova-legge-de-carlo-accolto-lappello-di-fdi-grazie-alla-regione-veneto\/","og_site_name":"Bellunopress - Dolomiti","article_publisher":"https:\/\/www.facebook.com\/profile.php?id=100008943462799","article_published_time":"2019-10-26T18:23:06+00:00","og_image":[{"url":"http:\/\/www.bellunopress.it\/wp-content\/uploads\/2018\/04\/Luca-De-Carlo.jpg","type":"","width":"","height":""}],"author":"redazione","twitter_card":"summary_large_image","twitter_creator":"@bellunopress","twitter_site":"@bellunopress","twitter_misc":{"\u00c9crit par":"redazione","Dur\u00e9e de lecture estim\u00e9e":"1 minute"},"schema":{"@context":"https:\/\/schema.org","@graph":[{"@type":"Article","@id":"https:\/\/www.bellunopress.it\/2019\/10\/26\/ater-nuova-legge-de-carlo-accolto-lappello-di-fdi-grazie-alla-regione-veneto\/#article","isPartOf":{"@id":"https:\/\/www.bellunopress.it\/2019\/10\/26\/ater-nuova-legge-de-carlo-accolto-lappello-di-fdi-grazie-alla-regione-veneto\/"},"author":{"name":"redazione","@id":"https:\/\/www.bellunopress.it\/#\/schema\/person\/79bb06722b37ece1c03d3e94beb30d73"},"headline":"Ater, nuova legge. De Carlo: \u201cAccolto l&#8217;appello di FdI. Grazie alla Regione Veneto\u201d","datePublished":"2019-10-26T18:23:06+00:00","mainEntityOfPage":{"@id":"https:\/\/www.bellunopress.it\/2019\/10\/26\/ater-nuova-legge-de-carlo-accolto-lappello-di-fdi-grazie-alla-regione-veneto\/"},"wordCount":239,"publisher":{"@id":"https:\/\/www.bellunopress.it\/#organization"},"image":{"@id":"https:\/\/www.bellunopress.it\/2019\/10\/26\/ater-nuova-legge-de-carlo-accolto-lappello-di-fdi-grazie-alla-regione-veneto\/#primaryimage"},"thumbnailUrl":"http:\/\/www.bellunopress.it\/wp-content\/uploads\/2018\/04\/Luca-De-Carlo.jpg","articleSection":["Cronaca\/Politica","Prima Pagina"],"inLanguage":"fr-FR"},{"@type":"WebPage","@id":"https:\/\/www.bellunopress.it\/2019\/10\/26\/ater-nuova-legge-de-carlo-accolto-lappello-di-fdi-grazie-alla-regione-veneto\/","url":"https:\/\/www.bellunopress.it\/2019\/10\/26\/ater-nuova-legge-de-carlo-accolto-lappello-di-fdi-grazie-alla-regione-veneto\/","name":"Ater, nuova legge. De Carlo: \u201cAccolto l'appello di FdI. Grazie alla Regione Veneto\u201d - Bellunopress - Dolomiti","isPartOf":{"@id":"https:\/\/www.bellunopress.it\/#website"},"primaryImageOfPage":{"@id":"https:\/\/www.bellunopress.it\/2019\/10\/26\/ater-nuova-legge-de-carlo-accolto-lappello-di-fdi-grazie-alla-regione-veneto\/#primaryimage"},"image":{"@id":"https:\/\/www.bellunopress.it\/2019\/10\/26\/ater-nuova-legge-de-carlo-accolto-lappello-di-fdi-grazie-alla-regione-veneto\/#primaryimage"},"thumbnailUrl":"http:\/\/www.bellunopress.it\/wp-content\/uploads\/2018\/04\/Luca-De-Carlo.jpg","datePublished":"2019-10-26T18:23:06+00:00","breadcrumb":{"@id":"https:\/\/www.bellunopress.it\/2019\/10\/26\/ater-nuova-legge-de-carlo-accolto-lappello-di-fdi-grazie-alla-regione-veneto\/#breadcrumb"},"inLanguage":"fr-FR","potentialAction":[{"@type":"ReadAction","target":["https:\/\/www.bellunopress.it\/2019\/10\/26\/ater-nuova-legge-de-carlo-accolto-lappello-di-fdi-grazie-alla-regione-veneto\/"]}]},{"@type":"ImageObject","inLanguage":"fr-FR","@id":"https:\/\/www.bellunopress.it\/2019\/10\/26\/ater-nuova-legge-de-carlo-accolto-lappello-di-fdi-grazie-alla-regione-veneto\/#primaryimage","url":"http:\/\/www.bellunopress.it\/wp-content\/uploads\/2018\/04\/Luca-De-Carlo.jpg","contentUrl":"http:\/\/www.bellunopress.it\/wp-content\/uploads\/2018\/04\/Luca-De-Carlo.jpg"},{"@type":"BreadcrumbList","@id":"https:\/\/www.bellunopress.it\/2019\/10\/26\/ater-nuova-legge-de-carlo-accolto-lappello-di-fdi-grazie-alla-regione-veneto\/#breadcrumb","itemListElement":[{"@type":"ListItem","position":1,"name":"Home","item":"https:\/\/www.bellunopress.it\/"},{"@type":"ListItem","position":2,"name":"Ater, nuova legge. De Carlo: \u201cAccolto l&#8217;appello di FdI. Grazie alla Regione Veneto\u201d"}]},{"@type":"WebSite","@id":"https:\/\/www.bellunopress.it\/#website","url":"https:\/\/www.bellunopress.it\/","name":"Bellunopress - Dolomiti","description":"e-mail: redazione@bellunopress.it","publisher":{"@id":"https:\/\/www.bellunopress.it\/#organization"},"potentialAction":[{"@type":"SearchAction","target":{"@type":"EntryPoint","urlTemplate":"https:\/\/www.bellunopress.it\/?s={search_term_string}"},"query-input":{"@type":"PropertyValueSpecification","valueRequired":true,"valueName":"search_term_string"}}],"inLanguage":"fr-FR"},{"@type":"Organization","@id":"https:\/\/www.bellunopress.it\/#organization","name":"Bellunopress","url":"https:\/\/www.bellunopress.it\/","logo":{"@type":"ImageObject","inLanguage":"fr-FR","@id":"https:\/\/www.bellunopress.it\/#\/schema\/logo\/image\/","url":"https:\/\/www.bellunopress.it\/wp-content\/uploads\/2011\/05\/cropped-logo-bellunopress-.jpg","contentUrl":"https:\/\/www.bellunopress.it\/wp-content\/uploads\/2011\/05\/cropped-logo-bellunopress-.jpg","width":512,"height":512,"caption":"Bellunopress"},"image":{"@id":"https:\/\/www.bellunopress.it\/#\/schema\/logo\/image\/"},"sameAs":["https:\/\/www.facebook.com\/profile.php?id=100008943462799","https:\/\/x.com\/bellunopress","https:\/\/www.linkedin.com\/hp\/?dnr=JBzUWaJfMUw8vbXJJ2tVW5-I3jZKvC4wsoxE&amp;amp;amp;amp;amp;amp;trk=nav_responsive_tab_home","https:\/\/www.youtube.com\/channel\/UCxL0wu1uN0_3_7hGG0306cw"]},{"@type":"Person","@id":"https:\/\/www.bellunopress.it\/#\/schema\/person\/79bb06722b37ece1c03d3e94beb30d73","name":"r\u00e9daction","image":{"@type":"ImageObject","inLanguage":"fr-FR","@id":"https:\/\/secure.gravatar.com\/avatar\/37d968a2e67a6fd04c169c4bdef102d0bc5d31b2546345219e348575eb80e9a0?s=96&d=mm&r=g","url":"https:\/\/secure.gravatar.com\/avatar\/37d968a2e67a6fd04c169c4bdef102d0bc5d31b2546345219e348575eb80e9a0?s=96&d=mm&r=g","contentUrl":"https:\/\/secure.gravatar.com\/avatar\/37d968a2e67a6fd04c169c4bdef102d0bc5d31b2546345219e348575eb80e9a0?s=96&d=mm&r=g","caption":"redazione"},"sameAs":["http:\/\/www.bellunopress.it","https:\/\/x.com\/bellunopress"],"url":"https:\/\/www.bellunopress.it\/fr\/author\/redazione\/"}]}},"_links":{"self":[{"href":"https:\/\/www.bellunopress.it\/fr\/wp-json\/wp\/v2\/posts\/109098","targetHints":{"allow":["GET"]}}],"collection":[{"href":"https:\/\/www.bellunopress.it\/fr\/wp-json\/wp\/v2\/posts"}],"about":[{"href":"https:\/\/www.bellunopress.it\/fr\/wp-json\/wp\/v2\/types\/post"}],"author":[{"embeddable":true,"href":"https:\/\/www.bellunopress.it\/fr\/wp-json\/wp\/v2\/users\/2"}],"replies":[{"embeddable":true,"href":"https:\/\/www.bellunopress.it\/fr\/wp-json\/wp\/v2\/comments?post=109098"}],"version-history":[{"count":1,"href":"https:\/\/www.bellunopress.it\/fr\/wp-json\/wp\/v2\/posts\/109098\/revisions"}],"predecessor-version":[{"id":109099,"href":"https:\/\/www.bellunopress.it\/fr\/wp-json\/wp\/v2\/posts\/109098\/revisions\/109099"}],"wp:attachment":[{"href":"https:\/\/www.bellunopress.it\/fr\/wp-json\/wp\/v2\/media?parent=109098"}],"wp:term":[{"taxonomy":"category","embeddable":true,"href":"https:\/\/www.bellunopress.it\/fr\/wp-json\/wp\/v2\/categories?post=109098"},{"taxonomy":"post_tag","embeddable":true,"href":"https:\/\/www.bellunopress.it\/fr\/wp-json\/wp\/v2\/tags?post=109098"}],"curies":[{"name":"wp","href":"https:\/\/api.w.org\/{rel}","templated":true}]}}