{"id":109094,"date":"2019-10-26T20:19:46","date_gmt":"2019-10-26T18:19:46","guid":{"rendered":"http:\/\/www.bellunopress.it\/?p=109094"},"modified":"2019-10-26T20:19:47","modified_gmt":"2019-10-26T18:19:47","slug":"via-al-piano-asfaltature-in-citta-lavori-a-borgo-pra-poi-tocca-a-cavarzano","status":"publish","type":"post","link":"https:\/\/www.bellunopress.it\/fr\/2019\/10\/26\/via-al-piano-asfaltature-in-citta-lavori-a-borgo-pra-poi-tocca-a-cavarzano\/","title":{"rendered":"Via al piano asfaltature in citt\u00e0. Lavori a Borgo Pr\u00e0, poi tocca a Cavarzano"},"content":{"rendered":"<figure id=\"attachment_109095\" aria-describedby=\"caption-attachment-109095\" style=\"width: 300px\" class=\"wp-caption alignleft\"><a href=\"http:\/\/www.bellunopress.it\/fr\/2019\/10\/26\/via-al-piano-asfaltature-in-citta-lavori-a-borgo-pra-poi-tocca-a-cavarzano\/borgo-pra\/\" rel=\"attachment wp-att-109095\"><img loading=\"lazy\" decoding=\"async\" class=\"size-full wp-image-109095\" src=\"http:\/\/www.bellunopress.it\/wp-content\/uploads\/2019\/10\/Borgo-Pr\u00e0.jpeg\" alt=\"\" width=\"300\" height=\"217\" \/><\/a><figcaption id=\"caption-attachment-109095\" class=\"wp-caption-text\">Borgo Pr\u00e0 &#8211; Belluno<\/figcaption><\/figure>\n<p>Ha preso il via in questi giorni il \u201cpiano asfaltature\u201d in citt\u00e0: primi lavori a Borgo Pr\u00e0, con l&#8217;asfaltatura di parte della piazza di Via dell&#8217;Anta, per arrivare presto fino al Parco Marianna. Il costo di questo primo intervento \u00e8 di 30mila euro.<br \/>\nUna volta chiuso questo cantiere, ci si sposter\u00e0 a Cavarzano, con la riasfaltatura \u2013 costo 20mila euro &#8211; di parte di Viale Tilman, nel primo tratto in direzione Cusighe, mentre nella stessa via, ma dall&#8217;altro capo della strada (lato Via Di Foro), si sono gi\u00e0 conclusi i lavori di sistemazione dei marciapiedi, su entrambi i lati.<br \/>\nDiversi gli interventi in programma, sempre a Cavarzano:, si interverr\u00e0 anche su Via Giovanni Paolo I, con la realizzazione di un dosso all&#8217;attraversamento pedonale di fronte alla nuova Farmacia Chimenti; occhi puntati anche su Via Rudio, con un doppio intervento sulla regimazione delle acque.<\/p>\n<p>\u00abIl primo sar\u00e0 da 161 mila euro, coperti da Bim GSP con un co-finanziamento del Comune, sulla rete fognaria. &#8211; spiega l&#8217;assessore ai lavori pubblici, Biagio Giannone \u2013 Il secondo, per la gestione delle acque bianche, coster\u00e0 135 mila euro, interamente a carico del Comune. Solo una volta completati questi lavori, poco visibili ma molto importanti, procederemo con l\u2019asfaltatura completa della via e del marciapiede, per un importo di circa 20 mila euro\u00bb.<\/p>\n<p>I lavori sono partiti con alcune settimane di ritardo rispetto alle previsioni, a causa dell&#8217;introduzione della cosiddetta \u201clegge sblocca-cantieri\u201d: \u00ab \u00c8 stata sicuramente una norma positiva, che per\u00f2 ha comportato diversi problemi in fase di conversione. &#8211; spiega Giannone \u2013 Il decreto legge inizialmente consentiva di invitare alle gare d&#8217;appalto con soglia 200mila euro solo tre imprese, e su questi parametri noi, come altri comuni italiani, abbiamo tarato i bandi; al momento della conversione in legge, per\u00f2, la soglia \u00e8 stata abbassata a 150mila euro, costringendo le amministrazioni che gi\u00e0 si erano attivate su parametri superiori a convocare ben dieci imprese\u00bb<br \/>\n\u00abQuesto \u2013 conclude l&#8217;assessore &#8211; ha comportato un inevitabile slittamento per chiudere le pratiche amministrative di poco pi\u00f9 di un mese: l&#8217;aggiudicazione che quindi avevamo preventivato per fine agosto \u00e8 arrivata invece ai primi di ottobre, e da quel momento abbiamo potuto dare il via libera all&#8217;apertura dei cantieri\u00bb,<\/p>","protected":false},"excerpt":{"rendered":"<p>Ha preso il via in questi giorni il \u201cpiano asfaltature\u201d in citt\u00e0: primi lavori a Borgo Pr\u00e0, con l&#8217;asfaltatura di parte della piazza di Via dell&#8217;Anta, per arrivare presto fino al Parco Marianna. Il costo di questo primo intervento \u00e8 di 30mila euro. Una volta chiuso questo cantiere, ci si sposter\u00e0 a Cavarzano, con la [&hellip;]<\/p>\n","protected":false},"author":2,"featured_media":0,"comment_status":"closed","ping_status":"open","sticky":false,"template":"","format":"standard","meta":{"footnotes":""},"categories":[1],"tags":[],"class_list":["post-109094","post","type-post","status-publish","format-standard","category-leo"],"yoast_head":"<!-- This site is optimized with the Yoast SEO plugin v28.4 - https:\/\/yoast.com\/product\/yoast-seo-wordpress\/ -->\n<title>Via al piano asfaltature in citt\u00e0. Lavori a Borgo Pr\u00e0, poi tocca a Cavarzano - Bellunopress - Dolomiti<\/title>\n<meta name=\"robots\" content=\"index, follow, max-snippet:-1, max-image-preview:large, max-video-preview:-1\" \/>\n<link rel=\"canonical\" href=\"https:\/\/www.bellunopress.it\/fr\/2019\/10\/26\/via-al-piano-asfaltature-in-citta-lavori-a-borgo-pra-poi-tocca-a-cavarzano\/\" \/>\n<meta property=\"og:locale\" content=\"fr_FR\" \/>\n<meta property=\"og:type\" content=\"article\" \/>\n<meta property=\"og:title\" content=\"Via al piano asfaltature in citt\u00e0. Lavori a Borgo Pr\u00e0, poi tocca a Cavarzano - Bellunopress - Dolomiti\" \/>\n<meta property=\"og:description\" content=\"Ha preso il via in questi giorni il \u201cpiano asfaltature\u201d in citt\u00e0: primi lavori a Borgo Pr\u00e0, con l&#8217;asfaltatura di parte della piazza di Via dell&#8217;Anta, per arrivare presto fino al Parco Marianna. Il costo di questo primo intervento \u00e8 di 30mila euro. Una volta chiuso questo cantiere, ci si sposter\u00e0 a Cavarzano, con la [&hellip;]\" \/>\n<meta property=\"og:url\" content=\"https:\/\/www.bellunopress.it\/fr\/2019\/10\/26\/via-al-piano-asfaltature-in-citta-lavori-a-borgo-pra-poi-tocca-a-cavarzano\/\" \/>\n<meta property=\"og:site_name\" content=\"Bellunopress - Dolomiti\" \/>\n<meta property=\"article:publisher\" content=\"https:\/\/www.facebook.com\/profile.php?id=100008943462799\" \/>\n<meta property=\"article:published_time\" content=\"2019-10-26T18:19:46+00:00\" \/>\n<meta property=\"article:modified_time\" content=\"2019-10-26T18:19:47+00:00\" \/>\n<meta property=\"og:image\" content=\"http:\/\/www.bellunopress.it\/wp-content\/uploads\/2019\/10\/Borgo-Pr\u00e0.jpeg\" \/>\n<meta name=\"author\" content=\"redazione\" \/>\n<meta name=\"twitter:card\" content=\"summary_large_image\" \/>\n<meta name=\"twitter:creator\" content=\"@bellunopress\" \/>\n<meta name=\"twitter:site\" content=\"@bellunopress\" \/>\n<meta name=\"twitter:label1\" content=\"\u00c9crit par\" \/>\n\t<meta name=\"twitter:data1\" content=\"redazione\" \/>\n\t<meta name=\"twitter:label2\" content=\"Dur\u00e9e de lecture estim\u00e9e\" \/>\n\t<meta name=\"twitter:data2\" content=\"2 minutes\" \/>\n<script type=\"application\/ld+json\" class=\"yoast-schema-graph\">{\"@context\":\"https:\\\/\\\/schema.org\",\"@graph\":[{\"@type\":\"Article\",\"@id\":\"https:\\\/\\\/www.bellunopress.it\\\/2019\\\/10\\\/26\\\/via-al-piano-asfaltature-in-citta-lavori-a-borgo-pra-poi-tocca-a-cavarzano\\\/#article\",\"isPartOf\":{\"@id\":\"https:\\\/\\\/www.bellunopress.it\\\/2019\\\/10\\\/26\\\/via-al-piano-asfaltature-in-citta-lavori-a-borgo-pra-poi-tocca-a-cavarzano\\\/\"},\"author\":{\"name\":\"redazione\",\"@id\":\"https:\\\/\\\/www.bellunopress.it\\\/#\\\/schema\\\/person\\\/79bb06722b37ece1c03d3e94beb30d73\"},\"headline\":\"Via al piano asfaltature in citt\u00e0. Lavori a Borgo Pr\u00e0, poi tocca a Cavarzano\",\"datePublished\":\"2019-10-26T18:19:46+00:00\",\"dateModified\":\"2019-10-26T18:19:47+00:00\",\"mainEntityOfPage\":{\"@id\":\"https:\\\/\\\/www.bellunopress.it\\\/2019\\\/10\\\/26\\\/via-al-piano-asfaltature-in-citta-lavori-a-borgo-pra-poi-tocca-a-cavarzano\\\/\"},\"wordCount\":390,\"publisher\":{\"@id\":\"https:\\\/\\\/www.bellunopress.it\\\/#organization\"},\"articleSection\":[\"Lettere Opinioni\"],\"inLanguage\":\"fr-FR\"},{\"@type\":\"WebPage\",\"@id\":\"https:\\\/\\\/www.bellunopress.it\\\/2019\\\/10\\\/26\\\/via-al-piano-asfaltature-in-citta-lavori-a-borgo-pra-poi-tocca-a-cavarzano\\\/\",\"url\":\"https:\\\/\\\/www.bellunopress.it\\\/2019\\\/10\\\/26\\\/via-al-piano-asfaltature-in-citta-lavori-a-borgo-pra-poi-tocca-a-cavarzano\\\/\",\"name\":\"Via al piano asfaltature in citt\u00e0. Lavori a Borgo Pr\u00e0, poi tocca a Cavarzano - Bellunopress - Dolomiti\",\"isPartOf\":{\"@id\":\"https:\\\/\\\/www.bellunopress.it\\\/#website\"},\"datePublished\":\"2019-10-26T18:19:46+00:00\",\"dateModified\":\"2019-10-26T18:19:47+00:00\",\"breadcrumb\":{\"@id\":\"https:\\\/\\\/www.bellunopress.it\\\/2019\\\/10\\\/26\\\/via-al-piano-asfaltature-in-citta-lavori-a-borgo-pra-poi-tocca-a-cavarzano\\\/#breadcrumb\"},\"inLanguage\":\"fr-FR\",\"potentialAction\":[{\"@type\":\"ReadAction\",\"target\":[\"https:\\\/\\\/www.bellunopress.it\\\/2019\\\/10\\\/26\\\/via-al-piano-asfaltature-in-citta-lavori-a-borgo-pra-poi-tocca-a-cavarzano\\\/\"]}]},{\"@type\":\"BreadcrumbList\",\"@id\":\"https:\\\/\\\/www.bellunopress.it\\\/2019\\\/10\\\/26\\\/via-al-piano-asfaltature-in-citta-lavori-a-borgo-pra-poi-tocca-a-cavarzano\\\/#breadcrumb\",\"itemListElement\":[{\"@type\":\"ListItem\",\"position\":1,\"name\":\"Home\",\"item\":\"https:\\\/\\\/www.bellunopress.it\\\/\"},{\"@type\":\"ListItem\",\"position\":2,\"name\":\"Via al piano asfaltature in citt\u00e0. Lavori a Borgo Pr\u00e0, poi tocca a Cavarzano\"}]},{\"@type\":\"WebSite\",\"@id\":\"https:\\\/\\\/www.bellunopress.it\\\/#website\",\"url\":\"https:\\\/\\\/www.bellunopress.it\\\/\",\"name\":\"Bellunopress - Dolomiti\",\"description\":\"e-mail: redazione@bellunopress.it\",\"publisher\":{\"@id\":\"https:\\\/\\\/www.bellunopress.it\\\/#organization\"},\"potentialAction\":[{\"@type\":\"SearchAction\",\"target\":{\"@type\":\"EntryPoint\",\"urlTemplate\":\"https:\\\/\\\/www.bellunopress.it\\\/?s={search_term_string}\"},\"query-input\":{\"@type\":\"PropertyValueSpecification\",\"valueRequired\":true,\"valueName\":\"search_term_string\"}}],\"inLanguage\":\"fr-FR\"},{\"@type\":\"Organization\",\"@id\":\"https:\\\/\\\/www.bellunopress.it\\\/#organization\",\"name\":\"Bellunopress\",\"url\":\"https:\\\/\\\/www.bellunopress.it\\\/\",\"logo\":{\"@type\":\"ImageObject\",\"inLanguage\":\"fr-FR\",\"@id\":\"https:\\\/\\\/www.bellunopress.it\\\/#\\\/schema\\\/logo\\\/image\\\/\",\"url\":\"https:\\\/\\\/www.bellunopress.it\\\/wp-content\\\/uploads\\\/2011\\\/05\\\/cropped-logo-bellunopress-.jpg\",\"contentUrl\":\"https:\\\/\\\/www.bellunopress.it\\\/wp-content\\\/uploads\\\/2011\\\/05\\\/cropped-logo-bellunopress-.jpg\",\"width\":512,\"height\":512,\"caption\":\"Bellunopress\"},\"image\":{\"@id\":\"https:\\\/\\\/www.bellunopress.it\\\/#\\\/schema\\\/logo\\\/image\\\/\"},\"sameAs\":[\"https:\\\/\\\/www.facebook.com\\\/profile.php?id=100008943462799\",\"https:\\\/\\\/x.com\\\/bellunopress\",\"https:\\\/\\\/www.linkedin.com\\\/hp\\\/?dnr=JBzUWaJfMUw8vbXJJ2tVW5-I3jZKvC4wsoxE&amp;amp;amp;amp;amp;amp;trk=nav_responsive_tab_home\",\"https:\\\/\\\/www.youtube.com\\\/channel\\\/UCxL0wu1uN0_3_7hGG0306cw\"]},{\"@type\":\"Person\",\"@id\":\"https:\\\/\\\/www.bellunopress.it\\\/#\\\/schema\\\/person\\\/79bb06722b37ece1c03d3e94beb30d73\",\"name\":\"redazione\",\"image\":{\"@type\":\"ImageObject\",\"inLanguage\":\"fr-FR\",\"@id\":\"https:\\\/\\\/secure.gravatar.com\\\/avatar\\\/37d968a2e67a6fd04c169c4bdef102d0bc5d31b2546345219e348575eb80e9a0?s=96&d=mm&r=g\",\"url\":\"https:\\\/\\\/secure.gravatar.com\\\/avatar\\\/37d968a2e67a6fd04c169c4bdef102d0bc5d31b2546345219e348575eb80e9a0?s=96&d=mm&r=g\",\"contentUrl\":\"https:\\\/\\\/secure.gravatar.com\\\/avatar\\\/37d968a2e67a6fd04c169c4bdef102d0bc5d31b2546345219e348575eb80e9a0?s=96&d=mm&r=g\",\"caption\":\"redazione\"},\"sameAs\":[\"http:\\\/\\\/www.bellunopress.it\",\"https:\\\/\\\/x.com\\\/bellunopress\"],\"url\":\"https:\\\/\\\/www.bellunopress.it\\\/fr\\\/author\\\/redazione\\\/\"}]}<\/script>\n<!-- \/ Yoast SEO plugin. -->","yoast_head_json":{"title":"Via al piano asfaltature in citt\u00e0. Lavori a Borgo Pr\u00e0, poi tocca a Cavarzano - Bellunopress - Dolomiti","robots":{"index":"index","follow":"follow","max-snippet":"max-snippet:-1","max-image-preview":"max-image-preview:large","max-video-preview":"max-video-preview:-1"},"canonical":"https:\/\/www.bellunopress.it\/fr\/2019\/10\/26\/via-al-piano-asfaltature-in-citta-lavori-a-borgo-pra-poi-tocca-a-cavarzano\/","og_locale":"fr_FR","og_type":"article","og_title":"Via al piano asfaltature in citt\u00e0. Lavori a Borgo Pr\u00e0, poi tocca a Cavarzano - Bellunopress - Dolomiti","og_description":"Ha preso il via in questi giorni il \u201cpiano asfaltature\u201d in citt\u00e0: primi lavori a Borgo Pr\u00e0, con l&#8217;asfaltatura di parte della piazza di Via dell&#8217;Anta, per arrivare presto fino al Parco Marianna. Il costo di questo primo intervento \u00e8 di 30mila euro. Una volta chiuso questo cantiere, ci si sposter\u00e0 a Cavarzano, con la [&hellip;]","og_url":"https:\/\/www.bellunopress.it\/fr\/2019\/10\/26\/via-al-piano-asfaltature-in-citta-lavori-a-borgo-pra-poi-tocca-a-cavarzano\/","og_site_name":"Bellunopress - Dolomiti","article_publisher":"https:\/\/www.facebook.com\/profile.php?id=100008943462799","article_published_time":"2019-10-26T18:19:46+00:00","article_modified_time":"2019-10-26T18:19:47+00:00","og_image":[{"url":"http:\/\/www.bellunopress.it\/wp-content\/uploads\/2019\/10\/Borgo-Pr\u00e0.jpeg","type":"","width":"","height":""}],"author":"redazione","twitter_card":"summary_large_image","twitter_creator":"@bellunopress","twitter_site":"@bellunopress","twitter_misc":{"\u00c9crit par":"redazione","Dur\u00e9e de lecture estim\u00e9e":"2 minutes"},"schema":{"@context":"https:\/\/schema.org","@graph":[{"@type":"Article","@id":"https:\/\/www.bellunopress.it\/2019\/10\/26\/via-al-piano-asfaltature-in-citta-lavori-a-borgo-pra-poi-tocca-a-cavarzano\/#article","isPartOf":{"@id":"https:\/\/www.bellunopress.it\/2019\/10\/26\/via-al-piano-asfaltature-in-citta-lavori-a-borgo-pra-poi-tocca-a-cavarzano\/"},"author":{"name":"redazione","@id":"https:\/\/www.bellunopress.it\/#\/schema\/person\/79bb06722b37ece1c03d3e94beb30d73"},"headline":"Via al piano asfaltature in citt\u00e0. Lavori a Borgo Pr\u00e0, poi tocca a Cavarzano","datePublished":"2019-10-26T18:19:46+00:00","dateModified":"2019-10-26T18:19:47+00:00","mainEntityOfPage":{"@id":"https:\/\/www.bellunopress.it\/2019\/10\/26\/via-al-piano-asfaltature-in-citta-lavori-a-borgo-pra-poi-tocca-a-cavarzano\/"},"wordCount":390,"publisher":{"@id":"https:\/\/www.bellunopress.it\/#organization"},"articleSection":["Lettere Opinioni"],"inLanguage":"fr-FR"},{"@type":"WebPage","@id":"https:\/\/www.bellunopress.it\/2019\/10\/26\/via-al-piano-asfaltature-in-citta-lavori-a-borgo-pra-poi-tocca-a-cavarzano\/","url":"https:\/\/www.bellunopress.it\/2019\/10\/26\/via-al-piano-asfaltature-in-citta-lavori-a-borgo-pra-poi-tocca-a-cavarzano\/","name":"Via al piano asfaltature in citt\u00e0. Lavori a Borgo Pr\u00e0, poi tocca a Cavarzano - Bellunopress - Dolomiti","isPartOf":{"@id":"https:\/\/www.bellunopress.it\/#website"},"datePublished":"2019-10-26T18:19:46+00:00","dateModified":"2019-10-26T18:19:47+00:00","breadcrumb":{"@id":"https:\/\/www.bellunopress.it\/2019\/10\/26\/via-al-piano-asfaltature-in-citta-lavori-a-borgo-pra-poi-tocca-a-cavarzano\/#breadcrumb"},"inLanguage":"fr-FR","potentialAction":[{"@type":"ReadAction","target":["https:\/\/www.bellunopress.it\/2019\/10\/26\/via-al-piano-asfaltature-in-citta-lavori-a-borgo-pra-poi-tocca-a-cavarzano\/"]}]},{"@type":"BreadcrumbList","@id":"https:\/\/www.bellunopress.it\/2019\/10\/26\/via-al-piano-asfaltature-in-citta-lavori-a-borgo-pra-poi-tocca-a-cavarzano\/#breadcrumb","itemListElement":[{"@type":"ListItem","position":1,"name":"Home","item":"https:\/\/www.bellunopress.it\/"},{"@type":"ListItem","position":2,"name":"Via al piano asfaltature in citt\u00e0. Lavori a Borgo Pr\u00e0, poi tocca a Cavarzano"}]},{"@type":"WebSite","@id":"https:\/\/www.bellunopress.it\/#website","url":"https:\/\/www.bellunopress.it\/","name":"Bellunopress - Dolomiti","description":"e-mail: redazione@bellunopress.it","publisher":{"@id":"https:\/\/www.bellunopress.it\/#organization"},"potentialAction":[{"@type":"SearchAction","target":{"@type":"EntryPoint","urlTemplate":"https:\/\/www.bellunopress.it\/?s={search_term_string}"},"query-input":{"@type":"PropertyValueSpecification","valueRequired":true,"valueName":"search_term_string"}}],"inLanguage":"fr-FR"},{"@type":"Organization","@id":"https:\/\/www.bellunopress.it\/#organization","name":"Bellunopress","url":"https:\/\/www.bellunopress.it\/","logo":{"@type":"ImageObject","inLanguage":"fr-FR","@id":"https:\/\/www.bellunopress.it\/#\/schema\/logo\/image\/","url":"https:\/\/www.bellunopress.it\/wp-content\/uploads\/2011\/05\/cropped-logo-bellunopress-.jpg","contentUrl":"https:\/\/www.bellunopress.it\/wp-content\/uploads\/2011\/05\/cropped-logo-bellunopress-.jpg","width":512,"height":512,"caption":"Bellunopress"},"image":{"@id":"https:\/\/www.bellunopress.it\/#\/schema\/logo\/image\/"},"sameAs":["https:\/\/www.facebook.com\/profile.php?id=100008943462799","https:\/\/x.com\/bellunopress","https:\/\/www.linkedin.com\/hp\/?dnr=JBzUWaJfMUw8vbXJJ2tVW5-I3jZKvC4wsoxE&amp;amp;amp;amp;amp;amp;trk=nav_responsive_tab_home","https:\/\/www.youtube.com\/channel\/UCxL0wu1uN0_3_7hGG0306cw"]},{"@type":"Person","@id":"https:\/\/www.bellunopress.it\/#\/schema\/person\/79bb06722b37ece1c03d3e94beb30d73","name":"r\u00e9daction","image":{"@type":"ImageObject","inLanguage":"fr-FR","@id":"https:\/\/secure.gravatar.com\/avatar\/37d968a2e67a6fd04c169c4bdef102d0bc5d31b2546345219e348575eb80e9a0?s=96&d=mm&r=g","url":"https:\/\/secure.gravatar.com\/avatar\/37d968a2e67a6fd04c169c4bdef102d0bc5d31b2546345219e348575eb80e9a0?s=96&d=mm&r=g","contentUrl":"https:\/\/secure.gravatar.com\/avatar\/37d968a2e67a6fd04c169c4bdef102d0bc5d31b2546345219e348575eb80e9a0?s=96&d=mm&r=g","caption":"redazione"},"sameAs":["http:\/\/www.bellunopress.it","https:\/\/x.com\/bellunopress"],"url":"https:\/\/www.bellunopress.it\/fr\/author\/redazione\/"}]}},"_links":{"self":[{"href":"https:\/\/www.bellunopress.it\/fr\/wp-json\/wp\/v2\/posts\/109094","targetHints":{"allow":["GET"]}}],"collection":[{"href":"https:\/\/www.bellunopress.it\/fr\/wp-json\/wp\/v2\/posts"}],"about":[{"href":"https:\/\/www.bellunopress.it\/fr\/wp-json\/wp\/v2\/types\/post"}],"author":[{"embeddable":true,"href":"https:\/\/www.bellunopress.it\/fr\/wp-json\/wp\/v2\/users\/2"}],"replies":[{"embeddable":true,"href":"https:\/\/www.bellunopress.it\/fr\/wp-json\/wp\/v2\/comments?post=109094"}],"version-history":[{"count":2,"href":"https:\/\/www.bellunopress.it\/fr\/wp-json\/wp\/v2\/posts\/109094\/revisions"}],"predecessor-version":[{"id":109097,"href":"https:\/\/www.bellunopress.it\/fr\/wp-json\/wp\/v2\/posts\/109094\/revisions\/109097"}],"wp:attachment":[{"href":"https:\/\/www.bellunopress.it\/fr\/wp-json\/wp\/v2\/media?parent=109094"}],"wp:term":[{"taxonomy":"category","embeddable":true,"href":"https:\/\/www.bellunopress.it\/fr\/wp-json\/wp\/v2\/categories?post=109094"},{"taxonomy":"post_tag","embeddable":true,"href":"https:\/\/www.bellunopress.it\/fr\/wp-json\/wp\/v2\/tags?post=109094"}],"curies":[{"name":"wp","href":"https:\/\/api.w.org\/{rel}","templated":true}]}}