{"id":109090,"date":"2019-10-26T20:06:23","date_gmt":"2019-10-26T18:06:23","guid":{"rendered":"http:\/\/www.bellunopress.it\/?p=109090"},"modified":"2019-10-26T20:06:28","modified_gmt":"2019-10-26T18:06:28","slug":"premio-treviso-creativity-week-la-bassanese-lucia-cuman-e-la-donna-dellanno","status":"publish","type":"post","link":"https:\/\/www.bellunopress.it\/fr\/2019\/10\/26\/premio-treviso-creativity-week-la-bassanese-lucia-cuman-e-la-donna-dellanno\/","title":{"rendered":"Premio Treviso Creativity week. La bassanese Lucia Cuman \u00e8 la donna dell&#8217;anno"},"content":{"rendered":"<p><em>A Palazzo dei Trecento ha ricevuto un premio in denaro di 700 euro e un&#8217;opera artistica realizzata dagli studenti del Liceo Artistico. Premiata per la sua capacit\u00e0 di raccontare Olivetti, aveva coinvolto diecimila persone nel suo evento. Ecco i profili di tutte le 15 candidate, il premio nell&#8217;ambito della Treviso Creativity Week organizzata da Gianpaolo Pezzato<\/em><\/p>\n<p><a href=\"http:\/\/www.bellunopress.it\/fr\/2019\/10\/26\/premio-treviso-creativity-week-la-bassanese-lucia-cuman-e-la-donna-dellanno\/lucia-cuman-donna-dellanno\/\" rel=\"attachment wp-att-109091\"><img loading=\"lazy\" decoding=\"async\" class=\"alignleft size-full wp-image-109091\" src=\"http:\/\/www.bellunopress.it\/wp-content\/uploads\/2019\/10\/Lucia-Cuman-donna-dellanno.jpg\" alt=\"\" width=\"300\" height=\"192\" \/><\/a>La cornice era quella di Palazzo dei Trecento di Treviso. L&#8217;evento era di quelli attesi: il convegno &#8220;Donne, impresa e lavoro&#8221;. A candidarsi a questa seconda edizione del premio &#8220;Donna dell&#8217;anno&#8221; che promuove, incentiva e sostiene personalit\u00e0 femminili di spicco della regione del Veneto sono state ben 50 donne, tra queste la giuria ne ha selezionate solo 15 per la finale.<\/p>\n<p>La vincitrice \u00e8 di Bassano del Grappa, nel Vicentino: Lucia Cuman che ha saputo valorizzare Adriano Olivetti. \u00c8 lei la dinamica imprenditrice che tra il 7 dicembre 2018 e il 27 gennaio 2019 ha saputo rianimare il pensiero di Adriano Olivetti organizzando a Bassano del Grappa un evento dal titolo &#8220;Adriano Olivetti e la Bellezza&#8221; composto da una mostra, un concerto, un seminario, diverse lezioni olivettiane a studenti e insegnanti, le vetrine dei negozi del centro storico di Bassano, coinvolgendo tutte le categorie economiche e riuscendo ad accendere l&#8217;interesse a quasi diecimila persone. Il premio, consegnatole dopo la decisione della giuria di qualit\u00e0 e un voto online, \u00e8 un &#8220;gettone&#8221; di 700 euro, dato da Volksbank, da destinare a sostegno della causa per la quale \u00e8 stato riconosciuto il premio e un&#8217;opera artistica realizzata da un team di studenti del Liceo Artistico di Treviso.<\/p>\n<p>A decidere un parterre istituzionale di altissimo profilo. &#8220;Donna dell&#8217;anno&#8221; \u00e8 infatti un&#8217;iniziativa promossa dall&#8217;associazione Innovation Future School, organizzata con il supporto di VOLKSBANK e con la collaborazione delle principali realt\u00e0 impegnate nella valorizzazione e sostegno in tutti i suoi del mondo femminile: l&#8217;associazione Rete Al Femminile di Treviso, LEI &#8211; Center for Women&#8217;s Leadership dell&#8217;Universit\u00e0 Ca&#8217; Foscari Venezia, la Consigliera di Parit\u00e0 per la provincia di Treviso, AIDDA \u2013 Associazione Imprenditrici e Donne Dirigenti D&#8217;Azienda ed il MO.I.CA \u2013 Movimento Italiano Casalinghe. L&#8217;evento ha il patrocinio della Provincia di Treviso, del Comune di Treviso, del Comune di Conegliano e del Comune di Castelfranco Veneto. Lo scorso anno aveva vinto Bruna Graziani, direttore artistico del festival Carta Carbone.<\/p>\n<p>La bassanese si \u00e8 imposta su un gruppo rosa molto autorevole. Da Treviso Elisabetta Viola, founder e designer del brand BGBL. Il suo progetto parte da un&#8217;idea di sostenibilit\u00e0: vecchi palloni da basket vengono riciclati per la realizzazione di borse. I fornitori dei palloni sono le societ\u00e0 sportive del territorio che in cambio ricevono palloni nuovi con cui potersi allenare. Barbara Riebologe, regista, formatrice teatrale e attrice che attraverso il progetto 360 G.R.A.D.I. vuole dare maggiore visibilit\u00e0 e comprensione reciproca delle diversit\u00e0 culturali, il dialogo e la collaborazione, attraverso una forma di comunicazione innovativa come quella della performance artistica. C&#8217;\u00e8 Sara Paris, archeologa e operatrice culturale, tra i soci fondatori dell&#8217;associazione Trevisosotterranea, che in cinque anni \u00e8 riuscita a rendere fruibili alcuni tratti delle mura cittadine altrimenti non accessibili con circa 3.000 visitatori all&#8217;anno. E poi, Gloria Aura Bortolini, documentarista, giornalista e conduttrice di programmi televisivi, presidente e co-direttrice artistica dell&#8217;Edera Film Festival, incentrato sulla valorizzazione di opere cinematografiche internazionali di giovani registi under 35. Nella rosa delle finaliste, anche la trevigiana Jessica Zanardo, autrice del libro autobiografico &#8220;La vita di un&#8217;altra&#8221;, che racconta la sua storia nell&#8217;affrontare il diabete, da cui sono poi nate le campagne di sensibilizzazione su questa malattia: #getoutyourjack e #iononnascondoildiabete.<\/p>\n<p>Presente l&#8217;imprenditrice Paola Salvador, titolare di due aziende nel settore dell&#8217;acquacoltura dolce, l&#8217;Azienda Agricola Salvador Bortolo Sas e PIT, Produttori ittici trevigiani Societ\u00e0 Agricola Consortile a r.l., che negli anni si \u00e8 distinta per la sua grande innovazione nel settore della trasformazione e confezionamento del prodotto. Segue, Luciana Cremonese, presidente di Sol.Co Cooperativa sociale di Treviso che realizza percorsi di formazione lavoro e inserimento lavorativo di persone in situazione di svantaggio; organizza inoltre la rassegna culturale &#8220;Robe da Mati&#8221; finalizzata alla sensibilizzazione alle tematiche della salute mentale. Da Povegliano arriva Francesca Girotto, presidente di \u00abInfanzia Omnia\u00bb, cooperativa sociale che si occupa di cultura dell&#8217;infanzia, offrendo servizi come micronido, scuola per genitori educatori, laboratori e centri estivi; mentre da Paese Giulia Gasparini, titolare di Spazio Caffelarte, una caffetteria che si reinventa attraverso l&#8217;organizzazione di serate a tema, esposizioni, minishop, laboratori, corsi e musica. Proviene invece da Vicenza Ilaria Rebecchi, giornalista e corrispondente per varie realt\u00e0 del territorio veneto e ideatrice di una video-rubrica \u00abStorie di donne\u00bb e dei magazine &#8220;Cosa Fare in Veneto&#8221; e &#8220;Gatte vicentine&#8221; dedicato alle donne. C&#8217;\u00e8 anche la compaesana Giulia Stenghele, imprenditrice innovativa che ha trasformato l&#8217;attivit\u00e0 di famiglia, la stamperia Stenghele, in un vero e proprio laboratorio di idee con molteplici attivit\u00e0 creative per adulti e ragazzi e di valorizzazione del territorio. Restando sempre nel Vicentino, precisamente a Schio, troviamo Gabriella Marin, stilista e artigiana, la cui ricerca \u00e8 incentrata sulla sostenibilit\u00e0, portandola ad instaurare importanti collaborazioni. Il suo sogno \u00e8 fondare una scuola di sartoria e una linea di capi per donne di tutte l&#8217;et\u00e0, con tessuto etico ed ecologico. Si aggiunge poi l&#8217;artista Selene Bozzato di Conselve (PD) col progetto teatrale &#8220;La luna nel bosco&#8221;, nato con l&#8217;obiettivo di superare una personale malattia e portare all&#8217;attenzione del pubblico i problemi generati dai disturbi dell&#8217;umore, in particolar modo dal disturbo depressivo. Ed infine, da Padova, la blogger e imprenditrice Gaia Dall&#8217;Oglio, che attraverso la societ\u00e0 di consulenza Sgaialand srl e il suo progetto editoriale digitale con una community di oltre 250 mila persone, valorizza il territorio veneto e le donne.<\/p>","protected":false},"excerpt":{"rendered":"<p>A Palazzo dei Trecento ha ricevuto un premio in denaro di 700 euro e un&#8217;opera artistica realizzata dagli studenti del Liceo Artistico. Premiata per la sua capacit\u00e0 di raccontare Olivetti, aveva coinvolto diecimila persone nel suo evento. Ecco i profili di tutte le 15 candidate, il premio nell&#8217;ambito della Treviso Creativity Week organizzata da Gianpaolo [&hellip;]<\/p>\n","protected":false},"author":2,"featured_media":0,"comment_status":"closed","ping_status":"open","sticky":false,"template":"","format":"standard","meta":{"footnotes":""},"categories":[36,26],"tags":[],"class_list":["post-109090","post","type-post","status-publish","format-standard","category-lavoro-economia","category-prima-pagina"],"yoast_head":"<!-- This site is optimized with the Yoast SEO plugin v28.4 - https:\/\/yoast.com\/product\/yoast-seo-wordpress\/ -->\n<title>Premio Treviso Creativity week. La bassanese Lucia Cuman \u00e8 la donna dell&#039;anno - Bellunopress - Dolomiti<\/title>\n<meta name=\"robots\" content=\"index, follow, max-snippet:-1, max-image-preview:large, max-video-preview:-1\" \/>\n<link rel=\"canonical\" href=\"https:\/\/www.bellunopress.it\/fr\/2019\/10\/26\/premio-treviso-creativity-week-la-bassanese-lucia-cuman-e-la-donna-dellanno\/\" \/>\n<meta property=\"og:locale\" content=\"fr_FR\" \/>\n<meta property=\"og:type\" content=\"article\" \/>\n<meta property=\"og:title\" content=\"Premio Treviso Creativity week. La bassanese Lucia Cuman \u00e8 la donna dell&#039;anno - Bellunopress - Dolomiti\" \/>\n<meta property=\"og:description\" content=\"A Palazzo dei Trecento ha ricevuto un premio in denaro di 700 euro e un&#8217;opera artistica realizzata dagli studenti del Liceo Artistico. Premiata per la sua capacit\u00e0 di raccontare Olivetti, aveva coinvolto diecimila persone nel suo evento. Ecco i profili di tutte le 15 candidate, il premio nell&#8217;ambito della Treviso Creativity Week organizzata da Gianpaolo [&hellip;]\" \/>\n<meta property=\"og:url\" content=\"https:\/\/www.bellunopress.it\/fr\/2019\/10\/26\/premio-treviso-creativity-week-la-bassanese-lucia-cuman-e-la-donna-dellanno\/\" \/>\n<meta property=\"og:site_name\" content=\"Bellunopress - Dolomiti\" \/>\n<meta property=\"article:publisher\" content=\"https:\/\/www.facebook.com\/profile.php?id=100008943462799\" \/>\n<meta property=\"article:published_time\" content=\"2019-10-26T18:06:23+00:00\" \/>\n<meta property=\"article:modified_time\" content=\"2019-10-26T18:06:28+00:00\" \/>\n<meta property=\"og:image\" content=\"http:\/\/www.bellunopress.it\/wp-content\/uploads\/2019\/10\/Lucia-Cuman-donna-dellanno.jpg\" \/>\n<meta name=\"author\" content=\"redazione\" \/>\n<meta name=\"twitter:card\" content=\"summary_large_image\" \/>\n<meta name=\"twitter:creator\" content=\"@bellunopress\" \/>\n<meta name=\"twitter:site\" content=\"@bellunopress\" \/>\n<meta name=\"twitter:label1\" content=\"Written by\" \/>\n\t<meta name=\"twitter:data1\" content=\"redazione\" \/>\n\t<meta name=\"twitter:label2\" content=\"Est. reading time\" \/>\n\t<meta name=\"twitter:data2\" content=\"5 minutes\" \/>\n<script type=\"application\/ld+json\" class=\"yoast-schema-graph\">{\"@context\":\"https:\\\/\\\/schema.org\",\"@graph\":[{\"@type\":\"Article\",\"@id\":\"https:\\\/\\\/www.bellunopress.it\\\/2019\\\/10\\\/26\\\/premio-treviso-creativity-week-la-bassanese-lucia-cuman-e-la-donna-dellanno\\\/#article\",\"isPartOf\":{\"@id\":\"https:\\\/\\\/www.bellunopress.it\\\/2019\\\/10\\\/26\\\/premio-treviso-creativity-week-la-bassanese-lucia-cuman-e-la-donna-dellanno\\\/\"},\"author\":{\"name\":\"redazione\",\"@id\":\"https:\\\/\\\/www.bellunopress.it\\\/#\\\/schema\\\/person\\\/79bb06722b37ece1c03d3e94beb30d73\"},\"headline\":\"Premio Treviso Creativity week. La bassanese Lucia Cuman \u00e8 la donna dell&#8217;anno\",\"datePublished\":\"2019-10-26T18:06:23+00:00\",\"dateModified\":\"2019-10-26T18:06:28+00:00\",\"mainEntityOfPage\":{\"@id\":\"https:\\\/\\\/www.bellunopress.it\\\/2019\\\/10\\\/26\\\/premio-treviso-creativity-week-la-bassanese-lucia-cuman-e-la-donna-dellanno\\\/\"},\"wordCount\":956,\"publisher\":{\"@id\":\"https:\\\/\\\/www.bellunopress.it\\\/#organization\"},\"image\":{\"@id\":\"https:\\\/\\\/www.bellunopress.it\\\/2019\\\/10\\\/26\\\/premio-treviso-creativity-week-la-bassanese-lucia-cuman-e-la-donna-dellanno\\\/#primaryimage\"},\"thumbnailUrl\":\"http:\\\/\\\/www.bellunopress.it\\\/wp-content\\\/uploads\\\/2019\\\/10\\\/Lucia-Cuman-donna-dellanno.jpg\",\"articleSection\":[\"Lavoro, Economia, Turismo\",\"Prima Pagina\"],\"inLanguage\":\"fr-FR\"},{\"@type\":\"WebPage\",\"@id\":\"https:\\\/\\\/www.bellunopress.it\\\/2019\\\/10\\\/26\\\/premio-treviso-creativity-week-la-bassanese-lucia-cuman-e-la-donna-dellanno\\\/\",\"url\":\"https:\\\/\\\/www.bellunopress.it\\\/2019\\\/10\\\/26\\\/premio-treviso-creativity-week-la-bassanese-lucia-cuman-e-la-donna-dellanno\\\/\",\"name\":\"Premio Treviso Creativity week. La bassanese Lucia Cuman \u00e8 la donna dell'anno - Bellunopress - Dolomiti\",\"isPartOf\":{\"@id\":\"https:\\\/\\\/www.bellunopress.it\\\/#website\"},\"primaryImageOfPage\":{\"@id\":\"https:\\\/\\\/www.bellunopress.it\\\/2019\\\/10\\\/26\\\/premio-treviso-creativity-week-la-bassanese-lucia-cuman-e-la-donna-dellanno\\\/#primaryimage\"},\"image\":{\"@id\":\"https:\\\/\\\/www.bellunopress.it\\\/2019\\\/10\\\/26\\\/premio-treviso-creativity-week-la-bassanese-lucia-cuman-e-la-donna-dellanno\\\/#primaryimage\"},\"thumbnailUrl\":\"http:\\\/\\\/www.bellunopress.it\\\/wp-content\\\/uploads\\\/2019\\\/10\\\/Lucia-Cuman-donna-dellanno.jpg\",\"datePublished\":\"2019-10-26T18:06:23+00:00\",\"dateModified\":\"2019-10-26T18:06:28+00:00\",\"breadcrumb\":{\"@id\":\"https:\\\/\\\/www.bellunopress.it\\\/2019\\\/10\\\/26\\\/premio-treviso-creativity-week-la-bassanese-lucia-cuman-e-la-donna-dellanno\\\/#breadcrumb\"},\"inLanguage\":\"fr-FR\",\"potentialAction\":[{\"@type\":\"ReadAction\",\"target\":[\"https:\\\/\\\/www.bellunopress.it\\\/2019\\\/10\\\/26\\\/premio-treviso-creativity-week-la-bassanese-lucia-cuman-e-la-donna-dellanno\\\/\"]}]},{\"@type\":\"ImageObject\",\"inLanguage\":\"fr-FR\",\"@id\":\"https:\\\/\\\/www.bellunopress.it\\\/2019\\\/10\\\/26\\\/premio-treviso-creativity-week-la-bassanese-lucia-cuman-e-la-donna-dellanno\\\/#primaryimage\",\"url\":\"http:\\\/\\\/www.bellunopress.it\\\/wp-content\\\/uploads\\\/2019\\\/10\\\/Lucia-Cuman-donna-dellanno.jpg\",\"contentUrl\":\"http:\\\/\\\/www.bellunopress.it\\\/wp-content\\\/uploads\\\/2019\\\/10\\\/Lucia-Cuman-donna-dellanno.jpg\"},{\"@type\":\"BreadcrumbList\",\"@id\":\"https:\\\/\\\/www.bellunopress.it\\\/2019\\\/10\\\/26\\\/premio-treviso-creativity-week-la-bassanese-lucia-cuman-e-la-donna-dellanno\\\/#breadcrumb\",\"itemListElement\":[{\"@type\":\"ListItem\",\"position\":1,\"name\":\"Home\",\"item\":\"https:\\\/\\\/www.bellunopress.it\\\/\"},{\"@type\":\"ListItem\",\"position\":2,\"name\":\"Premio Treviso Creativity week. La bassanese Lucia Cuman \u00e8 la donna dell&#8217;anno\"}]},{\"@type\":\"WebSite\",\"@id\":\"https:\\\/\\\/www.bellunopress.it\\\/#website\",\"url\":\"https:\\\/\\\/www.bellunopress.it\\\/\",\"name\":\"Bellunopress - Dolomiti\",\"description\":\"e-mail: redazione@bellunopress.it\",\"publisher\":{\"@id\":\"https:\\\/\\\/www.bellunopress.it\\\/#organization\"},\"potentialAction\":[{\"@type\":\"SearchAction\",\"target\":{\"@type\":\"EntryPoint\",\"urlTemplate\":\"https:\\\/\\\/www.bellunopress.it\\\/?s={search_term_string}\"},\"query-input\":{\"@type\":\"PropertyValueSpecification\",\"valueRequired\":true,\"valueName\":\"search_term_string\"}}],\"inLanguage\":\"fr-FR\"},{\"@type\":\"Organization\",\"@id\":\"https:\\\/\\\/www.bellunopress.it\\\/#organization\",\"name\":\"Bellunopress\",\"url\":\"https:\\\/\\\/www.bellunopress.it\\\/\",\"logo\":{\"@type\":\"ImageObject\",\"inLanguage\":\"fr-FR\",\"@id\":\"https:\\\/\\\/www.bellunopress.it\\\/#\\\/schema\\\/logo\\\/image\\\/\",\"url\":\"https:\\\/\\\/www.bellunopress.it\\\/wp-content\\\/uploads\\\/2011\\\/05\\\/cropped-logo-bellunopress-.jpg\",\"contentUrl\":\"https:\\\/\\\/www.bellunopress.it\\\/wp-content\\\/uploads\\\/2011\\\/05\\\/cropped-logo-bellunopress-.jpg\",\"width\":512,\"height\":512,\"caption\":\"Bellunopress\"},\"image\":{\"@id\":\"https:\\\/\\\/www.bellunopress.it\\\/#\\\/schema\\\/logo\\\/image\\\/\"},\"sameAs\":[\"https:\\\/\\\/www.facebook.com\\\/profile.php?id=100008943462799\",\"https:\\\/\\\/x.com\\\/bellunopress\",\"https:\\\/\\\/www.linkedin.com\\\/hp\\\/?dnr=JBzUWaJfMUw8vbXJJ2tVW5-I3jZKvC4wsoxE&amp;amp;amp;amp;amp;amp;trk=nav_responsive_tab_home\",\"https:\\\/\\\/www.youtube.com\\\/channel\\\/UCxL0wu1uN0_3_7hGG0306cw\"]},{\"@type\":\"Person\",\"@id\":\"https:\\\/\\\/www.bellunopress.it\\\/#\\\/schema\\\/person\\\/79bb06722b37ece1c03d3e94beb30d73\",\"name\":\"redazione\",\"image\":{\"@type\":\"ImageObject\",\"inLanguage\":\"fr-FR\",\"@id\":\"https:\\\/\\\/secure.gravatar.com\\\/avatar\\\/37d968a2e67a6fd04c169c4bdef102d0bc5d31b2546345219e348575eb80e9a0?s=96&d=mm&r=g\",\"url\":\"https:\\\/\\\/secure.gravatar.com\\\/avatar\\\/37d968a2e67a6fd04c169c4bdef102d0bc5d31b2546345219e348575eb80e9a0?s=96&d=mm&r=g\",\"contentUrl\":\"https:\\\/\\\/secure.gravatar.com\\\/avatar\\\/37d968a2e67a6fd04c169c4bdef102d0bc5d31b2546345219e348575eb80e9a0?s=96&d=mm&r=g\",\"caption\":\"redazione\"},\"sameAs\":[\"http:\\\/\\\/www.bellunopress.it\",\"https:\\\/\\\/x.com\\\/bellunopress\"],\"url\":\"https:\\\/\\\/www.bellunopress.it\\\/fr\\\/author\\\/redazione\\\/\"}]}<\/script>\n<!-- \/ Yoast SEO plugin. -->","yoast_head_json":{"title":"Premio Treviso Creativity week. La bassanese Lucia Cuman \u00e8 la donna dell'anno - Bellunopress - Dolomiti","robots":{"index":"index","follow":"follow","max-snippet":"max-snippet:-1","max-image-preview":"max-image-preview:large","max-video-preview":"max-video-preview:-1"},"canonical":"https:\/\/www.bellunopress.it\/fr\/2019\/10\/26\/premio-treviso-creativity-week-la-bassanese-lucia-cuman-e-la-donna-dellanno\/","og_locale":"fr_FR","og_type":"article","og_title":"Premio Treviso Creativity week. La bassanese Lucia Cuman \u00e8 la donna dell'anno - Bellunopress - Dolomiti","og_description":"A Palazzo dei Trecento ha ricevuto un premio in denaro di 700 euro e un&#8217;opera artistica realizzata dagli studenti del Liceo Artistico. Premiata per la sua capacit\u00e0 di raccontare Olivetti, aveva coinvolto diecimila persone nel suo evento. Ecco i profili di tutte le 15 candidate, il premio nell&#8217;ambito della Treviso Creativity Week organizzata da Gianpaolo [&hellip;]","og_url":"https:\/\/www.bellunopress.it\/fr\/2019\/10\/26\/premio-treviso-creativity-week-la-bassanese-lucia-cuman-e-la-donna-dellanno\/","og_site_name":"Bellunopress - Dolomiti","article_publisher":"https:\/\/www.facebook.com\/profile.php?id=100008943462799","article_published_time":"2019-10-26T18:06:23+00:00","article_modified_time":"2019-10-26T18:06:28+00:00","og_image":[{"url":"http:\/\/www.bellunopress.it\/wp-content\/uploads\/2019\/10\/Lucia-Cuman-donna-dellanno.jpg","type":"","width":"","height":""}],"author":"redazione","twitter_card":"summary_large_image","twitter_creator":"@bellunopress","twitter_site":"@bellunopress","twitter_misc":{"Written by":"redazione","Est. reading time":"5 minutes"},"schema":{"@context":"https:\/\/schema.org","@graph":[{"@type":"Article","@id":"https:\/\/www.bellunopress.it\/2019\/10\/26\/premio-treviso-creativity-week-la-bassanese-lucia-cuman-e-la-donna-dellanno\/#article","isPartOf":{"@id":"https:\/\/www.bellunopress.it\/2019\/10\/26\/premio-treviso-creativity-week-la-bassanese-lucia-cuman-e-la-donna-dellanno\/"},"author":{"name":"redazione","@id":"https:\/\/www.bellunopress.it\/#\/schema\/person\/79bb06722b37ece1c03d3e94beb30d73"},"headline":"Premio Treviso Creativity week. La bassanese Lucia Cuman \u00e8 la donna dell&#8217;anno","datePublished":"2019-10-26T18:06:23+00:00","dateModified":"2019-10-26T18:06:28+00:00","mainEntityOfPage":{"@id":"https:\/\/www.bellunopress.it\/2019\/10\/26\/premio-treviso-creativity-week-la-bassanese-lucia-cuman-e-la-donna-dellanno\/"},"wordCount":956,"publisher":{"@id":"https:\/\/www.bellunopress.it\/#organization"},"image":{"@id":"https:\/\/www.bellunopress.it\/2019\/10\/26\/premio-treviso-creativity-week-la-bassanese-lucia-cuman-e-la-donna-dellanno\/#primaryimage"},"thumbnailUrl":"http:\/\/www.bellunopress.it\/wp-content\/uploads\/2019\/10\/Lucia-Cuman-donna-dellanno.jpg","articleSection":["Lavoro, Economia, Turismo","Prima Pagina"],"inLanguage":"fr-FR"},{"@type":"WebPage","@id":"https:\/\/www.bellunopress.it\/2019\/10\/26\/premio-treviso-creativity-week-la-bassanese-lucia-cuman-e-la-donna-dellanno\/","url":"https:\/\/www.bellunopress.it\/2019\/10\/26\/premio-treviso-creativity-week-la-bassanese-lucia-cuman-e-la-donna-dellanno\/","name":"Premio Treviso Creativity week. La bassanese Lucia Cuman \u00e8 la donna dell'anno - Bellunopress - Dolomiti","isPartOf":{"@id":"https:\/\/www.bellunopress.it\/#website"},"primaryImageOfPage":{"@id":"https:\/\/www.bellunopress.it\/2019\/10\/26\/premio-treviso-creativity-week-la-bassanese-lucia-cuman-e-la-donna-dellanno\/#primaryimage"},"image":{"@id":"https:\/\/www.bellunopress.it\/2019\/10\/26\/premio-treviso-creativity-week-la-bassanese-lucia-cuman-e-la-donna-dellanno\/#primaryimage"},"thumbnailUrl":"http:\/\/www.bellunopress.it\/wp-content\/uploads\/2019\/10\/Lucia-Cuman-donna-dellanno.jpg","datePublished":"2019-10-26T18:06:23+00:00","dateModified":"2019-10-26T18:06:28+00:00","breadcrumb":{"@id":"https:\/\/www.bellunopress.it\/2019\/10\/26\/premio-treviso-creativity-week-la-bassanese-lucia-cuman-e-la-donna-dellanno\/#breadcrumb"},"inLanguage":"fr-FR","potentialAction":[{"@type":"ReadAction","target":["https:\/\/www.bellunopress.it\/2019\/10\/26\/premio-treviso-creativity-week-la-bassanese-lucia-cuman-e-la-donna-dellanno\/"]}]},{"@type":"ImageObject","inLanguage":"fr-FR","@id":"https:\/\/www.bellunopress.it\/2019\/10\/26\/premio-treviso-creativity-week-la-bassanese-lucia-cuman-e-la-donna-dellanno\/#primaryimage","url":"http:\/\/www.bellunopress.it\/wp-content\/uploads\/2019\/10\/Lucia-Cuman-donna-dellanno.jpg","contentUrl":"http:\/\/www.bellunopress.it\/wp-content\/uploads\/2019\/10\/Lucia-Cuman-donna-dellanno.jpg"},{"@type":"BreadcrumbList","@id":"https:\/\/www.bellunopress.it\/2019\/10\/26\/premio-treviso-creativity-week-la-bassanese-lucia-cuman-e-la-donna-dellanno\/#breadcrumb","itemListElement":[{"@type":"ListItem","position":1,"name":"Home","item":"https:\/\/www.bellunopress.it\/"},{"@type":"ListItem","position":2,"name":"Premio Treviso Creativity week. La bassanese Lucia Cuman \u00e8 la donna dell&#8217;anno"}]},{"@type":"WebSite","@id":"https:\/\/www.bellunopress.it\/#website","url":"https:\/\/www.bellunopress.it\/","name":"Bellunopress - Dolomiti","description":"e-mail: redazione@bellunopress.it","publisher":{"@id":"https:\/\/www.bellunopress.it\/#organization"},"potentialAction":[{"@type":"SearchAction","target":{"@type":"EntryPoint","urlTemplate":"https:\/\/www.bellunopress.it\/?s={search_term_string}"},"query-input":{"@type":"PropertyValueSpecification","valueRequired":true,"valueName":"search_term_string"}}],"inLanguage":"fr-FR"},{"@type":"Organization","@id":"https:\/\/www.bellunopress.it\/#organization","name":"Bellunopress","url":"https:\/\/www.bellunopress.it\/","logo":{"@type":"ImageObject","inLanguage":"fr-FR","@id":"https:\/\/www.bellunopress.it\/#\/schema\/logo\/image\/","url":"https:\/\/www.bellunopress.it\/wp-content\/uploads\/2011\/05\/cropped-logo-bellunopress-.jpg","contentUrl":"https:\/\/www.bellunopress.it\/wp-content\/uploads\/2011\/05\/cropped-logo-bellunopress-.jpg","width":512,"height":512,"caption":"Bellunopress"},"image":{"@id":"https:\/\/www.bellunopress.it\/#\/schema\/logo\/image\/"},"sameAs":["https:\/\/www.facebook.com\/profile.php?id=100008943462799","https:\/\/x.com\/bellunopress","https:\/\/www.linkedin.com\/hp\/?dnr=JBzUWaJfMUw8vbXJJ2tVW5-I3jZKvC4wsoxE&amp;amp;amp;amp;amp;amp;trk=nav_responsive_tab_home","https:\/\/www.youtube.com\/channel\/UCxL0wu1uN0_3_7hGG0306cw"]},{"@type":"Person","@id":"https:\/\/www.bellunopress.it\/#\/schema\/person\/79bb06722b37ece1c03d3e94beb30d73","name":"r\u00e9daction","image":{"@type":"ImageObject","inLanguage":"fr-FR","@id":"https:\/\/secure.gravatar.com\/avatar\/37d968a2e67a6fd04c169c4bdef102d0bc5d31b2546345219e348575eb80e9a0?s=96&d=mm&r=g","url":"https:\/\/secure.gravatar.com\/avatar\/37d968a2e67a6fd04c169c4bdef102d0bc5d31b2546345219e348575eb80e9a0?s=96&d=mm&r=g","contentUrl":"https:\/\/secure.gravatar.com\/avatar\/37d968a2e67a6fd04c169c4bdef102d0bc5d31b2546345219e348575eb80e9a0?s=96&d=mm&r=g","caption":"redazione"},"sameAs":["http:\/\/www.bellunopress.it","https:\/\/x.com\/bellunopress"],"url":"https:\/\/www.bellunopress.it\/fr\/author\/redazione\/"}]}},"_links":{"self":[{"href":"https:\/\/www.bellunopress.it\/fr\/wp-json\/wp\/v2\/posts\/109090","targetHints":{"allow":["GET"]}}],"collection":[{"href":"https:\/\/www.bellunopress.it\/fr\/wp-json\/wp\/v2\/posts"}],"about":[{"href":"https:\/\/www.bellunopress.it\/fr\/wp-json\/wp\/v2\/types\/post"}],"author":[{"embeddable":true,"href":"https:\/\/www.bellunopress.it\/fr\/wp-json\/wp\/v2\/users\/2"}],"replies":[{"embeddable":true,"href":"https:\/\/www.bellunopress.it\/fr\/wp-json\/wp\/v2\/comments?post=109090"}],"version-history":[{"count":2,"href":"https:\/\/www.bellunopress.it\/fr\/wp-json\/wp\/v2\/posts\/109090\/revisions"}],"predecessor-version":[{"id":109093,"href":"https:\/\/www.bellunopress.it\/fr\/wp-json\/wp\/v2\/posts\/109090\/revisions\/109093"}],"wp:attachment":[{"href":"https:\/\/www.bellunopress.it\/fr\/wp-json\/wp\/v2\/media?parent=109090"}],"wp:term":[{"taxonomy":"category","embeddable":true,"href":"https:\/\/www.bellunopress.it\/fr\/wp-json\/wp\/v2\/categories?post=109090"},{"taxonomy":"post_tag","embeddable":true,"href":"https:\/\/www.bellunopress.it\/fr\/wp-json\/wp\/v2\/tags?post=109090"}],"curies":[{"name":"wp","href":"https:\/\/api.w.org\/{rel}","templated":true}]}}