{"id":109081,"date":"2019-10-25T23:41:21","date_gmt":"2019-10-25T21:41:21","guid":{"rendered":"http:\/\/www.bellunopress.it\/?p=109081"},"modified":"2019-10-25T23:41:22","modified_gmt":"2019-10-25T21:41:22","slug":"taglio-del-nastro-ad-auto-e-moto-depoca-alla-fiera-di-padova","status":"publish","type":"post","link":"https:\/\/www.bellunopress.it\/fr\/2019\/10\/25\/taglio-del-nastro-ad-auto-e-moto-depoca-alla-fiera-di-padova\/","title":{"rendered":"Taglio del nastro ad Auto e moto d&#8217;epoca alla Fiera di Padova"},"content":{"rendered":"<figure id=\"attachment_109082\" aria-describedby=\"caption-attachment-109082\" style=\"width: 300px\" class=\"wp-caption alignleft\"><a href=\"http:\/\/www.bellunopress.it\/fr\/2019\/10\/25\/taglio-del-nastro-ad-auto-e-moto-depoca-alla-fiera-di-padova\/ferrari-3\/\" rel=\"attachment wp-att-109082\"><img loading=\"lazy\" decoding=\"async\" class=\"size-full wp-image-109082\" src=\"http:\/\/www.bellunopress.it\/wp-content\/uploads\/2019\/10\/Ferrari.jpg\" alt=\"\" width=\"300\" height=\"200\" \/><\/a><figcaption id=\"caption-attachment-109082\" class=\"wp-caption-text\">Ferrari Monza Sp<\/figcaption><\/figure>\n<p>Padova, 25 ottobre 2019 &#8211; Aperta questa mattina la 36a edizione di Auto e Moto d\u2019Epoca, che prosegue alla Fiera di Padova fino a domenica 27 ottobre.<\/p>\n<p>\u201cCi tengo innanzitutto a ringraziare le persone che hanno consentito che la fiera si svolgesse nel migliore dei modi, in particolare il Sindaco Giordani, l\u2019assessore Colasio e il presidente della Fiera Santocono \u2013 ha sottolineato Mario Carlo Baccaglini di Intermeeting nel dare il suo benvenuto alle autorit\u00e0 presenti \u2013 e sono quindi onorato di accogliervi qui oggi ad Auto e Moto d\u2019Epoca. Un evento eccezionale, che attira appassionati da tutto il mondo e che d\u00e0 alla citt\u00e0 di Padova una notoriet\u00e0 internazionale enorme\u201d.<\/p>\n<p>\u201cLe auto vecchie vanno rottamate, perch\u00e9 sono inquinanti e poco sicure. Con le liste di salvaguardia &#8211; ha detto il presidente dell&#8217;Aci Angelo Sticchi Damiani &#8211; possiamo e dobbiamo fare una differenza netta a tutela delle auto storiche, che invece rappresentano un elemento di prestigio, anche per la vita stessa dei centri storici delle citt\u00e0, con tassi di inquinamento bassissimi vista anche la cura prestata dai proprietari\u201d.<br \/>\n\u201cDobbiamo dare risalto a questo patrimonio che \u00e8 tutto italiano \u2013 ha dichiarato Giuseppe Pan, assessore regionale all\u2019Agricoltura \u2013 Ogni mezzo storico, anche nel nostro settore, ha un\u2019anima e un valore culturale da tutelare\u201d.<\/p>\n<p>Il presidente della Camera di commercio di Padova, Antonio Santocono ha posto l\u2019attenzione sul significato di Auto Moto d\u2019Epoca per la citt\u00e0: \u201cIl mondo delle imprese e quello delle associazioni non pu\u00f2 che essere grato a questo evento, a cui non possiamo far mancare il nostro sostegno. Ci apprestiamo a vivere quattro giorni di un\u2019intensit\u00e0 unica, che portano sul territorio un indotto economico molto importante\u201d.<\/p>\n<p>\u201cIl territorio va valorizzato facendo sistema, anche con la fiera \u2013 ha sottolineato il Presidente della Provincia di Padova Fabio Bui \u2013 e per questo un evento come quello che si apre oggi rappresenta un\u2019occasione perfetta per presentare e valorizzare le eccellenze del territorio\u201d.<\/p>\n<p>A chiudere l\u2019inaugurazione ufficiale il sindaco Sergio Giordani: \u201cEssere qui ad aprire questa nuova edizione di Auto e Moto d\u2019Epoca \u00e8 frutto di uno sforzo collettivo e ringrazio tutti per il contributo. Questo \u00e8 un evento importane, la fiera di Padova \u00e8 importante, e grazie alla collaborazione di enti e istituzioni del territorio sono certo che riusciremo a far emergere il carattere eccezionale di questa citt\u00e0, una citt\u00e0 europea di cui dobbiamo essere orgogliosi\u201d<br \/>\nLe autorit\u00e0 presenti hanno poi visitato l\u2019esposizione Le rosse in abito da corsa che riunisce 8 eccezionali barchette Ferrari, accompagnati dal presidente dell\u2019Aci Sticchi Damiani che ha illustrato la storia delle singole vetture.<\/p>\n<p>&nbsp;<\/p>\n<p><strong>Il programma di sabato. Il raduno delle &#8220;giovani&#8221; e gli appuntamenti pi\u00f9 importanti per gli appassionati Classic<\/strong><\/p>\n<p>La terza giornata del salone guarda al futuro dell&#8217;auto d&#8217;epoca: dalle youngtimers alla fiscalit\u00e0<\/p>\n<p>RADUNO YOUNGTIMER: Dopo il grande favore incontrato nelle precedenti tre edizioni, Ruoteclassiche e Youngtimer riportano in scena a Padova il Raduno Youngtimer, dedicato alle automobili immatricolate dal 1980 in poi. L&#8217;evento, che rappresenta a tutti gli effetti un tributo per una categoria di vetture sempre pi\u00f9 apprezzate dai giovani collezionisti, si svolger\u00e0 sabato 26 ottobre negli spazi antistanti la Fiera. Sei le categorie in gara: &#8220;Miglior sportiva&#8221;, &#8220;La scoperta pi\u00f9 bella&#8221;, &#8220;La pi\u00f9 anziana meglio conservata&#8221;, &#8220;La pi\u00f9 giovane originale&#8221;, &#8220;Quella che arriva da pi\u00f9 lontano&#8221;, &#8220;La famigliare pi\u00f9 in forma&#8221;.<\/p>\n<p>IL MONDO DELL&#8217;AUTO D&#8217;EPOCA A CONSIGLIO. Un parterre d&#8217;eccezione per un tema che pesa sul futuro del settore. Alle 12:00 presso lo stand Aci storico padiglione 3 l&#8217;incontro dedicato &#8220;fiscalit\u00e0 e auto storiche&#8221; con i presidenti di ACI e ASI e ai responsabili degli importanti registri Alfa Romeo, Lancia e associazione AVVS.<\/p>\n<p>&#8220;IL MOTORISMO STORICO SULLO SCENARIO INTERNAZIONALE&#8221;. Un&#8217;ora prima \u2013 alle 11:00 allo stand ASI padiglione 4 &#8211; un altro incontro di altissimo livello con il presidente della Federazione internazionale Veicoli Antichi (FIVA) Patrick Rollet e un&#8217;autorit\u00e0 in materia di auto storiche come Antonio Ghini.<\/p>","protected":false},"excerpt":{"rendered":"<p>Padova, 25 ottobre 2019 &#8211; Aperta questa mattina la 36a edizione di Auto e Moto d\u2019Epoca, che prosegue alla Fiera di Padova fino a domenica 27 ottobre. \u201cCi tengo innanzitutto a ringraziare le persone che hanno consentito che la fiera si svolgesse nel migliore dei modi, in particolare il Sindaco Giordani, l\u2019assessore Colasio e il [&hellip;]<\/p>\n","protected":false},"author":2,"featured_media":0,"comment_status":"closed","ping_status":"open","sticky":false,"template":"","format":"standard","meta":{"footnotes":""},"categories":[27,26,4],"tags":[],"class_list":["post-109081","post","type-post","status-publish","format-standard","category-appuntamenti","category-prima-pagina","category-sport"],"yoast_head":"<!-- This site is optimized with the Yoast SEO plugin v28.4 - https:\/\/yoast.com\/product\/yoast-seo-wordpress\/ -->\n<title>Taglio del nastro ad Auto e moto d&#039;epoca alla Fiera di Padova - Bellunopress - Dolomiti<\/title>\n<meta name=\"robots\" content=\"index, follow, max-snippet:-1, max-image-preview:large, max-video-preview:-1\" \/>\n<link rel=\"canonical\" href=\"https:\/\/www.bellunopress.it\/fr\/2019\/10\/25\/taglio-del-nastro-ad-auto-e-moto-depoca-alla-fiera-di-padova\/\" \/>\n<meta property=\"og:locale\" content=\"fr_FR\" \/>\n<meta property=\"og:type\" content=\"article\" \/>\n<meta property=\"og:title\" content=\"Taglio del nastro ad Auto e moto d&#039;epoca alla Fiera di Padova - Bellunopress - Dolomiti\" \/>\n<meta property=\"og:description\" content=\"Padova, 25 ottobre 2019 &#8211; Aperta questa mattina la 36a edizione di Auto e Moto d\u2019Epoca, che prosegue alla Fiera di Padova fino a domenica 27 ottobre. \u201cCi tengo innanzitutto a ringraziare le persone che hanno consentito che la fiera si svolgesse nel migliore dei modi, in particolare il Sindaco Giordani, l\u2019assessore Colasio e il [&hellip;]\" \/>\n<meta property=\"og:url\" content=\"https:\/\/www.bellunopress.it\/fr\/2019\/10\/25\/taglio-del-nastro-ad-auto-e-moto-depoca-alla-fiera-di-padova\/\" \/>\n<meta property=\"og:site_name\" content=\"Bellunopress - Dolomiti\" \/>\n<meta property=\"article:publisher\" content=\"https:\/\/www.facebook.com\/profile.php?id=100008943462799\" \/>\n<meta property=\"article:published_time\" content=\"2019-10-25T21:41:21+00:00\" \/>\n<meta property=\"article:modified_time\" content=\"2019-10-25T21:41:22+00:00\" \/>\n<meta property=\"og:image\" content=\"http:\/\/www.bellunopress.it\/wp-content\/uploads\/2019\/10\/Ferrari.jpg\" \/>\n<meta name=\"author\" content=\"redazione\" \/>\n<meta name=\"twitter:card\" content=\"summary_large_image\" \/>\n<meta name=\"twitter:creator\" content=\"@bellunopress\" \/>\n<meta name=\"twitter:site\" content=\"@bellunopress\" \/>\n<meta name=\"twitter:label1\" content=\"Written by\" \/>\n\t<meta name=\"twitter:data1\" content=\"redazione\" \/>\n\t<meta name=\"twitter:label2\" content=\"Est. reading time\" \/>\n\t<meta name=\"twitter:data2\" content=\"3 minutes\" \/>\n<script type=\"application\/ld+json\" class=\"yoast-schema-graph\">{\"@context\":\"https:\\\/\\\/schema.org\",\"@graph\":[{\"@type\":\"Article\",\"@id\":\"https:\\\/\\\/www.bellunopress.it\\\/2019\\\/10\\\/25\\\/taglio-del-nastro-ad-auto-e-moto-depoca-alla-fiera-di-padova\\\/#article\",\"isPartOf\":{\"@id\":\"https:\\\/\\\/www.bellunopress.it\\\/2019\\\/10\\\/25\\\/taglio-del-nastro-ad-auto-e-moto-depoca-alla-fiera-di-padova\\\/\"},\"author\":{\"name\":\"redazione\",\"@id\":\"https:\\\/\\\/www.bellunopress.it\\\/#\\\/schema\\\/person\\\/79bb06722b37ece1c03d3e94beb30d73\"},\"headline\":\"Taglio del nastro ad Auto e moto d&#8217;epoca alla Fiera di Padova\",\"datePublished\":\"2019-10-25T21:41:21+00:00\",\"dateModified\":\"2019-10-25T21:41:22+00:00\",\"mainEntityOfPage\":{\"@id\":\"https:\\\/\\\/www.bellunopress.it\\\/2019\\\/10\\\/25\\\/taglio-del-nastro-ad-auto-e-moto-depoca-alla-fiera-di-padova\\\/\"},\"wordCount\":671,\"publisher\":{\"@id\":\"https:\\\/\\\/www.bellunopress.it\\\/#organization\"},\"image\":{\"@id\":\"https:\\\/\\\/www.bellunopress.it\\\/2019\\\/10\\\/25\\\/taglio-del-nastro-ad-auto-e-moto-depoca-alla-fiera-di-padova\\\/#primaryimage\"},\"thumbnailUrl\":\"http:\\\/\\\/www.bellunopress.it\\\/wp-content\\\/uploads\\\/2019\\\/10\\\/Ferrari.jpg\",\"articleSection\":[\"Appuntamenti, Eventi\",\"Prima Pagina\",\"Sport, tempo libero\"],\"inLanguage\":\"fr-FR\"},{\"@type\":\"WebPage\",\"@id\":\"https:\\\/\\\/www.bellunopress.it\\\/2019\\\/10\\\/25\\\/taglio-del-nastro-ad-auto-e-moto-depoca-alla-fiera-di-padova\\\/\",\"url\":\"https:\\\/\\\/www.bellunopress.it\\\/2019\\\/10\\\/25\\\/taglio-del-nastro-ad-auto-e-moto-depoca-alla-fiera-di-padova\\\/\",\"name\":\"Taglio del nastro ad Auto e moto d'epoca alla Fiera di Padova - Bellunopress - Dolomiti\",\"isPartOf\":{\"@id\":\"https:\\\/\\\/www.bellunopress.it\\\/#website\"},\"primaryImageOfPage\":{\"@id\":\"https:\\\/\\\/www.bellunopress.it\\\/2019\\\/10\\\/25\\\/taglio-del-nastro-ad-auto-e-moto-depoca-alla-fiera-di-padova\\\/#primaryimage\"},\"image\":{\"@id\":\"https:\\\/\\\/www.bellunopress.it\\\/2019\\\/10\\\/25\\\/taglio-del-nastro-ad-auto-e-moto-depoca-alla-fiera-di-padova\\\/#primaryimage\"},\"thumbnailUrl\":\"http:\\\/\\\/www.bellunopress.it\\\/wp-content\\\/uploads\\\/2019\\\/10\\\/Ferrari.jpg\",\"datePublished\":\"2019-10-25T21:41:21+00:00\",\"dateModified\":\"2019-10-25T21:41:22+00:00\",\"breadcrumb\":{\"@id\":\"https:\\\/\\\/www.bellunopress.it\\\/2019\\\/10\\\/25\\\/taglio-del-nastro-ad-auto-e-moto-depoca-alla-fiera-di-padova\\\/#breadcrumb\"},\"inLanguage\":\"fr-FR\",\"potentialAction\":[{\"@type\":\"ReadAction\",\"target\":[\"https:\\\/\\\/www.bellunopress.it\\\/2019\\\/10\\\/25\\\/taglio-del-nastro-ad-auto-e-moto-depoca-alla-fiera-di-padova\\\/\"]}]},{\"@type\":\"ImageObject\",\"inLanguage\":\"fr-FR\",\"@id\":\"https:\\\/\\\/www.bellunopress.it\\\/2019\\\/10\\\/25\\\/taglio-del-nastro-ad-auto-e-moto-depoca-alla-fiera-di-padova\\\/#primaryimage\",\"url\":\"http:\\\/\\\/www.bellunopress.it\\\/wp-content\\\/uploads\\\/2019\\\/10\\\/Ferrari.jpg\",\"contentUrl\":\"http:\\\/\\\/www.bellunopress.it\\\/wp-content\\\/uploads\\\/2019\\\/10\\\/Ferrari.jpg\"},{\"@type\":\"BreadcrumbList\",\"@id\":\"https:\\\/\\\/www.bellunopress.it\\\/2019\\\/10\\\/25\\\/taglio-del-nastro-ad-auto-e-moto-depoca-alla-fiera-di-padova\\\/#breadcrumb\",\"itemListElement\":[{\"@type\":\"ListItem\",\"position\":1,\"name\":\"Home\",\"item\":\"https:\\\/\\\/www.bellunopress.it\\\/\"},{\"@type\":\"ListItem\",\"position\":2,\"name\":\"Taglio del nastro ad Auto e moto d&#8217;epoca alla Fiera di Padova\"}]},{\"@type\":\"WebSite\",\"@id\":\"https:\\\/\\\/www.bellunopress.it\\\/#website\",\"url\":\"https:\\\/\\\/www.bellunopress.it\\\/\",\"name\":\"Bellunopress - Dolomiti\",\"description\":\"e-mail: redazione@bellunopress.it\",\"publisher\":{\"@id\":\"https:\\\/\\\/www.bellunopress.it\\\/#organization\"},\"potentialAction\":[{\"@type\":\"SearchAction\",\"target\":{\"@type\":\"EntryPoint\",\"urlTemplate\":\"https:\\\/\\\/www.bellunopress.it\\\/?s={search_term_string}\"},\"query-input\":{\"@type\":\"PropertyValueSpecification\",\"valueRequired\":true,\"valueName\":\"search_term_string\"}}],\"inLanguage\":\"fr-FR\"},{\"@type\":\"Organization\",\"@id\":\"https:\\\/\\\/www.bellunopress.it\\\/#organization\",\"name\":\"Bellunopress\",\"url\":\"https:\\\/\\\/www.bellunopress.it\\\/\",\"logo\":{\"@type\":\"ImageObject\",\"inLanguage\":\"fr-FR\",\"@id\":\"https:\\\/\\\/www.bellunopress.it\\\/#\\\/schema\\\/logo\\\/image\\\/\",\"url\":\"https:\\\/\\\/www.bellunopress.it\\\/wp-content\\\/uploads\\\/2011\\\/05\\\/cropped-logo-bellunopress-.jpg\",\"contentUrl\":\"https:\\\/\\\/www.bellunopress.it\\\/wp-content\\\/uploads\\\/2011\\\/05\\\/cropped-logo-bellunopress-.jpg\",\"width\":512,\"height\":512,\"caption\":\"Bellunopress\"},\"image\":{\"@id\":\"https:\\\/\\\/www.bellunopress.it\\\/#\\\/schema\\\/logo\\\/image\\\/\"},\"sameAs\":[\"https:\\\/\\\/www.facebook.com\\\/profile.php?id=100008943462799\",\"https:\\\/\\\/x.com\\\/bellunopress\",\"https:\\\/\\\/www.linkedin.com\\\/hp\\\/?dnr=JBzUWaJfMUw8vbXJJ2tVW5-I3jZKvC4wsoxE&amp;amp;amp;amp;amp;amp;trk=nav_responsive_tab_home\",\"https:\\\/\\\/www.youtube.com\\\/channel\\\/UCxL0wu1uN0_3_7hGG0306cw\"]},{\"@type\":\"Person\",\"@id\":\"https:\\\/\\\/www.bellunopress.it\\\/#\\\/schema\\\/person\\\/79bb06722b37ece1c03d3e94beb30d73\",\"name\":\"redazione\",\"image\":{\"@type\":\"ImageObject\",\"inLanguage\":\"fr-FR\",\"@id\":\"https:\\\/\\\/secure.gravatar.com\\\/avatar\\\/37d968a2e67a6fd04c169c4bdef102d0bc5d31b2546345219e348575eb80e9a0?s=96&d=mm&r=g\",\"url\":\"https:\\\/\\\/secure.gravatar.com\\\/avatar\\\/37d968a2e67a6fd04c169c4bdef102d0bc5d31b2546345219e348575eb80e9a0?s=96&d=mm&r=g\",\"contentUrl\":\"https:\\\/\\\/secure.gravatar.com\\\/avatar\\\/37d968a2e67a6fd04c169c4bdef102d0bc5d31b2546345219e348575eb80e9a0?s=96&d=mm&r=g\",\"caption\":\"redazione\"},\"sameAs\":[\"http:\\\/\\\/www.bellunopress.it\",\"https:\\\/\\\/x.com\\\/bellunopress\"],\"url\":\"https:\\\/\\\/www.bellunopress.it\\\/fr\\\/author\\\/redazione\\\/\"}]}<\/script>\n<!-- \/ Yoast SEO plugin. -->","yoast_head_json":{"title":"Taglio del nastro ad Auto e moto d'epoca alla Fiera di Padova - Bellunopress - Dolomiti","robots":{"index":"index","follow":"follow","max-snippet":"max-snippet:-1","max-image-preview":"max-image-preview:large","max-video-preview":"max-video-preview:-1"},"canonical":"https:\/\/www.bellunopress.it\/fr\/2019\/10\/25\/taglio-del-nastro-ad-auto-e-moto-depoca-alla-fiera-di-padova\/","og_locale":"fr_FR","og_type":"article","og_title":"Taglio del nastro ad Auto e moto d'epoca alla Fiera di Padova - Bellunopress - Dolomiti","og_description":"Padova, 25 ottobre 2019 &#8211; Aperta questa mattina la 36a edizione di Auto e Moto d\u2019Epoca, che prosegue alla Fiera di Padova fino a domenica 27 ottobre. \u201cCi tengo innanzitutto a ringraziare le persone che hanno consentito che la fiera si svolgesse nel migliore dei modi, in particolare il Sindaco Giordani, l\u2019assessore Colasio e il [&hellip;]","og_url":"https:\/\/www.bellunopress.it\/fr\/2019\/10\/25\/taglio-del-nastro-ad-auto-e-moto-depoca-alla-fiera-di-padova\/","og_site_name":"Bellunopress - Dolomiti","article_publisher":"https:\/\/www.facebook.com\/profile.php?id=100008943462799","article_published_time":"2019-10-25T21:41:21+00:00","article_modified_time":"2019-10-25T21:41:22+00:00","og_image":[{"url":"http:\/\/www.bellunopress.it\/wp-content\/uploads\/2019\/10\/Ferrari.jpg","type":"","width":"","height":""}],"author":"redazione","twitter_card":"summary_large_image","twitter_creator":"@bellunopress","twitter_site":"@bellunopress","twitter_misc":{"Written by":"redazione","Est. reading time":"3 minutes"},"schema":{"@context":"https:\/\/schema.org","@graph":[{"@type":"Article","@id":"https:\/\/www.bellunopress.it\/2019\/10\/25\/taglio-del-nastro-ad-auto-e-moto-depoca-alla-fiera-di-padova\/#article","isPartOf":{"@id":"https:\/\/www.bellunopress.it\/2019\/10\/25\/taglio-del-nastro-ad-auto-e-moto-depoca-alla-fiera-di-padova\/"},"author":{"name":"redazione","@id":"https:\/\/www.bellunopress.it\/#\/schema\/person\/79bb06722b37ece1c03d3e94beb30d73"},"headline":"Taglio del nastro ad Auto e moto d&#8217;epoca alla Fiera di Padova","datePublished":"2019-10-25T21:41:21+00:00","dateModified":"2019-10-25T21:41:22+00:00","mainEntityOfPage":{"@id":"https:\/\/www.bellunopress.it\/2019\/10\/25\/taglio-del-nastro-ad-auto-e-moto-depoca-alla-fiera-di-padova\/"},"wordCount":671,"publisher":{"@id":"https:\/\/www.bellunopress.it\/#organization"},"image":{"@id":"https:\/\/www.bellunopress.it\/2019\/10\/25\/taglio-del-nastro-ad-auto-e-moto-depoca-alla-fiera-di-padova\/#primaryimage"},"thumbnailUrl":"http:\/\/www.bellunopress.it\/wp-content\/uploads\/2019\/10\/Ferrari.jpg","articleSection":["Appuntamenti, Eventi","Prima Pagina","Sport, tempo libero"],"inLanguage":"fr-FR"},{"@type":"WebPage","@id":"https:\/\/www.bellunopress.it\/2019\/10\/25\/taglio-del-nastro-ad-auto-e-moto-depoca-alla-fiera-di-padova\/","url":"https:\/\/www.bellunopress.it\/2019\/10\/25\/taglio-del-nastro-ad-auto-e-moto-depoca-alla-fiera-di-padova\/","name":"Taglio del nastro ad Auto e moto d'epoca alla Fiera di Padova - Bellunopress - Dolomiti","isPartOf":{"@id":"https:\/\/www.bellunopress.it\/#website"},"primaryImageOfPage":{"@id":"https:\/\/www.bellunopress.it\/2019\/10\/25\/taglio-del-nastro-ad-auto-e-moto-depoca-alla-fiera-di-padova\/#primaryimage"},"image":{"@id":"https:\/\/www.bellunopress.it\/2019\/10\/25\/taglio-del-nastro-ad-auto-e-moto-depoca-alla-fiera-di-padova\/#primaryimage"},"thumbnailUrl":"http:\/\/www.bellunopress.it\/wp-content\/uploads\/2019\/10\/Ferrari.jpg","datePublished":"2019-10-25T21:41:21+00:00","dateModified":"2019-10-25T21:41:22+00:00","breadcrumb":{"@id":"https:\/\/www.bellunopress.it\/2019\/10\/25\/taglio-del-nastro-ad-auto-e-moto-depoca-alla-fiera-di-padova\/#breadcrumb"},"inLanguage":"fr-FR","potentialAction":[{"@type":"ReadAction","target":["https:\/\/www.bellunopress.it\/2019\/10\/25\/taglio-del-nastro-ad-auto-e-moto-depoca-alla-fiera-di-padova\/"]}]},{"@type":"ImageObject","inLanguage":"fr-FR","@id":"https:\/\/www.bellunopress.it\/2019\/10\/25\/taglio-del-nastro-ad-auto-e-moto-depoca-alla-fiera-di-padova\/#primaryimage","url":"http:\/\/www.bellunopress.it\/wp-content\/uploads\/2019\/10\/Ferrari.jpg","contentUrl":"http:\/\/www.bellunopress.it\/wp-content\/uploads\/2019\/10\/Ferrari.jpg"},{"@type":"BreadcrumbList","@id":"https:\/\/www.bellunopress.it\/2019\/10\/25\/taglio-del-nastro-ad-auto-e-moto-depoca-alla-fiera-di-padova\/#breadcrumb","itemListElement":[{"@type":"ListItem","position":1,"name":"Home","item":"https:\/\/www.bellunopress.it\/"},{"@type":"ListItem","position":2,"name":"Taglio del nastro ad Auto e moto d&#8217;epoca alla Fiera di Padova"}]},{"@type":"WebSite","@id":"https:\/\/www.bellunopress.it\/#website","url":"https:\/\/www.bellunopress.it\/","name":"Bellunopress - Dolomiti","description":"e-mail: redazione@bellunopress.it","publisher":{"@id":"https:\/\/www.bellunopress.it\/#organization"},"potentialAction":[{"@type":"SearchAction","target":{"@type":"EntryPoint","urlTemplate":"https:\/\/www.bellunopress.it\/?s={search_term_string}"},"query-input":{"@type":"PropertyValueSpecification","valueRequired":true,"valueName":"search_term_string"}}],"inLanguage":"fr-FR"},{"@type":"Organization","@id":"https:\/\/www.bellunopress.it\/#organization","name":"Bellunopress","url":"https:\/\/www.bellunopress.it\/","logo":{"@type":"ImageObject","inLanguage":"fr-FR","@id":"https:\/\/www.bellunopress.it\/#\/schema\/logo\/image\/","url":"https:\/\/www.bellunopress.it\/wp-content\/uploads\/2011\/05\/cropped-logo-bellunopress-.jpg","contentUrl":"https:\/\/www.bellunopress.it\/wp-content\/uploads\/2011\/05\/cropped-logo-bellunopress-.jpg","width":512,"height":512,"caption":"Bellunopress"},"image":{"@id":"https:\/\/www.bellunopress.it\/#\/schema\/logo\/image\/"},"sameAs":["https:\/\/www.facebook.com\/profile.php?id=100008943462799","https:\/\/x.com\/bellunopress","https:\/\/www.linkedin.com\/hp\/?dnr=JBzUWaJfMUw8vbXJJ2tVW5-I3jZKvC4wsoxE&amp;amp;amp;amp;amp;amp;trk=nav_responsive_tab_home","https:\/\/www.youtube.com\/channel\/UCxL0wu1uN0_3_7hGG0306cw"]},{"@type":"Person","@id":"https:\/\/www.bellunopress.it\/#\/schema\/person\/79bb06722b37ece1c03d3e94beb30d73","name":"r\u00e9daction","image":{"@type":"ImageObject","inLanguage":"fr-FR","@id":"https:\/\/secure.gravatar.com\/avatar\/37d968a2e67a6fd04c169c4bdef102d0bc5d31b2546345219e348575eb80e9a0?s=96&d=mm&r=g","url":"https:\/\/secure.gravatar.com\/avatar\/37d968a2e67a6fd04c169c4bdef102d0bc5d31b2546345219e348575eb80e9a0?s=96&d=mm&r=g","contentUrl":"https:\/\/secure.gravatar.com\/avatar\/37d968a2e67a6fd04c169c4bdef102d0bc5d31b2546345219e348575eb80e9a0?s=96&d=mm&r=g","caption":"redazione"},"sameAs":["http:\/\/www.bellunopress.it","https:\/\/x.com\/bellunopress"],"url":"https:\/\/www.bellunopress.it\/fr\/author\/redazione\/"}]}},"_links":{"self":[{"href":"https:\/\/www.bellunopress.it\/fr\/wp-json\/wp\/v2\/posts\/109081","targetHints":{"allow":["GET"]}}],"collection":[{"href":"https:\/\/www.bellunopress.it\/fr\/wp-json\/wp\/v2\/posts"}],"about":[{"href":"https:\/\/www.bellunopress.it\/fr\/wp-json\/wp\/v2\/types\/post"}],"author":[{"embeddable":true,"href":"https:\/\/www.bellunopress.it\/fr\/wp-json\/wp\/v2\/users\/2"}],"replies":[{"embeddable":true,"href":"https:\/\/www.bellunopress.it\/fr\/wp-json\/wp\/v2\/comments?post=109081"}],"version-history":[{"count":2,"href":"https:\/\/www.bellunopress.it\/fr\/wp-json\/wp\/v2\/posts\/109081\/revisions"}],"predecessor-version":[{"id":109084,"href":"https:\/\/www.bellunopress.it\/fr\/wp-json\/wp\/v2\/posts\/109081\/revisions\/109084"}],"wp:attachment":[{"href":"https:\/\/www.bellunopress.it\/fr\/wp-json\/wp\/v2\/media?parent=109081"}],"wp:term":[{"taxonomy":"category","embeddable":true,"href":"https:\/\/www.bellunopress.it\/fr\/wp-json\/wp\/v2\/categories?post=109081"},{"taxonomy":"post_tag","embeddable":true,"href":"https:\/\/www.bellunopress.it\/fr\/wp-json\/wp\/v2\/tags?post=109081"}],"curies":[{"name":"wp","href":"https:\/\/api.w.org\/{rel}","templated":true}]}}