{"id":109077,"date":"2019-10-25T23:01:40","date_gmt":"2019-10-25T21:01:40","guid":{"rendered":"http:\/\/www.bellunopress.it\/?p=109077"},"modified":"2019-10-25T23:01:43","modified_gmt":"2019-10-25T21:01:43","slug":"la-mobilita-italiana-il-tempo-delle-scelte-rapporto-italiani-nel-mondo-2019-con-22-803-partenze-continua-il-solido-primato-della-lombardia-seguita-dal-veneto-13-329","status":"publish","type":"post","link":"https:\/\/www.bellunopress.it\/fr\/2019\/10\/25\/la-mobilita-italiana-il-tempo-delle-scelte-rapporto-italiani-nel-mondo-2019-con-22-803-partenze-continua-il-solido-primato-della-lombardia-seguita-dal-veneto-13-329\/","title":{"rendered":"La mobilit\u00e0 italiana. Il tempo delle scelte. Rapporto Italiani nel Mondo 2019. Con 22.803 partenze continua il solido \u201cprimato\u201d della Lombardia, seguita dal Veneto (13.329)"},"content":{"rendered":"<p><strong>Roma 25 Ottobre 2019 &#8211;\u00a0128 mila partenze nell\u2019ultimo anno. Quasi 5,3 milioni di residenti all\u2019estero.<\/strong><\/p>\n<p><a href=\"http:\/\/www.bellunopress.it\/fr\/2019\/10\/25\/la-mobilita-italiana-il-tempo-delle-scelte-rapporto-italiani-nel-mondo-2019-con-22-803-partenze-continua-il-solido-primato-della-lombardia-seguita-dal-veneto-13-329\/fondazione-migrantes\/\" rel=\"attachment wp-att-109078\"><img loading=\"lazy\" decoding=\"async\" class=\"alignleft size-full wp-image-109078\" src=\"http:\/\/www.bellunopress.it\/wp-content\/uploads\/2019\/10\/fondazione-migrantes.jpg\" alt=\"\" width=\"300\" height=\"126\" \/><\/a>\u00c8 stata presentata oggi a Roma la XIV edizione del \u201cRapporto Italiani nel Mondo\u201d della Fondazione Migrantes. Con il contribuito di circa 70 studiosi italiani e non, la mobilit\u00e0 dall\u2019Italia e nell\u2019Italia \u00e8 analizzata partendo dai dati quantitativi (socio-statistici). L\u2019approfondimento di questa edizione \u00e8 dedicato alla percezione delle comunit\u00e0 italiane nel mondo: \u201cQuando brutti, sporchi e cattivi erano gli italiani: dai pregiudizi all\u2019amore per il made in Italy\u201d. Il Rapporto Italiani nel Mondo riflette cio\u00e8 sulla percezione e sulla conseguente creazione di stereotipi e pregiudizi rispetto al migrante italiano. Il fare memoria di s\u00e9 diventa quindi occasione per meglio comprendere chi siamo oggi e chi vogliamo essere.<\/p>\n<p><strong>Quasi 5,3 milioni di residenti oltre confine (dati Aire 1.1.2019)<\/strong><\/p>\n<p>Su un totale di oltre 60 milioni di cittadini residenti in Italia a gennaio 2019, alla stessa data l\u20198,8% \u00e8 residente all\u2019estero. In termini assoluti, gli iscritti all\u2019AIRE, aggiornati al 1\u00b0 gennaio 2019, sono 5.288.281.<br \/>\nDal 2006 al 2019 la mobilit\u00e0 italiana \u00e8 aumentata del +70,2% passando, in valore assoluto, da poco pi\u00f9 di 3,1 milioni di iscritti all\u2019AIRE a quasi 5,3 milioni.<br \/>\nQuasi la met\u00e0 degli italiani iscritti all\u2019AIRE \u00e8 originaria del Meridione d\u2019Italia (48,9%, di cui il 32,0% Sud e il 16,9% Isole); il 35,5% proviene dal Nord (il 18,0% dal Nord-Ovest e il 17,5% dal Nord-Est) e il 15,6% dal Centro.<br \/>\nOltre 2,8 milioni (54,3%) risiedono in Europa, oltre 2,1 milioni (40,2%) in America. Nello specifico, per\u00f2, sono l\u2019Unione Europea (41,6%) e l\u2019America Centro-Meridionale (32,4%) le due aree continentali maggiormente interessate dalla presenza dei residenti italiani. Le comunit\u00e0 pi\u00f9 consistenti si trovano, nell\u2019ordine, in Argentina (quasi 843 mila), in Germania (poco pi\u00f9 di 764 mila), in Svizzera (623 mila), in Brasile (447 mila), in Francia (422 mila), nel Regno Unito (327 mila) e negli Stati Uniti d\u2019America (272 mila).<\/p>\n<p><strong>Oltre 128 mila iscritti all\u2019AIRE per espatrio nell\u2019ultimo anno: da 107 province e verso 195 destinazioni diverse nel mondo<\/strong><\/p>\n<p>Da gennaio a dicembre 2018 si sono iscritti all\u2019AIRE 242.353 italiani di cui il 53,1% (pari a 128.583) per espatrio. L\u2019attuale mobilit\u00e0 italiana continua a interessare prevalentemente i giovani (18-34 anni, 40,6%) e i giovani adulti (35-49 anni, 24,3%). Il 71,2 \u00e8 in Europa e il 21,5% in America (il 14,2% in America Latina). Sono 195 le destinazioni di tutti i continenti. Il Regno Unito, con oltre 20 mila iscrizioni, risulta essere la prima meta prescelta nell\u2019ultimo anno (+11,1% rispetto all\u2019anno precedente). Al secondo posto, con 18.385 connazionali, vi \u00e8 la Germania. A seguire la Francia (14.016), il Brasile (11.663), la Svizzera (10.265) e la Spagna (7.529).<br \/>\nLe partenze nell\u2019ultimo anno hanno riguardato 107 province italiane. Con 22.803 partenze continua il solido \u201cprimato\u201d della Lombardia, seguita dal Veneto (13.329), dalla Sicilia (12.127), dal Lazio (10.171) e dal Piemonte (9.702).<br \/>\nIl Rapporto Italiani nel Mondo 2019, attraverso analisi sociologiche e linguistiche, aneddoti e storie fa riferimento al tempo in cui erano gli italiani ad essere discriminati, risvegliando \u201cil ricordo di un passato ingiusto \u2013 spiega il testo &#8211; non per avere una rivalsa sui migranti di oggi che abitano strutturalmente i nostri territori o arrivano sulle nostre coste, ma per ravvivare la responsabilit\u00e0 di essere sempre dalla parte giusta come uomini e donne innanzitutto, nel rispetto di quel diritto alla vita (e, aggiungiamo, a una vita felice) che \u00e8 intrinsecamente, profondamente, indubbiamente laico\u201d. Si tratta dunque di \u201cscegliere non solo da che parte stare, ma anche che tipo di persone vogliamo essere e in che tipo di societ\u00e0 vogliamo vivere noi e far vivere i nostri figli, le nuove generazioni\u201d. La Fondazione Migrantes auspica che questo studio possa \u201caiutare al rispetto della diversit\u00e0 e di chi, italiano o cittadino del mondo, si trova a vivere in un Paese diverso da quello in cui \u00e8 nato\u201d.<\/p>\n<p>&nbsp;<\/p>","protected":false},"excerpt":{"rendered":"<p>Roma 25 Ottobre 2019 &#8211;\u00a0128 mila partenze nell\u2019ultimo anno. Quasi 5,3 milioni di residenti all\u2019estero. \u00c8 stata presentata oggi a Roma la XIV edizione del \u201cRapporto Italiani nel Mondo\u201d della Fondazione Migrantes. Con il contribuito di circa 70 studiosi italiani e non, la mobilit\u00e0 dall\u2019Italia e nell\u2019Italia \u00e8 analizzata partendo dai dati quantitativi (socio-statistici). L\u2019approfondimento [&hellip;]<\/p>\n","protected":false},"author":2,"featured_media":0,"comment_status":"closed","ping_status":"open","sticky":false,"template":"","format":"standard","meta":{"footnotes":""},"categories":[26,8],"tags":[],"class_list":["post-109077","post","type-post","status-publish","format-standard","category-prima-pagina","category-societa-istituzioni"],"yoast_head":"<!-- This site is optimized with the Yoast SEO plugin v28.4 - https:\/\/yoast.com\/product\/yoast-seo-wordpress\/ -->\n<title>La mobilit\u00e0 italiana. Il tempo delle scelte. Rapporto Italiani nel Mondo 2019. Con 22.803 partenze continua il solido \u201cprimato\u201d della Lombardia, seguita dal Veneto (13.329) - Bellunopress - Dolomiti<\/title>\n<meta name=\"robots\" content=\"index, follow, max-snippet:-1, max-image-preview:large, max-video-preview:-1\" \/>\n<link rel=\"canonical\" href=\"https:\/\/www.bellunopress.it\/fr\/2019\/10\/25\/la-mobilita-italiana-il-tempo-delle-scelte-rapporto-italiani-nel-mondo-2019-con-22-803-partenze-continua-il-solido-primato-della-lombardia-seguita-dal-veneto-13-329\/\" \/>\n<meta property=\"og:locale\" content=\"fr_FR\" \/>\n<meta property=\"og:type\" content=\"article\" \/>\n<meta property=\"og:title\" content=\"La mobilit\u00e0 italiana. Il tempo delle scelte. Rapporto Italiani nel Mondo 2019. Con 22.803 partenze continua il solido \u201cprimato\u201d della Lombardia, seguita dal Veneto (13.329) - Bellunopress - Dolomiti\" \/>\n<meta property=\"og:description\" content=\"Roma 25 Ottobre 2019 &#8211;\u00a0128 mila partenze nell\u2019ultimo anno. Quasi 5,3 milioni di residenti all\u2019estero. \u00c8 stata presentata oggi a Roma la XIV edizione del \u201cRapporto Italiani nel Mondo\u201d della Fondazione Migrantes. Con il contribuito di circa 70 studiosi italiani e non, la mobilit\u00e0 dall\u2019Italia e nell\u2019Italia \u00e8 analizzata partendo dai dati quantitativi (socio-statistici). L\u2019approfondimento [&hellip;]\" \/>\n<meta property=\"og:url\" content=\"https:\/\/www.bellunopress.it\/fr\/2019\/10\/25\/la-mobilita-italiana-il-tempo-delle-scelte-rapporto-italiani-nel-mondo-2019-con-22-803-partenze-continua-il-solido-primato-della-lombardia-seguita-dal-veneto-13-329\/\" \/>\n<meta property=\"og:site_name\" content=\"Bellunopress - Dolomiti\" \/>\n<meta property=\"article:publisher\" content=\"https:\/\/www.facebook.com\/profile.php?id=100008943462799\" \/>\n<meta property=\"article:published_time\" content=\"2019-10-25T21:01:40+00:00\" \/>\n<meta property=\"article:modified_time\" content=\"2019-10-25T21:01:43+00:00\" \/>\n<meta property=\"og:image\" content=\"http:\/\/www.bellunopress.it\/wp-content\/uploads\/2019\/10\/fondazione-migrantes.jpg\" \/>\n<meta name=\"author\" content=\"redazione\" \/>\n<meta name=\"twitter:card\" content=\"summary_large_image\" \/>\n<meta name=\"twitter:creator\" content=\"@bellunopress\" \/>\n<meta name=\"twitter:site\" content=\"@bellunopress\" \/>\n<meta name=\"twitter:label1\" content=\"\u00c9crit par\" \/>\n\t<meta name=\"twitter:data1\" content=\"redazione\" \/>\n\t<meta name=\"twitter:label2\" content=\"Dur\u00e9e de lecture estim\u00e9e\" \/>\n\t<meta name=\"twitter:data2\" content=\"3 minutes\" \/>\n<script type=\"application\/ld+json\" class=\"yoast-schema-graph\">{\"@context\":\"https:\\\/\\\/schema.org\",\"@graph\":[{\"@type\":\"Article\",\"@id\":\"https:\\\/\\\/www.bellunopress.it\\\/2019\\\/10\\\/25\\\/la-mobilita-italiana-il-tempo-delle-scelte-rapporto-italiani-nel-mondo-2019-con-22-803-partenze-continua-il-solido-primato-della-lombardia-seguita-dal-veneto-13-329\\\/#article\",\"isPartOf\":{\"@id\":\"https:\\\/\\\/www.bellunopress.it\\\/2019\\\/10\\\/25\\\/la-mobilita-italiana-il-tempo-delle-scelte-rapporto-italiani-nel-mondo-2019-con-22-803-partenze-continua-il-solido-primato-della-lombardia-seguita-dal-veneto-13-329\\\/\"},\"author\":{\"name\":\"redazione\",\"@id\":\"https:\\\/\\\/www.bellunopress.it\\\/#\\\/schema\\\/person\\\/79bb06722b37ece1c03d3e94beb30d73\"},\"headline\":\"La mobilit\u00e0 italiana. Il tempo delle scelte. Rapporto Italiani nel Mondo 2019. Con 22.803 partenze continua il solido \u201cprimato\u201d della Lombardia, seguita dal Veneto (13.329)\",\"datePublished\":\"2019-10-25T21:01:40+00:00\",\"dateModified\":\"2019-10-25T21:01:43+00:00\",\"mainEntityOfPage\":{\"@id\":\"https:\\\/\\\/www.bellunopress.it\\\/2019\\\/10\\\/25\\\/la-mobilita-italiana-il-tempo-delle-scelte-rapporto-italiani-nel-mondo-2019-con-22-803-partenze-continua-il-solido-primato-della-lombardia-seguita-dal-veneto-13-329\\\/\"},\"wordCount\":608,\"publisher\":{\"@id\":\"https:\\\/\\\/www.bellunopress.it\\\/#organization\"},\"image\":{\"@id\":\"https:\\\/\\\/www.bellunopress.it\\\/2019\\\/10\\\/25\\\/la-mobilita-italiana-il-tempo-delle-scelte-rapporto-italiani-nel-mondo-2019-con-22-803-partenze-continua-il-solido-primato-della-lombardia-seguita-dal-veneto-13-329\\\/#primaryimage\"},\"thumbnailUrl\":\"http:\\\/\\\/www.bellunopress.it\\\/wp-content\\\/uploads\\\/2019\\\/10\\\/fondazione-migrantes.jpg\",\"articleSection\":[\"Prima Pagina\",\"Societ\u00e0, Associazioni, Istituzioni\"],\"inLanguage\":\"fr-FR\"},{\"@type\":\"WebPage\",\"@id\":\"https:\\\/\\\/www.bellunopress.it\\\/2019\\\/10\\\/25\\\/la-mobilita-italiana-il-tempo-delle-scelte-rapporto-italiani-nel-mondo-2019-con-22-803-partenze-continua-il-solido-primato-della-lombardia-seguita-dal-veneto-13-329\\\/\",\"url\":\"https:\\\/\\\/www.bellunopress.it\\\/2019\\\/10\\\/25\\\/la-mobilita-italiana-il-tempo-delle-scelte-rapporto-italiani-nel-mondo-2019-con-22-803-partenze-continua-il-solido-primato-della-lombardia-seguita-dal-veneto-13-329\\\/\",\"name\":\"La mobilit\u00e0 italiana. Il tempo delle scelte. Rapporto Italiani nel Mondo 2019. Con 22.803 partenze continua il solido \u201cprimato\u201d della Lombardia, seguita dal Veneto (13.329) - Bellunopress - Dolomiti\",\"isPartOf\":{\"@id\":\"https:\\\/\\\/www.bellunopress.it\\\/#website\"},\"primaryImageOfPage\":{\"@id\":\"https:\\\/\\\/www.bellunopress.it\\\/2019\\\/10\\\/25\\\/la-mobilita-italiana-il-tempo-delle-scelte-rapporto-italiani-nel-mondo-2019-con-22-803-partenze-continua-il-solido-primato-della-lombardia-seguita-dal-veneto-13-329\\\/#primaryimage\"},\"image\":{\"@id\":\"https:\\\/\\\/www.bellunopress.it\\\/2019\\\/10\\\/25\\\/la-mobilita-italiana-il-tempo-delle-scelte-rapporto-italiani-nel-mondo-2019-con-22-803-partenze-continua-il-solido-primato-della-lombardia-seguita-dal-veneto-13-329\\\/#primaryimage\"},\"thumbnailUrl\":\"http:\\\/\\\/www.bellunopress.it\\\/wp-content\\\/uploads\\\/2019\\\/10\\\/fondazione-migrantes.jpg\",\"datePublished\":\"2019-10-25T21:01:40+00:00\",\"dateModified\":\"2019-10-25T21:01:43+00:00\",\"breadcrumb\":{\"@id\":\"https:\\\/\\\/www.bellunopress.it\\\/2019\\\/10\\\/25\\\/la-mobilita-italiana-il-tempo-delle-scelte-rapporto-italiani-nel-mondo-2019-con-22-803-partenze-continua-il-solido-primato-della-lombardia-seguita-dal-veneto-13-329\\\/#breadcrumb\"},\"inLanguage\":\"fr-FR\",\"potentialAction\":[{\"@type\":\"ReadAction\",\"target\":[\"https:\\\/\\\/www.bellunopress.it\\\/2019\\\/10\\\/25\\\/la-mobilita-italiana-il-tempo-delle-scelte-rapporto-italiani-nel-mondo-2019-con-22-803-partenze-continua-il-solido-primato-della-lombardia-seguita-dal-veneto-13-329\\\/\"]}]},{\"@type\":\"ImageObject\",\"inLanguage\":\"fr-FR\",\"@id\":\"https:\\\/\\\/www.bellunopress.it\\\/2019\\\/10\\\/25\\\/la-mobilita-italiana-il-tempo-delle-scelte-rapporto-italiani-nel-mondo-2019-con-22-803-partenze-continua-il-solido-primato-della-lombardia-seguita-dal-veneto-13-329\\\/#primaryimage\",\"url\":\"http:\\\/\\\/www.bellunopress.it\\\/wp-content\\\/uploads\\\/2019\\\/10\\\/fondazione-migrantes.jpg\",\"contentUrl\":\"http:\\\/\\\/www.bellunopress.it\\\/wp-content\\\/uploads\\\/2019\\\/10\\\/fondazione-migrantes.jpg\"},{\"@type\":\"BreadcrumbList\",\"@id\":\"https:\\\/\\\/www.bellunopress.it\\\/2019\\\/10\\\/25\\\/la-mobilita-italiana-il-tempo-delle-scelte-rapporto-italiani-nel-mondo-2019-con-22-803-partenze-continua-il-solido-primato-della-lombardia-seguita-dal-veneto-13-329\\\/#breadcrumb\",\"itemListElement\":[{\"@type\":\"ListItem\",\"position\":1,\"name\":\"Home\",\"item\":\"https:\\\/\\\/www.bellunopress.it\\\/\"},{\"@type\":\"ListItem\",\"position\":2,\"name\":\"La mobilit\u00e0 italiana. Il tempo delle scelte. Rapporto Italiani nel Mondo 2019. Con 22.803 partenze continua il solido \u201cprimato\u201d della Lombardia, seguita dal Veneto (13.329)\"}]},{\"@type\":\"WebSite\",\"@id\":\"https:\\\/\\\/www.bellunopress.it\\\/#website\",\"url\":\"https:\\\/\\\/www.bellunopress.it\\\/\",\"name\":\"Bellunopress - Dolomiti\",\"description\":\"e-mail: redazione@bellunopress.it\",\"publisher\":{\"@id\":\"https:\\\/\\\/www.bellunopress.it\\\/#organization\"},\"potentialAction\":[{\"@type\":\"SearchAction\",\"target\":{\"@type\":\"EntryPoint\",\"urlTemplate\":\"https:\\\/\\\/www.bellunopress.it\\\/?s={search_term_string}\"},\"query-input\":{\"@type\":\"PropertyValueSpecification\",\"valueRequired\":true,\"valueName\":\"search_term_string\"}}],\"inLanguage\":\"fr-FR\"},{\"@type\":\"Organization\",\"@id\":\"https:\\\/\\\/www.bellunopress.it\\\/#organization\",\"name\":\"Bellunopress\",\"url\":\"https:\\\/\\\/www.bellunopress.it\\\/\",\"logo\":{\"@type\":\"ImageObject\",\"inLanguage\":\"fr-FR\",\"@id\":\"https:\\\/\\\/www.bellunopress.it\\\/#\\\/schema\\\/logo\\\/image\\\/\",\"url\":\"https:\\\/\\\/www.bellunopress.it\\\/wp-content\\\/uploads\\\/2011\\\/05\\\/cropped-logo-bellunopress-.jpg\",\"contentUrl\":\"https:\\\/\\\/www.bellunopress.it\\\/wp-content\\\/uploads\\\/2011\\\/05\\\/cropped-logo-bellunopress-.jpg\",\"width\":512,\"height\":512,\"caption\":\"Bellunopress\"},\"image\":{\"@id\":\"https:\\\/\\\/www.bellunopress.it\\\/#\\\/schema\\\/logo\\\/image\\\/\"},\"sameAs\":[\"https:\\\/\\\/www.facebook.com\\\/profile.php?id=100008943462799\",\"https:\\\/\\\/x.com\\\/bellunopress\",\"https:\\\/\\\/www.linkedin.com\\\/hp\\\/?dnr=JBzUWaJfMUw8vbXJJ2tVW5-I3jZKvC4wsoxE&amp;amp;amp;amp;amp;amp;trk=nav_responsive_tab_home\",\"https:\\\/\\\/www.youtube.com\\\/channel\\\/UCxL0wu1uN0_3_7hGG0306cw\"]},{\"@type\":\"Person\",\"@id\":\"https:\\\/\\\/www.bellunopress.it\\\/#\\\/schema\\\/person\\\/79bb06722b37ece1c03d3e94beb30d73\",\"name\":\"redazione\",\"image\":{\"@type\":\"ImageObject\",\"inLanguage\":\"fr-FR\",\"@id\":\"https:\\\/\\\/secure.gravatar.com\\\/avatar\\\/37d968a2e67a6fd04c169c4bdef102d0bc5d31b2546345219e348575eb80e9a0?s=96&d=mm&r=g\",\"url\":\"https:\\\/\\\/secure.gravatar.com\\\/avatar\\\/37d968a2e67a6fd04c169c4bdef102d0bc5d31b2546345219e348575eb80e9a0?s=96&d=mm&r=g\",\"contentUrl\":\"https:\\\/\\\/secure.gravatar.com\\\/avatar\\\/37d968a2e67a6fd04c169c4bdef102d0bc5d31b2546345219e348575eb80e9a0?s=96&d=mm&r=g\",\"caption\":\"redazione\"},\"sameAs\":[\"http:\\\/\\\/www.bellunopress.it\",\"https:\\\/\\\/x.com\\\/bellunopress\"],\"url\":\"https:\\\/\\\/www.bellunopress.it\\\/fr\\\/author\\\/redazione\\\/\"}]}<\/script>\n<!-- \/ Yoast SEO plugin. -->","yoast_head_json":{"title":"La mobilit\u00e0 italiana. Il tempo delle scelte. Rapporto Italiani nel Mondo 2019. Con 22.803 partenze continua il solido \u201cprimato\u201d della Lombardia, seguita dal Veneto (13.329) - Bellunopress - Dolomiti","robots":{"index":"index","follow":"follow","max-snippet":"max-snippet:-1","max-image-preview":"max-image-preview:large","max-video-preview":"max-video-preview:-1"},"canonical":"https:\/\/www.bellunopress.it\/fr\/2019\/10\/25\/la-mobilita-italiana-il-tempo-delle-scelte-rapporto-italiani-nel-mondo-2019-con-22-803-partenze-continua-il-solido-primato-della-lombardia-seguita-dal-veneto-13-329\/","og_locale":"fr_FR","og_type":"article","og_title":"La mobilit\u00e0 italiana. Il tempo delle scelte. Rapporto Italiani nel Mondo 2019. Con 22.803 partenze continua il solido \u201cprimato\u201d della Lombardia, seguita dal Veneto (13.329) - Bellunopress - Dolomiti","og_description":"Roma 25 Ottobre 2019 &#8211;\u00a0128 mila partenze nell\u2019ultimo anno. Quasi 5,3 milioni di residenti all\u2019estero. \u00c8 stata presentata oggi a Roma la XIV edizione del \u201cRapporto Italiani nel Mondo\u201d della Fondazione Migrantes. Con il contribuito di circa 70 studiosi italiani e non, la mobilit\u00e0 dall\u2019Italia e nell\u2019Italia \u00e8 analizzata partendo dai dati quantitativi (socio-statistici). L\u2019approfondimento [&hellip;]","og_url":"https:\/\/www.bellunopress.it\/fr\/2019\/10\/25\/la-mobilita-italiana-il-tempo-delle-scelte-rapporto-italiani-nel-mondo-2019-con-22-803-partenze-continua-il-solido-primato-della-lombardia-seguita-dal-veneto-13-329\/","og_site_name":"Bellunopress - Dolomiti","article_publisher":"https:\/\/www.facebook.com\/profile.php?id=100008943462799","article_published_time":"2019-10-25T21:01:40+00:00","article_modified_time":"2019-10-25T21:01:43+00:00","og_image":[{"url":"http:\/\/www.bellunopress.it\/wp-content\/uploads\/2019\/10\/fondazione-migrantes.jpg","type":"","width":"","height":""}],"author":"redazione","twitter_card":"summary_large_image","twitter_creator":"@bellunopress","twitter_site":"@bellunopress","twitter_misc":{"\u00c9crit par":"redazione","Dur\u00e9e de lecture estim\u00e9e":"3 minutes"},"schema":{"@context":"https:\/\/schema.org","@graph":[{"@type":"Article","@id":"https:\/\/www.bellunopress.it\/2019\/10\/25\/la-mobilita-italiana-il-tempo-delle-scelte-rapporto-italiani-nel-mondo-2019-con-22-803-partenze-continua-il-solido-primato-della-lombardia-seguita-dal-veneto-13-329\/#article","isPartOf":{"@id":"https:\/\/www.bellunopress.it\/2019\/10\/25\/la-mobilita-italiana-il-tempo-delle-scelte-rapporto-italiani-nel-mondo-2019-con-22-803-partenze-continua-il-solido-primato-della-lombardia-seguita-dal-veneto-13-329\/"},"author":{"name":"redazione","@id":"https:\/\/www.bellunopress.it\/#\/schema\/person\/79bb06722b37ece1c03d3e94beb30d73"},"headline":"La mobilit\u00e0 italiana. Il tempo delle scelte. Rapporto Italiani nel Mondo 2019. Con 22.803 partenze continua il solido \u201cprimato\u201d della Lombardia, seguita dal Veneto (13.329)","datePublished":"2019-10-25T21:01:40+00:00","dateModified":"2019-10-25T21:01:43+00:00","mainEntityOfPage":{"@id":"https:\/\/www.bellunopress.it\/2019\/10\/25\/la-mobilita-italiana-il-tempo-delle-scelte-rapporto-italiani-nel-mondo-2019-con-22-803-partenze-continua-il-solido-primato-della-lombardia-seguita-dal-veneto-13-329\/"},"wordCount":608,"publisher":{"@id":"https:\/\/www.bellunopress.it\/#organization"},"image":{"@id":"https:\/\/www.bellunopress.it\/2019\/10\/25\/la-mobilita-italiana-il-tempo-delle-scelte-rapporto-italiani-nel-mondo-2019-con-22-803-partenze-continua-il-solido-primato-della-lombardia-seguita-dal-veneto-13-329\/#primaryimage"},"thumbnailUrl":"http:\/\/www.bellunopress.it\/wp-content\/uploads\/2019\/10\/fondazione-migrantes.jpg","articleSection":["Prima Pagina","Societ\u00e0, Associazioni, Istituzioni"],"inLanguage":"fr-FR"},{"@type":"WebPage","@id":"https:\/\/www.bellunopress.it\/2019\/10\/25\/la-mobilita-italiana-il-tempo-delle-scelte-rapporto-italiani-nel-mondo-2019-con-22-803-partenze-continua-il-solido-primato-della-lombardia-seguita-dal-veneto-13-329\/","url":"https:\/\/www.bellunopress.it\/2019\/10\/25\/la-mobilita-italiana-il-tempo-delle-scelte-rapporto-italiani-nel-mondo-2019-con-22-803-partenze-continua-il-solido-primato-della-lombardia-seguita-dal-veneto-13-329\/","name":"La mobilit\u00e0 italiana. Il tempo delle scelte. Rapporto Italiani nel Mondo 2019. Con 22.803 partenze continua il solido \u201cprimato\u201d della Lombardia, seguita dal Veneto (13.329) - Bellunopress - Dolomiti","isPartOf":{"@id":"https:\/\/www.bellunopress.it\/#website"},"primaryImageOfPage":{"@id":"https:\/\/www.bellunopress.it\/2019\/10\/25\/la-mobilita-italiana-il-tempo-delle-scelte-rapporto-italiani-nel-mondo-2019-con-22-803-partenze-continua-il-solido-primato-della-lombardia-seguita-dal-veneto-13-329\/#primaryimage"},"image":{"@id":"https:\/\/www.bellunopress.it\/2019\/10\/25\/la-mobilita-italiana-il-tempo-delle-scelte-rapporto-italiani-nel-mondo-2019-con-22-803-partenze-continua-il-solido-primato-della-lombardia-seguita-dal-veneto-13-329\/#primaryimage"},"thumbnailUrl":"http:\/\/www.bellunopress.it\/wp-content\/uploads\/2019\/10\/fondazione-migrantes.jpg","datePublished":"2019-10-25T21:01:40+00:00","dateModified":"2019-10-25T21:01:43+00:00","breadcrumb":{"@id":"https:\/\/www.bellunopress.it\/2019\/10\/25\/la-mobilita-italiana-il-tempo-delle-scelte-rapporto-italiani-nel-mondo-2019-con-22-803-partenze-continua-il-solido-primato-della-lombardia-seguita-dal-veneto-13-329\/#breadcrumb"},"inLanguage":"fr-FR","potentialAction":[{"@type":"ReadAction","target":["https:\/\/www.bellunopress.it\/2019\/10\/25\/la-mobilita-italiana-il-tempo-delle-scelte-rapporto-italiani-nel-mondo-2019-con-22-803-partenze-continua-il-solido-primato-della-lombardia-seguita-dal-veneto-13-329\/"]}]},{"@type":"ImageObject","inLanguage":"fr-FR","@id":"https:\/\/www.bellunopress.it\/2019\/10\/25\/la-mobilita-italiana-il-tempo-delle-scelte-rapporto-italiani-nel-mondo-2019-con-22-803-partenze-continua-il-solido-primato-della-lombardia-seguita-dal-veneto-13-329\/#primaryimage","url":"http:\/\/www.bellunopress.it\/wp-content\/uploads\/2019\/10\/fondazione-migrantes.jpg","contentUrl":"http:\/\/www.bellunopress.it\/wp-content\/uploads\/2019\/10\/fondazione-migrantes.jpg"},{"@type":"BreadcrumbList","@id":"https:\/\/www.bellunopress.it\/2019\/10\/25\/la-mobilita-italiana-il-tempo-delle-scelte-rapporto-italiani-nel-mondo-2019-con-22-803-partenze-continua-il-solido-primato-della-lombardia-seguita-dal-veneto-13-329\/#breadcrumb","itemListElement":[{"@type":"ListItem","position":1,"name":"Home","item":"https:\/\/www.bellunopress.it\/"},{"@type":"ListItem","position":2,"name":"La mobilit\u00e0 italiana. Il tempo delle scelte. Rapporto Italiani nel Mondo 2019. Con 22.803 partenze continua il solido \u201cprimato\u201d della Lombardia, seguita dal Veneto (13.329)"}]},{"@type":"WebSite","@id":"https:\/\/www.bellunopress.it\/#website","url":"https:\/\/www.bellunopress.it\/","name":"Bellunopress - Dolomiti","description":"e-mail: redazione@bellunopress.it","publisher":{"@id":"https:\/\/www.bellunopress.it\/#organization"},"potentialAction":[{"@type":"SearchAction","target":{"@type":"EntryPoint","urlTemplate":"https:\/\/www.bellunopress.it\/?s={search_term_string}"},"query-input":{"@type":"PropertyValueSpecification","valueRequired":true,"valueName":"search_term_string"}}],"inLanguage":"fr-FR"},{"@type":"Organization","@id":"https:\/\/www.bellunopress.it\/#organization","name":"Bellunopress","url":"https:\/\/www.bellunopress.it\/","logo":{"@type":"ImageObject","inLanguage":"fr-FR","@id":"https:\/\/www.bellunopress.it\/#\/schema\/logo\/image\/","url":"https:\/\/www.bellunopress.it\/wp-content\/uploads\/2011\/05\/cropped-logo-bellunopress-.jpg","contentUrl":"https:\/\/www.bellunopress.it\/wp-content\/uploads\/2011\/05\/cropped-logo-bellunopress-.jpg","width":512,"height":512,"caption":"Bellunopress"},"image":{"@id":"https:\/\/www.bellunopress.it\/#\/schema\/logo\/image\/"},"sameAs":["https:\/\/www.facebook.com\/profile.php?id=100008943462799","https:\/\/x.com\/bellunopress","https:\/\/www.linkedin.com\/hp\/?dnr=JBzUWaJfMUw8vbXJJ2tVW5-I3jZKvC4wsoxE&amp;amp;amp;amp;amp;amp;trk=nav_responsive_tab_home","https:\/\/www.youtube.com\/channel\/UCxL0wu1uN0_3_7hGG0306cw"]},{"@type":"Person","@id":"https:\/\/www.bellunopress.it\/#\/schema\/person\/79bb06722b37ece1c03d3e94beb30d73","name":"r\u00e9daction","image":{"@type":"ImageObject","inLanguage":"fr-FR","@id":"https:\/\/secure.gravatar.com\/avatar\/37d968a2e67a6fd04c169c4bdef102d0bc5d31b2546345219e348575eb80e9a0?s=96&d=mm&r=g","url":"https:\/\/secure.gravatar.com\/avatar\/37d968a2e67a6fd04c169c4bdef102d0bc5d31b2546345219e348575eb80e9a0?s=96&d=mm&r=g","contentUrl":"https:\/\/secure.gravatar.com\/avatar\/37d968a2e67a6fd04c169c4bdef102d0bc5d31b2546345219e348575eb80e9a0?s=96&d=mm&r=g","caption":"redazione"},"sameAs":["http:\/\/www.bellunopress.it","https:\/\/x.com\/bellunopress"],"url":"https:\/\/www.bellunopress.it\/fr\/author\/redazione\/"}]}},"_links":{"self":[{"href":"https:\/\/www.bellunopress.it\/fr\/wp-json\/wp\/v2\/posts\/109077","targetHints":{"allow":["GET"]}}],"collection":[{"href":"https:\/\/www.bellunopress.it\/fr\/wp-json\/wp\/v2\/posts"}],"about":[{"href":"https:\/\/www.bellunopress.it\/fr\/wp-json\/wp\/v2\/types\/post"}],"author":[{"embeddable":true,"href":"https:\/\/www.bellunopress.it\/fr\/wp-json\/wp\/v2\/users\/2"}],"replies":[{"embeddable":true,"href":"https:\/\/www.bellunopress.it\/fr\/wp-json\/wp\/v2\/comments?post=109077"}],"version-history":[{"count":2,"href":"https:\/\/www.bellunopress.it\/fr\/wp-json\/wp\/v2\/posts\/109077\/revisions"}],"predecessor-version":[{"id":109080,"href":"https:\/\/www.bellunopress.it\/fr\/wp-json\/wp\/v2\/posts\/109077\/revisions\/109080"}],"wp:attachment":[{"href":"https:\/\/www.bellunopress.it\/fr\/wp-json\/wp\/v2\/media?parent=109077"}],"wp:term":[{"taxonomy":"category","embeddable":true,"href":"https:\/\/www.bellunopress.it\/fr\/wp-json\/wp\/v2\/categories?post=109077"},{"taxonomy":"post_tag","embeddable":true,"href":"https:\/\/www.bellunopress.it\/fr\/wp-json\/wp\/v2\/tags?post=109077"}],"curies":[{"name":"wp","href":"https:\/\/api.w.org\/{rel}","templated":true}]}}