{"id":109075,"date":"2019-10-25T12:50:45","date_gmt":"2019-10-25T10:50:45","guid":{"rendered":"http:\/\/www.bellunopress.it\/?p=109075"},"modified":"2019-10-25T22:53:53","modified_gmt":"2019-10-25T20:53:53","slug":"ventanni-di-donne-soldato","status":"publish","type":"post","link":"https:\/\/www.bellunopress.it\/fr\/2019\/10\/25\/ventanni-di-donne-soldato\/","title":{"rendered":"Vent&#8217;anni di donne soldato"},"content":{"rendered":"<p><a href=\"http:\/\/www.bellunopress.it\/fr\/2010\/05\/22\/l%e2%80%99interesse-di-pochi-contro-il-bene-di-tutti-di-francesco-masut\/lettera\/\" rel=\"attachment wp-att-15496\"><img loading=\"lazy\" decoding=\"async\" class=\"alignleft size-full wp-image-15496\" src=\"http:\/\/www.bellunopress.it\/wp-content\/uploads\/2010\/05\/lettera.jpg\" alt=\"\" width=\"130\" height=\"110\" \/><\/a>Il 20 ottobre del 1999, con la legge 380\/99 le nostre Forze Armate e la Guardia di Finanza, aprirono le porte degli arruolamenti alle Donne, allineandosi cos\u00ec agli altri eserciti appartenenti alla NATO. Una svolta storica e importante per il nostro Paese. Definitivamente cadde l\u2019antico tab\u00f9 in base al quale questo tipo di lavoro, Oggi, dopo quasi due generazioni, si possono contare oltre 16 mila donne soldato.<br \/>\nSono Donne che operano in ogni settore vitale: dagli incarichi d\u2019ufficio ai veri e propri incarichi operativi; vedendole rivestire tutti i gradi, da Caporale ad Ufficiale e, presenti in tutti i Corpi d\u2019Armata e specialit\u00e0, conseguendo dei livelli professionali comparabili a quelli dei colleghi uomini.<br \/>\nNegli anni, la partecipazione femminile nel Sistema Sicurezza e della Difesa Nazionale, si \u00e8 gradualmente affermata.<br \/>\nCos\u00ec come lo sono nei vari teatri operativi internazionali, in cui la Forza Armata opera.<br \/>\nIn questi contesti, la figura femminile pu\u00f2 risultare determinante per assolvere la missione, considerando che in alcune zone d\u2019operazione, l\u2019interazione con i civili \u00e8 vincolata a fattori culturali che riguardano il sesso di appartenenza.<br \/>\nEvidenziamo e riconosciamo la vera prova a cui una donna militare si sottopone, riuscendo a mantenersi sempre ben salda alla sua divisa, al suo compito, anche quando le varie missioni la chiamano ad un allontanamento prolungato dalla vita dei propri figli, dalla famiglia.<br \/>\nI figli. Non scordiamoci del loro ruolo di madri e mogli soprattutto quando vengono inviate in missioni che possono durare anche 6 mesi.<br \/>\nQueste parole possono trovare facilmente riscontro quando ogni giorno le vediamo lungo via col di Lana, correre al fianco dei loro colleghi durante il loro potenziamento fisico, le vediamo marciare equipaggiate con l\u2019arma e zaino affardellato in spalla o le incrociamo alla guida di mezzi blindati.<br \/>\nCome Donna lavoratrice e madre, ma anche come esponente di Fratelli d\u2019Italia, partito che da sempre, per sua cultura e tradizione, ha un occhio di riguardo nei confronti di Forze Armate e Forze dell\u2019Ordine, non posso che essere infinitamente orgogliosa di questo traguardo ventennale del mondo femminile.<br \/>\nUn giorno in un libro scritto da un autore (uomo) lessi una frase che mi colp\u00ec molto \u201cA noi uomini \u00e8 richiesto di essere bravi. A voi donne \u00e8 richiesto di essere eroiche. E\u2019 una guerra impari, ma l\u2019avete gi\u00e0 vinta in partenza\u201d<br \/>\nQuando sei Donna, hai famiglia, lavori, magari fai anche 2-3 lavori, comprendi davvero che tra te e le eroine dei film americani non passa grande differenza!<br \/>\nQuindi un doveroso ringraziamento alle Donne in divisa presenti sul territorio bellunese, impiegate nella vicina caserma \u201cSalsa-d\u2019Angelo\u201d, sede del glorioso 7\u00b0 Reggimento Alpini, e un ringraziamento ad Alessandro Farina, Referente per Fratelli d\u2019Italia per le Forze Armate che quotidianamente ci fa conoscere le condizioni di lavoro dei nostri ragazzi (e ragazze) in divisa.<br \/>\nGrazie ancora a tutti, auguri alle nostre Donne e buon lavoro!<\/p>\n<p><strong>Monica Mazzoccoli<\/strong><br \/>\n<strong>Presidente del Circolo Citt\u00e0 di Belluno<\/strong><br \/>\n<strong>di Fratelli d\u2019Italia<\/strong><\/p>","protected":false},"excerpt":{"rendered":"<p>Il 20 ottobre del 1999, con la legge 380\/99 le nostre Forze Armate e la Guardia di Finanza, aprirono le porte degli arruolamenti alle Donne, allineandosi cos\u00ec agli altri eserciti appartenenti alla NATO. Una svolta storica e importante per il nostro Paese. Definitivamente cadde l\u2019antico tab\u00f9 in base al quale questo tipo di lavoro, Oggi, [&hellip;]<\/p>\n","protected":false},"author":2,"featured_media":0,"comment_status":"closed","ping_status":"open","sticky":false,"template":"","format":"standard","meta":{"footnotes":""},"categories":[1,26],"tags":[],"class_list":["post-109075","post","type-post","status-publish","format-standard","category-leo","category-prima-pagina"],"yoast_head":"<!-- This site is optimized with the Yoast SEO plugin v28.4 - https:\/\/yoast.com\/product\/yoast-seo-wordpress\/ -->\n<title>Vent&#039;anni di donne soldato - Bellunopress - Dolomiti<\/title>\n<meta name=\"robots\" content=\"index, follow, max-snippet:-1, max-image-preview:large, max-video-preview:-1\" \/>\n<link rel=\"canonical\" href=\"https:\/\/www.bellunopress.it\/fr\/2019\/10\/25\/ventanni-di-donne-soldato\/\" \/>\n<meta property=\"og:locale\" content=\"fr_FR\" \/>\n<meta property=\"og:type\" content=\"article\" \/>\n<meta property=\"og:title\" content=\"Vent&#039;anni di donne soldato - Bellunopress - Dolomiti\" \/>\n<meta property=\"og:description\" content=\"Il 20 ottobre del 1999, con la legge 380\/99 le nostre Forze Armate e la Guardia di Finanza, aprirono le porte degli arruolamenti alle Donne, allineandosi cos\u00ec agli altri eserciti appartenenti alla NATO. Una svolta storica e importante per il nostro Paese. Definitivamente cadde l\u2019antico tab\u00f9 in base al quale questo tipo di lavoro, Oggi, [&hellip;]\" \/>\n<meta property=\"og:url\" content=\"https:\/\/www.bellunopress.it\/fr\/2019\/10\/25\/ventanni-di-donne-soldato\/\" \/>\n<meta property=\"og:site_name\" content=\"Bellunopress - Dolomiti\" \/>\n<meta property=\"article:publisher\" content=\"https:\/\/www.facebook.com\/profile.php?id=100008943462799\" \/>\n<meta property=\"article:published_time\" content=\"2019-10-25T10:50:45+00:00\" \/>\n<meta property=\"article:modified_time\" content=\"2019-10-25T20:53:53+00:00\" \/>\n<meta property=\"og:image\" content=\"http:\/\/www.bellunopress.it\/wp-content\/uploads\/2010\/05\/lettera.jpg\" \/>\n<meta name=\"author\" content=\"redazione\" \/>\n<meta name=\"twitter:card\" content=\"summary_large_image\" \/>\n<meta name=\"twitter:creator\" content=\"@bellunopress\" \/>\n<meta name=\"twitter:site\" content=\"@bellunopress\" \/>\n<meta name=\"twitter:label1\" content=\"\u00c9crit par\" \/>\n\t<meta name=\"twitter:data1\" content=\"redazione\" \/>\n\t<meta name=\"twitter:label2\" content=\"Dur\u00e9e de lecture estim\u00e9e\" \/>\n\t<meta name=\"twitter:data2\" content=\"2 minutes\" \/>\n<script type=\"application\/ld+json\" class=\"yoast-schema-graph\">{\"@context\":\"https:\\\/\\\/schema.org\",\"@graph\":[{\"@type\":\"Article\",\"@id\":\"https:\\\/\\\/www.bellunopress.it\\\/2019\\\/10\\\/25\\\/ventanni-di-donne-soldato\\\/#article\",\"isPartOf\":{\"@id\":\"https:\\\/\\\/www.bellunopress.it\\\/2019\\\/10\\\/25\\\/ventanni-di-donne-soldato\\\/\"},\"author\":{\"name\":\"redazione\",\"@id\":\"https:\\\/\\\/www.bellunopress.it\\\/#\\\/schema\\\/person\\\/79bb06722b37ece1c03d3e94beb30d73\"},\"headline\":\"Vent&#8217;anni di donne soldato\",\"datePublished\":\"2019-10-25T10:50:45+00:00\",\"dateModified\":\"2019-10-25T20:53:53+00:00\",\"mainEntityOfPage\":{\"@id\":\"https:\\\/\\\/www.bellunopress.it\\\/2019\\\/10\\\/25\\\/ventanni-di-donne-soldato\\\/\"},\"wordCount\":487,\"publisher\":{\"@id\":\"https:\\\/\\\/www.bellunopress.it\\\/#organization\"},\"image\":{\"@id\":\"https:\\\/\\\/www.bellunopress.it\\\/2019\\\/10\\\/25\\\/ventanni-di-donne-soldato\\\/#primaryimage\"},\"thumbnailUrl\":\"http:\\\/\\\/www.bellunopress.it\\\/wp-content\\\/uploads\\\/2010\\\/05\\\/lettera.jpg\",\"articleSection\":[\"Lettere Opinioni\",\"Prima Pagina\"],\"inLanguage\":\"fr-FR\"},{\"@type\":\"WebPage\",\"@id\":\"https:\\\/\\\/www.bellunopress.it\\\/2019\\\/10\\\/25\\\/ventanni-di-donne-soldato\\\/\",\"url\":\"https:\\\/\\\/www.bellunopress.it\\\/2019\\\/10\\\/25\\\/ventanni-di-donne-soldato\\\/\",\"name\":\"Vent'anni di donne soldato - Bellunopress - Dolomiti\",\"isPartOf\":{\"@id\":\"https:\\\/\\\/www.bellunopress.it\\\/#website\"},\"primaryImageOfPage\":{\"@id\":\"https:\\\/\\\/www.bellunopress.it\\\/2019\\\/10\\\/25\\\/ventanni-di-donne-soldato\\\/#primaryimage\"},\"image\":{\"@id\":\"https:\\\/\\\/www.bellunopress.it\\\/2019\\\/10\\\/25\\\/ventanni-di-donne-soldato\\\/#primaryimage\"},\"thumbnailUrl\":\"http:\\\/\\\/www.bellunopress.it\\\/wp-content\\\/uploads\\\/2010\\\/05\\\/lettera.jpg\",\"datePublished\":\"2019-10-25T10:50:45+00:00\",\"dateModified\":\"2019-10-25T20:53:53+00:00\",\"breadcrumb\":{\"@id\":\"https:\\\/\\\/www.bellunopress.it\\\/2019\\\/10\\\/25\\\/ventanni-di-donne-soldato\\\/#breadcrumb\"},\"inLanguage\":\"fr-FR\",\"potentialAction\":[{\"@type\":\"ReadAction\",\"target\":[\"https:\\\/\\\/www.bellunopress.it\\\/2019\\\/10\\\/25\\\/ventanni-di-donne-soldato\\\/\"]}]},{\"@type\":\"ImageObject\",\"inLanguage\":\"fr-FR\",\"@id\":\"https:\\\/\\\/www.bellunopress.it\\\/2019\\\/10\\\/25\\\/ventanni-di-donne-soldato\\\/#primaryimage\",\"url\":\"http:\\\/\\\/www.bellunopress.it\\\/wp-content\\\/uploads\\\/2010\\\/05\\\/lettera.jpg\",\"contentUrl\":\"http:\\\/\\\/www.bellunopress.it\\\/wp-content\\\/uploads\\\/2010\\\/05\\\/lettera.jpg\"},{\"@type\":\"BreadcrumbList\",\"@id\":\"https:\\\/\\\/www.bellunopress.it\\\/2019\\\/10\\\/25\\\/ventanni-di-donne-soldato\\\/#breadcrumb\",\"itemListElement\":[{\"@type\":\"ListItem\",\"position\":1,\"name\":\"Home\",\"item\":\"https:\\\/\\\/www.bellunopress.it\\\/\"},{\"@type\":\"ListItem\",\"position\":2,\"name\":\"Vent&#8217;anni di donne soldato\"}]},{\"@type\":\"WebSite\",\"@id\":\"https:\\\/\\\/www.bellunopress.it\\\/#website\",\"url\":\"https:\\\/\\\/www.bellunopress.it\\\/\",\"name\":\"Bellunopress - Dolomiti\",\"description\":\"e-mail: redazione@bellunopress.it\",\"publisher\":{\"@id\":\"https:\\\/\\\/www.bellunopress.it\\\/#organization\"},\"potentialAction\":[{\"@type\":\"SearchAction\",\"target\":{\"@type\":\"EntryPoint\",\"urlTemplate\":\"https:\\\/\\\/www.bellunopress.it\\\/?s={search_term_string}\"},\"query-input\":{\"@type\":\"PropertyValueSpecification\",\"valueRequired\":true,\"valueName\":\"search_term_string\"}}],\"inLanguage\":\"fr-FR\"},{\"@type\":\"Organization\",\"@id\":\"https:\\\/\\\/www.bellunopress.it\\\/#organization\",\"name\":\"Bellunopress\",\"url\":\"https:\\\/\\\/www.bellunopress.it\\\/\",\"logo\":{\"@type\":\"ImageObject\",\"inLanguage\":\"fr-FR\",\"@id\":\"https:\\\/\\\/www.bellunopress.it\\\/#\\\/schema\\\/logo\\\/image\\\/\",\"url\":\"https:\\\/\\\/www.bellunopress.it\\\/wp-content\\\/uploads\\\/2011\\\/05\\\/cropped-logo-bellunopress-.jpg\",\"contentUrl\":\"https:\\\/\\\/www.bellunopress.it\\\/wp-content\\\/uploads\\\/2011\\\/05\\\/cropped-logo-bellunopress-.jpg\",\"width\":512,\"height\":512,\"caption\":\"Bellunopress\"},\"image\":{\"@id\":\"https:\\\/\\\/www.bellunopress.it\\\/#\\\/schema\\\/logo\\\/image\\\/\"},\"sameAs\":[\"https:\\\/\\\/www.facebook.com\\\/profile.php?id=100008943462799\",\"https:\\\/\\\/x.com\\\/bellunopress\",\"https:\\\/\\\/www.linkedin.com\\\/hp\\\/?dnr=JBzUWaJfMUw8vbXJJ2tVW5-I3jZKvC4wsoxE&amp;amp;amp;amp;amp;amp;trk=nav_responsive_tab_home\",\"https:\\\/\\\/www.youtube.com\\\/channel\\\/UCxL0wu1uN0_3_7hGG0306cw\"]},{\"@type\":\"Person\",\"@id\":\"https:\\\/\\\/www.bellunopress.it\\\/#\\\/schema\\\/person\\\/79bb06722b37ece1c03d3e94beb30d73\",\"name\":\"redazione\",\"image\":{\"@type\":\"ImageObject\",\"inLanguage\":\"fr-FR\",\"@id\":\"https:\\\/\\\/secure.gravatar.com\\\/avatar\\\/37d968a2e67a6fd04c169c4bdef102d0bc5d31b2546345219e348575eb80e9a0?s=96&d=mm&r=g\",\"url\":\"https:\\\/\\\/secure.gravatar.com\\\/avatar\\\/37d968a2e67a6fd04c169c4bdef102d0bc5d31b2546345219e348575eb80e9a0?s=96&d=mm&r=g\",\"contentUrl\":\"https:\\\/\\\/secure.gravatar.com\\\/avatar\\\/37d968a2e67a6fd04c169c4bdef102d0bc5d31b2546345219e348575eb80e9a0?s=96&d=mm&r=g\",\"caption\":\"redazione\"},\"sameAs\":[\"http:\\\/\\\/www.bellunopress.it\",\"https:\\\/\\\/x.com\\\/bellunopress\"],\"url\":\"https:\\\/\\\/www.bellunopress.it\\\/fr\\\/author\\\/redazione\\\/\"}]}<\/script>\n<!-- \/ Yoast SEO plugin. -->","yoast_head_json":{"title":"Vent'anni di donne soldato - Bellunopress - Dolomiti","robots":{"index":"index","follow":"follow","max-snippet":"max-snippet:-1","max-image-preview":"max-image-preview:large","max-video-preview":"max-video-preview:-1"},"canonical":"https:\/\/www.bellunopress.it\/fr\/2019\/10\/25\/ventanni-di-donne-soldato\/","og_locale":"fr_FR","og_type":"article","og_title":"Vent'anni di donne soldato - Bellunopress - Dolomiti","og_description":"Il 20 ottobre del 1999, con la legge 380\/99 le nostre Forze Armate e la Guardia di Finanza, aprirono le porte degli arruolamenti alle Donne, allineandosi cos\u00ec agli altri eserciti appartenenti alla NATO. Una svolta storica e importante per il nostro Paese. Definitivamente cadde l\u2019antico tab\u00f9 in base al quale questo tipo di lavoro, Oggi, [&hellip;]","og_url":"https:\/\/www.bellunopress.it\/fr\/2019\/10\/25\/ventanni-di-donne-soldato\/","og_site_name":"Bellunopress - Dolomiti","article_publisher":"https:\/\/www.facebook.com\/profile.php?id=100008943462799","article_published_time":"2019-10-25T10:50:45+00:00","article_modified_time":"2019-10-25T20:53:53+00:00","og_image":[{"url":"http:\/\/www.bellunopress.it\/wp-content\/uploads\/2010\/05\/lettera.jpg","type":"","width":"","height":""}],"author":"redazione","twitter_card":"summary_large_image","twitter_creator":"@bellunopress","twitter_site":"@bellunopress","twitter_misc":{"\u00c9crit par":"redazione","Dur\u00e9e de lecture estim\u00e9e":"2 minutes"},"schema":{"@context":"https:\/\/schema.org","@graph":[{"@type":"Article","@id":"https:\/\/www.bellunopress.it\/2019\/10\/25\/ventanni-di-donne-soldato\/#article","isPartOf":{"@id":"https:\/\/www.bellunopress.it\/2019\/10\/25\/ventanni-di-donne-soldato\/"},"author":{"name":"redazione","@id":"https:\/\/www.bellunopress.it\/#\/schema\/person\/79bb06722b37ece1c03d3e94beb30d73"},"headline":"Vent&#8217;anni di donne soldato","datePublished":"2019-10-25T10:50:45+00:00","dateModified":"2019-10-25T20:53:53+00:00","mainEntityOfPage":{"@id":"https:\/\/www.bellunopress.it\/2019\/10\/25\/ventanni-di-donne-soldato\/"},"wordCount":487,"publisher":{"@id":"https:\/\/www.bellunopress.it\/#organization"},"image":{"@id":"https:\/\/www.bellunopress.it\/2019\/10\/25\/ventanni-di-donne-soldato\/#primaryimage"},"thumbnailUrl":"http:\/\/www.bellunopress.it\/wp-content\/uploads\/2010\/05\/lettera.jpg","articleSection":["Lettere Opinioni","Prima Pagina"],"inLanguage":"fr-FR"},{"@type":"WebPage","@id":"https:\/\/www.bellunopress.it\/2019\/10\/25\/ventanni-di-donne-soldato\/","url":"https:\/\/www.bellunopress.it\/2019\/10\/25\/ventanni-di-donne-soldato\/","name":"Vent'anni di donne soldato - Bellunopress - Dolomiti","isPartOf":{"@id":"https:\/\/www.bellunopress.it\/#website"},"primaryImageOfPage":{"@id":"https:\/\/www.bellunopress.it\/2019\/10\/25\/ventanni-di-donne-soldato\/#primaryimage"},"image":{"@id":"https:\/\/www.bellunopress.it\/2019\/10\/25\/ventanni-di-donne-soldato\/#primaryimage"},"thumbnailUrl":"http:\/\/www.bellunopress.it\/wp-content\/uploads\/2010\/05\/lettera.jpg","datePublished":"2019-10-25T10:50:45+00:00","dateModified":"2019-10-25T20:53:53+00:00","breadcrumb":{"@id":"https:\/\/www.bellunopress.it\/2019\/10\/25\/ventanni-di-donne-soldato\/#breadcrumb"},"inLanguage":"fr-FR","potentialAction":[{"@type":"ReadAction","target":["https:\/\/www.bellunopress.it\/2019\/10\/25\/ventanni-di-donne-soldato\/"]}]},{"@type":"ImageObject","inLanguage":"fr-FR","@id":"https:\/\/www.bellunopress.it\/2019\/10\/25\/ventanni-di-donne-soldato\/#primaryimage","url":"http:\/\/www.bellunopress.it\/wp-content\/uploads\/2010\/05\/lettera.jpg","contentUrl":"http:\/\/www.bellunopress.it\/wp-content\/uploads\/2010\/05\/lettera.jpg"},{"@type":"BreadcrumbList","@id":"https:\/\/www.bellunopress.it\/2019\/10\/25\/ventanni-di-donne-soldato\/#breadcrumb","itemListElement":[{"@type":"ListItem","position":1,"name":"Home","item":"https:\/\/www.bellunopress.it\/"},{"@type":"ListItem","position":2,"name":"Vent&#8217;anni di donne soldato"}]},{"@type":"WebSite","@id":"https:\/\/www.bellunopress.it\/#website","url":"https:\/\/www.bellunopress.it\/","name":"Bellunopress - Dolomiti","description":"e-mail: redazione@bellunopress.it","publisher":{"@id":"https:\/\/www.bellunopress.it\/#organization"},"potentialAction":[{"@type":"SearchAction","target":{"@type":"EntryPoint","urlTemplate":"https:\/\/www.bellunopress.it\/?s={search_term_string}"},"query-input":{"@type":"PropertyValueSpecification","valueRequired":true,"valueName":"search_term_string"}}],"inLanguage":"fr-FR"},{"@type":"Organization","@id":"https:\/\/www.bellunopress.it\/#organization","name":"Bellunopress","url":"https:\/\/www.bellunopress.it\/","logo":{"@type":"ImageObject","inLanguage":"fr-FR","@id":"https:\/\/www.bellunopress.it\/#\/schema\/logo\/image\/","url":"https:\/\/www.bellunopress.it\/wp-content\/uploads\/2011\/05\/cropped-logo-bellunopress-.jpg","contentUrl":"https:\/\/www.bellunopress.it\/wp-content\/uploads\/2011\/05\/cropped-logo-bellunopress-.jpg","width":512,"height":512,"caption":"Bellunopress"},"image":{"@id":"https:\/\/www.bellunopress.it\/#\/schema\/logo\/image\/"},"sameAs":["https:\/\/www.facebook.com\/profile.php?id=100008943462799","https:\/\/x.com\/bellunopress","https:\/\/www.linkedin.com\/hp\/?dnr=JBzUWaJfMUw8vbXJJ2tVW5-I3jZKvC4wsoxE&amp;amp;amp;amp;amp;amp;trk=nav_responsive_tab_home","https:\/\/www.youtube.com\/channel\/UCxL0wu1uN0_3_7hGG0306cw"]},{"@type":"Person","@id":"https:\/\/www.bellunopress.it\/#\/schema\/person\/79bb06722b37ece1c03d3e94beb30d73","name":"r\u00e9daction","image":{"@type":"ImageObject","inLanguage":"fr-FR","@id":"https:\/\/secure.gravatar.com\/avatar\/37d968a2e67a6fd04c169c4bdef102d0bc5d31b2546345219e348575eb80e9a0?s=96&d=mm&r=g","url":"https:\/\/secure.gravatar.com\/avatar\/37d968a2e67a6fd04c169c4bdef102d0bc5d31b2546345219e348575eb80e9a0?s=96&d=mm&r=g","contentUrl":"https:\/\/secure.gravatar.com\/avatar\/37d968a2e67a6fd04c169c4bdef102d0bc5d31b2546345219e348575eb80e9a0?s=96&d=mm&r=g","caption":"redazione"},"sameAs":["http:\/\/www.bellunopress.it","https:\/\/x.com\/bellunopress"],"url":"https:\/\/www.bellunopress.it\/fr\/author\/redazione\/"}]}},"_links":{"self":[{"href":"https:\/\/www.bellunopress.it\/fr\/wp-json\/wp\/v2\/posts\/109075","targetHints":{"allow":["GET"]}}],"collection":[{"href":"https:\/\/www.bellunopress.it\/fr\/wp-json\/wp\/v2\/posts"}],"about":[{"href":"https:\/\/www.bellunopress.it\/fr\/wp-json\/wp\/v2\/types\/post"}],"author":[{"embeddable":true,"href":"https:\/\/www.bellunopress.it\/fr\/wp-json\/wp\/v2\/users\/2"}],"replies":[{"embeddable":true,"href":"https:\/\/www.bellunopress.it\/fr\/wp-json\/wp\/v2\/comments?post=109075"}],"version-history":[{"count":1,"href":"https:\/\/www.bellunopress.it\/fr\/wp-json\/wp\/v2\/posts\/109075\/revisions"}],"predecessor-version":[{"id":109076,"href":"https:\/\/www.bellunopress.it\/fr\/wp-json\/wp\/v2\/posts\/109075\/revisions\/109076"}],"wp:attachment":[{"href":"https:\/\/www.bellunopress.it\/fr\/wp-json\/wp\/v2\/media?parent=109075"}],"wp:term":[{"taxonomy":"category","embeddable":true,"href":"https:\/\/www.bellunopress.it\/fr\/wp-json\/wp\/v2\/categories?post=109075"},{"taxonomy":"post_tag","embeddable":true,"href":"https:\/\/www.bellunopress.it\/fr\/wp-json\/wp\/v2\/tags?post=109075"}],"curies":[{"name":"wp","href":"https:\/\/api.w.org\/{rel}","templated":true}]}}