{"id":109073,"date":"2019-10-25T12:44:51","date_gmt":"2019-10-25T10:44:51","guid":{"rendered":"http:\/\/www.bellunopress.it\/?p=109073"},"modified":"2019-10-25T22:49:13","modified_gmt":"2019-10-25T20:49:13","slug":"lettera-aperta-alla-cittadinanza-dall-associazione-facciamo-un-nido","status":"publish","type":"post","link":"https:\/\/www.bellunopress.it\/fr\/2019\/10\/25\/lettera-aperta-alla-cittadinanza-dall-associazione-facciamo-un-nido\/","title":{"rendered":"Lettera aperta alla cittadinanza dall&#8217; Associazione Facciamo un Nido"},"content":{"rendered":"<p><a href=\"http:\/\/www.bellunopress.it\/fr\/2010\/05\/22\/l%e2%80%99interesse-di-pochi-contro-il-bene-di-tutti-di-francesco-masut\/lettera\/\" rel=\"attachment wp-att-15496\"><img loading=\"lazy\" decoding=\"async\" class=\"alignleft size-full wp-image-15496\" src=\"http:\/\/www.bellunopress.it\/wp-content\/uploads\/2010\/05\/lettera.jpg\" alt=\"\" width=\"130\" height=\"110\" \/><\/a>Cortina, 25 ottobre 2019 &#8211; In questi anni si \u00e8 parlato spesso della realt\u00e0 Montessori nata a Cortina nel 1997, ma pochi la conoscono veramente; si tratta di un Istituto Scolastico che comprende un Asilo Nido, una Scuola dell\u2019Infanzia chiamata la Casa dei Bambini, ed una Scuola Primaria paritaria bilingue (italianoinglese), gestito direttamente dai genitori che dedicano il proprio tempo libero e le proprie competenze gratuitamente per mantenere attiva la scuola.<br \/>\nProprio dall\u2019Asilo Nido nasce questa esperienza, un\u2019iniziativa di aiuto reciproco tra genitori che avevano bisogno di una struttura adatta ad accogliere i piccolissimi in un\u2019epoca in cui a Cortina non esisteva un asilo nido e che rimane tutt\u2019ora l\u2019unico.<br \/>\nQuesto \u00e8 lo spirito che da allora muove i genitori che decidono di entrare a far parte dell\u2019Associazione Facciamo un Nido: fare qualcosa non tanto e non solo per se stessi e per i propri figli ma per l\u2019intera comunit\u00e0, in modo che qualunque genitore abbia la possibilit\u00e0 di scegliere un ambiente accogliente che si prenda cura del bambino gi\u00e0 dal primo anno di et\u00e0, un approccio educativo affine alle proprie idee e punti di vista, un percorso, forse diverso, ma sano e di qualit\u00e0, perch\u00e9 oggi pi\u00f9 che mai tutti vogliamo poter scegliere sia gli aspetti meno rilevanti sia quelli fondamentali come l\u2019educazione che si vuole dare ai propri figli.<br \/>\nNegli anni, il Centro Montessori ha accolto pi\u00f9 di 500 famiglie; in questo momento \u00e8 frequentato da 80 bambini: 30 da 1 a 3 anni, 20 dai 3 ai 6 anni e 30 dai 6 agli 11 anni. Molte di queste famiglie risiedono nel comune di Cortina o nei comuni limitrofi, altre invece provengono da citt\u00e0 come Bergamo, Vicenza, Roma, Ravenna o ancora da pi\u00f9 lontano: India, Filippine, Stati Uniti, Spagna, Portogallo, Repubblica Ceca. Tutte hanno scelto Cortina per vivere e far crescere i loro figli in un contesto montessoriano caratterizzato da una realt\u00e0 bilingue che offre sicuramente un valore aggiunto al nostro territorio. Il Centro Montessori, inoltre, \u00e8 visitato ogni anno da numerosi docenti e tirocinanti provenienti da ogni parte d\u2019Italia e dall\u2019estero per apprendere l\u2019unicit\u00e0 dell\u2019insegnamento offerto.<br \/>\nNon dobbiamo farci distrarre dal termine \u201cassociazione\u201d, gestire un Istituto Scolastico con 3 diverse fasce di et\u00e0 e relativi bisogni, oltre a 10 dipendenti e pi\u00f9 di 250 persone tra bambini e genitori, non \u00e8 certamente facile; \u00e8 fondamentale poter programmare le attivit\u00e0 didattiche con ampio anticipo sapendo su quali entrate poter contare, proprio come per gestire un\u2019azienda, e in questo caso il servizio si chiama Educazione ed Istruzione.<br \/>\nIn un territorio di montagna come il nostro, il volontariato \u00e8 una delle forme pi\u00f9 pure di socialit\u00e0 e di aiuto; moltissime realt\u00e0 esistono grazie all\u2019impegno costante della popolazione, dal servizio sanitario di soccorso, ai servizi per gli anziani, ai disabili, alle societ\u00e0 sportive, ai servizi per i bambini, compreso addirittura un Istituto Scolastico come il nostro.<br \/>\nLa qualit\u00e0 della vita di un paese si misura sulla qualit\u00e0 dei servizi che offre ai propri abitanti ed in questo l\u2019impegno profuso dai cittadini di Cortina \u00e8 costante ed unisce il cuore della popolazione rendendo Cortina una comunit\u00e0.<br \/>\nGarantire la possibilit\u00e0 di scelta spetta agli enti che ci governano ed \u00e8 un dovere importante e fondamentale in una societ\u00e0 moderna e democratica.<br \/>\nNegli ultimi due anni ci sono state alcune controversie tra l\u2019amministrazione comunale ed i genitori dell\u2019Associazione relativamente ad aspetti complessi e delicati sui quali, purtroppo, i due interlocutori non hanno ancora trovato un punto di incontro: principalmente si discute dell\u2019utilizzo e destinazione dello stabile ove l\u2019associazione svolge la propria attivit\u00e0, da sempre destinato ad edificio scolastico, e di una \u201cproblematica vaccini\u201d. Su quest\u2019ultimo tema si ritiene fondamentale sottolineare come l\u2019Associazione Facciamo un Nido abbia sempre agito, e continua a farlo, nell\u2019assoluta legalit\u00e0, supportata e confortata in questo da numerosi e illustri pareri legali.<br \/>\nNonostante il mancato raggiungimento di un accordo e malgrado il Comune da oltre 14 mesi non eroghi il contributo economico previsto e dovuto dalla convenzione in atto tra le parti, stipulata nel febbraio 2016 ed in scadenza nell\u2019agosto 2020, i genitori hanno continuato a garantire il servizio scolastico alla comunit\u00e0.<br \/>\nAspetti importanti saranno perci\u00f2 trattati nel prossimo Consiglio Comunale che si terr\u00e0 il giorno 29 ottobre prossimo alle ore 14.30, a seguito di un\u2019interrogazione depositata qualche giorno fa dal Capogruppo di minoranza Giorgio Da Rin.<br \/>\nA breve noi genitori ci troveremo a far fronte ad una scelta fondamentale per il futuro di questo Istituto, che potrebbe condizionare la possibilit\u00e0 per 80 bambini di proseguire nel proprio percorso scolastico. Facciamo appello al sostegno di tutta la comunit\u00e0 poich\u00e9 riteniamo importante mantenere i servizi ad oggi esistenti onde scongiurarne la perdita, con un ulteriore inevitabile impoverimento del nostro territorio.<br \/>\nSiamo fiduciosi di poter trovare un modo per superare questa contrapposizione che si \u00e8 venuta a creare con l\u2019ente comunale, poich\u00e9 a tutti sta a cuore il futuro e la crescita del nostro paese e crediamo che Cortina, con le sue inestimabili bellezze, non possa che innalzare la qualit\u00e0 della vita dei suoi cittadini con la collaborazione ed il contributo di tutti, avendo a cuore il benessere dei propri bambini, delle loro famiglie e delle generazioni future.<\/p>\n<p><strong>Associazione Facciamo un Nido <\/strong><\/p>","protected":false},"excerpt":{"rendered":"<p>Cortina, 25 ottobre 2019 &#8211; In questi anni si \u00e8 parlato spesso della realt\u00e0 Montessori nata a Cortina nel 1997, ma pochi la conoscono veramente; si tratta di un Istituto Scolastico che comprende un Asilo Nido, una Scuola dell\u2019Infanzia chiamata la Casa dei Bambini, ed una Scuola Primaria paritaria bilingue (italianoinglese), gestito direttamente dai genitori [&hellip;]<\/p>\n","protected":false},"author":2,"featured_media":0,"comment_status":"closed","ping_status":"open","sticky":false,"template":"","format":"standard","meta":{"footnotes":""},"categories":[1,26],"tags":[],"class_list":["post-109073","post","type-post","status-publish","format-standard","category-leo","category-prima-pagina"],"yoast_head":"<!-- This site is optimized with the Yoast SEO plugin v28.4 - https:\/\/yoast.com\/product\/yoast-seo-wordpress\/ -->\n<title>Lettera aperta alla cittadinanza dall&#039; Associazione Facciamo un Nido - Bellunopress - Dolomiti<\/title>\n<meta name=\"robots\" content=\"index, follow, max-snippet:-1, max-image-preview:large, max-video-preview:-1\" \/>\n<link rel=\"canonical\" href=\"https:\/\/www.bellunopress.it\/fr\/2019\/10\/25\/lettera-aperta-alla-cittadinanza-dall-associazione-facciamo-un-nido\/\" \/>\n<meta property=\"og:locale\" content=\"fr_FR\" \/>\n<meta property=\"og:type\" content=\"article\" \/>\n<meta property=\"og:title\" content=\"Lettera aperta alla cittadinanza dall&#039; Associazione Facciamo un Nido - Bellunopress - Dolomiti\" \/>\n<meta property=\"og:description\" content=\"Cortina, 25 ottobre 2019 &#8211; In questi anni si \u00e8 parlato spesso della realt\u00e0 Montessori nata a Cortina nel 1997, ma pochi la conoscono veramente; si tratta di un Istituto Scolastico che comprende un Asilo Nido, una Scuola dell\u2019Infanzia chiamata la Casa dei Bambini, ed una Scuola Primaria paritaria bilingue (italianoinglese), gestito direttamente dai genitori [&hellip;]\" \/>\n<meta property=\"og:url\" content=\"https:\/\/www.bellunopress.it\/fr\/2019\/10\/25\/lettera-aperta-alla-cittadinanza-dall-associazione-facciamo-un-nido\/\" \/>\n<meta property=\"og:site_name\" content=\"Bellunopress - Dolomiti\" \/>\n<meta property=\"article:publisher\" content=\"https:\/\/www.facebook.com\/profile.php?id=100008943462799\" \/>\n<meta property=\"article:published_time\" content=\"2019-10-25T10:44:51+00:00\" \/>\n<meta property=\"article:modified_time\" content=\"2019-10-25T20:49:13+00:00\" \/>\n<meta property=\"og:image\" content=\"http:\/\/www.bellunopress.it\/wp-content\/uploads\/2010\/05\/lettera.jpg\" \/>\n<meta name=\"author\" content=\"redazione\" \/>\n<meta name=\"twitter:card\" content=\"summary_large_image\" \/>\n<meta name=\"twitter:creator\" content=\"@bellunopress\" \/>\n<meta name=\"twitter:site\" content=\"@bellunopress\" \/>\n<meta name=\"twitter:label1\" content=\"\u00c9crit par\" \/>\n\t<meta name=\"twitter:data1\" content=\"redazione\" \/>\n\t<meta name=\"twitter:label2\" content=\"Dur\u00e9e de lecture estim\u00e9e\" \/>\n\t<meta name=\"twitter:data2\" content=\"4 minutes\" \/>\n<script type=\"application\/ld+json\" class=\"yoast-schema-graph\">{\"@context\":\"https:\\\/\\\/schema.org\",\"@graph\":[{\"@type\":\"Article\",\"@id\":\"https:\\\/\\\/www.bellunopress.it\\\/2019\\\/10\\\/25\\\/lettera-aperta-alla-cittadinanza-dall-associazione-facciamo-un-nido\\\/#article\",\"isPartOf\":{\"@id\":\"https:\\\/\\\/www.bellunopress.it\\\/2019\\\/10\\\/25\\\/lettera-aperta-alla-cittadinanza-dall-associazione-facciamo-un-nido\\\/\"},\"author\":{\"name\":\"redazione\",\"@id\":\"https:\\\/\\\/www.bellunopress.it\\\/#\\\/schema\\\/person\\\/79bb06722b37ece1c03d3e94beb30d73\"},\"headline\":\"Lettera aperta alla cittadinanza dall&#8217; Associazione Facciamo un Nido\",\"datePublished\":\"2019-10-25T10:44:51+00:00\",\"dateModified\":\"2019-10-25T20:49:13+00:00\",\"mainEntityOfPage\":{\"@id\":\"https:\\\/\\\/www.bellunopress.it\\\/2019\\\/10\\\/25\\\/lettera-aperta-alla-cittadinanza-dall-associazione-facciamo-un-nido\\\/\"},\"wordCount\":862,\"publisher\":{\"@id\":\"https:\\\/\\\/www.bellunopress.it\\\/#organization\"},\"image\":{\"@id\":\"https:\\\/\\\/www.bellunopress.it\\\/2019\\\/10\\\/25\\\/lettera-aperta-alla-cittadinanza-dall-associazione-facciamo-un-nido\\\/#primaryimage\"},\"thumbnailUrl\":\"http:\\\/\\\/www.bellunopress.it\\\/wp-content\\\/uploads\\\/2010\\\/05\\\/lettera.jpg\",\"articleSection\":[\"Lettere Opinioni\",\"Prima Pagina\"],\"inLanguage\":\"fr-FR\"},{\"@type\":\"WebPage\",\"@id\":\"https:\\\/\\\/www.bellunopress.it\\\/2019\\\/10\\\/25\\\/lettera-aperta-alla-cittadinanza-dall-associazione-facciamo-un-nido\\\/\",\"url\":\"https:\\\/\\\/www.bellunopress.it\\\/2019\\\/10\\\/25\\\/lettera-aperta-alla-cittadinanza-dall-associazione-facciamo-un-nido\\\/\",\"name\":\"Lettera aperta alla cittadinanza dall' Associazione Facciamo un Nido - Bellunopress - Dolomiti\",\"isPartOf\":{\"@id\":\"https:\\\/\\\/www.bellunopress.it\\\/#website\"},\"primaryImageOfPage\":{\"@id\":\"https:\\\/\\\/www.bellunopress.it\\\/2019\\\/10\\\/25\\\/lettera-aperta-alla-cittadinanza-dall-associazione-facciamo-un-nido\\\/#primaryimage\"},\"image\":{\"@id\":\"https:\\\/\\\/www.bellunopress.it\\\/2019\\\/10\\\/25\\\/lettera-aperta-alla-cittadinanza-dall-associazione-facciamo-un-nido\\\/#primaryimage\"},\"thumbnailUrl\":\"http:\\\/\\\/www.bellunopress.it\\\/wp-content\\\/uploads\\\/2010\\\/05\\\/lettera.jpg\",\"datePublished\":\"2019-10-25T10:44:51+00:00\",\"dateModified\":\"2019-10-25T20:49:13+00:00\",\"breadcrumb\":{\"@id\":\"https:\\\/\\\/www.bellunopress.it\\\/2019\\\/10\\\/25\\\/lettera-aperta-alla-cittadinanza-dall-associazione-facciamo-un-nido\\\/#breadcrumb\"},\"inLanguage\":\"fr-FR\",\"potentialAction\":[{\"@type\":\"ReadAction\",\"target\":[\"https:\\\/\\\/www.bellunopress.it\\\/2019\\\/10\\\/25\\\/lettera-aperta-alla-cittadinanza-dall-associazione-facciamo-un-nido\\\/\"]}]},{\"@type\":\"ImageObject\",\"inLanguage\":\"fr-FR\",\"@id\":\"https:\\\/\\\/www.bellunopress.it\\\/2019\\\/10\\\/25\\\/lettera-aperta-alla-cittadinanza-dall-associazione-facciamo-un-nido\\\/#primaryimage\",\"url\":\"http:\\\/\\\/www.bellunopress.it\\\/wp-content\\\/uploads\\\/2010\\\/05\\\/lettera.jpg\",\"contentUrl\":\"http:\\\/\\\/www.bellunopress.it\\\/wp-content\\\/uploads\\\/2010\\\/05\\\/lettera.jpg\"},{\"@type\":\"BreadcrumbList\",\"@id\":\"https:\\\/\\\/www.bellunopress.it\\\/2019\\\/10\\\/25\\\/lettera-aperta-alla-cittadinanza-dall-associazione-facciamo-un-nido\\\/#breadcrumb\",\"itemListElement\":[{\"@type\":\"ListItem\",\"position\":1,\"name\":\"Home\",\"item\":\"https:\\\/\\\/www.bellunopress.it\\\/\"},{\"@type\":\"ListItem\",\"position\":2,\"name\":\"Lettera aperta alla cittadinanza dall&#8217; Associazione Facciamo un Nido\"}]},{\"@type\":\"WebSite\",\"@id\":\"https:\\\/\\\/www.bellunopress.it\\\/#website\",\"url\":\"https:\\\/\\\/www.bellunopress.it\\\/\",\"name\":\"Bellunopress - Dolomiti\",\"description\":\"e-mail: redazione@bellunopress.it\",\"publisher\":{\"@id\":\"https:\\\/\\\/www.bellunopress.it\\\/#organization\"},\"potentialAction\":[{\"@type\":\"SearchAction\",\"target\":{\"@type\":\"EntryPoint\",\"urlTemplate\":\"https:\\\/\\\/www.bellunopress.it\\\/?s={search_term_string}\"},\"query-input\":{\"@type\":\"PropertyValueSpecification\",\"valueRequired\":true,\"valueName\":\"search_term_string\"}}],\"inLanguage\":\"fr-FR\"},{\"@type\":\"Organization\",\"@id\":\"https:\\\/\\\/www.bellunopress.it\\\/#organization\",\"name\":\"Bellunopress\",\"url\":\"https:\\\/\\\/www.bellunopress.it\\\/\",\"logo\":{\"@type\":\"ImageObject\",\"inLanguage\":\"fr-FR\",\"@id\":\"https:\\\/\\\/www.bellunopress.it\\\/#\\\/schema\\\/logo\\\/image\\\/\",\"url\":\"https:\\\/\\\/www.bellunopress.it\\\/wp-content\\\/uploads\\\/2011\\\/05\\\/cropped-logo-bellunopress-.jpg\",\"contentUrl\":\"https:\\\/\\\/www.bellunopress.it\\\/wp-content\\\/uploads\\\/2011\\\/05\\\/cropped-logo-bellunopress-.jpg\",\"width\":512,\"height\":512,\"caption\":\"Bellunopress\"},\"image\":{\"@id\":\"https:\\\/\\\/www.bellunopress.it\\\/#\\\/schema\\\/logo\\\/image\\\/\"},\"sameAs\":[\"https:\\\/\\\/www.facebook.com\\\/profile.php?id=100008943462799\",\"https:\\\/\\\/x.com\\\/bellunopress\",\"https:\\\/\\\/www.linkedin.com\\\/hp\\\/?dnr=JBzUWaJfMUw8vbXJJ2tVW5-I3jZKvC4wsoxE&amp;amp;amp;amp;amp;amp;trk=nav_responsive_tab_home\",\"https:\\\/\\\/www.youtube.com\\\/channel\\\/UCxL0wu1uN0_3_7hGG0306cw\"]},{\"@type\":\"Person\",\"@id\":\"https:\\\/\\\/www.bellunopress.it\\\/#\\\/schema\\\/person\\\/79bb06722b37ece1c03d3e94beb30d73\",\"name\":\"redazione\",\"image\":{\"@type\":\"ImageObject\",\"inLanguage\":\"fr-FR\",\"@id\":\"https:\\\/\\\/secure.gravatar.com\\\/avatar\\\/37d968a2e67a6fd04c169c4bdef102d0bc5d31b2546345219e348575eb80e9a0?s=96&d=mm&r=g\",\"url\":\"https:\\\/\\\/secure.gravatar.com\\\/avatar\\\/37d968a2e67a6fd04c169c4bdef102d0bc5d31b2546345219e348575eb80e9a0?s=96&d=mm&r=g\",\"contentUrl\":\"https:\\\/\\\/secure.gravatar.com\\\/avatar\\\/37d968a2e67a6fd04c169c4bdef102d0bc5d31b2546345219e348575eb80e9a0?s=96&d=mm&r=g\",\"caption\":\"redazione\"},\"sameAs\":[\"http:\\\/\\\/www.bellunopress.it\",\"https:\\\/\\\/x.com\\\/bellunopress\"],\"url\":\"https:\\\/\\\/www.bellunopress.it\\\/fr\\\/author\\\/redazione\\\/\"}]}<\/script>\n<!-- \/ Yoast SEO plugin. -->","yoast_head_json":{"title":"Lettera aperta alla cittadinanza dall' Associazione Facciamo un Nido - Bellunopress - Dolomiti","robots":{"index":"index","follow":"follow","max-snippet":"max-snippet:-1","max-image-preview":"max-image-preview:large","max-video-preview":"max-video-preview:-1"},"canonical":"https:\/\/www.bellunopress.it\/fr\/2019\/10\/25\/lettera-aperta-alla-cittadinanza-dall-associazione-facciamo-un-nido\/","og_locale":"fr_FR","og_type":"article","og_title":"Lettera aperta alla cittadinanza dall' Associazione Facciamo un Nido - Bellunopress - Dolomiti","og_description":"Cortina, 25 ottobre 2019 &#8211; In questi anni si \u00e8 parlato spesso della realt\u00e0 Montessori nata a Cortina nel 1997, ma pochi la conoscono veramente; si tratta di un Istituto Scolastico che comprende un Asilo Nido, una Scuola dell\u2019Infanzia chiamata la Casa dei Bambini, ed una Scuola Primaria paritaria bilingue (italianoinglese), gestito direttamente dai genitori [&hellip;]","og_url":"https:\/\/www.bellunopress.it\/fr\/2019\/10\/25\/lettera-aperta-alla-cittadinanza-dall-associazione-facciamo-un-nido\/","og_site_name":"Bellunopress - Dolomiti","article_publisher":"https:\/\/www.facebook.com\/profile.php?id=100008943462799","article_published_time":"2019-10-25T10:44:51+00:00","article_modified_time":"2019-10-25T20:49:13+00:00","og_image":[{"url":"http:\/\/www.bellunopress.it\/wp-content\/uploads\/2010\/05\/lettera.jpg","type":"","width":"","height":""}],"author":"redazione","twitter_card":"summary_large_image","twitter_creator":"@bellunopress","twitter_site":"@bellunopress","twitter_misc":{"\u00c9crit par":"redazione","Dur\u00e9e de lecture estim\u00e9e":"4 minutes"},"schema":{"@context":"https:\/\/schema.org","@graph":[{"@type":"Article","@id":"https:\/\/www.bellunopress.it\/2019\/10\/25\/lettera-aperta-alla-cittadinanza-dall-associazione-facciamo-un-nido\/#article","isPartOf":{"@id":"https:\/\/www.bellunopress.it\/2019\/10\/25\/lettera-aperta-alla-cittadinanza-dall-associazione-facciamo-un-nido\/"},"author":{"name":"redazione","@id":"https:\/\/www.bellunopress.it\/#\/schema\/person\/79bb06722b37ece1c03d3e94beb30d73"},"headline":"Lettera aperta alla cittadinanza dall&#8217; Associazione Facciamo un Nido","datePublished":"2019-10-25T10:44:51+00:00","dateModified":"2019-10-25T20:49:13+00:00","mainEntityOfPage":{"@id":"https:\/\/www.bellunopress.it\/2019\/10\/25\/lettera-aperta-alla-cittadinanza-dall-associazione-facciamo-un-nido\/"},"wordCount":862,"publisher":{"@id":"https:\/\/www.bellunopress.it\/#organization"},"image":{"@id":"https:\/\/www.bellunopress.it\/2019\/10\/25\/lettera-aperta-alla-cittadinanza-dall-associazione-facciamo-un-nido\/#primaryimage"},"thumbnailUrl":"http:\/\/www.bellunopress.it\/wp-content\/uploads\/2010\/05\/lettera.jpg","articleSection":["Lettere Opinioni","Prima Pagina"],"inLanguage":"fr-FR"},{"@type":"WebPage","@id":"https:\/\/www.bellunopress.it\/2019\/10\/25\/lettera-aperta-alla-cittadinanza-dall-associazione-facciamo-un-nido\/","url":"https:\/\/www.bellunopress.it\/2019\/10\/25\/lettera-aperta-alla-cittadinanza-dall-associazione-facciamo-un-nido\/","name":"Lettera aperta alla cittadinanza dall' Associazione Facciamo un Nido - Bellunopress - Dolomiti","isPartOf":{"@id":"https:\/\/www.bellunopress.it\/#website"},"primaryImageOfPage":{"@id":"https:\/\/www.bellunopress.it\/2019\/10\/25\/lettera-aperta-alla-cittadinanza-dall-associazione-facciamo-un-nido\/#primaryimage"},"image":{"@id":"https:\/\/www.bellunopress.it\/2019\/10\/25\/lettera-aperta-alla-cittadinanza-dall-associazione-facciamo-un-nido\/#primaryimage"},"thumbnailUrl":"http:\/\/www.bellunopress.it\/wp-content\/uploads\/2010\/05\/lettera.jpg","datePublished":"2019-10-25T10:44:51+00:00","dateModified":"2019-10-25T20:49:13+00:00","breadcrumb":{"@id":"https:\/\/www.bellunopress.it\/2019\/10\/25\/lettera-aperta-alla-cittadinanza-dall-associazione-facciamo-un-nido\/#breadcrumb"},"inLanguage":"fr-FR","potentialAction":[{"@type":"ReadAction","target":["https:\/\/www.bellunopress.it\/2019\/10\/25\/lettera-aperta-alla-cittadinanza-dall-associazione-facciamo-un-nido\/"]}]},{"@type":"ImageObject","inLanguage":"fr-FR","@id":"https:\/\/www.bellunopress.it\/2019\/10\/25\/lettera-aperta-alla-cittadinanza-dall-associazione-facciamo-un-nido\/#primaryimage","url":"http:\/\/www.bellunopress.it\/wp-content\/uploads\/2010\/05\/lettera.jpg","contentUrl":"http:\/\/www.bellunopress.it\/wp-content\/uploads\/2010\/05\/lettera.jpg"},{"@type":"BreadcrumbList","@id":"https:\/\/www.bellunopress.it\/2019\/10\/25\/lettera-aperta-alla-cittadinanza-dall-associazione-facciamo-un-nido\/#breadcrumb","itemListElement":[{"@type":"ListItem","position":1,"name":"Home","item":"https:\/\/www.bellunopress.it\/"},{"@type":"ListItem","position":2,"name":"Lettera aperta alla cittadinanza dall&#8217; Associazione Facciamo un Nido"}]},{"@type":"WebSite","@id":"https:\/\/www.bellunopress.it\/#website","url":"https:\/\/www.bellunopress.it\/","name":"Bellunopress - Dolomiti","description":"e-mail: redazione@bellunopress.it","publisher":{"@id":"https:\/\/www.bellunopress.it\/#organization"},"potentialAction":[{"@type":"SearchAction","target":{"@type":"EntryPoint","urlTemplate":"https:\/\/www.bellunopress.it\/?s={search_term_string}"},"query-input":{"@type":"PropertyValueSpecification","valueRequired":true,"valueName":"search_term_string"}}],"inLanguage":"fr-FR"},{"@type":"Organization","@id":"https:\/\/www.bellunopress.it\/#organization","name":"Bellunopress","url":"https:\/\/www.bellunopress.it\/","logo":{"@type":"ImageObject","inLanguage":"fr-FR","@id":"https:\/\/www.bellunopress.it\/#\/schema\/logo\/image\/","url":"https:\/\/www.bellunopress.it\/wp-content\/uploads\/2011\/05\/cropped-logo-bellunopress-.jpg","contentUrl":"https:\/\/www.bellunopress.it\/wp-content\/uploads\/2011\/05\/cropped-logo-bellunopress-.jpg","width":512,"height":512,"caption":"Bellunopress"},"image":{"@id":"https:\/\/www.bellunopress.it\/#\/schema\/logo\/image\/"},"sameAs":["https:\/\/www.facebook.com\/profile.php?id=100008943462799","https:\/\/x.com\/bellunopress","https:\/\/www.linkedin.com\/hp\/?dnr=JBzUWaJfMUw8vbXJJ2tVW5-I3jZKvC4wsoxE&amp;amp;amp;amp;amp;amp;trk=nav_responsive_tab_home","https:\/\/www.youtube.com\/channel\/UCxL0wu1uN0_3_7hGG0306cw"]},{"@type":"Person","@id":"https:\/\/www.bellunopress.it\/#\/schema\/person\/79bb06722b37ece1c03d3e94beb30d73","name":"r\u00e9daction","image":{"@type":"ImageObject","inLanguage":"fr-FR","@id":"https:\/\/secure.gravatar.com\/avatar\/37d968a2e67a6fd04c169c4bdef102d0bc5d31b2546345219e348575eb80e9a0?s=96&d=mm&r=g","url":"https:\/\/secure.gravatar.com\/avatar\/37d968a2e67a6fd04c169c4bdef102d0bc5d31b2546345219e348575eb80e9a0?s=96&d=mm&r=g","contentUrl":"https:\/\/secure.gravatar.com\/avatar\/37d968a2e67a6fd04c169c4bdef102d0bc5d31b2546345219e348575eb80e9a0?s=96&d=mm&r=g","caption":"redazione"},"sameAs":["http:\/\/www.bellunopress.it","https:\/\/x.com\/bellunopress"],"url":"https:\/\/www.bellunopress.it\/fr\/author\/redazione\/"}]}},"_links":{"self":[{"href":"https:\/\/www.bellunopress.it\/fr\/wp-json\/wp\/v2\/posts\/109073","targetHints":{"allow":["GET"]}}],"collection":[{"href":"https:\/\/www.bellunopress.it\/fr\/wp-json\/wp\/v2\/posts"}],"about":[{"href":"https:\/\/www.bellunopress.it\/fr\/wp-json\/wp\/v2\/types\/post"}],"author":[{"embeddable":true,"href":"https:\/\/www.bellunopress.it\/fr\/wp-json\/wp\/v2\/users\/2"}],"replies":[{"embeddable":true,"href":"https:\/\/www.bellunopress.it\/fr\/wp-json\/wp\/v2\/comments?post=109073"}],"version-history":[{"count":1,"href":"https:\/\/www.bellunopress.it\/fr\/wp-json\/wp\/v2\/posts\/109073\/revisions"}],"predecessor-version":[{"id":109074,"href":"https:\/\/www.bellunopress.it\/fr\/wp-json\/wp\/v2\/posts\/109073\/revisions\/109074"}],"wp:attachment":[{"href":"https:\/\/www.bellunopress.it\/fr\/wp-json\/wp\/v2\/media?parent=109073"}],"wp:term":[{"taxonomy":"category","embeddable":true,"href":"https:\/\/www.bellunopress.it\/fr\/wp-json\/wp\/v2\/categories?post=109073"},{"taxonomy":"post_tag","embeddable":true,"href":"https:\/\/www.bellunopress.it\/fr\/wp-json\/wp\/v2\/tags?post=109073"}],"curies":[{"name":"wp","href":"https:\/\/api.w.org\/{rel}","templated":true}]}}