{"id":109057,"date":"2019-10-25T14:53:02","date_gmt":"2019-10-25T12:53:02","guid":{"rendered":"http:\/\/www.bellunopress.it\/?p=109057"},"modified":"2019-10-25T14:53:02","modified_gmt":"2019-10-25T12:53:02","slug":"26-ottobre-giornata-del-trekking-urbano-appuntamento-alle-ore-9-al-duomo-di-feltre","status":"publish","type":"post","link":"https:\/\/www.bellunopress.it\/fr\/2019\/10\/25\/26-ottobre-giornata-del-trekking-urbano-appuntamento-alle-ore-9-al-duomo-di-feltre\/","title":{"rendered":"26 ottobre Giornata del trekking urbano. Appuntamento alle ore 9 al Duomo di Feltre"},"content":{"rendered":"<p><a href=\"http:\/\/www.bellunopress.it\/fr\/2019\/09\/19\/primi-dati-sulla-stagione-turistica-feltrina-laumento-e-a-doppia-cifra\/feltre-4\/\" rel=\"attachment wp-att-108001\"><img loading=\"lazy\" decoding=\"async\" class=\"alignleft size-full wp-image-108001\" src=\"http:\/\/www.bellunopress.it\/wp-content\/uploads\/2019\/09\/Feltre.jpg\" alt=\"\" width=\"300\" height=\"225\" \/><\/a>La giornata mondiale del Trekking Urbano, organizzata dall\u2019assessorato alle Politiche per il Turismo del Comune di Siena dal 2002, vede dal 2015 anche la partecipazione del Comune di Feltre che da allora promuove una propria proposta.<br \/>\nIl tema di quest&#8217;anno, condiviso da 48 citt\u00e0, \u00e8 il &#8220;turismo lento&#8221;: un modo &#8220;per riuscire ad osservare quei piccoli dettagli che spesso sfuggono agli occhi dei visitatori, piccoli tesori nascosti e poco conosciuti&#8221;.<br \/>\nLa partecipazione alla giornata \u00e8 gratuita ma \u00e8 necessaria la prenotazione all&#8217;indirizzo\u00a0uff.cultura@comune.feltre.bl.it<\/p>\n<p>Per ragioni organizzative e logistiche il gruppo di partecipanti potr\u00e0 essere al massimo di 30 persone.<br \/>\nIl ritrovo \u00e8 alle ore 9 presso il sagrato del Duomo di Feltre. Da qui l&#8217;itinerario si snoder\u00e0 attraverso il centro storico di Feltre e zone contermini. Sar\u00e0 un viaggio nel tempo alla scoperta di scorci, storie e suggestioni legate al territorio e al suo passato. Non mancheranno le sorprese grazie alla collaborazione e alla disponibilit\u00e0 dell&#8217;Associazione Palio di Feltre che dar\u00e0 voce a protagonisti della storia feltrina.<br \/>\nAlla giornata dedicata al trekking urbano, si sovrappone anche la giornata nazionale del folklore e delle tradizioni popolari, indetta per il giorno 26 ottobre con Direttiva del Presidente del Consiglio dei ministri il 31 luglio 2019.<br \/>\nIl 26 ottobre il Palio sar\u00e0 impegnato a Verona nella riunione organizzata dalla regione Veneto tra le manifestazioni di rievocazione storica presenti sul territorio regionale.<\/p>\n<p>L&#8217;occasione per celebrare anche a Feltre la giornata nazionale e per unire cos\u00ec queste due ricorrenze \u00e8 stata colta al volo dall&#8217;Associazione Palio Citt\u00e0 di Feltre. \u201cL&#8217;invito, da parte del Comune, ha dichiarato il presidente Eugenio Tamburrino, di intervenire all&#8217;interno del Trekking Urbano organizzato dall&#8217;ufficio Cultura per poter illustrare il Palio e la Feltre rinascimentale \u00e8 stato molto gradito e si \u00e8 rivelata l&#8217;occasione perfetta per unire la celebrazione delle due giornate nazionali. D&#8217;altro canto, i principi alla base del trekking urbano e delle manifestazioni storiche non sono dissimili, poich\u00e9 puntano a valorizzare il territorio mettendone al centro la storia e le tradizioni, che vengono fruite facendovi immergere il visitatore e gli stessi cittadini. Colgo l&#8217;occasione per ringraziare Sonia De Bortoli e Stefano Lino Lucchetta, che si sono gentilmente prestati a rappresentare l&#8217;associazione Palio all&#8217;interno della giornata del trekking urbano\u201d.<\/p>","protected":false},"excerpt":{"rendered":"<p>La giornata mondiale del Trekking Urbano, organizzata dall\u2019assessorato alle Politiche per il Turismo del Comune di Siena dal 2002, vede dal 2015 anche la partecipazione del Comune di Feltre che da allora promuove una propria proposta. Il tema di quest&#8217;anno, condiviso da 48 citt\u00e0, \u00e8 il &#8220;turismo lento&#8221;: un modo &#8220;per riuscire ad osservare quei [&hellip;]<\/p>\n","protected":false},"author":2,"featured_media":0,"comment_status":"closed","ping_status":"open","sticky":false,"template":"","format":"standard","meta":{"footnotes":""},"categories":[27,26,8,4],"tags":[],"class_list":["post-109057","post","type-post","status-publish","format-standard","category-appuntamenti","category-prima-pagina","category-societa-istituzioni","category-sport"],"yoast_head":"<!-- This site is optimized with the Yoast SEO plugin v28.4 - https:\/\/yoast.com\/product\/yoast-seo-wordpress\/ -->\n<title>26 ottobre Giornata del trekking urbano. Appuntamento alle ore 9 al Duomo di Feltre - Bellunopress - Dolomiti<\/title>\n<meta name=\"robots\" content=\"index, follow, max-snippet:-1, max-image-preview:large, max-video-preview:-1\" \/>\n<link rel=\"canonical\" href=\"https:\/\/www.bellunopress.it\/fr\/2019\/10\/25\/26-ottobre-giornata-del-trekking-urbano-appuntamento-alle-ore-9-al-duomo-di-feltre\/\" \/>\n<meta property=\"og:locale\" content=\"fr_FR\" \/>\n<meta property=\"og:type\" content=\"article\" \/>\n<meta property=\"og:title\" content=\"26 ottobre Giornata del trekking urbano. Appuntamento alle ore 9 al Duomo di Feltre - Bellunopress - Dolomiti\" \/>\n<meta property=\"og:description\" content=\"La giornata mondiale del Trekking Urbano, organizzata dall\u2019assessorato alle Politiche per il Turismo del Comune di Siena dal 2002, vede dal 2015 anche la partecipazione del Comune di Feltre che da allora promuove una propria proposta. Il tema di quest&#8217;anno, condiviso da 48 citt\u00e0, \u00e8 il &#8220;turismo lento&#8221;: un modo &#8220;per riuscire ad osservare quei [&hellip;]\" \/>\n<meta property=\"og:url\" content=\"https:\/\/www.bellunopress.it\/fr\/2019\/10\/25\/26-ottobre-giornata-del-trekking-urbano-appuntamento-alle-ore-9-al-duomo-di-feltre\/\" \/>\n<meta property=\"og:site_name\" content=\"Bellunopress - Dolomiti\" \/>\n<meta property=\"article:publisher\" content=\"https:\/\/www.facebook.com\/profile.php?id=100008943462799\" \/>\n<meta property=\"article:published_time\" content=\"2019-10-25T12:53:02+00:00\" \/>\n<meta property=\"og:image\" content=\"http:\/\/www.bellunopress.it\/wp-content\/uploads\/2019\/09\/Feltre.jpg\" \/>\n<meta name=\"author\" content=\"redazione\" \/>\n<meta name=\"twitter:card\" content=\"summary_large_image\" \/>\n<meta name=\"twitter:creator\" content=\"@bellunopress\" \/>\n<meta name=\"twitter:site\" content=\"@bellunopress\" \/>\n<meta name=\"twitter:label1\" content=\"\u00c9crit par\" \/>\n\t<meta name=\"twitter:data1\" content=\"redazione\" \/>\n\t<meta name=\"twitter:label2\" content=\"Dur\u00e9e de lecture estim\u00e9e\" \/>\n\t<meta name=\"twitter:data2\" content=\"2 minutes\" \/>\n<script type=\"application\/ld+json\" class=\"yoast-schema-graph\">{\"@context\":\"https:\\\/\\\/schema.org\",\"@graph\":[{\"@type\":\"Article\",\"@id\":\"https:\\\/\\\/www.bellunopress.it\\\/2019\\\/10\\\/25\\\/26-ottobre-giornata-del-trekking-urbano-appuntamento-alle-ore-9-al-duomo-di-feltre\\\/#article\",\"isPartOf\":{\"@id\":\"https:\\\/\\\/www.bellunopress.it\\\/2019\\\/10\\\/25\\\/26-ottobre-giornata-del-trekking-urbano-appuntamento-alle-ore-9-al-duomo-di-feltre\\\/\"},\"author\":{\"name\":\"redazione\",\"@id\":\"https:\\\/\\\/www.bellunopress.it\\\/#\\\/schema\\\/person\\\/79bb06722b37ece1c03d3e94beb30d73\"},\"headline\":\"26 ottobre Giornata del trekking urbano. Appuntamento alle ore 9 al Duomo di Feltre\",\"datePublished\":\"2019-10-25T12:53:02+00:00\",\"mainEntityOfPage\":{\"@id\":\"https:\\\/\\\/www.bellunopress.it\\\/2019\\\/10\\\/25\\\/26-ottobre-giornata-del-trekking-urbano-appuntamento-alle-ore-9-al-duomo-di-feltre\\\/\"},\"wordCount\":384,\"publisher\":{\"@id\":\"https:\\\/\\\/www.bellunopress.it\\\/#organization\"},\"image\":{\"@id\":\"https:\\\/\\\/www.bellunopress.it\\\/2019\\\/10\\\/25\\\/26-ottobre-giornata-del-trekking-urbano-appuntamento-alle-ore-9-al-duomo-di-feltre\\\/#primaryimage\"},\"thumbnailUrl\":\"http:\\\/\\\/www.bellunopress.it\\\/wp-content\\\/uploads\\\/2019\\\/09\\\/Feltre.jpg\",\"articleSection\":[\"Appuntamenti, Eventi\",\"Prima Pagina\",\"Societ\u00e0, Associazioni, Istituzioni\",\"Sport, tempo libero\"],\"inLanguage\":\"fr-FR\"},{\"@type\":\"WebPage\",\"@id\":\"https:\\\/\\\/www.bellunopress.it\\\/2019\\\/10\\\/25\\\/26-ottobre-giornata-del-trekking-urbano-appuntamento-alle-ore-9-al-duomo-di-feltre\\\/\",\"url\":\"https:\\\/\\\/www.bellunopress.it\\\/2019\\\/10\\\/25\\\/26-ottobre-giornata-del-trekking-urbano-appuntamento-alle-ore-9-al-duomo-di-feltre\\\/\",\"name\":\"26 ottobre Giornata del trekking urbano. Appuntamento alle ore 9 al Duomo di Feltre - Bellunopress - Dolomiti\",\"isPartOf\":{\"@id\":\"https:\\\/\\\/www.bellunopress.it\\\/#website\"},\"primaryImageOfPage\":{\"@id\":\"https:\\\/\\\/www.bellunopress.it\\\/2019\\\/10\\\/25\\\/26-ottobre-giornata-del-trekking-urbano-appuntamento-alle-ore-9-al-duomo-di-feltre\\\/#primaryimage\"},\"image\":{\"@id\":\"https:\\\/\\\/www.bellunopress.it\\\/2019\\\/10\\\/25\\\/26-ottobre-giornata-del-trekking-urbano-appuntamento-alle-ore-9-al-duomo-di-feltre\\\/#primaryimage\"},\"thumbnailUrl\":\"http:\\\/\\\/www.bellunopress.it\\\/wp-content\\\/uploads\\\/2019\\\/09\\\/Feltre.jpg\",\"datePublished\":\"2019-10-25T12:53:02+00:00\",\"breadcrumb\":{\"@id\":\"https:\\\/\\\/www.bellunopress.it\\\/2019\\\/10\\\/25\\\/26-ottobre-giornata-del-trekking-urbano-appuntamento-alle-ore-9-al-duomo-di-feltre\\\/#breadcrumb\"},\"inLanguage\":\"fr-FR\",\"potentialAction\":[{\"@type\":\"ReadAction\",\"target\":[\"https:\\\/\\\/www.bellunopress.it\\\/2019\\\/10\\\/25\\\/26-ottobre-giornata-del-trekking-urbano-appuntamento-alle-ore-9-al-duomo-di-feltre\\\/\"]}]},{\"@type\":\"ImageObject\",\"inLanguage\":\"fr-FR\",\"@id\":\"https:\\\/\\\/www.bellunopress.it\\\/2019\\\/10\\\/25\\\/26-ottobre-giornata-del-trekking-urbano-appuntamento-alle-ore-9-al-duomo-di-feltre\\\/#primaryimage\",\"url\":\"http:\\\/\\\/www.bellunopress.it\\\/wp-content\\\/uploads\\\/2019\\\/09\\\/Feltre.jpg\",\"contentUrl\":\"http:\\\/\\\/www.bellunopress.it\\\/wp-content\\\/uploads\\\/2019\\\/09\\\/Feltre.jpg\"},{\"@type\":\"BreadcrumbList\",\"@id\":\"https:\\\/\\\/www.bellunopress.it\\\/2019\\\/10\\\/25\\\/26-ottobre-giornata-del-trekking-urbano-appuntamento-alle-ore-9-al-duomo-di-feltre\\\/#breadcrumb\",\"itemListElement\":[{\"@type\":\"ListItem\",\"position\":1,\"name\":\"Home\",\"item\":\"https:\\\/\\\/www.bellunopress.it\\\/\"},{\"@type\":\"ListItem\",\"position\":2,\"name\":\"26 ottobre Giornata del trekking urbano. Appuntamento alle ore 9 al Duomo di Feltre\"}]},{\"@type\":\"WebSite\",\"@id\":\"https:\\\/\\\/www.bellunopress.it\\\/#website\",\"url\":\"https:\\\/\\\/www.bellunopress.it\\\/\",\"name\":\"Bellunopress - Dolomiti\",\"description\":\"e-mail: redazione@bellunopress.it\",\"publisher\":{\"@id\":\"https:\\\/\\\/www.bellunopress.it\\\/#organization\"},\"potentialAction\":[{\"@type\":\"SearchAction\",\"target\":{\"@type\":\"EntryPoint\",\"urlTemplate\":\"https:\\\/\\\/www.bellunopress.it\\\/?s={search_term_string}\"},\"query-input\":{\"@type\":\"PropertyValueSpecification\",\"valueRequired\":true,\"valueName\":\"search_term_string\"}}],\"inLanguage\":\"fr-FR\"},{\"@type\":\"Organization\",\"@id\":\"https:\\\/\\\/www.bellunopress.it\\\/#organization\",\"name\":\"Bellunopress\",\"url\":\"https:\\\/\\\/www.bellunopress.it\\\/\",\"logo\":{\"@type\":\"ImageObject\",\"inLanguage\":\"fr-FR\",\"@id\":\"https:\\\/\\\/www.bellunopress.it\\\/#\\\/schema\\\/logo\\\/image\\\/\",\"url\":\"https:\\\/\\\/www.bellunopress.it\\\/wp-content\\\/uploads\\\/2011\\\/05\\\/cropped-logo-bellunopress-.jpg\",\"contentUrl\":\"https:\\\/\\\/www.bellunopress.it\\\/wp-content\\\/uploads\\\/2011\\\/05\\\/cropped-logo-bellunopress-.jpg\",\"width\":512,\"height\":512,\"caption\":\"Bellunopress\"},\"image\":{\"@id\":\"https:\\\/\\\/www.bellunopress.it\\\/#\\\/schema\\\/logo\\\/image\\\/\"},\"sameAs\":[\"https:\\\/\\\/www.facebook.com\\\/profile.php?id=100008943462799\",\"https:\\\/\\\/x.com\\\/bellunopress\",\"https:\\\/\\\/www.linkedin.com\\\/hp\\\/?dnr=JBzUWaJfMUw8vbXJJ2tVW5-I3jZKvC4wsoxE&amp;amp;amp;amp;amp;amp;trk=nav_responsive_tab_home\",\"https:\\\/\\\/www.youtube.com\\\/channel\\\/UCxL0wu1uN0_3_7hGG0306cw\"]},{\"@type\":\"Person\",\"@id\":\"https:\\\/\\\/www.bellunopress.it\\\/#\\\/schema\\\/person\\\/79bb06722b37ece1c03d3e94beb30d73\",\"name\":\"redazione\",\"image\":{\"@type\":\"ImageObject\",\"inLanguage\":\"fr-FR\",\"@id\":\"https:\\\/\\\/secure.gravatar.com\\\/avatar\\\/37d968a2e67a6fd04c169c4bdef102d0bc5d31b2546345219e348575eb80e9a0?s=96&d=mm&r=g\",\"url\":\"https:\\\/\\\/secure.gravatar.com\\\/avatar\\\/37d968a2e67a6fd04c169c4bdef102d0bc5d31b2546345219e348575eb80e9a0?s=96&d=mm&r=g\",\"contentUrl\":\"https:\\\/\\\/secure.gravatar.com\\\/avatar\\\/37d968a2e67a6fd04c169c4bdef102d0bc5d31b2546345219e348575eb80e9a0?s=96&d=mm&r=g\",\"caption\":\"redazione\"},\"sameAs\":[\"http:\\\/\\\/www.bellunopress.it\",\"https:\\\/\\\/x.com\\\/bellunopress\"],\"url\":\"https:\\\/\\\/www.bellunopress.it\\\/fr\\\/author\\\/redazione\\\/\"}]}<\/script>\n<!-- \/ Yoast SEO plugin. -->","yoast_head_json":{"title":"26 ottobre Giornata del trekking urbano. Appuntamento alle ore 9 al Duomo di Feltre - Bellunopress - Dolomiti","robots":{"index":"index","follow":"follow","max-snippet":"max-snippet:-1","max-image-preview":"max-image-preview:large","max-video-preview":"max-video-preview:-1"},"canonical":"https:\/\/www.bellunopress.it\/fr\/2019\/10\/25\/26-ottobre-giornata-del-trekking-urbano-appuntamento-alle-ore-9-al-duomo-di-feltre\/","og_locale":"fr_FR","og_type":"article","og_title":"26 ottobre Giornata del trekking urbano. Appuntamento alle ore 9 al Duomo di Feltre - Bellunopress - Dolomiti","og_description":"La giornata mondiale del Trekking Urbano, organizzata dall\u2019assessorato alle Politiche per il Turismo del Comune di Siena dal 2002, vede dal 2015 anche la partecipazione del Comune di Feltre che da allora promuove una propria proposta. Il tema di quest&#8217;anno, condiviso da 48 citt\u00e0, \u00e8 il &#8220;turismo lento&#8221;: un modo &#8220;per riuscire ad osservare quei [&hellip;]","og_url":"https:\/\/www.bellunopress.it\/fr\/2019\/10\/25\/26-ottobre-giornata-del-trekking-urbano-appuntamento-alle-ore-9-al-duomo-di-feltre\/","og_site_name":"Bellunopress - Dolomiti","article_publisher":"https:\/\/www.facebook.com\/profile.php?id=100008943462799","article_published_time":"2019-10-25T12:53:02+00:00","og_image":[{"url":"http:\/\/www.bellunopress.it\/wp-content\/uploads\/2019\/09\/Feltre.jpg","type":"","width":"","height":""}],"author":"redazione","twitter_card":"summary_large_image","twitter_creator":"@bellunopress","twitter_site":"@bellunopress","twitter_misc":{"\u00c9crit par":"redazione","Dur\u00e9e de lecture estim\u00e9e":"2 minutes"},"schema":{"@context":"https:\/\/schema.org","@graph":[{"@type":"Article","@id":"https:\/\/www.bellunopress.it\/2019\/10\/25\/26-ottobre-giornata-del-trekking-urbano-appuntamento-alle-ore-9-al-duomo-di-feltre\/#article","isPartOf":{"@id":"https:\/\/www.bellunopress.it\/2019\/10\/25\/26-ottobre-giornata-del-trekking-urbano-appuntamento-alle-ore-9-al-duomo-di-feltre\/"},"author":{"name":"redazione","@id":"https:\/\/www.bellunopress.it\/#\/schema\/person\/79bb06722b37ece1c03d3e94beb30d73"},"headline":"26 ottobre Giornata del trekking urbano. Appuntamento alle ore 9 al Duomo di Feltre","datePublished":"2019-10-25T12:53:02+00:00","mainEntityOfPage":{"@id":"https:\/\/www.bellunopress.it\/2019\/10\/25\/26-ottobre-giornata-del-trekking-urbano-appuntamento-alle-ore-9-al-duomo-di-feltre\/"},"wordCount":384,"publisher":{"@id":"https:\/\/www.bellunopress.it\/#organization"},"image":{"@id":"https:\/\/www.bellunopress.it\/2019\/10\/25\/26-ottobre-giornata-del-trekking-urbano-appuntamento-alle-ore-9-al-duomo-di-feltre\/#primaryimage"},"thumbnailUrl":"http:\/\/www.bellunopress.it\/wp-content\/uploads\/2019\/09\/Feltre.jpg","articleSection":["Appuntamenti, Eventi","Prima Pagina","Societ\u00e0, Associazioni, Istituzioni","Sport, tempo libero"],"inLanguage":"fr-FR"},{"@type":"WebPage","@id":"https:\/\/www.bellunopress.it\/2019\/10\/25\/26-ottobre-giornata-del-trekking-urbano-appuntamento-alle-ore-9-al-duomo-di-feltre\/","url":"https:\/\/www.bellunopress.it\/2019\/10\/25\/26-ottobre-giornata-del-trekking-urbano-appuntamento-alle-ore-9-al-duomo-di-feltre\/","name":"26 ottobre Giornata del trekking urbano. Appuntamento alle ore 9 al Duomo di Feltre - Bellunopress - Dolomiti","isPartOf":{"@id":"https:\/\/www.bellunopress.it\/#website"},"primaryImageOfPage":{"@id":"https:\/\/www.bellunopress.it\/2019\/10\/25\/26-ottobre-giornata-del-trekking-urbano-appuntamento-alle-ore-9-al-duomo-di-feltre\/#primaryimage"},"image":{"@id":"https:\/\/www.bellunopress.it\/2019\/10\/25\/26-ottobre-giornata-del-trekking-urbano-appuntamento-alle-ore-9-al-duomo-di-feltre\/#primaryimage"},"thumbnailUrl":"http:\/\/www.bellunopress.it\/wp-content\/uploads\/2019\/09\/Feltre.jpg","datePublished":"2019-10-25T12:53:02+00:00","breadcrumb":{"@id":"https:\/\/www.bellunopress.it\/2019\/10\/25\/26-ottobre-giornata-del-trekking-urbano-appuntamento-alle-ore-9-al-duomo-di-feltre\/#breadcrumb"},"inLanguage":"fr-FR","potentialAction":[{"@type":"ReadAction","target":["https:\/\/www.bellunopress.it\/2019\/10\/25\/26-ottobre-giornata-del-trekking-urbano-appuntamento-alle-ore-9-al-duomo-di-feltre\/"]}]},{"@type":"ImageObject","inLanguage":"fr-FR","@id":"https:\/\/www.bellunopress.it\/2019\/10\/25\/26-ottobre-giornata-del-trekking-urbano-appuntamento-alle-ore-9-al-duomo-di-feltre\/#primaryimage","url":"http:\/\/www.bellunopress.it\/wp-content\/uploads\/2019\/09\/Feltre.jpg","contentUrl":"http:\/\/www.bellunopress.it\/wp-content\/uploads\/2019\/09\/Feltre.jpg"},{"@type":"BreadcrumbList","@id":"https:\/\/www.bellunopress.it\/2019\/10\/25\/26-ottobre-giornata-del-trekking-urbano-appuntamento-alle-ore-9-al-duomo-di-feltre\/#breadcrumb","itemListElement":[{"@type":"ListItem","position":1,"name":"Home","item":"https:\/\/www.bellunopress.it\/"},{"@type":"ListItem","position":2,"name":"26 ottobre Giornata del trekking urbano. Appuntamento alle ore 9 al Duomo di Feltre"}]},{"@type":"WebSite","@id":"https:\/\/www.bellunopress.it\/#website","url":"https:\/\/www.bellunopress.it\/","name":"Bellunopress - Dolomiti","description":"e-mail: redazione@bellunopress.it","publisher":{"@id":"https:\/\/www.bellunopress.it\/#organization"},"potentialAction":[{"@type":"SearchAction","target":{"@type":"EntryPoint","urlTemplate":"https:\/\/www.bellunopress.it\/?s={search_term_string}"},"query-input":{"@type":"PropertyValueSpecification","valueRequired":true,"valueName":"search_term_string"}}],"inLanguage":"fr-FR"},{"@type":"Organization","@id":"https:\/\/www.bellunopress.it\/#organization","name":"Bellunopress","url":"https:\/\/www.bellunopress.it\/","logo":{"@type":"ImageObject","inLanguage":"fr-FR","@id":"https:\/\/www.bellunopress.it\/#\/schema\/logo\/image\/","url":"https:\/\/www.bellunopress.it\/wp-content\/uploads\/2011\/05\/cropped-logo-bellunopress-.jpg","contentUrl":"https:\/\/www.bellunopress.it\/wp-content\/uploads\/2011\/05\/cropped-logo-bellunopress-.jpg","width":512,"height":512,"caption":"Bellunopress"},"image":{"@id":"https:\/\/www.bellunopress.it\/#\/schema\/logo\/image\/"},"sameAs":["https:\/\/www.facebook.com\/profile.php?id=100008943462799","https:\/\/x.com\/bellunopress","https:\/\/www.linkedin.com\/hp\/?dnr=JBzUWaJfMUw8vbXJJ2tVW5-I3jZKvC4wsoxE&amp;amp;amp;amp;amp;amp;trk=nav_responsive_tab_home","https:\/\/www.youtube.com\/channel\/UCxL0wu1uN0_3_7hGG0306cw"]},{"@type":"Person","@id":"https:\/\/www.bellunopress.it\/#\/schema\/person\/79bb06722b37ece1c03d3e94beb30d73","name":"r\u00e9daction","image":{"@type":"ImageObject","inLanguage":"fr-FR","@id":"https:\/\/secure.gravatar.com\/avatar\/37d968a2e67a6fd04c169c4bdef102d0bc5d31b2546345219e348575eb80e9a0?s=96&d=mm&r=g","url":"https:\/\/secure.gravatar.com\/avatar\/37d968a2e67a6fd04c169c4bdef102d0bc5d31b2546345219e348575eb80e9a0?s=96&d=mm&r=g","contentUrl":"https:\/\/secure.gravatar.com\/avatar\/37d968a2e67a6fd04c169c4bdef102d0bc5d31b2546345219e348575eb80e9a0?s=96&d=mm&r=g","caption":"redazione"},"sameAs":["http:\/\/www.bellunopress.it","https:\/\/x.com\/bellunopress"],"url":"https:\/\/www.bellunopress.it\/fr\/author\/redazione\/"}]}},"_links":{"self":[{"href":"https:\/\/www.bellunopress.it\/fr\/wp-json\/wp\/v2\/posts\/109057","targetHints":{"allow":["GET"]}}],"collection":[{"href":"https:\/\/www.bellunopress.it\/fr\/wp-json\/wp\/v2\/posts"}],"about":[{"href":"https:\/\/www.bellunopress.it\/fr\/wp-json\/wp\/v2\/types\/post"}],"author":[{"embeddable":true,"href":"https:\/\/www.bellunopress.it\/fr\/wp-json\/wp\/v2\/users\/2"}],"replies":[{"embeddable":true,"href":"https:\/\/www.bellunopress.it\/fr\/wp-json\/wp\/v2\/comments?post=109057"}],"version-history":[{"count":1,"href":"https:\/\/www.bellunopress.it\/fr\/wp-json\/wp\/v2\/posts\/109057\/revisions"}],"predecessor-version":[{"id":109058,"href":"https:\/\/www.bellunopress.it\/fr\/wp-json\/wp\/v2\/posts\/109057\/revisions\/109058"}],"wp:attachment":[{"href":"https:\/\/www.bellunopress.it\/fr\/wp-json\/wp\/v2\/media?parent=109057"}],"wp:term":[{"taxonomy":"category","embeddable":true,"href":"https:\/\/www.bellunopress.it\/fr\/wp-json\/wp\/v2\/categories?post=109057"},{"taxonomy":"post_tag","embeddable":true,"href":"https:\/\/www.bellunopress.it\/fr\/wp-json\/wp\/v2\/tags?post=109057"}],"curies":[{"name":"wp","href":"https:\/\/api.w.org\/{rel}","templated":true}]}}