{"id":109055,"date":"2019-10-25T14:38:59","date_gmt":"2019-10-25T12:38:59","guid":{"rendered":"http:\/\/www.bellunopress.it\/?p=109055"},"modified":"2019-10-25T15:38:06","modified_gmt":"2019-10-25T13:38:06","slug":"longarone-fiere-apre-domani-la-42ma-edizione-di-arredamont-il-salone-dellabitare-e-dellarredare-in-montagna","status":"publish","type":"post","link":"https:\/\/www.bellunopress.it\/fr\/2019\/10\/25\/longarone-fiere-apre-domani-la-42ma-edizione-di-arredamont-il-salone-dellabitare-e-dellarredare-in-montagna\/","title":{"rendered":"Longarone Fiere. Apre domani la 42ma edizione di Arredamont, il salone dell&#8217;abitare e dell&#8217;arredare in montagna"},"content":{"rendered":"<p><a href=\"http:\/\/www.bellunopress.it\/fr\/2015\/10\/30\/sabato-lapertura-della-38ma-edizione-dellarredamont-a-longarone-fiere\/arredamont-2014\/\" rel=\"attachment wp-att-72812\"><img loading=\"lazy\" decoding=\"async\" class=\"alignleft size-full wp-image-72812\" src=\"http:\/\/www.bellunopress.it\/wp-content\/uploads\/2015\/10\/Arredamont-2014.jpg\" alt=\"\" width=\"300\" height=\"200\" \/><\/a>Sar\u00e0 inaugurata domani, sabato 26 ottobre alle 11.00, nel Quartiere espositivo di Longarone Fiere, la 42^ edizione di Arredamont, il Salone dell\u2019abitare e dell\u2019arredare in montagna che proseguir\u00e0 sino a domenica 3 novembre prossimo.<\/p>\n<p>La manifestazione si presenta anche quest\u2019anno con il tutto esaurito per quanto riguarda gli spazi occupati con la presenza di 178 espositori diretti e 199 marchi aziendali in rappresentanza di 11 regioni italiane, oltre a 4 Paesi esteri. Un\u2019esposizione completa in fatto di arredamento, complementi, tessuti, oggettistica, prodotti tipici degli ambienti delle aree alpine. E non solo per case di abitazione, ma anche per alberghi e ristoranti dove il legno la far\u00e0 ancora una volta da protagonista, senza dimenticare altri materiali naturali come la pietra, il ferro e la lana lavorata.<br \/>\nArredamont \u00e8 tradizionalmente la manifestazione fieristica nella quale \u00e8 la \u201cmateria prima legno\u201d ad essere protagonista assoluta. Lo si vede declinato in diverse filiere produttive: nei mobili soprattutto, \u00e8 logico; ma anche nell\u2019oggettistica, nei complementi d\u2019arredo, nei pavimenti, nelle boiserie. Il legno fa ambiente: nuovo o antico, di recupero o appena piallato, \u00e8 un materiale caldo che d\u00e0 grande soddisfazione. Girando tra gli stand espositivi, accanto ai tradizionali mobili e complementi d\u2019arredo, si potranno trovare anche oggetti particolari e spunti per caratterizzare le situazioni d\u2019arredo pi\u00f9 diverse: dall\u2019angolo del soggiorno di casa alla vetrina di negozio in citt\u00e0. Le ambientazioni di montagna sono molto spesso giocate su un equilibrato mix, originato da istinto genuino piuttosto che da meditata riflessione, tra gli elementi pi\u00f9 tipicamente naturali della natura montana, tra i quali il legno rimane sempre il \u201cdominus\u201d da tutti i punti di vista. Partendo da una base duttile come appunto \u00e8 il legno, vengono spesso creati oggetti di design e pezzi esclusivi, e di questi se ne trovano diversi ad Arredamont 2019.<\/p>\n<p>Inoltre saranno molte anche le iniziative e le dimostrazioni che animeranno le nove giornate di Arredamont, che vedranno gi\u00e0 da domani i Mascherai alpini (Padiglione B) alternarsi nella realizzazione di due panche rustiche utilizzando come materiale il legno \u201cschiantato\u201d dalla Tempesta Vaia del 2018 e dove lo schienale verr\u00e0 intagliato in bassorilievo con scene carnevalesche alpine: ogni maschera carnevalesca sar\u00e0 tipica della zona di provenienza dell\u2019artista.<br \/>\nMentre nello stand della Consociazione Italiana Tappezzieri Arredatori (Padiglione A2) ci saranno i Maestri d\u2019Arte disponibili a condividere il loro sapere con noi: Irene Brigolin di Como con un intervento su \u201cCollezione, riassortimento moderno e aspetti plurifunzionali\u201d, Ivan Formaggini di Pavia su \u201cIl mondo delle fibre tessili\u201d e Marco Arosio di Milano sulla \u201cTappezzeria creativa, il capitonn\u00e9 a stella\u201d.<br \/>\nInfine nel pomeriggio, alle ore 15.00 avremo il laboratorio di Dolomiti Handmade (Padiglione C) con la realizzazione di un \u201cCentrotavola con Velluto termomodellante\u201d.<\/p>\n<p>Arredamont \u00e8 aperta dalle 10 alle 19, tranne il 28 \u2013 29 \u2013 30 \u2013 31 ottobre che la vede aperta dalle 14 alle 19.00, giornate in cui \u00e8 consentito l\u2019ingresso gratuito per gli ultrasessantacinquenni.<br \/>\nLongarone, 25 ottobre 2019<\/p>","protected":false},"excerpt":{"rendered":"<p>Sar\u00e0 inaugurata domani, sabato 26 ottobre alle 11.00, nel Quartiere espositivo di Longarone Fiere, la 42^ edizione di Arredamont, il Salone dell\u2019abitare e dell\u2019arredare in montagna che proseguir\u00e0 sino a domenica 3 novembre prossimo. La manifestazione si presenta anche quest\u2019anno con il tutto esaurito per quanto riguarda gli spazi occupati con la presenza di 178 [&hellip;]<\/p>\n","protected":false},"author":2,"featured_media":0,"comment_status":"closed","ping_status":"open","sticky":false,"template":"","format":"standard","meta":{"footnotes":""},"categories":[27,3,36,26],"tags":[],"class_list":["post-109055","post","type-post","status-publish","format-standard","category-appuntamenti","category-arte-cultura-spettacoli-scienza-archivi","category-lavoro-economia","category-prima-pagina"],"yoast_head":"<!-- This site is optimized with the Yoast SEO plugin v28.4 - https:\/\/yoast.com\/product\/yoast-seo-wordpress\/ -->\n<title>Longarone Fiere. Apre domani la 42ma edizione di Arredamont, il salone dell&#039;abitare e dell&#039;arredare in montagna - Bellunopress - Dolomiti<\/title>\n<meta name=\"robots\" content=\"index, follow, max-snippet:-1, max-image-preview:large, max-video-preview:-1\" \/>\n<link rel=\"canonical\" href=\"https:\/\/www.bellunopress.it\/fr\/2019\/10\/25\/longarone-fiere-apre-domani-la-42ma-edizione-di-arredamont-il-salone-dellabitare-e-dellarredare-in-montagna\/\" \/>\n<meta property=\"og:locale\" content=\"fr_FR\" \/>\n<meta property=\"og:type\" content=\"article\" \/>\n<meta property=\"og:title\" content=\"Longarone Fiere. Apre domani la 42ma edizione di Arredamont, il salone dell&#039;abitare e dell&#039;arredare in montagna - Bellunopress - Dolomiti\" \/>\n<meta property=\"og:description\" content=\"Sar\u00e0 inaugurata domani, sabato 26 ottobre alle 11.00, nel Quartiere espositivo di Longarone Fiere, la 42^ edizione di Arredamont, il Salone dell\u2019abitare e dell\u2019arredare in montagna che proseguir\u00e0 sino a domenica 3 novembre prossimo. La manifestazione si presenta anche quest\u2019anno con il tutto esaurito per quanto riguarda gli spazi occupati con la presenza di 178 [&hellip;]\" \/>\n<meta property=\"og:url\" content=\"https:\/\/www.bellunopress.it\/fr\/2019\/10\/25\/longarone-fiere-apre-domani-la-42ma-edizione-di-arredamont-il-salone-dellabitare-e-dellarredare-in-montagna\/\" \/>\n<meta property=\"og:site_name\" content=\"Bellunopress - Dolomiti\" \/>\n<meta property=\"article:publisher\" content=\"https:\/\/www.facebook.com\/profile.php?id=100008943462799\" \/>\n<meta property=\"article:published_time\" content=\"2019-10-25T12:38:59+00:00\" \/>\n<meta property=\"article:modified_time\" content=\"2019-10-25T13:38:06+00:00\" \/>\n<meta property=\"og:image\" content=\"http:\/\/www.bellunopress.it\/wp-content\/uploads\/2015\/10\/Arredamont-2014.jpg\" \/>\n<meta name=\"author\" content=\"redazione\" \/>\n<meta name=\"twitter:card\" content=\"summary_large_image\" \/>\n<meta name=\"twitter:creator\" content=\"@bellunopress\" \/>\n<meta name=\"twitter:site\" content=\"@bellunopress\" \/>\n<meta name=\"twitter:label1\" content=\"\u00c9crit par\" \/>\n\t<meta name=\"twitter:data1\" content=\"redazione\" \/>\n\t<meta name=\"twitter:label2\" content=\"Dur\u00e9e de lecture estim\u00e9e\" \/>\n\t<meta name=\"twitter:data2\" content=\"2 minutes\" \/>\n<script type=\"application\/ld+json\" class=\"yoast-schema-graph\">{\"@context\":\"https:\\\/\\\/schema.org\",\"@graph\":[{\"@type\":\"Article\",\"@id\":\"https:\\\/\\\/www.bellunopress.it\\\/2019\\\/10\\\/25\\\/longarone-fiere-apre-domani-la-42ma-edizione-di-arredamont-il-salone-dellabitare-e-dellarredare-in-montagna\\\/#article\",\"isPartOf\":{\"@id\":\"https:\\\/\\\/www.bellunopress.it\\\/2019\\\/10\\\/25\\\/longarone-fiere-apre-domani-la-42ma-edizione-di-arredamont-il-salone-dellabitare-e-dellarredare-in-montagna\\\/\"},\"author\":{\"name\":\"redazione\",\"@id\":\"https:\\\/\\\/www.bellunopress.it\\\/#\\\/schema\\\/person\\\/79bb06722b37ece1c03d3e94beb30d73\"},\"headline\":\"Longarone Fiere. Apre domani la 42ma edizione di Arredamont, il salone dell&#8217;abitare e dell&#8217;arredare in montagna\",\"datePublished\":\"2019-10-25T12:38:59+00:00\",\"dateModified\":\"2019-10-25T13:38:06+00:00\",\"mainEntityOfPage\":{\"@id\":\"https:\\\/\\\/www.bellunopress.it\\\/2019\\\/10\\\/25\\\/longarone-fiere-apre-domani-la-42ma-edizione-di-arredamont-il-salone-dellabitare-e-dellarredare-in-montagna\\\/\"},\"wordCount\":483,\"publisher\":{\"@id\":\"https:\\\/\\\/www.bellunopress.it\\\/#organization\"},\"image\":{\"@id\":\"https:\\\/\\\/www.bellunopress.it\\\/2019\\\/10\\\/25\\\/longarone-fiere-apre-domani-la-42ma-edizione-di-arredamont-il-salone-dellabitare-e-dellarredare-in-montagna\\\/#primaryimage\"},\"thumbnailUrl\":\"http:\\\/\\\/www.bellunopress.it\\\/wp-content\\\/uploads\\\/2015\\\/10\\\/Arredamont-2014.jpg\",\"articleSection\":[\"Appuntamenti, Eventi\",\"Arte, Cultura, Spettacoli, Scienza\",\"Lavoro, Economia, Turismo\",\"Prima Pagina\"],\"inLanguage\":\"fr-FR\"},{\"@type\":\"WebPage\",\"@id\":\"https:\\\/\\\/www.bellunopress.it\\\/2019\\\/10\\\/25\\\/longarone-fiere-apre-domani-la-42ma-edizione-di-arredamont-il-salone-dellabitare-e-dellarredare-in-montagna\\\/\",\"url\":\"https:\\\/\\\/www.bellunopress.it\\\/2019\\\/10\\\/25\\\/longarone-fiere-apre-domani-la-42ma-edizione-di-arredamont-il-salone-dellabitare-e-dellarredare-in-montagna\\\/\",\"name\":\"Longarone Fiere. Apre domani la 42ma edizione di Arredamont, il salone dell'abitare e dell'arredare in montagna - Bellunopress - Dolomiti\",\"isPartOf\":{\"@id\":\"https:\\\/\\\/www.bellunopress.it\\\/#website\"},\"primaryImageOfPage\":{\"@id\":\"https:\\\/\\\/www.bellunopress.it\\\/2019\\\/10\\\/25\\\/longarone-fiere-apre-domani-la-42ma-edizione-di-arredamont-il-salone-dellabitare-e-dellarredare-in-montagna\\\/#primaryimage\"},\"image\":{\"@id\":\"https:\\\/\\\/www.bellunopress.it\\\/2019\\\/10\\\/25\\\/longarone-fiere-apre-domani-la-42ma-edizione-di-arredamont-il-salone-dellabitare-e-dellarredare-in-montagna\\\/#primaryimage\"},\"thumbnailUrl\":\"http:\\\/\\\/www.bellunopress.it\\\/wp-content\\\/uploads\\\/2015\\\/10\\\/Arredamont-2014.jpg\",\"datePublished\":\"2019-10-25T12:38:59+00:00\",\"dateModified\":\"2019-10-25T13:38:06+00:00\",\"breadcrumb\":{\"@id\":\"https:\\\/\\\/www.bellunopress.it\\\/2019\\\/10\\\/25\\\/longarone-fiere-apre-domani-la-42ma-edizione-di-arredamont-il-salone-dellabitare-e-dellarredare-in-montagna\\\/#breadcrumb\"},\"inLanguage\":\"fr-FR\",\"potentialAction\":[{\"@type\":\"ReadAction\",\"target\":[\"https:\\\/\\\/www.bellunopress.it\\\/2019\\\/10\\\/25\\\/longarone-fiere-apre-domani-la-42ma-edizione-di-arredamont-il-salone-dellabitare-e-dellarredare-in-montagna\\\/\"]}]},{\"@type\":\"ImageObject\",\"inLanguage\":\"fr-FR\",\"@id\":\"https:\\\/\\\/www.bellunopress.it\\\/2019\\\/10\\\/25\\\/longarone-fiere-apre-domani-la-42ma-edizione-di-arredamont-il-salone-dellabitare-e-dellarredare-in-montagna\\\/#primaryimage\",\"url\":\"http:\\\/\\\/www.bellunopress.it\\\/wp-content\\\/uploads\\\/2015\\\/10\\\/Arredamont-2014.jpg\",\"contentUrl\":\"http:\\\/\\\/www.bellunopress.it\\\/wp-content\\\/uploads\\\/2015\\\/10\\\/Arredamont-2014.jpg\"},{\"@type\":\"BreadcrumbList\",\"@id\":\"https:\\\/\\\/www.bellunopress.it\\\/2019\\\/10\\\/25\\\/longarone-fiere-apre-domani-la-42ma-edizione-di-arredamont-il-salone-dellabitare-e-dellarredare-in-montagna\\\/#breadcrumb\",\"itemListElement\":[{\"@type\":\"ListItem\",\"position\":1,\"name\":\"Home\",\"item\":\"https:\\\/\\\/www.bellunopress.it\\\/\"},{\"@type\":\"ListItem\",\"position\":2,\"name\":\"Longarone Fiere. Apre domani la 42ma edizione di Arredamont, il salone dell&#8217;abitare e dell&#8217;arredare in montagna\"}]},{\"@type\":\"WebSite\",\"@id\":\"https:\\\/\\\/www.bellunopress.it\\\/#website\",\"url\":\"https:\\\/\\\/www.bellunopress.it\\\/\",\"name\":\"Bellunopress - Dolomiti\",\"description\":\"e-mail: redazione@bellunopress.it\",\"publisher\":{\"@id\":\"https:\\\/\\\/www.bellunopress.it\\\/#organization\"},\"potentialAction\":[{\"@type\":\"SearchAction\",\"target\":{\"@type\":\"EntryPoint\",\"urlTemplate\":\"https:\\\/\\\/www.bellunopress.it\\\/?s={search_term_string}\"},\"query-input\":{\"@type\":\"PropertyValueSpecification\",\"valueRequired\":true,\"valueName\":\"search_term_string\"}}],\"inLanguage\":\"fr-FR\"},{\"@type\":\"Organization\",\"@id\":\"https:\\\/\\\/www.bellunopress.it\\\/#organization\",\"name\":\"Bellunopress\",\"url\":\"https:\\\/\\\/www.bellunopress.it\\\/\",\"logo\":{\"@type\":\"ImageObject\",\"inLanguage\":\"fr-FR\",\"@id\":\"https:\\\/\\\/www.bellunopress.it\\\/#\\\/schema\\\/logo\\\/image\\\/\",\"url\":\"https:\\\/\\\/www.bellunopress.it\\\/wp-content\\\/uploads\\\/2011\\\/05\\\/cropped-logo-bellunopress-.jpg\",\"contentUrl\":\"https:\\\/\\\/www.bellunopress.it\\\/wp-content\\\/uploads\\\/2011\\\/05\\\/cropped-logo-bellunopress-.jpg\",\"width\":512,\"height\":512,\"caption\":\"Bellunopress\"},\"image\":{\"@id\":\"https:\\\/\\\/www.bellunopress.it\\\/#\\\/schema\\\/logo\\\/image\\\/\"},\"sameAs\":[\"https:\\\/\\\/www.facebook.com\\\/profile.php?id=100008943462799\",\"https:\\\/\\\/x.com\\\/bellunopress\",\"https:\\\/\\\/www.linkedin.com\\\/hp\\\/?dnr=JBzUWaJfMUw8vbXJJ2tVW5-I3jZKvC4wsoxE&amp;amp;amp;amp;amp;amp;trk=nav_responsive_tab_home\",\"https:\\\/\\\/www.youtube.com\\\/channel\\\/UCxL0wu1uN0_3_7hGG0306cw\"]},{\"@type\":\"Person\",\"@id\":\"https:\\\/\\\/www.bellunopress.it\\\/#\\\/schema\\\/person\\\/79bb06722b37ece1c03d3e94beb30d73\",\"name\":\"redazione\",\"image\":{\"@type\":\"ImageObject\",\"inLanguage\":\"fr-FR\",\"@id\":\"https:\\\/\\\/secure.gravatar.com\\\/avatar\\\/37d968a2e67a6fd04c169c4bdef102d0bc5d31b2546345219e348575eb80e9a0?s=96&d=mm&r=g\",\"url\":\"https:\\\/\\\/secure.gravatar.com\\\/avatar\\\/37d968a2e67a6fd04c169c4bdef102d0bc5d31b2546345219e348575eb80e9a0?s=96&d=mm&r=g\",\"contentUrl\":\"https:\\\/\\\/secure.gravatar.com\\\/avatar\\\/37d968a2e67a6fd04c169c4bdef102d0bc5d31b2546345219e348575eb80e9a0?s=96&d=mm&r=g\",\"caption\":\"redazione\"},\"sameAs\":[\"http:\\\/\\\/www.bellunopress.it\",\"https:\\\/\\\/x.com\\\/bellunopress\"],\"url\":\"https:\\\/\\\/www.bellunopress.it\\\/fr\\\/author\\\/redazione\\\/\"}]}<\/script>\n<!-- \/ Yoast SEO plugin. -->","yoast_head_json":{"title":"Longarone Fiere. Apre domani la 42ma edizione di Arredamont, il salone dell'abitare e dell'arredare in montagna - Bellunopress - Dolomiti","robots":{"index":"index","follow":"follow","max-snippet":"max-snippet:-1","max-image-preview":"max-image-preview:large","max-video-preview":"max-video-preview:-1"},"canonical":"https:\/\/www.bellunopress.it\/fr\/2019\/10\/25\/longarone-fiere-apre-domani-la-42ma-edizione-di-arredamont-il-salone-dellabitare-e-dellarredare-in-montagna\/","og_locale":"fr_FR","og_type":"article","og_title":"Longarone Fiere. Apre domani la 42ma edizione di Arredamont, il salone dell'abitare e dell'arredare in montagna - Bellunopress - Dolomiti","og_description":"Sar\u00e0 inaugurata domani, sabato 26 ottobre alle 11.00, nel Quartiere espositivo di Longarone Fiere, la 42^ edizione di Arredamont, il Salone dell\u2019abitare e dell\u2019arredare in montagna che proseguir\u00e0 sino a domenica 3 novembre prossimo. La manifestazione si presenta anche quest\u2019anno con il tutto esaurito per quanto riguarda gli spazi occupati con la presenza di 178 [&hellip;]","og_url":"https:\/\/www.bellunopress.it\/fr\/2019\/10\/25\/longarone-fiere-apre-domani-la-42ma-edizione-di-arredamont-il-salone-dellabitare-e-dellarredare-in-montagna\/","og_site_name":"Bellunopress - Dolomiti","article_publisher":"https:\/\/www.facebook.com\/profile.php?id=100008943462799","article_published_time":"2019-10-25T12:38:59+00:00","article_modified_time":"2019-10-25T13:38:06+00:00","og_image":[{"url":"http:\/\/www.bellunopress.it\/wp-content\/uploads\/2015\/10\/Arredamont-2014.jpg","type":"","width":"","height":""}],"author":"redazione","twitter_card":"summary_large_image","twitter_creator":"@bellunopress","twitter_site":"@bellunopress","twitter_misc":{"\u00c9crit par":"redazione","Dur\u00e9e de lecture estim\u00e9e":"2 minutes"},"schema":{"@context":"https:\/\/schema.org","@graph":[{"@type":"Article","@id":"https:\/\/www.bellunopress.it\/2019\/10\/25\/longarone-fiere-apre-domani-la-42ma-edizione-di-arredamont-il-salone-dellabitare-e-dellarredare-in-montagna\/#article","isPartOf":{"@id":"https:\/\/www.bellunopress.it\/2019\/10\/25\/longarone-fiere-apre-domani-la-42ma-edizione-di-arredamont-il-salone-dellabitare-e-dellarredare-in-montagna\/"},"author":{"name":"redazione","@id":"https:\/\/www.bellunopress.it\/#\/schema\/person\/79bb06722b37ece1c03d3e94beb30d73"},"headline":"Longarone Fiere. Apre domani la 42ma edizione di Arredamont, il salone dell&#8217;abitare e dell&#8217;arredare in montagna","datePublished":"2019-10-25T12:38:59+00:00","dateModified":"2019-10-25T13:38:06+00:00","mainEntityOfPage":{"@id":"https:\/\/www.bellunopress.it\/2019\/10\/25\/longarone-fiere-apre-domani-la-42ma-edizione-di-arredamont-il-salone-dellabitare-e-dellarredare-in-montagna\/"},"wordCount":483,"publisher":{"@id":"https:\/\/www.bellunopress.it\/#organization"},"image":{"@id":"https:\/\/www.bellunopress.it\/2019\/10\/25\/longarone-fiere-apre-domani-la-42ma-edizione-di-arredamont-il-salone-dellabitare-e-dellarredare-in-montagna\/#primaryimage"},"thumbnailUrl":"http:\/\/www.bellunopress.it\/wp-content\/uploads\/2015\/10\/Arredamont-2014.jpg","articleSection":["Appuntamenti, Eventi","Arte, Cultura, Spettacoli, Scienza","Lavoro, Economia, Turismo","Prima Pagina"],"inLanguage":"fr-FR"},{"@type":"WebPage","@id":"https:\/\/www.bellunopress.it\/2019\/10\/25\/longarone-fiere-apre-domani-la-42ma-edizione-di-arredamont-il-salone-dellabitare-e-dellarredare-in-montagna\/","url":"https:\/\/www.bellunopress.it\/2019\/10\/25\/longarone-fiere-apre-domani-la-42ma-edizione-di-arredamont-il-salone-dellabitare-e-dellarredare-in-montagna\/","name":"Longarone Fiere. Apre domani la 42ma edizione di Arredamont, il salone dell'abitare e dell'arredare in montagna - Bellunopress - Dolomiti","isPartOf":{"@id":"https:\/\/www.bellunopress.it\/#website"},"primaryImageOfPage":{"@id":"https:\/\/www.bellunopress.it\/2019\/10\/25\/longarone-fiere-apre-domani-la-42ma-edizione-di-arredamont-il-salone-dellabitare-e-dellarredare-in-montagna\/#primaryimage"},"image":{"@id":"https:\/\/www.bellunopress.it\/2019\/10\/25\/longarone-fiere-apre-domani-la-42ma-edizione-di-arredamont-il-salone-dellabitare-e-dellarredare-in-montagna\/#primaryimage"},"thumbnailUrl":"http:\/\/www.bellunopress.it\/wp-content\/uploads\/2015\/10\/Arredamont-2014.jpg","datePublished":"2019-10-25T12:38:59+00:00","dateModified":"2019-10-25T13:38:06+00:00","breadcrumb":{"@id":"https:\/\/www.bellunopress.it\/2019\/10\/25\/longarone-fiere-apre-domani-la-42ma-edizione-di-arredamont-il-salone-dellabitare-e-dellarredare-in-montagna\/#breadcrumb"},"inLanguage":"fr-FR","potentialAction":[{"@type":"ReadAction","target":["https:\/\/www.bellunopress.it\/2019\/10\/25\/longarone-fiere-apre-domani-la-42ma-edizione-di-arredamont-il-salone-dellabitare-e-dellarredare-in-montagna\/"]}]},{"@type":"ImageObject","inLanguage":"fr-FR","@id":"https:\/\/www.bellunopress.it\/2019\/10\/25\/longarone-fiere-apre-domani-la-42ma-edizione-di-arredamont-il-salone-dellabitare-e-dellarredare-in-montagna\/#primaryimage","url":"http:\/\/www.bellunopress.it\/wp-content\/uploads\/2015\/10\/Arredamont-2014.jpg","contentUrl":"http:\/\/www.bellunopress.it\/wp-content\/uploads\/2015\/10\/Arredamont-2014.jpg"},{"@type":"BreadcrumbList","@id":"https:\/\/www.bellunopress.it\/2019\/10\/25\/longarone-fiere-apre-domani-la-42ma-edizione-di-arredamont-il-salone-dellabitare-e-dellarredare-in-montagna\/#breadcrumb","itemListElement":[{"@type":"ListItem","position":1,"name":"Home","item":"https:\/\/www.bellunopress.it\/"},{"@type":"ListItem","position":2,"name":"Longarone Fiere. Apre domani la 42ma edizione di Arredamont, il salone dell&#8217;abitare e dell&#8217;arredare in montagna"}]},{"@type":"WebSite","@id":"https:\/\/www.bellunopress.it\/#website","url":"https:\/\/www.bellunopress.it\/","name":"Bellunopress - Dolomiti","description":"e-mail: redazione@bellunopress.it","publisher":{"@id":"https:\/\/www.bellunopress.it\/#organization"},"potentialAction":[{"@type":"SearchAction","target":{"@type":"EntryPoint","urlTemplate":"https:\/\/www.bellunopress.it\/?s={search_term_string}"},"query-input":{"@type":"PropertyValueSpecification","valueRequired":true,"valueName":"search_term_string"}}],"inLanguage":"fr-FR"},{"@type":"Organization","@id":"https:\/\/www.bellunopress.it\/#organization","name":"Bellunopress","url":"https:\/\/www.bellunopress.it\/","logo":{"@type":"ImageObject","inLanguage":"fr-FR","@id":"https:\/\/www.bellunopress.it\/#\/schema\/logo\/image\/","url":"https:\/\/www.bellunopress.it\/wp-content\/uploads\/2011\/05\/cropped-logo-bellunopress-.jpg","contentUrl":"https:\/\/www.bellunopress.it\/wp-content\/uploads\/2011\/05\/cropped-logo-bellunopress-.jpg","width":512,"height":512,"caption":"Bellunopress"},"image":{"@id":"https:\/\/www.bellunopress.it\/#\/schema\/logo\/image\/"},"sameAs":["https:\/\/www.facebook.com\/profile.php?id=100008943462799","https:\/\/x.com\/bellunopress","https:\/\/www.linkedin.com\/hp\/?dnr=JBzUWaJfMUw8vbXJJ2tVW5-I3jZKvC4wsoxE&amp;amp;amp;amp;amp;amp;trk=nav_responsive_tab_home","https:\/\/www.youtube.com\/channel\/UCxL0wu1uN0_3_7hGG0306cw"]},{"@type":"Person","@id":"https:\/\/www.bellunopress.it\/#\/schema\/person\/79bb06722b37ece1c03d3e94beb30d73","name":"r\u00e9daction","image":{"@type":"ImageObject","inLanguage":"fr-FR","@id":"https:\/\/secure.gravatar.com\/avatar\/37d968a2e67a6fd04c169c4bdef102d0bc5d31b2546345219e348575eb80e9a0?s=96&d=mm&r=g","url":"https:\/\/secure.gravatar.com\/avatar\/37d968a2e67a6fd04c169c4bdef102d0bc5d31b2546345219e348575eb80e9a0?s=96&d=mm&r=g","contentUrl":"https:\/\/secure.gravatar.com\/avatar\/37d968a2e67a6fd04c169c4bdef102d0bc5d31b2546345219e348575eb80e9a0?s=96&d=mm&r=g","caption":"redazione"},"sameAs":["http:\/\/www.bellunopress.it","https:\/\/x.com\/bellunopress"],"url":"https:\/\/www.bellunopress.it\/fr\/author\/redazione\/"}]}},"_links":{"self":[{"href":"https:\/\/www.bellunopress.it\/fr\/wp-json\/wp\/v2\/posts\/109055","targetHints":{"allow":["GET"]}}],"collection":[{"href":"https:\/\/www.bellunopress.it\/fr\/wp-json\/wp\/v2\/posts"}],"about":[{"href":"https:\/\/www.bellunopress.it\/fr\/wp-json\/wp\/v2\/types\/post"}],"author":[{"embeddable":true,"href":"https:\/\/www.bellunopress.it\/fr\/wp-json\/wp\/v2\/users\/2"}],"replies":[{"embeddable":true,"href":"https:\/\/www.bellunopress.it\/fr\/wp-json\/wp\/v2\/comments?post=109055"}],"version-history":[{"count":1,"href":"https:\/\/www.bellunopress.it\/fr\/wp-json\/wp\/v2\/posts\/109055\/revisions"}],"predecessor-version":[{"id":109056,"href":"https:\/\/www.bellunopress.it\/fr\/wp-json\/wp\/v2\/posts\/109055\/revisions\/109056"}],"wp:attachment":[{"href":"https:\/\/www.bellunopress.it\/fr\/wp-json\/wp\/v2\/media?parent=109055"}],"wp:term":[{"taxonomy":"category","embeddable":true,"href":"https:\/\/www.bellunopress.it\/fr\/wp-json\/wp\/v2\/categories?post=109055"},{"taxonomy":"post_tag","embeddable":true,"href":"https:\/\/www.bellunopress.it\/fr\/wp-json\/wp\/v2\/tags?post=109055"}],"curies":[{"name":"wp","href":"https:\/\/api.w.org\/{rel}","templated":true}]}}