{"id":109034,"date":"2019-10-24T15:35:12","date_gmt":"2019-10-24T13:35:12","guid":{"rendered":"http:\/\/www.bellunopress.it\/?p=109034"},"modified":"2019-10-24T15:35:13","modified_gmt":"2019-10-24T13:35:13","slug":"identificato-e-denunciato-dai-carabinieri-il-teppista-minorenne-che-ha-infranto-la-vetrata-del-teatro-comunale-di-belluno","status":"publish","type":"post","link":"https:\/\/www.bellunopress.it\/fr\/2019\/10\/24\/identificato-e-denunciato-dai-carabinieri-il-teppista-minorenne-che-ha-infranto-la-vetrata-del-teatro-comunale-di-belluno\/","title":{"rendered":"Identificato e denunciato dai carabinieri il teppista minorenne che ha infranto la vetrata del Teatro Comunale di Belluno"},"content":{"rendered":"<p><a href=\"http:\/\/www.bellunopress.it\/fr\/2019\/10\/24\/identificato-e-denunciato-dai-carabinieri-il-teppista-minorenne-che-ha-infranto-la-vetrata-del-teatro-comunale-di-belluno\/carabinieri-teatro-comunale\/\" rel=\"attachment wp-att-109035\"><img loading=\"lazy\" decoding=\"async\" class=\"alignleft size-full wp-image-109035\" src=\"http:\/\/www.bellunopress.it\/wp-content\/uploads\/2019\/10\/carabinieri-teatro-comunale.jpg\" alt=\"\" width=\"300\" height=\"230\" \/><\/a>A conclusione delle indagini il Nucleo Operativo e Radiomobile della Compagnia carabinieri di Belluno ha denunciato in stato di libert\u00e0 un 17enne di Belluno per i reati di danneggiamento, percosse e minaccia.<\/p>\n<p>I fatti risalgono alla notte del 15 settembre 2019 quando, in piazza Vittorio Emanuele II di Belluno, veniva segnalato un giovane che aveva rotto la vetrata della porta d&#8217;ingresso del Teatro comunale e stava danneggiando alcune auto parcheggiate, dandosi poi alla fuga appena visti i militari.<\/p>\n<p>Le successive indagini hanno permesso, anche con l&#8217;ausilio delle telecamere cittadine, di risalire all&#8217;identit\u00e0 del giovane teppista. Nello stesso contesto il minorenne, percuoteva uno studente, proprietario di uno dei mezzi danneggiati che si era rifiutato di dargli un passaggio con il proprio mezzo presumibilmente verso la propria abitazione.<\/p>","protected":false},"excerpt":{"rendered":"<p>A conclusione delle indagini il Nucleo Operativo e Radiomobile della Compagnia carabinieri di Belluno ha denunciato in stato di libert\u00e0 un 17enne di Belluno per i reati di danneggiamento, percosse e minaccia. I fatti risalgono alla notte del 15 settembre 2019 quando, in piazza Vittorio Emanuele II di Belluno, veniva segnalato un giovane che aveva [&hellip;]<\/p>\n","protected":false},"author":2,"featured_media":0,"comment_status":"closed","ping_status":"open","sticky":false,"template":"","format":"standard","meta":{"footnotes":""},"categories":[5,26],"tags":[],"class_list":["post-109034","post","type-post","status-publish","format-standard","category-cronaca","category-prima-pagina"],"yoast_head":"<!-- This site is optimized with the Yoast SEO plugin v28.4 - https:\/\/yoast.com\/product\/yoast-seo-wordpress\/ -->\n<title>Identificato e denunciato dai carabinieri il teppista minorenne che ha infranto la vetrata del Teatro Comunale di Belluno - Bellunopress - Dolomiti<\/title>\n<meta name=\"robots\" content=\"index, follow, max-snippet:-1, max-image-preview:large, max-video-preview:-1\" \/>\n<link rel=\"canonical\" href=\"https:\/\/www.bellunopress.it\/fr\/2019\/10\/24\/identificato-e-denunciato-dai-carabinieri-il-teppista-minorenne-che-ha-infranto-la-vetrata-del-teatro-comunale-di-belluno\/\" \/>\n<meta property=\"og:locale\" content=\"fr_FR\" \/>\n<meta property=\"og:type\" content=\"article\" \/>\n<meta property=\"og:title\" content=\"Identificato e denunciato dai carabinieri il teppista minorenne che ha infranto la vetrata del Teatro Comunale di Belluno - Bellunopress - Dolomiti\" \/>\n<meta property=\"og:description\" content=\"A conclusione delle indagini il Nucleo Operativo e Radiomobile della Compagnia carabinieri di Belluno ha denunciato in stato di libert\u00e0 un 17enne di Belluno per i reati di danneggiamento, percosse e minaccia. I fatti risalgono alla notte del 15 settembre 2019 quando, in piazza Vittorio Emanuele II di Belluno, veniva segnalato un giovane che aveva [&hellip;]\" \/>\n<meta property=\"og:url\" content=\"https:\/\/www.bellunopress.it\/fr\/2019\/10\/24\/identificato-e-denunciato-dai-carabinieri-il-teppista-minorenne-che-ha-infranto-la-vetrata-del-teatro-comunale-di-belluno\/\" \/>\n<meta property=\"og:site_name\" content=\"Bellunopress - Dolomiti\" \/>\n<meta property=\"article:publisher\" content=\"https:\/\/www.facebook.com\/profile.php?id=100008943462799\" \/>\n<meta property=\"article:published_time\" content=\"2019-10-24T13:35:12+00:00\" \/>\n<meta property=\"article:modified_time\" content=\"2019-10-24T13:35:13+00:00\" \/>\n<meta property=\"og:image\" content=\"http:\/\/www.bellunopress.it\/wp-content\/uploads\/2019\/10\/carabinieri-teatro-comunale.jpg\" \/>\n<meta name=\"author\" content=\"redazione\" \/>\n<meta name=\"twitter:card\" content=\"summary_large_image\" \/>\n<meta name=\"twitter:creator\" content=\"@bellunopress\" \/>\n<meta name=\"twitter:site\" content=\"@bellunopress\" \/>\n<meta name=\"twitter:label1\" content=\"\u00c9crit par\" \/>\n\t<meta name=\"twitter:data1\" content=\"redazione\" \/>\n\t<meta name=\"twitter:label2\" content=\"Dur\u00e9e de lecture estim\u00e9e\" \/>\n\t<meta name=\"twitter:data2\" content=\"1 minute\" \/>\n<script type=\"application\/ld+json\" class=\"yoast-schema-graph\">{\"@context\":\"https:\\\/\\\/schema.org\",\"@graph\":[{\"@type\":\"Article\",\"@id\":\"https:\\\/\\\/www.bellunopress.it\\\/2019\\\/10\\\/24\\\/identificato-e-denunciato-dai-carabinieri-il-teppista-minorenne-che-ha-infranto-la-vetrata-del-teatro-comunale-di-belluno\\\/#article\",\"isPartOf\":{\"@id\":\"https:\\\/\\\/www.bellunopress.it\\\/2019\\\/10\\\/24\\\/identificato-e-denunciato-dai-carabinieri-il-teppista-minorenne-che-ha-infranto-la-vetrata-del-teatro-comunale-di-belluno\\\/\"},\"author\":{\"name\":\"redazione\",\"@id\":\"https:\\\/\\\/www.bellunopress.it\\\/#\\\/schema\\\/person\\\/79bb06722b37ece1c03d3e94beb30d73\"},\"headline\":\"Identificato e denunciato dai carabinieri il teppista minorenne che ha infranto la vetrata del Teatro Comunale di Belluno\",\"datePublished\":\"2019-10-24T13:35:12+00:00\",\"dateModified\":\"2019-10-24T13:35:13+00:00\",\"mainEntityOfPage\":{\"@id\":\"https:\\\/\\\/www.bellunopress.it\\\/2019\\\/10\\\/24\\\/identificato-e-denunciato-dai-carabinieri-il-teppista-minorenne-che-ha-infranto-la-vetrata-del-teatro-comunale-di-belluno\\\/\"},\"wordCount\":145,\"publisher\":{\"@id\":\"https:\\\/\\\/www.bellunopress.it\\\/#organization\"},\"image\":{\"@id\":\"https:\\\/\\\/www.bellunopress.it\\\/2019\\\/10\\\/24\\\/identificato-e-denunciato-dai-carabinieri-il-teppista-minorenne-che-ha-infranto-la-vetrata-del-teatro-comunale-di-belluno\\\/#primaryimage\"},\"thumbnailUrl\":\"http:\\\/\\\/www.bellunopress.it\\\/wp-content\\\/uploads\\\/2019\\\/10\\\/carabinieri-teatro-comunale.jpg\",\"articleSection\":[\"Cronaca\\\/Politica\",\"Prima Pagina\"],\"inLanguage\":\"fr-FR\"},{\"@type\":\"WebPage\",\"@id\":\"https:\\\/\\\/www.bellunopress.it\\\/2019\\\/10\\\/24\\\/identificato-e-denunciato-dai-carabinieri-il-teppista-minorenne-che-ha-infranto-la-vetrata-del-teatro-comunale-di-belluno\\\/\",\"url\":\"https:\\\/\\\/www.bellunopress.it\\\/2019\\\/10\\\/24\\\/identificato-e-denunciato-dai-carabinieri-il-teppista-minorenne-che-ha-infranto-la-vetrata-del-teatro-comunale-di-belluno\\\/\",\"name\":\"Identificato e denunciato dai carabinieri il teppista minorenne che ha infranto la vetrata del Teatro Comunale di Belluno - Bellunopress - Dolomiti\",\"isPartOf\":{\"@id\":\"https:\\\/\\\/www.bellunopress.it\\\/#website\"},\"primaryImageOfPage\":{\"@id\":\"https:\\\/\\\/www.bellunopress.it\\\/2019\\\/10\\\/24\\\/identificato-e-denunciato-dai-carabinieri-il-teppista-minorenne-che-ha-infranto-la-vetrata-del-teatro-comunale-di-belluno\\\/#primaryimage\"},\"image\":{\"@id\":\"https:\\\/\\\/www.bellunopress.it\\\/2019\\\/10\\\/24\\\/identificato-e-denunciato-dai-carabinieri-il-teppista-minorenne-che-ha-infranto-la-vetrata-del-teatro-comunale-di-belluno\\\/#primaryimage\"},\"thumbnailUrl\":\"http:\\\/\\\/www.bellunopress.it\\\/wp-content\\\/uploads\\\/2019\\\/10\\\/carabinieri-teatro-comunale.jpg\",\"datePublished\":\"2019-10-24T13:35:12+00:00\",\"dateModified\":\"2019-10-24T13:35:13+00:00\",\"breadcrumb\":{\"@id\":\"https:\\\/\\\/www.bellunopress.it\\\/2019\\\/10\\\/24\\\/identificato-e-denunciato-dai-carabinieri-il-teppista-minorenne-che-ha-infranto-la-vetrata-del-teatro-comunale-di-belluno\\\/#breadcrumb\"},\"inLanguage\":\"fr-FR\",\"potentialAction\":[{\"@type\":\"ReadAction\",\"target\":[\"https:\\\/\\\/www.bellunopress.it\\\/2019\\\/10\\\/24\\\/identificato-e-denunciato-dai-carabinieri-il-teppista-minorenne-che-ha-infranto-la-vetrata-del-teatro-comunale-di-belluno\\\/\"]}]},{\"@type\":\"ImageObject\",\"inLanguage\":\"fr-FR\",\"@id\":\"https:\\\/\\\/www.bellunopress.it\\\/2019\\\/10\\\/24\\\/identificato-e-denunciato-dai-carabinieri-il-teppista-minorenne-che-ha-infranto-la-vetrata-del-teatro-comunale-di-belluno\\\/#primaryimage\",\"url\":\"http:\\\/\\\/www.bellunopress.it\\\/wp-content\\\/uploads\\\/2019\\\/10\\\/carabinieri-teatro-comunale.jpg\",\"contentUrl\":\"http:\\\/\\\/www.bellunopress.it\\\/wp-content\\\/uploads\\\/2019\\\/10\\\/carabinieri-teatro-comunale.jpg\"},{\"@type\":\"BreadcrumbList\",\"@id\":\"https:\\\/\\\/www.bellunopress.it\\\/2019\\\/10\\\/24\\\/identificato-e-denunciato-dai-carabinieri-il-teppista-minorenne-che-ha-infranto-la-vetrata-del-teatro-comunale-di-belluno\\\/#breadcrumb\",\"itemListElement\":[{\"@type\":\"ListItem\",\"position\":1,\"name\":\"Home\",\"item\":\"https:\\\/\\\/www.bellunopress.it\\\/\"},{\"@type\":\"ListItem\",\"position\":2,\"name\":\"Identificato e denunciato dai carabinieri il teppista minorenne che ha infranto la vetrata del Teatro Comunale di Belluno\"}]},{\"@type\":\"WebSite\",\"@id\":\"https:\\\/\\\/www.bellunopress.it\\\/#website\",\"url\":\"https:\\\/\\\/www.bellunopress.it\\\/\",\"name\":\"Bellunopress - Dolomiti\",\"description\":\"e-mail: redazione@bellunopress.it\",\"publisher\":{\"@id\":\"https:\\\/\\\/www.bellunopress.it\\\/#organization\"},\"potentialAction\":[{\"@type\":\"SearchAction\",\"target\":{\"@type\":\"EntryPoint\",\"urlTemplate\":\"https:\\\/\\\/www.bellunopress.it\\\/?s={search_term_string}\"},\"query-input\":{\"@type\":\"PropertyValueSpecification\",\"valueRequired\":true,\"valueName\":\"search_term_string\"}}],\"inLanguage\":\"fr-FR\"},{\"@type\":\"Organization\",\"@id\":\"https:\\\/\\\/www.bellunopress.it\\\/#organization\",\"name\":\"Bellunopress\",\"url\":\"https:\\\/\\\/www.bellunopress.it\\\/\",\"logo\":{\"@type\":\"ImageObject\",\"inLanguage\":\"fr-FR\",\"@id\":\"https:\\\/\\\/www.bellunopress.it\\\/#\\\/schema\\\/logo\\\/image\\\/\",\"url\":\"https:\\\/\\\/www.bellunopress.it\\\/wp-content\\\/uploads\\\/2011\\\/05\\\/cropped-logo-bellunopress-.jpg\",\"contentUrl\":\"https:\\\/\\\/www.bellunopress.it\\\/wp-content\\\/uploads\\\/2011\\\/05\\\/cropped-logo-bellunopress-.jpg\",\"width\":512,\"height\":512,\"caption\":\"Bellunopress\"},\"image\":{\"@id\":\"https:\\\/\\\/www.bellunopress.it\\\/#\\\/schema\\\/logo\\\/image\\\/\"},\"sameAs\":[\"https:\\\/\\\/www.facebook.com\\\/profile.php?id=100008943462799\",\"https:\\\/\\\/x.com\\\/bellunopress\",\"https:\\\/\\\/www.linkedin.com\\\/hp\\\/?dnr=JBzUWaJfMUw8vbXJJ2tVW5-I3jZKvC4wsoxE&amp;amp;amp;amp;amp;amp;trk=nav_responsive_tab_home\",\"https:\\\/\\\/www.youtube.com\\\/channel\\\/UCxL0wu1uN0_3_7hGG0306cw\"]},{\"@type\":\"Person\",\"@id\":\"https:\\\/\\\/www.bellunopress.it\\\/#\\\/schema\\\/person\\\/79bb06722b37ece1c03d3e94beb30d73\",\"name\":\"redazione\",\"image\":{\"@type\":\"ImageObject\",\"inLanguage\":\"fr-FR\",\"@id\":\"https:\\\/\\\/secure.gravatar.com\\\/avatar\\\/37d968a2e67a6fd04c169c4bdef102d0bc5d31b2546345219e348575eb80e9a0?s=96&d=mm&r=g\",\"url\":\"https:\\\/\\\/secure.gravatar.com\\\/avatar\\\/37d968a2e67a6fd04c169c4bdef102d0bc5d31b2546345219e348575eb80e9a0?s=96&d=mm&r=g\",\"contentUrl\":\"https:\\\/\\\/secure.gravatar.com\\\/avatar\\\/37d968a2e67a6fd04c169c4bdef102d0bc5d31b2546345219e348575eb80e9a0?s=96&d=mm&r=g\",\"caption\":\"redazione\"},\"sameAs\":[\"http:\\\/\\\/www.bellunopress.it\",\"https:\\\/\\\/x.com\\\/bellunopress\"],\"url\":\"https:\\\/\\\/www.bellunopress.it\\\/fr\\\/author\\\/redazione\\\/\"}]}<\/script>\n<!-- \/ Yoast SEO plugin. -->","yoast_head_json":{"title":"Identificato e denunciato dai carabinieri il teppista minorenne che ha infranto la vetrata del Teatro Comunale di Belluno - Bellunopress - Dolomiti","robots":{"index":"index","follow":"follow","max-snippet":"max-snippet:-1","max-image-preview":"max-image-preview:large","max-video-preview":"max-video-preview:-1"},"canonical":"https:\/\/www.bellunopress.it\/fr\/2019\/10\/24\/identificato-e-denunciato-dai-carabinieri-il-teppista-minorenne-che-ha-infranto-la-vetrata-del-teatro-comunale-di-belluno\/","og_locale":"fr_FR","og_type":"article","og_title":"Identificato e denunciato dai carabinieri il teppista minorenne che ha infranto la vetrata del Teatro Comunale di Belluno - Bellunopress - Dolomiti","og_description":"A conclusione delle indagini il Nucleo Operativo e Radiomobile della Compagnia carabinieri di Belluno ha denunciato in stato di libert\u00e0 un 17enne di Belluno per i reati di danneggiamento, percosse e minaccia. I fatti risalgono alla notte del 15 settembre 2019 quando, in piazza Vittorio Emanuele II di Belluno, veniva segnalato un giovane che aveva [&hellip;]","og_url":"https:\/\/www.bellunopress.it\/fr\/2019\/10\/24\/identificato-e-denunciato-dai-carabinieri-il-teppista-minorenne-che-ha-infranto-la-vetrata-del-teatro-comunale-di-belluno\/","og_site_name":"Bellunopress - Dolomiti","article_publisher":"https:\/\/www.facebook.com\/profile.php?id=100008943462799","article_published_time":"2019-10-24T13:35:12+00:00","article_modified_time":"2019-10-24T13:35:13+00:00","og_image":[{"url":"http:\/\/www.bellunopress.it\/wp-content\/uploads\/2019\/10\/carabinieri-teatro-comunale.jpg","type":"","width":"","height":""}],"author":"redazione","twitter_card":"summary_large_image","twitter_creator":"@bellunopress","twitter_site":"@bellunopress","twitter_misc":{"\u00c9crit par":"redazione","Dur\u00e9e de lecture estim\u00e9e":"1 minute"},"schema":{"@context":"https:\/\/schema.org","@graph":[{"@type":"Article","@id":"https:\/\/www.bellunopress.it\/2019\/10\/24\/identificato-e-denunciato-dai-carabinieri-il-teppista-minorenne-che-ha-infranto-la-vetrata-del-teatro-comunale-di-belluno\/#article","isPartOf":{"@id":"https:\/\/www.bellunopress.it\/2019\/10\/24\/identificato-e-denunciato-dai-carabinieri-il-teppista-minorenne-che-ha-infranto-la-vetrata-del-teatro-comunale-di-belluno\/"},"author":{"name":"redazione","@id":"https:\/\/www.bellunopress.it\/#\/schema\/person\/79bb06722b37ece1c03d3e94beb30d73"},"headline":"Identificato e denunciato dai carabinieri il teppista minorenne che ha infranto la vetrata del Teatro Comunale di Belluno","datePublished":"2019-10-24T13:35:12+00:00","dateModified":"2019-10-24T13:35:13+00:00","mainEntityOfPage":{"@id":"https:\/\/www.bellunopress.it\/2019\/10\/24\/identificato-e-denunciato-dai-carabinieri-il-teppista-minorenne-che-ha-infranto-la-vetrata-del-teatro-comunale-di-belluno\/"},"wordCount":145,"publisher":{"@id":"https:\/\/www.bellunopress.it\/#organization"},"image":{"@id":"https:\/\/www.bellunopress.it\/2019\/10\/24\/identificato-e-denunciato-dai-carabinieri-il-teppista-minorenne-che-ha-infranto-la-vetrata-del-teatro-comunale-di-belluno\/#primaryimage"},"thumbnailUrl":"http:\/\/www.bellunopress.it\/wp-content\/uploads\/2019\/10\/carabinieri-teatro-comunale.jpg","articleSection":["Cronaca\/Politica","Prima Pagina"],"inLanguage":"fr-FR"},{"@type":"WebPage","@id":"https:\/\/www.bellunopress.it\/2019\/10\/24\/identificato-e-denunciato-dai-carabinieri-il-teppista-minorenne-che-ha-infranto-la-vetrata-del-teatro-comunale-di-belluno\/","url":"https:\/\/www.bellunopress.it\/2019\/10\/24\/identificato-e-denunciato-dai-carabinieri-il-teppista-minorenne-che-ha-infranto-la-vetrata-del-teatro-comunale-di-belluno\/","name":"Identificato e denunciato dai carabinieri il teppista minorenne che ha infranto la vetrata del Teatro Comunale di Belluno - Bellunopress - Dolomiti","isPartOf":{"@id":"https:\/\/www.bellunopress.it\/#website"},"primaryImageOfPage":{"@id":"https:\/\/www.bellunopress.it\/2019\/10\/24\/identificato-e-denunciato-dai-carabinieri-il-teppista-minorenne-che-ha-infranto-la-vetrata-del-teatro-comunale-di-belluno\/#primaryimage"},"image":{"@id":"https:\/\/www.bellunopress.it\/2019\/10\/24\/identificato-e-denunciato-dai-carabinieri-il-teppista-minorenne-che-ha-infranto-la-vetrata-del-teatro-comunale-di-belluno\/#primaryimage"},"thumbnailUrl":"http:\/\/www.bellunopress.it\/wp-content\/uploads\/2019\/10\/carabinieri-teatro-comunale.jpg","datePublished":"2019-10-24T13:35:12+00:00","dateModified":"2019-10-24T13:35:13+00:00","breadcrumb":{"@id":"https:\/\/www.bellunopress.it\/2019\/10\/24\/identificato-e-denunciato-dai-carabinieri-il-teppista-minorenne-che-ha-infranto-la-vetrata-del-teatro-comunale-di-belluno\/#breadcrumb"},"inLanguage":"fr-FR","potentialAction":[{"@type":"ReadAction","target":["https:\/\/www.bellunopress.it\/2019\/10\/24\/identificato-e-denunciato-dai-carabinieri-il-teppista-minorenne-che-ha-infranto-la-vetrata-del-teatro-comunale-di-belluno\/"]}]},{"@type":"ImageObject","inLanguage":"fr-FR","@id":"https:\/\/www.bellunopress.it\/2019\/10\/24\/identificato-e-denunciato-dai-carabinieri-il-teppista-minorenne-che-ha-infranto-la-vetrata-del-teatro-comunale-di-belluno\/#primaryimage","url":"http:\/\/www.bellunopress.it\/wp-content\/uploads\/2019\/10\/carabinieri-teatro-comunale.jpg","contentUrl":"http:\/\/www.bellunopress.it\/wp-content\/uploads\/2019\/10\/carabinieri-teatro-comunale.jpg"},{"@type":"BreadcrumbList","@id":"https:\/\/www.bellunopress.it\/2019\/10\/24\/identificato-e-denunciato-dai-carabinieri-il-teppista-minorenne-che-ha-infranto-la-vetrata-del-teatro-comunale-di-belluno\/#breadcrumb","itemListElement":[{"@type":"ListItem","position":1,"name":"Home","item":"https:\/\/www.bellunopress.it\/"},{"@type":"ListItem","position":2,"name":"Identificato e denunciato dai carabinieri il teppista minorenne che ha infranto la vetrata del Teatro Comunale di Belluno"}]},{"@type":"WebSite","@id":"https:\/\/www.bellunopress.it\/#website","url":"https:\/\/www.bellunopress.it\/","name":"Bellunopress - Dolomiti","description":"e-mail: redazione@bellunopress.it","publisher":{"@id":"https:\/\/www.bellunopress.it\/#organization"},"potentialAction":[{"@type":"SearchAction","target":{"@type":"EntryPoint","urlTemplate":"https:\/\/www.bellunopress.it\/?s={search_term_string}"},"query-input":{"@type":"PropertyValueSpecification","valueRequired":true,"valueName":"search_term_string"}}],"inLanguage":"fr-FR"},{"@type":"Organization","@id":"https:\/\/www.bellunopress.it\/#organization","name":"Bellunopress","url":"https:\/\/www.bellunopress.it\/","logo":{"@type":"ImageObject","inLanguage":"fr-FR","@id":"https:\/\/www.bellunopress.it\/#\/schema\/logo\/image\/","url":"https:\/\/www.bellunopress.it\/wp-content\/uploads\/2011\/05\/cropped-logo-bellunopress-.jpg","contentUrl":"https:\/\/www.bellunopress.it\/wp-content\/uploads\/2011\/05\/cropped-logo-bellunopress-.jpg","width":512,"height":512,"caption":"Bellunopress"},"image":{"@id":"https:\/\/www.bellunopress.it\/#\/schema\/logo\/image\/"},"sameAs":["https:\/\/www.facebook.com\/profile.php?id=100008943462799","https:\/\/x.com\/bellunopress","https:\/\/www.linkedin.com\/hp\/?dnr=JBzUWaJfMUw8vbXJJ2tVW5-I3jZKvC4wsoxE&amp;amp;amp;amp;amp;amp;trk=nav_responsive_tab_home","https:\/\/www.youtube.com\/channel\/UCxL0wu1uN0_3_7hGG0306cw"]},{"@type":"Person","@id":"https:\/\/www.bellunopress.it\/#\/schema\/person\/79bb06722b37ece1c03d3e94beb30d73","name":"r\u00e9daction","image":{"@type":"ImageObject","inLanguage":"fr-FR","@id":"https:\/\/secure.gravatar.com\/avatar\/37d968a2e67a6fd04c169c4bdef102d0bc5d31b2546345219e348575eb80e9a0?s=96&d=mm&r=g","url":"https:\/\/secure.gravatar.com\/avatar\/37d968a2e67a6fd04c169c4bdef102d0bc5d31b2546345219e348575eb80e9a0?s=96&d=mm&r=g","contentUrl":"https:\/\/secure.gravatar.com\/avatar\/37d968a2e67a6fd04c169c4bdef102d0bc5d31b2546345219e348575eb80e9a0?s=96&d=mm&r=g","caption":"redazione"},"sameAs":["http:\/\/www.bellunopress.it","https:\/\/x.com\/bellunopress"],"url":"https:\/\/www.bellunopress.it\/fr\/author\/redazione\/"}]}},"_links":{"self":[{"href":"https:\/\/www.bellunopress.it\/fr\/wp-json\/wp\/v2\/posts\/109034","targetHints":{"allow":["GET"]}}],"collection":[{"href":"https:\/\/www.bellunopress.it\/fr\/wp-json\/wp\/v2\/posts"}],"about":[{"href":"https:\/\/www.bellunopress.it\/fr\/wp-json\/wp\/v2\/types\/post"}],"author":[{"embeddable":true,"href":"https:\/\/www.bellunopress.it\/fr\/wp-json\/wp\/v2\/users\/2"}],"replies":[{"embeddable":true,"href":"https:\/\/www.bellunopress.it\/fr\/wp-json\/wp\/v2\/comments?post=109034"}],"version-history":[{"count":2,"href":"https:\/\/www.bellunopress.it\/fr\/wp-json\/wp\/v2\/posts\/109034\/revisions"}],"predecessor-version":[{"id":109037,"href":"https:\/\/www.bellunopress.it\/fr\/wp-json\/wp\/v2\/posts\/109034\/revisions\/109037"}],"wp:attachment":[{"href":"https:\/\/www.bellunopress.it\/fr\/wp-json\/wp\/v2\/media?parent=109034"}],"wp:term":[{"taxonomy":"category","embeddable":true,"href":"https:\/\/www.bellunopress.it\/fr\/wp-json\/wp\/v2\/categories?post=109034"},{"taxonomy":"post_tag","embeddable":true,"href":"https:\/\/www.bellunopress.it\/fr\/wp-json\/wp\/v2\/tags?post=109034"}],"curies":[{"name":"wp","href":"https:\/\/api.w.org\/{rel}","templated":true}]}}