{"id":109005,"date":"2019-10-23T15:36:16","date_gmt":"2019-10-23T13:36:16","guid":{"rendered":"http:\/\/www.bellunopress.it\/?p=109005"},"modified":"2019-10-23T15:36:16","modified_gmt":"2019-10-23T13:36:16","slug":"donne-protagoniste-del-cambiamento-giovedi-il-convegno-a-palazzo-fulcis","status":"publish","type":"post","link":"https:\/\/www.bellunopress.it\/fr\/2019\/10\/23\/donne-protagoniste-del-cambiamento-giovedi-il-convegno-a-palazzo-fulcis\/","title":{"rendered":"Donne protagoniste del cambiamento. Gioved\u00ec il convegno a Palazzo Fulcis"},"content":{"rendered":"<figure id=\"attachment_83542\" aria-describedby=\"caption-attachment-83542\" style=\"width: 300px\" class=\"wp-caption alignleft\"><a href=\"http:\/\/www.bellunopress.it\/fr\/2017\/01\/10\/dal-27-gennaio-apre-il-nuovo-museo-di-belluno-a-palazzo-fulcis-venerdi-a-venezia-la-conferenza-di-presentazione\/palazzo-fulcis-5\/\" rel=\"attachment wp-att-83542\"><img loading=\"lazy\" decoding=\"async\" class=\"size-full wp-image-83542\" src=\"http:\/\/www.bellunopress.it\/wp-content\/uploads\/2017\/01\/palazzo-fulcis-5.jpg\" alt=\"\" width=\"300\" height=\"200\" \/><\/a><figcaption id=\"caption-attachment-83542\" class=\"wp-caption-text\">Chiostro Palazzo Fulcis<\/figcaption><\/figure>\n<p>Domani, gioved\u00ec 24 ottobre, a Palazzo Fulcis di Belluno, si terr\u00e0 il convegno &#8220;Donne protagoniste del cambiamento: prospettive per un futuro pi\u00f9 rosa&#8221;.<\/p>\n<p>Evento promosso dalla Regione Veneto nell&#8217;ambito della settimana di Stem in rosa (Science Technology Engeneering Math), con lo scopo di ridurre il gap di genere nelle professioni e sviluppare le progressioni di carriera.<\/p>\n<p>Conduce Francesca Bianchi.<\/p>\n<p>&nbsp;<\/p>\n<p>La giornata inizia alle ore 9.00 con i saluti della Regione Veneto, di Lucia Pellegrini, Assessore Pari Opportunit\u00e0 del comune di Belluno, e di Certottica, promotrice del progetto Wind &#8211; Woman In Digital.<\/p>\n<p>Seguiranno dalle 09.30 gli interventi di:<\/p>\n<p>Laura Renon \u2013 Chirurgo senologo dell\u2019Ospedale San Martino di Belluno. Ha recentemente ricevuto il Premio San Martino, registrando la prima standing ovation della storia del riconoscimento.<\/p>\n<p>Lucia Bressan \u2013 \u201cAvvocato dell\u2019anno\u201d per la categoria \u201cDiritto del Commercio Internazionale\u201d ai Legal Community<br \/>\nItalian Awards 2019.<\/p>\n<p>Lilia Fredella \u2013 Questore di Belluno, insignita dell\u2019encomio solenne come Primo Dirigente del Gabinetto Regionale della Polizia Scientifica della Lombardia per la risoluzione del caso della giovane Yara Gambirasio.<\/p>\n<p>Caterina Tollot \u2013 giovanissima, tra i primi ingegneri della sicurezza in Italia.<\/p>\n<p>Maria Cristina Targon \u2013 Dirigente Medico dell\u2019ULSS 1 Belluno, Medico Competente Medicina del Lavoro<br \/>\n11.00 Tavola Rotonda.<\/p>\n<p>Maria Raffaella Caprioglio \u2013 Presidente Umana.<\/p>\n<p>Tiziana Martire \u2013 Presidente Fidapa Belluno.<\/p>\n<p>Gabriella Faoro \u2013 Dirigente Veneto Lavoro Provincia di Belluno, Treviso e Citt\u00e0 Metropolitana di Venezia.<\/p>\n<p>Denise Casanova \u2013 Segretario Generale della Filctem Cgil di Belluno.<\/p>\n<p>Serenella Bogana \u2013 Vice Presidente della Provincia.<\/p>\n<p>Maria Lorraine Berton \u2013 Presidente Confindustria Belluno Dolomiti.<\/p>\n<p>Claudia Scarzanella \u2013 Presidente Confartigianato Belluno<\/p>\n<p>Alle ore 12.00 l&#8217;intervento conclusivo a cura di Rossana Mungiello, Consigliera di Parit\u00e0<\/p>\n<p>Alle 12.30 LIGHT LUNCH<br \/>\nAlle 13.30 \u201cFulcis in rosa: la donna nell\u2019arte di ieri e di oggi\u201d a cura di Marta Azzalini.<\/p>","protected":false},"excerpt":{"rendered":"<p>Domani, gioved\u00ec 24 ottobre, a Palazzo Fulcis di Belluno, si terr\u00e0 il convegno &#8220;Donne protagoniste del cambiamento: prospettive per un futuro pi\u00f9 rosa&#8221;. Evento promosso dalla Regione Veneto nell&#8217;ambito della settimana di Stem in rosa (Science Technology Engeneering Math), con lo scopo di ridurre il gap di genere nelle professioni e sviluppare le progressioni di [&hellip;]<\/p>\n","protected":false},"author":2,"featured_media":0,"comment_status":"closed","ping_status":"open","sticky":false,"template":"","format":"standard","meta":{"footnotes":""},"categories":[27,36,26,8],"tags":[],"class_list":["post-109005","post","type-post","status-publish","format-standard","category-appuntamenti","category-lavoro-economia","category-prima-pagina","category-societa-istituzioni"],"yoast_head":"<!-- This site is optimized with the Yoast SEO plugin v28.4 - https:\/\/yoast.com\/product\/yoast-seo-wordpress\/ -->\n<title>Donne protagoniste del cambiamento. Gioved\u00ec il convegno a Palazzo Fulcis - Bellunopress - Dolomiti<\/title>\n<meta name=\"robots\" content=\"index, follow, max-snippet:-1, max-image-preview:large, max-video-preview:-1\" \/>\n<link rel=\"canonical\" href=\"https:\/\/www.bellunopress.it\/fr\/2019\/10\/23\/donne-protagoniste-del-cambiamento-giovedi-il-convegno-a-palazzo-fulcis\/\" \/>\n<meta property=\"og:locale\" content=\"fr_FR\" \/>\n<meta property=\"og:type\" content=\"article\" \/>\n<meta property=\"og:title\" content=\"Donne protagoniste del cambiamento. Gioved\u00ec il convegno a Palazzo Fulcis - Bellunopress - Dolomiti\" \/>\n<meta property=\"og:description\" content=\"Domani, gioved\u00ec 24 ottobre, a Palazzo Fulcis di Belluno, si terr\u00e0 il convegno &#8220;Donne protagoniste del cambiamento: prospettive per un futuro pi\u00f9 rosa&#8221;. Evento promosso dalla Regione Veneto nell&#8217;ambito della settimana di Stem in rosa (Science Technology Engeneering Math), con lo scopo di ridurre il gap di genere nelle professioni e sviluppare le progressioni di [&hellip;]\" \/>\n<meta property=\"og:url\" content=\"https:\/\/www.bellunopress.it\/fr\/2019\/10\/23\/donne-protagoniste-del-cambiamento-giovedi-il-convegno-a-palazzo-fulcis\/\" \/>\n<meta property=\"og:site_name\" content=\"Bellunopress - Dolomiti\" \/>\n<meta property=\"article:publisher\" content=\"https:\/\/www.facebook.com\/profile.php?id=100008943462799\" \/>\n<meta property=\"article:published_time\" content=\"2019-10-23T13:36:16+00:00\" \/>\n<meta property=\"og:image\" content=\"http:\/\/www.bellunopress.it\/wp-content\/uploads\/2017\/01\/palazzo-fulcis-5.jpg\" \/>\n<meta name=\"author\" content=\"redazione\" \/>\n<meta name=\"twitter:card\" content=\"summary_large_image\" \/>\n<meta name=\"twitter:creator\" content=\"@bellunopress\" \/>\n<meta name=\"twitter:site\" content=\"@bellunopress\" \/>\n<meta name=\"twitter:label1\" content=\"\u00c9crit par\" \/>\n\t<meta name=\"twitter:data1\" content=\"redazione\" \/>\n\t<meta name=\"twitter:label2\" content=\"Dur\u00e9e de lecture estim\u00e9e\" \/>\n\t<meta name=\"twitter:data2\" content=\"1 minute\" \/>\n<script type=\"application\/ld+json\" class=\"yoast-schema-graph\">{\"@context\":\"https:\\\/\\\/schema.org\",\"@graph\":[{\"@type\":\"Article\",\"@id\":\"https:\\\/\\\/www.bellunopress.it\\\/2019\\\/10\\\/23\\\/donne-protagoniste-del-cambiamento-giovedi-il-convegno-a-palazzo-fulcis\\\/#article\",\"isPartOf\":{\"@id\":\"https:\\\/\\\/www.bellunopress.it\\\/2019\\\/10\\\/23\\\/donne-protagoniste-del-cambiamento-giovedi-il-convegno-a-palazzo-fulcis\\\/\"},\"author\":{\"name\":\"redazione\",\"@id\":\"https:\\\/\\\/www.bellunopress.it\\\/#\\\/schema\\\/person\\\/79bb06722b37ece1c03d3e94beb30d73\"},\"headline\":\"Donne protagoniste del cambiamento. Gioved\u00ec il convegno a Palazzo Fulcis\",\"datePublished\":\"2019-10-23T13:36:16+00:00\",\"mainEntityOfPage\":{\"@id\":\"https:\\\/\\\/www.bellunopress.it\\\/2019\\\/10\\\/23\\\/donne-protagoniste-del-cambiamento-giovedi-il-convegno-a-palazzo-fulcis\\\/\"},\"wordCount\":300,\"publisher\":{\"@id\":\"https:\\\/\\\/www.bellunopress.it\\\/#organization\"},\"image\":{\"@id\":\"https:\\\/\\\/www.bellunopress.it\\\/2019\\\/10\\\/23\\\/donne-protagoniste-del-cambiamento-giovedi-il-convegno-a-palazzo-fulcis\\\/#primaryimage\"},\"thumbnailUrl\":\"http:\\\/\\\/www.bellunopress.it\\\/wp-content\\\/uploads\\\/2017\\\/01\\\/palazzo-fulcis-5.jpg\",\"articleSection\":[\"Appuntamenti, Eventi\",\"Lavoro, Economia, Turismo\",\"Prima Pagina\",\"Societ\u00e0, Associazioni, Istituzioni\"],\"inLanguage\":\"fr-FR\"},{\"@type\":\"WebPage\",\"@id\":\"https:\\\/\\\/www.bellunopress.it\\\/2019\\\/10\\\/23\\\/donne-protagoniste-del-cambiamento-giovedi-il-convegno-a-palazzo-fulcis\\\/\",\"url\":\"https:\\\/\\\/www.bellunopress.it\\\/2019\\\/10\\\/23\\\/donne-protagoniste-del-cambiamento-giovedi-il-convegno-a-palazzo-fulcis\\\/\",\"name\":\"Donne protagoniste del cambiamento. Gioved\u00ec il convegno a Palazzo Fulcis - Bellunopress - Dolomiti\",\"isPartOf\":{\"@id\":\"https:\\\/\\\/www.bellunopress.it\\\/#website\"},\"primaryImageOfPage\":{\"@id\":\"https:\\\/\\\/www.bellunopress.it\\\/2019\\\/10\\\/23\\\/donne-protagoniste-del-cambiamento-giovedi-il-convegno-a-palazzo-fulcis\\\/#primaryimage\"},\"image\":{\"@id\":\"https:\\\/\\\/www.bellunopress.it\\\/2019\\\/10\\\/23\\\/donne-protagoniste-del-cambiamento-giovedi-il-convegno-a-palazzo-fulcis\\\/#primaryimage\"},\"thumbnailUrl\":\"http:\\\/\\\/www.bellunopress.it\\\/wp-content\\\/uploads\\\/2017\\\/01\\\/palazzo-fulcis-5.jpg\",\"datePublished\":\"2019-10-23T13:36:16+00:00\",\"breadcrumb\":{\"@id\":\"https:\\\/\\\/www.bellunopress.it\\\/2019\\\/10\\\/23\\\/donne-protagoniste-del-cambiamento-giovedi-il-convegno-a-palazzo-fulcis\\\/#breadcrumb\"},\"inLanguage\":\"fr-FR\",\"potentialAction\":[{\"@type\":\"ReadAction\",\"target\":[\"https:\\\/\\\/www.bellunopress.it\\\/2019\\\/10\\\/23\\\/donne-protagoniste-del-cambiamento-giovedi-il-convegno-a-palazzo-fulcis\\\/\"]}]},{\"@type\":\"ImageObject\",\"inLanguage\":\"fr-FR\",\"@id\":\"https:\\\/\\\/www.bellunopress.it\\\/2019\\\/10\\\/23\\\/donne-protagoniste-del-cambiamento-giovedi-il-convegno-a-palazzo-fulcis\\\/#primaryimage\",\"url\":\"http:\\\/\\\/www.bellunopress.it\\\/wp-content\\\/uploads\\\/2017\\\/01\\\/palazzo-fulcis-5.jpg\",\"contentUrl\":\"http:\\\/\\\/www.bellunopress.it\\\/wp-content\\\/uploads\\\/2017\\\/01\\\/palazzo-fulcis-5.jpg\"},{\"@type\":\"BreadcrumbList\",\"@id\":\"https:\\\/\\\/www.bellunopress.it\\\/2019\\\/10\\\/23\\\/donne-protagoniste-del-cambiamento-giovedi-il-convegno-a-palazzo-fulcis\\\/#breadcrumb\",\"itemListElement\":[{\"@type\":\"ListItem\",\"position\":1,\"name\":\"Home\",\"item\":\"https:\\\/\\\/www.bellunopress.it\\\/\"},{\"@type\":\"ListItem\",\"position\":2,\"name\":\"Donne protagoniste del cambiamento. Gioved\u00ec il convegno a Palazzo Fulcis\"}]},{\"@type\":\"WebSite\",\"@id\":\"https:\\\/\\\/www.bellunopress.it\\\/#website\",\"url\":\"https:\\\/\\\/www.bellunopress.it\\\/\",\"name\":\"Bellunopress - Dolomiti\",\"description\":\"e-mail: redazione@bellunopress.it\",\"publisher\":{\"@id\":\"https:\\\/\\\/www.bellunopress.it\\\/#organization\"},\"potentialAction\":[{\"@type\":\"SearchAction\",\"target\":{\"@type\":\"EntryPoint\",\"urlTemplate\":\"https:\\\/\\\/www.bellunopress.it\\\/?s={search_term_string}\"},\"query-input\":{\"@type\":\"PropertyValueSpecification\",\"valueRequired\":true,\"valueName\":\"search_term_string\"}}],\"inLanguage\":\"fr-FR\"},{\"@type\":\"Organization\",\"@id\":\"https:\\\/\\\/www.bellunopress.it\\\/#organization\",\"name\":\"Bellunopress\",\"url\":\"https:\\\/\\\/www.bellunopress.it\\\/\",\"logo\":{\"@type\":\"ImageObject\",\"inLanguage\":\"fr-FR\",\"@id\":\"https:\\\/\\\/www.bellunopress.it\\\/#\\\/schema\\\/logo\\\/image\\\/\",\"url\":\"https:\\\/\\\/www.bellunopress.it\\\/wp-content\\\/uploads\\\/2011\\\/05\\\/cropped-logo-bellunopress-.jpg\",\"contentUrl\":\"https:\\\/\\\/www.bellunopress.it\\\/wp-content\\\/uploads\\\/2011\\\/05\\\/cropped-logo-bellunopress-.jpg\",\"width\":512,\"height\":512,\"caption\":\"Bellunopress\"},\"image\":{\"@id\":\"https:\\\/\\\/www.bellunopress.it\\\/#\\\/schema\\\/logo\\\/image\\\/\"},\"sameAs\":[\"https:\\\/\\\/www.facebook.com\\\/profile.php?id=100008943462799\",\"https:\\\/\\\/x.com\\\/bellunopress\",\"https:\\\/\\\/www.linkedin.com\\\/hp\\\/?dnr=JBzUWaJfMUw8vbXJJ2tVW5-I3jZKvC4wsoxE&amp;amp;amp;amp;amp;amp;trk=nav_responsive_tab_home\",\"https:\\\/\\\/www.youtube.com\\\/channel\\\/UCxL0wu1uN0_3_7hGG0306cw\"]},{\"@type\":\"Person\",\"@id\":\"https:\\\/\\\/www.bellunopress.it\\\/#\\\/schema\\\/person\\\/79bb06722b37ece1c03d3e94beb30d73\",\"name\":\"redazione\",\"image\":{\"@type\":\"ImageObject\",\"inLanguage\":\"fr-FR\",\"@id\":\"https:\\\/\\\/secure.gravatar.com\\\/avatar\\\/37d968a2e67a6fd04c169c4bdef102d0bc5d31b2546345219e348575eb80e9a0?s=96&d=mm&r=g\",\"url\":\"https:\\\/\\\/secure.gravatar.com\\\/avatar\\\/37d968a2e67a6fd04c169c4bdef102d0bc5d31b2546345219e348575eb80e9a0?s=96&d=mm&r=g\",\"contentUrl\":\"https:\\\/\\\/secure.gravatar.com\\\/avatar\\\/37d968a2e67a6fd04c169c4bdef102d0bc5d31b2546345219e348575eb80e9a0?s=96&d=mm&r=g\",\"caption\":\"redazione\"},\"sameAs\":[\"http:\\\/\\\/www.bellunopress.it\",\"https:\\\/\\\/x.com\\\/bellunopress\"],\"url\":\"https:\\\/\\\/www.bellunopress.it\\\/fr\\\/author\\\/redazione\\\/\"}]}<\/script>\n<!-- \/ Yoast SEO plugin. -->","yoast_head_json":{"title":"Donne protagoniste del cambiamento. Gioved\u00ec il convegno a Palazzo Fulcis - Bellunopress - Dolomiti","robots":{"index":"index","follow":"follow","max-snippet":"max-snippet:-1","max-image-preview":"max-image-preview:large","max-video-preview":"max-video-preview:-1"},"canonical":"https:\/\/www.bellunopress.it\/fr\/2019\/10\/23\/donne-protagoniste-del-cambiamento-giovedi-il-convegno-a-palazzo-fulcis\/","og_locale":"fr_FR","og_type":"article","og_title":"Donne protagoniste del cambiamento. Gioved\u00ec il convegno a Palazzo Fulcis - Bellunopress - Dolomiti","og_description":"Domani, gioved\u00ec 24 ottobre, a Palazzo Fulcis di Belluno, si terr\u00e0 il convegno &#8220;Donne protagoniste del cambiamento: prospettive per un futuro pi\u00f9 rosa&#8221;. Evento promosso dalla Regione Veneto nell&#8217;ambito della settimana di Stem in rosa (Science Technology Engeneering Math), con lo scopo di ridurre il gap di genere nelle professioni e sviluppare le progressioni di [&hellip;]","og_url":"https:\/\/www.bellunopress.it\/fr\/2019\/10\/23\/donne-protagoniste-del-cambiamento-giovedi-il-convegno-a-palazzo-fulcis\/","og_site_name":"Bellunopress - Dolomiti","article_publisher":"https:\/\/www.facebook.com\/profile.php?id=100008943462799","article_published_time":"2019-10-23T13:36:16+00:00","og_image":[{"url":"http:\/\/www.bellunopress.it\/wp-content\/uploads\/2017\/01\/palazzo-fulcis-5.jpg","type":"","width":"","height":""}],"author":"redazione","twitter_card":"summary_large_image","twitter_creator":"@bellunopress","twitter_site":"@bellunopress","twitter_misc":{"\u00c9crit par":"redazione","Dur\u00e9e de lecture estim\u00e9e":"1 minute"},"schema":{"@context":"https:\/\/schema.org","@graph":[{"@type":"Article","@id":"https:\/\/www.bellunopress.it\/2019\/10\/23\/donne-protagoniste-del-cambiamento-giovedi-il-convegno-a-palazzo-fulcis\/#article","isPartOf":{"@id":"https:\/\/www.bellunopress.it\/2019\/10\/23\/donne-protagoniste-del-cambiamento-giovedi-il-convegno-a-palazzo-fulcis\/"},"author":{"name":"redazione","@id":"https:\/\/www.bellunopress.it\/#\/schema\/person\/79bb06722b37ece1c03d3e94beb30d73"},"headline":"Donne protagoniste del cambiamento. Gioved\u00ec il convegno a Palazzo Fulcis","datePublished":"2019-10-23T13:36:16+00:00","mainEntityOfPage":{"@id":"https:\/\/www.bellunopress.it\/2019\/10\/23\/donne-protagoniste-del-cambiamento-giovedi-il-convegno-a-palazzo-fulcis\/"},"wordCount":300,"publisher":{"@id":"https:\/\/www.bellunopress.it\/#organization"},"image":{"@id":"https:\/\/www.bellunopress.it\/2019\/10\/23\/donne-protagoniste-del-cambiamento-giovedi-il-convegno-a-palazzo-fulcis\/#primaryimage"},"thumbnailUrl":"http:\/\/www.bellunopress.it\/wp-content\/uploads\/2017\/01\/palazzo-fulcis-5.jpg","articleSection":["Appuntamenti, Eventi","Lavoro, Economia, Turismo","Prima Pagina","Societ\u00e0, Associazioni, Istituzioni"],"inLanguage":"fr-FR"},{"@type":"WebPage","@id":"https:\/\/www.bellunopress.it\/2019\/10\/23\/donne-protagoniste-del-cambiamento-giovedi-il-convegno-a-palazzo-fulcis\/","url":"https:\/\/www.bellunopress.it\/2019\/10\/23\/donne-protagoniste-del-cambiamento-giovedi-il-convegno-a-palazzo-fulcis\/","name":"Donne protagoniste del cambiamento. Gioved\u00ec il convegno a Palazzo Fulcis - Bellunopress - Dolomiti","isPartOf":{"@id":"https:\/\/www.bellunopress.it\/#website"},"primaryImageOfPage":{"@id":"https:\/\/www.bellunopress.it\/2019\/10\/23\/donne-protagoniste-del-cambiamento-giovedi-il-convegno-a-palazzo-fulcis\/#primaryimage"},"image":{"@id":"https:\/\/www.bellunopress.it\/2019\/10\/23\/donne-protagoniste-del-cambiamento-giovedi-il-convegno-a-palazzo-fulcis\/#primaryimage"},"thumbnailUrl":"http:\/\/www.bellunopress.it\/wp-content\/uploads\/2017\/01\/palazzo-fulcis-5.jpg","datePublished":"2019-10-23T13:36:16+00:00","breadcrumb":{"@id":"https:\/\/www.bellunopress.it\/2019\/10\/23\/donne-protagoniste-del-cambiamento-giovedi-il-convegno-a-palazzo-fulcis\/#breadcrumb"},"inLanguage":"fr-FR","potentialAction":[{"@type":"ReadAction","target":["https:\/\/www.bellunopress.it\/2019\/10\/23\/donne-protagoniste-del-cambiamento-giovedi-il-convegno-a-palazzo-fulcis\/"]}]},{"@type":"ImageObject","inLanguage":"fr-FR","@id":"https:\/\/www.bellunopress.it\/2019\/10\/23\/donne-protagoniste-del-cambiamento-giovedi-il-convegno-a-palazzo-fulcis\/#primaryimage","url":"http:\/\/www.bellunopress.it\/wp-content\/uploads\/2017\/01\/palazzo-fulcis-5.jpg","contentUrl":"http:\/\/www.bellunopress.it\/wp-content\/uploads\/2017\/01\/palazzo-fulcis-5.jpg"},{"@type":"BreadcrumbList","@id":"https:\/\/www.bellunopress.it\/2019\/10\/23\/donne-protagoniste-del-cambiamento-giovedi-il-convegno-a-palazzo-fulcis\/#breadcrumb","itemListElement":[{"@type":"ListItem","position":1,"name":"Home","item":"https:\/\/www.bellunopress.it\/"},{"@type":"ListItem","position":2,"name":"Donne protagoniste del cambiamento. Gioved\u00ec il convegno a Palazzo Fulcis"}]},{"@type":"WebSite","@id":"https:\/\/www.bellunopress.it\/#website","url":"https:\/\/www.bellunopress.it\/","name":"Bellunopress - Dolomiti","description":"e-mail: redazione@bellunopress.it","publisher":{"@id":"https:\/\/www.bellunopress.it\/#organization"},"potentialAction":[{"@type":"SearchAction","target":{"@type":"EntryPoint","urlTemplate":"https:\/\/www.bellunopress.it\/?s={search_term_string}"},"query-input":{"@type":"PropertyValueSpecification","valueRequired":true,"valueName":"search_term_string"}}],"inLanguage":"fr-FR"},{"@type":"Organization","@id":"https:\/\/www.bellunopress.it\/#organization","name":"Bellunopress","url":"https:\/\/www.bellunopress.it\/","logo":{"@type":"ImageObject","inLanguage":"fr-FR","@id":"https:\/\/www.bellunopress.it\/#\/schema\/logo\/image\/","url":"https:\/\/www.bellunopress.it\/wp-content\/uploads\/2011\/05\/cropped-logo-bellunopress-.jpg","contentUrl":"https:\/\/www.bellunopress.it\/wp-content\/uploads\/2011\/05\/cropped-logo-bellunopress-.jpg","width":512,"height":512,"caption":"Bellunopress"},"image":{"@id":"https:\/\/www.bellunopress.it\/#\/schema\/logo\/image\/"},"sameAs":["https:\/\/www.facebook.com\/profile.php?id=100008943462799","https:\/\/x.com\/bellunopress","https:\/\/www.linkedin.com\/hp\/?dnr=JBzUWaJfMUw8vbXJJ2tVW5-I3jZKvC4wsoxE&amp;amp;amp;amp;amp;amp;trk=nav_responsive_tab_home","https:\/\/www.youtube.com\/channel\/UCxL0wu1uN0_3_7hGG0306cw"]},{"@type":"Person","@id":"https:\/\/www.bellunopress.it\/#\/schema\/person\/79bb06722b37ece1c03d3e94beb30d73","name":"r\u00e9daction","image":{"@type":"ImageObject","inLanguage":"fr-FR","@id":"https:\/\/secure.gravatar.com\/avatar\/37d968a2e67a6fd04c169c4bdef102d0bc5d31b2546345219e348575eb80e9a0?s=96&d=mm&r=g","url":"https:\/\/secure.gravatar.com\/avatar\/37d968a2e67a6fd04c169c4bdef102d0bc5d31b2546345219e348575eb80e9a0?s=96&d=mm&r=g","contentUrl":"https:\/\/secure.gravatar.com\/avatar\/37d968a2e67a6fd04c169c4bdef102d0bc5d31b2546345219e348575eb80e9a0?s=96&d=mm&r=g","caption":"redazione"},"sameAs":["http:\/\/www.bellunopress.it","https:\/\/x.com\/bellunopress"],"url":"https:\/\/www.bellunopress.it\/fr\/author\/redazione\/"}]}},"_links":{"self":[{"href":"https:\/\/www.bellunopress.it\/fr\/wp-json\/wp\/v2\/posts\/109005","targetHints":{"allow":["GET"]}}],"collection":[{"href":"https:\/\/www.bellunopress.it\/fr\/wp-json\/wp\/v2\/posts"}],"about":[{"href":"https:\/\/www.bellunopress.it\/fr\/wp-json\/wp\/v2\/types\/post"}],"author":[{"embeddable":true,"href":"https:\/\/www.bellunopress.it\/fr\/wp-json\/wp\/v2\/users\/2"}],"replies":[{"embeddable":true,"href":"https:\/\/www.bellunopress.it\/fr\/wp-json\/wp\/v2\/comments?post=109005"}],"version-history":[{"count":1,"href":"https:\/\/www.bellunopress.it\/fr\/wp-json\/wp\/v2\/posts\/109005\/revisions"}],"predecessor-version":[{"id":109006,"href":"https:\/\/www.bellunopress.it\/fr\/wp-json\/wp\/v2\/posts\/109005\/revisions\/109006"}],"wp:attachment":[{"href":"https:\/\/www.bellunopress.it\/fr\/wp-json\/wp\/v2\/media?parent=109005"}],"wp:term":[{"taxonomy":"category","embeddable":true,"href":"https:\/\/www.bellunopress.it\/fr\/wp-json\/wp\/v2\/categories?post=109005"},{"taxonomy":"post_tag","embeddable":true,"href":"https:\/\/www.bellunopress.it\/fr\/wp-json\/wp\/v2\/tags?post=109005"}],"curies":[{"name":"wp","href":"https:\/\/api.w.org\/{rel}","templated":true}]}}