{"id":108999,"date":"2019-10-23T14:47:02","date_gmt":"2019-10-23T12:47:02","guid":{"rendered":"http:\/\/www.bellunopress.it\/?p=108999"},"modified":"2019-10-23T14:47:02","modified_gmt":"2019-10-23T12:47:02","slug":"passi-e-trapassi-in-attesa-dellavvio-ufficiale-della-vii-edizione-dedicata-a-la-parola-e-la-morte-due-inviti-per-entrate-nello-spirito-della-rassegna","status":"publish","type":"post","link":"https:\/\/www.bellunopress.it\/fr\/2019\/10\/23\/passi-e-trapassi-in-attesa-dellavvio-ufficiale-della-vii-edizione-dedicata-a-la-parola-e-la-morte-due-inviti-per-entrate-nello-spirito-della-rassegna\/","title":{"rendered":"\u201cPassi e Trapassi\u201d. In attesa dell\u2019avvio ufficiale della VII edizione, dedicata a \u201cLa parola e la morte\u201d, due inviti per entrate nello spirito della rassegna"},"content":{"rendered":"<p><a href=\"http:\/\/www.bellunopress.it\/fr\/2015\/10\/24\/passi-e-trapassi-rassegna-sui-temi-della-morte-e-del-morire-dal-31-ottobre-al-14-novembre-si-terra-a-belluno-la-iv-edizione-a-tavola-con-la-morte\/passi-trapassi\/\" rel=\"attachment wp-att-72646\"><img loading=\"lazy\" decoding=\"async\" class=\"alignleft size-full wp-image-72646\" src=\"http:\/\/www.bellunopress.it\/wp-content\/uploads\/2015\/10\/passi-trapassi.jpg\" alt=\"\" width=\"153\" height=\"190\" \/><\/a>Prender\u00e0 il via ufficialmente il 2 novembre la settima edizione di \u201cPassi e Trapassi\u201d, la rassegna culturale del Comune di Belluno, a cura di Claudia Alpago-Novello, dedicata ai temi della morte.<\/p>\n<p>Della morte, di quella vissuta in prima persona, nel quotidiano non si parla; si preferisce tacere, o, al massimo, si usano giri di parole, non senza un certo reciproco imbarazzo. Per entrare nello spirito della settima edizione di Passi e Trapassi, dedicata al tema della parola e che verr\u00e0 presentata la prossima settimana, il primo appuntamento, in una sorta di anteprima, sar\u00e0 con \u201cParole in movimento\u201d, sabato 26 ottobre, lungo la scala mobile di Lambioi (dalle 10.30 alle 12.30 e dalle 17 alle 19). La proposta \u00e8 quella di invitare i passanti a regalarsi tre minuti (il tempo di un viaggio in scala mobile) per rompere il silenzio e scambiare una poesia o una frase, in tema, con chi va in verso contrario.<br \/>\nChi vorr\u00e0 partecipare, potr\u00e0 presentarsi con il proprio suggerimento in doppia copia a uno dei due punti di accoglienza alle estremit\u00e0 della scala mobile. Una copia verr\u00e0 collocata in un apposito contenitore: frasi e poesie saranno poi pubblicate, durante il periodo di svolgimento della rassegna, sulle pagine Facebook e Instagram dedicate.<br \/>\nLa seconda copia, assieme al programma della manifestazione consegnato al punto di accoglienza, potr\u00e0 essere scambiata liberamente durante il tragitto sulla scala mobile.<\/p>\n<p>Inoltre, dal 26 ottobre al 7 novembre, tutti potranno proporre le proprie parole attaccando un post-it sulla vetrata appositamente dedicata a Palazzo Fulcis oppure consegnando il suggerimento agli organizzatori in occasione degli eventi della rassegna.<\/p>\n<p>L\u2019incontro di venerd\u00ec 8 novembre, con Giorgio Moretti e Massimo Frascati, autori di Una parola al giorno, intratterranno i partecipanti sul tema delle parole utilizzate, o taciute e aggirate, per comunicare la morte, prendendo spunto dalle parole raccolte nel corso della kermesse.<\/p>","protected":false},"excerpt":{"rendered":"<p>Prender\u00e0 il via ufficialmente il 2 novembre la settima edizione di \u201cPassi e Trapassi\u201d, la rassegna culturale del Comune di Belluno, a cura di Claudia Alpago-Novello, dedicata ai temi della morte. Della morte, di quella vissuta in prima persona, nel quotidiano non si parla; si preferisce tacere, o, al massimo, si usano giri di parole, [&hellip;]<\/p>\n","protected":false},"author":2,"featured_media":0,"comment_status":"closed","ping_status":"open","sticky":false,"template":"","format":"standard","meta":{"footnotes":""},"categories":[27,3,26],"tags":[],"class_list":["post-108999","post","type-post","status-publish","format-standard","category-appuntamenti","category-arte-cultura-spettacoli-scienza-archivi","category-prima-pagina"],"yoast_head":"<!-- This site is optimized with the Yoast SEO plugin v28.4 - https:\/\/yoast.com\/product\/yoast-seo-wordpress\/ -->\n<title>\u201cPassi e Trapassi\u201d. In attesa dell\u2019avvio ufficiale della VII edizione, dedicata a \u201cLa parola e la morte\u201d, due inviti per entrate nello spirito della rassegna - Bellunopress - Dolomiti<\/title>\n<meta name=\"robots\" content=\"index, follow, max-snippet:-1, max-image-preview:large, max-video-preview:-1\" \/>\n<link rel=\"canonical\" href=\"https:\/\/www.bellunopress.it\/fr\/2019\/10\/23\/passi-e-trapassi-in-attesa-dellavvio-ufficiale-della-vii-edizione-dedicata-a-la-parola-e-la-morte-due-inviti-per-entrate-nello-spirito-della-rassegna\/\" \/>\n<meta property=\"og:locale\" content=\"fr_FR\" \/>\n<meta property=\"og:type\" content=\"article\" \/>\n<meta property=\"og:title\" content=\"\u201cPassi e Trapassi\u201d. In attesa dell\u2019avvio ufficiale della VII edizione, dedicata a \u201cLa parola e la morte\u201d, due inviti per entrate nello spirito della rassegna - Bellunopress - Dolomiti\" \/>\n<meta property=\"og:description\" content=\"Prender\u00e0 il via ufficialmente il 2 novembre la settima edizione di \u201cPassi e Trapassi\u201d, la rassegna culturale del Comune di Belluno, a cura di Claudia Alpago-Novello, dedicata ai temi della morte. Della morte, di quella vissuta in prima persona, nel quotidiano non si parla; si preferisce tacere, o, al massimo, si usano giri di parole, [&hellip;]\" \/>\n<meta property=\"og:url\" content=\"https:\/\/www.bellunopress.it\/fr\/2019\/10\/23\/passi-e-trapassi-in-attesa-dellavvio-ufficiale-della-vii-edizione-dedicata-a-la-parola-e-la-morte-due-inviti-per-entrate-nello-spirito-della-rassegna\/\" \/>\n<meta property=\"og:site_name\" content=\"Bellunopress - Dolomiti\" \/>\n<meta property=\"article:publisher\" content=\"https:\/\/www.facebook.com\/profile.php?id=100008943462799\" \/>\n<meta property=\"article:published_time\" content=\"2019-10-23T12:47:02+00:00\" \/>\n<meta property=\"og:image\" content=\"http:\/\/www.bellunopress.it\/wp-content\/uploads\/2015\/10\/passi-trapassi.jpg\" \/>\n<meta name=\"author\" content=\"redazione\" \/>\n<meta name=\"twitter:card\" content=\"summary_large_image\" \/>\n<meta name=\"twitter:creator\" content=\"@bellunopress\" \/>\n<meta name=\"twitter:site\" content=\"@bellunopress\" \/>\n<meta name=\"twitter:label1\" content=\"\u00c9crit par\" \/>\n\t<meta name=\"twitter:data1\" content=\"redazione\" \/>\n\t<meta name=\"twitter:label2\" content=\"Dur\u00e9e de lecture estim\u00e9e\" \/>\n\t<meta name=\"twitter:data2\" content=\"1 minute\" \/>\n<script type=\"application\/ld+json\" class=\"yoast-schema-graph\">{\"@context\":\"https:\\\/\\\/schema.org\",\"@graph\":[{\"@type\":\"Article\",\"@id\":\"https:\\\/\\\/www.bellunopress.it\\\/2019\\\/10\\\/23\\\/passi-e-trapassi-in-attesa-dellavvio-ufficiale-della-vii-edizione-dedicata-a-la-parola-e-la-morte-due-inviti-per-entrate-nello-spirito-della-rassegna\\\/#article\",\"isPartOf\":{\"@id\":\"https:\\\/\\\/www.bellunopress.it\\\/2019\\\/10\\\/23\\\/passi-e-trapassi-in-attesa-dellavvio-ufficiale-della-vii-edizione-dedicata-a-la-parola-e-la-morte-due-inviti-per-entrate-nello-spirito-della-rassegna\\\/\"},\"author\":{\"name\":\"redazione\",\"@id\":\"https:\\\/\\\/www.bellunopress.it\\\/#\\\/schema\\\/person\\\/79bb06722b37ece1c03d3e94beb30d73\"},\"headline\":\"\u201cPassi e Trapassi\u201d. In attesa dell\u2019avvio ufficiale della VII edizione, dedicata a \u201cLa parola e la morte\u201d, due inviti per entrate nello spirito della rassegna\",\"datePublished\":\"2019-10-23T12:47:02+00:00\",\"mainEntityOfPage\":{\"@id\":\"https:\\\/\\\/www.bellunopress.it\\\/2019\\\/10\\\/23\\\/passi-e-trapassi-in-attesa-dellavvio-ufficiale-della-vii-edizione-dedicata-a-la-parola-e-la-morte-due-inviti-per-entrate-nello-spirito-della-rassegna\\\/\"},\"wordCount\":322,\"publisher\":{\"@id\":\"https:\\\/\\\/www.bellunopress.it\\\/#organization\"},\"image\":{\"@id\":\"https:\\\/\\\/www.bellunopress.it\\\/2019\\\/10\\\/23\\\/passi-e-trapassi-in-attesa-dellavvio-ufficiale-della-vii-edizione-dedicata-a-la-parola-e-la-morte-due-inviti-per-entrate-nello-spirito-della-rassegna\\\/#primaryimage\"},\"thumbnailUrl\":\"http:\\\/\\\/www.bellunopress.it\\\/wp-content\\\/uploads\\\/2015\\\/10\\\/passi-trapassi.jpg\",\"articleSection\":[\"Appuntamenti, Eventi\",\"Arte, Cultura, Spettacoli, Scienza\",\"Prima Pagina\"],\"inLanguage\":\"fr-FR\"},{\"@type\":\"WebPage\",\"@id\":\"https:\\\/\\\/www.bellunopress.it\\\/2019\\\/10\\\/23\\\/passi-e-trapassi-in-attesa-dellavvio-ufficiale-della-vii-edizione-dedicata-a-la-parola-e-la-morte-due-inviti-per-entrate-nello-spirito-della-rassegna\\\/\",\"url\":\"https:\\\/\\\/www.bellunopress.it\\\/2019\\\/10\\\/23\\\/passi-e-trapassi-in-attesa-dellavvio-ufficiale-della-vii-edizione-dedicata-a-la-parola-e-la-morte-due-inviti-per-entrate-nello-spirito-della-rassegna\\\/\",\"name\":\"\u201cPassi e Trapassi\u201d. In attesa dell\u2019avvio ufficiale della VII edizione, dedicata a \u201cLa parola e la morte\u201d, due inviti per entrate nello spirito della rassegna - Bellunopress - Dolomiti\",\"isPartOf\":{\"@id\":\"https:\\\/\\\/www.bellunopress.it\\\/#website\"},\"primaryImageOfPage\":{\"@id\":\"https:\\\/\\\/www.bellunopress.it\\\/2019\\\/10\\\/23\\\/passi-e-trapassi-in-attesa-dellavvio-ufficiale-della-vii-edizione-dedicata-a-la-parola-e-la-morte-due-inviti-per-entrate-nello-spirito-della-rassegna\\\/#primaryimage\"},\"image\":{\"@id\":\"https:\\\/\\\/www.bellunopress.it\\\/2019\\\/10\\\/23\\\/passi-e-trapassi-in-attesa-dellavvio-ufficiale-della-vii-edizione-dedicata-a-la-parola-e-la-morte-due-inviti-per-entrate-nello-spirito-della-rassegna\\\/#primaryimage\"},\"thumbnailUrl\":\"http:\\\/\\\/www.bellunopress.it\\\/wp-content\\\/uploads\\\/2015\\\/10\\\/passi-trapassi.jpg\",\"datePublished\":\"2019-10-23T12:47:02+00:00\",\"breadcrumb\":{\"@id\":\"https:\\\/\\\/www.bellunopress.it\\\/2019\\\/10\\\/23\\\/passi-e-trapassi-in-attesa-dellavvio-ufficiale-della-vii-edizione-dedicata-a-la-parola-e-la-morte-due-inviti-per-entrate-nello-spirito-della-rassegna\\\/#breadcrumb\"},\"inLanguage\":\"fr-FR\",\"potentialAction\":[{\"@type\":\"ReadAction\",\"target\":[\"https:\\\/\\\/www.bellunopress.it\\\/2019\\\/10\\\/23\\\/passi-e-trapassi-in-attesa-dellavvio-ufficiale-della-vii-edizione-dedicata-a-la-parola-e-la-morte-due-inviti-per-entrate-nello-spirito-della-rassegna\\\/\"]}]},{\"@type\":\"ImageObject\",\"inLanguage\":\"fr-FR\",\"@id\":\"https:\\\/\\\/www.bellunopress.it\\\/2019\\\/10\\\/23\\\/passi-e-trapassi-in-attesa-dellavvio-ufficiale-della-vii-edizione-dedicata-a-la-parola-e-la-morte-due-inviti-per-entrate-nello-spirito-della-rassegna\\\/#primaryimage\",\"url\":\"http:\\\/\\\/www.bellunopress.it\\\/wp-content\\\/uploads\\\/2015\\\/10\\\/passi-trapassi.jpg\",\"contentUrl\":\"http:\\\/\\\/www.bellunopress.it\\\/wp-content\\\/uploads\\\/2015\\\/10\\\/passi-trapassi.jpg\"},{\"@type\":\"BreadcrumbList\",\"@id\":\"https:\\\/\\\/www.bellunopress.it\\\/2019\\\/10\\\/23\\\/passi-e-trapassi-in-attesa-dellavvio-ufficiale-della-vii-edizione-dedicata-a-la-parola-e-la-morte-due-inviti-per-entrate-nello-spirito-della-rassegna\\\/#breadcrumb\",\"itemListElement\":[{\"@type\":\"ListItem\",\"position\":1,\"name\":\"Home\",\"item\":\"https:\\\/\\\/www.bellunopress.it\\\/\"},{\"@type\":\"ListItem\",\"position\":2,\"name\":\"\u201cPassi e Trapassi\u201d. In attesa dell\u2019avvio ufficiale della VII edizione, dedicata a \u201cLa parola e la morte\u201d, due inviti per entrate nello spirito della rassegna\"}]},{\"@type\":\"WebSite\",\"@id\":\"https:\\\/\\\/www.bellunopress.it\\\/#website\",\"url\":\"https:\\\/\\\/www.bellunopress.it\\\/\",\"name\":\"Bellunopress - Dolomiti\",\"description\":\"e-mail: redazione@bellunopress.it\",\"publisher\":{\"@id\":\"https:\\\/\\\/www.bellunopress.it\\\/#organization\"},\"potentialAction\":[{\"@type\":\"SearchAction\",\"target\":{\"@type\":\"EntryPoint\",\"urlTemplate\":\"https:\\\/\\\/www.bellunopress.it\\\/?s={search_term_string}\"},\"query-input\":{\"@type\":\"PropertyValueSpecification\",\"valueRequired\":true,\"valueName\":\"search_term_string\"}}],\"inLanguage\":\"fr-FR\"},{\"@type\":\"Organization\",\"@id\":\"https:\\\/\\\/www.bellunopress.it\\\/#organization\",\"name\":\"Bellunopress\",\"url\":\"https:\\\/\\\/www.bellunopress.it\\\/\",\"logo\":{\"@type\":\"ImageObject\",\"inLanguage\":\"fr-FR\",\"@id\":\"https:\\\/\\\/www.bellunopress.it\\\/#\\\/schema\\\/logo\\\/image\\\/\",\"url\":\"https:\\\/\\\/www.bellunopress.it\\\/wp-content\\\/uploads\\\/2011\\\/05\\\/cropped-logo-bellunopress-.jpg\",\"contentUrl\":\"https:\\\/\\\/www.bellunopress.it\\\/wp-content\\\/uploads\\\/2011\\\/05\\\/cropped-logo-bellunopress-.jpg\",\"width\":512,\"height\":512,\"caption\":\"Bellunopress\"},\"image\":{\"@id\":\"https:\\\/\\\/www.bellunopress.it\\\/#\\\/schema\\\/logo\\\/image\\\/\"},\"sameAs\":[\"https:\\\/\\\/www.facebook.com\\\/profile.php?id=100008943462799\",\"https:\\\/\\\/x.com\\\/bellunopress\",\"https:\\\/\\\/www.linkedin.com\\\/hp\\\/?dnr=JBzUWaJfMUw8vbXJJ2tVW5-I3jZKvC4wsoxE&amp;amp;amp;amp;amp;amp;trk=nav_responsive_tab_home\",\"https:\\\/\\\/www.youtube.com\\\/channel\\\/UCxL0wu1uN0_3_7hGG0306cw\"]},{\"@type\":\"Person\",\"@id\":\"https:\\\/\\\/www.bellunopress.it\\\/#\\\/schema\\\/person\\\/79bb06722b37ece1c03d3e94beb30d73\",\"name\":\"redazione\",\"image\":{\"@type\":\"ImageObject\",\"inLanguage\":\"fr-FR\",\"@id\":\"https:\\\/\\\/secure.gravatar.com\\\/avatar\\\/37d968a2e67a6fd04c169c4bdef102d0bc5d31b2546345219e348575eb80e9a0?s=96&d=mm&r=g\",\"url\":\"https:\\\/\\\/secure.gravatar.com\\\/avatar\\\/37d968a2e67a6fd04c169c4bdef102d0bc5d31b2546345219e348575eb80e9a0?s=96&d=mm&r=g\",\"contentUrl\":\"https:\\\/\\\/secure.gravatar.com\\\/avatar\\\/37d968a2e67a6fd04c169c4bdef102d0bc5d31b2546345219e348575eb80e9a0?s=96&d=mm&r=g\",\"caption\":\"redazione\"},\"sameAs\":[\"http:\\\/\\\/www.bellunopress.it\",\"https:\\\/\\\/x.com\\\/bellunopress\"],\"url\":\"https:\\\/\\\/www.bellunopress.it\\\/fr\\\/author\\\/redazione\\\/\"}]}<\/script>\n<!-- \/ Yoast SEO plugin. -->","yoast_head_json":{"title":"\u201cPassi e Trapassi\u201d. In attesa dell\u2019avvio ufficiale della VII edizione, dedicata a \u201cLa parola e la morte\u201d, due inviti per entrate nello spirito della rassegna - Bellunopress - Dolomiti","robots":{"index":"index","follow":"follow","max-snippet":"max-snippet:-1","max-image-preview":"max-image-preview:large","max-video-preview":"max-video-preview:-1"},"canonical":"https:\/\/www.bellunopress.it\/fr\/2019\/10\/23\/passi-e-trapassi-in-attesa-dellavvio-ufficiale-della-vii-edizione-dedicata-a-la-parola-e-la-morte-due-inviti-per-entrate-nello-spirito-della-rassegna\/","og_locale":"fr_FR","og_type":"article","og_title":"\u201cPassi e Trapassi\u201d. In attesa dell\u2019avvio ufficiale della VII edizione, dedicata a \u201cLa parola e la morte\u201d, due inviti per entrate nello spirito della rassegna - Bellunopress - Dolomiti","og_description":"Prender\u00e0 il via ufficialmente il 2 novembre la settima edizione di \u201cPassi e Trapassi\u201d, la rassegna culturale del Comune di Belluno, a cura di Claudia Alpago-Novello, dedicata ai temi della morte. Della morte, di quella vissuta in prima persona, nel quotidiano non si parla; si preferisce tacere, o, al massimo, si usano giri di parole, [&hellip;]","og_url":"https:\/\/www.bellunopress.it\/fr\/2019\/10\/23\/passi-e-trapassi-in-attesa-dellavvio-ufficiale-della-vii-edizione-dedicata-a-la-parola-e-la-morte-due-inviti-per-entrate-nello-spirito-della-rassegna\/","og_site_name":"Bellunopress - Dolomiti","article_publisher":"https:\/\/www.facebook.com\/profile.php?id=100008943462799","article_published_time":"2019-10-23T12:47:02+00:00","og_image":[{"url":"http:\/\/www.bellunopress.it\/wp-content\/uploads\/2015\/10\/passi-trapassi.jpg","type":"","width":"","height":""}],"author":"redazione","twitter_card":"summary_large_image","twitter_creator":"@bellunopress","twitter_site":"@bellunopress","twitter_misc":{"\u00c9crit par":"redazione","Dur\u00e9e de lecture estim\u00e9e":"1 minute"},"schema":{"@context":"https:\/\/schema.org","@graph":[{"@type":"Article","@id":"https:\/\/www.bellunopress.it\/2019\/10\/23\/passi-e-trapassi-in-attesa-dellavvio-ufficiale-della-vii-edizione-dedicata-a-la-parola-e-la-morte-due-inviti-per-entrate-nello-spirito-della-rassegna\/#article","isPartOf":{"@id":"https:\/\/www.bellunopress.it\/2019\/10\/23\/passi-e-trapassi-in-attesa-dellavvio-ufficiale-della-vii-edizione-dedicata-a-la-parola-e-la-morte-due-inviti-per-entrate-nello-spirito-della-rassegna\/"},"author":{"name":"redazione","@id":"https:\/\/www.bellunopress.it\/#\/schema\/person\/79bb06722b37ece1c03d3e94beb30d73"},"headline":"\u201cPassi e Trapassi\u201d. In attesa dell\u2019avvio ufficiale della VII edizione, dedicata a \u201cLa parola e la morte\u201d, due inviti per entrate nello spirito della rassegna","datePublished":"2019-10-23T12:47:02+00:00","mainEntityOfPage":{"@id":"https:\/\/www.bellunopress.it\/2019\/10\/23\/passi-e-trapassi-in-attesa-dellavvio-ufficiale-della-vii-edizione-dedicata-a-la-parola-e-la-morte-due-inviti-per-entrate-nello-spirito-della-rassegna\/"},"wordCount":322,"publisher":{"@id":"https:\/\/www.bellunopress.it\/#organization"},"image":{"@id":"https:\/\/www.bellunopress.it\/2019\/10\/23\/passi-e-trapassi-in-attesa-dellavvio-ufficiale-della-vii-edizione-dedicata-a-la-parola-e-la-morte-due-inviti-per-entrate-nello-spirito-della-rassegna\/#primaryimage"},"thumbnailUrl":"http:\/\/www.bellunopress.it\/wp-content\/uploads\/2015\/10\/passi-trapassi.jpg","articleSection":["Appuntamenti, Eventi","Arte, Cultura, Spettacoli, Scienza","Prima Pagina"],"inLanguage":"fr-FR"},{"@type":"WebPage","@id":"https:\/\/www.bellunopress.it\/2019\/10\/23\/passi-e-trapassi-in-attesa-dellavvio-ufficiale-della-vii-edizione-dedicata-a-la-parola-e-la-morte-due-inviti-per-entrate-nello-spirito-della-rassegna\/","url":"https:\/\/www.bellunopress.it\/2019\/10\/23\/passi-e-trapassi-in-attesa-dellavvio-ufficiale-della-vii-edizione-dedicata-a-la-parola-e-la-morte-due-inviti-per-entrate-nello-spirito-della-rassegna\/","name":"\u201cPassi e Trapassi\u201d. In attesa dell\u2019avvio ufficiale della VII edizione, dedicata a \u201cLa parola e la morte\u201d, due inviti per entrate nello spirito della rassegna - Bellunopress - Dolomiti","isPartOf":{"@id":"https:\/\/www.bellunopress.it\/#website"},"primaryImageOfPage":{"@id":"https:\/\/www.bellunopress.it\/2019\/10\/23\/passi-e-trapassi-in-attesa-dellavvio-ufficiale-della-vii-edizione-dedicata-a-la-parola-e-la-morte-due-inviti-per-entrate-nello-spirito-della-rassegna\/#primaryimage"},"image":{"@id":"https:\/\/www.bellunopress.it\/2019\/10\/23\/passi-e-trapassi-in-attesa-dellavvio-ufficiale-della-vii-edizione-dedicata-a-la-parola-e-la-morte-due-inviti-per-entrate-nello-spirito-della-rassegna\/#primaryimage"},"thumbnailUrl":"http:\/\/www.bellunopress.it\/wp-content\/uploads\/2015\/10\/passi-trapassi.jpg","datePublished":"2019-10-23T12:47:02+00:00","breadcrumb":{"@id":"https:\/\/www.bellunopress.it\/2019\/10\/23\/passi-e-trapassi-in-attesa-dellavvio-ufficiale-della-vii-edizione-dedicata-a-la-parola-e-la-morte-due-inviti-per-entrate-nello-spirito-della-rassegna\/#breadcrumb"},"inLanguage":"fr-FR","potentialAction":[{"@type":"ReadAction","target":["https:\/\/www.bellunopress.it\/2019\/10\/23\/passi-e-trapassi-in-attesa-dellavvio-ufficiale-della-vii-edizione-dedicata-a-la-parola-e-la-morte-due-inviti-per-entrate-nello-spirito-della-rassegna\/"]}]},{"@type":"ImageObject","inLanguage":"fr-FR","@id":"https:\/\/www.bellunopress.it\/2019\/10\/23\/passi-e-trapassi-in-attesa-dellavvio-ufficiale-della-vii-edizione-dedicata-a-la-parola-e-la-morte-due-inviti-per-entrate-nello-spirito-della-rassegna\/#primaryimage","url":"http:\/\/www.bellunopress.it\/wp-content\/uploads\/2015\/10\/passi-trapassi.jpg","contentUrl":"http:\/\/www.bellunopress.it\/wp-content\/uploads\/2015\/10\/passi-trapassi.jpg"},{"@type":"BreadcrumbList","@id":"https:\/\/www.bellunopress.it\/2019\/10\/23\/passi-e-trapassi-in-attesa-dellavvio-ufficiale-della-vii-edizione-dedicata-a-la-parola-e-la-morte-due-inviti-per-entrate-nello-spirito-della-rassegna\/#breadcrumb","itemListElement":[{"@type":"ListItem","position":1,"name":"Home","item":"https:\/\/www.bellunopress.it\/"},{"@type":"ListItem","position":2,"name":"\u201cPassi e Trapassi\u201d. In attesa dell\u2019avvio ufficiale della VII edizione, dedicata a \u201cLa parola e la morte\u201d, due inviti per entrate nello spirito della rassegna"}]},{"@type":"WebSite","@id":"https:\/\/www.bellunopress.it\/#website","url":"https:\/\/www.bellunopress.it\/","name":"Bellunopress - Dolomiti","description":"e-mail: redazione@bellunopress.it","publisher":{"@id":"https:\/\/www.bellunopress.it\/#organization"},"potentialAction":[{"@type":"SearchAction","target":{"@type":"EntryPoint","urlTemplate":"https:\/\/www.bellunopress.it\/?s={search_term_string}"},"query-input":{"@type":"PropertyValueSpecification","valueRequired":true,"valueName":"search_term_string"}}],"inLanguage":"fr-FR"},{"@type":"Organization","@id":"https:\/\/www.bellunopress.it\/#organization","name":"Bellunopress","url":"https:\/\/www.bellunopress.it\/","logo":{"@type":"ImageObject","inLanguage":"fr-FR","@id":"https:\/\/www.bellunopress.it\/#\/schema\/logo\/image\/","url":"https:\/\/www.bellunopress.it\/wp-content\/uploads\/2011\/05\/cropped-logo-bellunopress-.jpg","contentUrl":"https:\/\/www.bellunopress.it\/wp-content\/uploads\/2011\/05\/cropped-logo-bellunopress-.jpg","width":512,"height":512,"caption":"Bellunopress"},"image":{"@id":"https:\/\/www.bellunopress.it\/#\/schema\/logo\/image\/"},"sameAs":["https:\/\/www.facebook.com\/profile.php?id=100008943462799","https:\/\/x.com\/bellunopress","https:\/\/www.linkedin.com\/hp\/?dnr=JBzUWaJfMUw8vbXJJ2tVW5-I3jZKvC4wsoxE&amp;amp;amp;amp;amp;amp;trk=nav_responsive_tab_home","https:\/\/www.youtube.com\/channel\/UCxL0wu1uN0_3_7hGG0306cw"]},{"@type":"Person","@id":"https:\/\/www.bellunopress.it\/#\/schema\/person\/79bb06722b37ece1c03d3e94beb30d73","name":"r\u00e9daction","image":{"@type":"ImageObject","inLanguage":"fr-FR","@id":"https:\/\/secure.gravatar.com\/avatar\/37d968a2e67a6fd04c169c4bdef102d0bc5d31b2546345219e348575eb80e9a0?s=96&d=mm&r=g","url":"https:\/\/secure.gravatar.com\/avatar\/37d968a2e67a6fd04c169c4bdef102d0bc5d31b2546345219e348575eb80e9a0?s=96&d=mm&r=g","contentUrl":"https:\/\/secure.gravatar.com\/avatar\/37d968a2e67a6fd04c169c4bdef102d0bc5d31b2546345219e348575eb80e9a0?s=96&d=mm&r=g","caption":"redazione"},"sameAs":["http:\/\/www.bellunopress.it","https:\/\/x.com\/bellunopress"],"url":"https:\/\/www.bellunopress.it\/fr\/author\/redazione\/"}]}},"_links":{"self":[{"href":"https:\/\/www.bellunopress.it\/fr\/wp-json\/wp\/v2\/posts\/108999","targetHints":{"allow":["GET"]}}],"collection":[{"href":"https:\/\/www.bellunopress.it\/fr\/wp-json\/wp\/v2\/posts"}],"about":[{"href":"https:\/\/www.bellunopress.it\/fr\/wp-json\/wp\/v2\/types\/post"}],"author":[{"embeddable":true,"href":"https:\/\/www.bellunopress.it\/fr\/wp-json\/wp\/v2\/users\/2"}],"replies":[{"embeddable":true,"href":"https:\/\/www.bellunopress.it\/fr\/wp-json\/wp\/v2\/comments?post=108999"}],"version-history":[{"count":1,"href":"https:\/\/www.bellunopress.it\/fr\/wp-json\/wp\/v2\/posts\/108999\/revisions"}],"predecessor-version":[{"id":109000,"href":"https:\/\/www.bellunopress.it\/fr\/wp-json\/wp\/v2\/posts\/108999\/revisions\/109000"}],"wp:attachment":[{"href":"https:\/\/www.bellunopress.it\/fr\/wp-json\/wp\/v2\/media?parent=108999"}],"wp:term":[{"taxonomy":"category","embeddable":true,"href":"https:\/\/www.bellunopress.it\/fr\/wp-json\/wp\/v2\/categories?post=108999"},{"taxonomy":"post_tag","embeddable":true,"href":"https:\/\/www.bellunopress.it\/fr\/wp-json\/wp\/v2\/tags?post=108999"}],"curies":[{"name":"wp","href":"https:\/\/api.w.org\/{rel}","templated":true}]}}