{"id":108981,"date":"2019-10-22T20:51:47","date_gmt":"2019-10-22T18:51:47","guid":{"rendered":"http:\/\/www.bellunopress.it\/?p=108981"},"modified":"2019-10-22T20:51:47","modified_gmt":"2019-10-22T18:51:47","slug":"autonomia-incontro-a-roma-per-la-ripresa-del-negoziato-sullautonomia-differenziata","status":"publish","type":"post","link":"https:\/\/www.bellunopress.it\/fr\/2019\/10\/22\/autonomia-incontro-a-roma-per-la-ripresa-del-negoziato-sullautonomia-differenziata\/","title":{"rendered":"Autonomia. Incontro a Roma per la ripresa del negoziato sull&#8217;autonomia differenziata"},"content":{"rendered":"<p><a href=\"http:\/\/www.bellunopress.it\/fr\/2010\/11\/26\/sono-328-i-comuni-veneti-coinvolti-nell%e2%80%99alluvione-41-quelli-in-provincia-di-belluno\/regione-veneto\/\" rel=\"attachment wp-att-21561\"><img decoding=\"async\" class=\"alignleft size-full wp-image-21561\" src=\"http:\/\/www.bellunopress.it\/wp-content\/uploads\/2010\/11\/regione-veneto.bmp\" alt=\"\" \/><\/a>Venezia, 22 ottobre 2019\u00a0 \u00a0Questa mattina si \u00e8 tenuto l\u2019incontro al Dipartimento degli Affari Regionali, a Roma, per la ripresa del negoziato sull\u2019autonomia differenziata del Veneto, ex art. 116, III comma della Costituzione, alla presenza del capo dipartimento dott.ssa Elisa Grande, del Consigliere del Ministro,\u00a0Antonio Ilacqua, e del Capo di Gabinetto, Francesco Rana.<\/p>\n<p>Lo comunica la delegazione trattante della Regione del Veneto nel negoziato per il riconoscimento dell\u2019autonomia differenziata ex art. 116, terzo comma, della Costituzione.<\/p>\n<p>L\u2019approccio \u00e8 stato collaborativo e improntato a pragmaticit\u00e0 e operativit\u00e0. Si \u00e8 condiviso di partire con una analisi comparata dei due testi della intesa (testo del Veneto del 23 settembre e testo ministeriale del 7 ottobre), allo scopo di evidenziare, innanzitutto, le parti sulle quali esiste una prima condivisione di contenuti.<\/p>\n<p>Si \u00e8, quindi, concordato il metodo di lavoro e programmato un prossimo incontro per mercoled\u00ec 30 ottobre, al fine di proseguire con l\u2019esame delle richieste regionali.<\/p>\n<p>Il confronto sui contenuti della bozza della Regione del Veneto si svolger\u00e0 in parallelo alla predisposizione del disegno di legge \u201cquadro\u201d che, \u00e8 stato confermato, il Ministro vuole portare all\u2019approvazione del Parlamento entro fine anno.<\/p>\n<p>In riferimento al testo del disegno di legge \u201cquadro\u201d \u00e8 stato garantito il coinvolgimento della Regione del Veneto, cos\u00ec come delle altre due Regioni che hanno gi\u00e0 avviato il percorso per il riconoscimento dell\u2019autonomia differenziata, prima del passaggio in Conferenza Stato-Regioni.<\/p>","protected":false},"excerpt":{"rendered":"<p>Venezia, 22 ottobre 2019\u00a0 \u00a0Questa mattina si \u00e8 tenuto l\u2019incontro al Dipartimento degli Affari Regionali, a Roma, per la ripresa del negoziato sull\u2019autonomia differenziata del Veneto, ex art. 116, III comma della Costituzione, alla presenza del capo dipartimento dott.ssa Elisa Grande, del Consigliere del Ministro,\u00a0Antonio Ilacqua, e del Capo di Gabinetto, Francesco Rana. Lo comunica [&hellip;]<\/p>\n","protected":false},"author":2,"featured_media":0,"comment_status":"closed","ping_status":"open","sticky":false,"template":"","format":"standard","meta":{"footnotes":""},"categories":[5,26],"tags":[],"class_list":["post-108981","post","type-post","status-publish","format-standard","category-cronaca","category-prima-pagina"],"yoast_head":"<!-- This site is optimized with the Yoast SEO plugin v28.4 - https:\/\/yoast.com\/product\/yoast-seo-wordpress\/ -->\n<title>Autonomia. Incontro a Roma per la ripresa del negoziato sull&#039;autonomia differenziata - Bellunopress - Dolomiti<\/title>\n<meta name=\"robots\" content=\"index, follow, max-snippet:-1, max-image-preview:large, max-video-preview:-1\" \/>\n<link rel=\"canonical\" href=\"https:\/\/www.bellunopress.it\/fr\/2019\/10\/22\/autonomia-incontro-a-roma-per-la-ripresa-del-negoziato-sullautonomia-differenziata\/\" \/>\n<meta property=\"og:locale\" content=\"fr_FR\" \/>\n<meta property=\"og:type\" content=\"article\" \/>\n<meta property=\"og:title\" content=\"Autonomia. Incontro a Roma per la ripresa del negoziato sull&#039;autonomia differenziata - Bellunopress - Dolomiti\" \/>\n<meta property=\"og:description\" content=\"Venezia, 22 ottobre 2019\u00a0 \u00a0Questa mattina si \u00e8 tenuto l\u2019incontro al Dipartimento degli Affari Regionali, a Roma, per la ripresa del negoziato sull\u2019autonomia differenziata del Veneto, ex art. 116, III comma della Costituzione, alla presenza del capo dipartimento dott.ssa Elisa Grande, del Consigliere del Ministro,\u00a0Antonio Ilacqua, e del Capo di Gabinetto, Francesco Rana. Lo comunica [&hellip;]\" \/>\n<meta property=\"og:url\" content=\"https:\/\/www.bellunopress.it\/fr\/2019\/10\/22\/autonomia-incontro-a-roma-per-la-ripresa-del-negoziato-sullautonomia-differenziata\/\" \/>\n<meta property=\"og:site_name\" content=\"Bellunopress - Dolomiti\" \/>\n<meta property=\"article:publisher\" content=\"https:\/\/www.facebook.com\/profile.php?id=100008943462799\" \/>\n<meta property=\"article:published_time\" content=\"2019-10-22T18:51:47+00:00\" \/>\n<meta property=\"og:image\" content=\"http:\/\/www.bellunopress.it\/wp-content\/uploads\/2010\/11\/regione-veneto.bmp\" \/>\n<meta name=\"author\" content=\"redazione\" \/>\n<meta name=\"twitter:card\" content=\"summary_large_image\" \/>\n<meta name=\"twitter:creator\" content=\"@bellunopress\" \/>\n<meta name=\"twitter:site\" content=\"@bellunopress\" \/>\n<meta name=\"twitter:label1\" content=\"\u00c9crit par\" \/>\n\t<meta name=\"twitter:data1\" content=\"redazione\" \/>\n\t<meta name=\"twitter:label2\" content=\"Dur\u00e9e de lecture estim\u00e9e\" \/>\n\t<meta name=\"twitter:data2\" content=\"1 minute\" \/>\n<script type=\"application\/ld+json\" class=\"yoast-schema-graph\">{\"@context\":\"https:\\\/\\\/schema.org\",\"@graph\":[{\"@type\":\"Article\",\"@id\":\"https:\\\/\\\/www.bellunopress.it\\\/2019\\\/10\\\/22\\\/autonomia-incontro-a-roma-per-la-ripresa-del-negoziato-sullautonomia-differenziata\\\/#article\",\"isPartOf\":{\"@id\":\"https:\\\/\\\/www.bellunopress.it\\\/2019\\\/10\\\/22\\\/autonomia-incontro-a-roma-per-la-ripresa-del-negoziato-sullautonomia-differenziata\\\/\"},\"author\":{\"name\":\"redazione\",\"@id\":\"https:\\\/\\\/www.bellunopress.it\\\/#\\\/schema\\\/person\\\/79bb06722b37ece1c03d3e94beb30d73\"},\"headline\":\"Autonomia. Incontro a Roma per la ripresa del negoziato sull&#8217;autonomia differenziata\",\"datePublished\":\"2019-10-22T18:51:47+00:00\",\"mainEntityOfPage\":{\"@id\":\"https:\\\/\\\/www.bellunopress.it\\\/2019\\\/10\\\/22\\\/autonomia-incontro-a-roma-per-la-ripresa-del-negoziato-sullautonomia-differenziata\\\/\"},\"wordCount\":237,\"publisher\":{\"@id\":\"https:\\\/\\\/www.bellunopress.it\\\/#organization\"},\"image\":{\"@id\":\"https:\\\/\\\/www.bellunopress.it\\\/2019\\\/10\\\/22\\\/autonomia-incontro-a-roma-per-la-ripresa-del-negoziato-sullautonomia-differenziata\\\/#primaryimage\"},\"thumbnailUrl\":\"http:\\\/\\\/www.bellunopress.it\\\/wp-content\\\/uploads\\\/2010\\\/11\\\/regione-veneto.bmp\",\"articleSection\":[\"Cronaca\\\/Politica\",\"Prima Pagina\"],\"inLanguage\":\"fr-FR\"},{\"@type\":\"WebPage\",\"@id\":\"https:\\\/\\\/www.bellunopress.it\\\/2019\\\/10\\\/22\\\/autonomia-incontro-a-roma-per-la-ripresa-del-negoziato-sullautonomia-differenziata\\\/\",\"url\":\"https:\\\/\\\/www.bellunopress.it\\\/2019\\\/10\\\/22\\\/autonomia-incontro-a-roma-per-la-ripresa-del-negoziato-sullautonomia-differenziata\\\/\",\"name\":\"Autonomia. Incontro a Roma per la ripresa del negoziato sull'autonomia differenziata - Bellunopress - Dolomiti\",\"isPartOf\":{\"@id\":\"https:\\\/\\\/www.bellunopress.it\\\/#website\"},\"primaryImageOfPage\":{\"@id\":\"https:\\\/\\\/www.bellunopress.it\\\/2019\\\/10\\\/22\\\/autonomia-incontro-a-roma-per-la-ripresa-del-negoziato-sullautonomia-differenziata\\\/#primaryimage\"},\"image\":{\"@id\":\"https:\\\/\\\/www.bellunopress.it\\\/2019\\\/10\\\/22\\\/autonomia-incontro-a-roma-per-la-ripresa-del-negoziato-sullautonomia-differenziata\\\/#primaryimage\"},\"thumbnailUrl\":\"http:\\\/\\\/www.bellunopress.it\\\/wp-content\\\/uploads\\\/2010\\\/11\\\/regione-veneto.bmp\",\"datePublished\":\"2019-10-22T18:51:47+00:00\",\"breadcrumb\":{\"@id\":\"https:\\\/\\\/www.bellunopress.it\\\/2019\\\/10\\\/22\\\/autonomia-incontro-a-roma-per-la-ripresa-del-negoziato-sullautonomia-differenziata\\\/#breadcrumb\"},\"inLanguage\":\"fr-FR\",\"potentialAction\":[{\"@type\":\"ReadAction\",\"target\":[\"https:\\\/\\\/www.bellunopress.it\\\/2019\\\/10\\\/22\\\/autonomia-incontro-a-roma-per-la-ripresa-del-negoziato-sullautonomia-differenziata\\\/\"]}]},{\"@type\":\"ImageObject\",\"inLanguage\":\"fr-FR\",\"@id\":\"https:\\\/\\\/www.bellunopress.it\\\/2019\\\/10\\\/22\\\/autonomia-incontro-a-roma-per-la-ripresa-del-negoziato-sullautonomia-differenziata\\\/#primaryimage\",\"url\":\"http:\\\/\\\/www.bellunopress.it\\\/wp-content\\\/uploads\\\/2010\\\/11\\\/regione-veneto.bmp\",\"contentUrl\":\"http:\\\/\\\/www.bellunopress.it\\\/wp-content\\\/uploads\\\/2010\\\/11\\\/regione-veneto.bmp\"},{\"@type\":\"BreadcrumbList\",\"@id\":\"https:\\\/\\\/www.bellunopress.it\\\/2019\\\/10\\\/22\\\/autonomia-incontro-a-roma-per-la-ripresa-del-negoziato-sullautonomia-differenziata\\\/#breadcrumb\",\"itemListElement\":[{\"@type\":\"ListItem\",\"position\":1,\"name\":\"Home\",\"item\":\"https:\\\/\\\/www.bellunopress.it\\\/\"},{\"@type\":\"ListItem\",\"position\":2,\"name\":\"Autonomia. Incontro a Roma per la ripresa del negoziato sull&#8217;autonomia differenziata\"}]},{\"@type\":\"WebSite\",\"@id\":\"https:\\\/\\\/www.bellunopress.it\\\/#website\",\"url\":\"https:\\\/\\\/www.bellunopress.it\\\/\",\"name\":\"Bellunopress - Dolomiti\",\"description\":\"e-mail: redazione@bellunopress.it\",\"publisher\":{\"@id\":\"https:\\\/\\\/www.bellunopress.it\\\/#organization\"},\"potentialAction\":[{\"@type\":\"SearchAction\",\"target\":{\"@type\":\"EntryPoint\",\"urlTemplate\":\"https:\\\/\\\/www.bellunopress.it\\\/?s={search_term_string}\"},\"query-input\":{\"@type\":\"PropertyValueSpecification\",\"valueRequired\":true,\"valueName\":\"search_term_string\"}}],\"inLanguage\":\"fr-FR\"},{\"@type\":\"Organization\",\"@id\":\"https:\\\/\\\/www.bellunopress.it\\\/#organization\",\"name\":\"Bellunopress\",\"url\":\"https:\\\/\\\/www.bellunopress.it\\\/\",\"logo\":{\"@type\":\"ImageObject\",\"inLanguage\":\"fr-FR\",\"@id\":\"https:\\\/\\\/www.bellunopress.it\\\/#\\\/schema\\\/logo\\\/image\\\/\",\"url\":\"https:\\\/\\\/www.bellunopress.it\\\/wp-content\\\/uploads\\\/2011\\\/05\\\/cropped-logo-bellunopress-.jpg\",\"contentUrl\":\"https:\\\/\\\/www.bellunopress.it\\\/wp-content\\\/uploads\\\/2011\\\/05\\\/cropped-logo-bellunopress-.jpg\",\"width\":512,\"height\":512,\"caption\":\"Bellunopress\"},\"image\":{\"@id\":\"https:\\\/\\\/www.bellunopress.it\\\/#\\\/schema\\\/logo\\\/image\\\/\"},\"sameAs\":[\"https:\\\/\\\/www.facebook.com\\\/profile.php?id=100008943462799\",\"https:\\\/\\\/x.com\\\/bellunopress\",\"https:\\\/\\\/www.linkedin.com\\\/hp\\\/?dnr=JBzUWaJfMUw8vbXJJ2tVW5-I3jZKvC4wsoxE&amp;amp;amp;amp;amp;amp;trk=nav_responsive_tab_home\",\"https:\\\/\\\/www.youtube.com\\\/channel\\\/UCxL0wu1uN0_3_7hGG0306cw\"]},{\"@type\":\"Person\",\"@id\":\"https:\\\/\\\/www.bellunopress.it\\\/#\\\/schema\\\/person\\\/79bb06722b37ece1c03d3e94beb30d73\",\"name\":\"redazione\",\"image\":{\"@type\":\"ImageObject\",\"inLanguage\":\"fr-FR\",\"@id\":\"https:\\\/\\\/secure.gravatar.com\\\/avatar\\\/37d968a2e67a6fd04c169c4bdef102d0bc5d31b2546345219e348575eb80e9a0?s=96&d=mm&r=g\",\"url\":\"https:\\\/\\\/secure.gravatar.com\\\/avatar\\\/37d968a2e67a6fd04c169c4bdef102d0bc5d31b2546345219e348575eb80e9a0?s=96&d=mm&r=g\",\"contentUrl\":\"https:\\\/\\\/secure.gravatar.com\\\/avatar\\\/37d968a2e67a6fd04c169c4bdef102d0bc5d31b2546345219e348575eb80e9a0?s=96&d=mm&r=g\",\"caption\":\"redazione\"},\"sameAs\":[\"http:\\\/\\\/www.bellunopress.it\",\"https:\\\/\\\/x.com\\\/bellunopress\"],\"url\":\"https:\\\/\\\/www.bellunopress.it\\\/fr\\\/author\\\/redazione\\\/\"}]}<\/script>\n<!-- \/ Yoast SEO plugin. -->","yoast_head_json":{"title":"Autonomia. Incontro a Roma per la ripresa del negoziato sull'autonomia differenziata - Bellunopress - Dolomiti","robots":{"index":"index","follow":"follow","max-snippet":"max-snippet:-1","max-image-preview":"max-image-preview:large","max-video-preview":"max-video-preview:-1"},"canonical":"https:\/\/www.bellunopress.it\/fr\/2019\/10\/22\/autonomia-incontro-a-roma-per-la-ripresa-del-negoziato-sullautonomia-differenziata\/","og_locale":"fr_FR","og_type":"article","og_title":"Autonomia. Incontro a Roma per la ripresa del negoziato sull'autonomia differenziata - Bellunopress - Dolomiti","og_description":"Venezia, 22 ottobre 2019\u00a0 \u00a0Questa mattina si \u00e8 tenuto l\u2019incontro al Dipartimento degli Affari Regionali, a Roma, per la ripresa del negoziato sull\u2019autonomia differenziata del Veneto, ex art. 116, III comma della Costituzione, alla presenza del capo dipartimento dott.ssa Elisa Grande, del Consigliere del Ministro,\u00a0Antonio Ilacqua, e del Capo di Gabinetto, Francesco Rana. Lo comunica [&hellip;]","og_url":"https:\/\/www.bellunopress.it\/fr\/2019\/10\/22\/autonomia-incontro-a-roma-per-la-ripresa-del-negoziato-sullautonomia-differenziata\/","og_site_name":"Bellunopress - Dolomiti","article_publisher":"https:\/\/www.facebook.com\/profile.php?id=100008943462799","article_published_time":"2019-10-22T18:51:47+00:00","og_image":[{"url":"http:\/\/www.bellunopress.it\/wp-content\/uploads\/2010\/11\/regione-veneto.bmp","type":"","width":"","height":""}],"author":"redazione","twitter_card":"summary_large_image","twitter_creator":"@bellunopress","twitter_site":"@bellunopress","twitter_misc":{"\u00c9crit par":"redazione","Dur\u00e9e de lecture estim\u00e9e":"1 minute"},"schema":{"@context":"https:\/\/schema.org","@graph":[{"@type":"Article","@id":"https:\/\/www.bellunopress.it\/2019\/10\/22\/autonomia-incontro-a-roma-per-la-ripresa-del-negoziato-sullautonomia-differenziata\/#article","isPartOf":{"@id":"https:\/\/www.bellunopress.it\/2019\/10\/22\/autonomia-incontro-a-roma-per-la-ripresa-del-negoziato-sullautonomia-differenziata\/"},"author":{"name":"redazione","@id":"https:\/\/www.bellunopress.it\/#\/schema\/person\/79bb06722b37ece1c03d3e94beb30d73"},"headline":"Autonomia. Incontro a Roma per la ripresa del negoziato sull&#8217;autonomia differenziata","datePublished":"2019-10-22T18:51:47+00:00","mainEntityOfPage":{"@id":"https:\/\/www.bellunopress.it\/2019\/10\/22\/autonomia-incontro-a-roma-per-la-ripresa-del-negoziato-sullautonomia-differenziata\/"},"wordCount":237,"publisher":{"@id":"https:\/\/www.bellunopress.it\/#organization"},"image":{"@id":"https:\/\/www.bellunopress.it\/2019\/10\/22\/autonomia-incontro-a-roma-per-la-ripresa-del-negoziato-sullautonomia-differenziata\/#primaryimage"},"thumbnailUrl":"http:\/\/www.bellunopress.it\/wp-content\/uploads\/2010\/11\/regione-veneto.bmp","articleSection":["Cronaca\/Politica","Prima Pagina"],"inLanguage":"fr-FR"},{"@type":"WebPage","@id":"https:\/\/www.bellunopress.it\/2019\/10\/22\/autonomia-incontro-a-roma-per-la-ripresa-del-negoziato-sullautonomia-differenziata\/","url":"https:\/\/www.bellunopress.it\/2019\/10\/22\/autonomia-incontro-a-roma-per-la-ripresa-del-negoziato-sullautonomia-differenziata\/","name":"Autonomia. Incontro a Roma per la ripresa del negoziato sull'autonomia differenziata - Bellunopress - Dolomiti","isPartOf":{"@id":"https:\/\/www.bellunopress.it\/#website"},"primaryImageOfPage":{"@id":"https:\/\/www.bellunopress.it\/2019\/10\/22\/autonomia-incontro-a-roma-per-la-ripresa-del-negoziato-sullautonomia-differenziata\/#primaryimage"},"image":{"@id":"https:\/\/www.bellunopress.it\/2019\/10\/22\/autonomia-incontro-a-roma-per-la-ripresa-del-negoziato-sullautonomia-differenziata\/#primaryimage"},"thumbnailUrl":"http:\/\/www.bellunopress.it\/wp-content\/uploads\/2010\/11\/regione-veneto.bmp","datePublished":"2019-10-22T18:51:47+00:00","breadcrumb":{"@id":"https:\/\/www.bellunopress.it\/2019\/10\/22\/autonomia-incontro-a-roma-per-la-ripresa-del-negoziato-sullautonomia-differenziata\/#breadcrumb"},"inLanguage":"fr-FR","potentialAction":[{"@type":"ReadAction","target":["https:\/\/www.bellunopress.it\/2019\/10\/22\/autonomia-incontro-a-roma-per-la-ripresa-del-negoziato-sullautonomia-differenziata\/"]}]},{"@type":"ImageObject","inLanguage":"fr-FR","@id":"https:\/\/www.bellunopress.it\/2019\/10\/22\/autonomia-incontro-a-roma-per-la-ripresa-del-negoziato-sullautonomia-differenziata\/#primaryimage","url":"http:\/\/www.bellunopress.it\/wp-content\/uploads\/2010\/11\/regione-veneto.bmp","contentUrl":"http:\/\/www.bellunopress.it\/wp-content\/uploads\/2010\/11\/regione-veneto.bmp"},{"@type":"BreadcrumbList","@id":"https:\/\/www.bellunopress.it\/2019\/10\/22\/autonomia-incontro-a-roma-per-la-ripresa-del-negoziato-sullautonomia-differenziata\/#breadcrumb","itemListElement":[{"@type":"ListItem","position":1,"name":"Home","item":"https:\/\/www.bellunopress.it\/"},{"@type":"ListItem","position":2,"name":"Autonomia. Incontro a Roma per la ripresa del negoziato sull&#8217;autonomia differenziata"}]},{"@type":"WebSite","@id":"https:\/\/www.bellunopress.it\/#website","url":"https:\/\/www.bellunopress.it\/","name":"Bellunopress - Dolomiti","description":"e-mail: redazione@bellunopress.it","publisher":{"@id":"https:\/\/www.bellunopress.it\/#organization"},"potentialAction":[{"@type":"SearchAction","target":{"@type":"EntryPoint","urlTemplate":"https:\/\/www.bellunopress.it\/?s={search_term_string}"},"query-input":{"@type":"PropertyValueSpecification","valueRequired":true,"valueName":"search_term_string"}}],"inLanguage":"fr-FR"},{"@type":"Organization","@id":"https:\/\/www.bellunopress.it\/#organization","name":"Bellunopress","url":"https:\/\/www.bellunopress.it\/","logo":{"@type":"ImageObject","inLanguage":"fr-FR","@id":"https:\/\/www.bellunopress.it\/#\/schema\/logo\/image\/","url":"https:\/\/www.bellunopress.it\/wp-content\/uploads\/2011\/05\/cropped-logo-bellunopress-.jpg","contentUrl":"https:\/\/www.bellunopress.it\/wp-content\/uploads\/2011\/05\/cropped-logo-bellunopress-.jpg","width":512,"height":512,"caption":"Bellunopress"},"image":{"@id":"https:\/\/www.bellunopress.it\/#\/schema\/logo\/image\/"},"sameAs":["https:\/\/www.facebook.com\/profile.php?id=100008943462799","https:\/\/x.com\/bellunopress","https:\/\/www.linkedin.com\/hp\/?dnr=JBzUWaJfMUw8vbXJJ2tVW5-I3jZKvC4wsoxE&amp;amp;amp;amp;amp;amp;trk=nav_responsive_tab_home","https:\/\/www.youtube.com\/channel\/UCxL0wu1uN0_3_7hGG0306cw"]},{"@type":"Person","@id":"https:\/\/www.bellunopress.it\/#\/schema\/person\/79bb06722b37ece1c03d3e94beb30d73","name":"r\u00e9daction","image":{"@type":"ImageObject","inLanguage":"fr-FR","@id":"https:\/\/secure.gravatar.com\/avatar\/37d968a2e67a6fd04c169c4bdef102d0bc5d31b2546345219e348575eb80e9a0?s=96&d=mm&r=g","url":"https:\/\/secure.gravatar.com\/avatar\/37d968a2e67a6fd04c169c4bdef102d0bc5d31b2546345219e348575eb80e9a0?s=96&d=mm&r=g","contentUrl":"https:\/\/secure.gravatar.com\/avatar\/37d968a2e67a6fd04c169c4bdef102d0bc5d31b2546345219e348575eb80e9a0?s=96&d=mm&r=g","caption":"redazione"},"sameAs":["http:\/\/www.bellunopress.it","https:\/\/x.com\/bellunopress"],"url":"https:\/\/www.bellunopress.it\/fr\/author\/redazione\/"}]}},"_links":{"self":[{"href":"https:\/\/www.bellunopress.it\/fr\/wp-json\/wp\/v2\/posts\/108981","targetHints":{"allow":["GET"]}}],"collection":[{"href":"https:\/\/www.bellunopress.it\/fr\/wp-json\/wp\/v2\/posts"}],"about":[{"href":"https:\/\/www.bellunopress.it\/fr\/wp-json\/wp\/v2\/types\/post"}],"author":[{"embeddable":true,"href":"https:\/\/www.bellunopress.it\/fr\/wp-json\/wp\/v2\/users\/2"}],"replies":[{"embeddable":true,"href":"https:\/\/www.bellunopress.it\/fr\/wp-json\/wp\/v2\/comments?post=108981"}],"version-history":[{"count":1,"href":"https:\/\/www.bellunopress.it\/fr\/wp-json\/wp\/v2\/posts\/108981\/revisions"}],"predecessor-version":[{"id":108982,"href":"https:\/\/www.bellunopress.it\/fr\/wp-json\/wp\/v2\/posts\/108981\/revisions\/108982"}],"wp:attachment":[{"href":"https:\/\/www.bellunopress.it\/fr\/wp-json\/wp\/v2\/media?parent=108981"}],"wp:term":[{"taxonomy":"category","embeddable":true,"href":"https:\/\/www.bellunopress.it\/fr\/wp-json\/wp\/v2\/categories?post=108981"},{"taxonomy":"post_tag","embeddable":true,"href":"https:\/\/www.bellunopress.it\/fr\/wp-json\/wp\/v2\/tags?post=108981"}],"curies":[{"name":"wp","href":"https:\/\/api.w.org\/{rel}","templated":true}]}}