{"id":108972,"date":"2019-10-22T20:13:14","date_gmt":"2019-10-22T18:13:14","guid":{"rendered":"http:\/\/www.bellunopress.it\/?p=108972"},"modified":"2019-10-22T20:13:14","modified_gmt":"2019-10-22T18:13:14","slug":"crisi-acc-wambao-lettera-del-presidente-della-provincia-padrin","status":"publish","type":"post","link":"https:\/\/www.bellunopress.it\/fr\/2019\/10\/22\/crisi-acc-wambao-lettera-del-presidente-della-provincia-padrin\/","title":{"rendered":"Crisi Acc Wambao. Lettera del presidente della Provincia Padrin"},"content":{"rendered":"<figure id=\"attachment_43231\" aria-describedby=\"caption-attachment-43231\" style=\"width: 201px\" class=\"wp-caption alignleft\"><a href=\"http:\/\/www.bellunopress.it\/fr\/2012\/10\/20\/longarone-cittadinanza-onoraria-al-corpo-forestale-dello-stato\/roberto-padrin-2\/\" rel=\"attachment wp-att-43231\"><img loading=\"lazy\" decoding=\"async\" class=\"size-full wp-image-43231\" src=\"http:\/\/www.bellunopress.it\/wp-content\/uploads\/2012\/10\/roberto-padrin-2.jpg\" alt=\"\" width=\"201\" height=\"237\" \/><\/a><figcaption id=\"caption-attachment-43231\" class=\"wp-caption-text\">Roberto Padrin, sindaco di Longarone e presidente della Provincia<\/figcaption><\/figure>\n<p>Belluno, 22 ottobre 2019\u00a0 &#8211;\u00a0 Roberto Padrin, in qualit\u00e0 di presidente della Provincia, ha appena inviato al ministro dello sviluppo economico Stefano Patuanelli, al ministro per i rapporti col Parlamento Federico D&#8217;Inc\u00e0, ai parlamentari bellunesi Luca De Carlo, Dario Bond, Paolo Saviane, Mirco Badole, al prefetto di Belluno Francesco Esposito, all&#8217;assessore regionale Gianpaolo Bottacin, al consigliere regionale Franco Gidoni, al sindaco di Borgo Valbelluna Stefano Cesa, alla propriet\u00e0 dello stabilimento Acc Wambao, alle Organizzazioni sindacali Cgil-Cisl-Uil e alle Rsu aziendali, la lettera che segue, con oggetto:\u00a0 tavolo tecnico Crisi aziendale ACC Wanbao di Borgo Valbelluna.<\/p>\n<p>&#8220;La crisi che da anni ha colpito l\u2019azienda ACC ora propriet\u00e0 di Wanbao e che sembra non trovare soluzione, \u00e8 fonte di grande preoccupazione per questa Amministrazione provinciale in quanto, ancora una volta, viene colpito un territorio che ha dovuto affrontare importanti e continui momenti di difficolt\u00e0: dalla crisi economica del 2008 che ha creato seri problemi a molte aziende bellunesi, alla grave distruzione del territorio dovuta al passaggio della tempesta Vaia.<br \/>\nLa conseguenza di tutto ci\u00f2 \u00e8 un impoverimento di tutto il tessuto socio-economico e un allarmante fenomeno di spopolamento del nostro territorio.<br \/>\nLa crisi di questa grande azienda \u00e8, quindi, fonte di grande apprensione in quanto non interessa soltanto le 290 famiglie dei lavoratori dell\u2019ACC Wanbao che rischiano di perdere il lavoro, ma riguarda e colpisce ulteriormente un territorio gi\u00e0 in difficolt\u00e0.<br \/>\nPur non avendo alcuna competenza in materia di lavoro, a sostegno dei lavoratori con la presente il Consiglio provinciale di Belluno d\u00e0 totale disponibilit\u00e0 a portare avanti le azioni che il tavolo in oggetto decider\u00e0 di avviare al fine di scongiurare definitivamente la crisi aziendale.<br \/>\nAuspicando che anche la propriet\u00e0 si renda completamente e definitivamente disponibile a trovare una soluzione onorando l\u2019impegno preso di rilancio dello stabilimento di Mel, confidiamo che da questo incontro esca la soluzione per ridare fiducia nel futuro alle maestranze aziendali&#8221;.<\/p>","protected":false},"excerpt":{"rendered":"<p>Belluno, 22 ottobre 2019\u00a0 &#8211;\u00a0 Roberto Padrin, in qualit\u00e0 di presidente della Provincia, ha appena inviato al ministro dello sviluppo economico Stefano Patuanelli, al ministro per i rapporti col Parlamento Federico D&#8217;Inc\u00e0, ai parlamentari bellunesi Luca De Carlo, Dario Bond, Paolo Saviane, Mirco Badole, al prefetto di Belluno Francesco Esposito, all&#8217;assessore regionale Gianpaolo Bottacin, al [&hellip;]<\/p>\n","protected":false},"author":2,"featured_media":0,"comment_status":"closed","ping_status":"open","sticky":false,"template":"","format":"standard","meta":{"footnotes":""},"categories":[5,36],"tags":[],"class_list":["post-108972","post","type-post","status-publish","format-standard","category-cronaca","category-lavoro-economia"],"yoast_head":"<!-- This site is optimized with the Yoast SEO plugin v28.4 - https:\/\/yoast.com\/product\/yoast-seo-wordpress\/ -->\n<title>Crisi Acc Wambao. Lettera del presidente della Provincia Padrin - Bellunopress - Dolomiti<\/title>\n<meta name=\"robots\" content=\"index, follow, max-snippet:-1, max-image-preview:large, max-video-preview:-1\" \/>\n<link rel=\"canonical\" href=\"https:\/\/www.bellunopress.it\/fr\/2019\/10\/22\/crisi-acc-wambao-lettera-del-presidente-della-provincia-padrin\/\" \/>\n<meta property=\"og:locale\" content=\"fr_FR\" \/>\n<meta property=\"og:type\" content=\"article\" \/>\n<meta property=\"og:title\" content=\"Crisi Acc Wambao. Lettera del presidente della Provincia Padrin - Bellunopress - Dolomiti\" \/>\n<meta property=\"og:description\" content=\"Belluno, 22 ottobre 2019\u00a0 &#8211;\u00a0 Roberto Padrin, in qualit\u00e0 di presidente della Provincia, ha appena inviato al ministro dello sviluppo economico Stefano Patuanelli, al ministro per i rapporti col Parlamento Federico D&#8217;Inc\u00e0, ai parlamentari bellunesi Luca De Carlo, Dario Bond, Paolo Saviane, Mirco Badole, al prefetto di Belluno Francesco Esposito, all&#8217;assessore regionale Gianpaolo Bottacin, al [&hellip;]\" \/>\n<meta property=\"og:url\" content=\"https:\/\/www.bellunopress.it\/fr\/2019\/10\/22\/crisi-acc-wambao-lettera-del-presidente-della-provincia-padrin\/\" \/>\n<meta property=\"og:site_name\" content=\"Bellunopress - Dolomiti\" \/>\n<meta property=\"article:publisher\" content=\"https:\/\/www.facebook.com\/profile.php?id=100008943462799\" \/>\n<meta property=\"article:published_time\" content=\"2019-10-22T18:13:14+00:00\" \/>\n<meta property=\"og:image\" content=\"http:\/\/www.bellunopress.it\/wp-content\/uploads\/2012\/10\/roberto-padrin-2.jpg\" \/>\n<meta name=\"author\" content=\"redazione\" \/>\n<meta name=\"twitter:card\" content=\"summary_large_image\" \/>\n<meta name=\"twitter:creator\" content=\"@bellunopress\" \/>\n<meta name=\"twitter:site\" content=\"@bellunopress\" \/>\n<meta name=\"twitter:label1\" content=\"\u00c9crit par\" \/>\n\t<meta name=\"twitter:data1\" content=\"redazione\" \/>\n\t<meta name=\"twitter:label2\" content=\"Dur\u00e9e de lecture estim\u00e9e\" \/>\n\t<meta name=\"twitter:data2\" content=\"2 minutes\" \/>\n<script type=\"application\/ld+json\" class=\"yoast-schema-graph\">{\"@context\":\"https:\\\/\\\/schema.org\",\"@graph\":[{\"@type\":\"Article\",\"@id\":\"https:\\\/\\\/www.bellunopress.it\\\/2019\\\/10\\\/22\\\/crisi-acc-wambao-lettera-del-presidente-della-provincia-padrin\\\/#article\",\"isPartOf\":{\"@id\":\"https:\\\/\\\/www.bellunopress.it\\\/2019\\\/10\\\/22\\\/crisi-acc-wambao-lettera-del-presidente-della-provincia-padrin\\\/\"},\"author\":{\"name\":\"redazione\",\"@id\":\"https:\\\/\\\/www.bellunopress.it\\\/#\\\/schema\\\/person\\\/79bb06722b37ece1c03d3e94beb30d73\"},\"headline\":\"Crisi Acc Wambao. Lettera del presidente della Provincia Padrin\",\"datePublished\":\"2019-10-22T18:13:14+00:00\",\"mainEntityOfPage\":{\"@id\":\"https:\\\/\\\/www.bellunopress.it\\\/2019\\\/10\\\/22\\\/crisi-acc-wambao-lettera-del-presidente-della-provincia-padrin\\\/\"},\"wordCount\":337,\"publisher\":{\"@id\":\"https:\\\/\\\/www.bellunopress.it\\\/#organization\"},\"image\":{\"@id\":\"https:\\\/\\\/www.bellunopress.it\\\/2019\\\/10\\\/22\\\/crisi-acc-wambao-lettera-del-presidente-della-provincia-padrin\\\/#primaryimage\"},\"thumbnailUrl\":\"http:\\\/\\\/www.bellunopress.it\\\/wp-content\\\/uploads\\\/2012\\\/10\\\/roberto-padrin-2.jpg\",\"articleSection\":[\"Cronaca\\\/Politica\",\"Lavoro, Economia, Turismo\"],\"inLanguage\":\"fr-FR\"},{\"@type\":\"WebPage\",\"@id\":\"https:\\\/\\\/www.bellunopress.it\\\/2019\\\/10\\\/22\\\/crisi-acc-wambao-lettera-del-presidente-della-provincia-padrin\\\/\",\"url\":\"https:\\\/\\\/www.bellunopress.it\\\/2019\\\/10\\\/22\\\/crisi-acc-wambao-lettera-del-presidente-della-provincia-padrin\\\/\",\"name\":\"Crisi Acc Wambao. Lettera del presidente della Provincia Padrin - Bellunopress - Dolomiti\",\"isPartOf\":{\"@id\":\"https:\\\/\\\/www.bellunopress.it\\\/#website\"},\"primaryImageOfPage\":{\"@id\":\"https:\\\/\\\/www.bellunopress.it\\\/2019\\\/10\\\/22\\\/crisi-acc-wambao-lettera-del-presidente-della-provincia-padrin\\\/#primaryimage\"},\"image\":{\"@id\":\"https:\\\/\\\/www.bellunopress.it\\\/2019\\\/10\\\/22\\\/crisi-acc-wambao-lettera-del-presidente-della-provincia-padrin\\\/#primaryimage\"},\"thumbnailUrl\":\"http:\\\/\\\/www.bellunopress.it\\\/wp-content\\\/uploads\\\/2012\\\/10\\\/roberto-padrin-2.jpg\",\"datePublished\":\"2019-10-22T18:13:14+00:00\",\"breadcrumb\":{\"@id\":\"https:\\\/\\\/www.bellunopress.it\\\/2019\\\/10\\\/22\\\/crisi-acc-wambao-lettera-del-presidente-della-provincia-padrin\\\/#breadcrumb\"},\"inLanguage\":\"fr-FR\",\"potentialAction\":[{\"@type\":\"ReadAction\",\"target\":[\"https:\\\/\\\/www.bellunopress.it\\\/2019\\\/10\\\/22\\\/crisi-acc-wambao-lettera-del-presidente-della-provincia-padrin\\\/\"]}]},{\"@type\":\"ImageObject\",\"inLanguage\":\"fr-FR\",\"@id\":\"https:\\\/\\\/www.bellunopress.it\\\/2019\\\/10\\\/22\\\/crisi-acc-wambao-lettera-del-presidente-della-provincia-padrin\\\/#primaryimage\",\"url\":\"http:\\\/\\\/www.bellunopress.it\\\/wp-content\\\/uploads\\\/2012\\\/10\\\/roberto-padrin-2.jpg\",\"contentUrl\":\"http:\\\/\\\/www.bellunopress.it\\\/wp-content\\\/uploads\\\/2012\\\/10\\\/roberto-padrin-2.jpg\"},{\"@type\":\"BreadcrumbList\",\"@id\":\"https:\\\/\\\/www.bellunopress.it\\\/2019\\\/10\\\/22\\\/crisi-acc-wambao-lettera-del-presidente-della-provincia-padrin\\\/#breadcrumb\",\"itemListElement\":[{\"@type\":\"ListItem\",\"position\":1,\"name\":\"Home\",\"item\":\"https:\\\/\\\/www.bellunopress.it\\\/\"},{\"@type\":\"ListItem\",\"position\":2,\"name\":\"Crisi Acc Wambao. Lettera del presidente della Provincia Padrin\"}]},{\"@type\":\"WebSite\",\"@id\":\"https:\\\/\\\/www.bellunopress.it\\\/#website\",\"url\":\"https:\\\/\\\/www.bellunopress.it\\\/\",\"name\":\"Bellunopress - Dolomiti\",\"description\":\"e-mail: redazione@bellunopress.it\",\"publisher\":{\"@id\":\"https:\\\/\\\/www.bellunopress.it\\\/#organization\"},\"potentialAction\":[{\"@type\":\"SearchAction\",\"target\":{\"@type\":\"EntryPoint\",\"urlTemplate\":\"https:\\\/\\\/www.bellunopress.it\\\/?s={search_term_string}\"},\"query-input\":{\"@type\":\"PropertyValueSpecification\",\"valueRequired\":true,\"valueName\":\"search_term_string\"}}],\"inLanguage\":\"fr-FR\"},{\"@type\":\"Organization\",\"@id\":\"https:\\\/\\\/www.bellunopress.it\\\/#organization\",\"name\":\"Bellunopress\",\"url\":\"https:\\\/\\\/www.bellunopress.it\\\/\",\"logo\":{\"@type\":\"ImageObject\",\"inLanguage\":\"fr-FR\",\"@id\":\"https:\\\/\\\/www.bellunopress.it\\\/#\\\/schema\\\/logo\\\/image\\\/\",\"url\":\"https:\\\/\\\/www.bellunopress.it\\\/wp-content\\\/uploads\\\/2011\\\/05\\\/cropped-logo-bellunopress-.jpg\",\"contentUrl\":\"https:\\\/\\\/www.bellunopress.it\\\/wp-content\\\/uploads\\\/2011\\\/05\\\/cropped-logo-bellunopress-.jpg\",\"width\":512,\"height\":512,\"caption\":\"Bellunopress\"},\"image\":{\"@id\":\"https:\\\/\\\/www.bellunopress.it\\\/#\\\/schema\\\/logo\\\/image\\\/\"},\"sameAs\":[\"https:\\\/\\\/www.facebook.com\\\/profile.php?id=100008943462799\",\"https:\\\/\\\/x.com\\\/bellunopress\",\"https:\\\/\\\/www.linkedin.com\\\/hp\\\/?dnr=JBzUWaJfMUw8vbXJJ2tVW5-I3jZKvC4wsoxE&amp;amp;amp;amp;amp;amp;trk=nav_responsive_tab_home\",\"https:\\\/\\\/www.youtube.com\\\/channel\\\/UCxL0wu1uN0_3_7hGG0306cw\"]},{\"@type\":\"Person\",\"@id\":\"https:\\\/\\\/www.bellunopress.it\\\/#\\\/schema\\\/person\\\/79bb06722b37ece1c03d3e94beb30d73\",\"name\":\"redazione\",\"image\":{\"@type\":\"ImageObject\",\"inLanguage\":\"fr-FR\",\"@id\":\"https:\\\/\\\/secure.gravatar.com\\\/avatar\\\/37d968a2e67a6fd04c169c4bdef102d0bc5d31b2546345219e348575eb80e9a0?s=96&d=mm&r=g\",\"url\":\"https:\\\/\\\/secure.gravatar.com\\\/avatar\\\/37d968a2e67a6fd04c169c4bdef102d0bc5d31b2546345219e348575eb80e9a0?s=96&d=mm&r=g\",\"contentUrl\":\"https:\\\/\\\/secure.gravatar.com\\\/avatar\\\/37d968a2e67a6fd04c169c4bdef102d0bc5d31b2546345219e348575eb80e9a0?s=96&d=mm&r=g\",\"caption\":\"redazione\"},\"sameAs\":[\"http:\\\/\\\/www.bellunopress.it\",\"https:\\\/\\\/x.com\\\/bellunopress\"],\"url\":\"https:\\\/\\\/www.bellunopress.it\\\/fr\\\/author\\\/redazione\\\/\"}]}<\/script>\n<!-- \/ Yoast SEO plugin. -->","yoast_head_json":{"title":"Crisi Acc Wambao. Lettera del presidente della Provincia Padrin - Bellunopress - Dolomiti","robots":{"index":"index","follow":"follow","max-snippet":"max-snippet:-1","max-image-preview":"max-image-preview:large","max-video-preview":"max-video-preview:-1"},"canonical":"https:\/\/www.bellunopress.it\/fr\/2019\/10\/22\/crisi-acc-wambao-lettera-del-presidente-della-provincia-padrin\/","og_locale":"fr_FR","og_type":"article","og_title":"Crisi Acc Wambao. Lettera del presidente della Provincia Padrin - Bellunopress - Dolomiti","og_description":"Belluno, 22 ottobre 2019\u00a0 &#8211;\u00a0 Roberto Padrin, in qualit\u00e0 di presidente della Provincia, ha appena inviato al ministro dello sviluppo economico Stefano Patuanelli, al ministro per i rapporti col Parlamento Federico D&#8217;Inc\u00e0, ai parlamentari bellunesi Luca De Carlo, Dario Bond, Paolo Saviane, Mirco Badole, al prefetto di Belluno Francesco Esposito, all&#8217;assessore regionale Gianpaolo Bottacin, al [&hellip;]","og_url":"https:\/\/www.bellunopress.it\/fr\/2019\/10\/22\/crisi-acc-wambao-lettera-del-presidente-della-provincia-padrin\/","og_site_name":"Bellunopress - Dolomiti","article_publisher":"https:\/\/www.facebook.com\/profile.php?id=100008943462799","article_published_time":"2019-10-22T18:13:14+00:00","og_image":[{"url":"http:\/\/www.bellunopress.it\/wp-content\/uploads\/2012\/10\/roberto-padrin-2.jpg","type":"","width":"","height":""}],"author":"redazione","twitter_card":"summary_large_image","twitter_creator":"@bellunopress","twitter_site":"@bellunopress","twitter_misc":{"\u00c9crit par":"redazione","Dur\u00e9e de lecture estim\u00e9e":"2 minutes"},"schema":{"@context":"https:\/\/schema.org","@graph":[{"@type":"Article","@id":"https:\/\/www.bellunopress.it\/2019\/10\/22\/crisi-acc-wambao-lettera-del-presidente-della-provincia-padrin\/#article","isPartOf":{"@id":"https:\/\/www.bellunopress.it\/2019\/10\/22\/crisi-acc-wambao-lettera-del-presidente-della-provincia-padrin\/"},"author":{"name":"redazione","@id":"https:\/\/www.bellunopress.it\/#\/schema\/person\/79bb06722b37ece1c03d3e94beb30d73"},"headline":"Crisi Acc Wambao. Lettera del presidente della Provincia Padrin","datePublished":"2019-10-22T18:13:14+00:00","mainEntityOfPage":{"@id":"https:\/\/www.bellunopress.it\/2019\/10\/22\/crisi-acc-wambao-lettera-del-presidente-della-provincia-padrin\/"},"wordCount":337,"publisher":{"@id":"https:\/\/www.bellunopress.it\/#organization"},"image":{"@id":"https:\/\/www.bellunopress.it\/2019\/10\/22\/crisi-acc-wambao-lettera-del-presidente-della-provincia-padrin\/#primaryimage"},"thumbnailUrl":"http:\/\/www.bellunopress.it\/wp-content\/uploads\/2012\/10\/roberto-padrin-2.jpg","articleSection":["Cronaca\/Politica","Lavoro, Economia, Turismo"],"inLanguage":"fr-FR"},{"@type":"WebPage","@id":"https:\/\/www.bellunopress.it\/2019\/10\/22\/crisi-acc-wambao-lettera-del-presidente-della-provincia-padrin\/","url":"https:\/\/www.bellunopress.it\/2019\/10\/22\/crisi-acc-wambao-lettera-del-presidente-della-provincia-padrin\/","name":"Crisi Acc Wambao. Lettera del presidente della Provincia Padrin - Bellunopress - Dolomiti","isPartOf":{"@id":"https:\/\/www.bellunopress.it\/#website"},"primaryImageOfPage":{"@id":"https:\/\/www.bellunopress.it\/2019\/10\/22\/crisi-acc-wambao-lettera-del-presidente-della-provincia-padrin\/#primaryimage"},"image":{"@id":"https:\/\/www.bellunopress.it\/2019\/10\/22\/crisi-acc-wambao-lettera-del-presidente-della-provincia-padrin\/#primaryimage"},"thumbnailUrl":"http:\/\/www.bellunopress.it\/wp-content\/uploads\/2012\/10\/roberto-padrin-2.jpg","datePublished":"2019-10-22T18:13:14+00:00","breadcrumb":{"@id":"https:\/\/www.bellunopress.it\/2019\/10\/22\/crisi-acc-wambao-lettera-del-presidente-della-provincia-padrin\/#breadcrumb"},"inLanguage":"fr-FR","potentialAction":[{"@type":"ReadAction","target":["https:\/\/www.bellunopress.it\/2019\/10\/22\/crisi-acc-wambao-lettera-del-presidente-della-provincia-padrin\/"]}]},{"@type":"ImageObject","inLanguage":"fr-FR","@id":"https:\/\/www.bellunopress.it\/2019\/10\/22\/crisi-acc-wambao-lettera-del-presidente-della-provincia-padrin\/#primaryimage","url":"http:\/\/www.bellunopress.it\/wp-content\/uploads\/2012\/10\/roberto-padrin-2.jpg","contentUrl":"http:\/\/www.bellunopress.it\/wp-content\/uploads\/2012\/10\/roberto-padrin-2.jpg"},{"@type":"BreadcrumbList","@id":"https:\/\/www.bellunopress.it\/2019\/10\/22\/crisi-acc-wambao-lettera-del-presidente-della-provincia-padrin\/#breadcrumb","itemListElement":[{"@type":"ListItem","position":1,"name":"Home","item":"https:\/\/www.bellunopress.it\/"},{"@type":"ListItem","position":2,"name":"Crisi Acc Wambao. Lettera del presidente della Provincia Padrin"}]},{"@type":"WebSite","@id":"https:\/\/www.bellunopress.it\/#website","url":"https:\/\/www.bellunopress.it\/","name":"Bellunopress - Dolomiti","description":"e-mail: redazione@bellunopress.it","publisher":{"@id":"https:\/\/www.bellunopress.it\/#organization"},"potentialAction":[{"@type":"SearchAction","target":{"@type":"EntryPoint","urlTemplate":"https:\/\/www.bellunopress.it\/?s={search_term_string}"},"query-input":{"@type":"PropertyValueSpecification","valueRequired":true,"valueName":"search_term_string"}}],"inLanguage":"fr-FR"},{"@type":"Organization","@id":"https:\/\/www.bellunopress.it\/#organization","name":"Bellunopress","url":"https:\/\/www.bellunopress.it\/","logo":{"@type":"ImageObject","inLanguage":"fr-FR","@id":"https:\/\/www.bellunopress.it\/#\/schema\/logo\/image\/","url":"https:\/\/www.bellunopress.it\/wp-content\/uploads\/2011\/05\/cropped-logo-bellunopress-.jpg","contentUrl":"https:\/\/www.bellunopress.it\/wp-content\/uploads\/2011\/05\/cropped-logo-bellunopress-.jpg","width":512,"height":512,"caption":"Bellunopress"},"image":{"@id":"https:\/\/www.bellunopress.it\/#\/schema\/logo\/image\/"},"sameAs":["https:\/\/www.facebook.com\/profile.php?id=100008943462799","https:\/\/x.com\/bellunopress","https:\/\/www.linkedin.com\/hp\/?dnr=JBzUWaJfMUw8vbXJJ2tVW5-I3jZKvC4wsoxE&amp;amp;amp;amp;amp;amp;trk=nav_responsive_tab_home","https:\/\/www.youtube.com\/channel\/UCxL0wu1uN0_3_7hGG0306cw"]},{"@type":"Person","@id":"https:\/\/www.bellunopress.it\/#\/schema\/person\/79bb06722b37ece1c03d3e94beb30d73","name":"r\u00e9daction","image":{"@type":"ImageObject","inLanguage":"fr-FR","@id":"https:\/\/secure.gravatar.com\/avatar\/37d968a2e67a6fd04c169c4bdef102d0bc5d31b2546345219e348575eb80e9a0?s=96&d=mm&r=g","url":"https:\/\/secure.gravatar.com\/avatar\/37d968a2e67a6fd04c169c4bdef102d0bc5d31b2546345219e348575eb80e9a0?s=96&d=mm&r=g","contentUrl":"https:\/\/secure.gravatar.com\/avatar\/37d968a2e67a6fd04c169c4bdef102d0bc5d31b2546345219e348575eb80e9a0?s=96&d=mm&r=g","caption":"redazione"},"sameAs":["http:\/\/www.bellunopress.it","https:\/\/x.com\/bellunopress"],"url":"https:\/\/www.bellunopress.it\/fr\/author\/redazione\/"}]}},"_links":{"self":[{"href":"https:\/\/www.bellunopress.it\/fr\/wp-json\/wp\/v2\/posts\/108972","targetHints":{"allow":["GET"]}}],"collection":[{"href":"https:\/\/www.bellunopress.it\/fr\/wp-json\/wp\/v2\/posts"}],"about":[{"href":"https:\/\/www.bellunopress.it\/fr\/wp-json\/wp\/v2\/types\/post"}],"author":[{"embeddable":true,"href":"https:\/\/www.bellunopress.it\/fr\/wp-json\/wp\/v2\/users\/2"}],"replies":[{"embeddable":true,"href":"https:\/\/www.bellunopress.it\/fr\/wp-json\/wp\/v2\/comments?post=108972"}],"version-history":[{"count":1,"href":"https:\/\/www.bellunopress.it\/fr\/wp-json\/wp\/v2\/posts\/108972\/revisions"}],"predecessor-version":[{"id":108973,"href":"https:\/\/www.bellunopress.it\/fr\/wp-json\/wp\/v2\/posts\/108972\/revisions\/108973"}],"wp:attachment":[{"href":"https:\/\/www.bellunopress.it\/fr\/wp-json\/wp\/v2\/media?parent=108972"}],"wp:term":[{"taxonomy":"category","embeddable":true,"href":"https:\/\/www.bellunopress.it\/fr\/wp-json\/wp\/v2\/categories?post=108972"},{"taxonomy":"post_tag","embeddable":true,"href":"https:\/\/www.bellunopress.it\/fr\/wp-json\/wp\/v2\/tags?post=108972"}],"curies":[{"name":"wp","href":"https:\/\/api.w.org\/{rel}","templated":true}]}}