{"id":108962,"date":"2019-10-23T09:30:08","date_gmt":"2019-10-23T07:30:08","guid":{"rendered":"http:\/\/www.bellunopress.it\/?p=108962"},"modified":"2019-10-22T16:39:27","modified_gmt":"2019-10-22T14:39:27","slug":"sabato-a-s-giustina-lassegnazione-del-premio-intitolato-a-giovanni-paolo-ii","status":"publish","type":"post","link":"https:\/\/www.bellunopress.it\/fr\/2019\/10\/23\/sabato-a-s-giustina-lassegnazione-del-premio-intitolato-a-giovanni-paolo-ii\/","title":{"rendered":"Sabato 26 ottobre a S.Giustina l&#8217;assegnazione del Premio intitolato a Giovanni Paolo II"},"content":{"rendered":"<p><a href=\"http:\/\/www.bellunopress.it\/fr\/?attachment_id=108963\" rel=\"attachment wp-att-108963\"><img loading=\"lazy\" decoding=\"async\" class=\"alignleft size-full wp-image-108963\" src=\"http:\/\/www.bellunopress.it\/wp-content\/uploads\/2019\/10\/foto-anc-santa-giustina-e1571754692626.jpg\" alt=\"\" width=\"350\" height=\"350\" \/><\/a>La provincia di Belluno si apre al resto d\u2019Italia con l\u2019assegnazione del Premio intitolato a \u201cGiovanni Paolo I\u201d. Sabato 26 ottobre (alle 18) nella sala parrocchiale di Santa Giustina avverr\u00e0 la cerimonia di consegna del riconoscimento ideato dal giornalista Michelangelo De Don\u00e0 e giunto alla sua 11.a edizione. A ricevere il Premio saranno Giovanni Minoli (per la sezione giornalismo e comunicazione), Giovanni Andrea Zanon (sezione musica), Eleonora Mazzoni (sezione teatro, cinema, tv) e l\u2019Associazione Nazionale Carabinieri di Santa Giustina (solidariet\u00e0 e volontariato). I nominativi sono stati individuati dal comitato d\u2019onore del Premio dove figurano numerose personalit\u00e0 del mondo della scienza, dell\u2019arte e della cultura italiane. La serata sar\u00e0 preceduta dalla presentazione del volume \u201cBeato Angelico. La rivoluzione della luce\u201d (edizione dei Merangoli) di Mario Dal Bello, professore di storia dell\u2019arte alla Pontificia Universit\u00e0 Lateranense. Diverse le novit\u00e0 annunciate da De Don\u00e0 sia per il premio \u201cGiovanni Paolo I\u201d sia per la rassegna culturale \u201cIllustrissimi\u201d che nel 2020 festegger\u00e0 il venticinquesimo anno di attivit\u00e0: tra le altre un comitato organizzatore di alto livello scientifico e la forma itinerante delle due iniziative con tappe anche fuori provincia (Roma, Milano e Assisi). \u201cLo scopo non \u00e8 tanto quello di portare nel Bellunese nomi famosi, quanto di far conoscere il nostro territorio e la figura del Papa di Canale d\u2019Agordo\u201d, ha spiegato De Don\u00e0, intervenuto all\u2019anteprima della manifestazione insieme al presidente delle Provincia, Roberto Padrin e al sindaco di Santa Giustina, Ivan Minella. Quest\u2019ultimo ha espresso particolare soddisfazione per la scelta della sede della cerimonia e per il riconoscimento all\u2019Anc di Santa Giustina \u201cper l\u2019importante servizio e aiuto che offre alla nostra comunit\u00e0 sul piano sociale impegnandosi in vari ambiti come l\u2019assistenza alle manifestazioni, il controllo all\u2019uscita da scuola degli studenti, la sistemazione e il recupero dell\u2019area della stazione ferroviaria e la realizzazione delle stele ai caduti di Nassiriya\u201d. Il presidente della Provincia ha ribadito l\u2019importanza di portare nel Bellunese personaggi che offrono esempi virtuosi sotto il profilo dell\u2019impegno sociale e culturale, sottolineando gli ampi margini di crescita a cui il territorio bellunese pu\u00f2 puntare sotto questo aspetto.<\/p>","protected":false},"excerpt":{"rendered":"<p>La provincia di Belluno si apre al resto d\u2019Italia con l\u2019assegnazione del Premio intitolato a \u201cGiovanni Paolo I\u201d. Sabato 26 ottobre (alle 18) nella sala parrocchiale di Santa Giustina avverr\u00e0 la cerimonia di consegna del riconoscimento ideato dal giornalista Michelangelo De Don\u00e0 e giunto alla sua 11.a edizione. A ricevere il Premio saranno Giovanni Minoli [&hellip;]<\/p>\n","protected":false},"author":2,"featured_media":0,"comment_status":"closed","ping_status":"open","sticky":false,"template":"","format":"standard","meta":{"footnotes":""},"categories":[27,3,26],"tags":[],"class_list":["post-108962","post","type-post","status-publish","format-standard","category-appuntamenti","category-arte-cultura-spettacoli-scienza-archivi","category-prima-pagina"],"yoast_head":"<!-- This site is optimized with the Yoast SEO plugin v28.4 - https:\/\/yoast.com\/product\/yoast-seo-wordpress\/ -->\n<title>Sabato 26 ottobre a S.Giustina l&#039;assegnazione del Premio intitolato a Giovanni Paolo II - Bellunopress - Dolomiti<\/title>\n<meta name=\"robots\" content=\"index, follow, max-snippet:-1, max-image-preview:large, max-video-preview:-1\" \/>\n<link rel=\"canonical\" href=\"https:\/\/www.bellunopress.it\/fr\/2019\/10\/23\/sabato-a-s-giustina-lassegnazione-del-premio-intitolato-a-giovanni-paolo-ii\/\" \/>\n<meta property=\"og:locale\" content=\"fr_FR\" \/>\n<meta property=\"og:type\" content=\"article\" \/>\n<meta property=\"og:title\" content=\"Sabato 26 ottobre a S.Giustina l&#039;assegnazione del Premio intitolato a Giovanni Paolo II - Bellunopress - Dolomiti\" \/>\n<meta property=\"og:description\" content=\"La provincia di Belluno si apre al resto d\u2019Italia con l\u2019assegnazione del Premio intitolato a \u201cGiovanni Paolo I\u201d. Sabato 26 ottobre (alle 18) nella sala parrocchiale di Santa Giustina avverr\u00e0 la cerimonia di consegna del riconoscimento ideato dal giornalista Michelangelo De Don\u00e0 e giunto alla sua 11.a edizione. A ricevere il Premio saranno Giovanni Minoli [&hellip;]\" \/>\n<meta property=\"og:url\" content=\"https:\/\/www.bellunopress.it\/fr\/2019\/10\/23\/sabato-a-s-giustina-lassegnazione-del-premio-intitolato-a-giovanni-paolo-ii\/\" \/>\n<meta property=\"og:site_name\" content=\"Bellunopress - Dolomiti\" \/>\n<meta property=\"article:publisher\" content=\"https:\/\/www.facebook.com\/profile.php?id=100008943462799\" \/>\n<meta property=\"article:published_time\" content=\"2019-10-23T07:30:08+00:00\" \/>\n<meta property=\"og:image\" content=\"http:\/\/www.bellunopress.it\/wp-content\/uploads\/2019\/10\/foto-anc-santa-giustina-e1571754692626.jpg\" \/>\n<meta name=\"author\" content=\"redazione\" \/>\n<meta name=\"twitter:card\" content=\"summary_large_image\" \/>\n<meta name=\"twitter:creator\" content=\"@bellunopress\" \/>\n<meta name=\"twitter:site\" content=\"@bellunopress\" \/>\n<meta name=\"twitter:label1\" content=\"Written by\" \/>\n\t<meta name=\"twitter:data1\" content=\"redazione\" \/>\n\t<meta name=\"twitter:label2\" content=\"Est. reading time\" \/>\n\t<meta name=\"twitter:data2\" content=\"2 minutes\" \/>\n<script type=\"application\/ld+json\" class=\"yoast-schema-graph\">{\"@context\":\"https:\\\/\\\/schema.org\",\"@graph\":[{\"@type\":\"Article\",\"@id\":\"https:\\\/\\\/www.bellunopress.it\\\/2019\\\/10\\\/23\\\/sabato-a-s-giustina-lassegnazione-del-premio-intitolato-a-giovanni-paolo-ii\\\/#article\",\"isPartOf\":{\"@id\":\"https:\\\/\\\/www.bellunopress.it\\\/2019\\\/10\\\/23\\\/sabato-a-s-giustina-lassegnazione-del-premio-intitolato-a-giovanni-paolo-ii\\\/\"},\"author\":{\"name\":\"redazione\",\"@id\":\"https:\\\/\\\/www.bellunopress.it\\\/#\\\/schema\\\/person\\\/79bb06722b37ece1c03d3e94beb30d73\"},\"headline\":\"Sabato 26 ottobre a S.Giustina l&#8217;assegnazione del Premio intitolato a Giovanni Paolo II\",\"datePublished\":\"2019-10-23T07:30:08+00:00\",\"mainEntityOfPage\":{\"@id\":\"https:\\\/\\\/www.bellunopress.it\\\/2019\\\/10\\\/23\\\/sabato-a-s-giustina-lassegnazione-del-premio-intitolato-a-giovanni-paolo-ii\\\/\"},\"wordCount\":370,\"publisher\":{\"@id\":\"https:\\\/\\\/www.bellunopress.it\\\/#organization\"},\"image\":{\"@id\":\"https:\\\/\\\/www.bellunopress.it\\\/2019\\\/10\\\/23\\\/sabato-a-s-giustina-lassegnazione-del-premio-intitolato-a-giovanni-paolo-ii\\\/#primaryimage\"},\"thumbnailUrl\":\"http:\\\/\\\/www.bellunopress.it\\\/wp-content\\\/uploads\\\/2019\\\/10\\\/foto-anc-santa-giustina-e1571754692626.jpg\",\"articleSection\":[\"Appuntamenti, Eventi\",\"Arte, Cultura, Spettacoli, Scienza\",\"Prima Pagina\"],\"inLanguage\":\"fr-FR\"},{\"@type\":\"WebPage\",\"@id\":\"https:\\\/\\\/www.bellunopress.it\\\/2019\\\/10\\\/23\\\/sabato-a-s-giustina-lassegnazione-del-premio-intitolato-a-giovanni-paolo-ii\\\/\",\"url\":\"https:\\\/\\\/www.bellunopress.it\\\/2019\\\/10\\\/23\\\/sabato-a-s-giustina-lassegnazione-del-premio-intitolato-a-giovanni-paolo-ii\\\/\",\"name\":\"Sabato 26 ottobre a S.Giustina l'assegnazione del Premio intitolato a Giovanni Paolo II - Bellunopress - Dolomiti\",\"isPartOf\":{\"@id\":\"https:\\\/\\\/www.bellunopress.it\\\/#website\"},\"primaryImageOfPage\":{\"@id\":\"https:\\\/\\\/www.bellunopress.it\\\/2019\\\/10\\\/23\\\/sabato-a-s-giustina-lassegnazione-del-premio-intitolato-a-giovanni-paolo-ii\\\/#primaryimage\"},\"image\":{\"@id\":\"https:\\\/\\\/www.bellunopress.it\\\/2019\\\/10\\\/23\\\/sabato-a-s-giustina-lassegnazione-del-premio-intitolato-a-giovanni-paolo-ii\\\/#primaryimage\"},\"thumbnailUrl\":\"http:\\\/\\\/www.bellunopress.it\\\/wp-content\\\/uploads\\\/2019\\\/10\\\/foto-anc-santa-giustina-e1571754692626.jpg\",\"datePublished\":\"2019-10-23T07:30:08+00:00\",\"breadcrumb\":{\"@id\":\"https:\\\/\\\/www.bellunopress.it\\\/2019\\\/10\\\/23\\\/sabato-a-s-giustina-lassegnazione-del-premio-intitolato-a-giovanni-paolo-ii\\\/#breadcrumb\"},\"inLanguage\":\"fr-FR\",\"potentialAction\":[{\"@type\":\"ReadAction\",\"target\":[\"https:\\\/\\\/www.bellunopress.it\\\/2019\\\/10\\\/23\\\/sabato-a-s-giustina-lassegnazione-del-premio-intitolato-a-giovanni-paolo-ii\\\/\"]}]},{\"@type\":\"ImageObject\",\"inLanguage\":\"fr-FR\",\"@id\":\"https:\\\/\\\/www.bellunopress.it\\\/2019\\\/10\\\/23\\\/sabato-a-s-giustina-lassegnazione-del-premio-intitolato-a-giovanni-paolo-ii\\\/#primaryimage\",\"url\":\"http:\\\/\\\/www.bellunopress.it\\\/wp-content\\\/uploads\\\/2019\\\/10\\\/foto-anc-santa-giustina-e1571754692626.jpg\",\"contentUrl\":\"http:\\\/\\\/www.bellunopress.it\\\/wp-content\\\/uploads\\\/2019\\\/10\\\/foto-anc-santa-giustina-e1571754692626.jpg\"},{\"@type\":\"BreadcrumbList\",\"@id\":\"https:\\\/\\\/www.bellunopress.it\\\/2019\\\/10\\\/23\\\/sabato-a-s-giustina-lassegnazione-del-premio-intitolato-a-giovanni-paolo-ii\\\/#breadcrumb\",\"itemListElement\":[{\"@type\":\"ListItem\",\"position\":1,\"name\":\"Home\",\"item\":\"https:\\\/\\\/www.bellunopress.it\\\/\"},{\"@type\":\"ListItem\",\"position\":2,\"name\":\"Sabato 26 ottobre a S.Giustina l&#8217;assegnazione del Premio intitolato a Giovanni Paolo II\"}]},{\"@type\":\"WebSite\",\"@id\":\"https:\\\/\\\/www.bellunopress.it\\\/#website\",\"url\":\"https:\\\/\\\/www.bellunopress.it\\\/\",\"name\":\"Bellunopress - Dolomiti\",\"description\":\"e-mail: redazione@bellunopress.it\",\"publisher\":{\"@id\":\"https:\\\/\\\/www.bellunopress.it\\\/#organization\"},\"potentialAction\":[{\"@type\":\"SearchAction\",\"target\":{\"@type\":\"EntryPoint\",\"urlTemplate\":\"https:\\\/\\\/www.bellunopress.it\\\/?s={search_term_string}\"},\"query-input\":{\"@type\":\"PropertyValueSpecification\",\"valueRequired\":true,\"valueName\":\"search_term_string\"}}],\"inLanguage\":\"fr-FR\"},{\"@type\":\"Organization\",\"@id\":\"https:\\\/\\\/www.bellunopress.it\\\/#organization\",\"name\":\"Bellunopress\",\"url\":\"https:\\\/\\\/www.bellunopress.it\\\/\",\"logo\":{\"@type\":\"ImageObject\",\"inLanguage\":\"fr-FR\",\"@id\":\"https:\\\/\\\/www.bellunopress.it\\\/#\\\/schema\\\/logo\\\/image\\\/\",\"url\":\"https:\\\/\\\/www.bellunopress.it\\\/wp-content\\\/uploads\\\/2011\\\/05\\\/cropped-logo-bellunopress-.jpg\",\"contentUrl\":\"https:\\\/\\\/www.bellunopress.it\\\/wp-content\\\/uploads\\\/2011\\\/05\\\/cropped-logo-bellunopress-.jpg\",\"width\":512,\"height\":512,\"caption\":\"Bellunopress\"},\"image\":{\"@id\":\"https:\\\/\\\/www.bellunopress.it\\\/#\\\/schema\\\/logo\\\/image\\\/\"},\"sameAs\":[\"https:\\\/\\\/www.facebook.com\\\/profile.php?id=100008943462799\",\"https:\\\/\\\/x.com\\\/bellunopress\",\"https:\\\/\\\/www.linkedin.com\\\/hp\\\/?dnr=JBzUWaJfMUw8vbXJJ2tVW5-I3jZKvC4wsoxE&amp;amp;amp;amp;amp;amp;trk=nav_responsive_tab_home\",\"https:\\\/\\\/www.youtube.com\\\/channel\\\/UCxL0wu1uN0_3_7hGG0306cw\"]},{\"@type\":\"Person\",\"@id\":\"https:\\\/\\\/www.bellunopress.it\\\/#\\\/schema\\\/person\\\/79bb06722b37ece1c03d3e94beb30d73\",\"name\":\"redazione\",\"image\":{\"@type\":\"ImageObject\",\"inLanguage\":\"fr-FR\",\"@id\":\"https:\\\/\\\/secure.gravatar.com\\\/avatar\\\/37d968a2e67a6fd04c169c4bdef102d0bc5d31b2546345219e348575eb80e9a0?s=96&d=mm&r=g\",\"url\":\"https:\\\/\\\/secure.gravatar.com\\\/avatar\\\/37d968a2e67a6fd04c169c4bdef102d0bc5d31b2546345219e348575eb80e9a0?s=96&d=mm&r=g\",\"contentUrl\":\"https:\\\/\\\/secure.gravatar.com\\\/avatar\\\/37d968a2e67a6fd04c169c4bdef102d0bc5d31b2546345219e348575eb80e9a0?s=96&d=mm&r=g\",\"caption\":\"redazione\"},\"sameAs\":[\"http:\\\/\\\/www.bellunopress.it\",\"https:\\\/\\\/x.com\\\/bellunopress\"],\"url\":\"https:\\\/\\\/www.bellunopress.it\\\/fr\\\/author\\\/redazione\\\/\"}]}<\/script>\n<!-- \/ Yoast SEO plugin. -->","yoast_head_json":{"title":"Sabato 26 ottobre a S.Giustina l'assegnazione del Premio intitolato a Giovanni Paolo II - Bellunopress - Dolomiti","robots":{"index":"index","follow":"follow","max-snippet":"max-snippet:-1","max-image-preview":"max-image-preview:large","max-video-preview":"max-video-preview:-1"},"canonical":"https:\/\/www.bellunopress.it\/fr\/2019\/10\/23\/sabato-a-s-giustina-lassegnazione-del-premio-intitolato-a-giovanni-paolo-ii\/","og_locale":"fr_FR","og_type":"article","og_title":"Sabato 26 ottobre a S.Giustina l'assegnazione del Premio intitolato a Giovanni Paolo II - Bellunopress - Dolomiti","og_description":"La provincia di Belluno si apre al resto d\u2019Italia con l\u2019assegnazione del Premio intitolato a \u201cGiovanni Paolo I\u201d. Sabato 26 ottobre (alle 18) nella sala parrocchiale di Santa Giustina avverr\u00e0 la cerimonia di consegna del riconoscimento ideato dal giornalista Michelangelo De Don\u00e0 e giunto alla sua 11.a edizione. A ricevere il Premio saranno Giovanni Minoli [&hellip;]","og_url":"https:\/\/www.bellunopress.it\/fr\/2019\/10\/23\/sabato-a-s-giustina-lassegnazione-del-premio-intitolato-a-giovanni-paolo-ii\/","og_site_name":"Bellunopress - Dolomiti","article_publisher":"https:\/\/www.facebook.com\/profile.php?id=100008943462799","article_published_time":"2019-10-23T07:30:08+00:00","og_image":[{"url":"http:\/\/www.bellunopress.it\/wp-content\/uploads\/2019\/10\/foto-anc-santa-giustina-e1571754692626.jpg","type":"","width":"","height":""}],"author":"redazione","twitter_card":"summary_large_image","twitter_creator":"@bellunopress","twitter_site":"@bellunopress","twitter_misc":{"Written by":"redazione","Est. reading time":"2 minutes"},"schema":{"@context":"https:\/\/schema.org","@graph":[{"@type":"Article","@id":"https:\/\/www.bellunopress.it\/2019\/10\/23\/sabato-a-s-giustina-lassegnazione-del-premio-intitolato-a-giovanni-paolo-ii\/#article","isPartOf":{"@id":"https:\/\/www.bellunopress.it\/2019\/10\/23\/sabato-a-s-giustina-lassegnazione-del-premio-intitolato-a-giovanni-paolo-ii\/"},"author":{"name":"redazione","@id":"https:\/\/www.bellunopress.it\/#\/schema\/person\/79bb06722b37ece1c03d3e94beb30d73"},"headline":"Sabato 26 ottobre a S.Giustina l&#8217;assegnazione del Premio intitolato a Giovanni Paolo II","datePublished":"2019-10-23T07:30:08+00:00","mainEntityOfPage":{"@id":"https:\/\/www.bellunopress.it\/2019\/10\/23\/sabato-a-s-giustina-lassegnazione-del-premio-intitolato-a-giovanni-paolo-ii\/"},"wordCount":370,"publisher":{"@id":"https:\/\/www.bellunopress.it\/#organization"},"image":{"@id":"https:\/\/www.bellunopress.it\/2019\/10\/23\/sabato-a-s-giustina-lassegnazione-del-premio-intitolato-a-giovanni-paolo-ii\/#primaryimage"},"thumbnailUrl":"http:\/\/www.bellunopress.it\/wp-content\/uploads\/2019\/10\/foto-anc-santa-giustina-e1571754692626.jpg","articleSection":["Appuntamenti, Eventi","Arte, Cultura, Spettacoli, Scienza","Prima Pagina"],"inLanguage":"fr-FR"},{"@type":"WebPage","@id":"https:\/\/www.bellunopress.it\/2019\/10\/23\/sabato-a-s-giustina-lassegnazione-del-premio-intitolato-a-giovanni-paolo-ii\/","url":"https:\/\/www.bellunopress.it\/2019\/10\/23\/sabato-a-s-giustina-lassegnazione-del-premio-intitolato-a-giovanni-paolo-ii\/","name":"Sabato 26 ottobre a S.Giustina l'assegnazione del Premio intitolato a Giovanni Paolo II - Bellunopress - Dolomiti","isPartOf":{"@id":"https:\/\/www.bellunopress.it\/#website"},"primaryImageOfPage":{"@id":"https:\/\/www.bellunopress.it\/2019\/10\/23\/sabato-a-s-giustina-lassegnazione-del-premio-intitolato-a-giovanni-paolo-ii\/#primaryimage"},"image":{"@id":"https:\/\/www.bellunopress.it\/2019\/10\/23\/sabato-a-s-giustina-lassegnazione-del-premio-intitolato-a-giovanni-paolo-ii\/#primaryimage"},"thumbnailUrl":"http:\/\/www.bellunopress.it\/wp-content\/uploads\/2019\/10\/foto-anc-santa-giustina-e1571754692626.jpg","datePublished":"2019-10-23T07:30:08+00:00","breadcrumb":{"@id":"https:\/\/www.bellunopress.it\/2019\/10\/23\/sabato-a-s-giustina-lassegnazione-del-premio-intitolato-a-giovanni-paolo-ii\/#breadcrumb"},"inLanguage":"fr-FR","potentialAction":[{"@type":"ReadAction","target":["https:\/\/www.bellunopress.it\/2019\/10\/23\/sabato-a-s-giustina-lassegnazione-del-premio-intitolato-a-giovanni-paolo-ii\/"]}]},{"@type":"ImageObject","inLanguage":"fr-FR","@id":"https:\/\/www.bellunopress.it\/2019\/10\/23\/sabato-a-s-giustina-lassegnazione-del-premio-intitolato-a-giovanni-paolo-ii\/#primaryimage","url":"http:\/\/www.bellunopress.it\/wp-content\/uploads\/2019\/10\/foto-anc-santa-giustina-e1571754692626.jpg","contentUrl":"http:\/\/www.bellunopress.it\/wp-content\/uploads\/2019\/10\/foto-anc-santa-giustina-e1571754692626.jpg"},{"@type":"BreadcrumbList","@id":"https:\/\/www.bellunopress.it\/2019\/10\/23\/sabato-a-s-giustina-lassegnazione-del-premio-intitolato-a-giovanni-paolo-ii\/#breadcrumb","itemListElement":[{"@type":"ListItem","position":1,"name":"Home","item":"https:\/\/www.bellunopress.it\/"},{"@type":"ListItem","position":2,"name":"Sabato 26 ottobre a S.Giustina l&#8217;assegnazione del Premio intitolato a Giovanni Paolo II"}]},{"@type":"WebSite","@id":"https:\/\/www.bellunopress.it\/#website","url":"https:\/\/www.bellunopress.it\/","name":"Bellunopress - Dolomiti","description":"e-mail: redazione@bellunopress.it","publisher":{"@id":"https:\/\/www.bellunopress.it\/#organization"},"potentialAction":[{"@type":"SearchAction","target":{"@type":"EntryPoint","urlTemplate":"https:\/\/www.bellunopress.it\/?s={search_term_string}"},"query-input":{"@type":"PropertyValueSpecification","valueRequired":true,"valueName":"search_term_string"}}],"inLanguage":"fr-FR"},{"@type":"Organization","@id":"https:\/\/www.bellunopress.it\/#organization","name":"Bellunopress","url":"https:\/\/www.bellunopress.it\/","logo":{"@type":"ImageObject","inLanguage":"fr-FR","@id":"https:\/\/www.bellunopress.it\/#\/schema\/logo\/image\/","url":"https:\/\/www.bellunopress.it\/wp-content\/uploads\/2011\/05\/cropped-logo-bellunopress-.jpg","contentUrl":"https:\/\/www.bellunopress.it\/wp-content\/uploads\/2011\/05\/cropped-logo-bellunopress-.jpg","width":512,"height":512,"caption":"Bellunopress"},"image":{"@id":"https:\/\/www.bellunopress.it\/#\/schema\/logo\/image\/"},"sameAs":["https:\/\/www.facebook.com\/profile.php?id=100008943462799","https:\/\/x.com\/bellunopress","https:\/\/www.linkedin.com\/hp\/?dnr=JBzUWaJfMUw8vbXJJ2tVW5-I3jZKvC4wsoxE&amp;amp;amp;amp;amp;amp;trk=nav_responsive_tab_home","https:\/\/www.youtube.com\/channel\/UCxL0wu1uN0_3_7hGG0306cw"]},{"@type":"Person","@id":"https:\/\/www.bellunopress.it\/#\/schema\/person\/79bb06722b37ece1c03d3e94beb30d73","name":"r\u00e9daction","image":{"@type":"ImageObject","inLanguage":"fr-FR","@id":"https:\/\/secure.gravatar.com\/avatar\/37d968a2e67a6fd04c169c4bdef102d0bc5d31b2546345219e348575eb80e9a0?s=96&d=mm&r=g","url":"https:\/\/secure.gravatar.com\/avatar\/37d968a2e67a6fd04c169c4bdef102d0bc5d31b2546345219e348575eb80e9a0?s=96&d=mm&r=g","contentUrl":"https:\/\/secure.gravatar.com\/avatar\/37d968a2e67a6fd04c169c4bdef102d0bc5d31b2546345219e348575eb80e9a0?s=96&d=mm&r=g","caption":"redazione"},"sameAs":["http:\/\/www.bellunopress.it","https:\/\/x.com\/bellunopress"],"url":"https:\/\/www.bellunopress.it\/fr\/author\/redazione\/"}]}},"_links":{"self":[{"href":"https:\/\/www.bellunopress.it\/fr\/wp-json\/wp\/v2\/posts\/108962","targetHints":{"allow":["GET"]}}],"collection":[{"href":"https:\/\/www.bellunopress.it\/fr\/wp-json\/wp\/v2\/posts"}],"about":[{"href":"https:\/\/www.bellunopress.it\/fr\/wp-json\/wp\/v2\/types\/post"}],"author":[{"embeddable":true,"href":"https:\/\/www.bellunopress.it\/fr\/wp-json\/wp\/v2\/users\/2"}],"replies":[{"embeddable":true,"href":"https:\/\/www.bellunopress.it\/fr\/wp-json\/wp\/v2\/comments?post=108962"}],"version-history":[{"count":4,"href":"https:\/\/www.bellunopress.it\/fr\/wp-json\/wp\/v2\/posts\/108962\/revisions"}],"predecessor-version":[{"id":108967,"href":"https:\/\/www.bellunopress.it\/fr\/wp-json\/wp\/v2\/posts\/108962\/revisions\/108967"}],"wp:attachment":[{"href":"https:\/\/www.bellunopress.it\/fr\/wp-json\/wp\/v2\/media?parent=108962"}],"wp:term":[{"taxonomy":"category","embeddable":true,"href":"https:\/\/www.bellunopress.it\/fr\/wp-json\/wp\/v2\/categories?post=108962"},{"taxonomy":"post_tag","embeddable":true,"href":"https:\/\/www.bellunopress.it\/fr\/wp-json\/wp\/v2\/tags?post=108962"}],"curies":[{"name":"wp","href":"https:\/\/api.w.org\/{rel}","templated":true}]}}