{"id":108959,"date":"2019-10-22T12:17:59","date_gmt":"2019-10-22T10:17:59","guid":{"rendered":"http:\/\/www.bellunopress.it\/?p=108959"},"modified":"2019-10-21T22:18:52","modified_gmt":"2019-10-21T20:18:52","slug":"silvia-mosena-terza-su-peugeot-208-r2-della-cronoscalata-pedavena-croce-daune","status":"publish","type":"post","link":"https:\/\/www.bellunopress.it\/fr\/2019\/10\/22\/silvia-mosena-terza-su-peugeot-208-r2-della-cronoscalata-pedavena-croce-daune\/","title":{"rendered":"Silvia Mosena terza su Peugeot 208 R2 della Cronoscalata Pedavena &#8211; Croce d&#8217;Aune"},"content":{"rendered":"<figure id=\"attachment_108960\" aria-describedby=\"caption-attachment-108960\" style=\"width: 300px\" class=\"wp-caption alignleft\"><a href=\"http:\/\/www.bellunopress.it\/fr\/?attachment_id=108960\" rel=\"attachment wp-att-108960\"><img loading=\"lazy\" decoding=\"async\" class=\"size-full wp-image-108960\" src=\"http:\/\/www.bellunopress.it\/wp-content\/uploads\/2019\/10\/Silvia-Mosena-su-Peugeot-Foto-Flavio-Casoni.jpg\" alt=\"\" width=\"300\" height=\"175\" \/><\/a><figcaption id=\"caption-attachment-108960\" class=\"wp-caption-text\">Silvia Mosena su Peugeot 208 R2 (Foto: Flavio Casoni)<\/figcaption><\/figure>\n<p><em>L&#8217;ultimo atto del Campionato Italiano Velocit\u00e0 Montagna vede la pilota di Mel, al debutto sulla Peugeot 208 R2 di Baldon Rally, chiudere al terzo posto nel femminile.<\/em><\/p>\n<p>Castelgomberto (VI), 21 Ottobre 2019 \u2013 Una prima pi\u00f9 che positiva per Silvia Mosena, la quale conclude l&#8217;edizione numero trentasette della Cronoscalata Pedavena &#8211; Croce D&#8217;Aune salendo sul terzo gradino del podio nella classifica riservata alle dame.<\/p>\n<p>Il risultato, contornato dall&#8217;ottava piazza in classe A 1600, conferma un buon feeling costruito dalla pilota di Mel nella due giorni bellunese, andata in scena nel recente fine settimana.<\/p>\n<p>Tanta la soddisfazione in casa Baldon Rally per aver archiviato un&#8217;altra trasferta in attivo, a conferma della competitivit\u00e0 e dell&#8217;affidabilit\u00e0 che caratterizzano le vetture del team vicentino.<\/p>\n<p>Una prima giornata difficile da interpretare, quella delle prove ufficiali del Sabato, vedeva protagonista una pioggia altalenante che non rendeva la vita facile a Mosena, calatasi per la prima volta nell&#8217;abitacolo di una Peugeot 208 R2 targata Baldon Rally.<\/p>\n<p>&#8220;Nella prima giornata di prove ufficiali \u00e8 stata abbastanza difficile&#8221; \u2013 racconta Mosena \u2013 &#8220;perch\u00e8 la pioggia andava e veniva ma la strada rimaneva sempre scivolosa. Con calma, senza farmi prendere dalla foga, ho cercato di prendere le misure alle frenate. Man mano che i chilometri passavano ho preso sempre pi\u00f9 confidenza con il cambio sequenziale. In condizioni meteo cos\u00ec variabili l&#8217;esperienza dei ragazzi di Baldon Rally \u00e8 stata determinante. Una partenza positiva.&#8221;<\/p>\n<p>Conclusa la tornata di prove ufficiali ai piedi del podio in rosa, quarta in entrambe le salite, il Campionato Italiano Velocit\u00e0 Montagna dava il via ufficiale all&#8217;ultimo evento stagionale.<\/p>\n<p>In una Domenica caratterizzata da un clima decisamente pi\u00f9 mite, complice l&#8217;assenza della pioggia, Mosena chiudeva gara 1 con il terzo tempo nella classifica femminile.<\/p>\n<p>Un risultato che veniva consolidato anche nella seconda tornata, nuovamente terzo parziale ma con un sensibile miglioramento a livello cronometrico, a conferma della crescita di feeling.<\/p>\n<p>Un podio che gratifica la bellunese, di fronte al pubblico di casa, e tutto il team Baldon Rally.<\/p>\n<p>&#8220;Domenica \u00e8 andata decisamente meglio&#8221; \u2013 sottolinea Mosena \u2013 &#8220;perch\u00e8 con il fondo asciutto ho avuto la possibilit\u00e0 di spingere e, di conseguenza, di divertirmi molto di pi\u00f9. La Peugeot 208 R2 di Baldon Rally \u00e8 stata impeccabile ed il team, capitanato da Alessandro, \u00e8 stato davvero disponibile e capace di indicarmi la strada giusta nei momenti pi\u00f9 difficili. Sono molto soddisfatta del risultato ottenuto. Terza del femminile, dietro alla Ronconi con una monoposto ed alla Broccolini. In pratica ho centrato il mio obiettivo. Sono consapevole che si pu\u00f2 andare molto pi\u00f9 forte ma sono gi\u00e0 contenta cos\u00ec. Spero di risalire al pi\u00f9 presto su questa vettura.&#8221;<\/p>\n<p>Gli fa eco Alessandro Baldon, titolare di Baldon Rally.\u00a0&#8220;Ringraziamo Silvia per averci dato fiducia&#8221; \u2013 racconta Baldon \u2013 &#8220;e siamo contenti che possa aver raggiunto il suo obiettivo. \u00c8 stata molto brava a condurre una gara molto intelligente.&#8221;<\/p>","protected":false},"excerpt":{"rendered":"<p>L&#8217;ultimo atto del Campionato Italiano Velocit\u00e0 Montagna vede la pilota di Mel, al debutto sulla Peugeot 208 R2 di Baldon Rally, chiudere al terzo posto nel femminile. Castelgomberto (VI), 21 Ottobre 2019 \u2013 Una prima pi\u00f9 che positiva per Silvia Mosena, la quale conclude l&#8217;edizione numero trentasette della Cronoscalata Pedavena &#8211; Croce D&#8217;Aune salendo sul [&hellip;]<\/p>\n","protected":false},"author":2,"featured_media":0,"comment_status":"closed","ping_status":"open","sticky":false,"template":"","format":"standard","meta":{"footnotes":""},"categories":[26,4],"tags":[],"class_list":["post-108959","post","type-post","status-publish","format-standard","category-prima-pagina","category-sport"],"yoast_head":"<!-- This site is optimized with the Yoast SEO plugin v28.4 - https:\/\/yoast.com\/product\/yoast-seo-wordpress\/ -->\n<title>Silvia Mosena terza su Peugeot 208 R2 della Cronoscalata Pedavena - Croce d&#039;Aune - Bellunopress - Dolomiti<\/title>\n<meta name=\"robots\" content=\"index, follow, max-snippet:-1, max-image-preview:large, max-video-preview:-1\" \/>\n<link rel=\"canonical\" href=\"https:\/\/www.bellunopress.it\/fr\/2019\/10\/22\/silvia-mosena-terza-su-peugeot-208-r2-della-cronoscalata-pedavena-croce-daune\/\" \/>\n<meta property=\"og:locale\" content=\"fr_FR\" \/>\n<meta property=\"og:type\" content=\"article\" \/>\n<meta property=\"og:title\" content=\"Silvia Mosena terza su Peugeot 208 R2 della Cronoscalata Pedavena - Croce d&#039;Aune - Bellunopress - Dolomiti\" \/>\n<meta property=\"og:description\" content=\"L&#8217;ultimo atto del Campionato Italiano Velocit\u00e0 Montagna vede la pilota di Mel, al debutto sulla Peugeot 208 R2 di Baldon Rally, chiudere al terzo posto nel femminile. Castelgomberto (VI), 21 Ottobre 2019 \u2013 Una prima pi\u00f9 che positiva per Silvia Mosena, la quale conclude l&#8217;edizione numero trentasette della Cronoscalata Pedavena &#8211; Croce D&#8217;Aune salendo sul [&hellip;]\" \/>\n<meta property=\"og:url\" content=\"https:\/\/www.bellunopress.it\/fr\/2019\/10\/22\/silvia-mosena-terza-su-peugeot-208-r2-della-cronoscalata-pedavena-croce-daune\/\" \/>\n<meta property=\"og:site_name\" content=\"Bellunopress - Dolomiti\" \/>\n<meta property=\"article:publisher\" content=\"https:\/\/www.facebook.com\/profile.php?id=100008943462799\" \/>\n<meta property=\"article:published_time\" content=\"2019-10-22T10:17:59+00:00\" \/>\n<meta property=\"og:image\" content=\"http:\/\/www.bellunopress.it\/wp-content\/uploads\/2019\/10\/Silvia-Mosena-su-Peugeot-Foto-Flavio-Casoni.jpg\" \/>\n<meta name=\"author\" content=\"redazione\" \/>\n<meta name=\"twitter:card\" content=\"summary_large_image\" \/>\n<meta name=\"twitter:creator\" content=\"@bellunopress\" \/>\n<meta name=\"twitter:site\" content=\"@bellunopress\" \/>\n<meta name=\"twitter:label1\" content=\"\u00c9crit par\" \/>\n\t<meta name=\"twitter:data1\" content=\"redazione\" \/>\n\t<meta name=\"twitter:label2\" content=\"Dur\u00e9e de lecture estim\u00e9e\" \/>\n\t<meta name=\"twitter:data2\" content=\"2 minutes\" \/>\n<script type=\"application\/ld+json\" class=\"yoast-schema-graph\">{\"@context\":\"https:\\\/\\\/schema.org\",\"@graph\":[{\"@type\":\"Article\",\"@id\":\"https:\\\/\\\/www.bellunopress.it\\\/2019\\\/10\\\/22\\\/silvia-mosena-terza-su-peugeot-208-r2-della-cronoscalata-pedavena-croce-daune\\\/#article\",\"isPartOf\":{\"@id\":\"https:\\\/\\\/www.bellunopress.it\\\/2019\\\/10\\\/22\\\/silvia-mosena-terza-su-peugeot-208-r2-della-cronoscalata-pedavena-croce-daune\\\/\"},\"author\":{\"name\":\"redazione\",\"@id\":\"https:\\\/\\\/www.bellunopress.it\\\/#\\\/schema\\\/person\\\/79bb06722b37ece1c03d3e94beb30d73\"},\"headline\":\"Silvia Mosena terza su Peugeot 208 R2 della Cronoscalata Pedavena &#8211; Croce d&#8217;Aune\",\"datePublished\":\"2019-10-22T10:17:59+00:00\",\"mainEntityOfPage\":{\"@id\":\"https:\\\/\\\/www.bellunopress.it\\\/2019\\\/10\\\/22\\\/silvia-mosena-terza-su-peugeot-208-r2-della-cronoscalata-pedavena-croce-daune\\\/\"},\"wordCount\":494,\"publisher\":{\"@id\":\"https:\\\/\\\/www.bellunopress.it\\\/#organization\"},\"image\":{\"@id\":\"https:\\\/\\\/www.bellunopress.it\\\/2019\\\/10\\\/22\\\/silvia-mosena-terza-su-peugeot-208-r2-della-cronoscalata-pedavena-croce-daune\\\/#primaryimage\"},\"thumbnailUrl\":\"http:\\\/\\\/www.bellunopress.it\\\/wp-content\\\/uploads\\\/2019\\\/10\\\/Silvia-Mosena-su-Peugeot-Foto-Flavio-Casoni.jpg\",\"articleSection\":[\"Prima Pagina\",\"Sport, tempo libero\"],\"inLanguage\":\"fr-FR\"},{\"@type\":\"WebPage\",\"@id\":\"https:\\\/\\\/www.bellunopress.it\\\/2019\\\/10\\\/22\\\/silvia-mosena-terza-su-peugeot-208-r2-della-cronoscalata-pedavena-croce-daune\\\/\",\"url\":\"https:\\\/\\\/www.bellunopress.it\\\/2019\\\/10\\\/22\\\/silvia-mosena-terza-su-peugeot-208-r2-della-cronoscalata-pedavena-croce-daune\\\/\",\"name\":\"Silvia Mosena terza su Peugeot 208 R2 della Cronoscalata Pedavena - Croce d'Aune - Bellunopress - Dolomiti\",\"isPartOf\":{\"@id\":\"https:\\\/\\\/www.bellunopress.it\\\/#website\"},\"primaryImageOfPage\":{\"@id\":\"https:\\\/\\\/www.bellunopress.it\\\/2019\\\/10\\\/22\\\/silvia-mosena-terza-su-peugeot-208-r2-della-cronoscalata-pedavena-croce-daune\\\/#primaryimage\"},\"image\":{\"@id\":\"https:\\\/\\\/www.bellunopress.it\\\/2019\\\/10\\\/22\\\/silvia-mosena-terza-su-peugeot-208-r2-della-cronoscalata-pedavena-croce-daune\\\/#primaryimage\"},\"thumbnailUrl\":\"http:\\\/\\\/www.bellunopress.it\\\/wp-content\\\/uploads\\\/2019\\\/10\\\/Silvia-Mosena-su-Peugeot-Foto-Flavio-Casoni.jpg\",\"datePublished\":\"2019-10-22T10:17:59+00:00\",\"breadcrumb\":{\"@id\":\"https:\\\/\\\/www.bellunopress.it\\\/2019\\\/10\\\/22\\\/silvia-mosena-terza-su-peugeot-208-r2-della-cronoscalata-pedavena-croce-daune\\\/#breadcrumb\"},\"inLanguage\":\"fr-FR\",\"potentialAction\":[{\"@type\":\"ReadAction\",\"target\":[\"https:\\\/\\\/www.bellunopress.it\\\/2019\\\/10\\\/22\\\/silvia-mosena-terza-su-peugeot-208-r2-della-cronoscalata-pedavena-croce-daune\\\/\"]}]},{\"@type\":\"ImageObject\",\"inLanguage\":\"fr-FR\",\"@id\":\"https:\\\/\\\/www.bellunopress.it\\\/2019\\\/10\\\/22\\\/silvia-mosena-terza-su-peugeot-208-r2-della-cronoscalata-pedavena-croce-daune\\\/#primaryimage\",\"url\":\"http:\\\/\\\/www.bellunopress.it\\\/wp-content\\\/uploads\\\/2019\\\/10\\\/Silvia-Mosena-su-Peugeot-Foto-Flavio-Casoni.jpg\",\"contentUrl\":\"http:\\\/\\\/www.bellunopress.it\\\/wp-content\\\/uploads\\\/2019\\\/10\\\/Silvia-Mosena-su-Peugeot-Foto-Flavio-Casoni.jpg\"},{\"@type\":\"BreadcrumbList\",\"@id\":\"https:\\\/\\\/www.bellunopress.it\\\/2019\\\/10\\\/22\\\/silvia-mosena-terza-su-peugeot-208-r2-della-cronoscalata-pedavena-croce-daune\\\/#breadcrumb\",\"itemListElement\":[{\"@type\":\"ListItem\",\"position\":1,\"name\":\"Home\",\"item\":\"https:\\\/\\\/www.bellunopress.it\\\/\"},{\"@type\":\"ListItem\",\"position\":2,\"name\":\"Silvia Mosena terza su Peugeot 208 R2 della Cronoscalata Pedavena &#8211; Croce d&#8217;Aune\"}]},{\"@type\":\"WebSite\",\"@id\":\"https:\\\/\\\/www.bellunopress.it\\\/#website\",\"url\":\"https:\\\/\\\/www.bellunopress.it\\\/\",\"name\":\"Bellunopress - Dolomiti\",\"description\":\"e-mail: redazione@bellunopress.it\",\"publisher\":{\"@id\":\"https:\\\/\\\/www.bellunopress.it\\\/#organization\"},\"potentialAction\":[{\"@type\":\"SearchAction\",\"target\":{\"@type\":\"EntryPoint\",\"urlTemplate\":\"https:\\\/\\\/www.bellunopress.it\\\/?s={search_term_string}\"},\"query-input\":{\"@type\":\"PropertyValueSpecification\",\"valueRequired\":true,\"valueName\":\"search_term_string\"}}],\"inLanguage\":\"fr-FR\"},{\"@type\":\"Organization\",\"@id\":\"https:\\\/\\\/www.bellunopress.it\\\/#organization\",\"name\":\"Bellunopress\",\"url\":\"https:\\\/\\\/www.bellunopress.it\\\/\",\"logo\":{\"@type\":\"ImageObject\",\"inLanguage\":\"fr-FR\",\"@id\":\"https:\\\/\\\/www.bellunopress.it\\\/#\\\/schema\\\/logo\\\/image\\\/\",\"url\":\"https:\\\/\\\/www.bellunopress.it\\\/wp-content\\\/uploads\\\/2011\\\/05\\\/cropped-logo-bellunopress-.jpg\",\"contentUrl\":\"https:\\\/\\\/www.bellunopress.it\\\/wp-content\\\/uploads\\\/2011\\\/05\\\/cropped-logo-bellunopress-.jpg\",\"width\":512,\"height\":512,\"caption\":\"Bellunopress\"},\"image\":{\"@id\":\"https:\\\/\\\/www.bellunopress.it\\\/#\\\/schema\\\/logo\\\/image\\\/\"},\"sameAs\":[\"https:\\\/\\\/www.facebook.com\\\/profile.php?id=100008943462799\",\"https:\\\/\\\/x.com\\\/bellunopress\",\"https:\\\/\\\/www.linkedin.com\\\/hp\\\/?dnr=JBzUWaJfMUw8vbXJJ2tVW5-I3jZKvC4wsoxE&amp;amp;amp;amp;amp;amp;trk=nav_responsive_tab_home\",\"https:\\\/\\\/www.youtube.com\\\/channel\\\/UCxL0wu1uN0_3_7hGG0306cw\"]},{\"@type\":\"Person\",\"@id\":\"https:\\\/\\\/www.bellunopress.it\\\/#\\\/schema\\\/person\\\/79bb06722b37ece1c03d3e94beb30d73\",\"name\":\"redazione\",\"image\":{\"@type\":\"ImageObject\",\"inLanguage\":\"fr-FR\",\"@id\":\"https:\\\/\\\/secure.gravatar.com\\\/avatar\\\/37d968a2e67a6fd04c169c4bdef102d0bc5d31b2546345219e348575eb80e9a0?s=96&d=mm&r=g\",\"url\":\"https:\\\/\\\/secure.gravatar.com\\\/avatar\\\/37d968a2e67a6fd04c169c4bdef102d0bc5d31b2546345219e348575eb80e9a0?s=96&d=mm&r=g\",\"contentUrl\":\"https:\\\/\\\/secure.gravatar.com\\\/avatar\\\/37d968a2e67a6fd04c169c4bdef102d0bc5d31b2546345219e348575eb80e9a0?s=96&d=mm&r=g\",\"caption\":\"redazione\"},\"sameAs\":[\"http:\\\/\\\/www.bellunopress.it\",\"https:\\\/\\\/x.com\\\/bellunopress\"],\"url\":\"https:\\\/\\\/www.bellunopress.it\\\/fr\\\/author\\\/redazione\\\/\"}]}<\/script>\n<!-- \/ Yoast SEO plugin. -->","yoast_head_json":{"title":"Silvia Mosena terza su Peugeot 208 R2 della Cronoscalata Pedavena - Croce d'Aune - Bellunopress - Dolomiti","robots":{"index":"index","follow":"follow","max-snippet":"max-snippet:-1","max-image-preview":"max-image-preview:large","max-video-preview":"max-video-preview:-1"},"canonical":"https:\/\/www.bellunopress.it\/fr\/2019\/10\/22\/silvia-mosena-terza-su-peugeot-208-r2-della-cronoscalata-pedavena-croce-daune\/","og_locale":"fr_FR","og_type":"article","og_title":"Silvia Mosena terza su Peugeot 208 R2 della Cronoscalata Pedavena - Croce d'Aune - Bellunopress - Dolomiti","og_description":"L&#8217;ultimo atto del Campionato Italiano Velocit\u00e0 Montagna vede la pilota di Mel, al debutto sulla Peugeot 208 R2 di Baldon Rally, chiudere al terzo posto nel femminile. Castelgomberto (VI), 21 Ottobre 2019 \u2013 Una prima pi\u00f9 che positiva per Silvia Mosena, la quale conclude l&#8217;edizione numero trentasette della Cronoscalata Pedavena &#8211; Croce D&#8217;Aune salendo sul [&hellip;]","og_url":"https:\/\/www.bellunopress.it\/fr\/2019\/10\/22\/silvia-mosena-terza-su-peugeot-208-r2-della-cronoscalata-pedavena-croce-daune\/","og_site_name":"Bellunopress - Dolomiti","article_publisher":"https:\/\/www.facebook.com\/profile.php?id=100008943462799","article_published_time":"2019-10-22T10:17:59+00:00","og_image":[{"url":"http:\/\/www.bellunopress.it\/wp-content\/uploads\/2019\/10\/Silvia-Mosena-su-Peugeot-Foto-Flavio-Casoni.jpg","type":"","width":"","height":""}],"author":"redazione","twitter_card":"summary_large_image","twitter_creator":"@bellunopress","twitter_site":"@bellunopress","twitter_misc":{"\u00c9crit par":"redazione","Dur\u00e9e de lecture estim\u00e9e":"2 minutes"},"schema":{"@context":"https:\/\/schema.org","@graph":[{"@type":"Article","@id":"https:\/\/www.bellunopress.it\/2019\/10\/22\/silvia-mosena-terza-su-peugeot-208-r2-della-cronoscalata-pedavena-croce-daune\/#article","isPartOf":{"@id":"https:\/\/www.bellunopress.it\/2019\/10\/22\/silvia-mosena-terza-su-peugeot-208-r2-della-cronoscalata-pedavena-croce-daune\/"},"author":{"name":"redazione","@id":"https:\/\/www.bellunopress.it\/#\/schema\/person\/79bb06722b37ece1c03d3e94beb30d73"},"headline":"Silvia Mosena terza su Peugeot 208 R2 della Cronoscalata Pedavena &#8211; Croce d&#8217;Aune","datePublished":"2019-10-22T10:17:59+00:00","mainEntityOfPage":{"@id":"https:\/\/www.bellunopress.it\/2019\/10\/22\/silvia-mosena-terza-su-peugeot-208-r2-della-cronoscalata-pedavena-croce-daune\/"},"wordCount":494,"publisher":{"@id":"https:\/\/www.bellunopress.it\/#organization"},"image":{"@id":"https:\/\/www.bellunopress.it\/2019\/10\/22\/silvia-mosena-terza-su-peugeot-208-r2-della-cronoscalata-pedavena-croce-daune\/#primaryimage"},"thumbnailUrl":"http:\/\/www.bellunopress.it\/wp-content\/uploads\/2019\/10\/Silvia-Mosena-su-Peugeot-Foto-Flavio-Casoni.jpg","articleSection":["Prima Pagina","Sport, tempo libero"],"inLanguage":"fr-FR"},{"@type":"WebPage","@id":"https:\/\/www.bellunopress.it\/2019\/10\/22\/silvia-mosena-terza-su-peugeot-208-r2-della-cronoscalata-pedavena-croce-daune\/","url":"https:\/\/www.bellunopress.it\/2019\/10\/22\/silvia-mosena-terza-su-peugeot-208-r2-della-cronoscalata-pedavena-croce-daune\/","name":"Silvia Mosena terza su Peugeot 208 R2 della Cronoscalata Pedavena - Croce d'Aune - Bellunopress - Dolomiti","isPartOf":{"@id":"https:\/\/www.bellunopress.it\/#website"},"primaryImageOfPage":{"@id":"https:\/\/www.bellunopress.it\/2019\/10\/22\/silvia-mosena-terza-su-peugeot-208-r2-della-cronoscalata-pedavena-croce-daune\/#primaryimage"},"image":{"@id":"https:\/\/www.bellunopress.it\/2019\/10\/22\/silvia-mosena-terza-su-peugeot-208-r2-della-cronoscalata-pedavena-croce-daune\/#primaryimage"},"thumbnailUrl":"http:\/\/www.bellunopress.it\/wp-content\/uploads\/2019\/10\/Silvia-Mosena-su-Peugeot-Foto-Flavio-Casoni.jpg","datePublished":"2019-10-22T10:17:59+00:00","breadcrumb":{"@id":"https:\/\/www.bellunopress.it\/2019\/10\/22\/silvia-mosena-terza-su-peugeot-208-r2-della-cronoscalata-pedavena-croce-daune\/#breadcrumb"},"inLanguage":"fr-FR","potentialAction":[{"@type":"ReadAction","target":["https:\/\/www.bellunopress.it\/2019\/10\/22\/silvia-mosena-terza-su-peugeot-208-r2-della-cronoscalata-pedavena-croce-daune\/"]}]},{"@type":"ImageObject","inLanguage":"fr-FR","@id":"https:\/\/www.bellunopress.it\/2019\/10\/22\/silvia-mosena-terza-su-peugeot-208-r2-della-cronoscalata-pedavena-croce-daune\/#primaryimage","url":"http:\/\/www.bellunopress.it\/wp-content\/uploads\/2019\/10\/Silvia-Mosena-su-Peugeot-Foto-Flavio-Casoni.jpg","contentUrl":"http:\/\/www.bellunopress.it\/wp-content\/uploads\/2019\/10\/Silvia-Mosena-su-Peugeot-Foto-Flavio-Casoni.jpg"},{"@type":"BreadcrumbList","@id":"https:\/\/www.bellunopress.it\/2019\/10\/22\/silvia-mosena-terza-su-peugeot-208-r2-della-cronoscalata-pedavena-croce-daune\/#breadcrumb","itemListElement":[{"@type":"ListItem","position":1,"name":"Home","item":"https:\/\/www.bellunopress.it\/"},{"@type":"ListItem","position":2,"name":"Silvia Mosena terza su Peugeot 208 R2 della Cronoscalata Pedavena &#8211; Croce d&#8217;Aune"}]},{"@type":"WebSite","@id":"https:\/\/www.bellunopress.it\/#website","url":"https:\/\/www.bellunopress.it\/","name":"Bellunopress - Dolomiti","description":"e-mail: redazione@bellunopress.it","publisher":{"@id":"https:\/\/www.bellunopress.it\/#organization"},"potentialAction":[{"@type":"SearchAction","target":{"@type":"EntryPoint","urlTemplate":"https:\/\/www.bellunopress.it\/?s={search_term_string}"},"query-input":{"@type":"PropertyValueSpecification","valueRequired":true,"valueName":"search_term_string"}}],"inLanguage":"fr-FR"},{"@type":"Organization","@id":"https:\/\/www.bellunopress.it\/#organization","name":"Bellunopress","url":"https:\/\/www.bellunopress.it\/","logo":{"@type":"ImageObject","inLanguage":"fr-FR","@id":"https:\/\/www.bellunopress.it\/#\/schema\/logo\/image\/","url":"https:\/\/www.bellunopress.it\/wp-content\/uploads\/2011\/05\/cropped-logo-bellunopress-.jpg","contentUrl":"https:\/\/www.bellunopress.it\/wp-content\/uploads\/2011\/05\/cropped-logo-bellunopress-.jpg","width":512,"height":512,"caption":"Bellunopress"},"image":{"@id":"https:\/\/www.bellunopress.it\/#\/schema\/logo\/image\/"},"sameAs":["https:\/\/www.facebook.com\/profile.php?id=100008943462799","https:\/\/x.com\/bellunopress","https:\/\/www.linkedin.com\/hp\/?dnr=JBzUWaJfMUw8vbXJJ2tVW5-I3jZKvC4wsoxE&amp;amp;amp;amp;amp;amp;trk=nav_responsive_tab_home","https:\/\/www.youtube.com\/channel\/UCxL0wu1uN0_3_7hGG0306cw"]},{"@type":"Person","@id":"https:\/\/www.bellunopress.it\/#\/schema\/person\/79bb06722b37ece1c03d3e94beb30d73","name":"r\u00e9daction","image":{"@type":"ImageObject","inLanguage":"fr-FR","@id":"https:\/\/secure.gravatar.com\/avatar\/37d968a2e67a6fd04c169c4bdef102d0bc5d31b2546345219e348575eb80e9a0?s=96&d=mm&r=g","url":"https:\/\/secure.gravatar.com\/avatar\/37d968a2e67a6fd04c169c4bdef102d0bc5d31b2546345219e348575eb80e9a0?s=96&d=mm&r=g","contentUrl":"https:\/\/secure.gravatar.com\/avatar\/37d968a2e67a6fd04c169c4bdef102d0bc5d31b2546345219e348575eb80e9a0?s=96&d=mm&r=g","caption":"redazione"},"sameAs":["http:\/\/www.bellunopress.it","https:\/\/x.com\/bellunopress"],"url":"https:\/\/www.bellunopress.it\/fr\/author\/redazione\/"}]}},"_links":{"self":[{"href":"https:\/\/www.bellunopress.it\/fr\/wp-json\/wp\/v2\/posts\/108959","targetHints":{"allow":["GET"]}}],"collection":[{"href":"https:\/\/www.bellunopress.it\/fr\/wp-json\/wp\/v2\/posts"}],"about":[{"href":"https:\/\/www.bellunopress.it\/fr\/wp-json\/wp\/v2\/types\/post"}],"author":[{"embeddable":true,"href":"https:\/\/www.bellunopress.it\/fr\/wp-json\/wp\/v2\/users\/2"}],"replies":[{"embeddable":true,"href":"https:\/\/www.bellunopress.it\/fr\/wp-json\/wp\/v2\/comments?post=108959"}],"version-history":[{"count":1,"href":"https:\/\/www.bellunopress.it\/fr\/wp-json\/wp\/v2\/posts\/108959\/revisions"}],"predecessor-version":[{"id":108961,"href":"https:\/\/www.bellunopress.it\/fr\/wp-json\/wp\/v2\/posts\/108959\/revisions\/108961"}],"wp:attachment":[{"href":"https:\/\/www.bellunopress.it\/fr\/wp-json\/wp\/v2\/media?parent=108959"}],"wp:term":[{"taxonomy":"category","embeddable":true,"href":"https:\/\/www.bellunopress.it\/fr\/wp-json\/wp\/v2\/categories?post=108959"},{"taxonomy":"post_tag","embeddable":true,"href":"https:\/\/www.bellunopress.it\/fr\/wp-json\/wp\/v2\/tags?post=108959"}],"curies":[{"name":"wp","href":"https:\/\/api.w.org\/{rel}","templated":true}]}}