{"id":108957,"date":"2019-10-22T10:50:17","date_gmt":"2019-10-22T08:50:17","guid":{"rendered":"http:\/\/www.bellunopress.it\/?p=108957"},"modified":"2019-10-21T21:56:56","modified_gmt":"2019-10-21T19:56:56","slug":"visioni-fuori-luogo-la-montagna-che-r-esiste-giornata-di-studio-al-liceo-dal-paz-di-feltre","status":"publish","type":"post","link":"https:\/\/www.bellunopress.it\/fr\/2019\/10\/22\/visioni-fuori-luogo-la-montagna-che-r-esiste-giornata-di-studio-al-liceo-dal-paz-di-feltre\/","title":{"rendered":"Visioni fuori luogo. La montagna che r-esiste. Giornata di studio al Liceo &#8220;Dal Paz&#8221; di Feltre"},"content":{"rendered":"<p><em>Giornata di Studio conclusiva del Progetto \u2018VISIONI FUORI-LUOGO. La Montagna che r-Esiste\u2019 &#8211; Piano Nazionale Cinema per la Scuola MIUR\/MIBAC 2019<\/em><\/p>\n<p>Il Liceo Dal Piaz di Feltre, il giorno 8 novembre , nella sede di via Colombo, organizza una giornata di studio conclusiva del Progetto \u2018Visioni fuori &#8211; luogo. La Montagna che r-Esiste\u2019 &#8211; Piano Nazionale Cinema per la Scuola MIUR\/MIBAC 2019.<\/p>\n<figure id=\"attachment_106308\" aria-describedby=\"caption-attachment-106308\" style=\"width: 300px\" class=\"wp-caption alignleft\"><a href=\"http:\/\/www.bellunopress.it\/fr\/2019\/07\/17\/cercasi-ragazza-dai-15-ai-29-anni-per-il-documentario-visioni-fuori-luogo-la-montagna-che-r-esiste-domenica-e-martedi-al-campus-tina-merlin-di-feltre\/liceo-giorgio-dal-piaz-feltre\/\" rel=\"attachment wp-att-106308\"><img loading=\"lazy\" decoding=\"async\" class=\"size-full wp-image-106308\" src=\"http:\/\/www.bellunopress.it\/wp-content\/uploads\/2019\/07\/Liceo-Giorgio-Dal-Piaz-Feltre.jpg\" alt=\"\" width=\"300\" height=\"226\" \/><\/a><figcaption id=\"caption-attachment-106308\" class=\"wp-caption-text\">Liceo Giorgio Dal Piaz &#8211; Feltre<\/figcaption><\/figure>\n<p>In questi mesi sono state organizzate diverse iniziative e sono state effettuate tutte le riprese previste per il Docufilm sulla montagna bellunese \u2018tra spopolamento e r- Esistenza\u2019; \u00e8 inizierato il montaggio a cui seguir\u00e0 la post-produzione. Il lavoro sar\u00e0 consegnato al MIUR intorno al 15 dicembre.<br \/>\nA conclusione di questo percorso abbiamo ritenuto importante che i temi e gli interrogativi del progetto trovassero un momento di sintesi e riflessione prima della consegna del Docufilm; abbiamo ritenuto doveroso che il lavoro svolto in questi mesi dal Laboratorio Cinema venisse condiviso con altri studenti e con la cittadinanza e che tutti i partner, alla fine di questo percorso, avessero la possibilit\u00e0 di dare un loro apporto al progetto. Ci \u00e8 sembrato importante inoltre che i contatti e le storie che, per varie ragioni, non sono entrate nel film non andassero dispersi. Cos\u00ec \u00e8 nata ed \u00e8 maturata l\u2019idea di una giornata di studio che vedesse coinvolti quanti avevano partecipato, condiviso e sostenuto il nostro progetto<\/p>\n<p>La giornata di studio si articoler\u00e0 come un ventaglio di testimonianze, meglio ancora di narrazioni di esperienze concrete di giovani &#8211; bellunesi e non -, che hanno deciso di investire conoscenze ed energie, tutta o una parte della loro vita, in questa provincia troppo spesso percepita come una terra priva di prospettive per il futuro.<br \/>\nGli interventi risponderanno alle seguenti domande e toccheranno i seguenti temi<\/p>\n<p>1. cosa significa prendersi cura dei luoghi in cui si vive? In quali forme, con quali mezzi lo si pu\u00f2 fare?<br \/>\n2. cosa significa abitare un luogo?<br \/>\n3. quali sono i valori materiali e immateriali del paesaggio e come si intrecciano tra loro?<br \/>\n4. quali sono le difficolt\u00e0 con cui si misurano le terre alte?<br \/>\n5. chi sono \u2018i nuovi montanari\u2019?<br \/>\n6. quale ruolo riveste il volontariato nella montagna bellunese (e pi\u00f9 in generale in montagna)?<br \/>\n7. come si pu\u00f2 contribuire a tenere viva la montagna attraverso il servizio civile?<br \/>\nSar\u00e0 dato spazio per le domande degli studenti, con l\u2019obiettivo di favorire il dialogo e lo scambio di idee tra giovani generazioni e la conoscenza dei problemi e delle potenzialit\u00e0 della montagna bellunese, comuni a tutta la montagna europea.<\/p>","protected":false},"excerpt":{"rendered":"<p>Giornata di Studio conclusiva del Progetto \u2018VISIONI FUORI-LUOGO. La Montagna che r-Esiste\u2019 &#8211; Piano Nazionale Cinema per la Scuola MIUR\/MIBAC 2019 Il Liceo Dal Piaz di Feltre, il giorno 8 novembre , nella sede di via Colombo, organizza una giornata di studio conclusiva del Progetto \u2018Visioni fuori &#8211; luogo. La Montagna che r-Esiste\u2019 &#8211; Piano [&hellip;]<\/p>\n","protected":false},"author":2,"featured_media":0,"comment_status":"closed","ping_status":"open","sticky":false,"template":"","format":"standard","meta":{"footnotes":""},"categories":[26,15],"tags":[],"class_list":["post-108957","post","type-post","status-publish","format-standard","category-prima-pagina","category-scuola"],"yoast_head":"<!-- This site is optimized with the Yoast SEO plugin v28.4 - https:\/\/yoast.com\/product\/yoast-seo-wordpress\/ -->\n<title>Visioni fuori luogo. La montagna che r-esiste. Giornata di studio al Liceo &quot;Dal Paz&quot; di Feltre - Bellunopress - Dolomiti<\/title>\n<meta name=\"robots\" content=\"index, follow, max-snippet:-1, max-image-preview:large, max-video-preview:-1\" \/>\n<link rel=\"canonical\" href=\"https:\/\/www.bellunopress.it\/fr\/2019\/10\/22\/visioni-fuori-luogo-la-montagna-che-r-esiste-giornata-di-studio-al-liceo-dal-paz-di-feltre\/\" \/>\n<meta property=\"og:locale\" content=\"fr_FR\" \/>\n<meta property=\"og:type\" content=\"article\" \/>\n<meta property=\"og:title\" content=\"Visioni fuori luogo. La montagna che r-esiste. Giornata di studio al Liceo &quot;Dal Paz&quot; di Feltre - Bellunopress - Dolomiti\" \/>\n<meta property=\"og:description\" content=\"Giornata di Studio conclusiva del Progetto \u2018VISIONI FUORI-LUOGO. La Montagna che r-Esiste\u2019 &#8211; Piano Nazionale Cinema per la Scuola MIUR\/MIBAC 2019 Il Liceo Dal Piaz di Feltre, il giorno 8 novembre , nella sede di via Colombo, organizza una giornata di studio conclusiva del Progetto \u2018Visioni fuori &#8211; luogo. La Montagna che r-Esiste\u2019 &#8211; Piano [&hellip;]\" \/>\n<meta property=\"og:url\" content=\"https:\/\/www.bellunopress.it\/fr\/2019\/10\/22\/visioni-fuori-luogo-la-montagna-che-r-esiste-giornata-di-studio-al-liceo-dal-paz-di-feltre\/\" \/>\n<meta property=\"og:site_name\" content=\"Bellunopress - Dolomiti\" \/>\n<meta property=\"article:publisher\" content=\"https:\/\/www.facebook.com\/profile.php?id=100008943462799\" \/>\n<meta property=\"article:published_time\" content=\"2019-10-22T08:50:17+00:00\" \/>\n<meta property=\"og:image\" content=\"http:\/\/www.bellunopress.it\/wp-content\/uploads\/2019\/07\/Liceo-Giorgio-Dal-Piaz-Feltre.jpg\" \/>\n<meta name=\"author\" content=\"redazione\" \/>\n<meta name=\"twitter:card\" content=\"summary_large_image\" \/>\n<meta name=\"twitter:creator\" content=\"@bellunopress\" \/>\n<meta name=\"twitter:site\" content=\"@bellunopress\" \/>\n<meta name=\"twitter:label1\" content=\"Written by\" \/>\n\t<meta name=\"twitter:data1\" content=\"redazione\" \/>\n\t<meta name=\"twitter:label2\" content=\"Est. reading time\" \/>\n\t<meta name=\"twitter:data2\" content=\"2 minutes\" \/>\n<script type=\"application\/ld+json\" class=\"yoast-schema-graph\">{\"@context\":\"https:\\\/\\\/schema.org\",\"@graph\":[{\"@type\":\"Article\",\"@id\":\"https:\\\/\\\/www.bellunopress.it\\\/2019\\\/10\\\/22\\\/visioni-fuori-luogo-la-montagna-che-r-esiste-giornata-di-studio-al-liceo-dal-paz-di-feltre\\\/#article\",\"isPartOf\":{\"@id\":\"https:\\\/\\\/www.bellunopress.it\\\/2019\\\/10\\\/22\\\/visioni-fuori-luogo-la-montagna-che-r-esiste-giornata-di-studio-al-liceo-dal-paz-di-feltre\\\/\"},\"author\":{\"name\":\"redazione\",\"@id\":\"https:\\\/\\\/www.bellunopress.it\\\/#\\\/schema\\\/person\\\/79bb06722b37ece1c03d3e94beb30d73\"},\"headline\":\"Visioni fuori luogo. La montagna che r-esiste. Giornata di studio al Liceo &#8220;Dal Paz&#8221; di Feltre\",\"datePublished\":\"2019-10-22T08:50:17+00:00\",\"mainEntityOfPage\":{\"@id\":\"https:\\\/\\\/www.bellunopress.it\\\/2019\\\/10\\\/22\\\/visioni-fuori-luogo-la-montagna-che-r-esiste-giornata-di-studio-al-liceo-dal-paz-di-feltre\\\/\"},\"wordCount\":437,\"publisher\":{\"@id\":\"https:\\\/\\\/www.bellunopress.it\\\/#organization\"},\"image\":{\"@id\":\"https:\\\/\\\/www.bellunopress.it\\\/2019\\\/10\\\/22\\\/visioni-fuori-luogo-la-montagna-che-r-esiste-giornata-di-studio-al-liceo-dal-paz-di-feltre\\\/#primaryimage\"},\"thumbnailUrl\":\"http:\\\/\\\/www.bellunopress.it\\\/wp-content\\\/uploads\\\/2019\\\/07\\\/Liceo-Giorgio-Dal-Piaz-Feltre.jpg\",\"articleSection\":[\"Prima Pagina\",\"Scuola\"],\"inLanguage\":\"fr-FR\"},{\"@type\":\"WebPage\",\"@id\":\"https:\\\/\\\/www.bellunopress.it\\\/2019\\\/10\\\/22\\\/visioni-fuori-luogo-la-montagna-che-r-esiste-giornata-di-studio-al-liceo-dal-paz-di-feltre\\\/\",\"url\":\"https:\\\/\\\/www.bellunopress.it\\\/2019\\\/10\\\/22\\\/visioni-fuori-luogo-la-montagna-che-r-esiste-giornata-di-studio-al-liceo-dal-paz-di-feltre\\\/\",\"name\":\"Visioni fuori luogo. La montagna che r-esiste. Giornata di studio al Liceo \\\"Dal Paz\\\" di Feltre - Bellunopress - Dolomiti\",\"isPartOf\":{\"@id\":\"https:\\\/\\\/www.bellunopress.it\\\/#website\"},\"primaryImageOfPage\":{\"@id\":\"https:\\\/\\\/www.bellunopress.it\\\/2019\\\/10\\\/22\\\/visioni-fuori-luogo-la-montagna-che-r-esiste-giornata-di-studio-al-liceo-dal-paz-di-feltre\\\/#primaryimage\"},\"image\":{\"@id\":\"https:\\\/\\\/www.bellunopress.it\\\/2019\\\/10\\\/22\\\/visioni-fuori-luogo-la-montagna-che-r-esiste-giornata-di-studio-al-liceo-dal-paz-di-feltre\\\/#primaryimage\"},\"thumbnailUrl\":\"http:\\\/\\\/www.bellunopress.it\\\/wp-content\\\/uploads\\\/2019\\\/07\\\/Liceo-Giorgio-Dal-Piaz-Feltre.jpg\",\"datePublished\":\"2019-10-22T08:50:17+00:00\",\"breadcrumb\":{\"@id\":\"https:\\\/\\\/www.bellunopress.it\\\/2019\\\/10\\\/22\\\/visioni-fuori-luogo-la-montagna-che-r-esiste-giornata-di-studio-al-liceo-dal-paz-di-feltre\\\/#breadcrumb\"},\"inLanguage\":\"fr-FR\",\"potentialAction\":[{\"@type\":\"ReadAction\",\"target\":[\"https:\\\/\\\/www.bellunopress.it\\\/2019\\\/10\\\/22\\\/visioni-fuori-luogo-la-montagna-che-r-esiste-giornata-di-studio-al-liceo-dal-paz-di-feltre\\\/\"]}]},{\"@type\":\"ImageObject\",\"inLanguage\":\"fr-FR\",\"@id\":\"https:\\\/\\\/www.bellunopress.it\\\/2019\\\/10\\\/22\\\/visioni-fuori-luogo-la-montagna-che-r-esiste-giornata-di-studio-al-liceo-dal-paz-di-feltre\\\/#primaryimage\",\"url\":\"http:\\\/\\\/www.bellunopress.it\\\/wp-content\\\/uploads\\\/2019\\\/07\\\/Liceo-Giorgio-Dal-Piaz-Feltre.jpg\",\"contentUrl\":\"http:\\\/\\\/www.bellunopress.it\\\/wp-content\\\/uploads\\\/2019\\\/07\\\/Liceo-Giorgio-Dal-Piaz-Feltre.jpg\"},{\"@type\":\"BreadcrumbList\",\"@id\":\"https:\\\/\\\/www.bellunopress.it\\\/2019\\\/10\\\/22\\\/visioni-fuori-luogo-la-montagna-che-r-esiste-giornata-di-studio-al-liceo-dal-paz-di-feltre\\\/#breadcrumb\",\"itemListElement\":[{\"@type\":\"ListItem\",\"position\":1,\"name\":\"Home\",\"item\":\"https:\\\/\\\/www.bellunopress.it\\\/\"},{\"@type\":\"ListItem\",\"position\":2,\"name\":\"Visioni fuori luogo. La montagna che r-esiste. Giornata di studio al Liceo &#8220;Dal Paz&#8221; di Feltre\"}]},{\"@type\":\"WebSite\",\"@id\":\"https:\\\/\\\/www.bellunopress.it\\\/#website\",\"url\":\"https:\\\/\\\/www.bellunopress.it\\\/\",\"name\":\"Bellunopress - Dolomiti\",\"description\":\"e-mail: redazione@bellunopress.it\",\"publisher\":{\"@id\":\"https:\\\/\\\/www.bellunopress.it\\\/#organization\"},\"potentialAction\":[{\"@type\":\"SearchAction\",\"target\":{\"@type\":\"EntryPoint\",\"urlTemplate\":\"https:\\\/\\\/www.bellunopress.it\\\/?s={search_term_string}\"},\"query-input\":{\"@type\":\"PropertyValueSpecification\",\"valueRequired\":true,\"valueName\":\"search_term_string\"}}],\"inLanguage\":\"fr-FR\"},{\"@type\":\"Organization\",\"@id\":\"https:\\\/\\\/www.bellunopress.it\\\/#organization\",\"name\":\"Bellunopress\",\"url\":\"https:\\\/\\\/www.bellunopress.it\\\/\",\"logo\":{\"@type\":\"ImageObject\",\"inLanguage\":\"fr-FR\",\"@id\":\"https:\\\/\\\/www.bellunopress.it\\\/#\\\/schema\\\/logo\\\/image\\\/\",\"url\":\"https:\\\/\\\/www.bellunopress.it\\\/wp-content\\\/uploads\\\/2011\\\/05\\\/cropped-logo-bellunopress-.jpg\",\"contentUrl\":\"https:\\\/\\\/www.bellunopress.it\\\/wp-content\\\/uploads\\\/2011\\\/05\\\/cropped-logo-bellunopress-.jpg\",\"width\":512,\"height\":512,\"caption\":\"Bellunopress\"},\"image\":{\"@id\":\"https:\\\/\\\/www.bellunopress.it\\\/#\\\/schema\\\/logo\\\/image\\\/\"},\"sameAs\":[\"https:\\\/\\\/www.facebook.com\\\/profile.php?id=100008943462799\",\"https:\\\/\\\/x.com\\\/bellunopress\",\"https:\\\/\\\/www.linkedin.com\\\/hp\\\/?dnr=JBzUWaJfMUw8vbXJJ2tVW5-I3jZKvC4wsoxE&amp;amp;amp;amp;amp;amp;trk=nav_responsive_tab_home\",\"https:\\\/\\\/www.youtube.com\\\/channel\\\/UCxL0wu1uN0_3_7hGG0306cw\"]},{\"@type\":\"Person\",\"@id\":\"https:\\\/\\\/www.bellunopress.it\\\/#\\\/schema\\\/person\\\/79bb06722b37ece1c03d3e94beb30d73\",\"name\":\"redazione\",\"image\":{\"@type\":\"ImageObject\",\"inLanguage\":\"fr-FR\",\"@id\":\"https:\\\/\\\/secure.gravatar.com\\\/avatar\\\/37d968a2e67a6fd04c169c4bdef102d0bc5d31b2546345219e348575eb80e9a0?s=96&d=mm&r=g\",\"url\":\"https:\\\/\\\/secure.gravatar.com\\\/avatar\\\/37d968a2e67a6fd04c169c4bdef102d0bc5d31b2546345219e348575eb80e9a0?s=96&d=mm&r=g\",\"contentUrl\":\"https:\\\/\\\/secure.gravatar.com\\\/avatar\\\/37d968a2e67a6fd04c169c4bdef102d0bc5d31b2546345219e348575eb80e9a0?s=96&d=mm&r=g\",\"caption\":\"redazione\"},\"sameAs\":[\"http:\\\/\\\/www.bellunopress.it\",\"https:\\\/\\\/x.com\\\/bellunopress\"],\"url\":\"https:\\\/\\\/www.bellunopress.it\\\/fr\\\/author\\\/redazione\\\/\"}]}<\/script>\n<!-- \/ Yoast SEO plugin. -->","yoast_head_json":{"title":"Visioni fuori luogo. La montagna che r-esiste. Giornata di studio al Liceo \"Dal Paz\" di Feltre - Bellunopress - Dolomiti","robots":{"index":"index","follow":"follow","max-snippet":"max-snippet:-1","max-image-preview":"max-image-preview:large","max-video-preview":"max-video-preview:-1"},"canonical":"https:\/\/www.bellunopress.it\/fr\/2019\/10\/22\/visioni-fuori-luogo-la-montagna-che-r-esiste-giornata-di-studio-al-liceo-dal-paz-di-feltre\/","og_locale":"fr_FR","og_type":"article","og_title":"Visioni fuori luogo. La montagna che r-esiste. Giornata di studio al Liceo \"Dal Paz\" di Feltre - Bellunopress - Dolomiti","og_description":"Giornata di Studio conclusiva del Progetto \u2018VISIONI FUORI-LUOGO. La Montagna che r-Esiste\u2019 &#8211; Piano Nazionale Cinema per la Scuola MIUR\/MIBAC 2019 Il Liceo Dal Piaz di Feltre, il giorno 8 novembre , nella sede di via Colombo, organizza una giornata di studio conclusiva del Progetto \u2018Visioni fuori &#8211; luogo. La Montagna che r-Esiste\u2019 &#8211; Piano [&hellip;]","og_url":"https:\/\/www.bellunopress.it\/fr\/2019\/10\/22\/visioni-fuori-luogo-la-montagna-che-r-esiste-giornata-di-studio-al-liceo-dal-paz-di-feltre\/","og_site_name":"Bellunopress - Dolomiti","article_publisher":"https:\/\/www.facebook.com\/profile.php?id=100008943462799","article_published_time":"2019-10-22T08:50:17+00:00","og_image":[{"url":"http:\/\/www.bellunopress.it\/wp-content\/uploads\/2019\/07\/Liceo-Giorgio-Dal-Piaz-Feltre.jpg","type":"","width":"","height":""}],"author":"redazione","twitter_card":"summary_large_image","twitter_creator":"@bellunopress","twitter_site":"@bellunopress","twitter_misc":{"Written by":"redazione","Est. reading time":"2 minutes"},"schema":{"@context":"https:\/\/schema.org","@graph":[{"@type":"Article","@id":"https:\/\/www.bellunopress.it\/2019\/10\/22\/visioni-fuori-luogo-la-montagna-che-r-esiste-giornata-di-studio-al-liceo-dal-paz-di-feltre\/#article","isPartOf":{"@id":"https:\/\/www.bellunopress.it\/2019\/10\/22\/visioni-fuori-luogo-la-montagna-che-r-esiste-giornata-di-studio-al-liceo-dal-paz-di-feltre\/"},"author":{"name":"redazione","@id":"https:\/\/www.bellunopress.it\/#\/schema\/person\/79bb06722b37ece1c03d3e94beb30d73"},"headline":"Visioni fuori luogo. La montagna che r-esiste. Giornata di studio al Liceo &#8220;Dal Paz&#8221; di Feltre","datePublished":"2019-10-22T08:50:17+00:00","mainEntityOfPage":{"@id":"https:\/\/www.bellunopress.it\/2019\/10\/22\/visioni-fuori-luogo-la-montagna-che-r-esiste-giornata-di-studio-al-liceo-dal-paz-di-feltre\/"},"wordCount":437,"publisher":{"@id":"https:\/\/www.bellunopress.it\/#organization"},"image":{"@id":"https:\/\/www.bellunopress.it\/2019\/10\/22\/visioni-fuori-luogo-la-montagna-che-r-esiste-giornata-di-studio-al-liceo-dal-paz-di-feltre\/#primaryimage"},"thumbnailUrl":"http:\/\/www.bellunopress.it\/wp-content\/uploads\/2019\/07\/Liceo-Giorgio-Dal-Piaz-Feltre.jpg","articleSection":["Prima Pagina","Scuola"],"inLanguage":"fr-FR"},{"@type":"WebPage","@id":"https:\/\/www.bellunopress.it\/2019\/10\/22\/visioni-fuori-luogo-la-montagna-che-r-esiste-giornata-di-studio-al-liceo-dal-paz-di-feltre\/","url":"https:\/\/www.bellunopress.it\/2019\/10\/22\/visioni-fuori-luogo-la-montagna-che-r-esiste-giornata-di-studio-al-liceo-dal-paz-di-feltre\/","name":"Visioni fuori luogo. La montagna che r-esiste. Giornata di studio al Liceo \"Dal Paz\" di Feltre - Bellunopress - Dolomiti","isPartOf":{"@id":"https:\/\/www.bellunopress.it\/#website"},"primaryImageOfPage":{"@id":"https:\/\/www.bellunopress.it\/2019\/10\/22\/visioni-fuori-luogo-la-montagna-che-r-esiste-giornata-di-studio-al-liceo-dal-paz-di-feltre\/#primaryimage"},"image":{"@id":"https:\/\/www.bellunopress.it\/2019\/10\/22\/visioni-fuori-luogo-la-montagna-che-r-esiste-giornata-di-studio-al-liceo-dal-paz-di-feltre\/#primaryimage"},"thumbnailUrl":"http:\/\/www.bellunopress.it\/wp-content\/uploads\/2019\/07\/Liceo-Giorgio-Dal-Piaz-Feltre.jpg","datePublished":"2019-10-22T08:50:17+00:00","breadcrumb":{"@id":"https:\/\/www.bellunopress.it\/2019\/10\/22\/visioni-fuori-luogo-la-montagna-che-r-esiste-giornata-di-studio-al-liceo-dal-paz-di-feltre\/#breadcrumb"},"inLanguage":"fr-FR","potentialAction":[{"@type":"ReadAction","target":["https:\/\/www.bellunopress.it\/2019\/10\/22\/visioni-fuori-luogo-la-montagna-che-r-esiste-giornata-di-studio-al-liceo-dal-paz-di-feltre\/"]}]},{"@type":"ImageObject","inLanguage":"fr-FR","@id":"https:\/\/www.bellunopress.it\/2019\/10\/22\/visioni-fuori-luogo-la-montagna-che-r-esiste-giornata-di-studio-al-liceo-dal-paz-di-feltre\/#primaryimage","url":"http:\/\/www.bellunopress.it\/wp-content\/uploads\/2019\/07\/Liceo-Giorgio-Dal-Piaz-Feltre.jpg","contentUrl":"http:\/\/www.bellunopress.it\/wp-content\/uploads\/2019\/07\/Liceo-Giorgio-Dal-Piaz-Feltre.jpg"},{"@type":"BreadcrumbList","@id":"https:\/\/www.bellunopress.it\/2019\/10\/22\/visioni-fuori-luogo-la-montagna-che-r-esiste-giornata-di-studio-al-liceo-dal-paz-di-feltre\/#breadcrumb","itemListElement":[{"@type":"ListItem","position":1,"name":"Home","item":"https:\/\/www.bellunopress.it\/"},{"@type":"ListItem","position":2,"name":"Visioni fuori luogo. La montagna che r-esiste. Giornata di studio al Liceo &#8220;Dal Paz&#8221; di Feltre"}]},{"@type":"WebSite","@id":"https:\/\/www.bellunopress.it\/#website","url":"https:\/\/www.bellunopress.it\/","name":"Bellunopress - Dolomiti","description":"e-mail: redazione@bellunopress.it","publisher":{"@id":"https:\/\/www.bellunopress.it\/#organization"},"potentialAction":[{"@type":"SearchAction","target":{"@type":"EntryPoint","urlTemplate":"https:\/\/www.bellunopress.it\/?s={search_term_string}"},"query-input":{"@type":"PropertyValueSpecification","valueRequired":true,"valueName":"search_term_string"}}],"inLanguage":"fr-FR"},{"@type":"Organization","@id":"https:\/\/www.bellunopress.it\/#organization","name":"Bellunopress","url":"https:\/\/www.bellunopress.it\/","logo":{"@type":"ImageObject","inLanguage":"fr-FR","@id":"https:\/\/www.bellunopress.it\/#\/schema\/logo\/image\/","url":"https:\/\/www.bellunopress.it\/wp-content\/uploads\/2011\/05\/cropped-logo-bellunopress-.jpg","contentUrl":"https:\/\/www.bellunopress.it\/wp-content\/uploads\/2011\/05\/cropped-logo-bellunopress-.jpg","width":512,"height":512,"caption":"Bellunopress"},"image":{"@id":"https:\/\/www.bellunopress.it\/#\/schema\/logo\/image\/"},"sameAs":["https:\/\/www.facebook.com\/profile.php?id=100008943462799","https:\/\/x.com\/bellunopress","https:\/\/www.linkedin.com\/hp\/?dnr=JBzUWaJfMUw8vbXJJ2tVW5-I3jZKvC4wsoxE&amp;amp;amp;amp;amp;amp;trk=nav_responsive_tab_home","https:\/\/www.youtube.com\/channel\/UCxL0wu1uN0_3_7hGG0306cw"]},{"@type":"Person","@id":"https:\/\/www.bellunopress.it\/#\/schema\/person\/79bb06722b37ece1c03d3e94beb30d73","name":"r\u00e9daction","image":{"@type":"ImageObject","inLanguage":"fr-FR","@id":"https:\/\/secure.gravatar.com\/avatar\/37d968a2e67a6fd04c169c4bdef102d0bc5d31b2546345219e348575eb80e9a0?s=96&d=mm&r=g","url":"https:\/\/secure.gravatar.com\/avatar\/37d968a2e67a6fd04c169c4bdef102d0bc5d31b2546345219e348575eb80e9a0?s=96&d=mm&r=g","contentUrl":"https:\/\/secure.gravatar.com\/avatar\/37d968a2e67a6fd04c169c4bdef102d0bc5d31b2546345219e348575eb80e9a0?s=96&d=mm&r=g","caption":"redazione"},"sameAs":["http:\/\/www.bellunopress.it","https:\/\/x.com\/bellunopress"],"url":"https:\/\/www.bellunopress.it\/fr\/author\/redazione\/"}]}},"_links":{"self":[{"href":"https:\/\/www.bellunopress.it\/fr\/wp-json\/wp\/v2\/posts\/108957","targetHints":{"allow":["GET"]}}],"collection":[{"href":"https:\/\/www.bellunopress.it\/fr\/wp-json\/wp\/v2\/posts"}],"about":[{"href":"https:\/\/www.bellunopress.it\/fr\/wp-json\/wp\/v2\/types\/post"}],"author":[{"embeddable":true,"href":"https:\/\/www.bellunopress.it\/fr\/wp-json\/wp\/v2\/users\/2"}],"replies":[{"embeddable":true,"href":"https:\/\/www.bellunopress.it\/fr\/wp-json\/wp\/v2\/comments?post=108957"}],"version-history":[{"count":1,"href":"https:\/\/www.bellunopress.it\/fr\/wp-json\/wp\/v2\/posts\/108957\/revisions"}],"predecessor-version":[{"id":108958,"href":"https:\/\/www.bellunopress.it\/fr\/wp-json\/wp\/v2\/posts\/108957\/revisions\/108958"}],"wp:attachment":[{"href":"https:\/\/www.bellunopress.it\/fr\/wp-json\/wp\/v2\/media?parent=108957"}],"wp:term":[{"taxonomy":"category","embeddable":true,"href":"https:\/\/www.bellunopress.it\/fr\/wp-json\/wp\/v2\/categories?post=108957"},{"taxonomy":"post_tag","embeddable":true,"href":"https:\/\/www.bellunopress.it\/fr\/wp-json\/wp\/v2\/tags?post=108957"}],"curies":[{"name":"wp","href":"https:\/\/api.w.org\/{rel}","templated":true}]}}