{"id":108955,"date":"2019-10-21T14:35:54","date_gmt":"2019-10-21T12:35:54","guid":{"rendered":"http:\/\/www.bellunopress.it\/?p=108955"},"modified":"2019-10-21T21:39:16","modified_gmt":"2019-10-21T19:39:16","slug":"convivenza-uomo-lupo-a-livello-alpino-il-progetto-life-wolfalps-eu-partira-nellautunno-2019-e-durera-5-anni","status":"publish","type":"post","link":"https:\/\/www.bellunopress.it\/fr\/2019\/10\/21\/convivenza-uomo-lupo-a-livello-alpino-il-progetto-life-wolfalps-eu-partira-nellautunno-2019-e-durera-5-anni\/","title":{"rendered":"Convivenza uomo-lupo  a livello alpino.Il Progetto Life WolfAlps EU. Partir\u00e0 nell\u2019autunno 2019 e durer\u00e0 5 anni"},"content":{"rendered":"<p><a href=\"http:\/\/www.bellunopress.it\/fr\/2015\/01\/30\/il-parco-boccia-tre-centraline-ma-sul-progetto-di-titele-puo-solo-dare-un-parere\/parco-nazionale-dolomiti-bellunesi\/\" rel=\"attachment wp-att-66035\"><img loading=\"lazy\" decoding=\"async\" class=\"alignleft size-full wp-image-66035\" src=\"http:\/\/www.bellunopress.it\/wp-content\/uploads\/2015\/01\/parco-nazionale-dolomiti-bellunesi.jpg\" alt=\"\" width=\"163\" height=\"280\" \/><\/a>La Commissione Europea ha rinnovato la fiducia al progetto LIFE WolfAlps che, con nuovi finanziamenti e obiettivi, partir\u00e0 in autunno e diventer\u00e0 LIFE WolfAlps EU, con l\u2019obiettivo di portare su scala europea e pan-alpina il supporto alla convivenza uomo-lupo, nella direzione intrapresa dal precedente progetto (www.lifewolfalps.eu), conclusosi nel 2018.<\/p>\n<p>Negli ultimi trent\u2019anni, il lupo ha ricolonizzato naturalmente diverse aree montuose e collinari europee. Nonostante la specie sia ancora fonte di controversie, il ritorno del lupo \u00e8 ormai inarrestabile anche sulla principale catena montuosa dell\u2019Europa occidentale: le Alpi.<br \/>\nI lupi sono presenti nelle Alpi occidentali italiane e francesi da oltre vent\u2019anni. Nel 2012 \u00e8 stato documentato nelle Alpi Centrali il primo branco costituito da esemplari in dispersione dalle popolazioni italiana e slovena. Oggi la popolazione aumenta in densit\u00e0 nelle Alpi Occidentali e Dinariche ed \u00e8 in espansione nelle Alpi Centrali-Orientali e nelle zone pedemontane collinari del Piemonte.<br \/>\nLa popolazione alpina di lupo \u00e8 transfrontaliera perch\u00e9 distribuita entro i confini di pi\u00f9 paesi alpini (Francia, Italia, Svizzera, Austria e Slovenia): ci\u00f2 che ancora manca per una gestione ottimale della specie \u00e8 un coordinamento internazionale che armonizzi e superi l\u2019attuale frammentazione istituzionale.<\/p>\n<p><a href=\"http:\/\/www.bellunopress.it\/fr\/2017\/11\/01\/i-lupi-amano-vivere-da-lupi-senza-radio-collari-ne-centri-faunistici\/lupo\/\" rel=\"attachment wp-att-90420\"><img loading=\"lazy\" decoding=\"async\" class=\"alignleft size-full wp-image-90420\" src=\"http:\/\/www.bellunopress.it\/wp-content\/uploads\/2017\/11\/lupo.jpeg\" alt=\"\" width=\"300\" height=\"231\" \/><\/a>Proprio per questo motivo, il progetto LIFE WolfAlps EU (2019-2023) \u00e8 stato finanziato dalla Commissione Europea per migliorare la convivenza uomo-lupo a livello pan-alpino: l\u2019ambito di intervento si estende alle intere Alpi italiane, francesi, austriache e slovene e ai due corridoi ecologici, il corridoio appenninico e quello dinarico, che permettono la connessione delle popolazioni.<\/p>\n<p>19 partner di progetto e 100 supporter costituiscono la squadra di lavoro del progetto, coordinato dalle Aree Protette delle Alpi Marittime. Dei 19 partner 2 sono sloveni (Universit\u00e0 di Ljubljana, Slovenian Forest Service), 2 austriaci (Universit\u00e0 di Medicina Veterinaria di Vienna, Centro di agronomia del Ministero Austriaco), 2 francesi (Office National de la Chasse et de la Faune Sauvage, Parc National du Mercantour) e 13 italiani (Regione Lombardia, Regione Liguria, Regione Autonoma della Valle d\u2019Aosta, Carabinieri-Forestali, Ente Servizi Agricoltura e Foreste di Regione Lombardia, Aree Protette delle Alpi Cozie, Aree Protette dell\u2019Ossola, Citt\u00e0 metropolitana di Torino, Aree Protette dell\u2019Appennino Piemontese, Parco Nazionale delle Dolomiti Bellunesi, MUSE-Museo delle Scienze di Trento, Eurac Research di Bolzano). Questa enorme partnership internazionale sar\u00e0 il punto di forza del nuovo progetto, insieme alle 100 Istituzioni di supporto convenzionate.<\/p>\n<p>LIFE WolfAlps EU \u00e8 stato costruito sulla base di un programma condiviso fra tutti i partner internazionali, con gli obiettivi di contrastare le predazioni sui domestici grazie a squadre di intervento sul campo e sistemi di prevenzione efficaci, favorire la sostenibilit\u00e0 economica della presenza del predatore promuovendo iniziative ecoturistiche, definire linee guida di gestione del predatore a livello alpino e mettere in campo le migliori pratiche per rendere compatibili la presenza del lupo e le attivit\u00e0 economiche in montagna e pianura. La comunicazione svolger\u00e0 un ruolo strategico per il LIFE divulgando in modo chiaro, obiettivo, trasparente e puntuale i dati relativi alla presenza del lupo sulle Alpi e al suo impatto sui domestici e sui selvatici oltre che i risultati conseguiti nel corso del progetto, migliorando le conoscenze disponibili sul lupo e sui conflitti uomo-lupo.<br \/>\nIl progetto mira a ottenere risultati importanti nel campo della conservazione della biodiversit\u00e0, ma avr\u00e0 anche ricadute economiche di rilievo a livello locale. Il budget complessivo del progetto \u00e8 infatti di circa 11 milioni di euro.<br \/>\nIl Parco Nazionale Dolomiti Bellunesi \u00e8 uno dei beneficiari del progetto LIFE WolfAlps EU e disporr\u00e0 nei prossimi 5 anni di un budget di 251.000 euro, che sar\u00e0 utilizzato per proseguire e potenziare le attivit\u00e0 gi\u00e0 iniziate negli anni scorsi con risorse proprie.<\/p>\n<p>In particolare il Parco intende fornire supporto tecnico agli allevatori, acquistare sistemi di prevenzione degli attacchi da lupo al bestiame domestico, realizzare azioni di comunicazione, educazione ambientale ed ecoturismo; mentre una parte delle risorse sar\u00e0 utilizzata per proseguire le attivit\u00e0 di monitoraggio della specie all\u2019interno dei confini del Parco.<\/p>","protected":false},"excerpt":{"rendered":"<p>La Commissione Europea ha rinnovato la fiducia al progetto LIFE WolfAlps che, con nuovi finanziamenti e obiettivi, partir\u00e0 in autunno e diventer\u00e0 LIFE WolfAlps EU, con l\u2019obiettivo di portare su scala europea e pan-alpina il supporto alla convivenza uomo-lupo, nella direzione intrapresa dal precedente progetto (www.lifewolfalps.eu), conclusosi nel 2018. Negli ultimi trent\u2019anni, il lupo ha [&hellip;]<\/p>\n","protected":false},"author":2,"featured_media":0,"comment_status":"closed","ping_status":"open","sticky":false,"template":"","format":"standard","meta":{"footnotes":""},"categories":[38,26,8],"tags":[],"class_list":["post-108955","post","type-post","status-publish","format-standard","category-natura-ambiente","category-prima-pagina","category-societa-istituzioni"],"yoast_head":"<!-- This site is optimized with the Yoast SEO plugin v28.4 - https:\/\/yoast.com\/product\/yoast-seo-wordpress\/ -->\n<title>Convivenza uomo-lupo a livello alpino.Il Progetto Life WolfAlps EU. Partir\u00e0 nell\u2019autunno 2019 e durer\u00e0 5 anni - Bellunopress - Dolomiti<\/title>\n<meta name=\"robots\" content=\"index, follow, max-snippet:-1, max-image-preview:large, max-video-preview:-1\" \/>\n<link rel=\"canonical\" href=\"https:\/\/www.bellunopress.it\/fr\/2019\/10\/21\/convivenza-uomo-lupo-a-livello-alpino-il-progetto-life-wolfalps-eu-partira-nellautunno-2019-e-durera-5-anni\/\" \/>\n<meta property=\"og:locale\" content=\"fr_FR\" \/>\n<meta property=\"og:type\" content=\"article\" \/>\n<meta property=\"og:title\" content=\"Convivenza uomo-lupo a livello alpino.Il Progetto Life WolfAlps EU. Partir\u00e0 nell\u2019autunno 2019 e durer\u00e0 5 anni - Bellunopress - Dolomiti\" \/>\n<meta property=\"og:description\" content=\"La Commissione Europea ha rinnovato la fiducia al progetto LIFE WolfAlps che, con nuovi finanziamenti e obiettivi, partir\u00e0 in autunno e diventer\u00e0 LIFE WolfAlps EU, con l\u2019obiettivo di portare su scala europea e pan-alpina il supporto alla convivenza uomo-lupo, nella direzione intrapresa dal precedente progetto (www.lifewolfalps.eu), conclusosi nel 2018. Negli ultimi trent\u2019anni, il lupo ha [&hellip;]\" \/>\n<meta property=\"og:url\" content=\"https:\/\/www.bellunopress.it\/fr\/2019\/10\/21\/convivenza-uomo-lupo-a-livello-alpino-il-progetto-life-wolfalps-eu-partira-nellautunno-2019-e-durera-5-anni\/\" \/>\n<meta property=\"og:site_name\" content=\"Bellunopress - Dolomiti\" \/>\n<meta property=\"article:publisher\" content=\"https:\/\/www.facebook.com\/profile.php?id=100008943462799\" \/>\n<meta property=\"article:published_time\" content=\"2019-10-21T12:35:54+00:00\" \/>\n<meta property=\"article:modified_time\" content=\"2019-10-21T19:39:16+00:00\" \/>\n<meta property=\"og:image\" content=\"http:\/\/www.bellunopress.it\/wp-content\/uploads\/2015\/01\/parco-nazionale-dolomiti-bellunesi.jpg\" \/>\n<meta name=\"author\" content=\"redazione\" \/>\n<meta name=\"twitter:card\" content=\"summary_large_image\" \/>\n<meta name=\"twitter:creator\" content=\"@bellunopress\" \/>\n<meta name=\"twitter:site\" content=\"@bellunopress\" \/>\n<meta name=\"twitter:label1\" content=\"\u00c9crit par\" \/>\n\t<meta name=\"twitter:data1\" content=\"redazione\" \/>\n\t<meta name=\"twitter:label2\" content=\"Dur\u00e9e de lecture estim\u00e9e\" \/>\n\t<meta name=\"twitter:data2\" content=\"3 minutes\" \/>\n<script type=\"application\/ld+json\" class=\"yoast-schema-graph\">{\"@context\":\"https:\\\/\\\/schema.org\",\"@graph\":[{\"@type\":\"Article\",\"@id\":\"https:\\\/\\\/www.bellunopress.it\\\/2019\\\/10\\\/21\\\/convivenza-uomo-lupo-a-livello-alpino-il-progetto-life-wolfalps-eu-partira-nellautunno-2019-e-durera-5-anni\\\/#article\",\"isPartOf\":{\"@id\":\"https:\\\/\\\/www.bellunopress.it\\\/2019\\\/10\\\/21\\\/convivenza-uomo-lupo-a-livello-alpino-il-progetto-life-wolfalps-eu-partira-nellautunno-2019-e-durera-5-anni\\\/\"},\"author\":{\"name\":\"redazione\",\"@id\":\"https:\\\/\\\/www.bellunopress.it\\\/#\\\/schema\\\/person\\\/79bb06722b37ece1c03d3e94beb30d73\"},\"headline\":\"Convivenza uomo-lupo a livello alpino.Il Progetto Life WolfAlps EU. Partir\u00e0 nell\u2019autunno 2019 e durer\u00e0 5 anni\",\"datePublished\":\"2019-10-21T12:35:54+00:00\",\"dateModified\":\"2019-10-21T19:39:16+00:00\",\"mainEntityOfPage\":{\"@id\":\"https:\\\/\\\/www.bellunopress.it\\\/2019\\\/10\\\/21\\\/convivenza-uomo-lupo-a-livello-alpino-il-progetto-life-wolfalps-eu-partira-nellautunno-2019-e-durera-5-anni\\\/\"},\"wordCount\":645,\"publisher\":{\"@id\":\"https:\\\/\\\/www.bellunopress.it\\\/#organization\"},\"image\":{\"@id\":\"https:\\\/\\\/www.bellunopress.it\\\/2019\\\/10\\\/21\\\/convivenza-uomo-lupo-a-livello-alpino-il-progetto-life-wolfalps-eu-partira-nellautunno-2019-e-durera-5-anni\\\/#primaryimage\"},\"thumbnailUrl\":\"http:\\\/\\\/www.bellunopress.it\\\/wp-content\\\/uploads\\\/2015\\\/01\\\/parco-nazionale-dolomiti-bellunesi.jpg\",\"articleSection\":[\"Meteo, natura, ambiente, animali\",\"Prima Pagina\",\"Societ\u00e0, Associazioni, Istituzioni\"],\"inLanguage\":\"fr-FR\"},{\"@type\":\"WebPage\",\"@id\":\"https:\\\/\\\/www.bellunopress.it\\\/2019\\\/10\\\/21\\\/convivenza-uomo-lupo-a-livello-alpino-il-progetto-life-wolfalps-eu-partira-nellautunno-2019-e-durera-5-anni\\\/\",\"url\":\"https:\\\/\\\/www.bellunopress.it\\\/2019\\\/10\\\/21\\\/convivenza-uomo-lupo-a-livello-alpino-il-progetto-life-wolfalps-eu-partira-nellautunno-2019-e-durera-5-anni\\\/\",\"name\":\"Convivenza uomo-lupo a livello alpino.Il Progetto Life WolfAlps EU. Partir\u00e0 nell\u2019autunno 2019 e durer\u00e0 5 anni - Bellunopress - Dolomiti\",\"isPartOf\":{\"@id\":\"https:\\\/\\\/www.bellunopress.it\\\/#website\"},\"primaryImageOfPage\":{\"@id\":\"https:\\\/\\\/www.bellunopress.it\\\/2019\\\/10\\\/21\\\/convivenza-uomo-lupo-a-livello-alpino-il-progetto-life-wolfalps-eu-partira-nellautunno-2019-e-durera-5-anni\\\/#primaryimage\"},\"image\":{\"@id\":\"https:\\\/\\\/www.bellunopress.it\\\/2019\\\/10\\\/21\\\/convivenza-uomo-lupo-a-livello-alpino-il-progetto-life-wolfalps-eu-partira-nellautunno-2019-e-durera-5-anni\\\/#primaryimage\"},\"thumbnailUrl\":\"http:\\\/\\\/www.bellunopress.it\\\/wp-content\\\/uploads\\\/2015\\\/01\\\/parco-nazionale-dolomiti-bellunesi.jpg\",\"datePublished\":\"2019-10-21T12:35:54+00:00\",\"dateModified\":\"2019-10-21T19:39:16+00:00\",\"breadcrumb\":{\"@id\":\"https:\\\/\\\/www.bellunopress.it\\\/2019\\\/10\\\/21\\\/convivenza-uomo-lupo-a-livello-alpino-il-progetto-life-wolfalps-eu-partira-nellautunno-2019-e-durera-5-anni\\\/#breadcrumb\"},\"inLanguage\":\"fr-FR\",\"potentialAction\":[{\"@type\":\"ReadAction\",\"target\":[\"https:\\\/\\\/www.bellunopress.it\\\/2019\\\/10\\\/21\\\/convivenza-uomo-lupo-a-livello-alpino-il-progetto-life-wolfalps-eu-partira-nellautunno-2019-e-durera-5-anni\\\/\"]}]},{\"@type\":\"ImageObject\",\"inLanguage\":\"fr-FR\",\"@id\":\"https:\\\/\\\/www.bellunopress.it\\\/2019\\\/10\\\/21\\\/convivenza-uomo-lupo-a-livello-alpino-il-progetto-life-wolfalps-eu-partira-nellautunno-2019-e-durera-5-anni\\\/#primaryimage\",\"url\":\"http:\\\/\\\/www.bellunopress.it\\\/wp-content\\\/uploads\\\/2015\\\/01\\\/parco-nazionale-dolomiti-bellunesi.jpg\",\"contentUrl\":\"http:\\\/\\\/www.bellunopress.it\\\/wp-content\\\/uploads\\\/2015\\\/01\\\/parco-nazionale-dolomiti-bellunesi.jpg\"},{\"@type\":\"BreadcrumbList\",\"@id\":\"https:\\\/\\\/www.bellunopress.it\\\/2019\\\/10\\\/21\\\/convivenza-uomo-lupo-a-livello-alpino-il-progetto-life-wolfalps-eu-partira-nellautunno-2019-e-durera-5-anni\\\/#breadcrumb\",\"itemListElement\":[{\"@type\":\"ListItem\",\"position\":1,\"name\":\"Home\",\"item\":\"https:\\\/\\\/www.bellunopress.it\\\/\"},{\"@type\":\"ListItem\",\"position\":2,\"name\":\"Convivenza uomo-lupo a livello alpino.Il Progetto Life WolfAlps EU. Partir\u00e0 nell\u2019autunno 2019 e durer\u00e0 5 anni\"}]},{\"@type\":\"WebSite\",\"@id\":\"https:\\\/\\\/www.bellunopress.it\\\/#website\",\"url\":\"https:\\\/\\\/www.bellunopress.it\\\/\",\"name\":\"Bellunopress - Dolomiti\",\"description\":\"e-mail: redazione@bellunopress.it\",\"publisher\":{\"@id\":\"https:\\\/\\\/www.bellunopress.it\\\/#organization\"},\"potentialAction\":[{\"@type\":\"SearchAction\",\"target\":{\"@type\":\"EntryPoint\",\"urlTemplate\":\"https:\\\/\\\/www.bellunopress.it\\\/?s={search_term_string}\"},\"query-input\":{\"@type\":\"PropertyValueSpecification\",\"valueRequired\":true,\"valueName\":\"search_term_string\"}}],\"inLanguage\":\"fr-FR\"},{\"@type\":\"Organization\",\"@id\":\"https:\\\/\\\/www.bellunopress.it\\\/#organization\",\"name\":\"Bellunopress\",\"url\":\"https:\\\/\\\/www.bellunopress.it\\\/\",\"logo\":{\"@type\":\"ImageObject\",\"inLanguage\":\"fr-FR\",\"@id\":\"https:\\\/\\\/www.bellunopress.it\\\/#\\\/schema\\\/logo\\\/image\\\/\",\"url\":\"https:\\\/\\\/www.bellunopress.it\\\/wp-content\\\/uploads\\\/2011\\\/05\\\/cropped-logo-bellunopress-.jpg\",\"contentUrl\":\"https:\\\/\\\/www.bellunopress.it\\\/wp-content\\\/uploads\\\/2011\\\/05\\\/cropped-logo-bellunopress-.jpg\",\"width\":512,\"height\":512,\"caption\":\"Bellunopress\"},\"image\":{\"@id\":\"https:\\\/\\\/www.bellunopress.it\\\/#\\\/schema\\\/logo\\\/image\\\/\"},\"sameAs\":[\"https:\\\/\\\/www.facebook.com\\\/profile.php?id=100008943462799\",\"https:\\\/\\\/x.com\\\/bellunopress\",\"https:\\\/\\\/www.linkedin.com\\\/hp\\\/?dnr=JBzUWaJfMUw8vbXJJ2tVW5-I3jZKvC4wsoxE&amp;amp;amp;amp;amp;amp;trk=nav_responsive_tab_home\",\"https:\\\/\\\/www.youtube.com\\\/channel\\\/UCxL0wu1uN0_3_7hGG0306cw\"]},{\"@type\":\"Person\",\"@id\":\"https:\\\/\\\/www.bellunopress.it\\\/#\\\/schema\\\/person\\\/79bb06722b37ece1c03d3e94beb30d73\",\"name\":\"redazione\",\"image\":{\"@type\":\"ImageObject\",\"inLanguage\":\"fr-FR\",\"@id\":\"https:\\\/\\\/secure.gravatar.com\\\/avatar\\\/37d968a2e67a6fd04c169c4bdef102d0bc5d31b2546345219e348575eb80e9a0?s=96&d=mm&r=g\",\"url\":\"https:\\\/\\\/secure.gravatar.com\\\/avatar\\\/37d968a2e67a6fd04c169c4bdef102d0bc5d31b2546345219e348575eb80e9a0?s=96&d=mm&r=g\",\"contentUrl\":\"https:\\\/\\\/secure.gravatar.com\\\/avatar\\\/37d968a2e67a6fd04c169c4bdef102d0bc5d31b2546345219e348575eb80e9a0?s=96&d=mm&r=g\",\"caption\":\"redazione\"},\"sameAs\":[\"http:\\\/\\\/www.bellunopress.it\",\"https:\\\/\\\/x.com\\\/bellunopress\"],\"url\":\"https:\\\/\\\/www.bellunopress.it\\\/fr\\\/author\\\/redazione\\\/\"}]}<\/script>\n<!-- \/ Yoast SEO plugin. -->","yoast_head_json":{"title":"Convivenza uomo-lupo a livello alpino.Il Progetto Life WolfAlps EU. Partir\u00e0 nell\u2019autunno 2019 e durer\u00e0 5 anni - Bellunopress - Dolomiti","robots":{"index":"index","follow":"follow","max-snippet":"max-snippet:-1","max-image-preview":"max-image-preview:large","max-video-preview":"max-video-preview:-1"},"canonical":"https:\/\/www.bellunopress.it\/fr\/2019\/10\/21\/convivenza-uomo-lupo-a-livello-alpino-il-progetto-life-wolfalps-eu-partira-nellautunno-2019-e-durera-5-anni\/","og_locale":"fr_FR","og_type":"article","og_title":"Convivenza uomo-lupo a livello alpino.Il Progetto Life WolfAlps EU. Partir\u00e0 nell\u2019autunno 2019 e durer\u00e0 5 anni - Bellunopress - Dolomiti","og_description":"La Commissione Europea ha rinnovato la fiducia al progetto LIFE WolfAlps che, con nuovi finanziamenti e obiettivi, partir\u00e0 in autunno e diventer\u00e0 LIFE WolfAlps EU, con l\u2019obiettivo di portare su scala europea e pan-alpina il supporto alla convivenza uomo-lupo, nella direzione intrapresa dal precedente progetto (www.lifewolfalps.eu), conclusosi nel 2018. Negli ultimi trent\u2019anni, il lupo ha [&hellip;]","og_url":"https:\/\/www.bellunopress.it\/fr\/2019\/10\/21\/convivenza-uomo-lupo-a-livello-alpino-il-progetto-life-wolfalps-eu-partira-nellautunno-2019-e-durera-5-anni\/","og_site_name":"Bellunopress - Dolomiti","article_publisher":"https:\/\/www.facebook.com\/profile.php?id=100008943462799","article_published_time":"2019-10-21T12:35:54+00:00","article_modified_time":"2019-10-21T19:39:16+00:00","og_image":[{"url":"http:\/\/www.bellunopress.it\/wp-content\/uploads\/2015\/01\/parco-nazionale-dolomiti-bellunesi.jpg","type":"","width":"","height":""}],"author":"redazione","twitter_card":"summary_large_image","twitter_creator":"@bellunopress","twitter_site":"@bellunopress","twitter_misc":{"\u00c9crit par":"redazione","Dur\u00e9e de lecture estim\u00e9e":"3 minutes"},"schema":{"@context":"https:\/\/schema.org","@graph":[{"@type":"Article","@id":"https:\/\/www.bellunopress.it\/2019\/10\/21\/convivenza-uomo-lupo-a-livello-alpino-il-progetto-life-wolfalps-eu-partira-nellautunno-2019-e-durera-5-anni\/#article","isPartOf":{"@id":"https:\/\/www.bellunopress.it\/2019\/10\/21\/convivenza-uomo-lupo-a-livello-alpino-il-progetto-life-wolfalps-eu-partira-nellautunno-2019-e-durera-5-anni\/"},"author":{"name":"redazione","@id":"https:\/\/www.bellunopress.it\/#\/schema\/person\/79bb06722b37ece1c03d3e94beb30d73"},"headline":"Convivenza uomo-lupo a livello alpino.Il Progetto Life WolfAlps EU. Partir\u00e0 nell\u2019autunno 2019 e durer\u00e0 5 anni","datePublished":"2019-10-21T12:35:54+00:00","dateModified":"2019-10-21T19:39:16+00:00","mainEntityOfPage":{"@id":"https:\/\/www.bellunopress.it\/2019\/10\/21\/convivenza-uomo-lupo-a-livello-alpino-il-progetto-life-wolfalps-eu-partira-nellautunno-2019-e-durera-5-anni\/"},"wordCount":645,"publisher":{"@id":"https:\/\/www.bellunopress.it\/#organization"},"image":{"@id":"https:\/\/www.bellunopress.it\/2019\/10\/21\/convivenza-uomo-lupo-a-livello-alpino-il-progetto-life-wolfalps-eu-partira-nellautunno-2019-e-durera-5-anni\/#primaryimage"},"thumbnailUrl":"http:\/\/www.bellunopress.it\/wp-content\/uploads\/2015\/01\/parco-nazionale-dolomiti-bellunesi.jpg","articleSection":["Meteo, natura, ambiente, animali","Prima Pagina","Societ\u00e0, Associazioni, Istituzioni"],"inLanguage":"fr-FR"},{"@type":"WebPage","@id":"https:\/\/www.bellunopress.it\/2019\/10\/21\/convivenza-uomo-lupo-a-livello-alpino-il-progetto-life-wolfalps-eu-partira-nellautunno-2019-e-durera-5-anni\/","url":"https:\/\/www.bellunopress.it\/2019\/10\/21\/convivenza-uomo-lupo-a-livello-alpino-il-progetto-life-wolfalps-eu-partira-nellautunno-2019-e-durera-5-anni\/","name":"Convivenza uomo-lupo a livello alpino.Il Progetto Life WolfAlps EU. Partir\u00e0 nell\u2019autunno 2019 e durer\u00e0 5 anni - Bellunopress - Dolomiti","isPartOf":{"@id":"https:\/\/www.bellunopress.it\/#website"},"primaryImageOfPage":{"@id":"https:\/\/www.bellunopress.it\/2019\/10\/21\/convivenza-uomo-lupo-a-livello-alpino-il-progetto-life-wolfalps-eu-partira-nellautunno-2019-e-durera-5-anni\/#primaryimage"},"image":{"@id":"https:\/\/www.bellunopress.it\/2019\/10\/21\/convivenza-uomo-lupo-a-livello-alpino-il-progetto-life-wolfalps-eu-partira-nellautunno-2019-e-durera-5-anni\/#primaryimage"},"thumbnailUrl":"http:\/\/www.bellunopress.it\/wp-content\/uploads\/2015\/01\/parco-nazionale-dolomiti-bellunesi.jpg","datePublished":"2019-10-21T12:35:54+00:00","dateModified":"2019-10-21T19:39:16+00:00","breadcrumb":{"@id":"https:\/\/www.bellunopress.it\/2019\/10\/21\/convivenza-uomo-lupo-a-livello-alpino-il-progetto-life-wolfalps-eu-partira-nellautunno-2019-e-durera-5-anni\/#breadcrumb"},"inLanguage":"fr-FR","potentialAction":[{"@type":"ReadAction","target":["https:\/\/www.bellunopress.it\/2019\/10\/21\/convivenza-uomo-lupo-a-livello-alpino-il-progetto-life-wolfalps-eu-partira-nellautunno-2019-e-durera-5-anni\/"]}]},{"@type":"ImageObject","inLanguage":"fr-FR","@id":"https:\/\/www.bellunopress.it\/2019\/10\/21\/convivenza-uomo-lupo-a-livello-alpino-il-progetto-life-wolfalps-eu-partira-nellautunno-2019-e-durera-5-anni\/#primaryimage","url":"http:\/\/www.bellunopress.it\/wp-content\/uploads\/2015\/01\/parco-nazionale-dolomiti-bellunesi.jpg","contentUrl":"http:\/\/www.bellunopress.it\/wp-content\/uploads\/2015\/01\/parco-nazionale-dolomiti-bellunesi.jpg"},{"@type":"BreadcrumbList","@id":"https:\/\/www.bellunopress.it\/2019\/10\/21\/convivenza-uomo-lupo-a-livello-alpino-il-progetto-life-wolfalps-eu-partira-nellautunno-2019-e-durera-5-anni\/#breadcrumb","itemListElement":[{"@type":"ListItem","position":1,"name":"Home","item":"https:\/\/www.bellunopress.it\/"},{"@type":"ListItem","position":2,"name":"Convivenza uomo-lupo a livello alpino.Il Progetto Life WolfAlps EU. Partir\u00e0 nell\u2019autunno 2019 e durer\u00e0 5 anni"}]},{"@type":"WebSite","@id":"https:\/\/www.bellunopress.it\/#website","url":"https:\/\/www.bellunopress.it\/","name":"Bellunopress - Dolomiti","description":"e-mail: redazione@bellunopress.it","publisher":{"@id":"https:\/\/www.bellunopress.it\/#organization"},"potentialAction":[{"@type":"SearchAction","target":{"@type":"EntryPoint","urlTemplate":"https:\/\/www.bellunopress.it\/?s={search_term_string}"},"query-input":{"@type":"PropertyValueSpecification","valueRequired":true,"valueName":"search_term_string"}}],"inLanguage":"fr-FR"},{"@type":"Organization","@id":"https:\/\/www.bellunopress.it\/#organization","name":"Bellunopress","url":"https:\/\/www.bellunopress.it\/","logo":{"@type":"ImageObject","inLanguage":"fr-FR","@id":"https:\/\/www.bellunopress.it\/#\/schema\/logo\/image\/","url":"https:\/\/www.bellunopress.it\/wp-content\/uploads\/2011\/05\/cropped-logo-bellunopress-.jpg","contentUrl":"https:\/\/www.bellunopress.it\/wp-content\/uploads\/2011\/05\/cropped-logo-bellunopress-.jpg","width":512,"height":512,"caption":"Bellunopress"},"image":{"@id":"https:\/\/www.bellunopress.it\/#\/schema\/logo\/image\/"},"sameAs":["https:\/\/www.facebook.com\/profile.php?id=100008943462799","https:\/\/x.com\/bellunopress","https:\/\/www.linkedin.com\/hp\/?dnr=JBzUWaJfMUw8vbXJJ2tVW5-I3jZKvC4wsoxE&amp;amp;amp;amp;amp;amp;trk=nav_responsive_tab_home","https:\/\/www.youtube.com\/channel\/UCxL0wu1uN0_3_7hGG0306cw"]},{"@type":"Person","@id":"https:\/\/www.bellunopress.it\/#\/schema\/person\/79bb06722b37ece1c03d3e94beb30d73","name":"r\u00e9daction","image":{"@type":"ImageObject","inLanguage":"fr-FR","@id":"https:\/\/secure.gravatar.com\/avatar\/37d968a2e67a6fd04c169c4bdef102d0bc5d31b2546345219e348575eb80e9a0?s=96&d=mm&r=g","url":"https:\/\/secure.gravatar.com\/avatar\/37d968a2e67a6fd04c169c4bdef102d0bc5d31b2546345219e348575eb80e9a0?s=96&d=mm&r=g","contentUrl":"https:\/\/secure.gravatar.com\/avatar\/37d968a2e67a6fd04c169c4bdef102d0bc5d31b2546345219e348575eb80e9a0?s=96&d=mm&r=g","caption":"redazione"},"sameAs":["http:\/\/www.bellunopress.it","https:\/\/x.com\/bellunopress"],"url":"https:\/\/www.bellunopress.it\/fr\/author\/redazione\/"}]}},"_links":{"self":[{"href":"https:\/\/www.bellunopress.it\/fr\/wp-json\/wp\/v2\/posts\/108955","targetHints":{"allow":["GET"]}}],"collection":[{"href":"https:\/\/www.bellunopress.it\/fr\/wp-json\/wp\/v2\/posts"}],"about":[{"href":"https:\/\/www.bellunopress.it\/fr\/wp-json\/wp\/v2\/types\/post"}],"author":[{"embeddable":true,"href":"https:\/\/www.bellunopress.it\/fr\/wp-json\/wp\/v2\/users\/2"}],"replies":[{"embeddable":true,"href":"https:\/\/www.bellunopress.it\/fr\/wp-json\/wp\/v2\/comments?post=108955"}],"version-history":[{"count":1,"href":"https:\/\/www.bellunopress.it\/fr\/wp-json\/wp\/v2\/posts\/108955\/revisions"}],"predecessor-version":[{"id":108956,"href":"https:\/\/www.bellunopress.it\/fr\/wp-json\/wp\/v2\/posts\/108955\/revisions\/108956"}],"wp:attachment":[{"href":"https:\/\/www.bellunopress.it\/fr\/wp-json\/wp\/v2\/media?parent=108955"}],"wp:term":[{"taxonomy":"category","embeddable":true,"href":"https:\/\/www.bellunopress.it\/fr\/wp-json\/wp\/v2\/categories?post=108955"},{"taxonomy":"post_tag","embeddable":true,"href":"https:\/\/www.bellunopress.it\/fr\/wp-json\/wp\/v2\/tags?post=108955"}],"curies":[{"name":"wp","href":"https:\/\/api.w.org\/{rel}","templated":true}]}}